{"id":1330,"date":"2022-03-23T09:48:44","date_gmt":"2022-03-23T12:48:44","guid":{"rendered":"https:\/\/redenoticiaz.com.br\/barretos-regiao\/sp\/2022\/03\/23\/sao-paulo-goleia-e-avanca-as-semifinais-do-paulistao"},"modified":"2022-03-23T09:50:50","modified_gmt":"2022-03-23T12:50:50","slug":"sao-paulo-goleia-e-avanca-as-semifinais-do-paulistao","status":"publish","type":"post","link":"https:\/\/redenoticiaz.com.br\/ribeiraopreto-regiao\/sp\/2022\/03\/23\/sao-paulo-goleia-e-avanca-as-semifinais-do-paulistao","title":{"rendered":"S\u00e3o Paulo goleia e avan\u00e7a \u00e0s semifinais do Paulist\u00e3o"},"content":{"rendered":"<p>O S\u00e3o Paulo venceu o S\u00e3o Bernardo, por 4&#215;1, na noite dessa ter\u00e7a-feira (22), no Morumbi, em partida v\u00e1lida pelas quartas de final do <a href=\"https:\/\/futebolpaulista.com.br\/\">Campeonato Paulista<\/a>. Com a vit\u00f3ria, o Tricolor carimbou vaga para as semifinais da competi\u00e7\u00e3o.<\/p>\n<p>Embora o placar el\u00e1stico, o jogo teve uma certa dose de sofrimento para o torcedor s\u00e3o-paulino. O S\u00e3o Paulo come\u00e7ou nervoso na partida, e o S\u00e3o Bernardo criou boas chances no in\u00edcio do jogo. Aos poucos o Tricolor foi equilibrando e come\u00e7ou a ter boas oportunidades.<\/p>\n<p>Uma, inclusive, incr\u00edvel com Nestor. Ap\u00f3s bobeada na sa\u00edda, com os p\u00e9s, do goleiro do S\u00e3o Bernardo, o ataque s\u00e3o-paulino recuperou a bola, que sobrou para o camisa 25, que invadiu a \u00e1rea e, mesmo sem goleiro, finalizou muito mal, mandando a bola para as arquibancadas do Morumbi.<\/p>\n<p>Aos 38 minutos, Luciano, teve outra boa chance de inaugurar o placar para o S\u00e3o Paulo. O atacante invadiu a \u00e1rea e mandou um chute venenoso para boa defesa de Alex Alves. A press\u00e3o Tricolor se mantinha e quase um gola\u00e7o sai no Morumbi, um minuto depois. Ap\u00f3s cruzamento, mais uma vez Luciano, desta vez de bicicleta, obrigou novamente o goleiro do Bern\u00f4 a fazer boa defesa.<\/p>\n<p>Se o primeiro tempo terminou sem gols, muito se deve ao goleiro Alex Alvez que, aos 42 minutos, fez outra boa defesa em chute forte de \u00c9der na entrada da grande \u00e1rea<\/p>\n<h3><strong>A goleada do S\u00e3o Paulo<\/strong><\/h3>\n<p>O segundo tempo come\u00e7ou e com ele o sofrimento do S\u00e3o Paulo. Logo aos sete minutos, Dav\u00f3 ganhou na dividia contra a zaga Tricolor, invadiu a \u00e1rea e chutou rasteiro na sa\u00edda de Jandrei, abrindo o marcador no Morumbi, quando eram jogados sete minutos da etapa final<\/p>\n<p>Por\u00e9m, o sofrimento n\u00e3o demorou muito. Doze minutos depois, Nestor tratou de igualar o placar. O meio campista recebeu passe dentro da pequena \u00e1rea e deu um toquinho para mandar a bola para o fundo das redes. A virada Tricolor tamb\u00e9m n\u00e3o tardou a sair. Aproveitando superioridade num\u00e9rica, ap\u00f3s a expuls\u00e3o de Paulinho, aos 21 minutos, o S\u00e3o Paulo passou a pressionar o advers\u00e1rio.<\/p>\n<p>Quando eram jogados 37 minutos, Pablo Maia mandou um pombo sem asa, marcando um verdadeiro gola\u00e7o no Morumbi. J\u00e1 os instantes finais de jogo foram de paz e tranquilidade para a torcida do S\u00e3o Paulo. Aos 42 minutos do segundo tempo, Marquinhos marcou o terceiro gol, de forma muito elegante, colocando a bola no \u00e2ngulo, sem chance para o goleiro.<\/p>\n<p>Por fim, j\u00e1 nos acr\u00e9scimos, aos 46 minutos, Calleri recebeu sozinho na grande \u00e1rea, e cara a cara com o goleiro, da forma que o goleador gosta. Um toque simples, por cima de Alex Alves sacramentou a goleada e a classifica\u00e7\u00e3o Tricolor.<\/p>\n<p><strong>LEIA TAMB\u00c9M<\/strong><\/p>\n<p><a href=\"https:\/\/redenoticiaz.com.br\/blog\/2022\/03\/22\/bernardinho-nao-e-mais-o-tecnico-da-selecao-francesa-de-volei\">Bernardinho nao \u00e9 mais o t\u00e9cnico da sele\u00e7\u00e3o francesa de v\u00f4lei<\/a><\/p>\n","protected":false},"excerpt":{"rendered":"<p>O S\u00e3o Paulo venceu o S\u00e3o Bernardo, por 4&#215;1, na noite dessa ter\u00e7a-feira (22), no Morumbi, em partida v\u00e1lida pelas quartas de final do Campeonato Paulista. Com a vit\u00f3ria, o Tricolor carimbou vaga para as semifinais da competi\u00e7\u00e3o. Embora o placar el\u00e1stico, o jogo teve uma certa dose de sofrimento para o torcedor s\u00e3o-paulino. O &hellip;<\/p>\n","protected":false},"author":15,"featured_media":1331,"comment_status":"open","ping_status":"closed","sticky":false,"template":"","format":"standard","meta":{"footnotes":""},"categories":[87],"tags":[377,5297,5298,157],"class_list":["post-1330","post","type-post","status-publish","format-standard","has-post-thumbnail","hentry","category-esporte","tag-campeonato-paulista","tag-paulistao2022","tag-quartasdefinal","tag-sao-paulo"],"yoast_head":"<!-- This site is optimized with the Yoast SEO plugin v27.4 - https:\/\/yoast.com\/product\/yoast-seo-wordpress\/ -->\n<title>S\u00e3o Paulo goleia e avan\u00e7a \u00e0s semifinais do Paulist\u00e3o - Ribeir\u00e3o Preto e Regi\u00e3o<\/title>\n<meta name=\"robots\" content=\"index, follow, max-snippet:-1, max-image-preview:large, max-video-preview:-1\" \/>\n<link rel=\"canonical\" href=\"https:\/\/redenoticiaz.com.br\/ribeiraopreto-regiao\/sp\/2022\/03\/23\/sao-paulo-goleia-e-avanca-as-semifinais-do-paulistao\" \/>\n<meta property=\"og:locale\" content=\"pt_BR\" \/>\n<meta property=\"og:type\" content=\"article\" \/>\n<meta property=\"og:title\" content=\"S\u00e3o Paulo goleia e avan\u00e7a \u00e0s semifinais do Paulist\u00e3o - Ribeir\u00e3o Preto e Regi\u00e3o\" \/>\n<meta property=\"og:description\" content=\"O S\u00e3o Paulo venceu o S\u00e3o Bernardo, por 4&#215;1, na noite dessa ter\u00e7a-feira (22), no Morumbi, em partida v\u00e1lida pelas quartas de final do Campeonato Paulista. Com a vit\u00f3ria, o Tricolor carimbou vaga para as semifinais da competi\u00e7\u00e3o. Embora o placar el\u00e1stico, o jogo teve uma certa dose de sofrimento para o torcedor s\u00e3o-paulino. O &hellip;\" \/>\n<meta property=\"og:url\" content=\"https:\/\/redenoticiaz.com.br\/ribeiraopreto-regiao\/sp\/2022\/03\/23\/sao-paulo-goleia-e-avanca-as-semifinais-do-paulistao\" \/>\n<meta property=\"og:site_name\" content=\"Ribeir\u00e3o Preto e Regi\u00e3o\" \/>\n<meta property=\"article:publisher\" content=\"https:\/\/m.facebook.com\/redenoticiaz.barretos\" \/>\n<meta property=\"article:published_time\" content=\"2022-03-23T12:48:44+00:00\" \/>\n<meta property=\"article:modified_time\" content=\"2022-03-23T12:50:50+00:00\" \/>\n<meta property=\"og:image\" content=\"https:\/\/redenoticiaz.com.br\/ribeiraopreto-regiao\/wp-content\/uploads\/sites\/4\/2022\/02\/logo.jpg\" \/>\n\t<meta property=\"og:image:width\" content=\"400\" \/>\n\t<meta property=\"og:image:height\" content=\"250\" \/>\n\t<meta property=\"og:image:type\" content=\"image\/jpeg\" \/>\n<meta name=\"twitter:card\" content=\"summary_large_image\" \/>\n<meta name=\"twitter:creator\" content=\"@RN_barretos\" \/>\n<meta name=\"twitter:site\" content=\"@RN_barretos\" \/>\n<meta name=\"twitter:label1\" content=\"Escrito por\" \/>\n\t<meta name=\"twitter:data1\" content=\"\" \/>\n\t<meta name=\"twitter:label2\" content=\"Est. tempo de leitura\" \/>\n\t<meta name=\"twitter:data2\" content=\"2 minutos\" \/>\n<script type=\"application\/ld+json\" class=\"yoast-schema-graph\">{\"@context\":\"https:\\\/\\\/schema.org\",\"@graph\":[{\"@type\":\"Article\",\"@id\":\"https:\\\/\\\/redenoticiaz.com.br\\\/ribeiraopreto-regiao\\\/sp\\\/2022\\\/03\\\/23\\\/sao-paulo-goleia-e-avanca-as-semifinais-do-paulistao#article\",\"isPartOf\":{\"@id\":\"https:\\\/\\\/redenoticiaz.com.br\\\/ribeiraopreto-regiao\\\/sp\\\/2022\\\/03\\\/23\\\/sao-paulo-goleia-e-avanca-as-semifinais-do-paulistao\"},\"author\":{\"name\":\"\",\"@id\":\"\"},\"headline\":\"S\u00e3o Paulo goleia e avan\u00e7a \u00e0s semifinais do Paulist\u00e3o\",\"datePublished\":\"2022-03-23T12:48:44+00:00\",\"dateModified\":\"2022-03-23T12:50:50+00:00\",\"mainEntityOfPage\":{\"@id\":\"https:\\\/\\\/redenoticiaz.com.br\\\/ribeiraopreto-regiao\\\/sp\\\/2022\\\/03\\\/23\\\/sao-paulo-goleia-e-avanca-as-semifinais-do-paulistao\"},\"wordCount\":509,\"commentCount\":0,\"publisher\":{\"@id\":\"https:\\\/\\\/redenoticiaz.com.br\\\/ribeiraopreto-regiao\\\/#organization\"},\"image\":{\"@id\":\"https:\\\/\\\/redenoticiaz.com.br\\\/ribeiraopreto-regiao\\\/sp\\\/2022\\\/03\\\/23\\\/sao-paulo-goleia-e-avanca-as-semifinais-do-paulistao#primaryimage\"},\"thumbnailUrl\":\"https:\\\/\\\/redenoticiaz.com.br\\\/ribeiraopreto-regiao\\\/wp-content\\\/uploads\\\/sites\\\/4\\\/2022\\\/03\\\/sem-titulo-52.jpg?v=1648039455\",\"keywords\":[\"CAMPEONATO PAULISTA\",\"Paulist\u00e3o2022\",\"QuartasDeFinal\",\"S\u00e3o Paulo\"],\"articleSection\":[\"Esporte\"],\"inLanguage\":\"pt-BR\",\"potentialAction\":[{\"@type\":\"CommentAction\",\"name\":\"Comment\",\"target\":[\"https:\\\/\\\/redenoticiaz.com.br\\\/ribeiraopreto-regiao\\\/sp\\\/2022\\\/03\\\/23\\\/sao-paulo-goleia-e-avanca-as-semifinais-do-paulistao#respond\"]}]},{\"@type\":\"WebPage\",\"@id\":\"https:\\\/\\\/redenoticiaz.com.br\\\/ribeiraopreto-regiao\\\/sp\\\/2022\\\/03\\\/23\\\/sao-paulo-goleia-e-avanca-as-semifinais-do-paulistao\",\"url\":\"https:\\\/\\\/redenoticiaz.com.br\\\/ribeiraopreto-regiao\\\/sp\\\/2022\\\/03\\\/23\\\/sao-paulo-goleia-e-avanca-as-semifinais-do-paulistao\",\"name\":\"S\u00e3o Paulo goleia e avan\u00e7a \u00e0s semifinais do Paulist\u00e3o - Ribeir\u00e3o Preto e Regi\u00e3o\",\"isPartOf\":{\"@id\":\"https:\\\/\\\/redenoticiaz.com.br\\\/ribeiraopreto-regiao\\\/#website\"},\"primaryImageOfPage\":{\"@id\":\"https:\\\/\\\/redenoticiaz.com.br\\\/ribeiraopreto-regiao\\\/sp\\\/2022\\\/03\\\/23\\\/sao-paulo-goleia-e-avanca-as-semifinais-do-paulistao#primaryimage\"},\"image\":{\"@id\":\"https:\\\/\\\/redenoticiaz.com.br\\\/ribeiraopreto-regiao\\\/sp\\\/2022\\\/03\\\/23\\\/sao-paulo-goleia-e-avanca-as-semifinais-do-paulistao#primaryimage\"},\"thumbnailUrl\":\"https:\\\/\\\/redenoticiaz.com.br\\\/ribeiraopreto-regiao\\\/wp-content\\\/uploads\\\/sites\\\/4\\\/2022\\\/03\\\/sem-titulo-52.jpg?v=1648039455\",\"datePublished\":\"2022-03-23T12:48:44+00:00\",\"dateModified\":\"2022-03-23T12:50:50+00:00\",\"inLanguage\":\"pt-BR\",\"potentialAction\":[{\"@type\":\"ReadAction\",\"target\":[\"https:\\\/\\\/redenoticiaz.com.br\\\/ribeiraopreto-regiao\\\/sp\\\/2022\\\/03\\\/23\\\/sao-paulo-goleia-e-avanca-as-semifinais-do-paulistao\"]}]},{\"@type\":\"ImageObject\",\"inLanguage\":\"pt-BR\",\"@id\":\"https:\\\/\\\/redenoticiaz.com.br\\\/ribeiraopreto-regiao\\\/sp\\\/2022\\\/03\\\/23\\\/sao-paulo-goleia-e-avanca-as-semifinais-do-paulistao#primaryimage\",\"url\":\"https:\\\/\\\/redenoticiaz.com.br\\\/ribeiraopreto-regiao\\\/wp-content\\\/uploads\\\/sites\\\/4\\\/2022\\\/03\\\/sem-titulo-52.jpg?v=1648039455\",\"contentUrl\":\"https:\\\/\\\/redenoticiaz.com.br\\\/ribeiraopreto-regiao\\\/wp-content\\\/uploads\\\/sites\\\/4\\\/2022\\\/03\\\/sem-titulo-52.jpg?v=1648039455\",\"width\":649,\"height\":364,\"caption\":\"S\u00e3o Paulo goleia S\u00e3o Bernardo e passa \u00e0s semifinais do Paulist\u00e3o 2022 (Foto: Marcos Ribolli)\"},{\"@type\":\"WebSite\",\"@id\":\"https:\\\/\\\/redenoticiaz.com.br\\\/ribeiraopreto-regiao\\\/#website\",\"url\":\"https:\\\/\\\/redenoticiaz.com.br\\\/ribeiraopreto-regiao\\\/\",\"name\":\"Ribeir\u00e3o Preto e Regi\u00e3o\",\"description\":\"Rede NoticiaZ - Ribeir\u00e3o Preto e regi\u00e3o\",\"publisher\":{\"@id\":\"https:\\\/\\\/redenoticiaz.com.br\\\/ribeiraopreto-regiao\\\/#organization\"},\"potentialAction\":[{\"@type\":\"SearchAction\",\"target\":{\"@type\":\"EntryPoint\",\"urlTemplate\":\"https:\\\/\\\/redenoticiaz.com.br\\\/ribeiraopreto-regiao\\\/?s={search_term_string}\"},\"query-input\":{\"@type\":\"PropertyValueSpecification\",\"valueRequired\":true,\"valueName\":\"search_term_string\"}}],\"inLanguage\":\"pt-BR\"},{\"@type\":\"Organization\",\"@id\":\"https:\\\/\\\/redenoticiaz.com.br\\\/ribeiraopreto-regiao\\\/#organization\",\"name\":\"Ribeir\u00e3o Preto e Regi\u00e3o\",\"url\":\"https:\\\/\\\/redenoticiaz.com.br\\\/ribeiraopreto-regiao\\\/\",\"logo\":{\"@type\":\"ImageObject\",\"inLanguage\":\"pt-BR\",\"@id\":\"https:\\\/\\\/redenoticiaz.com.br\\\/ribeiraopreto-regiao\\\/#\\\/schema\\\/logo\\\/image\\\/\",\"url\":\"https:\\\/\\\/redenoticiaz.com.br\\\/barretos-regiao\\\/wp-content\\\/uploads\\\/sites\\\/4\\\/2022\\\/02\\\/logo.jpg\",\"contentUrl\":\"https:\\\/\\\/redenoticiaz.com.br\\\/barretos-regiao\\\/wp-content\\\/uploads\\\/sites\\\/4\\\/2022\\\/02\\\/logo.jpg\",\"width\":400,\"height\":250,\"caption\":\"Ribeir\u00e3o Preto e Regi\u00e3o\"},\"image\":{\"@id\":\"https:\\\/\\\/redenoticiaz.com.br\\\/ribeiraopreto-regiao\\\/#\\\/schema\\\/logo\\\/image\\\/\"},\"sameAs\":[\"https:\\\/\\\/m.facebook.com\\\/redenoticiaz.barretos\",\"https:\\\/\\\/x.com\\\/RN_barretos\",\"https:\\\/\\\/www.instagram.com\\\/redenoticiaz.barretos\\\/?igshid=YmMyMTA2M2Y\",\"https:\\\/\\\/www.linkedin.com\\\/company\\\/rede-noticiaz-barretos-e-regio\\\/\"]},{\"@type\":\"Person\",\"@id\":\"\",\"url\":\"https:\\\/\\\/redenoticiaz.com.br\\\/ribeiraopreto-regiao\\\/sp\\\/author\"}]}<\/script>\n<!-- \/ Yoast SEO plugin. -->","yoast_head_json":{"title":"S\u00e3o Paulo goleia e avan\u00e7a \u00e0s semifinais do Paulist\u00e3o - Ribeir\u00e3o Preto e Regi\u00e3o","robots":{"index":"index","follow":"follow","max-snippet":"max-snippet:-1","max-image-preview":"max-image-preview:large","max-video-preview":"max-video-preview:-1"},"canonical":"https:\/\/redenoticiaz.com.br\/ribeiraopreto-regiao\/sp\/2022\/03\/23\/sao-paulo-goleia-e-avanca-as-semifinais-do-paulistao","og_locale":"pt_BR","og_type":"article","og_title":"S\u00e3o Paulo goleia e avan\u00e7a \u00e0s semifinais do Paulist\u00e3o - Ribeir\u00e3o Preto e Regi\u00e3o","og_description":"O S\u00e3o Paulo venceu o S\u00e3o Bernardo, por 4&#215;1, na noite dessa ter\u00e7a-feira (22), no Morumbi, em partida v\u00e1lida pelas quartas de final do Campeonato Paulista. Com a vit\u00f3ria, o Tricolor carimbou vaga para as semifinais da competi\u00e7\u00e3o. Embora o placar el\u00e1stico, o jogo teve uma certa dose de sofrimento para o torcedor s\u00e3o-paulino. O &hellip;","og_url":"https:\/\/redenoticiaz.com.br\/ribeiraopreto-regiao\/sp\/2022\/03\/23\/sao-paulo-goleia-e-avanca-as-semifinais-do-paulistao","og_site_name":"Ribeir\u00e3o Preto e Regi\u00e3o","article_publisher":"https:\/\/m.facebook.com\/redenoticiaz.barretos","article_published_time":"2022-03-23T12:48:44+00:00","article_modified_time":"2022-03-23T12:50:50+00:00","og_image":[{"width":400,"height":250,"url":"https:\/\/redenoticiaz.com.br\/ribeiraopreto-regiao\/wp-content\/uploads\/sites\/4\/2022\/02\/logo.jpg","type":"image\/jpeg"}],"twitter_card":"summary_large_image","twitter_creator":"@RN_barretos","twitter_site":"@RN_barretos","twitter_misc":{"Escrito por":"","Est. tempo de leitura":"2 minutos"},"schema":{"@context":"https:\/\/schema.org","@graph":[{"@type":"Article","@id":"https:\/\/redenoticiaz.com.br\/ribeiraopreto-regiao\/sp\/2022\/03\/23\/sao-paulo-goleia-e-avanca-as-semifinais-do-paulistao#article","isPartOf":{"@id":"https:\/\/redenoticiaz.com.br\/ribeiraopreto-regiao\/sp\/2022\/03\/23\/sao-paulo-goleia-e-avanca-as-semifinais-do-paulistao"},"author":{"name":"","@id":""},"headline":"S\u00e3o Paulo goleia e avan\u00e7a \u00e0s semifinais do Paulist\u00e3o","datePublished":"2022-03-23T12:48:44+00:00","dateModified":"2022-03-23T12:50:50+00:00","mainEntityOfPage":{"@id":"https:\/\/redenoticiaz.com.br\/ribeiraopreto-regiao\/sp\/2022\/03\/23\/sao-paulo-goleia-e-avanca-as-semifinais-do-paulistao"},"wordCount":509,"commentCount":0,"publisher":{"@id":"https:\/\/redenoticiaz.com.br\/ribeiraopreto-regiao\/#organization"},"image":{"@id":"https:\/\/redenoticiaz.com.br\/ribeiraopreto-regiao\/sp\/2022\/03\/23\/sao-paulo-goleia-e-avanca-as-semifinais-do-paulistao#primaryimage"},"thumbnailUrl":"https:\/\/redenoticiaz.com.br\/ribeiraopreto-regiao\/wp-content\/uploads\/sites\/4\/2022\/03\/sem-titulo-52.jpg?v=1648039455","keywords":["CAMPEONATO PAULISTA","Paulist\u00e3o2022","QuartasDeFinal","S\u00e3o Paulo"],"articleSection":["Esporte"],"inLanguage":"pt-BR","potentialAction":[{"@type":"CommentAction","name":"Comment","target":["https:\/\/redenoticiaz.com.br\/ribeiraopreto-regiao\/sp\/2022\/03\/23\/sao-paulo-goleia-e-avanca-as-semifinais-do-paulistao#respond"]}]},{"@type":"WebPage","@id":"https:\/\/redenoticiaz.com.br\/ribeiraopreto-regiao\/sp\/2022\/03\/23\/sao-paulo-goleia-e-avanca-as-semifinais-do-paulistao","url":"https:\/\/redenoticiaz.com.br\/ribeiraopreto-regiao\/sp\/2022\/03\/23\/sao-paulo-goleia-e-avanca-as-semifinais-do-paulistao","name":"S\u00e3o Paulo goleia e avan\u00e7a \u00e0s semifinais do Paulist\u00e3o - Ribeir\u00e3o Preto e Regi\u00e3o","isPartOf":{"@id":"https:\/\/redenoticiaz.com.br\/ribeiraopreto-regiao\/#website"},"primaryImageOfPage":{"@id":"https:\/\/redenoticiaz.com.br\/ribeiraopreto-regiao\/sp\/2022\/03\/23\/sao-paulo-goleia-e-avanca-as-semifinais-do-paulistao#primaryimage"},"image":{"@id":"https:\/\/redenoticiaz.com.br\/ribeiraopreto-regiao\/sp\/2022\/03\/23\/sao-paulo-goleia-e-avanca-as-semifinais-do-paulistao#primaryimage"},"thumbnailUrl":"https:\/\/redenoticiaz.com.br\/ribeiraopreto-regiao\/wp-content\/uploads\/sites\/4\/2022\/03\/sem-titulo-52.jpg?v=1648039455","datePublished":"2022-03-23T12:48:44+00:00","dateModified":"2022-03-23T12:50:50+00:00","inLanguage":"pt-BR","potentialAction":[{"@type":"ReadAction","target":["https:\/\/redenoticiaz.com.br\/ribeiraopreto-regiao\/sp\/2022\/03\/23\/sao-paulo-goleia-e-avanca-as-semifinais-do-paulistao"]}]},{"@type":"ImageObject","inLanguage":"pt-BR","@id":"https:\/\/redenoticiaz.com.br\/ribeiraopreto-regiao\/sp\/2022\/03\/23\/sao-paulo-goleia-e-avanca-as-semifinais-do-paulistao#primaryimage","url":"https:\/\/redenoticiaz.com.br\/ribeiraopreto-regiao\/wp-content\/uploads\/sites\/4\/2022\/03\/sem-titulo-52.jpg?v=1648039455","contentUrl":"https:\/\/redenoticiaz.com.br\/ribeiraopreto-regiao\/wp-content\/uploads\/sites\/4\/2022\/03\/sem-titulo-52.jpg?v=1648039455","width":649,"height":364,"caption":"S\u00e3o Paulo goleia S\u00e3o Bernardo e passa \u00e0s semifinais do Paulist\u00e3o 2022 (Foto: Marcos Ribolli)"},{"@type":"WebSite","@id":"https:\/\/redenoticiaz.com.br\/ribeiraopreto-regiao\/#website","url":"https:\/\/redenoticiaz.com.br\/ribeiraopreto-regiao\/","name":"Ribeir\u00e3o Preto e Regi\u00e3o","description":"Rede NoticiaZ - Ribeir\u00e3o Preto e regi\u00e3o","publisher":{"@id":"https:\/\/redenoticiaz.com.br\/ribeiraopreto-regiao\/#organization"},"potentialAction":[{"@type":"SearchAction","target":{"@type":"EntryPoint","urlTemplate":"https:\/\/redenoticiaz.com.br\/ribeiraopreto-regiao\/?s={search_term_string}"},"query-input":{"@type":"PropertyValueSpecification","valueRequired":true,"valueName":"search_term_string"}}],"inLanguage":"pt-BR"},{"@type":"Organization","@id":"https:\/\/redenoticiaz.com.br\/ribeiraopreto-regiao\/#organization","name":"Ribeir\u00e3o Preto e Regi\u00e3o","url":"https:\/\/redenoticiaz.com.br\/ribeiraopreto-regiao\/","logo":{"@type":"ImageObject","inLanguage":"pt-BR","@id":"https:\/\/redenoticiaz.com.br\/ribeiraopreto-regiao\/#\/schema\/logo\/image\/","url":"https:\/\/redenoticiaz.com.br\/barretos-regiao\/wp-content\/uploads\/sites\/4\/2022\/02\/logo.jpg","contentUrl":"https:\/\/redenoticiaz.com.br\/barretos-regiao\/wp-content\/uploads\/sites\/4\/2022\/02\/logo.jpg","width":400,"height":250,"caption":"Ribeir\u00e3o Preto e Regi\u00e3o"},"image":{"@id":"https:\/\/redenoticiaz.com.br\/ribeiraopreto-regiao\/#\/schema\/logo\/image\/"},"sameAs":["https:\/\/m.facebook.com\/redenoticiaz.barretos","https:\/\/x.com\/RN_barretos","https:\/\/www.instagram.com\/redenoticiaz.barretos\/?igshid=YmMyMTA2M2Y","https:\/\/www.linkedin.com\/company\/rede-noticiaz-barretos-e-regio\/"]},{"@type":"Person","@id":"","url":"https:\/\/redenoticiaz.com.br\/ribeiraopreto-regiao\/sp\/author"}]}},"_links":{"self":[{"href":"https:\/\/redenoticiaz.com.br\/ribeiraopreto-regiao\/wp-json\/wp\/v2\/posts\/1330","targetHints":{"allow":["GET"]}}],"collection":[{"href":"https:\/\/redenoticiaz.com.br\/ribeiraopreto-regiao\/wp-json\/wp\/v2\/posts"}],"about":[{"href":"https:\/\/redenoticiaz.com.br\/ribeiraopreto-regiao\/wp-json\/wp\/v2\/types\/post"}],"author":[{"embeddable":true,"href":"https:\/\/redenoticiaz.com.br\/ribeiraopreto-regiao\/wp-json\/wp\/v2\/users\/15"}],"replies":[{"embeddable":true,"href":"https:\/\/redenoticiaz.com.br\/ribeiraopreto-regiao\/wp-json\/wp\/v2\/comments?post=1330"}],"version-history":[{"count":0,"href":"https:\/\/redenoticiaz.com.br\/ribeiraopreto-regiao\/wp-json\/wp\/v2\/posts\/1330\/revisions"}],"wp:featuredmedia":[{"embeddable":true,"href":"https:\/\/redenoticiaz.com.br\/ribeiraopreto-regiao\/wp-json\/wp\/v2\/media\/1331"}],"wp:attachment":[{"href":"https:\/\/redenoticiaz.com.br\/ribeiraopreto-regiao\/wp-json\/wp\/v2\/media?parent=1330"}],"wp:term":[{"taxonomy":"category","embeddable":true,"href":"https:\/\/redenoticiaz.com.br\/ribeiraopreto-regiao\/wp-json\/wp\/v2\/categories?post=1330"},{"taxonomy":"post_tag","embeddable":true,"href":"https:\/\/redenoticiaz.com.br\/ribeiraopreto-regiao\/wp-json\/wp\/v2\/tags?post=1330"}],"curies":[{"name":"wp","href":"https:\/\/api.w.org\/{rel}","templated":true}]}}