{"id":1481,"date":"2022-03-25T14:54:16","date_gmt":"2022-03-25T17:54:16","guid":{"rendered":"https:\/\/redenoticiaz.com.br\/barretos-regiao\/?p=1481"},"modified":"2022-03-25T18:45:33","modified_gmt":"2022-03-25T21:45:33","slug":"fios-e-cabos-de-cobre-furtados-em-guaraci","status":"publish","type":"post","link":"https:\/\/redenoticiaz.com.br\/ribeiraopreto-regiao\/sp\/2022\/03\/25\/fios-e-cabos-de-cobre-furtados-em-guaraci","title":{"rendered":"Fios e cabos de cobre furtados em Guaraci"},"content":{"rendered":"<p>A princ\u00edpio, a Opera\u00e7\u00e3o Cobre\u00a0realizada nesta semana em\u00a0Guaraci, visando combater o furto de cabos de cobre\u00a0 na regi\u00e3o, os\u00a0policiais, Civis e Militares percorreram\u00a0v\u00e1rios pontos e locais da cidade\u00a0a procura de\u00a0material e suspeitos.<\/p>\n<p>Logo depois, de receber v\u00e1rias den\u00fancias sobre propriet\u00e1rios das empresas de Ferro Velho no munic\u00edpio estariam comprando fios de cobre, que seriam frutos de roubos. Assim, as equipes da PM, junto a Pol\u00edcia Civil, averiguaram os locais indicados.<\/p>\n<p>No entanto, em uma das empresas averiguadas, os policiais localizaram e apreenderam cerca de 80 kg de cobre suspeito. Nesse sentido, em outro local mais um lote de 20 kg, tamb\u00e9m foi aprendido. Contudo, durante a fiscaliza\u00e7\u00e3o foram solicitados o alvar\u00e1 de funcionamento do local. Porem, nenhum apresentou a documenta\u00e7\u00e3o que autorizava a funcionarem legalmente.<\/p>\n<p>Todos os objetos averiguados, por fim, foram apreendidos e apresentados na delegacia de Guaraci.<\/p>\n<p>LEIA TAMB\u00c9M:\u00a0<a href=\"https:\/\/redenoticiaz.com.br\/barretos-regiao\/sp\/2022\/03\/09\/tentativa-de-furto-em-cras-ii-no-bairro-de-clementina\">Tentativa de furto em CRAS II no Bairro de Clementina<\/a><\/p>\n","protected":false},"excerpt":{"rendered":"<p>A princ\u00edpio, a Opera\u00e7\u00e3o Cobre\u00a0realizada nesta semana em\u00a0Guaraci, visando combater o furto de cabos de cobre\u00a0 na regi\u00e3o, os\u00a0policiais, Civis e Militares percorreram\u00a0v\u00e1rios pontos e locais da cidade\u00a0a procura de\u00a0material e suspeitos. Logo depois, de receber v\u00e1rias den\u00fancias sobre propriet\u00e1rios das empresas de Ferro Velho no munic\u00edpio estariam comprando fios de cobre, que seriam frutos &hellip;<\/p>\n","protected":false},"author":15,"featured_media":1528,"comment_status":"open","ping_status":"closed","sticky":false,"template":"","format":"standard","meta":{"footnotes":""},"categories":[88],"tags":[6012,6011,674],"class_list":["post-1481","post","type-post","status-publish","format-standard","has-post-thumbnail","hentry","category-policia","tag-ferro-velho","tag-fios-de-cobre","tag-policia-militar"],"yoast_head":"<!-- This site is optimized with the Yoast SEO plugin v28.3 - https:\/\/yoast.com\/product\/yoast-seo-wordpress\/ -->\n<title>Fios e cabos de cobre furtados em Guaraci - Ribeir\u00e3o Preto e Regi\u00e3o<\/title>\n<meta name=\"description\" content=\"Opera\u00e7\u00e3o Cobre\u00a0realizada nesta semana em\u00a0Guaraci, visando combater o furto de cabos de cobre\u00a0 na regi\u00e3o, equipe de policiais, Civis e Militares.\" \/>\n<meta name=\"robots\" content=\"index, follow, max-snippet:-1, max-image-preview:large, max-video-preview:-1\" \/>\n<link rel=\"canonical\" href=\"https:\/\/redenoticiaz.com.br\/ribeiraopreto-regiao\/sp\/2022\/03\/25\/fios-e-cabos-de-cobre-furtados-em-guaraci\" \/>\n<meta property=\"og:locale\" content=\"pt_BR\" \/>\n<meta property=\"og:type\" content=\"article\" \/>\n<meta property=\"og:title\" content=\"Fios e cabos de cobre furtados em Guaraci - Ribeir\u00e3o Preto e Regi\u00e3o\" \/>\n<meta property=\"og:description\" content=\"Opera\u00e7\u00e3o Cobre\u00a0realizada nesta semana em\u00a0Guaraci, visando combater o furto de cabos de cobre\u00a0 na regi\u00e3o, equipe de policiais, Civis e Militares.\" \/>\n<meta property=\"og:url\" content=\"https:\/\/redenoticiaz.com.br\/ribeiraopreto-regiao\/sp\/2022\/03\/25\/fios-e-cabos-de-cobre-furtados-em-guaraci\" \/>\n<meta property=\"og:site_name\" content=\"Ribeir\u00e3o Preto e Regi\u00e3o\" \/>\n<meta property=\"article:publisher\" content=\"https:\/\/m.facebook.com\/redenoticiaz.barretos\" \/>\n<meta property=\"article:published_time\" content=\"2022-03-25T17:54:16+00:00\" \/>\n<meta property=\"article:modified_time\" content=\"2022-03-25T21:45:33+00:00\" \/>\n<meta property=\"og:image\" content=\"https:\/\/redenoticiaz.com.br\/ribeiraopreto-regiao\/wp-content\/uploads\/sites\/4\/2022\/03\/thumbgaleria2-1.jpg\" \/>\n\t<meta property=\"og:image:width\" content=\"600\" \/>\n\t<meta property=\"og:image:height\" content=\"326\" \/>\n\t<meta property=\"og:image:type\" content=\"image\/jpeg\" \/>\n<meta name=\"twitter:card\" content=\"summary_large_image\" \/>\n<meta name=\"twitter:creator\" content=\"@RN_barretos\" \/>\n<meta name=\"twitter:site\" content=\"@RN_barretos\" \/>\n<meta name=\"twitter:label1\" content=\"Escrito por\" \/>\n\t<meta name=\"twitter:data1\" content=\"\" \/>\n\t<meta name=\"twitter:label2\" content=\"Est. tempo de leitura\" \/>\n\t<meta name=\"twitter:data2\" content=\"1 minuto\" \/>\n<script type=\"application\/ld+json\" class=\"yoast-schema-graph\">{\"@context\":\"https:\\\/\\\/schema.org\",\"@graph\":[{\"@type\":\"Article\",\"@id\":\"https:\\\/\\\/redenoticiaz.com.br\\\/ribeiraopreto-regiao\\\/sp\\\/2022\\\/03\\\/25\\\/fios-e-cabos-de-cobre-furtados-em-guaraci#article\",\"isPartOf\":{\"@id\":\"https:\\\/\\\/redenoticiaz.com.br\\\/ribeiraopreto-regiao\\\/sp\\\/2022\\\/03\\\/25\\\/fios-e-cabos-de-cobre-furtados-em-guaraci\"},\"author\":{\"name\":\"\",\"@id\":\"\"},\"headline\":\"Fios e cabos de cobre furtados em Guaraci\",\"datePublished\":\"2022-03-25T17:54:16+00:00\",\"dateModified\":\"2022-03-25T21:45:33+00:00\",\"mainEntityOfPage\":{\"@id\":\"https:\\\/\\\/redenoticiaz.com.br\\\/ribeiraopreto-regiao\\\/sp\\\/2022\\\/03\\\/25\\\/fios-e-cabos-de-cobre-furtados-em-guaraci\"},\"wordCount\":176,\"commentCount\":0,\"publisher\":{\"@id\":\"https:\\\/\\\/redenoticiaz.com.br\\\/ribeiraopreto-regiao\\\/#organization\"},\"image\":{\"@id\":\"https:\\\/\\\/redenoticiaz.com.br\\\/ribeiraopreto-regiao\\\/sp\\\/2022\\\/03\\\/25\\\/fios-e-cabos-de-cobre-furtados-em-guaraci#primaryimage\"},\"thumbnailUrl\":\"https:\\\/\\\/redenoticiaz.com.br\\\/ribeiraopreto-regiao\\\/wp-content\\\/uploads\\\/sites\\\/4\\\/2022\\\/03\\\/thumbgaleria2-1.jpg\",\"keywords\":[\"FERRO VELHO\",\"FIOS DE COBRE\",\"policia militar\"],\"articleSection\":[\"Pol\u00edcia\"],\"inLanguage\":\"pt-BR\",\"potentialAction\":[{\"@type\":\"CommentAction\",\"name\":\"Comment\",\"target\":[\"https:\\\/\\\/redenoticiaz.com.br\\\/ribeiraopreto-regiao\\\/sp\\\/2022\\\/03\\\/25\\\/fios-e-cabos-de-cobre-furtados-em-guaraci#respond\"]}]},{\"@type\":\"WebPage\",\"@id\":\"https:\\\/\\\/redenoticiaz.com.br\\\/ribeiraopreto-regiao\\\/sp\\\/2022\\\/03\\\/25\\\/fios-e-cabos-de-cobre-furtados-em-guaraci\",\"url\":\"https:\\\/\\\/redenoticiaz.com.br\\\/ribeiraopreto-regiao\\\/sp\\\/2022\\\/03\\\/25\\\/fios-e-cabos-de-cobre-furtados-em-guaraci\",\"name\":\"Fios e cabos de cobre furtados em Guaraci - Ribeir\u00e3o Preto e Regi\u00e3o\",\"isPartOf\":{\"@id\":\"https:\\\/\\\/redenoticiaz.com.br\\\/ribeiraopreto-regiao\\\/#website\"},\"primaryImageOfPage\":{\"@id\":\"https:\\\/\\\/redenoticiaz.com.br\\\/ribeiraopreto-regiao\\\/sp\\\/2022\\\/03\\\/25\\\/fios-e-cabos-de-cobre-furtados-em-guaraci#primaryimage\"},\"image\":{\"@id\":\"https:\\\/\\\/redenoticiaz.com.br\\\/ribeiraopreto-regiao\\\/sp\\\/2022\\\/03\\\/25\\\/fios-e-cabos-de-cobre-furtados-em-guaraci#primaryimage\"},\"thumbnailUrl\":\"https:\\\/\\\/redenoticiaz.com.br\\\/ribeiraopreto-regiao\\\/wp-content\\\/uploads\\\/sites\\\/4\\\/2022\\\/03\\\/thumbgaleria2-1.jpg\",\"datePublished\":\"2022-03-25T17:54:16+00:00\",\"dateModified\":\"2022-03-25T21:45:33+00:00\",\"description\":\"Opera\u00e7\u00e3o Cobre\u00a0realizada nesta semana em\u00a0Guaraci, visando combater o furto de cabos de cobre\u00a0 na regi\u00e3o, equipe de policiais, Civis e Militares.\",\"inLanguage\":\"pt-BR\",\"potentialAction\":[{\"@type\":\"ReadAction\",\"target\":[\"https:\\\/\\\/redenoticiaz.com.br\\\/ribeiraopreto-regiao\\\/sp\\\/2022\\\/03\\\/25\\\/fios-e-cabos-de-cobre-furtados-em-guaraci\"]}]},{\"@type\":\"ImageObject\",\"inLanguage\":\"pt-BR\",\"@id\":\"https:\\\/\\\/redenoticiaz.com.br\\\/ribeiraopreto-regiao\\\/sp\\\/2022\\\/03\\\/25\\\/fios-e-cabos-de-cobre-furtados-em-guaraci#primaryimage\",\"url\":\"https:\\\/\\\/redenoticiaz.com.br\\\/ribeiraopreto-regiao\\\/wp-content\\\/uploads\\\/sites\\\/4\\\/2022\\\/03\\\/thumbgaleria2-1.jpg\",\"contentUrl\":\"https:\\\/\\\/redenoticiaz.com.br\\\/ribeiraopreto-regiao\\\/wp-content\\\/uploads\\\/sites\\\/4\\\/2022\\\/03\\\/thumbgaleria2-1.jpg\",\"width\":600,\"height\":326,\"caption\":\"Cabos de cobre furtados. Foto: 24hOl\u00edmpia\"},{\"@type\":\"WebSite\",\"@id\":\"https:\\\/\\\/redenoticiaz.com.br\\\/ribeiraopreto-regiao\\\/#website\",\"url\":\"https:\\\/\\\/redenoticiaz.com.br\\\/ribeiraopreto-regiao\\\/\",\"name\":\"Ribeir\u00e3o Preto e Regi\u00e3o\",\"description\":\"Rede NoticiaZ - Ribeir\u00e3o Preto e regi\u00e3o\",\"publisher\":{\"@id\":\"https:\\\/\\\/redenoticiaz.com.br\\\/ribeiraopreto-regiao\\\/#organization\"},\"potentialAction\":[{\"@type\":\"SearchAction\",\"target\":{\"@type\":\"EntryPoint\",\"urlTemplate\":\"https:\\\/\\\/redenoticiaz.com.br\\\/ribeiraopreto-regiao\\\/?s={search_term_string}\"},\"query-input\":{\"@type\":\"PropertyValueSpecification\",\"valueRequired\":true,\"valueName\":\"search_term_string\"}}],\"inLanguage\":\"pt-BR\"},{\"@type\":\"Organization\",\"@id\":\"https:\\\/\\\/redenoticiaz.com.br\\\/ribeiraopreto-regiao\\\/#organization\",\"name\":\"Ribeir\u00e3o Preto e Regi\u00e3o\",\"url\":\"https:\\\/\\\/redenoticiaz.com.br\\\/ribeiraopreto-regiao\\\/\",\"logo\":{\"@type\":\"ImageObject\",\"inLanguage\":\"pt-BR\",\"@id\":\"https:\\\/\\\/redenoticiaz.com.br\\\/ribeiraopreto-regiao\\\/#\\\/schema\\\/logo\\\/image\\\/\",\"url\":\"https:\\\/\\\/redenoticiaz.com.br\\\/barretos-regiao\\\/wp-content\\\/uploads\\\/sites\\\/4\\\/2022\\\/02\\\/logo.jpg\",\"contentUrl\":\"https:\\\/\\\/redenoticiaz.com.br\\\/barretos-regiao\\\/wp-content\\\/uploads\\\/sites\\\/4\\\/2022\\\/02\\\/logo.jpg\",\"width\":400,\"height\":250,\"caption\":\"Ribeir\u00e3o Preto e Regi\u00e3o\"},\"image\":{\"@id\":\"https:\\\/\\\/redenoticiaz.com.br\\\/ribeiraopreto-regiao\\\/#\\\/schema\\\/logo\\\/image\\\/\"},\"sameAs\":[\"https:\\\/\\\/m.facebook.com\\\/redenoticiaz.barretos\",\"https:\\\/\\\/x.com\\\/RN_barretos\",\"https:\\\/\\\/www.instagram.com\\\/redenoticiaz.barretos\\\/?igshid=YmMyMTA2M2Y\",\"https:\\\/\\\/www.linkedin.com\\\/company\\\/rede-noticiaz-barretos-e-regio\\\/\"]},{\"@type\":\"Person\",\"@id\":\"\",\"url\":\"https:\\\/\\\/redenoticiaz.com.br\\\/ribeiraopreto-regiao\\\/sp\\\/author\"}]}<\/script>\n<!-- \/ Yoast SEO plugin. -->","yoast_head_json":{"title":"Fios e cabos de cobre furtados em Guaraci - Ribeir\u00e3o Preto e Regi\u00e3o","description":"Opera\u00e7\u00e3o Cobre\u00a0realizada nesta semana em\u00a0Guaraci, visando combater o furto de cabos de cobre\u00a0 na regi\u00e3o, equipe de policiais, Civis e Militares.","robots":{"index":"index","follow":"follow","max-snippet":"max-snippet:-1","max-image-preview":"max-image-preview:large","max-video-preview":"max-video-preview:-1"},"canonical":"https:\/\/redenoticiaz.com.br\/ribeiraopreto-regiao\/sp\/2022\/03\/25\/fios-e-cabos-de-cobre-furtados-em-guaraci","og_locale":"pt_BR","og_type":"article","og_title":"Fios e cabos de cobre furtados em Guaraci - Ribeir\u00e3o Preto e Regi\u00e3o","og_description":"Opera\u00e7\u00e3o Cobre\u00a0realizada nesta semana em\u00a0Guaraci, visando combater o furto de cabos de cobre\u00a0 na regi\u00e3o, equipe de policiais, Civis e Militares.","og_url":"https:\/\/redenoticiaz.com.br\/ribeiraopreto-regiao\/sp\/2022\/03\/25\/fios-e-cabos-de-cobre-furtados-em-guaraci","og_site_name":"Ribeir\u00e3o Preto e Regi\u00e3o","article_publisher":"https:\/\/m.facebook.com\/redenoticiaz.barretos","article_published_time":"2022-03-25T17:54:16+00:00","article_modified_time":"2022-03-25T21:45:33+00:00","og_image":[{"width":600,"height":326,"url":"https:\/\/redenoticiaz.com.br\/ribeiraopreto-regiao\/wp-content\/uploads\/sites\/4\/2022\/03\/thumbgaleria2-1.jpg","type":"image\/jpeg"}],"twitter_card":"summary_large_image","twitter_creator":"@RN_barretos","twitter_site":"@RN_barretos","twitter_misc":{"Escrito por":"","Est. tempo de leitura":"1 minuto"},"schema":{"@context":"https:\/\/schema.org","@graph":[{"@type":"Article","@id":"https:\/\/redenoticiaz.com.br\/ribeiraopreto-regiao\/sp\/2022\/03\/25\/fios-e-cabos-de-cobre-furtados-em-guaraci#article","isPartOf":{"@id":"https:\/\/redenoticiaz.com.br\/ribeiraopreto-regiao\/sp\/2022\/03\/25\/fios-e-cabos-de-cobre-furtados-em-guaraci"},"author":{"name":"","@id":""},"headline":"Fios e cabos de cobre furtados em Guaraci","datePublished":"2022-03-25T17:54:16+00:00","dateModified":"2022-03-25T21:45:33+00:00","mainEntityOfPage":{"@id":"https:\/\/redenoticiaz.com.br\/ribeiraopreto-regiao\/sp\/2022\/03\/25\/fios-e-cabos-de-cobre-furtados-em-guaraci"},"wordCount":176,"commentCount":0,"publisher":{"@id":"https:\/\/redenoticiaz.com.br\/ribeiraopreto-regiao\/#organization"},"image":{"@id":"https:\/\/redenoticiaz.com.br\/ribeiraopreto-regiao\/sp\/2022\/03\/25\/fios-e-cabos-de-cobre-furtados-em-guaraci#primaryimage"},"thumbnailUrl":"https:\/\/redenoticiaz.com.br\/ribeiraopreto-regiao\/wp-content\/uploads\/sites\/4\/2022\/03\/thumbgaleria2-1.jpg","keywords":["FERRO VELHO","FIOS DE COBRE","policia militar"],"articleSection":["Pol\u00edcia"],"inLanguage":"pt-BR","potentialAction":[{"@type":"CommentAction","name":"Comment","target":["https:\/\/redenoticiaz.com.br\/ribeiraopreto-regiao\/sp\/2022\/03\/25\/fios-e-cabos-de-cobre-furtados-em-guaraci#respond"]}]},{"@type":"WebPage","@id":"https:\/\/redenoticiaz.com.br\/ribeiraopreto-regiao\/sp\/2022\/03\/25\/fios-e-cabos-de-cobre-furtados-em-guaraci","url":"https:\/\/redenoticiaz.com.br\/ribeiraopreto-regiao\/sp\/2022\/03\/25\/fios-e-cabos-de-cobre-furtados-em-guaraci","name":"Fios e cabos de cobre furtados em Guaraci - Ribeir\u00e3o Preto e Regi\u00e3o","isPartOf":{"@id":"https:\/\/redenoticiaz.com.br\/ribeiraopreto-regiao\/#website"},"primaryImageOfPage":{"@id":"https:\/\/redenoticiaz.com.br\/ribeiraopreto-regiao\/sp\/2022\/03\/25\/fios-e-cabos-de-cobre-furtados-em-guaraci#primaryimage"},"image":{"@id":"https:\/\/redenoticiaz.com.br\/ribeiraopreto-regiao\/sp\/2022\/03\/25\/fios-e-cabos-de-cobre-furtados-em-guaraci#primaryimage"},"thumbnailUrl":"https:\/\/redenoticiaz.com.br\/ribeiraopreto-regiao\/wp-content\/uploads\/sites\/4\/2022\/03\/thumbgaleria2-1.jpg","datePublished":"2022-03-25T17:54:16+00:00","dateModified":"2022-03-25T21:45:33+00:00","description":"Opera\u00e7\u00e3o Cobre\u00a0realizada nesta semana em\u00a0Guaraci, visando combater o furto de cabos de cobre\u00a0 na regi\u00e3o, equipe de policiais, Civis e Militares.","inLanguage":"pt-BR","potentialAction":[{"@type":"ReadAction","target":["https:\/\/redenoticiaz.com.br\/ribeiraopreto-regiao\/sp\/2022\/03\/25\/fios-e-cabos-de-cobre-furtados-em-guaraci"]}]},{"@type":"ImageObject","inLanguage":"pt-BR","@id":"https:\/\/redenoticiaz.com.br\/ribeiraopreto-regiao\/sp\/2022\/03\/25\/fios-e-cabos-de-cobre-furtados-em-guaraci#primaryimage","url":"https:\/\/redenoticiaz.com.br\/ribeiraopreto-regiao\/wp-content\/uploads\/sites\/4\/2022\/03\/thumbgaleria2-1.jpg","contentUrl":"https:\/\/redenoticiaz.com.br\/ribeiraopreto-regiao\/wp-content\/uploads\/sites\/4\/2022\/03\/thumbgaleria2-1.jpg","width":600,"height":326,"caption":"Cabos de cobre furtados. Foto: 24hOl\u00edmpia"},{"@type":"WebSite","@id":"https:\/\/redenoticiaz.com.br\/ribeiraopreto-regiao\/#website","url":"https:\/\/redenoticiaz.com.br\/ribeiraopreto-regiao\/","name":"Ribeir\u00e3o Preto e Regi\u00e3o","description":"Rede NoticiaZ - Ribeir\u00e3o Preto e regi\u00e3o","publisher":{"@id":"https:\/\/redenoticiaz.com.br\/ribeiraopreto-regiao\/#organization"},"potentialAction":[{"@type":"SearchAction","target":{"@type":"EntryPoint","urlTemplate":"https:\/\/redenoticiaz.com.br\/ribeiraopreto-regiao\/?s={search_term_string}"},"query-input":{"@type":"PropertyValueSpecification","valueRequired":true,"valueName":"search_term_string"}}],"inLanguage":"pt-BR"},{"@type":"Organization","@id":"https:\/\/redenoticiaz.com.br\/ribeiraopreto-regiao\/#organization","name":"Ribeir\u00e3o Preto e Regi\u00e3o","url":"https:\/\/redenoticiaz.com.br\/ribeiraopreto-regiao\/","logo":{"@type":"ImageObject","inLanguage":"pt-BR","@id":"https:\/\/redenoticiaz.com.br\/ribeiraopreto-regiao\/#\/schema\/logo\/image\/","url":"https:\/\/redenoticiaz.com.br\/barretos-regiao\/wp-content\/uploads\/sites\/4\/2022\/02\/logo.jpg","contentUrl":"https:\/\/redenoticiaz.com.br\/barretos-regiao\/wp-content\/uploads\/sites\/4\/2022\/02\/logo.jpg","width":400,"height":250,"caption":"Ribeir\u00e3o Preto e Regi\u00e3o"},"image":{"@id":"https:\/\/redenoticiaz.com.br\/ribeiraopreto-regiao\/#\/schema\/logo\/image\/"},"sameAs":["https:\/\/m.facebook.com\/redenoticiaz.barretos","https:\/\/x.com\/RN_barretos","https:\/\/www.instagram.com\/redenoticiaz.barretos\/?igshid=YmMyMTA2M2Y","https:\/\/www.linkedin.com\/company\/rede-noticiaz-barretos-e-regio\/"]},{"@type":"Person","@id":"","url":"https:\/\/redenoticiaz.com.br\/ribeiraopreto-regiao\/sp\/author"}]}},"_links":{"self":[{"href":"https:\/\/redenoticiaz.com.br\/ribeiraopreto-regiao\/wp-json\/wp\/v2\/posts\/1481","targetHints":{"allow":["GET"]}}],"collection":[{"href":"https:\/\/redenoticiaz.com.br\/ribeiraopreto-regiao\/wp-json\/wp\/v2\/posts"}],"about":[{"href":"https:\/\/redenoticiaz.com.br\/ribeiraopreto-regiao\/wp-json\/wp\/v2\/types\/post"}],"author":[{"embeddable":true,"href":"https:\/\/redenoticiaz.com.br\/ribeiraopreto-regiao\/wp-json\/wp\/v2\/users\/15"}],"replies":[{"embeddable":true,"href":"https:\/\/redenoticiaz.com.br\/ribeiraopreto-regiao\/wp-json\/wp\/v2\/comments?post=1481"}],"version-history":[{"count":1,"href":"https:\/\/redenoticiaz.com.br\/ribeiraopreto-regiao\/wp-json\/wp\/v2\/posts\/1481\/revisions"}],"predecessor-version":[{"id":1486,"href":"https:\/\/redenoticiaz.com.br\/ribeiraopreto-regiao\/wp-json\/wp\/v2\/posts\/1481\/revisions\/1486"}],"wp:featuredmedia":[{"embeddable":true,"href":"https:\/\/redenoticiaz.com.br\/ribeiraopreto-regiao\/wp-json\/wp\/v2\/media\/1528"}],"wp:attachment":[{"href":"https:\/\/redenoticiaz.com.br\/ribeiraopreto-regiao\/wp-json\/wp\/v2\/media?parent=1481"}],"wp:term":[{"taxonomy":"category","embeddable":true,"href":"https:\/\/redenoticiaz.com.br\/ribeiraopreto-regiao\/wp-json\/wp\/v2\/categories?post=1481"},{"taxonomy":"post_tag","embeddable":true,"href":"https:\/\/redenoticiaz.com.br\/ribeiraopreto-regiao\/wp-json\/wp\/v2\/tags?post=1481"}],"curies":[{"name":"wp","href":"https:\/\/api.w.org\/{rel}","templated":true}]}}