{"id":149,"date":"2022-02-27T18:54:53","date_gmt":"2022-02-27T21:54:53","guid":{"rendered":"https:\/\/redenoticiaz.com.br\/barretos-regiao\/sp\/2022\/02\/27\/palmeiras-e-inter-de-limeira-protagonizam-jogo-fraco-e-ficam-no-empate"},"modified":"2022-02-27T18:55:14","modified_gmt":"2022-02-27T21:55:14","slug":"palmeiras-e-inter-de-limeira-protagonizam-jogo-fraco-e-ficam-no-empate","status":"publish","type":"post","link":"https:\/\/redenoticiaz.com.br\/ribeiraopreto-regiao\/sp\/2022\/02\/27\/palmeiras-e-inter-de-limeira-protagonizam-jogo-fraco-e-ficam-no-empate","title":{"rendered":"Palmeiras e Inter de Limeira protagonizam jogo fraco e ficam no empate"},"content":{"rendered":"<p>O destaque da partida entre a <strong>Inter de Limeira e Palmeiras<\/strong> pelo <a href=\"https:\/\/futebolpaulista.com.br\/Home\/\">Campeonato Paulista<\/a> sem d\u00favida foi o calor de 34\u00baC registrado no Est\u00e1dio Major Levy Sobrinho neste domingo (27). Porque futebol que \u00e9 bom, praticamente n\u00e3o existiu e o empate sem gols acabou sendo o resultado mais justo.<\/p>\n<p>O t\u00e9cnico Abel Ferreira optou por escalar o Verd\u00e3o praticamente reserva, pensando no jogo de volta da Recopa Sulamericana. As chances de gol foram escassas e a Inter de Limeira at\u00e9 que deu trabalho quando Matheus Mancini aproveitou cruzamento, ganhou pelo alto e cabeceou para \u00f3tima defesa de Marcelo Lomba. O Palmeiras, embora escalado com quatro atacantes, n\u00e3o criou chances claras de gol. A equipe do Interior ainda assustou com Ronaldo em chute para fora e outra com finaliza\u00e7\u00e3o de Lima, de longa dist\u00e2ncia, evitada pelo goleiro palmeirense.<\/p>\n<p>No segundo tempo, o Palmeiras at\u00e9 que tentou e no decorrer da partida colocou alguns dos titulares. Mas sem conseguir levar muito perigo \u00e0 defesa da Inter de Limeira. A chance mais clara ocorreu apenas aos 18 minutos, quando Deyverson, da meia-lua, ajeitou e chutou. Lucas Frigeri defendeu. Depois de um longo tempo de marasmo no jogo, aos 41 minutos Rafael Navarro teve grande chance, deixando o goleiro para tr\u00e1s. Mas o zagueiro Xand\u00e3o chegou em tempo de evitar o gol e manter o placar zerado em Limeira.<\/p>\n<p>Com o empate, o Palmeiras foi a 17 pontos e se mant\u00e9m na lideran\u00e7a do Grupo C, com dois jogos a menos. A Inter de Limeira, com oito, \u00e9 a terceira colocada do Grupo A, a dois pontos da zona de classifica\u00e7\u00e3o.<\/p>\n<h3>Pr\u00f3ximos compromissos<\/h3>\n<p>Na quarta-feira, \u00e0s 21h30, o Palmeiras decide o t\u00edtulo da Recopa Sul-Americana, contra o Athletico, no Allianz Parque. No jogo de ida, em Curitiba, houve empate por 2 a 2. Qualquer vit\u00f3ria garante o t\u00edtulo para ambos os lados. Em caso de novo empate, a decis\u00e3o ser\u00e1 nos p\u00eanaltis.<\/p>\n<p>J\u00e1 pelo Paulist\u00e3o, o pr\u00f3ximo desafio do Verd\u00e3o ser\u00e1 no domingo, \u00e0s 16h, contra o Guarani, tamb\u00e9m em casa. A Inter de Limeira, por sua vez, joga no mesmo dia, s\u00f3 que \u00e0s 20h30, contra o Novorizontino, fora de casa.<\/p>\n<p><strong>LEIA TAMB\u00c9M<\/strong><\/p>\n<p><a href=\"https:\/\/redenoticiaz.com.br\/blog\/2022\/02\/27\/artigo-o-futebol-banhado-de-sangue\">Artigo \u2013 O futebol banhado de sangue<\/a><\/p>\n","protected":false},"excerpt":{"rendered":"<p>O destaque da partida entre a Inter de Limeira e Palmeiras pelo Campeonato Paulista sem d\u00favida foi o calor de 34\u00baC registrado no Est\u00e1dio Major Levy Sobrinho neste domingo (27). Porque futebol que \u00e9 bom, praticamente n\u00e3o existiu e o empate sem gols acabou sendo o resultado mais justo. O t\u00e9cnico Abel Ferreira optou por &hellip;<\/p>\n","protected":false},"author":6,"featured_media":150,"comment_status":"open","ping_status":"closed","sticky":false,"template":"","format":"standard","meta":{"footnotes":""},"categories":[87],"tags":[377,415,416,161,381],"class_list":["post-149","post","type-post","status-publish","format-standard","has-post-thumbnail","hentry","category-esporte","tag-campeonato-paulista","tag-estadio-major-levy-sobrinho","tag-inter-de-limeira","tag-palmeiras","tag-paulistao-2022"],"yoast_head":"<!-- This site is optimized with the Yoast SEO plugin v27.5 - https:\/\/yoast.com\/product\/yoast-seo-wordpress\/ -->\n<title>Palmeiras e Inter de Limeira protagonizam jogo fraco e ficam no empate - Ribeir\u00e3o Preto e Regi\u00e3o<\/title>\n<meta name=\"description\" content=\"O destaque da partida entre a Inter de Limeira e Palmeiras pelo Campeonato Paulista sem d\u00favida foi o calor de 34\u00baC registrado\" \/>\n<meta name=\"robots\" content=\"index, follow, max-snippet:-1, max-image-preview:large, max-video-preview:-1\" \/>\n<link rel=\"canonical\" href=\"https:\/\/redenoticiaz.com.br\/ribeiraopreto-regiao\/sp\/2022\/02\/27\/palmeiras-e-inter-de-limeira-protagonizam-jogo-fraco-e-ficam-no-empate\" \/>\n<meta property=\"og:locale\" content=\"pt_BR\" \/>\n<meta property=\"og:type\" content=\"article\" \/>\n<meta property=\"og:title\" content=\"Palmeiras e Inter de Limeira protagonizam jogo fraco e ficam no empate - Ribeir\u00e3o Preto e Regi\u00e3o\" \/>\n<meta property=\"og:description\" content=\"O destaque da partida entre a Inter de Limeira e Palmeiras pelo Campeonato Paulista sem d\u00favida foi o calor de 34\u00baC registrado\" \/>\n<meta property=\"og:url\" content=\"https:\/\/redenoticiaz.com.br\/ribeiraopreto-regiao\/sp\/2022\/02\/27\/palmeiras-e-inter-de-limeira-protagonizam-jogo-fraco-e-ficam-no-empate\" \/>\n<meta property=\"og:site_name\" content=\"Ribeir\u00e3o Preto e Regi\u00e3o\" \/>\n<meta property=\"article:publisher\" content=\"https:\/\/m.facebook.com\/redenoticiaz.barretos\" \/>\n<meta property=\"article:published_time\" content=\"2022-02-27T21:54:53+00:00\" \/>\n<meta property=\"article:modified_time\" content=\"2022-02-27T21:55:14+00:00\" \/>\n<meta property=\"og:image\" content=\"https:\/\/redenoticiaz.com.br\/ribeiraopreto-regiao\/wp-content\/uploads\/sites\/4\/2022\/02\/logo.jpg\" \/>\n\t<meta property=\"og:image:width\" content=\"400\" \/>\n\t<meta property=\"og:image:height\" content=\"250\" \/>\n\t<meta property=\"og:image:type\" content=\"image\/jpeg\" \/>\n<meta name=\"author\" content=\"Leonardo Francisco\" \/>\n<meta name=\"twitter:card\" content=\"summary_large_image\" \/>\n<meta name=\"twitter:creator\" content=\"@RN_barretos\" \/>\n<meta name=\"twitter:site\" content=\"@RN_barretos\" \/>\n<meta name=\"twitter:label1\" content=\"Escrito por\" \/>\n\t<meta name=\"twitter:data1\" content=\"Leonardo Francisco\" \/>\n\t<meta name=\"twitter:label2\" content=\"Est. tempo de leitura\" \/>\n\t<meta name=\"twitter:data2\" content=\"2 minutos\" \/>\n<script type=\"application\/ld+json\" class=\"yoast-schema-graph\">{\"@context\":\"https:\\\/\\\/schema.org\",\"@graph\":[{\"@type\":\"Article\",\"@id\":\"https:\\\/\\\/redenoticiaz.com.br\\\/ribeiraopreto-regiao\\\/sp\\\/2022\\\/02\\\/27\\\/palmeiras-e-inter-de-limeira-protagonizam-jogo-fraco-e-ficam-no-empate#article\",\"isPartOf\":{\"@id\":\"https:\\\/\\\/redenoticiaz.com.br\\\/ribeiraopreto-regiao\\\/sp\\\/2022\\\/02\\\/27\\\/palmeiras-e-inter-de-limeira-protagonizam-jogo-fraco-e-ficam-no-empate\"},\"author\":{\"name\":\"Leonardo Francisco\",\"@id\":\"https:\\\/\\\/redenoticiaz.com.br\\\/ribeiraopreto-regiao\\\/#\\\/schema\\\/person\\\/0f0b8a5bdafefe82841e07ae8d81ecb3\"},\"headline\":\"Palmeiras e Inter de Limeira protagonizam jogo fraco e ficam no empate\",\"datePublished\":\"2022-02-27T21:54:53+00:00\",\"dateModified\":\"2022-02-27T21:55:14+00:00\",\"mainEntityOfPage\":{\"@id\":\"https:\\\/\\\/redenoticiaz.com.br\\\/ribeiraopreto-regiao\\\/sp\\\/2022\\\/02\\\/27\\\/palmeiras-e-inter-de-limeira-protagonizam-jogo-fraco-e-ficam-no-empate\"},\"wordCount\":393,\"commentCount\":0,\"publisher\":{\"@id\":\"https:\\\/\\\/redenoticiaz.com.br\\\/ribeiraopreto-regiao\\\/#organization\"},\"image\":{\"@id\":\"https:\\\/\\\/redenoticiaz.com.br\\\/ribeiraopreto-regiao\\\/sp\\\/2022\\\/02\\\/27\\\/palmeiras-e-inter-de-limeira-protagonizam-jogo-fraco-e-ficam-no-empate#primaryimage\"},\"thumbnailUrl\":\"https:\\\/\\\/redenoticiaz.com.br\\\/ribeiraopreto-regiao\\\/wp-content\\\/uploads\\\/sites\\\/4\\\/2022\\\/02\\\/agif22022717450911.jpg?v=1645998854\",\"keywords\":[\"CAMPEONATO PAULISTA\",\"EST\u00c1DIO MAJOR LEVY SOBRINHO\",\"INTER DE LIMEIRA\",\"Palmeiras\",\"PAULIST\u00c3O 2022\"],\"articleSection\":[\"Esporte\"],\"inLanguage\":\"pt-BR\",\"potentialAction\":[{\"@type\":\"CommentAction\",\"name\":\"Comment\",\"target\":[\"https:\\\/\\\/redenoticiaz.com.br\\\/ribeiraopreto-regiao\\\/sp\\\/2022\\\/02\\\/27\\\/palmeiras-e-inter-de-limeira-protagonizam-jogo-fraco-e-ficam-no-empate#respond\"]}]},{\"@type\":\"WebPage\",\"@id\":\"https:\\\/\\\/redenoticiaz.com.br\\\/ribeiraopreto-regiao\\\/sp\\\/2022\\\/02\\\/27\\\/palmeiras-e-inter-de-limeira-protagonizam-jogo-fraco-e-ficam-no-empate\",\"url\":\"https:\\\/\\\/redenoticiaz.com.br\\\/ribeiraopreto-regiao\\\/sp\\\/2022\\\/02\\\/27\\\/palmeiras-e-inter-de-limeira-protagonizam-jogo-fraco-e-ficam-no-empate\",\"name\":\"Palmeiras e Inter de Limeira protagonizam jogo fraco e ficam no empate - Ribeir\u00e3o Preto e Regi\u00e3o\",\"isPartOf\":{\"@id\":\"https:\\\/\\\/redenoticiaz.com.br\\\/ribeiraopreto-regiao\\\/#website\"},\"primaryImageOfPage\":{\"@id\":\"https:\\\/\\\/redenoticiaz.com.br\\\/ribeiraopreto-regiao\\\/sp\\\/2022\\\/02\\\/27\\\/palmeiras-e-inter-de-limeira-protagonizam-jogo-fraco-e-ficam-no-empate#primaryimage\"},\"image\":{\"@id\":\"https:\\\/\\\/redenoticiaz.com.br\\\/ribeiraopreto-regiao\\\/sp\\\/2022\\\/02\\\/27\\\/palmeiras-e-inter-de-limeira-protagonizam-jogo-fraco-e-ficam-no-empate#primaryimage\"},\"thumbnailUrl\":\"https:\\\/\\\/redenoticiaz.com.br\\\/ribeiraopreto-regiao\\\/wp-content\\\/uploads\\\/sites\\\/4\\\/2022\\\/02\\\/agif22022717450911.jpg?v=1645998854\",\"datePublished\":\"2022-02-27T21:54:53+00:00\",\"dateModified\":\"2022-02-27T21:55:14+00:00\",\"description\":\"O destaque da partida entre a Inter de Limeira e Palmeiras pelo Campeonato Paulista sem d\u00favida foi o calor de 34\u00baC registrado\",\"inLanguage\":\"pt-BR\",\"potentialAction\":[{\"@type\":\"ReadAction\",\"target\":[\"https:\\\/\\\/redenoticiaz.com.br\\\/ribeiraopreto-regiao\\\/sp\\\/2022\\\/02\\\/27\\\/palmeiras-e-inter-de-limeira-protagonizam-jogo-fraco-e-ficam-no-empate\"]}]},{\"@type\":\"ImageObject\",\"inLanguage\":\"pt-BR\",\"@id\":\"https:\\\/\\\/redenoticiaz.com.br\\\/ribeiraopreto-regiao\\\/sp\\\/2022\\\/02\\\/27\\\/palmeiras-e-inter-de-limeira-protagonizam-jogo-fraco-e-ficam-no-empate#primaryimage\",\"url\":\"https:\\\/\\\/redenoticiaz.com.br\\\/ribeiraopreto-regiao\\\/wp-content\\\/uploads\\\/sites\\\/4\\\/2022\\\/02\\\/agif22022717450911.jpg?v=1645998854\",\"contentUrl\":\"https:\\\/\\\/redenoticiaz.com.br\\\/ribeiraopreto-regiao\\\/wp-content\\\/uploads\\\/sites\\\/4\\\/2022\\\/02\\\/agif22022717450911.jpg?v=1645998854\",\"width\":640,\"height\":360,\"caption\":\"Cr\u00e9ditos: Divulga\u00e7\u00e3o\\\/AGIF\"},{\"@type\":\"WebSite\",\"@id\":\"https:\\\/\\\/redenoticiaz.com.br\\\/ribeiraopreto-regiao\\\/#website\",\"url\":\"https:\\\/\\\/redenoticiaz.com.br\\\/ribeiraopreto-regiao\\\/\",\"name\":\"Ribeir\u00e3o Preto e Regi\u00e3o\",\"description\":\"Rede NoticiaZ - Ribeir\u00e3o Preto e regi\u00e3o\",\"publisher\":{\"@id\":\"https:\\\/\\\/redenoticiaz.com.br\\\/ribeiraopreto-regiao\\\/#organization\"},\"potentialAction\":[{\"@type\":\"SearchAction\",\"target\":{\"@type\":\"EntryPoint\",\"urlTemplate\":\"https:\\\/\\\/redenoticiaz.com.br\\\/ribeiraopreto-regiao\\\/?s={search_term_string}\"},\"query-input\":{\"@type\":\"PropertyValueSpecification\",\"valueRequired\":true,\"valueName\":\"search_term_string\"}}],\"inLanguage\":\"pt-BR\"},{\"@type\":\"Organization\",\"@id\":\"https:\\\/\\\/redenoticiaz.com.br\\\/ribeiraopreto-regiao\\\/#organization\",\"name\":\"Ribeir\u00e3o Preto e Regi\u00e3o\",\"url\":\"https:\\\/\\\/redenoticiaz.com.br\\\/ribeiraopreto-regiao\\\/\",\"logo\":{\"@type\":\"ImageObject\",\"inLanguage\":\"pt-BR\",\"@id\":\"https:\\\/\\\/redenoticiaz.com.br\\\/ribeiraopreto-regiao\\\/#\\\/schema\\\/logo\\\/image\\\/\",\"url\":\"https:\\\/\\\/redenoticiaz.com.br\\\/barretos-regiao\\\/wp-content\\\/uploads\\\/sites\\\/4\\\/2022\\\/02\\\/logo.jpg\",\"contentUrl\":\"https:\\\/\\\/redenoticiaz.com.br\\\/barretos-regiao\\\/wp-content\\\/uploads\\\/sites\\\/4\\\/2022\\\/02\\\/logo.jpg\",\"width\":400,\"height\":250,\"caption\":\"Ribeir\u00e3o Preto e Regi\u00e3o\"},\"image\":{\"@id\":\"https:\\\/\\\/redenoticiaz.com.br\\\/ribeiraopreto-regiao\\\/#\\\/schema\\\/logo\\\/image\\\/\"},\"sameAs\":[\"https:\\\/\\\/m.facebook.com\\\/redenoticiaz.barretos\",\"https:\\\/\\\/x.com\\\/RN_barretos\",\"https:\\\/\\\/www.instagram.com\\\/redenoticiaz.barretos\\\/?igshid=YmMyMTA2M2Y\",\"https:\\\/\\\/www.linkedin.com\\\/company\\\/rede-noticiaz-barretos-e-regio\\\/\"]},{\"@type\":\"Person\",\"@id\":\"https:\\\/\\\/redenoticiaz.com.br\\\/ribeiraopreto-regiao\\\/#\\\/schema\\\/person\\\/0f0b8a5bdafefe82841e07ae8d81ecb3\",\"name\":\"Leonardo Francisco\",\"image\":{\"@type\":\"ImageObject\",\"inLanguage\":\"pt-BR\",\"@id\":\"https:\\\/\\\/secure.gravatar.com\\\/avatar\\\/a7358cb406a99b682ec6df1e77e31ae82e63601f6784e8a3df411d72b37864da?s=96&d=mm&r=g\",\"url\":\"https:\\\/\\\/secure.gravatar.com\\\/avatar\\\/a7358cb406a99b682ec6df1e77e31ae82e63601f6784e8a3df411d72b37864da?s=96&d=mm&r=g\",\"contentUrl\":\"https:\\\/\\\/secure.gravatar.com\\\/avatar\\\/a7358cb406a99b682ec6df1e77e31ae82e63601f6784e8a3df411d72b37864da?s=96&d=mm&r=g\",\"caption\":\"Leonardo Francisco\"},\"url\":\"https:\\\/\\\/redenoticiaz.com.br\\\/ribeiraopreto-regiao\\\/sp\\\/author\\\/leonardo-francisco\"}]}<\/script>\n<!-- \/ Yoast SEO plugin. -->","yoast_head_json":{"title":"Palmeiras e Inter de Limeira protagonizam jogo fraco e ficam no empate - Ribeir\u00e3o Preto e Regi\u00e3o","description":"O destaque da partida entre a Inter de Limeira e Palmeiras pelo Campeonato Paulista sem d\u00favida foi o calor de 34\u00baC registrado","robots":{"index":"index","follow":"follow","max-snippet":"max-snippet:-1","max-image-preview":"max-image-preview:large","max-video-preview":"max-video-preview:-1"},"canonical":"https:\/\/redenoticiaz.com.br\/ribeiraopreto-regiao\/sp\/2022\/02\/27\/palmeiras-e-inter-de-limeira-protagonizam-jogo-fraco-e-ficam-no-empate","og_locale":"pt_BR","og_type":"article","og_title":"Palmeiras e Inter de Limeira protagonizam jogo fraco e ficam no empate - Ribeir\u00e3o Preto e Regi\u00e3o","og_description":"O destaque da partida entre a Inter de Limeira e Palmeiras pelo Campeonato Paulista sem d\u00favida foi o calor de 34\u00baC registrado","og_url":"https:\/\/redenoticiaz.com.br\/ribeiraopreto-regiao\/sp\/2022\/02\/27\/palmeiras-e-inter-de-limeira-protagonizam-jogo-fraco-e-ficam-no-empate","og_site_name":"Ribeir\u00e3o Preto e Regi\u00e3o","article_publisher":"https:\/\/m.facebook.com\/redenoticiaz.barretos","article_published_time":"2022-02-27T21:54:53+00:00","article_modified_time":"2022-02-27T21:55:14+00:00","og_image":[{"width":400,"height":250,"url":"https:\/\/redenoticiaz.com.br\/ribeiraopreto-regiao\/wp-content\/uploads\/sites\/4\/2022\/02\/logo.jpg","type":"image\/jpeg"}],"author":"Leonardo Francisco","twitter_card":"summary_large_image","twitter_creator":"@RN_barretos","twitter_site":"@RN_barretos","twitter_misc":{"Escrito por":"Leonardo Francisco","Est. tempo de leitura":"2 minutos"},"schema":{"@context":"https:\/\/schema.org","@graph":[{"@type":"Article","@id":"https:\/\/redenoticiaz.com.br\/ribeiraopreto-regiao\/sp\/2022\/02\/27\/palmeiras-e-inter-de-limeira-protagonizam-jogo-fraco-e-ficam-no-empate#article","isPartOf":{"@id":"https:\/\/redenoticiaz.com.br\/ribeiraopreto-regiao\/sp\/2022\/02\/27\/palmeiras-e-inter-de-limeira-protagonizam-jogo-fraco-e-ficam-no-empate"},"author":{"name":"Leonardo Francisco","@id":"https:\/\/redenoticiaz.com.br\/ribeiraopreto-regiao\/#\/schema\/person\/0f0b8a5bdafefe82841e07ae8d81ecb3"},"headline":"Palmeiras e Inter de Limeira protagonizam jogo fraco e ficam no empate","datePublished":"2022-02-27T21:54:53+00:00","dateModified":"2022-02-27T21:55:14+00:00","mainEntityOfPage":{"@id":"https:\/\/redenoticiaz.com.br\/ribeiraopreto-regiao\/sp\/2022\/02\/27\/palmeiras-e-inter-de-limeira-protagonizam-jogo-fraco-e-ficam-no-empate"},"wordCount":393,"commentCount":0,"publisher":{"@id":"https:\/\/redenoticiaz.com.br\/ribeiraopreto-regiao\/#organization"},"image":{"@id":"https:\/\/redenoticiaz.com.br\/ribeiraopreto-regiao\/sp\/2022\/02\/27\/palmeiras-e-inter-de-limeira-protagonizam-jogo-fraco-e-ficam-no-empate#primaryimage"},"thumbnailUrl":"https:\/\/redenoticiaz.com.br\/ribeiraopreto-regiao\/wp-content\/uploads\/sites\/4\/2022\/02\/agif22022717450911.jpg?v=1645998854","keywords":["CAMPEONATO PAULISTA","EST\u00c1DIO MAJOR LEVY SOBRINHO","INTER DE LIMEIRA","Palmeiras","PAULIST\u00c3O 2022"],"articleSection":["Esporte"],"inLanguage":"pt-BR","potentialAction":[{"@type":"CommentAction","name":"Comment","target":["https:\/\/redenoticiaz.com.br\/ribeiraopreto-regiao\/sp\/2022\/02\/27\/palmeiras-e-inter-de-limeira-protagonizam-jogo-fraco-e-ficam-no-empate#respond"]}]},{"@type":"WebPage","@id":"https:\/\/redenoticiaz.com.br\/ribeiraopreto-regiao\/sp\/2022\/02\/27\/palmeiras-e-inter-de-limeira-protagonizam-jogo-fraco-e-ficam-no-empate","url":"https:\/\/redenoticiaz.com.br\/ribeiraopreto-regiao\/sp\/2022\/02\/27\/palmeiras-e-inter-de-limeira-protagonizam-jogo-fraco-e-ficam-no-empate","name":"Palmeiras e Inter de Limeira protagonizam jogo fraco e ficam no empate - Ribeir\u00e3o Preto e Regi\u00e3o","isPartOf":{"@id":"https:\/\/redenoticiaz.com.br\/ribeiraopreto-regiao\/#website"},"primaryImageOfPage":{"@id":"https:\/\/redenoticiaz.com.br\/ribeiraopreto-regiao\/sp\/2022\/02\/27\/palmeiras-e-inter-de-limeira-protagonizam-jogo-fraco-e-ficam-no-empate#primaryimage"},"image":{"@id":"https:\/\/redenoticiaz.com.br\/ribeiraopreto-regiao\/sp\/2022\/02\/27\/palmeiras-e-inter-de-limeira-protagonizam-jogo-fraco-e-ficam-no-empate#primaryimage"},"thumbnailUrl":"https:\/\/redenoticiaz.com.br\/ribeiraopreto-regiao\/wp-content\/uploads\/sites\/4\/2022\/02\/agif22022717450911.jpg?v=1645998854","datePublished":"2022-02-27T21:54:53+00:00","dateModified":"2022-02-27T21:55:14+00:00","description":"O destaque da partida entre a Inter de Limeira e Palmeiras pelo Campeonato Paulista sem d\u00favida foi o calor de 34\u00baC registrado","inLanguage":"pt-BR","potentialAction":[{"@type":"ReadAction","target":["https:\/\/redenoticiaz.com.br\/ribeiraopreto-regiao\/sp\/2022\/02\/27\/palmeiras-e-inter-de-limeira-protagonizam-jogo-fraco-e-ficam-no-empate"]}]},{"@type":"ImageObject","inLanguage":"pt-BR","@id":"https:\/\/redenoticiaz.com.br\/ribeiraopreto-regiao\/sp\/2022\/02\/27\/palmeiras-e-inter-de-limeira-protagonizam-jogo-fraco-e-ficam-no-empate#primaryimage","url":"https:\/\/redenoticiaz.com.br\/ribeiraopreto-regiao\/wp-content\/uploads\/sites\/4\/2022\/02\/agif22022717450911.jpg?v=1645998854","contentUrl":"https:\/\/redenoticiaz.com.br\/ribeiraopreto-regiao\/wp-content\/uploads\/sites\/4\/2022\/02\/agif22022717450911.jpg?v=1645998854","width":640,"height":360,"caption":"Cr\u00e9ditos: Divulga\u00e7\u00e3o\/AGIF"},{"@type":"WebSite","@id":"https:\/\/redenoticiaz.com.br\/ribeiraopreto-regiao\/#website","url":"https:\/\/redenoticiaz.com.br\/ribeiraopreto-regiao\/","name":"Ribeir\u00e3o Preto e Regi\u00e3o","description":"Rede NoticiaZ - Ribeir\u00e3o Preto e regi\u00e3o","publisher":{"@id":"https:\/\/redenoticiaz.com.br\/ribeiraopreto-regiao\/#organization"},"potentialAction":[{"@type":"SearchAction","target":{"@type":"EntryPoint","urlTemplate":"https:\/\/redenoticiaz.com.br\/ribeiraopreto-regiao\/?s={search_term_string}"},"query-input":{"@type":"PropertyValueSpecification","valueRequired":true,"valueName":"search_term_string"}}],"inLanguage":"pt-BR"},{"@type":"Organization","@id":"https:\/\/redenoticiaz.com.br\/ribeiraopreto-regiao\/#organization","name":"Ribeir\u00e3o Preto e Regi\u00e3o","url":"https:\/\/redenoticiaz.com.br\/ribeiraopreto-regiao\/","logo":{"@type":"ImageObject","inLanguage":"pt-BR","@id":"https:\/\/redenoticiaz.com.br\/ribeiraopreto-regiao\/#\/schema\/logo\/image\/","url":"https:\/\/redenoticiaz.com.br\/barretos-regiao\/wp-content\/uploads\/sites\/4\/2022\/02\/logo.jpg","contentUrl":"https:\/\/redenoticiaz.com.br\/barretos-regiao\/wp-content\/uploads\/sites\/4\/2022\/02\/logo.jpg","width":400,"height":250,"caption":"Ribeir\u00e3o Preto e Regi\u00e3o"},"image":{"@id":"https:\/\/redenoticiaz.com.br\/ribeiraopreto-regiao\/#\/schema\/logo\/image\/"},"sameAs":["https:\/\/m.facebook.com\/redenoticiaz.barretos","https:\/\/x.com\/RN_barretos","https:\/\/www.instagram.com\/redenoticiaz.barretos\/?igshid=YmMyMTA2M2Y","https:\/\/www.linkedin.com\/company\/rede-noticiaz-barretos-e-regio\/"]},{"@type":"Person","@id":"https:\/\/redenoticiaz.com.br\/ribeiraopreto-regiao\/#\/schema\/person\/0f0b8a5bdafefe82841e07ae8d81ecb3","name":"Leonardo Francisco","image":{"@type":"ImageObject","inLanguage":"pt-BR","@id":"https:\/\/secure.gravatar.com\/avatar\/a7358cb406a99b682ec6df1e77e31ae82e63601f6784e8a3df411d72b37864da?s=96&d=mm&r=g","url":"https:\/\/secure.gravatar.com\/avatar\/a7358cb406a99b682ec6df1e77e31ae82e63601f6784e8a3df411d72b37864da?s=96&d=mm&r=g","contentUrl":"https:\/\/secure.gravatar.com\/avatar\/a7358cb406a99b682ec6df1e77e31ae82e63601f6784e8a3df411d72b37864da?s=96&d=mm&r=g","caption":"Leonardo Francisco"},"url":"https:\/\/redenoticiaz.com.br\/ribeiraopreto-regiao\/sp\/author\/leonardo-francisco"}]}},"_links":{"self":[{"href":"https:\/\/redenoticiaz.com.br\/ribeiraopreto-regiao\/wp-json\/wp\/v2\/posts\/149","targetHints":{"allow":["GET"]}}],"collection":[{"href":"https:\/\/redenoticiaz.com.br\/ribeiraopreto-regiao\/wp-json\/wp\/v2\/posts"}],"about":[{"href":"https:\/\/redenoticiaz.com.br\/ribeiraopreto-regiao\/wp-json\/wp\/v2\/types\/post"}],"author":[{"embeddable":true,"href":"https:\/\/redenoticiaz.com.br\/ribeiraopreto-regiao\/wp-json\/wp\/v2\/users\/6"}],"replies":[{"embeddable":true,"href":"https:\/\/redenoticiaz.com.br\/ribeiraopreto-regiao\/wp-json\/wp\/v2\/comments?post=149"}],"version-history":[{"count":0,"href":"https:\/\/redenoticiaz.com.br\/ribeiraopreto-regiao\/wp-json\/wp\/v2\/posts\/149\/revisions"}],"wp:featuredmedia":[{"embeddable":true,"href":"https:\/\/redenoticiaz.com.br\/ribeiraopreto-regiao\/wp-json\/wp\/v2\/media\/150"}],"wp:attachment":[{"href":"https:\/\/redenoticiaz.com.br\/ribeiraopreto-regiao\/wp-json\/wp\/v2\/media?parent=149"}],"wp:term":[{"taxonomy":"category","embeddable":true,"href":"https:\/\/redenoticiaz.com.br\/ribeiraopreto-regiao\/wp-json\/wp\/v2\/categories?post=149"},{"taxonomy":"post_tag","embeddable":true,"href":"https:\/\/redenoticiaz.com.br\/ribeiraopreto-regiao\/wp-json\/wp\/v2\/tags?post=149"}],"curies":[{"name":"wp","href":"https:\/\/api.w.org\/{rel}","templated":true}]}}