{"id":1515,"date":"2022-03-25T17:48:06","date_gmt":"2022-03-25T20:48:06","guid":{"rendered":"https:\/\/redenoticiaz.com.br\/barretos-regiao\/?p=1515"},"modified":"2022-03-25T17:48:06","modified_gmt":"2022-03-25T20:48:06","slug":"barretos-tem-novo-projeto-de-trabalho-social-luis-spina","status":"publish","type":"post","link":"https:\/\/redenoticiaz.com.br\/ribeiraopreto-regiao\/sp\/2022\/03\/25\/barretos-tem-novo-projeto-de-trabalho-social-luis-spina","title":{"rendered":"Barretos tem novo Projeto de Trabalho Social Luis Spina"},"content":{"rendered":"<p>Na manh\u00e3 desta sexta (25) de mar\u00e7o, no audit\u00f3rio do Senac Barretos, aconteceu a apresenta\u00e7\u00e3o do Projeto de Trabalho Social Luis Spina.\u00a0 Uma a\u00e7\u00e3o em parceria entre a Prefeitura de Barretos e o Senac, com o objetivo de promover o desenvolvimento social, humano e comunit\u00e1rio. Assim, \u00e0s 960 fam\u00edlias residentes do conjunto habitacional Dr. Luis Spina.<\/p>\n<p>Estiveram presentes durante a cerim\u00f3nia e compuseram a mesa de autoridades a Prefeita Paula Lemos, a gerente da Unidade Senac Barretos, Ma\u00edra Latorre Lopez, a secret\u00e1ria de habita\u00e7\u00e3o, C\u00e9lia Rodrigues e Eliane Maerdaui, Assistente de Projetos Sociais da Caixa Econ\u00f4mica Federal.<\/p>\n<p><em>&#8220;N\u00f3s mulheres carregamos na ess\u00eancia o cuidar, buscamos dar o melhor \u00e0s pessoas, n\u00e3o deixamos ningu\u00e9m para tr\u00e1s. \u00c9 de extrema import\u00e2ncia atuarmos com esse projeto em uma \u00e1rea de extrema vulnerabilidade. Sendo que at\u00e9 hoje n\u00e3o teve aten\u00e7\u00e3o necess\u00e1ria e ajuda para haver mudan\u00e7a, s\u00f3cio econ\u00f4mica. A parceria com o Senac\u00a0 veio para coroar a a\u00e7\u00e3o, com um olhar atento comunidade ofertando capacita\u00e7\u00e3o de primeira qualidade e inclus\u00e3o. Queremos que todo o barretense tenha oportunidade de fato de melhorar a sua vida&#8221;<\/em>, salientou Paula Lemos.<\/p>\n<h4>Atividades do projeto<\/h4>\n<p>O projeto engloba uma s\u00e9rie de atividades que ser\u00e3o desenvolvidas com os moradores ao longo dos pr\u00f3ximos 12 meses. Contudo, para a consolida\u00e7\u00e3o de um territ\u00f3rio que garanta o desenvolvimento integral de crian\u00e7as, adolescentes, jovens e adultos.<\/p>\n<p>As atividades propostas neste projeto foram baseadas em um diagn\u00f3stico socioecon\u00f4mico que considerou pontos como faixas et\u00e1rias, escolaridade, g\u00eanero e porcentagem de desempregados. Dessa forma, visa contribuir para a transforma\u00e7\u00e3o da comunidade e das pessoas que vivem nela.<\/p>\n<p>&#8220;O projeto de trabalho social no conjunto habitacional Dr. Luis Spina \u00e9 extremamente relevante para a transforma\u00e7\u00e3o da realidade das pessoas. Realizaremos atividades de mobiliza\u00e7\u00e3o e sensibiliza\u00e7\u00e3o para a abordagem de temas como conv\u00edvio social, conserva\u00e7\u00e3o do patrim\u00f4nio. Al\u00e9m disso, trabalhar a\u00a0 gest\u00e3o comunit\u00e1ria dos espa\u00e7os, educa\u00e7\u00e3o ambiental, patrimonial e desenvolvimento socioecon\u00f4mico, visando a melhoria da qualidade de vida.<\/p>\n<p>O Senac Barretos a princ\u00edpio, j\u00e1 iniciou a capacita\u00e7\u00e3o das equipes que atuar\u00e3o nas a\u00e7\u00f5es e vai oferecer diversas vagas em cursos e oficinas j\u00e1 no in\u00edcio do pr\u00f3ximo m\u00eas&#8221;, afirma Ma\u00edra Latorre Lopez, gerente do Senac Barretos.<br \/>\nUma s\u00e9rie de a\u00e7\u00f5es ser\u00e1 promovida a cada m\u00eas, como oficinas de fortalecimento social, educa\u00e7\u00e3o ambiental e patrimonial, lideran\u00e7a condominial e revitaliza\u00e7\u00e3o da comunidade.<\/p>\n<p>A secret\u00e1ria de Habita\u00e7\u00e3o, C\u00e9lia Rodrigues fortaleceu a fala da Prefeita sobre\u00a0 o Projeto Lu\u00eds Spina &#8220;\u00e9 uma grande esperan\u00e7a e suporte para diversas fam\u00edlias daquela comunidade,\u00a0 um fortalecimento social de forma ampla e integrada. A parceria com o Senac refor\u00e7a a credibilidade \u00e0s a\u00e7\u00f5es propostas, pois a institui\u00e7\u00e3o j\u00e1 apresenta experi\u00eancias exitosas e que suprir\u00e3o aos anseios das fam\u00edlias na \u00e1rea de atua\u00e7\u00e3o&#8221;, ressaltou C\u00e9lia.<\/p>\n<p>LEIA TAMB\u00c9M:\u00a0<a href=\"https:\/\/redenoticiaz.com.br\/barretos-regiao\/sp\/2022\/03\/07\/senac-barretos-oferece-120-bolsas-de-estudo\">Senac Barretos oferece 120 bolsas de estudo<\/a><\/p>\n","protected":false},"excerpt":{"rendered":"<p>Na manh\u00e3 desta sexta (25) de mar\u00e7o, no audit\u00f3rio do Senac Barretos, aconteceu a apresenta\u00e7\u00e3o do Projeto de Trabalho Social Luis Spina.\u00a0 Uma a\u00e7\u00e3o em parceria entre a Prefeitura de Barretos e o Senac, com o objetivo de promover o desenvolvimento social, humano e comunit\u00e1rio. Assim, \u00e0s 960 fam\u00edlias residentes do conjunto habitacional Dr. Luis &hellip;<\/p>\n","protected":false},"author":15,"featured_media":1518,"comment_status":"open","ping_status":"closed","sticky":false,"template":"","format":"standard","meta":{"footnotes":""},"categories":[252],"tags":[6157,2315,2962,2202],"class_list":["post-1515","post","type-post","status-publish","format-standard","has-post-thumbnail","hentry","category-acao-social","tag-luis-spina","tag-prefeitura-de-barretos","tag-projeto-social","tag-senac"],"yoast_head":"<!-- This site is optimized with the Yoast SEO plugin v28.4 - https:\/\/yoast.com\/product\/yoast-seo-wordpress\/ -->\n<title>Barretos tem novo Projeto de Trabalho Social Luis Spina - Ribeir\u00e3o Preto e Regi\u00e3o<\/title>\n<meta name=\"description\" content=\"Uma a\u00e7\u00e3o em parceria entre a Prefeitura de Barretos e o Senac, com o objetivo de promover o desenvolvimento social, humano e comunit\u00e1rio.\" \/>\n<meta name=\"robots\" content=\"index, follow, max-snippet:-1, max-image-preview:large, max-video-preview:-1\" \/>\n<link rel=\"canonical\" href=\"https:\/\/redenoticiaz.com.br\/ribeiraopreto-regiao\/sp\/2022\/03\/25\/barretos-tem-novo-projeto-de-trabalho-social-luis-spina\" \/>\n<meta property=\"og:locale\" content=\"pt_BR\" \/>\n<meta property=\"og:type\" content=\"article\" \/>\n<meta property=\"og:title\" content=\"Barretos tem novo Projeto de Trabalho Social Luis Spina - Ribeir\u00e3o Preto e Regi\u00e3o\" \/>\n<meta property=\"og:description\" content=\"Uma a\u00e7\u00e3o em parceria entre a Prefeitura de Barretos e o Senac, com o objetivo de promover o desenvolvimento social, humano e comunit\u00e1rio.\" \/>\n<meta property=\"og:url\" content=\"https:\/\/redenoticiaz.com.br\/ribeiraopreto-regiao\/sp\/2022\/03\/25\/barretos-tem-novo-projeto-de-trabalho-social-luis-spina\" \/>\n<meta property=\"og:site_name\" content=\"Ribeir\u00e3o Preto e Regi\u00e3o\" \/>\n<meta property=\"article:publisher\" content=\"https:\/\/m.facebook.com\/redenoticiaz.barretos\" \/>\n<meta property=\"article:published_time\" content=\"2022-03-25T20:48:06+00:00\" \/>\n<meta property=\"og:image\" content=\"https:\/\/redenoticiaz.com.br\/ribeiraopreto-regiao\/wp-content\/uploads\/sites\/4\/2022\/03\/dia-internacional-da-mulher-inspiracao-facebook-post-1-1.png\" \/>\n\t<meta property=\"og:image:width\" content=\"940\" \/>\n\t<meta property=\"og:image:height\" content=\"788\" \/>\n\t<meta property=\"og:image:type\" content=\"image\/png\" \/>\n<meta name=\"twitter:card\" content=\"summary_large_image\" \/>\n<meta name=\"twitter:creator\" content=\"@RN_barretos\" \/>\n<meta name=\"twitter:site\" content=\"@RN_barretos\" \/>\n<meta name=\"twitter:label1\" content=\"Escrito por\" \/>\n\t<meta name=\"twitter:data1\" content=\"\" \/>\n\t<meta name=\"twitter:label2\" content=\"Est. tempo de leitura\" \/>\n\t<meta name=\"twitter:data2\" content=\"3 minutos\" \/>\n<script type=\"application\/ld+json\" class=\"yoast-schema-graph\">{\"@context\":\"https:\\\/\\\/schema.org\",\"@graph\":[{\"@type\":\"Article\",\"@id\":\"https:\\\/\\\/redenoticiaz.com.br\\\/ribeiraopreto-regiao\\\/sp\\\/2022\\\/03\\\/25\\\/barretos-tem-novo-projeto-de-trabalho-social-luis-spina#article\",\"isPartOf\":{\"@id\":\"https:\\\/\\\/redenoticiaz.com.br\\\/ribeiraopreto-regiao\\\/sp\\\/2022\\\/03\\\/25\\\/barretos-tem-novo-projeto-de-trabalho-social-luis-spina\"},\"author\":{\"name\":\"\",\"@id\":\"\"},\"headline\":\"Barretos tem novo Projeto de Trabalho Social Luis Spina\",\"datePublished\":\"2022-03-25T20:48:06+00:00\",\"mainEntityOfPage\":{\"@id\":\"https:\\\/\\\/redenoticiaz.com.br\\\/ribeiraopreto-regiao\\\/sp\\\/2022\\\/03\\\/25\\\/barretos-tem-novo-projeto-de-trabalho-social-luis-spina\"},\"wordCount\":538,\"commentCount\":0,\"publisher\":{\"@id\":\"https:\\\/\\\/redenoticiaz.com.br\\\/ribeiraopreto-regiao\\\/#organization\"},\"image\":{\"@id\":\"https:\\\/\\\/redenoticiaz.com.br\\\/ribeiraopreto-regiao\\\/sp\\\/2022\\\/03\\\/25\\\/barretos-tem-novo-projeto-de-trabalho-social-luis-spina#primaryimage\"},\"thumbnailUrl\":\"https:\\\/\\\/redenoticiaz.com.br\\\/ribeiraopreto-regiao\\\/wp-content\\\/uploads\\\/sites\\\/4\\\/2022\\\/03\\\/dia-internacional-da-mulher-inspiracao-facebook-post-1-1.png\",\"keywords\":[\"LUIS SPINA\",\"PREFEITURA DE BARRETOS\",\"PROJETO SOCIAL\",\"SENAC\"],\"articleSection\":[\"A\u00e7\u00e3o Social\"],\"inLanguage\":\"pt-BR\",\"potentialAction\":[{\"@type\":\"CommentAction\",\"name\":\"Comment\",\"target\":[\"https:\\\/\\\/redenoticiaz.com.br\\\/ribeiraopreto-regiao\\\/sp\\\/2022\\\/03\\\/25\\\/barretos-tem-novo-projeto-de-trabalho-social-luis-spina#respond\"]}]},{\"@type\":\"WebPage\",\"@id\":\"https:\\\/\\\/redenoticiaz.com.br\\\/ribeiraopreto-regiao\\\/sp\\\/2022\\\/03\\\/25\\\/barretos-tem-novo-projeto-de-trabalho-social-luis-spina\",\"url\":\"https:\\\/\\\/redenoticiaz.com.br\\\/ribeiraopreto-regiao\\\/sp\\\/2022\\\/03\\\/25\\\/barretos-tem-novo-projeto-de-trabalho-social-luis-spina\",\"name\":\"Barretos tem novo Projeto de Trabalho Social Luis Spina - Ribeir\u00e3o Preto e Regi\u00e3o\",\"isPartOf\":{\"@id\":\"https:\\\/\\\/redenoticiaz.com.br\\\/ribeiraopreto-regiao\\\/#website\"},\"primaryImageOfPage\":{\"@id\":\"https:\\\/\\\/redenoticiaz.com.br\\\/ribeiraopreto-regiao\\\/sp\\\/2022\\\/03\\\/25\\\/barretos-tem-novo-projeto-de-trabalho-social-luis-spina#primaryimage\"},\"image\":{\"@id\":\"https:\\\/\\\/redenoticiaz.com.br\\\/ribeiraopreto-regiao\\\/sp\\\/2022\\\/03\\\/25\\\/barretos-tem-novo-projeto-de-trabalho-social-luis-spina#primaryimage\"},\"thumbnailUrl\":\"https:\\\/\\\/redenoticiaz.com.br\\\/ribeiraopreto-regiao\\\/wp-content\\\/uploads\\\/sites\\\/4\\\/2022\\\/03\\\/dia-internacional-da-mulher-inspiracao-facebook-post-1-1.png\",\"datePublished\":\"2022-03-25T20:48:06+00:00\",\"description\":\"Uma a\u00e7\u00e3o em parceria entre a Prefeitura de Barretos e o Senac, com o objetivo de promover o desenvolvimento social, humano e comunit\u00e1rio.\",\"inLanguage\":\"pt-BR\",\"potentialAction\":[{\"@type\":\"ReadAction\",\"target\":[\"https:\\\/\\\/redenoticiaz.com.br\\\/ribeiraopreto-regiao\\\/sp\\\/2022\\\/03\\\/25\\\/barretos-tem-novo-projeto-de-trabalho-social-luis-spina\"]}]},{\"@type\":\"ImageObject\",\"inLanguage\":\"pt-BR\",\"@id\":\"https:\\\/\\\/redenoticiaz.com.br\\\/ribeiraopreto-regiao\\\/sp\\\/2022\\\/03\\\/25\\\/barretos-tem-novo-projeto-de-trabalho-social-luis-spina#primaryimage\",\"url\":\"https:\\\/\\\/redenoticiaz.com.br\\\/ribeiraopreto-regiao\\\/wp-content\\\/uploads\\\/sites\\\/4\\\/2022\\\/03\\\/dia-internacional-da-mulher-inspiracao-facebook-post-1-1.png\",\"contentUrl\":\"https:\\\/\\\/redenoticiaz.com.br\\\/ribeiraopreto-regiao\\\/wp-content\\\/uploads\\\/sites\\\/4\\\/2022\\\/03\\\/dia-internacional-da-mulher-inspiracao-facebook-post-1-1.png\",\"width\":940,\"height\":788,\"caption\":\"Barretos tem novo Projeto Social. Cr\u00e9dito: Divulga\u00e7\u00e3o\"},{\"@type\":\"WebSite\",\"@id\":\"https:\\\/\\\/redenoticiaz.com.br\\\/ribeiraopreto-regiao\\\/#website\",\"url\":\"https:\\\/\\\/redenoticiaz.com.br\\\/ribeiraopreto-regiao\\\/\",\"name\":\"Ribeir\u00e3o Preto e Regi\u00e3o\",\"description\":\"Rede NoticiaZ - Ribeir\u00e3o Preto e regi\u00e3o\",\"publisher\":{\"@id\":\"https:\\\/\\\/redenoticiaz.com.br\\\/ribeiraopreto-regiao\\\/#organization\"},\"potentialAction\":[{\"@type\":\"SearchAction\",\"target\":{\"@type\":\"EntryPoint\",\"urlTemplate\":\"https:\\\/\\\/redenoticiaz.com.br\\\/ribeiraopreto-regiao\\\/?s={search_term_string}\"},\"query-input\":{\"@type\":\"PropertyValueSpecification\",\"valueRequired\":true,\"valueName\":\"search_term_string\"}}],\"inLanguage\":\"pt-BR\"},{\"@type\":\"Organization\",\"@id\":\"https:\\\/\\\/redenoticiaz.com.br\\\/ribeiraopreto-regiao\\\/#organization\",\"name\":\"Ribeir\u00e3o Preto e Regi\u00e3o\",\"url\":\"https:\\\/\\\/redenoticiaz.com.br\\\/ribeiraopreto-regiao\\\/\",\"logo\":{\"@type\":\"ImageObject\",\"inLanguage\":\"pt-BR\",\"@id\":\"https:\\\/\\\/redenoticiaz.com.br\\\/ribeiraopreto-regiao\\\/#\\\/schema\\\/logo\\\/image\\\/\",\"url\":\"https:\\\/\\\/redenoticiaz.com.br\\\/barretos-regiao\\\/wp-content\\\/uploads\\\/sites\\\/4\\\/2022\\\/02\\\/logo.jpg\",\"contentUrl\":\"https:\\\/\\\/redenoticiaz.com.br\\\/barretos-regiao\\\/wp-content\\\/uploads\\\/sites\\\/4\\\/2022\\\/02\\\/logo.jpg\",\"width\":400,\"height\":250,\"caption\":\"Ribeir\u00e3o Preto e Regi\u00e3o\"},\"image\":{\"@id\":\"https:\\\/\\\/redenoticiaz.com.br\\\/ribeiraopreto-regiao\\\/#\\\/schema\\\/logo\\\/image\\\/\"},\"sameAs\":[\"https:\\\/\\\/m.facebook.com\\\/redenoticiaz.barretos\",\"https:\\\/\\\/x.com\\\/RN_barretos\",\"https:\\\/\\\/www.instagram.com\\\/redenoticiaz.barretos\\\/?igshid=YmMyMTA2M2Y\",\"https:\\\/\\\/www.linkedin.com\\\/company\\\/rede-noticiaz-barretos-e-regio\\\/\"]},{\"@type\":\"Person\",\"@id\":\"\",\"url\":\"https:\\\/\\\/redenoticiaz.com.br\\\/ribeiraopreto-regiao\\\/sp\\\/author\"}]}<\/script>\n<!-- \/ Yoast SEO plugin. -->","yoast_head_json":{"title":"Barretos tem novo Projeto de Trabalho Social Luis Spina - Ribeir\u00e3o Preto e Regi\u00e3o","description":"Uma a\u00e7\u00e3o em parceria entre a Prefeitura de Barretos e o Senac, com o objetivo de promover o desenvolvimento social, humano e comunit\u00e1rio.","robots":{"index":"index","follow":"follow","max-snippet":"max-snippet:-1","max-image-preview":"max-image-preview:large","max-video-preview":"max-video-preview:-1"},"canonical":"https:\/\/redenoticiaz.com.br\/ribeiraopreto-regiao\/sp\/2022\/03\/25\/barretos-tem-novo-projeto-de-trabalho-social-luis-spina","og_locale":"pt_BR","og_type":"article","og_title":"Barretos tem novo Projeto de Trabalho Social Luis Spina - Ribeir\u00e3o Preto e Regi\u00e3o","og_description":"Uma a\u00e7\u00e3o em parceria entre a Prefeitura de Barretos e o Senac, com o objetivo de promover o desenvolvimento social, humano e comunit\u00e1rio.","og_url":"https:\/\/redenoticiaz.com.br\/ribeiraopreto-regiao\/sp\/2022\/03\/25\/barretos-tem-novo-projeto-de-trabalho-social-luis-spina","og_site_name":"Ribeir\u00e3o Preto e Regi\u00e3o","article_publisher":"https:\/\/m.facebook.com\/redenoticiaz.barretos","article_published_time":"2022-03-25T20:48:06+00:00","og_image":[{"width":940,"height":788,"url":"https:\/\/redenoticiaz.com.br\/ribeiraopreto-regiao\/wp-content\/uploads\/sites\/4\/2022\/03\/dia-internacional-da-mulher-inspiracao-facebook-post-1-1.png","type":"image\/png"}],"twitter_card":"summary_large_image","twitter_creator":"@RN_barretos","twitter_site":"@RN_barretos","twitter_misc":{"Escrito por":"","Est. tempo de leitura":"3 minutos"},"schema":{"@context":"https:\/\/schema.org","@graph":[{"@type":"Article","@id":"https:\/\/redenoticiaz.com.br\/ribeiraopreto-regiao\/sp\/2022\/03\/25\/barretos-tem-novo-projeto-de-trabalho-social-luis-spina#article","isPartOf":{"@id":"https:\/\/redenoticiaz.com.br\/ribeiraopreto-regiao\/sp\/2022\/03\/25\/barretos-tem-novo-projeto-de-trabalho-social-luis-spina"},"author":{"name":"","@id":""},"headline":"Barretos tem novo Projeto de Trabalho Social Luis Spina","datePublished":"2022-03-25T20:48:06+00:00","mainEntityOfPage":{"@id":"https:\/\/redenoticiaz.com.br\/ribeiraopreto-regiao\/sp\/2022\/03\/25\/barretos-tem-novo-projeto-de-trabalho-social-luis-spina"},"wordCount":538,"commentCount":0,"publisher":{"@id":"https:\/\/redenoticiaz.com.br\/ribeiraopreto-regiao\/#organization"},"image":{"@id":"https:\/\/redenoticiaz.com.br\/ribeiraopreto-regiao\/sp\/2022\/03\/25\/barretos-tem-novo-projeto-de-trabalho-social-luis-spina#primaryimage"},"thumbnailUrl":"https:\/\/redenoticiaz.com.br\/ribeiraopreto-regiao\/wp-content\/uploads\/sites\/4\/2022\/03\/dia-internacional-da-mulher-inspiracao-facebook-post-1-1.png","keywords":["LUIS SPINA","PREFEITURA DE BARRETOS","PROJETO SOCIAL","SENAC"],"articleSection":["A\u00e7\u00e3o Social"],"inLanguage":"pt-BR","potentialAction":[{"@type":"CommentAction","name":"Comment","target":["https:\/\/redenoticiaz.com.br\/ribeiraopreto-regiao\/sp\/2022\/03\/25\/barretos-tem-novo-projeto-de-trabalho-social-luis-spina#respond"]}]},{"@type":"WebPage","@id":"https:\/\/redenoticiaz.com.br\/ribeiraopreto-regiao\/sp\/2022\/03\/25\/barretos-tem-novo-projeto-de-trabalho-social-luis-spina","url":"https:\/\/redenoticiaz.com.br\/ribeiraopreto-regiao\/sp\/2022\/03\/25\/barretos-tem-novo-projeto-de-trabalho-social-luis-spina","name":"Barretos tem novo Projeto de Trabalho Social Luis Spina - Ribeir\u00e3o Preto e Regi\u00e3o","isPartOf":{"@id":"https:\/\/redenoticiaz.com.br\/ribeiraopreto-regiao\/#website"},"primaryImageOfPage":{"@id":"https:\/\/redenoticiaz.com.br\/ribeiraopreto-regiao\/sp\/2022\/03\/25\/barretos-tem-novo-projeto-de-trabalho-social-luis-spina#primaryimage"},"image":{"@id":"https:\/\/redenoticiaz.com.br\/ribeiraopreto-regiao\/sp\/2022\/03\/25\/barretos-tem-novo-projeto-de-trabalho-social-luis-spina#primaryimage"},"thumbnailUrl":"https:\/\/redenoticiaz.com.br\/ribeiraopreto-regiao\/wp-content\/uploads\/sites\/4\/2022\/03\/dia-internacional-da-mulher-inspiracao-facebook-post-1-1.png","datePublished":"2022-03-25T20:48:06+00:00","description":"Uma a\u00e7\u00e3o em parceria entre a Prefeitura de Barretos e o Senac, com o objetivo de promover o desenvolvimento social, humano e comunit\u00e1rio.","inLanguage":"pt-BR","potentialAction":[{"@type":"ReadAction","target":["https:\/\/redenoticiaz.com.br\/ribeiraopreto-regiao\/sp\/2022\/03\/25\/barretos-tem-novo-projeto-de-trabalho-social-luis-spina"]}]},{"@type":"ImageObject","inLanguage":"pt-BR","@id":"https:\/\/redenoticiaz.com.br\/ribeiraopreto-regiao\/sp\/2022\/03\/25\/barretos-tem-novo-projeto-de-trabalho-social-luis-spina#primaryimage","url":"https:\/\/redenoticiaz.com.br\/ribeiraopreto-regiao\/wp-content\/uploads\/sites\/4\/2022\/03\/dia-internacional-da-mulher-inspiracao-facebook-post-1-1.png","contentUrl":"https:\/\/redenoticiaz.com.br\/ribeiraopreto-regiao\/wp-content\/uploads\/sites\/4\/2022\/03\/dia-internacional-da-mulher-inspiracao-facebook-post-1-1.png","width":940,"height":788,"caption":"Barretos tem novo Projeto Social. Cr\u00e9dito: Divulga\u00e7\u00e3o"},{"@type":"WebSite","@id":"https:\/\/redenoticiaz.com.br\/ribeiraopreto-regiao\/#website","url":"https:\/\/redenoticiaz.com.br\/ribeiraopreto-regiao\/","name":"Ribeir\u00e3o Preto e Regi\u00e3o","description":"Rede NoticiaZ - Ribeir\u00e3o Preto e regi\u00e3o","publisher":{"@id":"https:\/\/redenoticiaz.com.br\/ribeiraopreto-regiao\/#organization"},"potentialAction":[{"@type":"SearchAction","target":{"@type":"EntryPoint","urlTemplate":"https:\/\/redenoticiaz.com.br\/ribeiraopreto-regiao\/?s={search_term_string}"},"query-input":{"@type":"PropertyValueSpecification","valueRequired":true,"valueName":"search_term_string"}}],"inLanguage":"pt-BR"},{"@type":"Organization","@id":"https:\/\/redenoticiaz.com.br\/ribeiraopreto-regiao\/#organization","name":"Ribeir\u00e3o Preto e Regi\u00e3o","url":"https:\/\/redenoticiaz.com.br\/ribeiraopreto-regiao\/","logo":{"@type":"ImageObject","inLanguage":"pt-BR","@id":"https:\/\/redenoticiaz.com.br\/ribeiraopreto-regiao\/#\/schema\/logo\/image\/","url":"https:\/\/redenoticiaz.com.br\/barretos-regiao\/wp-content\/uploads\/sites\/4\/2022\/02\/logo.jpg","contentUrl":"https:\/\/redenoticiaz.com.br\/barretos-regiao\/wp-content\/uploads\/sites\/4\/2022\/02\/logo.jpg","width":400,"height":250,"caption":"Ribeir\u00e3o Preto e Regi\u00e3o"},"image":{"@id":"https:\/\/redenoticiaz.com.br\/ribeiraopreto-regiao\/#\/schema\/logo\/image\/"},"sameAs":["https:\/\/m.facebook.com\/redenoticiaz.barretos","https:\/\/x.com\/RN_barretos","https:\/\/www.instagram.com\/redenoticiaz.barretos\/?igshid=YmMyMTA2M2Y","https:\/\/www.linkedin.com\/company\/rede-noticiaz-barretos-e-regio\/"]},{"@type":"Person","@id":"","url":"https:\/\/redenoticiaz.com.br\/ribeiraopreto-regiao\/sp\/author"}]}},"_links":{"self":[{"href":"https:\/\/redenoticiaz.com.br\/ribeiraopreto-regiao\/wp-json\/wp\/v2\/posts\/1515","targetHints":{"allow":["GET"]}}],"collection":[{"href":"https:\/\/redenoticiaz.com.br\/ribeiraopreto-regiao\/wp-json\/wp\/v2\/posts"}],"about":[{"href":"https:\/\/redenoticiaz.com.br\/ribeiraopreto-regiao\/wp-json\/wp\/v2\/types\/post"}],"author":[{"embeddable":true,"href":"https:\/\/redenoticiaz.com.br\/ribeiraopreto-regiao\/wp-json\/wp\/v2\/users\/15"}],"replies":[{"embeddable":true,"href":"https:\/\/redenoticiaz.com.br\/ribeiraopreto-regiao\/wp-json\/wp\/v2\/comments?post=1515"}],"version-history":[{"count":1,"href":"https:\/\/redenoticiaz.com.br\/ribeiraopreto-regiao\/wp-json\/wp\/v2\/posts\/1515\/revisions"}],"predecessor-version":[{"id":1519,"href":"https:\/\/redenoticiaz.com.br\/ribeiraopreto-regiao\/wp-json\/wp\/v2\/posts\/1515\/revisions\/1519"}],"wp:featuredmedia":[{"embeddable":true,"href":"https:\/\/redenoticiaz.com.br\/ribeiraopreto-regiao\/wp-json\/wp\/v2\/media\/1518"}],"wp:attachment":[{"href":"https:\/\/redenoticiaz.com.br\/ribeiraopreto-regiao\/wp-json\/wp\/v2\/media?parent=1515"}],"wp:term":[{"taxonomy":"category","embeddable":true,"href":"https:\/\/redenoticiaz.com.br\/ribeiraopreto-regiao\/wp-json\/wp\/v2\/categories?post=1515"},{"taxonomy":"post_tag","embeddable":true,"href":"https:\/\/redenoticiaz.com.br\/ribeiraopreto-regiao\/wp-json\/wp\/v2\/tags?post=1515"}],"curies":[{"name":"wp","href":"https:\/\/api.w.org\/{rel}","templated":true}]}}