{"id":1533,"date":"2022-03-25T19:30:12","date_gmt":"2022-03-25T22:30:12","guid":{"rendered":"https:\/\/redenoticiaz.com.br\/barretos-regiao\/sp\/2022\/03\/25\/video-carroes-de-luxo-apreendidos-viram-viaturas-da-policia-federal"},"modified":"2022-03-25T19:34:04","modified_gmt":"2022-03-25T22:34:04","slug":"video-carroes-de-luxo-apreendidos-viram-viaturas-da-policia-federal","status":"publish","type":"post","link":"https:\/\/redenoticiaz.com.br\/ribeiraopreto-regiao\/sp\/2022\/03\/25\/video-carroes-de-luxo-apreendidos-viram-viaturas-da-policia-federal","title":{"rendered":"V\u00cdDEO &#8211; Carr\u00f5es de luxo apreendidos viram viaturas da Pol\u00edcia Federal"},"content":{"rendered":"<p>Nesta sexta-feira (25) a <a href=\"https:\/\/www.gov.br\/pf\/pt-br\">Pol\u00edcia Federal<\/a> realizou a inaugura\u00e7\u00e3o da nova sede nacional, em Bras\u00edlia. Mas o que chamou a aten\u00e7\u00e3o mesmo foram os <strong>carr\u00f5es de luxo<\/strong>. Tratam-se de uma Lamborghini e um Dodge Challenger, que pertenciam a organiza\u00e7\u00f5es criminosas, mas agora se tornaram viaturas da corpora\u00e7\u00e3o.<\/p>\n<p>De acordo com a Pol\u00edcia Federal, a Lamborghini exposta pertenceu ao falso &#8220;Rei do Bitcoin&#8221;, Claudio Oliveira, e foi apreendida na Opera\u00e7\u00e3o Daemon, que investiga uma quadrilha suspeita de aplicar golpes com criptomoedas.<\/p>\n<p>Modelo Gallardo LP 560-4, ela \u00e9 avaliada em cerca de R$ 800 mil e est\u00e1 equipada com motor de 10 cilindros e pot\u00eancia de 560 cavalos-vapor, indo de zero a 100 quil\u00f4metros por hora em 3,7 segundos. A velocidade m\u00e1xima \u00e9 de 325 km\/h.<\/p>\n<p>No entanto, apesar de se tornarem viaturas, elas n\u00e3o ser\u00e3o utilizadas na grande maioria das opera\u00e7\u00f5es. O motivo, de acordo com a Pol\u00edcia Federal, as investiga\u00e7\u00e7\u00f5es requerem sigilo e descri\u00e7\u00f5es e os veiculos chamariam demais a aten\u00e7\u00e3o.<\/p>\n<p>O objetivo de caracterizar esses ve\u00edculos com o emblema da PF serviria, segundo esses policiais, para demonstrar a atua\u00e7\u00e3o da pol\u00edcia em desmontar o objetivo lucrativo de organiza\u00e7\u00f5es criminosas, seja nos crimes &#8220;de sangue&#8221; ou nos de &#8220;colarinho branco&#8221;.<\/p>\n<h5>Veja o v\u00eddeo:<\/h5>\n<div style=\"width: 480px;\" class=\"wp-video\"><video class=\"wp-video-shortcode\" id=\"video-1533-1\" width=\"480\" height=\"480\" preload=\"metadata\" controls=\"controls\"><source type=\"video\/mp4\" src=\"https:\/\/redenoticiaz.com.br\/barretos-regiao\/wp-content\/uploads\/sites\/4\/2022\/03\/pf-expoe-lamborghini-avaliada-em-r-800-mil-dodge-challenger-e-outras-maquinas.mp4?_=1\" \/><a href=\"https:\/\/redenoticiaz.com.br\/barretos-regiao\/wp-content\/uploads\/sites\/4\/2022\/03\/pf-expoe-lamborghini-avaliada-em-r-800-mil-dodge-challenger-e-outras-maquinas.mp4\">https:\/\/redenoticiaz.com.br\/barretos-regiao\/wp-content\/uploads\/sites\/4\/2022\/03\/pf-expoe-lamborghini-avaliada-em-r-800-mil-dodge-challenger-e-outras-maquinas.mp4<\/a><\/video><\/div>\n<h3>Nova sede<\/h3>\n<p>A nova sede da PF \u00e9 formada por tr\u00eas torres alugadas em \u00e1rea nobre da Asa Norte, com mais de 30 andares e 18 mil metros quadrados.<\/p>\n<p>Com os novos pr\u00e9dios, a corpora\u00e7\u00e3o deixa o &#8220;M\u00e1scara Negra&#8221;, pr\u00e9dio no Setor de Autarquias Sul que funcionou durante 47 anos como sua sede.<\/p>\n<p><strong>LEIA TAMB\u00c9M<\/strong><\/p>\n<p><a href=\"https:\/\/redenoticiaz.com.br\/blog\/2022\/03\/25\/policia-federal-apreende-cocaina-dentro-de-garrafas-no-aeroporto-de-congonhas\">Pol\u00edcia Federal apreende coca\u00edna dentro de garrafas no Aeroporto de Congonhas<\/a><\/p>\n","protected":false},"excerpt":{"rendered":"<p>Nesta sexta-feira (25) a Pol\u00edcia Federal realizou a inaugura\u00e7\u00e3o da nova sede nacional, em Bras\u00edlia. Mas o que chamou a aten\u00e7\u00e3o mesmo foram os carr\u00f5es de luxo. Tratam-se de uma Lamborghini e um Dodge Challenger, que pertenciam a organiza\u00e7\u00f5es criminosas, mas agora se tornaram viaturas da corpora\u00e7\u00e3o. De acordo com a Pol\u00edcia Federal, a Lamborghini &hellip;<\/p>\n","protected":false},"author":6,"featured_media":1535,"comment_status":"open","ping_status":"closed","sticky":false,"template":"","format":"standard","meta":{"footnotes":""},"categories":[88],"tags":[6177,6178,6179,3681,6180],"class_list":["post-1533","post","type-post","status-publish","format-standard","has-post-thumbnail","hentry","category-policia","tag-carroes-de-luxo","tag-dodge","tag-lamborghini","tag-policia-federal","tag-veiculos-apreendidos"],"yoast_head":"<!-- This site is optimized with the Yoast SEO plugin v27.4 - https:\/\/yoast.com\/product\/yoast-seo-wordpress\/ -->\n<title>V\u00cdDEO - Carr\u00f5es de luxo apreendidos viram viaturas da Pol\u00edcia Federal - Ribeir\u00e3o Preto e Regi\u00e3o<\/title>\n<meta name=\"description\" content=\"realizou a inaugura\u00e7\u00e3o da nova sede nacional, em Bras\u00edlia. Mas o que chamou a aten\u00e7\u00e3o mesmo foram os carr\u00f5es de luxo. Tratam-se\" \/>\n<meta name=\"robots\" content=\"index, follow, max-snippet:-1, max-image-preview:large, max-video-preview:-1\" \/>\n<link rel=\"canonical\" href=\"https:\/\/redenoticiaz.com.br\/ribeiraopreto-regiao\/sp\/2022\/03\/25\/video-carroes-de-luxo-apreendidos-viram-viaturas-da-policia-federal\" \/>\n<meta property=\"og:locale\" content=\"pt_BR\" \/>\n<meta property=\"og:type\" content=\"article\" \/>\n<meta property=\"og:title\" content=\"V\u00cdDEO - Carr\u00f5es de luxo apreendidos viram viaturas da Pol\u00edcia Federal - Ribeir\u00e3o Preto e Regi\u00e3o\" \/>\n<meta property=\"og:description\" content=\"realizou a inaugura\u00e7\u00e3o da nova sede nacional, em Bras\u00edlia. Mas o que chamou a aten\u00e7\u00e3o mesmo foram os carr\u00f5es de luxo. Tratam-se\" \/>\n<meta property=\"og:url\" content=\"https:\/\/redenoticiaz.com.br\/ribeiraopreto-regiao\/sp\/2022\/03\/25\/video-carroes-de-luxo-apreendidos-viram-viaturas-da-policia-federal\" \/>\n<meta property=\"og:site_name\" content=\"Ribeir\u00e3o Preto e Regi\u00e3o\" \/>\n<meta property=\"article:publisher\" content=\"https:\/\/m.facebook.com\/redenoticiaz.barretos\" \/>\n<meta property=\"article:published_time\" content=\"2022-03-25T22:30:12+00:00\" \/>\n<meta property=\"article:modified_time\" content=\"2022-03-25T22:34:04+00:00\" \/>\n<meta property=\"og:image\" content=\"https:\/\/redenoticiaz.com.br\/ribeiraopreto-regiao\/wp-content\/uploads\/sites\/4\/2022\/02\/logo.jpg\" \/>\n\t<meta property=\"og:image:width\" content=\"400\" \/>\n\t<meta property=\"og:image:height\" content=\"250\" \/>\n\t<meta property=\"og:image:type\" content=\"image\/jpeg\" \/>\n<meta name=\"author\" content=\"Leonardo Francisco\" \/>\n<meta name=\"twitter:card\" content=\"summary_large_image\" \/>\n<meta name=\"twitter:creator\" content=\"@RN_barretos\" \/>\n<meta name=\"twitter:site\" content=\"@RN_barretos\" \/>\n<meta name=\"twitter:label1\" content=\"Escrito por\" \/>\n\t<meta name=\"twitter:data1\" content=\"Leonardo Francisco\" \/>\n\t<meta name=\"twitter:label2\" content=\"Est. tempo de leitura\" \/>\n\t<meta name=\"twitter:data2\" content=\"2 minutos\" \/>\n<script type=\"application\/ld+json\" class=\"yoast-schema-graph\">{\"@context\":\"https:\\\/\\\/schema.org\",\"@graph\":[{\"@type\":\"Article\",\"@id\":\"https:\\\/\\\/redenoticiaz.com.br\\\/ribeiraopreto-regiao\\\/sp\\\/2022\\\/03\\\/25\\\/video-carroes-de-luxo-apreendidos-viram-viaturas-da-policia-federal#article\",\"isPartOf\":{\"@id\":\"https:\\\/\\\/redenoticiaz.com.br\\\/ribeiraopreto-regiao\\\/sp\\\/2022\\\/03\\\/25\\\/video-carroes-de-luxo-apreendidos-viram-viaturas-da-policia-federal\"},\"author\":{\"name\":\"Leonardo Francisco\",\"@id\":\"https:\\\/\\\/redenoticiaz.com.br\\\/ribeiraopreto-regiao\\\/#\\\/schema\\\/person\\\/0f0b8a5bdafefe82841e07ae8d81ecb3\"},\"headline\":\"V\u00cdDEO &#8211; Carr\u00f5es de luxo apreendidos viram viaturas da Pol\u00edcia Federal\",\"datePublished\":\"2022-03-25T22:30:12+00:00\",\"dateModified\":\"2022-03-25T22:34:04+00:00\",\"mainEntityOfPage\":{\"@id\":\"https:\\\/\\\/redenoticiaz.com.br\\\/ribeiraopreto-regiao\\\/sp\\\/2022\\\/03\\\/25\\\/video-carroes-de-luxo-apreendidos-viram-viaturas-da-policia-federal\"},\"wordCount\":319,\"commentCount\":0,\"publisher\":{\"@id\":\"https:\\\/\\\/redenoticiaz.com.br\\\/ribeiraopreto-regiao\\\/#organization\"},\"image\":{\"@id\":\"https:\\\/\\\/redenoticiaz.com.br\\\/ribeiraopreto-regiao\\\/sp\\\/2022\\\/03\\\/25\\\/video-carroes-de-luxo-apreendidos-viram-viaturas-da-policia-federal#primaryimage\"},\"thumbnailUrl\":\"https:\\\/\\\/redenoticiaz.com.br\\\/ribeiraopreto-regiao\\\/wp-content\\\/uploads\\\/sites\\\/4\\\/2022\\\/03\\\/whatsapp-image-2022-03-25-at-16-22-06.jpeg?v=1648245906\",\"keywords\":[\"CARR\u00d5ES DE LUXO\",\"DODGE\",\"LAMBORGHINI\",\"policia federal\",\"VE\u00cdCULOS APREENDIDOS\"],\"articleSection\":[\"Pol\u00edcia\"],\"inLanguage\":\"pt-BR\",\"potentialAction\":[{\"@type\":\"CommentAction\",\"name\":\"Comment\",\"target\":[\"https:\\\/\\\/redenoticiaz.com.br\\\/ribeiraopreto-regiao\\\/sp\\\/2022\\\/03\\\/25\\\/video-carroes-de-luxo-apreendidos-viram-viaturas-da-policia-federal#respond\"]}]},{\"@type\":\"WebPage\",\"@id\":\"https:\\\/\\\/redenoticiaz.com.br\\\/ribeiraopreto-regiao\\\/sp\\\/2022\\\/03\\\/25\\\/video-carroes-de-luxo-apreendidos-viram-viaturas-da-policia-federal\",\"url\":\"https:\\\/\\\/redenoticiaz.com.br\\\/ribeiraopreto-regiao\\\/sp\\\/2022\\\/03\\\/25\\\/video-carroes-de-luxo-apreendidos-viram-viaturas-da-policia-federal\",\"name\":\"V\u00cdDEO - Carr\u00f5es de luxo apreendidos viram viaturas da Pol\u00edcia Federal - Ribeir\u00e3o Preto e Regi\u00e3o\",\"isPartOf\":{\"@id\":\"https:\\\/\\\/redenoticiaz.com.br\\\/ribeiraopreto-regiao\\\/#website\"},\"primaryImageOfPage\":{\"@id\":\"https:\\\/\\\/redenoticiaz.com.br\\\/ribeiraopreto-regiao\\\/sp\\\/2022\\\/03\\\/25\\\/video-carroes-de-luxo-apreendidos-viram-viaturas-da-policia-federal#primaryimage\"},\"image\":{\"@id\":\"https:\\\/\\\/redenoticiaz.com.br\\\/ribeiraopreto-regiao\\\/sp\\\/2022\\\/03\\\/25\\\/video-carroes-de-luxo-apreendidos-viram-viaturas-da-policia-federal#primaryimage\"},\"thumbnailUrl\":\"https:\\\/\\\/redenoticiaz.com.br\\\/ribeiraopreto-regiao\\\/wp-content\\\/uploads\\\/sites\\\/4\\\/2022\\\/03\\\/whatsapp-image-2022-03-25-at-16-22-06.jpeg?v=1648245906\",\"datePublished\":\"2022-03-25T22:30:12+00:00\",\"dateModified\":\"2022-03-25T22:34:04+00:00\",\"description\":\"realizou a inaugura\u00e7\u00e3o da nova sede nacional, em Bras\u00edlia. Mas o que chamou a aten\u00e7\u00e3o mesmo foram os carr\u00f5es de luxo. Tratam-se\",\"inLanguage\":\"pt-BR\",\"potentialAction\":[{\"@type\":\"ReadAction\",\"target\":[\"https:\\\/\\\/redenoticiaz.com.br\\\/ribeiraopreto-regiao\\\/sp\\\/2022\\\/03\\\/25\\\/video-carroes-de-luxo-apreendidos-viram-viaturas-da-policia-federal\"]}]},{\"@type\":\"ImageObject\",\"inLanguage\":\"pt-BR\",\"@id\":\"https:\\\/\\\/redenoticiaz.com.br\\\/ribeiraopreto-regiao\\\/sp\\\/2022\\\/03\\\/25\\\/video-carroes-de-luxo-apreendidos-viram-viaturas-da-policia-federal#primaryimage\",\"url\":\"https:\\\/\\\/redenoticiaz.com.br\\\/ribeiraopreto-regiao\\\/wp-content\\\/uploads\\\/sites\\\/4\\\/2022\\\/03\\\/whatsapp-image-2022-03-25-at-16-22-06.jpeg?v=1648245906\",\"contentUrl\":\"https:\\\/\\\/redenoticiaz.com.br\\\/ribeiraopreto-regiao\\\/wp-content\\\/uploads\\\/sites\\\/4\\\/2022\\\/03\\\/whatsapp-image-2022-03-25-at-16-22-06.jpeg?v=1648245906\",\"width\":1200,\"height\":740,\"caption\":\"Cr\u00e9ditos: Divulga\u00e7\u00e3o\\\/Pol\u00edcia Federal\"},{\"@type\":\"WebSite\",\"@id\":\"https:\\\/\\\/redenoticiaz.com.br\\\/ribeiraopreto-regiao\\\/#website\",\"url\":\"https:\\\/\\\/redenoticiaz.com.br\\\/ribeiraopreto-regiao\\\/\",\"name\":\"Ribeir\u00e3o Preto e Regi\u00e3o\",\"description\":\"Rede NoticiaZ - Ribeir\u00e3o Preto e regi\u00e3o\",\"publisher\":{\"@id\":\"https:\\\/\\\/redenoticiaz.com.br\\\/ribeiraopreto-regiao\\\/#organization\"},\"potentialAction\":[{\"@type\":\"SearchAction\",\"target\":{\"@type\":\"EntryPoint\",\"urlTemplate\":\"https:\\\/\\\/redenoticiaz.com.br\\\/ribeiraopreto-regiao\\\/?s={search_term_string}\"},\"query-input\":{\"@type\":\"PropertyValueSpecification\",\"valueRequired\":true,\"valueName\":\"search_term_string\"}}],\"inLanguage\":\"pt-BR\"},{\"@type\":\"Organization\",\"@id\":\"https:\\\/\\\/redenoticiaz.com.br\\\/ribeiraopreto-regiao\\\/#organization\",\"name\":\"Ribeir\u00e3o Preto e Regi\u00e3o\",\"url\":\"https:\\\/\\\/redenoticiaz.com.br\\\/ribeiraopreto-regiao\\\/\",\"logo\":{\"@type\":\"ImageObject\",\"inLanguage\":\"pt-BR\",\"@id\":\"https:\\\/\\\/redenoticiaz.com.br\\\/ribeiraopreto-regiao\\\/#\\\/schema\\\/logo\\\/image\\\/\",\"url\":\"https:\\\/\\\/redenoticiaz.com.br\\\/barretos-regiao\\\/wp-content\\\/uploads\\\/sites\\\/4\\\/2022\\\/02\\\/logo.jpg\",\"contentUrl\":\"https:\\\/\\\/redenoticiaz.com.br\\\/barretos-regiao\\\/wp-content\\\/uploads\\\/sites\\\/4\\\/2022\\\/02\\\/logo.jpg\",\"width\":400,\"height\":250,\"caption\":\"Ribeir\u00e3o Preto e Regi\u00e3o\"},\"image\":{\"@id\":\"https:\\\/\\\/redenoticiaz.com.br\\\/ribeiraopreto-regiao\\\/#\\\/schema\\\/logo\\\/image\\\/\"},\"sameAs\":[\"https:\\\/\\\/m.facebook.com\\\/redenoticiaz.barretos\",\"https:\\\/\\\/x.com\\\/RN_barretos\",\"https:\\\/\\\/www.instagram.com\\\/redenoticiaz.barretos\\\/?igshid=YmMyMTA2M2Y\",\"https:\\\/\\\/www.linkedin.com\\\/company\\\/rede-noticiaz-barretos-e-regio\\\/\"]},{\"@type\":\"Person\",\"@id\":\"https:\\\/\\\/redenoticiaz.com.br\\\/ribeiraopreto-regiao\\\/#\\\/schema\\\/person\\\/0f0b8a5bdafefe82841e07ae8d81ecb3\",\"name\":\"Leonardo Francisco\",\"image\":{\"@type\":\"ImageObject\",\"inLanguage\":\"pt-BR\",\"@id\":\"https:\\\/\\\/secure.gravatar.com\\\/avatar\\\/a7358cb406a99b682ec6df1e77e31ae82e63601f6784e8a3df411d72b37864da?s=96&d=mm&r=g\",\"url\":\"https:\\\/\\\/secure.gravatar.com\\\/avatar\\\/a7358cb406a99b682ec6df1e77e31ae82e63601f6784e8a3df411d72b37864da?s=96&d=mm&r=g\",\"contentUrl\":\"https:\\\/\\\/secure.gravatar.com\\\/avatar\\\/a7358cb406a99b682ec6df1e77e31ae82e63601f6784e8a3df411d72b37864da?s=96&d=mm&r=g\",\"caption\":\"Leonardo Francisco\"},\"url\":\"https:\\\/\\\/redenoticiaz.com.br\\\/ribeiraopreto-regiao\\\/sp\\\/author\\\/leonardo-francisco\"}]}<\/script>\n<!-- \/ Yoast SEO plugin. -->","yoast_head_json":{"title":"V\u00cdDEO - Carr\u00f5es de luxo apreendidos viram viaturas da Pol\u00edcia Federal - Ribeir\u00e3o Preto e Regi\u00e3o","description":"realizou a inaugura\u00e7\u00e3o da nova sede nacional, em Bras\u00edlia. Mas o que chamou a aten\u00e7\u00e3o mesmo foram os carr\u00f5es de luxo. Tratam-se","robots":{"index":"index","follow":"follow","max-snippet":"max-snippet:-1","max-image-preview":"max-image-preview:large","max-video-preview":"max-video-preview:-1"},"canonical":"https:\/\/redenoticiaz.com.br\/ribeiraopreto-regiao\/sp\/2022\/03\/25\/video-carroes-de-luxo-apreendidos-viram-viaturas-da-policia-federal","og_locale":"pt_BR","og_type":"article","og_title":"V\u00cdDEO - Carr\u00f5es de luxo apreendidos viram viaturas da Pol\u00edcia Federal - Ribeir\u00e3o Preto e Regi\u00e3o","og_description":"realizou a inaugura\u00e7\u00e3o da nova sede nacional, em Bras\u00edlia. Mas o que chamou a aten\u00e7\u00e3o mesmo foram os carr\u00f5es de luxo. Tratam-se","og_url":"https:\/\/redenoticiaz.com.br\/ribeiraopreto-regiao\/sp\/2022\/03\/25\/video-carroes-de-luxo-apreendidos-viram-viaturas-da-policia-federal","og_site_name":"Ribeir\u00e3o Preto e Regi\u00e3o","article_publisher":"https:\/\/m.facebook.com\/redenoticiaz.barretos","article_published_time":"2022-03-25T22:30:12+00:00","article_modified_time":"2022-03-25T22:34:04+00:00","og_image":[{"width":400,"height":250,"url":"https:\/\/redenoticiaz.com.br\/ribeiraopreto-regiao\/wp-content\/uploads\/sites\/4\/2022\/02\/logo.jpg","type":"image\/jpeg"}],"author":"Leonardo Francisco","twitter_card":"summary_large_image","twitter_creator":"@RN_barretos","twitter_site":"@RN_barretos","twitter_misc":{"Escrito por":"Leonardo Francisco","Est. tempo de leitura":"2 minutos"},"schema":{"@context":"https:\/\/schema.org","@graph":[{"@type":"Article","@id":"https:\/\/redenoticiaz.com.br\/ribeiraopreto-regiao\/sp\/2022\/03\/25\/video-carroes-de-luxo-apreendidos-viram-viaturas-da-policia-federal#article","isPartOf":{"@id":"https:\/\/redenoticiaz.com.br\/ribeiraopreto-regiao\/sp\/2022\/03\/25\/video-carroes-de-luxo-apreendidos-viram-viaturas-da-policia-federal"},"author":{"name":"Leonardo Francisco","@id":"https:\/\/redenoticiaz.com.br\/ribeiraopreto-regiao\/#\/schema\/person\/0f0b8a5bdafefe82841e07ae8d81ecb3"},"headline":"V\u00cdDEO &#8211; Carr\u00f5es de luxo apreendidos viram viaturas da Pol\u00edcia Federal","datePublished":"2022-03-25T22:30:12+00:00","dateModified":"2022-03-25T22:34:04+00:00","mainEntityOfPage":{"@id":"https:\/\/redenoticiaz.com.br\/ribeiraopreto-regiao\/sp\/2022\/03\/25\/video-carroes-de-luxo-apreendidos-viram-viaturas-da-policia-federal"},"wordCount":319,"commentCount":0,"publisher":{"@id":"https:\/\/redenoticiaz.com.br\/ribeiraopreto-regiao\/#organization"},"image":{"@id":"https:\/\/redenoticiaz.com.br\/ribeiraopreto-regiao\/sp\/2022\/03\/25\/video-carroes-de-luxo-apreendidos-viram-viaturas-da-policia-federal#primaryimage"},"thumbnailUrl":"https:\/\/redenoticiaz.com.br\/ribeiraopreto-regiao\/wp-content\/uploads\/sites\/4\/2022\/03\/whatsapp-image-2022-03-25-at-16-22-06.jpeg?v=1648245906","keywords":["CARR\u00d5ES DE LUXO","DODGE","LAMBORGHINI","policia federal","VE\u00cdCULOS APREENDIDOS"],"articleSection":["Pol\u00edcia"],"inLanguage":"pt-BR","potentialAction":[{"@type":"CommentAction","name":"Comment","target":["https:\/\/redenoticiaz.com.br\/ribeiraopreto-regiao\/sp\/2022\/03\/25\/video-carroes-de-luxo-apreendidos-viram-viaturas-da-policia-federal#respond"]}]},{"@type":"WebPage","@id":"https:\/\/redenoticiaz.com.br\/ribeiraopreto-regiao\/sp\/2022\/03\/25\/video-carroes-de-luxo-apreendidos-viram-viaturas-da-policia-federal","url":"https:\/\/redenoticiaz.com.br\/ribeiraopreto-regiao\/sp\/2022\/03\/25\/video-carroes-de-luxo-apreendidos-viram-viaturas-da-policia-federal","name":"V\u00cdDEO - Carr\u00f5es de luxo apreendidos viram viaturas da Pol\u00edcia Federal - Ribeir\u00e3o Preto e Regi\u00e3o","isPartOf":{"@id":"https:\/\/redenoticiaz.com.br\/ribeiraopreto-regiao\/#website"},"primaryImageOfPage":{"@id":"https:\/\/redenoticiaz.com.br\/ribeiraopreto-regiao\/sp\/2022\/03\/25\/video-carroes-de-luxo-apreendidos-viram-viaturas-da-policia-federal#primaryimage"},"image":{"@id":"https:\/\/redenoticiaz.com.br\/ribeiraopreto-regiao\/sp\/2022\/03\/25\/video-carroes-de-luxo-apreendidos-viram-viaturas-da-policia-federal#primaryimage"},"thumbnailUrl":"https:\/\/redenoticiaz.com.br\/ribeiraopreto-regiao\/wp-content\/uploads\/sites\/4\/2022\/03\/whatsapp-image-2022-03-25-at-16-22-06.jpeg?v=1648245906","datePublished":"2022-03-25T22:30:12+00:00","dateModified":"2022-03-25T22:34:04+00:00","description":"realizou a inaugura\u00e7\u00e3o da nova sede nacional, em Bras\u00edlia. Mas o que chamou a aten\u00e7\u00e3o mesmo foram os carr\u00f5es de luxo. Tratam-se","inLanguage":"pt-BR","potentialAction":[{"@type":"ReadAction","target":["https:\/\/redenoticiaz.com.br\/ribeiraopreto-regiao\/sp\/2022\/03\/25\/video-carroes-de-luxo-apreendidos-viram-viaturas-da-policia-federal"]}]},{"@type":"ImageObject","inLanguage":"pt-BR","@id":"https:\/\/redenoticiaz.com.br\/ribeiraopreto-regiao\/sp\/2022\/03\/25\/video-carroes-de-luxo-apreendidos-viram-viaturas-da-policia-federal#primaryimage","url":"https:\/\/redenoticiaz.com.br\/ribeiraopreto-regiao\/wp-content\/uploads\/sites\/4\/2022\/03\/whatsapp-image-2022-03-25-at-16-22-06.jpeg?v=1648245906","contentUrl":"https:\/\/redenoticiaz.com.br\/ribeiraopreto-regiao\/wp-content\/uploads\/sites\/4\/2022\/03\/whatsapp-image-2022-03-25-at-16-22-06.jpeg?v=1648245906","width":1200,"height":740,"caption":"Cr\u00e9ditos: Divulga\u00e7\u00e3o\/Pol\u00edcia Federal"},{"@type":"WebSite","@id":"https:\/\/redenoticiaz.com.br\/ribeiraopreto-regiao\/#website","url":"https:\/\/redenoticiaz.com.br\/ribeiraopreto-regiao\/","name":"Ribeir\u00e3o Preto e Regi\u00e3o","description":"Rede NoticiaZ - Ribeir\u00e3o Preto e regi\u00e3o","publisher":{"@id":"https:\/\/redenoticiaz.com.br\/ribeiraopreto-regiao\/#organization"},"potentialAction":[{"@type":"SearchAction","target":{"@type":"EntryPoint","urlTemplate":"https:\/\/redenoticiaz.com.br\/ribeiraopreto-regiao\/?s={search_term_string}"},"query-input":{"@type":"PropertyValueSpecification","valueRequired":true,"valueName":"search_term_string"}}],"inLanguage":"pt-BR"},{"@type":"Organization","@id":"https:\/\/redenoticiaz.com.br\/ribeiraopreto-regiao\/#organization","name":"Ribeir\u00e3o Preto e Regi\u00e3o","url":"https:\/\/redenoticiaz.com.br\/ribeiraopreto-regiao\/","logo":{"@type":"ImageObject","inLanguage":"pt-BR","@id":"https:\/\/redenoticiaz.com.br\/ribeiraopreto-regiao\/#\/schema\/logo\/image\/","url":"https:\/\/redenoticiaz.com.br\/barretos-regiao\/wp-content\/uploads\/sites\/4\/2022\/02\/logo.jpg","contentUrl":"https:\/\/redenoticiaz.com.br\/barretos-regiao\/wp-content\/uploads\/sites\/4\/2022\/02\/logo.jpg","width":400,"height":250,"caption":"Ribeir\u00e3o Preto e Regi\u00e3o"},"image":{"@id":"https:\/\/redenoticiaz.com.br\/ribeiraopreto-regiao\/#\/schema\/logo\/image\/"},"sameAs":["https:\/\/m.facebook.com\/redenoticiaz.barretos","https:\/\/x.com\/RN_barretos","https:\/\/www.instagram.com\/redenoticiaz.barretos\/?igshid=YmMyMTA2M2Y","https:\/\/www.linkedin.com\/company\/rede-noticiaz-barretos-e-regio\/"]},{"@type":"Person","@id":"https:\/\/redenoticiaz.com.br\/ribeiraopreto-regiao\/#\/schema\/person\/0f0b8a5bdafefe82841e07ae8d81ecb3","name":"Leonardo Francisco","image":{"@type":"ImageObject","inLanguage":"pt-BR","@id":"https:\/\/secure.gravatar.com\/avatar\/a7358cb406a99b682ec6df1e77e31ae82e63601f6784e8a3df411d72b37864da?s=96&d=mm&r=g","url":"https:\/\/secure.gravatar.com\/avatar\/a7358cb406a99b682ec6df1e77e31ae82e63601f6784e8a3df411d72b37864da?s=96&d=mm&r=g","contentUrl":"https:\/\/secure.gravatar.com\/avatar\/a7358cb406a99b682ec6df1e77e31ae82e63601f6784e8a3df411d72b37864da?s=96&d=mm&r=g","caption":"Leonardo Francisco"},"url":"https:\/\/redenoticiaz.com.br\/ribeiraopreto-regiao\/sp\/author\/leonardo-francisco"}]}},"_links":{"self":[{"href":"https:\/\/redenoticiaz.com.br\/ribeiraopreto-regiao\/wp-json\/wp\/v2\/posts\/1533","targetHints":{"allow":["GET"]}}],"collection":[{"href":"https:\/\/redenoticiaz.com.br\/ribeiraopreto-regiao\/wp-json\/wp\/v2\/posts"}],"about":[{"href":"https:\/\/redenoticiaz.com.br\/ribeiraopreto-regiao\/wp-json\/wp\/v2\/types\/post"}],"author":[{"embeddable":true,"href":"https:\/\/redenoticiaz.com.br\/ribeiraopreto-regiao\/wp-json\/wp\/v2\/users\/6"}],"replies":[{"embeddable":true,"href":"https:\/\/redenoticiaz.com.br\/ribeiraopreto-regiao\/wp-json\/wp\/v2\/comments?post=1533"}],"version-history":[{"count":2,"href":"https:\/\/redenoticiaz.com.br\/ribeiraopreto-regiao\/wp-json\/wp\/v2\/posts\/1533\/revisions"}],"predecessor-version":[{"id":1538,"href":"https:\/\/redenoticiaz.com.br\/ribeiraopreto-regiao\/wp-json\/wp\/v2\/posts\/1533\/revisions\/1538"}],"wp:featuredmedia":[{"embeddable":true,"href":"https:\/\/redenoticiaz.com.br\/ribeiraopreto-regiao\/wp-json\/wp\/v2\/media\/1535"}],"wp:attachment":[{"href":"https:\/\/redenoticiaz.com.br\/ribeiraopreto-regiao\/wp-json\/wp\/v2\/media?parent=1533"}],"wp:term":[{"taxonomy":"category","embeddable":true,"href":"https:\/\/redenoticiaz.com.br\/ribeiraopreto-regiao\/wp-json\/wp\/v2\/categories?post=1533"},{"taxonomy":"post_tag","embeddable":true,"href":"https:\/\/redenoticiaz.com.br\/ribeiraopreto-regiao\/wp-json\/wp\/v2\/tags?post=1533"}],"curies":[{"name":"wp","href":"https:\/\/api.w.org\/{rel}","templated":true}]}}