{"id":1539,"date":"2022-03-25T21:19:57","date_gmt":"2022-03-26T00:19:57","guid":{"rendered":"https:\/\/redenoticiaz.com.br\/barretos-regiao\/sp\/2022\/03\/25\/policia-apreende-r-500-mil-de-irmao-do-senador-alcolumbre"},"modified":"2022-03-25T21:20:45","modified_gmt":"2022-03-26T00:20:45","slug":"policia-apreende-r-500-mil-de-irmao-do-senador-alcolumbre","status":"publish","type":"post","link":"https:\/\/redenoticiaz.com.br\/ribeiraopreto-regiao\/sp\/2022\/03\/25\/policia-apreende-r-500-mil-de-irmao-do-senador-alcolumbre","title":{"rendered":"Pol\u00edcia apreende R$ 500 mil de irm\u00e3o do senador Alcolumbre"},"content":{"rendered":"<p><strong>Cerca de R$ 500 mil foram apreendidos<\/strong> pela Pol\u00edcia Militar em <a href=\"https:\/\/www.capital.sp.gov.br\/\">S\u00e3o Paulo<\/a> nesta sexta-feira (25). Ela ocorreu durante uma blitz e estava com o\u00a0advogado Alberto Samuel Alcolumbre Tobelem, irm\u00e3o do senador Davi Alcolumbre (Uni\u00e3o Brasil-AP).<\/p>\n<p>A abordagem aconteceu ap\u00f3s os policiais identificarem um ve\u00edculo em atividade suspeita na Avenida Olavo Fontoura, Zona Norte da capital paulista, de acordo com informa\u00e7\u00f5es do jornal o Estado de S.Paulo.<\/p>\n<p>Segundo a publica\u00e7\u00e3o, ao avistar uma barreira policial o motorista do carro onde estavam as malas com o dinheiro parou, desligou os far\u00f3is e deu marcha r\u00e9. Mas acabou sendo interceptado em seguida. O motorista e Alberto, que estava em outro ve\u00edculo, foram encaminhados at\u00e9 a delegacia para averigua\u00e7\u00f5es. L\u00e1 foi registrado um boletim de ocorr\u00eancia por \u201c\u2018averigua\u00e7\u00e3o de atividade suspeita\u201d. Eles foram liberados instantes depois.<\/p>\n<p>Alberto Alcolumbre afirmou aos policiais que o dinheiro lhe pertence e foi recebido em pagamento por um estudo jur\u00eddico contratado por ele, sendo fruto do seu trabalho como advogado, al\u00e9m de negocia\u00e7\u00f5es comerciais realizadas, como a compra e venda de autom\u00f3veis. De acordo o advogado, os valores teriam sido recebidos pr\u00f3ximo do Samb\u00f3dromo do Anhembi, onde acontecia uma feira de acess\u00f3rios automobil\u00edsticos. Ele garantiu que comprovaria a origem l\u00edcita dos valores ainda nesta sexta-feira, por meio de seu advogado.<\/p>\n<p><strong>LEIA TAMB\u00c9M<\/strong><\/p>\n<p><a href=\"https:\/\/redenoticiaz.com.br\/blog\/2022\/03\/25\/video-carroes-de-luxo-apreendidos-viram-viaturas-da-policia-federal\">V\u00cdDEO \u2013 Carr\u00f5es de luxo apreendidos viram viaturas da Pol\u00edcia Federal<\/a><\/p>\n","protected":false},"excerpt":{"rendered":"<p>Cerca de R$ 500 mil foram apreendidos pela Pol\u00edcia Militar em S\u00e3o Paulo nesta sexta-feira (25). Ela ocorreu durante uma blitz e estava com o\u00a0advogado Alberto Samuel Alcolumbre Tobelem, irm\u00e3o do senador Davi Alcolumbre (Uni\u00e3o Brasil-AP). A abordagem aconteceu ap\u00f3s os policiais identificarem um ve\u00edculo em atividade suspeita na Avenida Olavo Fontoura, Zona Norte da &hellip;<\/p>\n","protected":false},"author":6,"featured_media":1540,"comment_status":"open","ping_status":"closed","sticky":false,"template":"","format":"standard","meta":{"footnotes":""},"categories":[88,186],"tags":[6181,6182,674,157,6183,6184],"class_list":["post-1539","post","type-post","status-publish","format-standard","has-post-thumbnail","hentry","category-policia","category-politica","tag-advogado-de-alcolumbre","tag-dinheiro-apreendido","tag-policia-militar","tag-sao-paulo","tag-senador-alcolumbre","tag-zonoa-norte"],"yoast_head":"<!-- This site is optimized with the Yoast SEO plugin v27.4 - https:\/\/yoast.com\/product\/yoast-seo-wordpress\/ -->\n<title>Pol\u00edcia apreende R$ 500 mil de irm\u00e3o do senador Alcolumbre - Ribeir\u00e3o Preto e Regi\u00e3o<\/title>\n<meta name=\"description\" content=\"Cerca de R$ 500 mil foram apreendidos pela Pol\u00edcia Militar em S\u00e3o Paulo nesta sexta-feira (25). Ela ocorreu durante uma blitz e estava\" \/>\n<meta name=\"robots\" content=\"index, follow, max-snippet:-1, max-image-preview:large, max-video-preview:-1\" \/>\n<link rel=\"canonical\" href=\"https:\/\/redenoticiaz.com.br\/ribeiraopreto-regiao\/sp\/2022\/03\/25\/policia-apreende-r-500-mil-de-irmao-do-senador-alcolumbre\" \/>\n<meta property=\"og:locale\" content=\"pt_BR\" \/>\n<meta property=\"og:type\" content=\"article\" \/>\n<meta property=\"og:title\" content=\"Pol\u00edcia apreende R$ 500 mil de irm\u00e3o do senador Alcolumbre - Ribeir\u00e3o Preto e Regi\u00e3o\" \/>\n<meta property=\"og:description\" content=\"Cerca de R$ 500 mil foram apreendidos pela Pol\u00edcia Militar em S\u00e3o Paulo nesta sexta-feira (25). Ela ocorreu durante uma blitz e estava\" \/>\n<meta property=\"og:url\" content=\"https:\/\/redenoticiaz.com.br\/ribeiraopreto-regiao\/sp\/2022\/03\/25\/policia-apreende-r-500-mil-de-irmao-do-senador-alcolumbre\" \/>\n<meta property=\"og:site_name\" content=\"Ribeir\u00e3o Preto e Regi\u00e3o\" \/>\n<meta property=\"article:publisher\" content=\"https:\/\/m.facebook.com\/redenoticiaz.barretos\" \/>\n<meta property=\"article:published_time\" content=\"2022-03-26T00:19:57+00:00\" \/>\n<meta property=\"article:modified_time\" content=\"2022-03-26T00:20:45+00:00\" \/>\n<meta property=\"og:image\" content=\"https:\/\/redenoticiaz.com.br\/ribeiraopreto-regiao\/wp-content\/uploads\/sites\/4\/2022\/02\/logo.jpg\" \/>\n\t<meta property=\"og:image:width\" content=\"400\" \/>\n\t<meta property=\"og:image:height\" content=\"250\" \/>\n\t<meta property=\"og:image:type\" content=\"image\/jpeg\" \/>\n<meta name=\"author\" content=\"Leonardo Francisco\" \/>\n<meta name=\"twitter:card\" content=\"summary_large_image\" \/>\n<meta name=\"twitter:creator\" content=\"@RN_barretos\" \/>\n<meta name=\"twitter:site\" content=\"@RN_barretos\" \/>\n<meta name=\"twitter:label1\" content=\"Escrito por\" \/>\n\t<meta name=\"twitter:data1\" content=\"Leonardo Francisco\" \/>\n\t<meta name=\"twitter:label2\" content=\"Est. tempo de leitura\" \/>\n\t<meta name=\"twitter:data2\" content=\"1 minuto\" \/>\n<script type=\"application\/ld+json\" class=\"yoast-schema-graph\">{\"@context\":\"https:\\\/\\\/schema.org\",\"@graph\":[{\"@type\":\"Article\",\"@id\":\"https:\\\/\\\/redenoticiaz.com.br\\\/ribeiraopreto-regiao\\\/sp\\\/2022\\\/03\\\/25\\\/policia-apreende-r-500-mil-de-irmao-do-senador-alcolumbre#article\",\"isPartOf\":{\"@id\":\"https:\\\/\\\/redenoticiaz.com.br\\\/ribeiraopreto-regiao\\\/sp\\\/2022\\\/03\\\/25\\\/policia-apreende-r-500-mil-de-irmao-do-senador-alcolumbre\"},\"author\":{\"name\":\"Leonardo Francisco\",\"@id\":\"https:\\\/\\\/redenoticiaz.com.br\\\/ribeiraopreto-regiao\\\/#\\\/schema\\\/person\\\/0f0b8a5bdafefe82841e07ae8d81ecb3\"},\"headline\":\"Pol\u00edcia apreende R$ 500 mil de irm\u00e3o do senador Alcolumbre\",\"datePublished\":\"2022-03-26T00:19:57+00:00\",\"dateModified\":\"2022-03-26T00:20:45+00:00\",\"mainEntityOfPage\":{\"@id\":\"https:\\\/\\\/redenoticiaz.com.br\\\/ribeiraopreto-regiao\\\/sp\\\/2022\\\/03\\\/25\\\/policia-apreende-r-500-mil-de-irmao-do-senador-alcolumbre\"},\"wordCount\":261,\"commentCount\":0,\"publisher\":{\"@id\":\"https:\\\/\\\/redenoticiaz.com.br\\\/ribeiraopreto-regiao\\\/#organization\"},\"image\":{\"@id\":\"https:\\\/\\\/redenoticiaz.com.br\\\/ribeiraopreto-regiao\\\/sp\\\/2022\\\/03\\\/25\\\/policia-apreende-r-500-mil-de-irmao-do-senador-alcolumbre#primaryimage\"},\"thumbnailUrl\":\"https:\\\/\\\/redenoticiaz.com.br\\\/ribeiraopreto-regiao\\\/wp-content\\\/uploads\\\/sites\\\/4\\\/2022\\\/03\\\/whatsapp-image-2022-03-25-at-15-53-54.jpeg?v=1648253947\",\"keywords\":[\"ADVOGADO DE ALCOLUMBRE\",\"DINHEIRO APREENDIDO\",\"policia militar\",\"S\u00e3o Paulo\",\"SENADOR ALCOLUMBRE\",\"ZONOA NORTE\"],\"articleSection\":[\"Pol\u00edcia\",\"Pol\u00edtica\"],\"inLanguage\":\"pt-BR\",\"potentialAction\":[{\"@type\":\"CommentAction\",\"name\":\"Comment\",\"target\":[\"https:\\\/\\\/redenoticiaz.com.br\\\/ribeiraopreto-regiao\\\/sp\\\/2022\\\/03\\\/25\\\/policia-apreende-r-500-mil-de-irmao-do-senador-alcolumbre#respond\"]}]},{\"@type\":\"WebPage\",\"@id\":\"https:\\\/\\\/redenoticiaz.com.br\\\/ribeiraopreto-regiao\\\/sp\\\/2022\\\/03\\\/25\\\/policia-apreende-r-500-mil-de-irmao-do-senador-alcolumbre\",\"url\":\"https:\\\/\\\/redenoticiaz.com.br\\\/ribeiraopreto-regiao\\\/sp\\\/2022\\\/03\\\/25\\\/policia-apreende-r-500-mil-de-irmao-do-senador-alcolumbre\",\"name\":\"Pol\u00edcia apreende R$ 500 mil de irm\u00e3o do senador Alcolumbre - Ribeir\u00e3o Preto e Regi\u00e3o\",\"isPartOf\":{\"@id\":\"https:\\\/\\\/redenoticiaz.com.br\\\/ribeiraopreto-regiao\\\/#website\"},\"primaryImageOfPage\":{\"@id\":\"https:\\\/\\\/redenoticiaz.com.br\\\/ribeiraopreto-regiao\\\/sp\\\/2022\\\/03\\\/25\\\/policia-apreende-r-500-mil-de-irmao-do-senador-alcolumbre#primaryimage\"},\"image\":{\"@id\":\"https:\\\/\\\/redenoticiaz.com.br\\\/ribeiraopreto-regiao\\\/sp\\\/2022\\\/03\\\/25\\\/policia-apreende-r-500-mil-de-irmao-do-senador-alcolumbre#primaryimage\"},\"thumbnailUrl\":\"https:\\\/\\\/redenoticiaz.com.br\\\/ribeiraopreto-regiao\\\/wp-content\\\/uploads\\\/sites\\\/4\\\/2022\\\/03\\\/whatsapp-image-2022-03-25-at-15-53-54.jpeg?v=1648253947\",\"datePublished\":\"2022-03-26T00:19:57+00:00\",\"dateModified\":\"2022-03-26T00:20:45+00:00\",\"description\":\"Cerca de R$ 500 mil foram apreendidos pela Pol\u00edcia Militar em S\u00e3o Paulo nesta sexta-feira (25). Ela ocorreu durante uma blitz e estava\",\"inLanguage\":\"pt-BR\",\"potentialAction\":[{\"@type\":\"ReadAction\",\"target\":[\"https:\\\/\\\/redenoticiaz.com.br\\\/ribeiraopreto-regiao\\\/sp\\\/2022\\\/03\\\/25\\\/policia-apreende-r-500-mil-de-irmao-do-senador-alcolumbre\"]}]},{\"@type\":\"ImageObject\",\"inLanguage\":\"pt-BR\",\"@id\":\"https:\\\/\\\/redenoticiaz.com.br\\\/ribeiraopreto-regiao\\\/sp\\\/2022\\\/03\\\/25\\\/policia-apreende-r-500-mil-de-irmao-do-senador-alcolumbre#primaryimage\",\"url\":\"https:\\\/\\\/redenoticiaz.com.br\\\/ribeiraopreto-regiao\\\/wp-content\\\/uploads\\\/sites\\\/4\\\/2022\\\/03\\\/whatsapp-image-2022-03-25-at-15-53-54.jpeg?v=1648253947\",\"contentUrl\":\"https:\\\/\\\/redenoticiaz.com.br\\\/ribeiraopreto-regiao\\\/wp-content\\\/uploads\\\/sites\\\/4\\\/2022\\\/03\\\/whatsapp-image-2022-03-25-at-15-53-54.jpeg?v=1648253947\",\"width\":529,\"height\":464,\"caption\":\"Cr\u00e9ditos: Divulga\u00e7\u00e3o\\\/Pol\u00edcia Militar\"},{\"@type\":\"WebSite\",\"@id\":\"https:\\\/\\\/redenoticiaz.com.br\\\/ribeiraopreto-regiao\\\/#website\",\"url\":\"https:\\\/\\\/redenoticiaz.com.br\\\/ribeiraopreto-regiao\\\/\",\"name\":\"Ribeir\u00e3o Preto e Regi\u00e3o\",\"description\":\"Rede NoticiaZ - Ribeir\u00e3o Preto e regi\u00e3o\",\"publisher\":{\"@id\":\"https:\\\/\\\/redenoticiaz.com.br\\\/ribeiraopreto-regiao\\\/#organization\"},\"potentialAction\":[{\"@type\":\"SearchAction\",\"target\":{\"@type\":\"EntryPoint\",\"urlTemplate\":\"https:\\\/\\\/redenoticiaz.com.br\\\/ribeiraopreto-regiao\\\/?s={search_term_string}\"},\"query-input\":{\"@type\":\"PropertyValueSpecification\",\"valueRequired\":true,\"valueName\":\"search_term_string\"}}],\"inLanguage\":\"pt-BR\"},{\"@type\":\"Organization\",\"@id\":\"https:\\\/\\\/redenoticiaz.com.br\\\/ribeiraopreto-regiao\\\/#organization\",\"name\":\"Ribeir\u00e3o Preto e Regi\u00e3o\",\"url\":\"https:\\\/\\\/redenoticiaz.com.br\\\/ribeiraopreto-regiao\\\/\",\"logo\":{\"@type\":\"ImageObject\",\"inLanguage\":\"pt-BR\",\"@id\":\"https:\\\/\\\/redenoticiaz.com.br\\\/ribeiraopreto-regiao\\\/#\\\/schema\\\/logo\\\/image\\\/\",\"url\":\"https:\\\/\\\/redenoticiaz.com.br\\\/barretos-regiao\\\/wp-content\\\/uploads\\\/sites\\\/4\\\/2022\\\/02\\\/logo.jpg\",\"contentUrl\":\"https:\\\/\\\/redenoticiaz.com.br\\\/barretos-regiao\\\/wp-content\\\/uploads\\\/sites\\\/4\\\/2022\\\/02\\\/logo.jpg\",\"width\":400,\"height\":250,\"caption\":\"Ribeir\u00e3o Preto e Regi\u00e3o\"},\"image\":{\"@id\":\"https:\\\/\\\/redenoticiaz.com.br\\\/ribeiraopreto-regiao\\\/#\\\/schema\\\/logo\\\/image\\\/\"},\"sameAs\":[\"https:\\\/\\\/m.facebook.com\\\/redenoticiaz.barretos\",\"https:\\\/\\\/x.com\\\/RN_barretos\",\"https:\\\/\\\/www.instagram.com\\\/redenoticiaz.barretos\\\/?igshid=YmMyMTA2M2Y\",\"https:\\\/\\\/www.linkedin.com\\\/company\\\/rede-noticiaz-barretos-e-regio\\\/\"]},{\"@type\":\"Person\",\"@id\":\"https:\\\/\\\/redenoticiaz.com.br\\\/ribeiraopreto-regiao\\\/#\\\/schema\\\/person\\\/0f0b8a5bdafefe82841e07ae8d81ecb3\",\"name\":\"Leonardo Francisco\",\"image\":{\"@type\":\"ImageObject\",\"inLanguage\":\"pt-BR\",\"@id\":\"https:\\\/\\\/secure.gravatar.com\\\/avatar\\\/a7358cb406a99b682ec6df1e77e31ae82e63601f6784e8a3df411d72b37864da?s=96&d=mm&r=g\",\"url\":\"https:\\\/\\\/secure.gravatar.com\\\/avatar\\\/a7358cb406a99b682ec6df1e77e31ae82e63601f6784e8a3df411d72b37864da?s=96&d=mm&r=g\",\"contentUrl\":\"https:\\\/\\\/secure.gravatar.com\\\/avatar\\\/a7358cb406a99b682ec6df1e77e31ae82e63601f6784e8a3df411d72b37864da?s=96&d=mm&r=g\",\"caption\":\"Leonardo Francisco\"},\"url\":\"https:\\\/\\\/redenoticiaz.com.br\\\/ribeiraopreto-regiao\\\/sp\\\/author\\\/leonardo-francisco\"}]}<\/script>\n<!-- \/ Yoast SEO plugin. -->","yoast_head_json":{"title":"Pol\u00edcia apreende R$ 500 mil de irm\u00e3o do senador Alcolumbre - Ribeir\u00e3o Preto e Regi\u00e3o","description":"Cerca de R$ 500 mil foram apreendidos pela Pol\u00edcia Militar em S\u00e3o Paulo nesta sexta-feira (25). Ela ocorreu durante uma blitz e estava","robots":{"index":"index","follow":"follow","max-snippet":"max-snippet:-1","max-image-preview":"max-image-preview:large","max-video-preview":"max-video-preview:-1"},"canonical":"https:\/\/redenoticiaz.com.br\/ribeiraopreto-regiao\/sp\/2022\/03\/25\/policia-apreende-r-500-mil-de-irmao-do-senador-alcolumbre","og_locale":"pt_BR","og_type":"article","og_title":"Pol\u00edcia apreende R$ 500 mil de irm\u00e3o do senador Alcolumbre - Ribeir\u00e3o Preto e Regi\u00e3o","og_description":"Cerca de R$ 500 mil foram apreendidos pela Pol\u00edcia Militar em S\u00e3o Paulo nesta sexta-feira (25). Ela ocorreu durante uma blitz e estava","og_url":"https:\/\/redenoticiaz.com.br\/ribeiraopreto-regiao\/sp\/2022\/03\/25\/policia-apreende-r-500-mil-de-irmao-do-senador-alcolumbre","og_site_name":"Ribeir\u00e3o Preto e Regi\u00e3o","article_publisher":"https:\/\/m.facebook.com\/redenoticiaz.barretos","article_published_time":"2022-03-26T00:19:57+00:00","article_modified_time":"2022-03-26T00:20:45+00:00","og_image":[{"width":400,"height":250,"url":"https:\/\/redenoticiaz.com.br\/ribeiraopreto-regiao\/wp-content\/uploads\/sites\/4\/2022\/02\/logo.jpg","type":"image\/jpeg"}],"author":"Leonardo Francisco","twitter_card":"summary_large_image","twitter_creator":"@RN_barretos","twitter_site":"@RN_barretos","twitter_misc":{"Escrito por":"Leonardo Francisco","Est. tempo de leitura":"1 minuto"},"schema":{"@context":"https:\/\/schema.org","@graph":[{"@type":"Article","@id":"https:\/\/redenoticiaz.com.br\/ribeiraopreto-regiao\/sp\/2022\/03\/25\/policia-apreende-r-500-mil-de-irmao-do-senador-alcolumbre#article","isPartOf":{"@id":"https:\/\/redenoticiaz.com.br\/ribeiraopreto-regiao\/sp\/2022\/03\/25\/policia-apreende-r-500-mil-de-irmao-do-senador-alcolumbre"},"author":{"name":"Leonardo Francisco","@id":"https:\/\/redenoticiaz.com.br\/ribeiraopreto-regiao\/#\/schema\/person\/0f0b8a5bdafefe82841e07ae8d81ecb3"},"headline":"Pol\u00edcia apreende R$ 500 mil de irm\u00e3o do senador Alcolumbre","datePublished":"2022-03-26T00:19:57+00:00","dateModified":"2022-03-26T00:20:45+00:00","mainEntityOfPage":{"@id":"https:\/\/redenoticiaz.com.br\/ribeiraopreto-regiao\/sp\/2022\/03\/25\/policia-apreende-r-500-mil-de-irmao-do-senador-alcolumbre"},"wordCount":261,"commentCount":0,"publisher":{"@id":"https:\/\/redenoticiaz.com.br\/ribeiraopreto-regiao\/#organization"},"image":{"@id":"https:\/\/redenoticiaz.com.br\/ribeiraopreto-regiao\/sp\/2022\/03\/25\/policia-apreende-r-500-mil-de-irmao-do-senador-alcolumbre#primaryimage"},"thumbnailUrl":"https:\/\/redenoticiaz.com.br\/ribeiraopreto-regiao\/wp-content\/uploads\/sites\/4\/2022\/03\/whatsapp-image-2022-03-25-at-15-53-54.jpeg?v=1648253947","keywords":["ADVOGADO DE ALCOLUMBRE","DINHEIRO APREENDIDO","policia militar","S\u00e3o Paulo","SENADOR ALCOLUMBRE","ZONOA NORTE"],"articleSection":["Pol\u00edcia","Pol\u00edtica"],"inLanguage":"pt-BR","potentialAction":[{"@type":"CommentAction","name":"Comment","target":["https:\/\/redenoticiaz.com.br\/ribeiraopreto-regiao\/sp\/2022\/03\/25\/policia-apreende-r-500-mil-de-irmao-do-senador-alcolumbre#respond"]}]},{"@type":"WebPage","@id":"https:\/\/redenoticiaz.com.br\/ribeiraopreto-regiao\/sp\/2022\/03\/25\/policia-apreende-r-500-mil-de-irmao-do-senador-alcolumbre","url":"https:\/\/redenoticiaz.com.br\/ribeiraopreto-regiao\/sp\/2022\/03\/25\/policia-apreende-r-500-mil-de-irmao-do-senador-alcolumbre","name":"Pol\u00edcia apreende R$ 500 mil de irm\u00e3o do senador Alcolumbre - Ribeir\u00e3o Preto e Regi\u00e3o","isPartOf":{"@id":"https:\/\/redenoticiaz.com.br\/ribeiraopreto-regiao\/#website"},"primaryImageOfPage":{"@id":"https:\/\/redenoticiaz.com.br\/ribeiraopreto-regiao\/sp\/2022\/03\/25\/policia-apreende-r-500-mil-de-irmao-do-senador-alcolumbre#primaryimage"},"image":{"@id":"https:\/\/redenoticiaz.com.br\/ribeiraopreto-regiao\/sp\/2022\/03\/25\/policia-apreende-r-500-mil-de-irmao-do-senador-alcolumbre#primaryimage"},"thumbnailUrl":"https:\/\/redenoticiaz.com.br\/ribeiraopreto-regiao\/wp-content\/uploads\/sites\/4\/2022\/03\/whatsapp-image-2022-03-25-at-15-53-54.jpeg?v=1648253947","datePublished":"2022-03-26T00:19:57+00:00","dateModified":"2022-03-26T00:20:45+00:00","description":"Cerca de R$ 500 mil foram apreendidos pela Pol\u00edcia Militar em S\u00e3o Paulo nesta sexta-feira (25). Ela ocorreu durante uma blitz e estava","inLanguage":"pt-BR","potentialAction":[{"@type":"ReadAction","target":["https:\/\/redenoticiaz.com.br\/ribeiraopreto-regiao\/sp\/2022\/03\/25\/policia-apreende-r-500-mil-de-irmao-do-senador-alcolumbre"]}]},{"@type":"ImageObject","inLanguage":"pt-BR","@id":"https:\/\/redenoticiaz.com.br\/ribeiraopreto-regiao\/sp\/2022\/03\/25\/policia-apreende-r-500-mil-de-irmao-do-senador-alcolumbre#primaryimage","url":"https:\/\/redenoticiaz.com.br\/ribeiraopreto-regiao\/wp-content\/uploads\/sites\/4\/2022\/03\/whatsapp-image-2022-03-25-at-15-53-54.jpeg?v=1648253947","contentUrl":"https:\/\/redenoticiaz.com.br\/ribeiraopreto-regiao\/wp-content\/uploads\/sites\/4\/2022\/03\/whatsapp-image-2022-03-25-at-15-53-54.jpeg?v=1648253947","width":529,"height":464,"caption":"Cr\u00e9ditos: Divulga\u00e7\u00e3o\/Pol\u00edcia Militar"},{"@type":"WebSite","@id":"https:\/\/redenoticiaz.com.br\/ribeiraopreto-regiao\/#website","url":"https:\/\/redenoticiaz.com.br\/ribeiraopreto-regiao\/","name":"Ribeir\u00e3o Preto e Regi\u00e3o","description":"Rede NoticiaZ - Ribeir\u00e3o Preto e regi\u00e3o","publisher":{"@id":"https:\/\/redenoticiaz.com.br\/ribeiraopreto-regiao\/#organization"},"potentialAction":[{"@type":"SearchAction","target":{"@type":"EntryPoint","urlTemplate":"https:\/\/redenoticiaz.com.br\/ribeiraopreto-regiao\/?s={search_term_string}"},"query-input":{"@type":"PropertyValueSpecification","valueRequired":true,"valueName":"search_term_string"}}],"inLanguage":"pt-BR"},{"@type":"Organization","@id":"https:\/\/redenoticiaz.com.br\/ribeiraopreto-regiao\/#organization","name":"Ribeir\u00e3o Preto e Regi\u00e3o","url":"https:\/\/redenoticiaz.com.br\/ribeiraopreto-regiao\/","logo":{"@type":"ImageObject","inLanguage":"pt-BR","@id":"https:\/\/redenoticiaz.com.br\/ribeiraopreto-regiao\/#\/schema\/logo\/image\/","url":"https:\/\/redenoticiaz.com.br\/barretos-regiao\/wp-content\/uploads\/sites\/4\/2022\/02\/logo.jpg","contentUrl":"https:\/\/redenoticiaz.com.br\/barretos-regiao\/wp-content\/uploads\/sites\/4\/2022\/02\/logo.jpg","width":400,"height":250,"caption":"Ribeir\u00e3o Preto e Regi\u00e3o"},"image":{"@id":"https:\/\/redenoticiaz.com.br\/ribeiraopreto-regiao\/#\/schema\/logo\/image\/"},"sameAs":["https:\/\/m.facebook.com\/redenoticiaz.barretos","https:\/\/x.com\/RN_barretos","https:\/\/www.instagram.com\/redenoticiaz.barretos\/?igshid=YmMyMTA2M2Y","https:\/\/www.linkedin.com\/company\/rede-noticiaz-barretos-e-regio\/"]},{"@type":"Person","@id":"https:\/\/redenoticiaz.com.br\/ribeiraopreto-regiao\/#\/schema\/person\/0f0b8a5bdafefe82841e07ae8d81ecb3","name":"Leonardo Francisco","image":{"@type":"ImageObject","inLanguage":"pt-BR","@id":"https:\/\/secure.gravatar.com\/avatar\/a7358cb406a99b682ec6df1e77e31ae82e63601f6784e8a3df411d72b37864da?s=96&d=mm&r=g","url":"https:\/\/secure.gravatar.com\/avatar\/a7358cb406a99b682ec6df1e77e31ae82e63601f6784e8a3df411d72b37864da?s=96&d=mm&r=g","contentUrl":"https:\/\/secure.gravatar.com\/avatar\/a7358cb406a99b682ec6df1e77e31ae82e63601f6784e8a3df411d72b37864da?s=96&d=mm&r=g","caption":"Leonardo Francisco"},"url":"https:\/\/redenoticiaz.com.br\/ribeiraopreto-regiao\/sp\/author\/leonardo-francisco"}]}},"_links":{"self":[{"href":"https:\/\/redenoticiaz.com.br\/ribeiraopreto-regiao\/wp-json\/wp\/v2\/posts\/1539","targetHints":{"allow":["GET"]}}],"collection":[{"href":"https:\/\/redenoticiaz.com.br\/ribeiraopreto-regiao\/wp-json\/wp\/v2\/posts"}],"about":[{"href":"https:\/\/redenoticiaz.com.br\/ribeiraopreto-regiao\/wp-json\/wp\/v2\/types\/post"}],"author":[{"embeddable":true,"href":"https:\/\/redenoticiaz.com.br\/ribeiraopreto-regiao\/wp-json\/wp\/v2\/users\/6"}],"replies":[{"embeddable":true,"href":"https:\/\/redenoticiaz.com.br\/ribeiraopreto-regiao\/wp-json\/wp\/v2\/comments?post=1539"}],"version-history":[{"count":1,"href":"https:\/\/redenoticiaz.com.br\/ribeiraopreto-regiao\/wp-json\/wp\/v2\/posts\/1539\/revisions"}],"predecessor-version":[{"id":1541,"href":"https:\/\/redenoticiaz.com.br\/ribeiraopreto-regiao\/wp-json\/wp\/v2\/posts\/1539\/revisions\/1541"}],"wp:featuredmedia":[{"embeddable":true,"href":"https:\/\/redenoticiaz.com.br\/ribeiraopreto-regiao\/wp-json\/wp\/v2\/media\/1540"}],"wp:attachment":[{"href":"https:\/\/redenoticiaz.com.br\/ribeiraopreto-regiao\/wp-json\/wp\/v2\/media?parent=1539"}],"wp:term":[{"taxonomy":"category","embeddable":true,"href":"https:\/\/redenoticiaz.com.br\/ribeiraopreto-regiao\/wp-json\/wp\/v2\/categories?post=1539"},{"taxonomy":"post_tag","embeddable":true,"href":"https:\/\/redenoticiaz.com.br\/ribeiraopreto-regiao\/wp-json\/wp\/v2\/tags?post=1539"}],"curies":[{"name":"wp","href":"https:\/\/api.w.org\/{rel}","templated":true}]}}