{"id":1558,"date":"2022-03-26T18:39:19","date_gmt":"2022-03-26T21:39:19","guid":{"rendered":"https:\/\/redenoticiaz.com.br\/barretos-regiao\/sp\/2022\/03\/26\/paulo-andre-conquista-a-prova-do-anjo-do-bbb-22"},"modified":"2022-03-26T18:39:19","modified_gmt":"2022-03-26T21:39:19","slug":"paulo-andre-conquista-a-prova-do-anjo-do-bbb-22","status":"publish","type":"post","link":"https:\/\/redenoticiaz.com.br\/ribeiraopreto-regiao\/sp\/2022\/03\/26\/paulo-andre-conquista-a-prova-do-anjo-do-bbb-22","title":{"rendered":"Paulo Andr\u00e9 conquista a Prova do Anjo do BBB 22"},"content":{"rendered":"<p>Acoonteceu a Prova do Anjo do <a href=\"https:\/\/gshow.globo.com\/realities\/bbb\/\">Big Brother Brasil<\/a> neste s\u00e1bado (26) e o vencedor foi <strong>Paulo Andr\u00e9<\/strong>. Ele levou a melhor na din\u00e2mica e agora poder\u00e1 garantir algum participante do BBB 22 a ser imunizado contra a forma\u00e7\u00e7\u00e3o d eum novo Pared\u00e3o.<\/p>\n<p>A Prova do Anjo ocorreu disputas com duplas de confronto, precisavam encostar o capacete no suporte da escova de dente girat\u00f3ria. Ap\u00f3s o per\u00edodo, arremessarem bolas por debaixo de uma trave. O objetivo era limpar o dente projetado no jardim da casa e deix\u00e1-lo livre das impurezas e sujeirinhas do dia a dia.<\/p>\n<p>Participaram da prova, em ordem de duelo na fase das\u00a0Quartas de Final:\u00a0Lucas\u00a0e\u00a0Pedro Scooby,\u00a0Eslov\u00eania\u00a0e\u00a0Jessilane,\u00a0Douglas Silva\u00a0e\u00a0Nat\u00e1lia\u00a0e, por \u00faltimo,\u00a0Arthur Aguiar\u00a0e\u00a0Paulo Andr\u00e9. Al\u00e9m da L\u00edder da semana,\u00a0Linn da Quebrada, n\u00e3o foram sorteados para a din\u00e2mica\u00a0Eliezer\u00a0e\u00a0Gustavo.<\/p>\n<p>Capricharam na escova\u00e7\u00e3o e passaram para a Semifinal da competi\u00e7\u00e3o: Pedro Scooby, Jessilane &#8211; depois de um tombo grande ainda na plataforma girat\u00f3ria -, Nat\u00e1lia implac\u00e1vel em seus arremessos e Paulo Andr\u00e9. Na pen\u00faltima etapa, ainda mais emo\u00e7\u00f5es tomaram conta do gramado!\u00a0<span class=\"highlight highlighted\">Enquanto que Pedro Scooby seguiu para a\u00a0<\/span><span class=\"highlight highlighted\">Final\u00a0<\/span><span class=\"highlight highlighted\">depois de confrontar Jessi, Paulo Andr\u00e9 levou a melhor no duelo com Nat\u00e1lia<\/span>.<\/p>\n<p>Na grande\u00a0Final\u00a0da disputa, n\u00e3o deu outra: Paulo Andr\u00e9 recebeu o colar do\u00a0Anjo\u00a0e deu tudo de si na prova que lhe garantiu o t\u00edtulo.<\/p>\n<p><strong>LEIA TAMB\u00c9M<\/strong><\/p>\n<p><a href=\"https:\/\/redenoticiaz.com.br\/blog\/2022\/03\/26\/linn-da-quebrada-e-a-nova-lider-do-bbb-22\">Linn da Quebrada \u00e9 a nova L\u00edder do BBB 22<\/a><\/p>\n","protected":false},"excerpt":{"rendered":"<p>Acoonteceu a Prova do Anjo do Big Brother Brasil neste s\u00e1bado (26) e o vencedor foi Paulo Andr\u00e9. Ele levou a melhor na din\u00e2mica e agora poder\u00e1 garantir algum participante do BBB 22 a ser imunizado contra a forma\u00e7\u00e7\u00e3o d eum novo Pared\u00e3o. A Prova do Anjo ocorreu disputas com duplas de confronto, precisavam encostar &hellip;<\/p>\n","protected":false},"author":6,"featured_media":1559,"comment_status":"open","ping_status":"closed","sticky":false,"template":"","format":"standard","meta":{"footnotes":""},"categories":[134],"tags":[135,136,137,139],"class_list":["post-1558","post","type-post","status-publish","format-standard","has-post-thumbnail","hentry","category-entretenimento","tag-bbb-22","tag-big-brother-brasil","tag-paulo-andre","tag-prova-do-lider"],"yoast_head":"<!-- This site is optimized with the Yoast SEO plugin v27.4 - https:\/\/yoast.com\/product\/yoast-seo-wordpress\/ -->\n<title>Paulo Andr\u00e9 conquista a Prova do Anjo do BBB 22 - Ribeir\u00e3o Preto e Regi\u00e3o<\/title>\n<meta name=\"description\" content=\"Acoonteceu a Prova do Anjo do Big Brother Brasil neste s\u00e1bado (26) e o vencedor foi Paulo Andr\u00e9. Ele levou a melhor na din\u00e2mica\" \/>\n<meta name=\"robots\" content=\"index, follow, max-snippet:-1, max-image-preview:large, max-video-preview:-1\" \/>\n<link rel=\"canonical\" href=\"https:\/\/redenoticiaz.com.br\/ribeiraopreto-regiao\/sp\/2022\/03\/26\/paulo-andre-conquista-a-prova-do-anjo-do-bbb-22\" \/>\n<meta property=\"og:locale\" content=\"pt_BR\" \/>\n<meta property=\"og:type\" content=\"article\" \/>\n<meta property=\"og:title\" content=\"Paulo Andr\u00e9 conquista a Prova do Anjo do BBB 22 - Ribeir\u00e3o Preto e Regi\u00e3o\" \/>\n<meta property=\"og:description\" content=\"Acoonteceu a Prova do Anjo do Big Brother Brasil neste s\u00e1bado (26) e o vencedor foi Paulo Andr\u00e9. Ele levou a melhor na din\u00e2mica\" \/>\n<meta property=\"og:url\" content=\"https:\/\/redenoticiaz.com.br\/ribeiraopreto-regiao\/sp\/2022\/03\/26\/paulo-andre-conquista-a-prova-do-anjo-do-bbb-22\" \/>\n<meta property=\"og:site_name\" content=\"Ribeir\u00e3o Preto e Regi\u00e3o\" \/>\n<meta property=\"article:publisher\" content=\"https:\/\/m.facebook.com\/redenoticiaz.barretos\" \/>\n<meta property=\"article:published_time\" content=\"2022-03-26T21:39:19+00:00\" \/>\n<meta property=\"og:image\" content=\"https:\/\/redenoticiaz.com.br\/ribeiraopreto-regiao\/wp-content\/uploads\/sites\/4\/2022\/02\/logo.jpg\" \/>\n\t<meta property=\"og:image:width\" content=\"400\" \/>\n\t<meta property=\"og:image:height\" content=\"250\" \/>\n\t<meta property=\"og:image:type\" content=\"image\/jpeg\" \/>\n<meta name=\"author\" content=\"Leonardo Francisco\" \/>\n<meta name=\"twitter:card\" content=\"summary_large_image\" \/>\n<meta name=\"twitter:creator\" content=\"@RN_barretos\" \/>\n<meta name=\"twitter:site\" content=\"@RN_barretos\" \/>\n<meta name=\"twitter:label1\" content=\"Escrito por\" \/>\n\t<meta name=\"twitter:data1\" content=\"Leonardo Francisco\" \/>\n\t<meta name=\"twitter:label2\" content=\"Est. tempo de leitura\" \/>\n\t<meta name=\"twitter:data2\" content=\"1 minuto\" \/>\n<script type=\"application\/ld+json\" class=\"yoast-schema-graph\">{\"@context\":\"https:\\\/\\\/schema.org\",\"@graph\":[{\"@type\":\"Article\",\"@id\":\"https:\\\/\\\/redenoticiaz.com.br\\\/ribeiraopreto-regiao\\\/sp\\\/2022\\\/03\\\/26\\\/paulo-andre-conquista-a-prova-do-anjo-do-bbb-22#article\",\"isPartOf\":{\"@id\":\"https:\\\/\\\/redenoticiaz.com.br\\\/ribeiraopreto-regiao\\\/sp\\\/2022\\\/03\\\/26\\\/paulo-andre-conquista-a-prova-do-anjo-do-bbb-22\"},\"author\":{\"name\":\"Leonardo Francisco\",\"@id\":\"https:\\\/\\\/redenoticiaz.com.br\\\/ribeiraopreto-regiao\\\/#\\\/schema\\\/person\\\/0f0b8a5bdafefe82841e07ae8d81ecb3\"},\"headline\":\"Paulo Andr\u00e9 conquista a Prova do Anjo do BBB 22\",\"datePublished\":\"2022-03-26T21:39:19+00:00\",\"mainEntityOfPage\":{\"@id\":\"https:\\\/\\\/redenoticiaz.com.br\\\/ribeiraopreto-regiao\\\/sp\\\/2022\\\/03\\\/26\\\/paulo-andre-conquista-a-prova-do-anjo-do-bbb-22\"},\"wordCount\":278,\"commentCount\":0,\"publisher\":{\"@id\":\"https:\\\/\\\/redenoticiaz.com.br\\\/ribeiraopreto-regiao\\\/#organization\"},\"image\":{\"@id\":\"https:\\\/\\\/redenoticiaz.com.br\\\/ribeiraopreto-regiao\\\/sp\\\/2022\\\/03\\\/26\\\/paulo-andre-conquista-a-prova-do-anjo-do-bbb-22#primaryimage\"},\"thumbnailUrl\":\"https:\\\/\\\/redenoticiaz.com.br\\\/ribeiraopreto-regiao\\\/wp-content\\\/uploads\\\/sites\\\/4\\\/2022\\\/03\\\/paulo-andre-11.jpg?v=1648330666\",\"keywords\":[\"BBB 22\",\"BIG BROTHER BRASIL\",\"PAULO ANDR\u00c9\",\"prova do lider\"],\"articleSection\":[\"Entretenimento\"],\"inLanguage\":\"pt-BR\",\"potentialAction\":[{\"@type\":\"CommentAction\",\"name\":\"Comment\",\"target\":[\"https:\\\/\\\/redenoticiaz.com.br\\\/ribeiraopreto-regiao\\\/sp\\\/2022\\\/03\\\/26\\\/paulo-andre-conquista-a-prova-do-anjo-do-bbb-22#respond\"]}]},{\"@type\":\"WebPage\",\"@id\":\"https:\\\/\\\/redenoticiaz.com.br\\\/ribeiraopreto-regiao\\\/sp\\\/2022\\\/03\\\/26\\\/paulo-andre-conquista-a-prova-do-anjo-do-bbb-22\",\"url\":\"https:\\\/\\\/redenoticiaz.com.br\\\/ribeiraopreto-regiao\\\/sp\\\/2022\\\/03\\\/26\\\/paulo-andre-conquista-a-prova-do-anjo-do-bbb-22\",\"name\":\"Paulo Andr\u00e9 conquista a Prova do Anjo do BBB 22 - Ribeir\u00e3o Preto e Regi\u00e3o\",\"isPartOf\":{\"@id\":\"https:\\\/\\\/redenoticiaz.com.br\\\/ribeiraopreto-regiao\\\/#website\"},\"primaryImageOfPage\":{\"@id\":\"https:\\\/\\\/redenoticiaz.com.br\\\/ribeiraopreto-regiao\\\/sp\\\/2022\\\/03\\\/26\\\/paulo-andre-conquista-a-prova-do-anjo-do-bbb-22#primaryimage\"},\"image\":{\"@id\":\"https:\\\/\\\/redenoticiaz.com.br\\\/ribeiraopreto-regiao\\\/sp\\\/2022\\\/03\\\/26\\\/paulo-andre-conquista-a-prova-do-anjo-do-bbb-22#primaryimage\"},\"thumbnailUrl\":\"https:\\\/\\\/redenoticiaz.com.br\\\/ribeiraopreto-regiao\\\/wp-content\\\/uploads\\\/sites\\\/4\\\/2022\\\/03\\\/paulo-andre-11.jpg?v=1648330666\",\"datePublished\":\"2022-03-26T21:39:19+00:00\",\"description\":\"Acoonteceu a Prova do Anjo do Big Brother Brasil neste s\u00e1bado (26) e o vencedor foi Paulo Andr\u00e9. Ele levou a melhor na din\u00e2mica\",\"inLanguage\":\"pt-BR\",\"potentialAction\":[{\"@type\":\"ReadAction\",\"target\":[\"https:\\\/\\\/redenoticiaz.com.br\\\/ribeiraopreto-regiao\\\/sp\\\/2022\\\/03\\\/26\\\/paulo-andre-conquista-a-prova-do-anjo-do-bbb-22\"]}]},{\"@type\":\"ImageObject\",\"inLanguage\":\"pt-BR\",\"@id\":\"https:\\\/\\\/redenoticiaz.com.br\\\/ribeiraopreto-regiao\\\/sp\\\/2022\\\/03\\\/26\\\/paulo-andre-conquista-a-prova-do-anjo-do-bbb-22#primaryimage\",\"url\":\"https:\\\/\\\/redenoticiaz.com.br\\\/ribeiraopreto-regiao\\\/wp-content\\\/uploads\\\/sites\\\/4\\\/2022\\\/03\\\/paulo-andre-11.jpg?v=1648330666\",\"contentUrl\":\"https:\\\/\\\/redenoticiaz.com.br\\\/ribeiraopreto-regiao\\\/wp-content\\\/uploads\\\/sites\\\/4\\\/2022\\\/03\\\/paulo-andre-11.jpg?v=1648330666\",\"width\":1280,\"height\":720,\"caption\":\"Brother escapa de Pared\u00e3o e ainda poder\u00e1 imunizar outro participante. Cr\u00e9ditos: Reprodu\u00e7\u00e3o\\\/TV Globo\"},{\"@type\":\"WebSite\",\"@id\":\"https:\\\/\\\/redenoticiaz.com.br\\\/ribeiraopreto-regiao\\\/#website\",\"url\":\"https:\\\/\\\/redenoticiaz.com.br\\\/ribeiraopreto-regiao\\\/\",\"name\":\"Ribeir\u00e3o Preto e Regi\u00e3o\",\"description\":\"Rede NoticiaZ - Ribeir\u00e3o Preto e regi\u00e3o\",\"publisher\":{\"@id\":\"https:\\\/\\\/redenoticiaz.com.br\\\/ribeiraopreto-regiao\\\/#organization\"},\"potentialAction\":[{\"@type\":\"SearchAction\",\"target\":{\"@type\":\"EntryPoint\",\"urlTemplate\":\"https:\\\/\\\/redenoticiaz.com.br\\\/ribeiraopreto-regiao\\\/?s={search_term_string}\"},\"query-input\":{\"@type\":\"PropertyValueSpecification\",\"valueRequired\":true,\"valueName\":\"search_term_string\"}}],\"inLanguage\":\"pt-BR\"},{\"@type\":\"Organization\",\"@id\":\"https:\\\/\\\/redenoticiaz.com.br\\\/ribeiraopreto-regiao\\\/#organization\",\"name\":\"Ribeir\u00e3o Preto e Regi\u00e3o\",\"url\":\"https:\\\/\\\/redenoticiaz.com.br\\\/ribeiraopreto-regiao\\\/\",\"logo\":{\"@type\":\"ImageObject\",\"inLanguage\":\"pt-BR\",\"@id\":\"https:\\\/\\\/redenoticiaz.com.br\\\/ribeiraopreto-regiao\\\/#\\\/schema\\\/logo\\\/image\\\/\",\"url\":\"https:\\\/\\\/redenoticiaz.com.br\\\/barretos-regiao\\\/wp-content\\\/uploads\\\/sites\\\/4\\\/2022\\\/02\\\/logo.jpg\",\"contentUrl\":\"https:\\\/\\\/redenoticiaz.com.br\\\/barretos-regiao\\\/wp-content\\\/uploads\\\/sites\\\/4\\\/2022\\\/02\\\/logo.jpg\",\"width\":400,\"height\":250,\"caption\":\"Ribeir\u00e3o Preto e Regi\u00e3o\"},\"image\":{\"@id\":\"https:\\\/\\\/redenoticiaz.com.br\\\/ribeiraopreto-regiao\\\/#\\\/schema\\\/logo\\\/image\\\/\"},\"sameAs\":[\"https:\\\/\\\/m.facebook.com\\\/redenoticiaz.barretos\",\"https:\\\/\\\/x.com\\\/RN_barretos\",\"https:\\\/\\\/www.instagram.com\\\/redenoticiaz.barretos\\\/?igshid=YmMyMTA2M2Y\",\"https:\\\/\\\/www.linkedin.com\\\/company\\\/rede-noticiaz-barretos-e-regio\\\/\"]},{\"@type\":\"Person\",\"@id\":\"https:\\\/\\\/redenoticiaz.com.br\\\/ribeiraopreto-regiao\\\/#\\\/schema\\\/person\\\/0f0b8a5bdafefe82841e07ae8d81ecb3\",\"name\":\"Leonardo Francisco\",\"image\":{\"@type\":\"ImageObject\",\"inLanguage\":\"pt-BR\",\"@id\":\"https:\\\/\\\/secure.gravatar.com\\\/avatar\\\/a7358cb406a99b682ec6df1e77e31ae82e63601f6784e8a3df411d72b37864da?s=96&d=mm&r=g\",\"url\":\"https:\\\/\\\/secure.gravatar.com\\\/avatar\\\/a7358cb406a99b682ec6df1e77e31ae82e63601f6784e8a3df411d72b37864da?s=96&d=mm&r=g\",\"contentUrl\":\"https:\\\/\\\/secure.gravatar.com\\\/avatar\\\/a7358cb406a99b682ec6df1e77e31ae82e63601f6784e8a3df411d72b37864da?s=96&d=mm&r=g\",\"caption\":\"Leonardo Francisco\"},\"url\":\"https:\\\/\\\/redenoticiaz.com.br\\\/ribeiraopreto-regiao\\\/sp\\\/author\\\/leonardo-francisco\"}]}<\/script>\n<!-- \/ Yoast SEO plugin. -->","yoast_head_json":{"title":"Paulo Andr\u00e9 conquista a Prova do Anjo do BBB 22 - Ribeir\u00e3o Preto e Regi\u00e3o","description":"Acoonteceu a Prova do Anjo do Big Brother Brasil neste s\u00e1bado (26) e o vencedor foi Paulo Andr\u00e9. Ele levou a melhor na din\u00e2mica","robots":{"index":"index","follow":"follow","max-snippet":"max-snippet:-1","max-image-preview":"max-image-preview:large","max-video-preview":"max-video-preview:-1"},"canonical":"https:\/\/redenoticiaz.com.br\/ribeiraopreto-regiao\/sp\/2022\/03\/26\/paulo-andre-conquista-a-prova-do-anjo-do-bbb-22","og_locale":"pt_BR","og_type":"article","og_title":"Paulo Andr\u00e9 conquista a Prova do Anjo do BBB 22 - Ribeir\u00e3o Preto e Regi\u00e3o","og_description":"Acoonteceu a Prova do Anjo do Big Brother Brasil neste s\u00e1bado (26) e o vencedor foi Paulo Andr\u00e9. Ele levou a melhor na din\u00e2mica","og_url":"https:\/\/redenoticiaz.com.br\/ribeiraopreto-regiao\/sp\/2022\/03\/26\/paulo-andre-conquista-a-prova-do-anjo-do-bbb-22","og_site_name":"Ribeir\u00e3o Preto e Regi\u00e3o","article_publisher":"https:\/\/m.facebook.com\/redenoticiaz.barretos","article_published_time":"2022-03-26T21:39:19+00:00","og_image":[{"width":400,"height":250,"url":"https:\/\/redenoticiaz.com.br\/ribeiraopreto-regiao\/wp-content\/uploads\/sites\/4\/2022\/02\/logo.jpg","type":"image\/jpeg"}],"author":"Leonardo Francisco","twitter_card":"summary_large_image","twitter_creator":"@RN_barretos","twitter_site":"@RN_barretos","twitter_misc":{"Escrito por":"Leonardo Francisco","Est. tempo de leitura":"1 minuto"},"schema":{"@context":"https:\/\/schema.org","@graph":[{"@type":"Article","@id":"https:\/\/redenoticiaz.com.br\/ribeiraopreto-regiao\/sp\/2022\/03\/26\/paulo-andre-conquista-a-prova-do-anjo-do-bbb-22#article","isPartOf":{"@id":"https:\/\/redenoticiaz.com.br\/ribeiraopreto-regiao\/sp\/2022\/03\/26\/paulo-andre-conquista-a-prova-do-anjo-do-bbb-22"},"author":{"name":"Leonardo Francisco","@id":"https:\/\/redenoticiaz.com.br\/ribeiraopreto-regiao\/#\/schema\/person\/0f0b8a5bdafefe82841e07ae8d81ecb3"},"headline":"Paulo Andr\u00e9 conquista a Prova do Anjo do BBB 22","datePublished":"2022-03-26T21:39:19+00:00","mainEntityOfPage":{"@id":"https:\/\/redenoticiaz.com.br\/ribeiraopreto-regiao\/sp\/2022\/03\/26\/paulo-andre-conquista-a-prova-do-anjo-do-bbb-22"},"wordCount":278,"commentCount":0,"publisher":{"@id":"https:\/\/redenoticiaz.com.br\/ribeiraopreto-regiao\/#organization"},"image":{"@id":"https:\/\/redenoticiaz.com.br\/ribeiraopreto-regiao\/sp\/2022\/03\/26\/paulo-andre-conquista-a-prova-do-anjo-do-bbb-22#primaryimage"},"thumbnailUrl":"https:\/\/redenoticiaz.com.br\/ribeiraopreto-regiao\/wp-content\/uploads\/sites\/4\/2022\/03\/paulo-andre-11.jpg?v=1648330666","keywords":["BBB 22","BIG BROTHER BRASIL","PAULO ANDR\u00c9","prova do lider"],"articleSection":["Entretenimento"],"inLanguage":"pt-BR","potentialAction":[{"@type":"CommentAction","name":"Comment","target":["https:\/\/redenoticiaz.com.br\/ribeiraopreto-regiao\/sp\/2022\/03\/26\/paulo-andre-conquista-a-prova-do-anjo-do-bbb-22#respond"]}]},{"@type":"WebPage","@id":"https:\/\/redenoticiaz.com.br\/ribeiraopreto-regiao\/sp\/2022\/03\/26\/paulo-andre-conquista-a-prova-do-anjo-do-bbb-22","url":"https:\/\/redenoticiaz.com.br\/ribeiraopreto-regiao\/sp\/2022\/03\/26\/paulo-andre-conquista-a-prova-do-anjo-do-bbb-22","name":"Paulo Andr\u00e9 conquista a Prova do Anjo do BBB 22 - Ribeir\u00e3o Preto e Regi\u00e3o","isPartOf":{"@id":"https:\/\/redenoticiaz.com.br\/ribeiraopreto-regiao\/#website"},"primaryImageOfPage":{"@id":"https:\/\/redenoticiaz.com.br\/ribeiraopreto-regiao\/sp\/2022\/03\/26\/paulo-andre-conquista-a-prova-do-anjo-do-bbb-22#primaryimage"},"image":{"@id":"https:\/\/redenoticiaz.com.br\/ribeiraopreto-regiao\/sp\/2022\/03\/26\/paulo-andre-conquista-a-prova-do-anjo-do-bbb-22#primaryimage"},"thumbnailUrl":"https:\/\/redenoticiaz.com.br\/ribeiraopreto-regiao\/wp-content\/uploads\/sites\/4\/2022\/03\/paulo-andre-11.jpg?v=1648330666","datePublished":"2022-03-26T21:39:19+00:00","description":"Acoonteceu a Prova do Anjo do Big Brother Brasil neste s\u00e1bado (26) e o vencedor foi Paulo Andr\u00e9. Ele levou a melhor na din\u00e2mica","inLanguage":"pt-BR","potentialAction":[{"@type":"ReadAction","target":["https:\/\/redenoticiaz.com.br\/ribeiraopreto-regiao\/sp\/2022\/03\/26\/paulo-andre-conquista-a-prova-do-anjo-do-bbb-22"]}]},{"@type":"ImageObject","inLanguage":"pt-BR","@id":"https:\/\/redenoticiaz.com.br\/ribeiraopreto-regiao\/sp\/2022\/03\/26\/paulo-andre-conquista-a-prova-do-anjo-do-bbb-22#primaryimage","url":"https:\/\/redenoticiaz.com.br\/ribeiraopreto-regiao\/wp-content\/uploads\/sites\/4\/2022\/03\/paulo-andre-11.jpg?v=1648330666","contentUrl":"https:\/\/redenoticiaz.com.br\/ribeiraopreto-regiao\/wp-content\/uploads\/sites\/4\/2022\/03\/paulo-andre-11.jpg?v=1648330666","width":1280,"height":720,"caption":"Brother escapa de Pared\u00e3o e ainda poder\u00e1 imunizar outro participante. Cr\u00e9ditos: Reprodu\u00e7\u00e3o\/TV Globo"},{"@type":"WebSite","@id":"https:\/\/redenoticiaz.com.br\/ribeiraopreto-regiao\/#website","url":"https:\/\/redenoticiaz.com.br\/ribeiraopreto-regiao\/","name":"Ribeir\u00e3o Preto e Regi\u00e3o","description":"Rede NoticiaZ - Ribeir\u00e3o Preto e regi\u00e3o","publisher":{"@id":"https:\/\/redenoticiaz.com.br\/ribeiraopreto-regiao\/#organization"},"potentialAction":[{"@type":"SearchAction","target":{"@type":"EntryPoint","urlTemplate":"https:\/\/redenoticiaz.com.br\/ribeiraopreto-regiao\/?s={search_term_string}"},"query-input":{"@type":"PropertyValueSpecification","valueRequired":true,"valueName":"search_term_string"}}],"inLanguage":"pt-BR"},{"@type":"Organization","@id":"https:\/\/redenoticiaz.com.br\/ribeiraopreto-regiao\/#organization","name":"Ribeir\u00e3o Preto e Regi\u00e3o","url":"https:\/\/redenoticiaz.com.br\/ribeiraopreto-regiao\/","logo":{"@type":"ImageObject","inLanguage":"pt-BR","@id":"https:\/\/redenoticiaz.com.br\/ribeiraopreto-regiao\/#\/schema\/logo\/image\/","url":"https:\/\/redenoticiaz.com.br\/barretos-regiao\/wp-content\/uploads\/sites\/4\/2022\/02\/logo.jpg","contentUrl":"https:\/\/redenoticiaz.com.br\/barretos-regiao\/wp-content\/uploads\/sites\/4\/2022\/02\/logo.jpg","width":400,"height":250,"caption":"Ribeir\u00e3o Preto e Regi\u00e3o"},"image":{"@id":"https:\/\/redenoticiaz.com.br\/ribeiraopreto-regiao\/#\/schema\/logo\/image\/"},"sameAs":["https:\/\/m.facebook.com\/redenoticiaz.barretos","https:\/\/x.com\/RN_barretos","https:\/\/www.instagram.com\/redenoticiaz.barretos\/?igshid=YmMyMTA2M2Y","https:\/\/www.linkedin.com\/company\/rede-noticiaz-barretos-e-regio\/"]},{"@type":"Person","@id":"https:\/\/redenoticiaz.com.br\/ribeiraopreto-regiao\/#\/schema\/person\/0f0b8a5bdafefe82841e07ae8d81ecb3","name":"Leonardo Francisco","image":{"@type":"ImageObject","inLanguage":"pt-BR","@id":"https:\/\/secure.gravatar.com\/avatar\/a7358cb406a99b682ec6df1e77e31ae82e63601f6784e8a3df411d72b37864da?s=96&d=mm&r=g","url":"https:\/\/secure.gravatar.com\/avatar\/a7358cb406a99b682ec6df1e77e31ae82e63601f6784e8a3df411d72b37864da?s=96&d=mm&r=g","contentUrl":"https:\/\/secure.gravatar.com\/avatar\/a7358cb406a99b682ec6df1e77e31ae82e63601f6784e8a3df411d72b37864da?s=96&d=mm&r=g","caption":"Leonardo Francisco"},"url":"https:\/\/redenoticiaz.com.br\/ribeiraopreto-regiao\/sp\/author\/leonardo-francisco"}]}},"_links":{"self":[{"href":"https:\/\/redenoticiaz.com.br\/ribeiraopreto-regiao\/wp-json\/wp\/v2\/posts\/1558","targetHints":{"allow":["GET"]}}],"collection":[{"href":"https:\/\/redenoticiaz.com.br\/ribeiraopreto-regiao\/wp-json\/wp\/v2\/posts"}],"about":[{"href":"https:\/\/redenoticiaz.com.br\/ribeiraopreto-regiao\/wp-json\/wp\/v2\/types\/post"}],"author":[{"embeddable":true,"href":"https:\/\/redenoticiaz.com.br\/ribeiraopreto-regiao\/wp-json\/wp\/v2\/users\/6"}],"replies":[{"embeddable":true,"href":"https:\/\/redenoticiaz.com.br\/ribeiraopreto-regiao\/wp-json\/wp\/v2\/comments?post=1558"}],"version-history":[{"count":0,"href":"https:\/\/redenoticiaz.com.br\/ribeiraopreto-regiao\/wp-json\/wp\/v2\/posts\/1558\/revisions"}],"wp:featuredmedia":[{"embeddable":true,"href":"https:\/\/redenoticiaz.com.br\/ribeiraopreto-regiao\/wp-json\/wp\/v2\/media\/1559"}],"wp:attachment":[{"href":"https:\/\/redenoticiaz.com.br\/ribeiraopreto-regiao\/wp-json\/wp\/v2\/media?parent=1558"}],"wp:term":[{"taxonomy":"category","embeddable":true,"href":"https:\/\/redenoticiaz.com.br\/ribeiraopreto-regiao\/wp-json\/wp\/v2\/categories?post=1558"},{"taxonomy":"post_tag","embeddable":true,"href":"https:\/\/redenoticiaz.com.br\/ribeiraopreto-regiao\/wp-json\/wp\/v2\/tags?post=1558"}],"curies":[{"name":"wp","href":"https:\/\/api.w.org\/{rel}","templated":true}]}}