{"id":159,"date":"2022-02-28T11:05:57","date_gmt":"2022-02-28T14:05:57","guid":{"rendered":"https:\/\/redenoticiaz.com.br\/barretos-regiao\/sp\/2022\/02\/28\/video-apos-novo-jogo-ruim-torcedores-do-santos-protestam-contra-rueda"},"modified":"2022-02-28T11:05:57","modified_gmt":"2022-02-28T14:05:57","slug":"video-apos-novo-jogo-ruim-torcedores-do-santos-protestam-contra-rueda","status":"publish","type":"post","link":"https:\/\/redenoticiaz.com.br\/ribeiraopreto-regiao\/sp\/2022\/02\/28\/video-apos-novo-jogo-ruim-torcedores-do-santos-protestam-contra-rueda","title":{"rendered":"V\u00cdDEO \u2013 Ap\u00f3s novo jogo ruim, torcedores do Santos protestam contra Rueda"},"content":{"rendered":"<p>Ap\u00f3s mais um resultado ruim na temporada,<strong> torcedores organizados<\/strong> do Santos protestaram em frente \u00e0 sede social do clube. A manifesta\u00e7\u00e3o ocorreu ap\u00f3s o resultado de 2&#215;2 contra o lanterna do <a href=\"https:\/\/futebolpaulista.com.br\/Home\/\">Campeonato Paulista<\/a>, Novorizontino, na noite deste domingo (27), em plena Vila Belmiro.<\/p>\n<p>O principal alvo do protesto dos torcedores foi o presidente do Santos, Andr\u00e9s Rueda. O time n\u00e3o faz um bom campeonato, e ocupa apenas a terceira coloca\u00e7\u00e3o do Grupo D, com 10 pontos, atr\u00e1s do l\u00edder Red Bull Bragantino, que tem 16 pontos, e Santo Andr\u00e9, com os mesmos 10 pontos. Faltam apenas tr\u00eas rodadas para o t\u00e9rmino da primeira fase da competi\u00e7\u00e3o.<\/p>\n<p>Na semana passada, alguns membros da Torcida Jovem, da Sangue Jovem do Bonde do Bra\u00e7o Fino (BBF) se reuniram com o gerente de Futebol do Santos, Edu Dracena. Na conversa, o gestor foi cobrado por refor\u00e7os e um time mais competitivo para a temporada. A reuni\u00e3o foi na mesma semana em que o Santos perdeu o cl\u00e1ssico contra o S\u00e3o Paulo, por 3&#215;0, em plena Vila Belmiro.<\/p>\n<p>Veja abaixo os v\u00eddeos do protesto deste domingo.<\/p>\n<div style=\"width: 720px;\" class=\"wp-video\"><video class=\"wp-video-shortcode\" id=\"video-159-1\" width=\"720\" height=\"720\" preload=\"metadata\" controls=\"controls\"><source type=\"video\/mp4\" src=\"https:\/\/redenoticiaz.com.br\/barretos-regiao\/wp-content\/uploads\/sites\/4\/2022\/02\/video-01.mp4?_=1\" \/><a href=\"https:\/\/redenoticiaz.com.br\/barretos-regiao\/wp-content\/uploads\/sites\/4\/2022\/02\/video-01.mp4\">https:\/\/redenoticiaz.com.br\/barretos-regiao\/wp-content\/uploads\/sites\/4\/2022\/02\/video-01.mp4<\/a><\/video><\/div>\n<p>&nbsp;<\/p>\n<div style=\"width: 720px;\" class=\"wp-video\"><video class=\"wp-video-shortcode\" id=\"video-159-2\" width=\"720\" height=\"720\" preload=\"metadata\" controls=\"controls\"><source type=\"video\/mp4\" src=\"https:\/\/redenoticiaz.com.br\/barretos-regiao\/wp-content\/uploads\/sites\/4\/2022\/02\/video-02.mp4?_=2\" \/><a href=\"https:\/\/redenoticiaz.com.br\/barretos-regiao\/wp-content\/uploads\/sites\/4\/2022\/02\/video-02.mp4\">https:\/\/redenoticiaz.com.br\/barretos-regiao\/wp-content\/uploads\/sites\/4\/2022\/02\/video-02.mp4<\/a><\/video><\/div>\n<p>&nbsp;<\/p>\n<div style=\"width: 720px;\" class=\"wp-video\"><video class=\"wp-video-shortcode\" id=\"video-159-3\" width=\"720\" height=\"720\" preload=\"metadata\" controls=\"controls\"><source type=\"video\/mp4\" src=\"https:\/\/redenoticiaz.com.br\/barretos-regiao\/wp-content\/uploads\/sites\/4\/2022\/02\/video-03.mp4?_=3\" \/><a href=\"https:\/\/redenoticiaz.com.br\/barretos-regiao\/wp-content\/uploads\/sites\/4\/2022\/02\/video-03.mp4\">https:\/\/redenoticiaz.com.br\/barretos-regiao\/wp-content\/uploads\/sites\/4\/2022\/02\/video-03.mp4<\/a><\/video><\/div>\n<div style=\"width: 720px;\" class=\"wp-video\"><video class=\"wp-video-shortcode\" id=\"video-159-4\" width=\"720\" height=\"720\" preload=\"metadata\" controls=\"controls\"><source type=\"video\/mp4\" src=\"https:\/\/redenoticiaz.com.br\/barretos-regiao\/wp-content\/uploads\/sites\/4\/2022\/02\/video-04.mp4?_=4\" \/><a href=\"https:\/\/redenoticiaz.com.br\/barretos-regiao\/wp-content\/uploads\/sites\/4\/2022\/02\/video-04.mp4\">https:\/\/redenoticiaz.com.br\/barretos-regiao\/wp-content\/uploads\/sites\/4\/2022\/02\/video-04.mp4<\/a><\/video><\/div>\n<p>&nbsp;<\/p>\n<p>&nbsp;<\/p>\n<p>&nbsp;<\/p>\n<p>LEIA TAMB\u00c9M<\/p>\n<p>&nbsp;<\/p>\n","protected":false},"excerpt":{"rendered":"<p>Ap\u00f3s mais um resultado ruim na temporada, torcedores organizados do Santos protestaram em frente \u00e0 sede social do clube. A manifesta\u00e7\u00e3o ocorreu ap\u00f3s o resultado de 2&#215;2 contra o lanterna do Campeonato Paulista, Novorizontino, na noite deste domingo (27), em plena Vila Belmiro. O principal alvo do protesto dos torcedores foi o presidente do Santos, &hellip;<\/p>\n","protected":false},"author":15,"featured_media":164,"comment_status":"open","ping_status":"closed","sticky":false,"template":"","format":"standard","meta":{"footnotes":""},"categories":[87],"tags":[452,453,454,107,455],"class_list":["post-159","post","type-post","status-publish","format-standard","has-post-thumbnail","hentry","category-esporte","tag-bbf","tag-protesto","tag-sangue-jovem","tag-santos-fc","tag-torcida-jovem"],"yoast_head":"<!-- This site is optimized with the Yoast SEO plugin v27.5 - https:\/\/yoast.com\/product\/yoast-seo-wordpress\/ -->\n<title>V\u00cdDEO \u2013 Ap\u00f3s novo jogo ruim, torcedores do Santos protestam contra Rueda - Ribeir\u00e3o Preto e Regi\u00e3o<\/title>\n<meta name=\"description\" content=\"Ap\u00f3s mais um resultado ruim na temporada, torcedores organizados do Santos protestaram em frente \u00e0 sede social do clube, cobrando muito o presidente Rueda\" \/>\n<meta name=\"robots\" content=\"index, follow, max-snippet:-1, max-image-preview:large, max-video-preview:-1\" \/>\n<link rel=\"canonical\" href=\"https:\/\/redenoticiaz.com.br\/ribeiraopreto-regiao\/sp\/2022\/02\/28\/video-apos-novo-jogo-ruim-torcedores-do-santos-protestam-contra-rueda\" \/>\n<meta property=\"og:locale\" content=\"pt_BR\" \/>\n<meta property=\"og:type\" content=\"article\" \/>\n<meta property=\"og:title\" content=\"V\u00cdDEO \u2013 Ap\u00f3s novo jogo ruim, torcedores do Santos protestam contra Rueda - Ribeir\u00e3o Preto e Regi\u00e3o\" \/>\n<meta property=\"og:description\" content=\"Ap\u00f3s mais um resultado ruim na temporada, torcedores organizados do Santos protestaram em frente \u00e0 sede social do clube, cobrando muito o presidente Rueda\" \/>\n<meta property=\"og:url\" content=\"https:\/\/redenoticiaz.com.br\/ribeiraopreto-regiao\/sp\/2022\/02\/28\/video-apos-novo-jogo-ruim-torcedores-do-santos-protestam-contra-rueda\" \/>\n<meta property=\"og:site_name\" content=\"Ribeir\u00e3o Preto e Regi\u00e3o\" \/>\n<meta property=\"article:publisher\" content=\"https:\/\/m.facebook.com\/redenoticiaz.barretos\" \/>\n<meta property=\"article:published_time\" content=\"2022-02-28T14:05:57+00:00\" \/>\n<meta property=\"og:image\" content=\"https:\/\/redenoticiaz.com.br\/ribeiraopreto-regiao\/wp-content\/uploads\/sites\/4\/2022\/02\/logo.jpg\" \/>\n\t<meta property=\"og:image:width\" content=\"400\" \/>\n\t<meta property=\"og:image:height\" content=\"250\" \/>\n\t<meta property=\"og:image:type\" content=\"image\/jpeg\" \/>\n<meta name=\"twitter:card\" content=\"summary_large_image\" \/>\n<meta name=\"twitter:creator\" content=\"@RN_barretos\" \/>\n<meta name=\"twitter:site\" content=\"@RN_barretos\" \/>\n<meta name=\"twitter:label1\" content=\"Escrito por\" \/>\n\t<meta name=\"twitter:data1\" content=\"\" \/>\n\t<meta name=\"twitter:label2\" content=\"Est. tempo de leitura\" \/>\n\t<meta name=\"twitter:data2\" content=\"1 minuto\" \/>\n<script type=\"application\/ld+json\" class=\"yoast-schema-graph\">{\"@context\":\"https:\\\/\\\/schema.org\",\"@graph\":[{\"@type\":\"Article\",\"@id\":\"https:\\\/\\\/redenoticiaz.com.br\\\/ribeiraopreto-regiao\\\/sp\\\/2022\\\/02\\\/28\\\/video-apos-novo-jogo-ruim-torcedores-do-santos-protestam-contra-rueda#article\",\"isPartOf\":{\"@id\":\"https:\\\/\\\/redenoticiaz.com.br\\\/ribeiraopreto-regiao\\\/sp\\\/2022\\\/02\\\/28\\\/video-apos-novo-jogo-ruim-torcedores-do-santos-protestam-contra-rueda\"},\"author\":{\"name\":\"\",\"@id\":\"\"},\"headline\":\"V\u00cdDEO \u2013 Ap\u00f3s novo jogo ruim, torcedores do Santos protestam contra Rueda\",\"datePublished\":\"2022-02-28T14:05:57+00:00\",\"mainEntityOfPage\":{\"@id\":\"https:\\\/\\\/redenoticiaz.com.br\\\/ribeiraopreto-regiao\\\/sp\\\/2022\\\/02\\\/28\\\/video-apos-novo-jogo-ruim-torcedores-do-santos-protestam-contra-rueda\"},\"wordCount\":275,\"commentCount\":0,\"publisher\":{\"@id\":\"https:\\\/\\\/redenoticiaz.com.br\\\/ribeiraopreto-regiao\\\/#organization\"},\"image\":{\"@id\":\"https:\\\/\\\/redenoticiaz.com.br\\\/ribeiraopreto-regiao\\\/sp\\\/2022\\\/02\\\/28\\\/video-apos-novo-jogo-ruim-torcedores-do-santos-protestam-contra-rueda#primaryimage\"},\"thumbnailUrl\":\"https:\\\/\\\/redenoticiaz.com.br\\\/ribeiraopreto-regiao\\\/wp-content\\\/uploads\\\/sites\\\/4\\\/2022\\\/02\\\/sem-titulo-24.jpg?v=1646056742\",\"keywords\":[\"BBF\",\"PROTESTO\",\"Sangue Jovem\",\"Santos FC\",\"Torcida Jovem\"],\"articleSection\":[\"Esporte\"],\"inLanguage\":\"pt-BR\",\"potentialAction\":[{\"@type\":\"CommentAction\",\"name\":\"Comment\",\"target\":[\"https:\\\/\\\/redenoticiaz.com.br\\\/ribeiraopreto-regiao\\\/sp\\\/2022\\\/02\\\/28\\\/video-apos-novo-jogo-ruim-torcedores-do-santos-protestam-contra-rueda#respond\"]}]},{\"@type\":\"WebPage\",\"@id\":\"https:\\\/\\\/redenoticiaz.com.br\\\/ribeiraopreto-regiao\\\/sp\\\/2022\\\/02\\\/28\\\/video-apos-novo-jogo-ruim-torcedores-do-santos-protestam-contra-rueda\",\"url\":\"https:\\\/\\\/redenoticiaz.com.br\\\/ribeiraopreto-regiao\\\/sp\\\/2022\\\/02\\\/28\\\/video-apos-novo-jogo-ruim-torcedores-do-santos-protestam-contra-rueda\",\"name\":\"V\u00cdDEO \u2013 Ap\u00f3s novo jogo ruim, torcedores do Santos protestam contra Rueda - Ribeir\u00e3o Preto e Regi\u00e3o\",\"isPartOf\":{\"@id\":\"https:\\\/\\\/redenoticiaz.com.br\\\/ribeiraopreto-regiao\\\/#website\"},\"primaryImageOfPage\":{\"@id\":\"https:\\\/\\\/redenoticiaz.com.br\\\/ribeiraopreto-regiao\\\/sp\\\/2022\\\/02\\\/28\\\/video-apos-novo-jogo-ruim-torcedores-do-santos-protestam-contra-rueda#primaryimage\"},\"image\":{\"@id\":\"https:\\\/\\\/redenoticiaz.com.br\\\/ribeiraopreto-regiao\\\/sp\\\/2022\\\/02\\\/28\\\/video-apos-novo-jogo-ruim-torcedores-do-santos-protestam-contra-rueda#primaryimage\"},\"thumbnailUrl\":\"https:\\\/\\\/redenoticiaz.com.br\\\/ribeiraopreto-regiao\\\/wp-content\\\/uploads\\\/sites\\\/4\\\/2022\\\/02\\\/sem-titulo-24.jpg?v=1646056742\",\"datePublished\":\"2022-02-28T14:05:57+00:00\",\"description\":\"Ap\u00f3s mais um resultado ruim na temporada, torcedores organizados do Santos protestaram em frente \u00e0 sede social do clube, cobrando muito o presidente Rueda\",\"inLanguage\":\"pt-BR\",\"potentialAction\":[{\"@type\":\"ReadAction\",\"target\":[\"https:\\\/\\\/redenoticiaz.com.br\\\/ribeiraopreto-regiao\\\/sp\\\/2022\\\/02\\\/28\\\/video-apos-novo-jogo-ruim-torcedores-do-santos-protestam-contra-rueda\"]}]},{\"@type\":\"ImageObject\",\"inLanguage\":\"pt-BR\",\"@id\":\"https:\\\/\\\/redenoticiaz.com.br\\\/ribeiraopreto-regiao\\\/sp\\\/2022\\\/02\\\/28\\\/video-apos-novo-jogo-ruim-torcedores-do-santos-protestam-contra-rueda#primaryimage\",\"url\":\"https:\\\/\\\/redenoticiaz.com.br\\\/ribeiraopreto-regiao\\\/wp-content\\\/uploads\\\/sites\\\/4\\\/2022\\\/02\\\/sem-titulo-24.jpg?v=1646056742\",\"contentUrl\":\"https:\\\/\\\/redenoticiaz.com.br\\\/ribeiraopreto-regiao\\\/wp-content\\\/uploads\\\/sites\\\/4\\\/2022\\\/02\\\/sem-titulo-24.jpg?v=1646056742\",\"width\":614,\"height\":495,\"caption\":\"Protesto da torcida do Santos em frente \u00e0 sede social do clube, neste domingo (27) (Foto: Reprodu\u00e7\u00e3o)\"},{\"@type\":\"WebSite\",\"@id\":\"https:\\\/\\\/redenoticiaz.com.br\\\/ribeiraopreto-regiao\\\/#website\",\"url\":\"https:\\\/\\\/redenoticiaz.com.br\\\/ribeiraopreto-regiao\\\/\",\"name\":\"Ribeir\u00e3o Preto e Regi\u00e3o\",\"description\":\"Rede NoticiaZ - Ribeir\u00e3o Preto e regi\u00e3o\",\"publisher\":{\"@id\":\"https:\\\/\\\/redenoticiaz.com.br\\\/ribeiraopreto-regiao\\\/#organization\"},\"potentialAction\":[{\"@type\":\"SearchAction\",\"target\":{\"@type\":\"EntryPoint\",\"urlTemplate\":\"https:\\\/\\\/redenoticiaz.com.br\\\/ribeiraopreto-regiao\\\/?s={search_term_string}\"},\"query-input\":{\"@type\":\"PropertyValueSpecification\",\"valueRequired\":true,\"valueName\":\"search_term_string\"}}],\"inLanguage\":\"pt-BR\"},{\"@type\":\"Organization\",\"@id\":\"https:\\\/\\\/redenoticiaz.com.br\\\/ribeiraopreto-regiao\\\/#organization\",\"name\":\"Ribeir\u00e3o Preto e Regi\u00e3o\",\"url\":\"https:\\\/\\\/redenoticiaz.com.br\\\/ribeiraopreto-regiao\\\/\",\"logo\":{\"@type\":\"ImageObject\",\"inLanguage\":\"pt-BR\",\"@id\":\"https:\\\/\\\/redenoticiaz.com.br\\\/ribeiraopreto-regiao\\\/#\\\/schema\\\/logo\\\/image\\\/\",\"url\":\"https:\\\/\\\/redenoticiaz.com.br\\\/barretos-regiao\\\/wp-content\\\/uploads\\\/sites\\\/4\\\/2022\\\/02\\\/logo.jpg\",\"contentUrl\":\"https:\\\/\\\/redenoticiaz.com.br\\\/barretos-regiao\\\/wp-content\\\/uploads\\\/sites\\\/4\\\/2022\\\/02\\\/logo.jpg\",\"width\":400,\"height\":250,\"caption\":\"Ribeir\u00e3o Preto e Regi\u00e3o\"},\"image\":{\"@id\":\"https:\\\/\\\/redenoticiaz.com.br\\\/ribeiraopreto-regiao\\\/#\\\/schema\\\/logo\\\/image\\\/\"},\"sameAs\":[\"https:\\\/\\\/m.facebook.com\\\/redenoticiaz.barretos\",\"https:\\\/\\\/x.com\\\/RN_barretos\",\"https:\\\/\\\/www.instagram.com\\\/redenoticiaz.barretos\\\/?igshid=YmMyMTA2M2Y\",\"https:\\\/\\\/www.linkedin.com\\\/company\\\/rede-noticiaz-barretos-e-regio\\\/\"]},{\"@type\":\"Person\",\"@id\":\"\",\"url\":\"https:\\\/\\\/redenoticiaz.com.br\\\/ribeiraopreto-regiao\\\/sp\\\/author\"}]}<\/script>\n<!-- \/ Yoast SEO plugin. -->","yoast_head_json":{"title":"V\u00cdDEO \u2013 Ap\u00f3s novo jogo ruim, torcedores do Santos protestam contra Rueda - Ribeir\u00e3o Preto e Regi\u00e3o","description":"Ap\u00f3s mais um resultado ruim na temporada, torcedores organizados do Santos protestaram em frente \u00e0 sede social do clube, cobrando muito o presidente Rueda","robots":{"index":"index","follow":"follow","max-snippet":"max-snippet:-1","max-image-preview":"max-image-preview:large","max-video-preview":"max-video-preview:-1"},"canonical":"https:\/\/redenoticiaz.com.br\/ribeiraopreto-regiao\/sp\/2022\/02\/28\/video-apos-novo-jogo-ruim-torcedores-do-santos-protestam-contra-rueda","og_locale":"pt_BR","og_type":"article","og_title":"V\u00cdDEO \u2013 Ap\u00f3s novo jogo ruim, torcedores do Santos protestam contra Rueda - Ribeir\u00e3o Preto e Regi\u00e3o","og_description":"Ap\u00f3s mais um resultado ruim na temporada, torcedores organizados do Santos protestaram em frente \u00e0 sede social do clube, cobrando muito o presidente Rueda","og_url":"https:\/\/redenoticiaz.com.br\/ribeiraopreto-regiao\/sp\/2022\/02\/28\/video-apos-novo-jogo-ruim-torcedores-do-santos-protestam-contra-rueda","og_site_name":"Ribeir\u00e3o Preto e Regi\u00e3o","article_publisher":"https:\/\/m.facebook.com\/redenoticiaz.barretos","article_published_time":"2022-02-28T14:05:57+00:00","og_image":[{"width":400,"height":250,"url":"https:\/\/redenoticiaz.com.br\/ribeiraopreto-regiao\/wp-content\/uploads\/sites\/4\/2022\/02\/logo.jpg","type":"image\/jpeg"}],"twitter_card":"summary_large_image","twitter_creator":"@RN_barretos","twitter_site":"@RN_barretos","twitter_misc":{"Escrito por":"","Est. tempo de leitura":"1 minuto"},"schema":{"@context":"https:\/\/schema.org","@graph":[{"@type":"Article","@id":"https:\/\/redenoticiaz.com.br\/ribeiraopreto-regiao\/sp\/2022\/02\/28\/video-apos-novo-jogo-ruim-torcedores-do-santos-protestam-contra-rueda#article","isPartOf":{"@id":"https:\/\/redenoticiaz.com.br\/ribeiraopreto-regiao\/sp\/2022\/02\/28\/video-apos-novo-jogo-ruim-torcedores-do-santos-protestam-contra-rueda"},"author":{"name":"","@id":""},"headline":"V\u00cdDEO \u2013 Ap\u00f3s novo jogo ruim, torcedores do Santos protestam contra Rueda","datePublished":"2022-02-28T14:05:57+00:00","mainEntityOfPage":{"@id":"https:\/\/redenoticiaz.com.br\/ribeiraopreto-regiao\/sp\/2022\/02\/28\/video-apos-novo-jogo-ruim-torcedores-do-santos-protestam-contra-rueda"},"wordCount":275,"commentCount":0,"publisher":{"@id":"https:\/\/redenoticiaz.com.br\/ribeiraopreto-regiao\/#organization"},"image":{"@id":"https:\/\/redenoticiaz.com.br\/ribeiraopreto-regiao\/sp\/2022\/02\/28\/video-apos-novo-jogo-ruim-torcedores-do-santos-protestam-contra-rueda#primaryimage"},"thumbnailUrl":"https:\/\/redenoticiaz.com.br\/ribeiraopreto-regiao\/wp-content\/uploads\/sites\/4\/2022\/02\/sem-titulo-24.jpg?v=1646056742","keywords":["BBF","PROTESTO","Sangue Jovem","Santos FC","Torcida Jovem"],"articleSection":["Esporte"],"inLanguage":"pt-BR","potentialAction":[{"@type":"CommentAction","name":"Comment","target":["https:\/\/redenoticiaz.com.br\/ribeiraopreto-regiao\/sp\/2022\/02\/28\/video-apos-novo-jogo-ruim-torcedores-do-santos-protestam-contra-rueda#respond"]}]},{"@type":"WebPage","@id":"https:\/\/redenoticiaz.com.br\/ribeiraopreto-regiao\/sp\/2022\/02\/28\/video-apos-novo-jogo-ruim-torcedores-do-santos-protestam-contra-rueda","url":"https:\/\/redenoticiaz.com.br\/ribeiraopreto-regiao\/sp\/2022\/02\/28\/video-apos-novo-jogo-ruim-torcedores-do-santos-protestam-contra-rueda","name":"V\u00cdDEO \u2013 Ap\u00f3s novo jogo ruim, torcedores do Santos protestam contra Rueda - Ribeir\u00e3o Preto e Regi\u00e3o","isPartOf":{"@id":"https:\/\/redenoticiaz.com.br\/ribeiraopreto-regiao\/#website"},"primaryImageOfPage":{"@id":"https:\/\/redenoticiaz.com.br\/ribeiraopreto-regiao\/sp\/2022\/02\/28\/video-apos-novo-jogo-ruim-torcedores-do-santos-protestam-contra-rueda#primaryimage"},"image":{"@id":"https:\/\/redenoticiaz.com.br\/ribeiraopreto-regiao\/sp\/2022\/02\/28\/video-apos-novo-jogo-ruim-torcedores-do-santos-protestam-contra-rueda#primaryimage"},"thumbnailUrl":"https:\/\/redenoticiaz.com.br\/ribeiraopreto-regiao\/wp-content\/uploads\/sites\/4\/2022\/02\/sem-titulo-24.jpg?v=1646056742","datePublished":"2022-02-28T14:05:57+00:00","description":"Ap\u00f3s mais um resultado ruim na temporada, torcedores organizados do Santos protestaram em frente \u00e0 sede social do clube, cobrando muito o presidente Rueda","inLanguage":"pt-BR","potentialAction":[{"@type":"ReadAction","target":["https:\/\/redenoticiaz.com.br\/ribeiraopreto-regiao\/sp\/2022\/02\/28\/video-apos-novo-jogo-ruim-torcedores-do-santos-protestam-contra-rueda"]}]},{"@type":"ImageObject","inLanguage":"pt-BR","@id":"https:\/\/redenoticiaz.com.br\/ribeiraopreto-regiao\/sp\/2022\/02\/28\/video-apos-novo-jogo-ruim-torcedores-do-santos-protestam-contra-rueda#primaryimage","url":"https:\/\/redenoticiaz.com.br\/ribeiraopreto-regiao\/wp-content\/uploads\/sites\/4\/2022\/02\/sem-titulo-24.jpg?v=1646056742","contentUrl":"https:\/\/redenoticiaz.com.br\/ribeiraopreto-regiao\/wp-content\/uploads\/sites\/4\/2022\/02\/sem-titulo-24.jpg?v=1646056742","width":614,"height":495,"caption":"Protesto da torcida do Santos em frente \u00e0 sede social do clube, neste domingo (27) (Foto: Reprodu\u00e7\u00e3o)"},{"@type":"WebSite","@id":"https:\/\/redenoticiaz.com.br\/ribeiraopreto-regiao\/#website","url":"https:\/\/redenoticiaz.com.br\/ribeiraopreto-regiao\/","name":"Ribeir\u00e3o Preto e Regi\u00e3o","description":"Rede NoticiaZ - Ribeir\u00e3o Preto e regi\u00e3o","publisher":{"@id":"https:\/\/redenoticiaz.com.br\/ribeiraopreto-regiao\/#organization"},"potentialAction":[{"@type":"SearchAction","target":{"@type":"EntryPoint","urlTemplate":"https:\/\/redenoticiaz.com.br\/ribeiraopreto-regiao\/?s={search_term_string}"},"query-input":{"@type":"PropertyValueSpecification","valueRequired":true,"valueName":"search_term_string"}}],"inLanguage":"pt-BR"},{"@type":"Organization","@id":"https:\/\/redenoticiaz.com.br\/ribeiraopreto-regiao\/#organization","name":"Ribeir\u00e3o Preto e Regi\u00e3o","url":"https:\/\/redenoticiaz.com.br\/ribeiraopreto-regiao\/","logo":{"@type":"ImageObject","inLanguage":"pt-BR","@id":"https:\/\/redenoticiaz.com.br\/ribeiraopreto-regiao\/#\/schema\/logo\/image\/","url":"https:\/\/redenoticiaz.com.br\/barretos-regiao\/wp-content\/uploads\/sites\/4\/2022\/02\/logo.jpg","contentUrl":"https:\/\/redenoticiaz.com.br\/barretos-regiao\/wp-content\/uploads\/sites\/4\/2022\/02\/logo.jpg","width":400,"height":250,"caption":"Ribeir\u00e3o Preto e Regi\u00e3o"},"image":{"@id":"https:\/\/redenoticiaz.com.br\/ribeiraopreto-regiao\/#\/schema\/logo\/image\/"},"sameAs":["https:\/\/m.facebook.com\/redenoticiaz.barretos","https:\/\/x.com\/RN_barretos","https:\/\/www.instagram.com\/redenoticiaz.barretos\/?igshid=YmMyMTA2M2Y","https:\/\/www.linkedin.com\/company\/rede-noticiaz-barretos-e-regio\/"]},{"@type":"Person","@id":"","url":"https:\/\/redenoticiaz.com.br\/ribeiraopreto-regiao\/sp\/author"}]}},"_links":{"self":[{"href":"https:\/\/redenoticiaz.com.br\/ribeiraopreto-regiao\/wp-json\/wp\/v2\/posts\/159","targetHints":{"allow":["GET"]}}],"collection":[{"href":"https:\/\/redenoticiaz.com.br\/ribeiraopreto-regiao\/wp-json\/wp\/v2\/posts"}],"about":[{"href":"https:\/\/redenoticiaz.com.br\/ribeiraopreto-regiao\/wp-json\/wp\/v2\/types\/post"}],"author":[{"embeddable":true,"href":"https:\/\/redenoticiaz.com.br\/ribeiraopreto-regiao\/wp-json\/wp\/v2\/users\/15"}],"replies":[{"embeddable":true,"href":"https:\/\/redenoticiaz.com.br\/ribeiraopreto-regiao\/wp-json\/wp\/v2\/comments?post=159"}],"version-history":[{"count":1,"href":"https:\/\/redenoticiaz.com.br\/ribeiraopreto-regiao\/wp-json\/wp\/v2\/posts\/159\/revisions"}],"predecessor-version":[{"id":165,"href":"https:\/\/redenoticiaz.com.br\/ribeiraopreto-regiao\/wp-json\/wp\/v2\/posts\/159\/revisions\/165"}],"wp:featuredmedia":[{"embeddable":true,"href":"https:\/\/redenoticiaz.com.br\/ribeiraopreto-regiao\/wp-json\/wp\/v2\/media\/164"}],"wp:attachment":[{"href":"https:\/\/redenoticiaz.com.br\/ribeiraopreto-regiao\/wp-json\/wp\/v2\/media?parent=159"}],"wp:term":[{"taxonomy":"category","embeddable":true,"href":"https:\/\/redenoticiaz.com.br\/ribeiraopreto-regiao\/wp-json\/wp\/v2\/categories?post=159"},{"taxonomy":"post_tag","embeddable":true,"href":"https:\/\/redenoticiaz.com.br\/ribeiraopreto-regiao\/wp-json\/wp\/v2\/tags?post=159"}],"curies":[{"name":"wp","href":"https:\/\/api.w.org\/{rel}","templated":true}]}}