{"id":1779,"date":"2022-03-31T13:28:32","date_gmt":"2022-03-31T16:28:32","guid":{"rendered":"https:\/\/redenoticiaz.com.br\/barretos-regiao\/?p=1779"},"modified":"2022-03-31T13:28:32","modified_gmt":"2022-03-31T16:28:32","slug":"prefeita-de-barretos-assina-termo-para-repasse-de-verba-ao-fundo-municipal-do-idoso","status":"publish","type":"post","link":"https:\/\/redenoticiaz.com.br\/ribeiraopreto-regiao\/sp\/2022\/03\/31\/prefeita-de-barretos-assina-termo-para-repasse-de-verba-ao-fundo-municipal-do-idoso","title":{"rendered":"Prefeita de Barretos assina termo para repasse de verba ao Fundo Municipal do Idoso"},"content":{"rendered":"<p>Aconteceu na manh\u00e3 desta quarta (30), no gabinete da prefeita Paula Lemos a assinatura dos termos de fomento entre a Prefeitura da Est\u00e2ncia Tur\u00edstica de Barretos e as institui\u00e7\u00f5es que cuidam dos mun\u00edcipes na melhor idade.<\/p>\n<p>Com a assinatura a prefeita oficializa o compromisso assumido no in\u00edcio deste m\u00eas de repassar ao Fundo Municipal do Idoso (FMI) R$2,7 milh\u00f5es, parcelados ao longo do ano de 2022, para que as 13 entidades cadastradas possam manter a folha de pagamento de seus funcion\u00e1rios.<\/p>\n<p>A prefeita Paula Lemos destacou a import\u00e2ncia dessas entidades para a cidade. <em>&#8220;Manter essas entidades em funcionamento \u00e9 uma forma de respeitar nossa popula\u00e7\u00e3o idosa. De forma respons\u00e1vel e ap\u00f3s um grande planejamento. No entanto, conseguimos repassar esse valor que custear\u00e1 a folha de pagamento dos funcion\u00e1rios, dando mais tranquilidade para as entidades&#8221;,<\/em> disse.<\/p>\n<p>&#8220;<em>Se n\u00f3s n\u00e3o tiv\u00e9ssemos o olhar da nossa prefeita Paula, que est\u00e1 realizando o repasse para o Fundo Municipal do Idoso, essas entidades poderiam estar encerrando suas atividades.<\/em> N\u00f3s s\u00f3 temos que agradecer \u00e0 prefeita. Assim, com esse recurso as entidades poder\u00e3o continuar de portas abertas&#8221;, afirmou a Secret\u00e1ria Municipal de Assist\u00eancia Social, Vit\u00f3ria Saretta.<\/p>\n<p>LEIA TAMB\u00c9M:\u00a0<a href=\"https:\/\/redenoticiaz.com.br\/barretos-regiao\/sp\/2022\/03\/29\/barretos-vacina-contra-gripe-esta-disponivel-para-idosos-com-80-anos-ou-mais\">Barretos: vacina contra gripe est\u00e1 dispon\u00edvel para idosos com 80 anos ou mais<\/a><\/p>\n","protected":false},"excerpt":{"rendered":"<p>Aconteceu na manh\u00e3 desta quarta (30), no gabinete da prefeita Paula Lemos a assinatura dos termos de fomento entre a Prefeitura da Est\u00e2ncia Tur\u00edstica de Barretos e as institui\u00e7\u00f5es que cuidam dos mun\u00edcipes na melhor idade. Com a assinatura a prefeita oficializa o compromisso assumido no in\u00edcio deste m\u00eas de repassar ao Fundo Municipal do &hellip;<\/p>\n","protected":false},"author":15,"featured_media":1780,"comment_status":"open","ping_status":"closed","sticky":false,"template":"","format":"standard","meta":{"footnotes":""},"categories":[252],"tags":[1617,2315,7214],"class_list":["post-1779","post","type-post","status-publish","format-standard","has-post-thumbnail","hentry","category-acao-social","tag-fundo-municipal-do-idoso","tag-prefeitura-de-barretos","tag-verba"],"yoast_head":"<!-- This site is optimized with the Yoast SEO plugin v28.3 - https:\/\/yoast.com\/product\/yoast-seo-wordpress\/ -->\n<title>Prefeita de Barretos assina termo para repasse de verba ao Fundo Municipal do Idoso - Ribeir\u00e3o Preto e Regi\u00e3o<\/title>\n<meta name=\"description\" content=\"Paula Lemos a assina termo de fomento entre a Prefeitura da Est\u00e2ncia Tur\u00edstica de Barretos e as institui\u00e7\u00f5es que cuidam dos mun\u00edcipes na melhor idade.\" \/>\n<meta name=\"robots\" content=\"index, follow, max-snippet:-1, max-image-preview:large, max-video-preview:-1\" \/>\n<link rel=\"canonical\" href=\"https:\/\/redenoticiaz.com.br\/ribeiraopreto-regiao\/sp\/2022\/03\/31\/prefeita-de-barretos-assina-termo-para-repasse-de-verba-ao-fundo-municipal-do-idoso\" \/>\n<meta property=\"og:locale\" content=\"pt_BR\" \/>\n<meta property=\"og:type\" content=\"article\" \/>\n<meta property=\"og:title\" content=\"Prefeita de Barretos assina termo para repasse de verba ao Fundo Municipal do Idoso - Ribeir\u00e3o Preto e Regi\u00e3o\" \/>\n<meta property=\"og:description\" content=\"Paula Lemos a assina termo de fomento entre a Prefeitura da Est\u00e2ncia Tur\u00edstica de Barretos e as institui\u00e7\u00f5es que cuidam dos mun\u00edcipes na melhor idade.\" \/>\n<meta property=\"og:url\" content=\"https:\/\/redenoticiaz.com.br\/ribeiraopreto-regiao\/sp\/2022\/03\/31\/prefeita-de-barretos-assina-termo-para-repasse-de-verba-ao-fundo-municipal-do-idoso\" \/>\n<meta property=\"og:site_name\" content=\"Ribeir\u00e3o Preto e Regi\u00e3o\" \/>\n<meta property=\"article:publisher\" content=\"https:\/\/m.facebook.com\/redenoticiaz.barretos\" \/>\n<meta property=\"article:published_time\" content=\"2022-03-31T16:28:32+00:00\" \/>\n<meta property=\"og:image\" content=\"https:\/\/redenoticiaz.com.br\/ribeiraopreto-regiao\/wp-content\/uploads\/sites\/4\/2022\/03\/fundo-idoso-tin-jr-2.jpeg\" \/>\n\t<meta property=\"og:image:width\" content=\"1280\" \/>\n\t<meta property=\"og:image:height\" content=\"853\" \/>\n\t<meta property=\"og:image:type\" content=\"image\/jpeg\" \/>\n<meta name=\"twitter:card\" content=\"summary_large_image\" \/>\n<meta name=\"twitter:creator\" content=\"@RN_barretos\" \/>\n<meta name=\"twitter:site\" content=\"@RN_barretos\" \/>\n<meta name=\"twitter:label1\" content=\"Escrito por\" \/>\n\t<meta name=\"twitter:data1\" content=\"\" \/>\n\t<meta name=\"twitter:label2\" content=\"Est. tempo de leitura\" \/>\n\t<meta name=\"twitter:data2\" content=\"1 minuto\" \/>\n<script type=\"application\/ld+json\" class=\"yoast-schema-graph\">{\"@context\":\"https:\\\/\\\/schema.org\",\"@graph\":[{\"@type\":\"Article\",\"@id\":\"https:\\\/\\\/redenoticiaz.com.br\\\/ribeiraopreto-regiao\\\/sp\\\/2022\\\/03\\\/31\\\/prefeita-de-barretos-assina-termo-para-repasse-de-verba-ao-fundo-municipal-do-idoso#article\",\"isPartOf\":{\"@id\":\"https:\\\/\\\/redenoticiaz.com.br\\\/ribeiraopreto-regiao\\\/sp\\\/2022\\\/03\\\/31\\\/prefeita-de-barretos-assina-termo-para-repasse-de-verba-ao-fundo-municipal-do-idoso\"},\"author\":{\"name\":\"\",\"@id\":\"\"},\"headline\":\"Prefeita de Barretos assina termo para repasse de verba ao Fundo Municipal do Idoso\",\"datePublished\":\"2022-03-31T16:28:32+00:00\",\"mainEntityOfPage\":{\"@id\":\"https:\\\/\\\/redenoticiaz.com.br\\\/ribeiraopreto-regiao\\\/sp\\\/2022\\\/03\\\/31\\\/prefeita-de-barretos-assina-termo-para-repasse-de-verba-ao-fundo-municipal-do-idoso\"},\"wordCount\":236,\"commentCount\":0,\"publisher\":{\"@id\":\"https:\\\/\\\/redenoticiaz.com.br\\\/ribeiraopreto-regiao\\\/#organization\"},\"image\":{\"@id\":\"https:\\\/\\\/redenoticiaz.com.br\\\/ribeiraopreto-regiao\\\/sp\\\/2022\\\/03\\\/31\\\/prefeita-de-barretos-assina-termo-para-repasse-de-verba-ao-fundo-municipal-do-idoso#primaryimage\"},\"thumbnailUrl\":\"https:\\\/\\\/redenoticiaz.com.br\\\/ribeiraopreto-regiao\\\/wp-content\\\/uploads\\\/sites\\\/4\\\/2022\\\/03\\\/fundo-idoso-tin-jr-2.jpeg\",\"keywords\":[\"FUNDO MUNICIPAL DO IDOSO\",\"PREFEITURA DE BARRETOS\",\"VERBA\"],\"articleSection\":[\"A\u00e7\u00e3o Social\"],\"inLanguage\":\"pt-BR\",\"potentialAction\":[{\"@type\":\"CommentAction\",\"name\":\"Comment\",\"target\":[\"https:\\\/\\\/redenoticiaz.com.br\\\/ribeiraopreto-regiao\\\/sp\\\/2022\\\/03\\\/31\\\/prefeita-de-barretos-assina-termo-para-repasse-de-verba-ao-fundo-municipal-do-idoso#respond\"]}]},{\"@type\":\"WebPage\",\"@id\":\"https:\\\/\\\/redenoticiaz.com.br\\\/ribeiraopreto-regiao\\\/sp\\\/2022\\\/03\\\/31\\\/prefeita-de-barretos-assina-termo-para-repasse-de-verba-ao-fundo-municipal-do-idoso\",\"url\":\"https:\\\/\\\/redenoticiaz.com.br\\\/ribeiraopreto-regiao\\\/sp\\\/2022\\\/03\\\/31\\\/prefeita-de-barretos-assina-termo-para-repasse-de-verba-ao-fundo-municipal-do-idoso\",\"name\":\"Prefeita de Barretos assina termo para repasse de verba ao Fundo Municipal do Idoso - Ribeir\u00e3o Preto e Regi\u00e3o\",\"isPartOf\":{\"@id\":\"https:\\\/\\\/redenoticiaz.com.br\\\/ribeiraopreto-regiao\\\/#website\"},\"primaryImageOfPage\":{\"@id\":\"https:\\\/\\\/redenoticiaz.com.br\\\/ribeiraopreto-regiao\\\/sp\\\/2022\\\/03\\\/31\\\/prefeita-de-barretos-assina-termo-para-repasse-de-verba-ao-fundo-municipal-do-idoso#primaryimage\"},\"image\":{\"@id\":\"https:\\\/\\\/redenoticiaz.com.br\\\/ribeiraopreto-regiao\\\/sp\\\/2022\\\/03\\\/31\\\/prefeita-de-barretos-assina-termo-para-repasse-de-verba-ao-fundo-municipal-do-idoso#primaryimage\"},\"thumbnailUrl\":\"https:\\\/\\\/redenoticiaz.com.br\\\/ribeiraopreto-regiao\\\/wp-content\\\/uploads\\\/sites\\\/4\\\/2022\\\/03\\\/fundo-idoso-tin-jr-2.jpeg\",\"datePublished\":\"2022-03-31T16:28:32+00:00\",\"description\":\"Paula Lemos a assina termo de fomento entre a Prefeitura da Est\u00e2ncia Tur\u00edstica de Barretos e as institui\u00e7\u00f5es que cuidam dos mun\u00edcipes na melhor idade.\",\"inLanguage\":\"pt-BR\",\"potentialAction\":[{\"@type\":\"ReadAction\",\"target\":[\"https:\\\/\\\/redenoticiaz.com.br\\\/ribeiraopreto-regiao\\\/sp\\\/2022\\\/03\\\/31\\\/prefeita-de-barretos-assina-termo-para-repasse-de-verba-ao-fundo-municipal-do-idoso\"]}]},{\"@type\":\"ImageObject\",\"inLanguage\":\"pt-BR\",\"@id\":\"https:\\\/\\\/redenoticiaz.com.br\\\/ribeiraopreto-regiao\\\/sp\\\/2022\\\/03\\\/31\\\/prefeita-de-barretos-assina-termo-para-repasse-de-verba-ao-fundo-municipal-do-idoso#primaryimage\",\"url\":\"https:\\\/\\\/redenoticiaz.com.br\\\/ribeiraopreto-regiao\\\/wp-content\\\/uploads\\\/sites\\\/4\\\/2022\\\/03\\\/fundo-idoso-tin-jr-2.jpeg\",\"contentUrl\":\"https:\\\/\\\/redenoticiaz.com.br\\\/ribeiraopreto-regiao\\\/wp-content\\\/uploads\\\/sites\\\/4\\\/2022\\\/03\\\/fundo-idoso-tin-jr-2.jpeg\",\"width\":1280,\"height\":853,\"caption\":\"Repasse de verba ao Fundo Municipal do Idoso. Foto: Divulga\u00e7\u00e3o\"},{\"@type\":\"WebSite\",\"@id\":\"https:\\\/\\\/redenoticiaz.com.br\\\/ribeiraopreto-regiao\\\/#website\",\"url\":\"https:\\\/\\\/redenoticiaz.com.br\\\/ribeiraopreto-regiao\\\/\",\"name\":\"Ribeir\u00e3o Preto e Regi\u00e3o\",\"description\":\"Rede NoticiaZ - Ribeir\u00e3o Preto e regi\u00e3o\",\"publisher\":{\"@id\":\"https:\\\/\\\/redenoticiaz.com.br\\\/ribeiraopreto-regiao\\\/#organization\"},\"potentialAction\":[{\"@type\":\"SearchAction\",\"target\":{\"@type\":\"EntryPoint\",\"urlTemplate\":\"https:\\\/\\\/redenoticiaz.com.br\\\/ribeiraopreto-regiao\\\/?s={search_term_string}\"},\"query-input\":{\"@type\":\"PropertyValueSpecification\",\"valueRequired\":true,\"valueName\":\"search_term_string\"}}],\"inLanguage\":\"pt-BR\"},{\"@type\":\"Organization\",\"@id\":\"https:\\\/\\\/redenoticiaz.com.br\\\/ribeiraopreto-regiao\\\/#organization\",\"name\":\"Ribeir\u00e3o Preto e Regi\u00e3o\",\"url\":\"https:\\\/\\\/redenoticiaz.com.br\\\/ribeiraopreto-regiao\\\/\",\"logo\":{\"@type\":\"ImageObject\",\"inLanguage\":\"pt-BR\",\"@id\":\"https:\\\/\\\/redenoticiaz.com.br\\\/ribeiraopreto-regiao\\\/#\\\/schema\\\/logo\\\/image\\\/\",\"url\":\"https:\\\/\\\/redenoticiaz.com.br\\\/barretos-regiao\\\/wp-content\\\/uploads\\\/sites\\\/4\\\/2022\\\/02\\\/logo.jpg\",\"contentUrl\":\"https:\\\/\\\/redenoticiaz.com.br\\\/barretos-regiao\\\/wp-content\\\/uploads\\\/sites\\\/4\\\/2022\\\/02\\\/logo.jpg\",\"width\":400,\"height\":250,\"caption\":\"Ribeir\u00e3o Preto e Regi\u00e3o\"},\"image\":{\"@id\":\"https:\\\/\\\/redenoticiaz.com.br\\\/ribeiraopreto-regiao\\\/#\\\/schema\\\/logo\\\/image\\\/\"},\"sameAs\":[\"https:\\\/\\\/m.facebook.com\\\/redenoticiaz.barretos\",\"https:\\\/\\\/x.com\\\/RN_barretos\",\"https:\\\/\\\/www.instagram.com\\\/redenoticiaz.barretos\\\/?igshid=YmMyMTA2M2Y\",\"https:\\\/\\\/www.linkedin.com\\\/company\\\/rede-noticiaz-barretos-e-regio\\\/\"]},{\"@type\":\"Person\",\"@id\":\"\",\"url\":\"https:\\\/\\\/redenoticiaz.com.br\\\/ribeiraopreto-regiao\\\/sp\\\/author\"}]}<\/script>\n<!-- \/ Yoast SEO plugin. -->","yoast_head_json":{"title":"Prefeita de Barretos assina termo para repasse de verba ao Fundo Municipal do Idoso - Ribeir\u00e3o Preto e Regi\u00e3o","description":"Paula Lemos a assina termo de fomento entre a Prefeitura da Est\u00e2ncia Tur\u00edstica de Barretos e as institui\u00e7\u00f5es que cuidam dos mun\u00edcipes na melhor idade.","robots":{"index":"index","follow":"follow","max-snippet":"max-snippet:-1","max-image-preview":"max-image-preview:large","max-video-preview":"max-video-preview:-1"},"canonical":"https:\/\/redenoticiaz.com.br\/ribeiraopreto-regiao\/sp\/2022\/03\/31\/prefeita-de-barretos-assina-termo-para-repasse-de-verba-ao-fundo-municipal-do-idoso","og_locale":"pt_BR","og_type":"article","og_title":"Prefeita de Barretos assina termo para repasse de verba ao Fundo Municipal do Idoso - Ribeir\u00e3o Preto e Regi\u00e3o","og_description":"Paula Lemos a assina termo de fomento entre a Prefeitura da Est\u00e2ncia Tur\u00edstica de Barretos e as institui\u00e7\u00f5es que cuidam dos mun\u00edcipes na melhor idade.","og_url":"https:\/\/redenoticiaz.com.br\/ribeiraopreto-regiao\/sp\/2022\/03\/31\/prefeita-de-barretos-assina-termo-para-repasse-de-verba-ao-fundo-municipal-do-idoso","og_site_name":"Ribeir\u00e3o Preto e Regi\u00e3o","article_publisher":"https:\/\/m.facebook.com\/redenoticiaz.barretos","article_published_time":"2022-03-31T16:28:32+00:00","og_image":[{"width":1280,"height":853,"url":"https:\/\/redenoticiaz.com.br\/ribeiraopreto-regiao\/wp-content\/uploads\/sites\/4\/2022\/03\/fundo-idoso-tin-jr-2.jpeg","type":"image\/jpeg"}],"twitter_card":"summary_large_image","twitter_creator":"@RN_barretos","twitter_site":"@RN_barretos","twitter_misc":{"Escrito por":"","Est. tempo de leitura":"1 minuto"},"schema":{"@context":"https:\/\/schema.org","@graph":[{"@type":"Article","@id":"https:\/\/redenoticiaz.com.br\/ribeiraopreto-regiao\/sp\/2022\/03\/31\/prefeita-de-barretos-assina-termo-para-repasse-de-verba-ao-fundo-municipal-do-idoso#article","isPartOf":{"@id":"https:\/\/redenoticiaz.com.br\/ribeiraopreto-regiao\/sp\/2022\/03\/31\/prefeita-de-barretos-assina-termo-para-repasse-de-verba-ao-fundo-municipal-do-idoso"},"author":{"name":"","@id":""},"headline":"Prefeita de Barretos assina termo para repasse de verba ao Fundo Municipal do Idoso","datePublished":"2022-03-31T16:28:32+00:00","mainEntityOfPage":{"@id":"https:\/\/redenoticiaz.com.br\/ribeiraopreto-regiao\/sp\/2022\/03\/31\/prefeita-de-barretos-assina-termo-para-repasse-de-verba-ao-fundo-municipal-do-idoso"},"wordCount":236,"commentCount":0,"publisher":{"@id":"https:\/\/redenoticiaz.com.br\/ribeiraopreto-regiao\/#organization"},"image":{"@id":"https:\/\/redenoticiaz.com.br\/ribeiraopreto-regiao\/sp\/2022\/03\/31\/prefeita-de-barretos-assina-termo-para-repasse-de-verba-ao-fundo-municipal-do-idoso#primaryimage"},"thumbnailUrl":"https:\/\/redenoticiaz.com.br\/ribeiraopreto-regiao\/wp-content\/uploads\/sites\/4\/2022\/03\/fundo-idoso-tin-jr-2.jpeg","keywords":["FUNDO MUNICIPAL DO IDOSO","PREFEITURA DE BARRETOS","VERBA"],"articleSection":["A\u00e7\u00e3o Social"],"inLanguage":"pt-BR","potentialAction":[{"@type":"CommentAction","name":"Comment","target":["https:\/\/redenoticiaz.com.br\/ribeiraopreto-regiao\/sp\/2022\/03\/31\/prefeita-de-barretos-assina-termo-para-repasse-de-verba-ao-fundo-municipal-do-idoso#respond"]}]},{"@type":"WebPage","@id":"https:\/\/redenoticiaz.com.br\/ribeiraopreto-regiao\/sp\/2022\/03\/31\/prefeita-de-barretos-assina-termo-para-repasse-de-verba-ao-fundo-municipal-do-idoso","url":"https:\/\/redenoticiaz.com.br\/ribeiraopreto-regiao\/sp\/2022\/03\/31\/prefeita-de-barretos-assina-termo-para-repasse-de-verba-ao-fundo-municipal-do-idoso","name":"Prefeita de Barretos assina termo para repasse de verba ao Fundo Municipal do Idoso - Ribeir\u00e3o Preto e Regi\u00e3o","isPartOf":{"@id":"https:\/\/redenoticiaz.com.br\/ribeiraopreto-regiao\/#website"},"primaryImageOfPage":{"@id":"https:\/\/redenoticiaz.com.br\/ribeiraopreto-regiao\/sp\/2022\/03\/31\/prefeita-de-barretos-assina-termo-para-repasse-de-verba-ao-fundo-municipal-do-idoso#primaryimage"},"image":{"@id":"https:\/\/redenoticiaz.com.br\/ribeiraopreto-regiao\/sp\/2022\/03\/31\/prefeita-de-barretos-assina-termo-para-repasse-de-verba-ao-fundo-municipal-do-idoso#primaryimage"},"thumbnailUrl":"https:\/\/redenoticiaz.com.br\/ribeiraopreto-regiao\/wp-content\/uploads\/sites\/4\/2022\/03\/fundo-idoso-tin-jr-2.jpeg","datePublished":"2022-03-31T16:28:32+00:00","description":"Paula Lemos a assina termo de fomento entre a Prefeitura da Est\u00e2ncia Tur\u00edstica de Barretos e as institui\u00e7\u00f5es que cuidam dos mun\u00edcipes na melhor idade.","inLanguage":"pt-BR","potentialAction":[{"@type":"ReadAction","target":["https:\/\/redenoticiaz.com.br\/ribeiraopreto-regiao\/sp\/2022\/03\/31\/prefeita-de-barretos-assina-termo-para-repasse-de-verba-ao-fundo-municipal-do-idoso"]}]},{"@type":"ImageObject","inLanguage":"pt-BR","@id":"https:\/\/redenoticiaz.com.br\/ribeiraopreto-regiao\/sp\/2022\/03\/31\/prefeita-de-barretos-assina-termo-para-repasse-de-verba-ao-fundo-municipal-do-idoso#primaryimage","url":"https:\/\/redenoticiaz.com.br\/ribeiraopreto-regiao\/wp-content\/uploads\/sites\/4\/2022\/03\/fundo-idoso-tin-jr-2.jpeg","contentUrl":"https:\/\/redenoticiaz.com.br\/ribeiraopreto-regiao\/wp-content\/uploads\/sites\/4\/2022\/03\/fundo-idoso-tin-jr-2.jpeg","width":1280,"height":853,"caption":"Repasse de verba ao Fundo Municipal do Idoso. Foto: Divulga\u00e7\u00e3o"},{"@type":"WebSite","@id":"https:\/\/redenoticiaz.com.br\/ribeiraopreto-regiao\/#website","url":"https:\/\/redenoticiaz.com.br\/ribeiraopreto-regiao\/","name":"Ribeir\u00e3o Preto e Regi\u00e3o","description":"Rede NoticiaZ - Ribeir\u00e3o Preto e regi\u00e3o","publisher":{"@id":"https:\/\/redenoticiaz.com.br\/ribeiraopreto-regiao\/#organization"},"potentialAction":[{"@type":"SearchAction","target":{"@type":"EntryPoint","urlTemplate":"https:\/\/redenoticiaz.com.br\/ribeiraopreto-regiao\/?s={search_term_string}"},"query-input":{"@type":"PropertyValueSpecification","valueRequired":true,"valueName":"search_term_string"}}],"inLanguage":"pt-BR"},{"@type":"Organization","@id":"https:\/\/redenoticiaz.com.br\/ribeiraopreto-regiao\/#organization","name":"Ribeir\u00e3o Preto e Regi\u00e3o","url":"https:\/\/redenoticiaz.com.br\/ribeiraopreto-regiao\/","logo":{"@type":"ImageObject","inLanguage":"pt-BR","@id":"https:\/\/redenoticiaz.com.br\/ribeiraopreto-regiao\/#\/schema\/logo\/image\/","url":"https:\/\/redenoticiaz.com.br\/barretos-regiao\/wp-content\/uploads\/sites\/4\/2022\/02\/logo.jpg","contentUrl":"https:\/\/redenoticiaz.com.br\/barretos-regiao\/wp-content\/uploads\/sites\/4\/2022\/02\/logo.jpg","width":400,"height":250,"caption":"Ribeir\u00e3o Preto e Regi\u00e3o"},"image":{"@id":"https:\/\/redenoticiaz.com.br\/ribeiraopreto-regiao\/#\/schema\/logo\/image\/"},"sameAs":["https:\/\/m.facebook.com\/redenoticiaz.barretos","https:\/\/x.com\/RN_barretos","https:\/\/www.instagram.com\/redenoticiaz.barretos\/?igshid=YmMyMTA2M2Y","https:\/\/www.linkedin.com\/company\/rede-noticiaz-barretos-e-regio\/"]},{"@type":"Person","@id":"","url":"https:\/\/redenoticiaz.com.br\/ribeiraopreto-regiao\/sp\/author"}]}},"_links":{"self":[{"href":"https:\/\/redenoticiaz.com.br\/ribeiraopreto-regiao\/wp-json\/wp\/v2\/posts\/1779","targetHints":{"allow":["GET"]}}],"collection":[{"href":"https:\/\/redenoticiaz.com.br\/ribeiraopreto-regiao\/wp-json\/wp\/v2\/posts"}],"about":[{"href":"https:\/\/redenoticiaz.com.br\/ribeiraopreto-regiao\/wp-json\/wp\/v2\/types\/post"}],"author":[{"embeddable":true,"href":"https:\/\/redenoticiaz.com.br\/ribeiraopreto-regiao\/wp-json\/wp\/v2\/users\/15"}],"replies":[{"embeddable":true,"href":"https:\/\/redenoticiaz.com.br\/ribeiraopreto-regiao\/wp-json\/wp\/v2\/comments?post=1779"}],"version-history":[{"count":1,"href":"https:\/\/redenoticiaz.com.br\/ribeiraopreto-regiao\/wp-json\/wp\/v2\/posts\/1779\/revisions"}],"predecessor-version":[{"id":1781,"href":"https:\/\/redenoticiaz.com.br\/ribeiraopreto-regiao\/wp-json\/wp\/v2\/posts\/1779\/revisions\/1781"}],"wp:featuredmedia":[{"embeddable":true,"href":"https:\/\/redenoticiaz.com.br\/ribeiraopreto-regiao\/wp-json\/wp\/v2\/media\/1780"}],"wp:attachment":[{"href":"https:\/\/redenoticiaz.com.br\/ribeiraopreto-regiao\/wp-json\/wp\/v2\/media?parent=1779"}],"wp:term":[{"taxonomy":"category","embeddable":true,"href":"https:\/\/redenoticiaz.com.br\/ribeiraopreto-regiao\/wp-json\/wp\/v2\/categories?post=1779"},{"taxonomy":"post_tag","embeddable":true,"href":"https:\/\/redenoticiaz.com.br\/ribeiraopreto-regiao\/wp-json\/wp\/v2\/tags?post=1779"}],"curies":[{"name":"wp","href":"https:\/\/api.w.org\/{rel}","templated":true}]}}