{"id":179,"date":"2022-02-28T15:19:46","date_gmt":"2022-02-28T18:19:46","guid":{"rendered":"https:\/\/redenoticiaz.com.br\/barretos-regiao\/sp\/2022\/02\/28\/a-russia-nao-vai-mais-disputar-a-copa-do-mundo"},"modified":"2022-02-28T15:20:08","modified_gmt":"2022-02-28T18:20:08","slug":"a-russia-nao-vai-mais-disputar-a-copa-do-mundo","status":"publish","type":"post","link":"https:\/\/redenoticiaz.com.br\/ribeiraopreto-regiao\/sp\/2022\/02\/28\/a-russia-nao-vai-mais-disputar-a-copa-do-mundo","title":{"rendered":"A R\u00fassia n\u00e3o vai mais disputar a Copa do Mundo"},"content":{"rendered":"<p>Mais um golpe duro foi dado \u00e0 R\u00fassia por conta da invas\u00e3o e os ataques contra a Ucr\u00e2nia. A <a href=\"https:\/\/www.fifa.com\/\">FIFA<\/a> <strong>suspendeu a Federa\u00e7\u00e3o de Futebol da R\u00fassia<\/strong>. Desta forma, a Sele\u00e7\u00e3o n\u00e3o poder\u00e1 jogar nem a Repescagem das Eliminat\u00f3rias da Copa do Mundo e nem mesmo a Copa do Mundo do Qatar. Isto, caso houvesse uma eventual classifica\u00e7\u00e3o. A decis\u00e3o saiu nesta segunda-feira (28) em conjunto com a UEFA.<\/p>\n<p>Segundo a decis\u00e3o, a penalliza\u00e7\u00e3o envolve todas as sele\u00e7\u00f5es russas, incluindo sele\u00e7\u00f5es de base, masculinas e femininas. Al\u00e9m disso, os clubes do pa\u00eds tamb\u00e9m foram penalizados. Contudo, a<span class=\"highlight highlighted\">\u00a0R\u00fassia pode recorrer da decis\u00e3o ao TAS (Tribunal Arbitral do Esporte).<\/span><\/p>\n<div id=\"betting-content\" class=\"mc-column\">As medidas foram tomadas pelo Bureau do Conselho da Fifa, inst\u00e2ncia da entidade que inclui os presidentes das seis confedera\u00e7\u00f5es continentais de futebol, e pelo Comit\u00ea Executivo da UEFA \u2013 \u00f3rg\u00e3o que toma todas as decis\u00f5es mais importantes do futebol europeu. <span class=\"highlight highlighted\">Al\u00e9m disso, a Uefa tamb\u00e9m anunciou a rescis\u00e3o do contrato de patroc\u00ednio com a empresa estatal russa Gazprom.<\/span><\/div>\n<div><\/div>\n<div class=\"mc-column content-text active-extra-styles \" data-block-type=\"unstyled\" data-block-weight=\"32\" data-block-id=\"4\">\n<p class=\"content-text__container \" data-track-category=\"Link no Texto\" data-track-links=\"\">A dura medida ocorre no mesmo dia em que o Comit\u00ea Ol\u00edmpico Internacional (COI) recomendou \u00e0s federa\u00e7\u00f5es de cada modalidade que excluam atletas de R\u00fassia e Belarus de todas as competi\u00e7\u00f5es internacionais.<\/p>\n<h3 data-track-category=\"Link no Texto\">Repescagem da Copa<\/h3>\n<\/div>\n<div class=\"mc-column content-text active-extra-styles \" data-block-type=\"unstyled\" data-block-weight=\"63\" data-block-id=\"5\">\n<p class=\"content-text__container \" data-track-category=\"Link no Texto\" data-track-links=\"\">A R\u00fassia disputaria uma partida pela repescagem das Eliminat\u00f3rias para a Copa no dia 24 de mar\u00e7o, contra a Pol\u00f4nia. Os poloneses se recusavam a participar do jogo e enfrentar a R\u00fassia em qualquer circunst\u00e2ncia. A mesma posi\u00e7\u00e3o era compartilhada por Rep\u00fablica Tcheca e Su\u00e9cia, que tamb\u00e9m se enfrentam pelas Eliminat\u00f3ria. Neste duelo, o vencedor pegaria quem ganhasse entre R\u00fassia e Pol\u00f4nia.<\/p>\n<\/div>\n<div class=\"mc-column content-text active-extra-styles \" data-block-type=\"unstyled\" data-block-weight=\"41\" data-block-id=\"7\">\n<p class=\"content-text__container \" data-track-category=\"Link no Texto\" data-track-links=\"\"><span class=\"highlight highlighted\">Ainda n\u00e3o est\u00e1 decidido se a Pol\u00f4nia vai avan\u00e7ar diretamente \u00e0 pr\u00f3xima fase das Eliminat\u00f3rias da Europa para a Copa do Mundo ou se alguma outra solu\u00e7\u00e3o esportiva ser\u00e1 encontrada. O certo \u00e9 que a UEFA \u00e9 quem tomar\u00e1 essa decis\u00e3o.<\/span><\/p>\n<div class=\"mc-column content-text active-extra-styles \" data-block-type=\"unstyled\" data-block-weight=\"31\" data-block-id=\"10\">\n<p class=\"content-text__container \" data-track-category=\"Link no Texto\" data-track-links=\"\">No domingo,\u00a0a Fifa anunciou um primeiro pacote de puni\u00e7\u00f5es contra a R\u00fassia, que inclu\u00eda a proibi\u00e7\u00e3o de jogar em seu territ\u00f3rio e de usar s\u00edmbolos como bandeira e hino.<\/p>\n<\/div>\n<div class=\"mc-column content-text active-extra-styles \" data-block-type=\"unstyled\" data-block-weight=\"45\" data-block-id=\"11\">\n<p class=\"content-text__container \" data-track-category=\"Link no Texto\" data-track-links=\"\">Pol\u00f4nia e Su\u00e9cia criticaram as puni\u00e7\u00f5es aplicadas pela Fifa, e reafirmaram sua inten\u00e7\u00e3o de n\u00e3o jogar contra a R\u00fassia em nenhuma hip\u00f3tese.\u00a0Tamb\u00e9m houve condena\u00e7\u00f5es \u00e0 R\u00fassia por parte da Associa\u00e7\u00e3o de Futebol da Inglaterra e da\u00a0Fifpro, o sindicato mundial de jogadores de futebol.<\/p>\n<p data-track-category=\"Link no Texto\" data-track-links=\"\"><strong>LEIA TAMB\u00c9M<\/strong><\/p>\n<p data-track-category=\"Link no Texto\" data-track-links=\"\"><a href=\"https:\/\/redenoticiaz.com.br\/blog\/2022\/02\/28\/comecam-as-negociacoes-para-o-cessar-fogo-entre-ucrania-e-russia\">Come\u00e7am as negocia\u00e7\u00f5es para o cessar-fogo entre Ucr\u00e2nia e R\u00fassia<\/a><\/p>\n<\/div>\n<\/div>\n","protected":false},"excerpt":{"rendered":"<p>Mais um golpe duro foi dado \u00e0 R\u00fassia por conta da invas\u00e3o e os ataques contra a Ucr\u00e2nia. A FIFA suspendeu a Federa\u00e7\u00e3o de Futebol da R\u00fassia. Desta forma, a Sele\u00e7\u00e3o n\u00e3o poder\u00e1 jogar nem a Repescagem das Eliminat\u00f3rias da Copa do Mundo e nem mesmo a Copa do Mundo do Qatar. Isto, caso houvesse &hellip;<\/p>\n","protected":false},"author":6,"featured_media":180,"comment_status":"open","ping_status":"closed","sticky":false,"template":"","format":"standard","meta":{"footnotes":""},"categories":[87,68],"tags":[573,574,575,104,576],"class_list":["post-179","post","type-post","status-publish","format-standard","has-post-thumbnail","hentry","category-esporte","category-mundo","tag-federacao-de-futebol-da-russia","tag-fifa","tag-fora-da-copa-do-mundo","tag-russia","tag-uefa"],"yoast_head":"<!-- This site is optimized with the Yoast SEO plugin v27.5 - https:\/\/yoast.com\/product\/yoast-seo-wordpress\/ -->\n<title>A R\u00fassia n\u00e3o vai mais disputar a Copa do Mundo - Ribeir\u00e3o Preto e Regi\u00e3o<\/title>\n<meta name=\"description\" content=\"duro foi dado \u00e0 R\u00fassia por conta da invas\u00e3o e os ataques contra a Ucr\u00e2nia. A FIFA suspendeu a Federa\u00e7\u00e3o de Futebol da R\u00fassia. Desta\" \/>\n<meta name=\"robots\" content=\"index, follow, max-snippet:-1, max-image-preview:large, max-video-preview:-1\" \/>\n<link rel=\"canonical\" href=\"https:\/\/redenoticiaz.com.br\/ribeiraopreto-regiao\/sp\/2022\/02\/28\/a-russia-nao-vai-mais-disputar-a-copa-do-mundo\" \/>\n<meta property=\"og:locale\" content=\"pt_BR\" \/>\n<meta property=\"og:type\" content=\"article\" \/>\n<meta property=\"og:title\" content=\"A R\u00fassia n\u00e3o vai mais disputar a Copa do Mundo - Ribeir\u00e3o Preto e Regi\u00e3o\" \/>\n<meta property=\"og:description\" content=\"duro foi dado \u00e0 R\u00fassia por conta da invas\u00e3o e os ataques contra a Ucr\u00e2nia. A FIFA suspendeu a Federa\u00e7\u00e3o de Futebol da R\u00fassia. Desta\" \/>\n<meta property=\"og:url\" content=\"https:\/\/redenoticiaz.com.br\/ribeiraopreto-regiao\/sp\/2022\/02\/28\/a-russia-nao-vai-mais-disputar-a-copa-do-mundo\" \/>\n<meta property=\"og:site_name\" content=\"Ribeir\u00e3o Preto e Regi\u00e3o\" \/>\n<meta property=\"article:publisher\" content=\"https:\/\/m.facebook.com\/redenoticiaz.barretos\" \/>\n<meta property=\"article:published_time\" content=\"2022-02-28T18:19:46+00:00\" \/>\n<meta property=\"article:modified_time\" content=\"2022-02-28T18:20:08+00:00\" \/>\n<meta property=\"og:image\" content=\"https:\/\/redenoticiaz.com.br\/ribeiraopreto-regiao\/wp-content\/uploads\/sites\/4\/2022\/02\/logo.jpg\" \/>\n\t<meta property=\"og:image:width\" content=\"400\" \/>\n\t<meta property=\"og:image:height\" content=\"250\" \/>\n\t<meta property=\"og:image:type\" content=\"image\/jpeg\" \/>\n<meta name=\"author\" content=\"Leonardo Francisco\" \/>\n<meta name=\"twitter:card\" content=\"summary_large_image\" \/>\n<meta name=\"twitter:creator\" content=\"@RN_barretos\" \/>\n<meta name=\"twitter:site\" content=\"@RN_barretos\" \/>\n<meta name=\"twitter:label1\" content=\"Escrito por\" \/>\n\t<meta name=\"twitter:data1\" content=\"Leonardo Francisco\" \/>\n\t<meta name=\"twitter:label2\" content=\"Est. tempo de leitura\" \/>\n\t<meta name=\"twitter:data2\" content=\"2 minutos\" \/>\n<script type=\"application\/ld+json\" class=\"yoast-schema-graph\">{\"@context\":\"https:\\\/\\\/schema.org\",\"@graph\":[{\"@type\":\"Article\",\"@id\":\"https:\\\/\\\/redenoticiaz.com.br\\\/ribeiraopreto-regiao\\\/sp\\\/2022\\\/02\\\/28\\\/a-russia-nao-vai-mais-disputar-a-copa-do-mundo#article\",\"isPartOf\":{\"@id\":\"https:\\\/\\\/redenoticiaz.com.br\\\/ribeiraopreto-regiao\\\/sp\\\/2022\\\/02\\\/28\\\/a-russia-nao-vai-mais-disputar-a-copa-do-mundo\"},\"author\":{\"name\":\"Leonardo Francisco\",\"@id\":\"https:\\\/\\\/redenoticiaz.com.br\\\/ribeiraopreto-regiao\\\/#\\\/schema\\\/person\\\/0f0b8a5bdafefe82841e07ae8d81ecb3\"},\"headline\":\"A R\u00fassia n\u00e3o vai mais disputar a Copa do Mundo\",\"datePublished\":\"2022-02-28T18:19:46+00:00\",\"dateModified\":\"2022-02-28T18:20:08+00:00\",\"mainEntityOfPage\":{\"@id\":\"https:\\\/\\\/redenoticiaz.com.br\\\/ribeiraopreto-regiao\\\/sp\\\/2022\\\/02\\\/28\\\/a-russia-nao-vai-mais-disputar-a-copa-do-mundo\"},\"wordCount\":469,\"commentCount\":0,\"publisher\":{\"@id\":\"https:\\\/\\\/redenoticiaz.com.br\\\/ribeiraopreto-regiao\\\/#organization\"},\"image\":{\"@id\":\"https:\\\/\\\/redenoticiaz.com.br\\\/ribeiraopreto-regiao\\\/sp\\\/2022\\\/02\\\/28\\\/a-russia-nao-vai-mais-disputar-a-copa-do-mundo#primaryimage\"},\"thumbnailUrl\":\"https:\\\/\\\/redenoticiaz.com.br\\\/ribeiraopreto-regiao\\\/wp-content\\\/uploads\\\/sites\\\/4\\\/2022\\\/02\\\/000-32444et.jpg?v=1646072338\",\"keywords\":[\"FEDERA\u00c7\u00c3O DE FUTEBOL DA R\u00daSSIA\",\"FIFA\",\"FORA DA COPA DO MUNDO\",\"R\u00fassia\",\"UEFA\"],\"articleSection\":[\"Esporte\",\"Mundo\"],\"inLanguage\":\"pt-BR\",\"potentialAction\":[{\"@type\":\"CommentAction\",\"name\":\"Comment\",\"target\":[\"https:\\\/\\\/redenoticiaz.com.br\\\/ribeiraopreto-regiao\\\/sp\\\/2022\\\/02\\\/28\\\/a-russia-nao-vai-mais-disputar-a-copa-do-mundo#respond\"]}]},{\"@type\":\"WebPage\",\"@id\":\"https:\\\/\\\/redenoticiaz.com.br\\\/ribeiraopreto-regiao\\\/sp\\\/2022\\\/02\\\/28\\\/a-russia-nao-vai-mais-disputar-a-copa-do-mundo\",\"url\":\"https:\\\/\\\/redenoticiaz.com.br\\\/ribeiraopreto-regiao\\\/sp\\\/2022\\\/02\\\/28\\\/a-russia-nao-vai-mais-disputar-a-copa-do-mundo\",\"name\":\"A R\u00fassia n\u00e3o vai mais disputar a Copa do Mundo - Ribeir\u00e3o Preto e Regi\u00e3o\",\"isPartOf\":{\"@id\":\"https:\\\/\\\/redenoticiaz.com.br\\\/ribeiraopreto-regiao\\\/#website\"},\"primaryImageOfPage\":{\"@id\":\"https:\\\/\\\/redenoticiaz.com.br\\\/ribeiraopreto-regiao\\\/sp\\\/2022\\\/02\\\/28\\\/a-russia-nao-vai-mais-disputar-a-copa-do-mundo#primaryimage\"},\"image\":{\"@id\":\"https:\\\/\\\/redenoticiaz.com.br\\\/ribeiraopreto-regiao\\\/sp\\\/2022\\\/02\\\/28\\\/a-russia-nao-vai-mais-disputar-a-copa-do-mundo#primaryimage\"},\"thumbnailUrl\":\"https:\\\/\\\/redenoticiaz.com.br\\\/ribeiraopreto-regiao\\\/wp-content\\\/uploads\\\/sites\\\/4\\\/2022\\\/02\\\/000-32444et.jpg?v=1646072338\",\"datePublished\":\"2022-02-28T18:19:46+00:00\",\"dateModified\":\"2022-02-28T18:20:08+00:00\",\"description\":\"duro foi dado \u00e0 R\u00fassia por conta da invas\u00e3o e os ataques contra a Ucr\u00e2nia. A FIFA suspendeu a Federa\u00e7\u00e3o de Futebol da R\u00fassia. Desta\",\"inLanguage\":\"pt-BR\",\"potentialAction\":[{\"@type\":\"ReadAction\",\"target\":[\"https:\\\/\\\/redenoticiaz.com.br\\\/ribeiraopreto-regiao\\\/sp\\\/2022\\\/02\\\/28\\\/a-russia-nao-vai-mais-disputar-a-copa-do-mundo\"]}]},{\"@type\":\"ImageObject\",\"inLanguage\":\"pt-BR\",\"@id\":\"https:\\\/\\\/redenoticiaz.com.br\\\/ribeiraopreto-regiao\\\/sp\\\/2022\\\/02\\\/28\\\/a-russia-nao-vai-mais-disputar-a-copa-do-mundo#primaryimage\",\"url\":\"https:\\\/\\\/redenoticiaz.com.br\\\/ribeiraopreto-regiao\\\/wp-content\\\/uploads\\\/sites\\\/4\\\/2022\\\/02\\\/000-32444et.jpg?v=1646072338\",\"contentUrl\":\"https:\\\/\\\/redenoticiaz.com.br\\\/ribeiraopreto-regiao\\\/wp-content\\\/uploads\\\/sites\\\/4\\\/2022\\\/02\\\/000-32444et.jpg?v=1646072338\",\"width\":1000,\"height\":667,\"caption\":\"A Confedera\u00e7\u00e3o Russa poder\u00e1 recorrer da decis\u00e3o. Cr\u00e9ditos: Divulga\u00e7\u00e3o\\\/FIFA\"},{\"@type\":\"WebSite\",\"@id\":\"https:\\\/\\\/redenoticiaz.com.br\\\/ribeiraopreto-regiao\\\/#website\",\"url\":\"https:\\\/\\\/redenoticiaz.com.br\\\/ribeiraopreto-regiao\\\/\",\"name\":\"Ribeir\u00e3o Preto e Regi\u00e3o\",\"description\":\"Rede NoticiaZ - Ribeir\u00e3o Preto e regi\u00e3o\",\"publisher\":{\"@id\":\"https:\\\/\\\/redenoticiaz.com.br\\\/ribeiraopreto-regiao\\\/#organization\"},\"potentialAction\":[{\"@type\":\"SearchAction\",\"target\":{\"@type\":\"EntryPoint\",\"urlTemplate\":\"https:\\\/\\\/redenoticiaz.com.br\\\/ribeiraopreto-regiao\\\/?s={search_term_string}\"},\"query-input\":{\"@type\":\"PropertyValueSpecification\",\"valueRequired\":true,\"valueName\":\"search_term_string\"}}],\"inLanguage\":\"pt-BR\"},{\"@type\":\"Organization\",\"@id\":\"https:\\\/\\\/redenoticiaz.com.br\\\/ribeiraopreto-regiao\\\/#organization\",\"name\":\"Ribeir\u00e3o Preto e Regi\u00e3o\",\"url\":\"https:\\\/\\\/redenoticiaz.com.br\\\/ribeiraopreto-regiao\\\/\",\"logo\":{\"@type\":\"ImageObject\",\"inLanguage\":\"pt-BR\",\"@id\":\"https:\\\/\\\/redenoticiaz.com.br\\\/ribeiraopreto-regiao\\\/#\\\/schema\\\/logo\\\/image\\\/\",\"url\":\"https:\\\/\\\/redenoticiaz.com.br\\\/barretos-regiao\\\/wp-content\\\/uploads\\\/sites\\\/4\\\/2022\\\/02\\\/logo.jpg\",\"contentUrl\":\"https:\\\/\\\/redenoticiaz.com.br\\\/barretos-regiao\\\/wp-content\\\/uploads\\\/sites\\\/4\\\/2022\\\/02\\\/logo.jpg\",\"width\":400,\"height\":250,\"caption\":\"Ribeir\u00e3o Preto e Regi\u00e3o\"},\"image\":{\"@id\":\"https:\\\/\\\/redenoticiaz.com.br\\\/ribeiraopreto-regiao\\\/#\\\/schema\\\/logo\\\/image\\\/\"},\"sameAs\":[\"https:\\\/\\\/m.facebook.com\\\/redenoticiaz.barretos\",\"https:\\\/\\\/x.com\\\/RN_barretos\",\"https:\\\/\\\/www.instagram.com\\\/redenoticiaz.barretos\\\/?igshid=YmMyMTA2M2Y\",\"https:\\\/\\\/www.linkedin.com\\\/company\\\/rede-noticiaz-barretos-e-regio\\\/\"]},{\"@type\":\"Person\",\"@id\":\"https:\\\/\\\/redenoticiaz.com.br\\\/ribeiraopreto-regiao\\\/#\\\/schema\\\/person\\\/0f0b8a5bdafefe82841e07ae8d81ecb3\",\"name\":\"Leonardo Francisco\",\"image\":{\"@type\":\"ImageObject\",\"inLanguage\":\"pt-BR\",\"@id\":\"https:\\\/\\\/secure.gravatar.com\\\/avatar\\\/a7358cb406a99b682ec6df1e77e31ae82e63601f6784e8a3df411d72b37864da?s=96&d=mm&r=g\",\"url\":\"https:\\\/\\\/secure.gravatar.com\\\/avatar\\\/a7358cb406a99b682ec6df1e77e31ae82e63601f6784e8a3df411d72b37864da?s=96&d=mm&r=g\",\"contentUrl\":\"https:\\\/\\\/secure.gravatar.com\\\/avatar\\\/a7358cb406a99b682ec6df1e77e31ae82e63601f6784e8a3df411d72b37864da?s=96&d=mm&r=g\",\"caption\":\"Leonardo Francisco\"},\"url\":\"https:\\\/\\\/redenoticiaz.com.br\\\/ribeiraopreto-regiao\\\/sp\\\/author\\\/leonardo-francisco\"}]}<\/script>\n<!-- \/ Yoast SEO plugin. -->","yoast_head_json":{"title":"A R\u00fassia n\u00e3o vai mais disputar a Copa do Mundo - Ribeir\u00e3o Preto e Regi\u00e3o","description":"duro foi dado \u00e0 R\u00fassia por conta da invas\u00e3o e os ataques contra a Ucr\u00e2nia. A FIFA suspendeu a Federa\u00e7\u00e3o de Futebol da R\u00fassia. Desta","robots":{"index":"index","follow":"follow","max-snippet":"max-snippet:-1","max-image-preview":"max-image-preview:large","max-video-preview":"max-video-preview:-1"},"canonical":"https:\/\/redenoticiaz.com.br\/ribeiraopreto-regiao\/sp\/2022\/02\/28\/a-russia-nao-vai-mais-disputar-a-copa-do-mundo","og_locale":"pt_BR","og_type":"article","og_title":"A R\u00fassia n\u00e3o vai mais disputar a Copa do Mundo - Ribeir\u00e3o Preto e Regi\u00e3o","og_description":"duro foi dado \u00e0 R\u00fassia por conta da invas\u00e3o e os ataques contra a Ucr\u00e2nia. A FIFA suspendeu a Federa\u00e7\u00e3o de Futebol da R\u00fassia. Desta","og_url":"https:\/\/redenoticiaz.com.br\/ribeiraopreto-regiao\/sp\/2022\/02\/28\/a-russia-nao-vai-mais-disputar-a-copa-do-mundo","og_site_name":"Ribeir\u00e3o Preto e Regi\u00e3o","article_publisher":"https:\/\/m.facebook.com\/redenoticiaz.barretos","article_published_time":"2022-02-28T18:19:46+00:00","article_modified_time":"2022-02-28T18:20:08+00:00","og_image":[{"width":400,"height":250,"url":"https:\/\/redenoticiaz.com.br\/ribeiraopreto-regiao\/wp-content\/uploads\/sites\/4\/2022\/02\/logo.jpg","type":"image\/jpeg"}],"author":"Leonardo Francisco","twitter_card":"summary_large_image","twitter_creator":"@RN_barretos","twitter_site":"@RN_barretos","twitter_misc":{"Escrito por":"Leonardo Francisco","Est. tempo de leitura":"2 minutos"},"schema":{"@context":"https:\/\/schema.org","@graph":[{"@type":"Article","@id":"https:\/\/redenoticiaz.com.br\/ribeiraopreto-regiao\/sp\/2022\/02\/28\/a-russia-nao-vai-mais-disputar-a-copa-do-mundo#article","isPartOf":{"@id":"https:\/\/redenoticiaz.com.br\/ribeiraopreto-regiao\/sp\/2022\/02\/28\/a-russia-nao-vai-mais-disputar-a-copa-do-mundo"},"author":{"name":"Leonardo Francisco","@id":"https:\/\/redenoticiaz.com.br\/ribeiraopreto-regiao\/#\/schema\/person\/0f0b8a5bdafefe82841e07ae8d81ecb3"},"headline":"A R\u00fassia n\u00e3o vai mais disputar a Copa do Mundo","datePublished":"2022-02-28T18:19:46+00:00","dateModified":"2022-02-28T18:20:08+00:00","mainEntityOfPage":{"@id":"https:\/\/redenoticiaz.com.br\/ribeiraopreto-regiao\/sp\/2022\/02\/28\/a-russia-nao-vai-mais-disputar-a-copa-do-mundo"},"wordCount":469,"commentCount":0,"publisher":{"@id":"https:\/\/redenoticiaz.com.br\/ribeiraopreto-regiao\/#organization"},"image":{"@id":"https:\/\/redenoticiaz.com.br\/ribeiraopreto-regiao\/sp\/2022\/02\/28\/a-russia-nao-vai-mais-disputar-a-copa-do-mundo#primaryimage"},"thumbnailUrl":"https:\/\/redenoticiaz.com.br\/ribeiraopreto-regiao\/wp-content\/uploads\/sites\/4\/2022\/02\/000-32444et.jpg?v=1646072338","keywords":["FEDERA\u00c7\u00c3O DE FUTEBOL DA R\u00daSSIA","FIFA","FORA DA COPA DO MUNDO","R\u00fassia","UEFA"],"articleSection":["Esporte","Mundo"],"inLanguage":"pt-BR","potentialAction":[{"@type":"CommentAction","name":"Comment","target":["https:\/\/redenoticiaz.com.br\/ribeiraopreto-regiao\/sp\/2022\/02\/28\/a-russia-nao-vai-mais-disputar-a-copa-do-mundo#respond"]}]},{"@type":"WebPage","@id":"https:\/\/redenoticiaz.com.br\/ribeiraopreto-regiao\/sp\/2022\/02\/28\/a-russia-nao-vai-mais-disputar-a-copa-do-mundo","url":"https:\/\/redenoticiaz.com.br\/ribeiraopreto-regiao\/sp\/2022\/02\/28\/a-russia-nao-vai-mais-disputar-a-copa-do-mundo","name":"A R\u00fassia n\u00e3o vai mais disputar a Copa do Mundo - Ribeir\u00e3o Preto e Regi\u00e3o","isPartOf":{"@id":"https:\/\/redenoticiaz.com.br\/ribeiraopreto-regiao\/#website"},"primaryImageOfPage":{"@id":"https:\/\/redenoticiaz.com.br\/ribeiraopreto-regiao\/sp\/2022\/02\/28\/a-russia-nao-vai-mais-disputar-a-copa-do-mundo#primaryimage"},"image":{"@id":"https:\/\/redenoticiaz.com.br\/ribeiraopreto-regiao\/sp\/2022\/02\/28\/a-russia-nao-vai-mais-disputar-a-copa-do-mundo#primaryimage"},"thumbnailUrl":"https:\/\/redenoticiaz.com.br\/ribeiraopreto-regiao\/wp-content\/uploads\/sites\/4\/2022\/02\/000-32444et.jpg?v=1646072338","datePublished":"2022-02-28T18:19:46+00:00","dateModified":"2022-02-28T18:20:08+00:00","description":"duro foi dado \u00e0 R\u00fassia por conta da invas\u00e3o e os ataques contra a Ucr\u00e2nia. A FIFA suspendeu a Federa\u00e7\u00e3o de Futebol da R\u00fassia. Desta","inLanguage":"pt-BR","potentialAction":[{"@type":"ReadAction","target":["https:\/\/redenoticiaz.com.br\/ribeiraopreto-regiao\/sp\/2022\/02\/28\/a-russia-nao-vai-mais-disputar-a-copa-do-mundo"]}]},{"@type":"ImageObject","inLanguage":"pt-BR","@id":"https:\/\/redenoticiaz.com.br\/ribeiraopreto-regiao\/sp\/2022\/02\/28\/a-russia-nao-vai-mais-disputar-a-copa-do-mundo#primaryimage","url":"https:\/\/redenoticiaz.com.br\/ribeiraopreto-regiao\/wp-content\/uploads\/sites\/4\/2022\/02\/000-32444et.jpg?v=1646072338","contentUrl":"https:\/\/redenoticiaz.com.br\/ribeiraopreto-regiao\/wp-content\/uploads\/sites\/4\/2022\/02\/000-32444et.jpg?v=1646072338","width":1000,"height":667,"caption":"A Confedera\u00e7\u00e3o Russa poder\u00e1 recorrer da decis\u00e3o. Cr\u00e9ditos: Divulga\u00e7\u00e3o\/FIFA"},{"@type":"WebSite","@id":"https:\/\/redenoticiaz.com.br\/ribeiraopreto-regiao\/#website","url":"https:\/\/redenoticiaz.com.br\/ribeiraopreto-regiao\/","name":"Ribeir\u00e3o Preto e Regi\u00e3o","description":"Rede NoticiaZ - Ribeir\u00e3o Preto e regi\u00e3o","publisher":{"@id":"https:\/\/redenoticiaz.com.br\/ribeiraopreto-regiao\/#organization"},"potentialAction":[{"@type":"SearchAction","target":{"@type":"EntryPoint","urlTemplate":"https:\/\/redenoticiaz.com.br\/ribeiraopreto-regiao\/?s={search_term_string}"},"query-input":{"@type":"PropertyValueSpecification","valueRequired":true,"valueName":"search_term_string"}}],"inLanguage":"pt-BR"},{"@type":"Organization","@id":"https:\/\/redenoticiaz.com.br\/ribeiraopreto-regiao\/#organization","name":"Ribeir\u00e3o Preto e Regi\u00e3o","url":"https:\/\/redenoticiaz.com.br\/ribeiraopreto-regiao\/","logo":{"@type":"ImageObject","inLanguage":"pt-BR","@id":"https:\/\/redenoticiaz.com.br\/ribeiraopreto-regiao\/#\/schema\/logo\/image\/","url":"https:\/\/redenoticiaz.com.br\/barretos-regiao\/wp-content\/uploads\/sites\/4\/2022\/02\/logo.jpg","contentUrl":"https:\/\/redenoticiaz.com.br\/barretos-regiao\/wp-content\/uploads\/sites\/4\/2022\/02\/logo.jpg","width":400,"height":250,"caption":"Ribeir\u00e3o Preto e Regi\u00e3o"},"image":{"@id":"https:\/\/redenoticiaz.com.br\/ribeiraopreto-regiao\/#\/schema\/logo\/image\/"},"sameAs":["https:\/\/m.facebook.com\/redenoticiaz.barretos","https:\/\/x.com\/RN_barretos","https:\/\/www.instagram.com\/redenoticiaz.barretos\/?igshid=YmMyMTA2M2Y","https:\/\/www.linkedin.com\/company\/rede-noticiaz-barretos-e-regio\/"]},{"@type":"Person","@id":"https:\/\/redenoticiaz.com.br\/ribeiraopreto-regiao\/#\/schema\/person\/0f0b8a5bdafefe82841e07ae8d81ecb3","name":"Leonardo Francisco","image":{"@type":"ImageObject","inLanguage":"pt-BR","@id":"https:\/\/secure.gravatar.com\/avatar\/a7358cb406a99b682ec6df1e77e31ae82e63601f6784e8a3df411d72b37864da?s=96&d=mm&r=g","url":"https:\/\/secure.gravatar.com\/avatar\/a7358cb406a99b682ec6df1e77e31ae82e63601f6784e8a3df411d72b37864da?s=96&d=mm&r=g","contentUrl":"https:\/\/secure.gravatar.com\/avatar\/a7358cb406a99b682ec6df1e77e31ae82e63601f6784e8a3df411d72b37864da?s=96&d=mm&r=g","caption":"Leonardo Francisco"},"url":"https:\/\/redenoticiaz.com.br\/ribeiraopreto-regiao\/sp\/author\/leonardo-francisco"}]}},"_links":{"self":[{"href":"https:\/\/redenoticiaz.com.br\/ribeiraopreto-regiao\/wp-json\/wp\/v2\/posts\/179","targetHints":{"allow":["GET"]}}],"collection":[{"href":"https:\/\/redenoticiaz.com.br\/ribeiraopreto-regiao\/wp-json\/wp\/v2\/posts"}],"about":[{"href":"https:\/\/redenoticiaz.com.br\/ribeiraopreto-regiao\/wp-json\/wp\/v2\/types\/post"}],"author":[{"embeddable":true,"href":"https:\/\/redenoticiaz.com.br\/ribeiraopreto-regiao\/wp-json\/wp\/v2\/users\/6"}],"replies":[{"embeddable":true,"href":"https:\/\/redenoticiaz.com.br\/ribeiraopreto-regiao\/wp-json\/wp\/v2\/comments?post=179"}],"version-history":[{"count":0,"href":"https:\/\/redenoticiaz.com.br\/ribeiraopreto-regiao\/wp-json\/wp\/v2\/posts\/179\/revisions"}],"wp:featuredmedia":[{"embeddable":true,"href":"https:\/\/redenoticiaz.com.br\/ribeiraopreto-regiao\/wp-json\/wp\/v2\/media\/180"}],"wp:attachment":[{"href":"https:\/\/redenoticiaz.com.br\/ribeiraopreto-regiao\/wp-json\/wp\/v2\/media?parent=179"}],"wp:term":[{"taxonomy":"category","embeddable":true,"href":"https:\/\/redenoticiaz.com.br\/ribeiraopreto-regiao\/wp-json\/wp\/v2\/categories?post=179"},{"taxonomy":"post_tag","embeddable":true,"href":"https:\/\/redenoticiaz.com.br\/ribeiraopreto-regiao\/wp-json\/wp\/v2\/tags?post=179"}],"curies":[{"name":"wp","href":"https:\/\/api.w.org\/{rel}","templated":true}]}}