{"id":1949,"date":"2022-04-09T08:00:49","date_gmt":"2022-04-09T11:00:49","guid":{"rendered":"https:\/\/redenoticiaz.com.br\/barretos-regiao\/?p=1949"},"modified":"2022-04-08T12:45:51","modified_gmt":"2022-04-08T15:45:51","slug":"pulp-a-brasiliana-uma-aventura-que-traz-a-reflexao-sobre-a-etica-e-a-moral","status":"publish","type":"post","link":"https:\/\/redenoticiaz.com.br\/ribeiraopreto-regiao\/sp\/2022\/04\/09\/pulp-a-brasiliana-uma-aventura-que-traz-a-reflexao-sobre-a-etica-e-a-moral","title":{"rendered":"&#8220;Pulp \u00e0 Brasiliana&#8221; &#8211; Uma aventura que traz a reflex\u00e3o sobre a \u00e9tica e a moral"},"content":{"rendered":"<p>Como poder enaltecer a import\u00e2ncia da \u00e9tica, da moral, dos valores, em tempos que o mundo &#8216;prega&#8217; que para chegar ao sucesso, as vezes \u00e9 necess\u00e1rio desreipeitar os atos de conduta? Esta \u00e9 a principal reflex\u00e3o que a obra <strong>&#8220;Pulp \u00e0 Brasiliana&#8221;<\/strong> conta para despertar o imagin\u00e1rio dos leitores.<\/p>\n<p>A publica\u00e7\u00e3o ser\u00e1 lan\u00e7ada neste s\u00e1bado (9), em <a href=\"https:\/\/www.santos.sp.gov.br\/\">Santos<\/a>, Litoral de S\u00e3o Paulo, pelo jovem administrador, Yvis Tomazini. A publica\u00e7\u00e3o ser\u00e1 disponibilizada virtualmente, por meio do Instagram @yvis_tomazini. \u00c0 <strong><em>Rede Not\u00edciaz<\/em><\/strong>, ele contou sobre a obra liter\u00e1ria, se baseando em muitos aspectos da vida. Inspira\u00e7\u00f5es em cl\u00e1ssicos do cinema e da literatura o ajudaram a constriur a hist\u00f3ria.<\/p>\n<p>A hist\u00f3ria se baseia na personagem Sabrina Barlavento venceu um relevante pr\u00eamio liter\u00e1rio e teve sua obra adaptada para os cinemas, mas nada disso impedia a \u00fanica cr\u00edtica negativa de assombr\u00e1-la. Ainda guardando o recorte de jornal que classificava seu trabalho como \u201cFic\u00e7\u00e3o de Polpa\u201d, recebe a inusitada proposta de Rafael Perso. Desta vez, o sujeito apresentado por um aplicativo de relacionamentos n\u00e3o busca por sexo casual.<\/p>\n<figure id=\"attachment_1950\" aria-describedby=\"caption-attachment-1950\" style=\"width: 271px\" class=\"wp-caption alignleft\"><img loading=\"lazy\" decoding=\"async\" class=\" wp-image-1950\" src=\"https:\/\/redenoticiaz.com.br\/barretos-regiao\/wp-content\/uploads\/sites\/4\/2022\/04\/whatsapp-image-2022-04-02-at-16-54-18-146x220.jpeg\" alt=\"\" width=\"271\" height=\"408\" \/><figcaption id=\"caption-attachment-1950\" class=\"wp-caption-text\">Cr\u00e9ditos: Divulga\u00e7\u00e3o\/Yvis Tomazini<\/figcaption><\/figure>\n<p>O vigarista precisa que a renomada autora patrocine sua viagem ao norte do pa\u00eds. Sabendo que Barlavento v\u00ea o mundo de forma rom\u00e2ntica e aventuresca, Perso usa termos como \u201cCemit\u00e9rio Nazista\u201d, \u201cSegredos da Ditadura\u201d e \u201cCa\u00e7adores de Tesouro\u201d, quando na verdade busca o local da queda de um avi\u00e3o do narcotr\u00e1fico. Ele quer aquela carga, ela, uma hist\u00f3ria que valha a pena.<\/p>\n<p>Em meio a playboys inconsequentes, a traficantes internacionais e a golpistas misteriosos, a escritora se flagra imersa em um mundo de perigos, trapa\u00e7as e horrores. E por mais que esteja finalmente dentro do tipo de hist\u00f3ria que sempre amou escrever, desta vez todas as dores s\u00e3o reais e cada enigma amea\u00e7ador.<\/p>\n<p>O lan\u00e7amento ser\u00e1 em formato virtual, mas j\u00e1 estar\u00e1 dispon\u00edvel tamb\u00e9m nas livrarias. Acompanhe abaixo a entrevista que ele conta sobre a hist\u00f3ria de aventura. Al\u00e9m de contar a hist\u00f3ria de vida.<\/p>\n<h5>1) Conta um pouco da sua vida e carreira<\/h5>\n<p>Eu nasci aqui mesmo no litoral de S\u00e3o Paulo. Uma regi\u00e3o que por mais bonita que seja, geograficamente falando, \u00e9 mais conhecida pelo perigo e pela criminalidade. Possuindo um lado muito imaginativo, por\u00e9m ao mesmo tempo tendo crescido em uma regi\u00e3o de cismas sociais t\u00e3o derradeiras, hoje, adulto, percebo o quanto isso influencia minha cria\u00e7\u00e3o. Seja em meus textos mais fantasiosos, seja naqueles que lutam para manter os p\u00e9s no ch\u00e3o, dificilmente a inoc\u00eancia durar\u00e1 por muitas p\u00e1ginas.<\/p>\n<p>A despeito da forma\u00e7\u00e3o em Administra\u00e7\u00e3o, sempre priorizei a escrita acima de tudo. A literatura at\u00e9 ent\u00e3o \u00e9 a \u00fanica constante. Certa vez, em busca de mais experi\u00eancias, me demiti de um escrit\u00f3rio ao lado do Porto e Santos para trabalhar por uns tr\u00eas anos dentro dos navios que eu via pela janela e que tanto davam tinta a minha imagina\u00e7\u00e3o. Foi minha oportunidade de conhecer dezenas de portos pelo mundo e um pouco mais sobre os limites e o \u00edmpeto humano. Isso deu ainda mais subst\u00e2ncia aos meus textos.<\/p>\n<p>A carreira de escritor, ao contr\u00e1rio do que muitos possam imaginar, requer muito estudo. Desta forma, vivo lendo sobre estruturas narrativas, j\u00e1 fiz cursos de literatura investigativa, de roteiro voltado \u00e0 curtas metragens, e cursei tamb\u00e9m algumas oficinas de escrita criativa.<\/p>\n<p>Consegui publicar meu primeiro conto &#8211; O Segredo da \u00c1gua &#8211; em 2011. No mesmo ano em que tive a oportunidade de vencer em segundo lugar o 1\u00ba Pr\u00eamio Liter\u00e1rio Professor M\u00e1rio Carabajal de Poesias da Academia de Letras do Brasil de Santa Catarina com uma poesia \u201cGalo\u201d onde brinquei usando de alitera\u00e7\u00f5es.<\/p>\n<h5>2) Desde quando come\u00e7ou a curtir o mundo da literatura? Quem o motivou a escrever livro?<\/h5>\n<p>Sou filho de uma professora e de um advogado e aben\u00e7oado pela sorte de ter crescido rodeado de livros. Tinha um escrit\u00f3rio na casa que cresci, e nele duas estantes imensas repletas de tomos de assuntos mil. Eu escalava aquelas prateleiras mesmo antes de saber ler.<\/p>\n<figure id=\"attachment_1951\" aria-describedby=\"caption-attachment-1951\" style=\"width: 182px\" class=\"wp-caption alignleft\"><img loading=\"lazy\" decoding=\"async\" class=\"size-medium wp-image-1951\" src=\"https:\/\/redenoticiaz.com.br\/barretos-regiao\/wp-content\/uploads\/sites\/4\/2022\/04\/whatsapp-image-2022-04-02-at-16-55-19-182x220.jpeg\" alt=\"\" width=\"182\" height=\"220\" \/><figcaption id=\"caption-attachment-1951\" class=\"wp-caption-text\">Cr\u00e9ditos: Divulga\u00e7\u00e3o\/Yvis Tomazini<\/figcaption><\/figure>\n<p>L\u00e1 no alto dei de cara com o \u201cTubar\u00e3o\u201d de Peter Benchley, com \u201cO Oitavo Passageiro\u201d de Alan Dean Foster e com \u201cO Poderoso Chef\u00e3o\u201d de Mario Puzo, para voc\u00ea ter uma ideia. Nesta \u00e9poca os cl\u00e1ssicos nacionais que me espreitavam por l\u00e1 eram ainda mais assustadores. E, por mais que eu amasse alguns t\u00edtulos e capas, neste momento eu preferia acompanhar as ilustra\u00e7\u00f5es do Mauricio de Souza, no alto de um beliche velho que tinha ali do lado.<\/p>\n<p>Era amigo dos livros, mesmo antes de descobrir o que tinha l\u00e1 dentro. J\u00e1 na adolesc\u00eancia, me dediquei \u00e0 composi\u00e7\u00e3o de letras para a minha banda, ent\u00e3o quando no in\u00edcio da vida adulta meu sonho musical naufragou, a Literatura foi uma nova chance de extravasar a minha imagina\u00e7\u00e3o. Matar a curiosidade pesquisando, satisfazendo meus impulsos criativos os descendo ao papel.<\/p>\n<h5>3) No que se baseou em escrever esta hist\u00f3ria?<\/h5>\n<p>Eu quis fazer uma homenagem \u00e0s aventuras que cresci assistindo e lendo. De &#8220;Indiana Jones&#8221; \u00e0 &#8220;Ilha do Tesouro&#8221;. Ao mesmo tempo, j\u00e1 aprendi que \u00e9 imposs\u00edvel escrever um bom livro sem sacrificar parte de si. Tem que doer pelo menos um pouco. Ent\u00e3o, a despeito de toda narrativa ser contada atrav\u00e9s de um vi\u00e9s um tanto romantizado, todos os sentimentos s\u00e3o muito reais.<\/p>\n<h5>4) Quais li\u00e7\u00f5es voc\u00ea acredita que sua hist\u00f3ria ir\u00e1 trazer par ao p\u00fablico?<\/h5>\n<p>O &#8220;Pulp \u00e0 Brasiliana&#8221; trata bastante sobre o \u201cLimite moral\u201d. At\u00e9 onde voc\u00ea iria por aquilo que voc\u00ea mais quer na vida? Escritoras, golpistas, exploradores e principalmente personagens de origem mais humilde, cada um deles se depara com este dilema ao longo da hist\u00f3ria. O Pulp \u00e9 mais direto nas perguntas, por\u00e9m mais aberto nas respostas. A ideia n\u00e3o \u00e9 passar uma li\u00e7\u00e3o, mas levantar alguma reflex\u00e3o.<\/p>\n<h5>5) Tem planos para outras obras?<\/h5>\n<p>Tenho diversos outros trabalhos, cada um em diferentes est\u00e1gios da produ\u00e7\u00e3o. \u00c9 como se acontecesse um debate incessante em minha cabe\u00e7a sobre qual livro deve receber total aten\u00e7\u00e3o ap\u00f3s o Pulp \u00e0 Brasiliana. Como desejo publicar muito em breve o pr\u00f3ximo, capaz que opte por finalizar e submeter para avalia\u00e7\u00e3o das editoras um mist\u00e9rio detetivesco com bastante pesquisa hist\u00f3rica passado aqui pela regi\u00e3o. E enquanto este luta pela chance de ser impresso, eu mergulharia na pesquisa e na estrutura\u00e7\u00e3o da minha pr\u00f3xima aventura.<\/p>\n<p>Detalhes sobre a obra podem ser conferidos no YouTube: <a href=\"https:\/\/www.youtube.com\/watch?v=aFvAeEUCpNU&amp;ab_channel=YvisTomazini\">https:\/\/www.youtube.com\/watch?v=aFvAeEUCpNU&amp;ab_channel=YvisTomazini<\/a><\/p>\n<p><strong>LEIA TAMB\u00c9M<\/strong><\/p>\n<p><a href=\"https:\/\/redenoticiaz.com.br\/blog\/2022\/04\/03\/literatura-brasileira-perde-lygia-fagundes-telles-aos-98-anos\">Literatura brasileira perde Lygia Fagundes Telles aos 98 anos<\/a><\/p>\n","protected":false},"excerpt":{"rendered":"<p>Como poder enaltecer a import\u00e2ncia da \u00e9tica, da moral, dos valores, em tempos que o mundo &#8216;prega&#8217; que para chegar ao sucesso, as vezes \u00e9 necess\u00e1rio desreipeitar os atos de conduta? Esta \u00e9 a principal reflex\u00e3o que a obra &#8220;Pulp \u00e0 Brasiliana&#8221; conta para despertar o imagin\u00e1rio dos leitores. A publica\u00e7\u00e3o ser\u00e1 lan\u00e7ada neste s\u00e1bado &hellip;<\/p>\n","protected":false},"author":6,"featured_media":1950,"comment_status":"open","ping_status":"closed","sticky":false,"template":"","format":"standard","meta":{"footnotes":""},"categories":[469],"tags":[8215,8216,8217,8218,191],"class_list":["post-1949","post","type-post","status-publish","format-standard","has-post-thumbnail","hentry","category-cultura","tag-autor-yvis-tomazini","tag-livro","tag-obra-literaria","tag-pulp-a-brasiliana","tag-santos"],"yoast_head":"<!-- This site is optimized with the Yoast SEO plugin v27.5 - https:\/\/yoast.com\/product\/yoast-seo-wordpress\/ -->\n<title>&quot;Pulp \u00e0 Brasiliana&quot; - Uma aventura que traz a reflex\u00e3o sobre a \u00e9tica e a moral - Ribeir\u00e3o Preto e Regi\u00e3o<\/title>\n<meta name=\"description\" content=\"chegar ao sucesso, as vezes \u00e9 necess\u00e1rio desreipeitar os atos de conduta? Esta \u00e9 a principal reflex\u00e3o que a obra &quot;Pulp \u00e0 Brasiliana&quot; conta\" \/>\n<meta name=\"robots\" content=\"index, follow, max-snippet:-1, max-image-preview:large, max-video-preview:-1\" \/>\n<link rel=\"canonical\" href=\"https:\/\/redenoticiaz.com.br\/ribeiraopreto-regiao\/sp\/2022\/04\/09\/pulp-a-brasiliana-uma-aventura-que-traz-a-reflexao-sobre-a-etica-e-a-moral\" \/>\n<meta property=\"og:locale\" content=\"pt_BR\" \/>\n<meta property=\"og:type\" content=\"article\" \/>\n<meta property=\"og:title\" content=\"&quot;Pulp \u00e0 Brasiliana&quot; - Uma aventura que traz a reflex\u00e3o sobre a \u00e9tica e a moral - Ribeir\u00e3o Preto e Regi\u00e3o\" \/>\n<meta property=\"og:description\" content=\"chegar ao sucesso, as vezes \u00e9 necess\u00e1rio desreipeitar os atos de conduta? Esta \u00e9 a principal reflex\u00e3o que a obra &quot;Pulp \u00e0 Brasiliana&quot; conta\" \/>\n<meta property=\"og:url\" content=\"https:\/\/redenoticiaz.com.br\/ribeiraopreto-regiao\/sp\/2022\/04\/09\/pulp-a-brasiliana-uma-aventura-que-traz-a-reflexao-sobre-a-etica-e-a-moral\" \/>\n<meta property=\"og:site_name\" content=\"Ribeir\u00e3o Preto e Regi\u00e3o\" \/>\n<meta property=\"article:publisher\" content=\"https:\/\/m.facebook.com\/redenoticiaz.barretos\" \/>\n<meta property=\"article:published_time\" content=\"2022-04-09T11:00:49+00:00\" \/>\n<meta property=\"og:image\" content=\"https:\/\/redenoticiaz.com.br\/ribeiraopreto-regiao\/wp-content\/uploads\/sites\/4\/2022\/02\/logo.jpg\" \/>\n\t<meta property=\"og:image:width\" content=\"400\" \/>\n\t<meta property=\"og:image:height\" content=\"250\" \/>\n\t<meta property=\"og:image:type\" content=\"image\/jpeg\" \/>\n<meta name=\"author\" content=\"Leonardo Francisco\" \/>\n<meta name=\"twitter:card\" content=\"summary_large_image\" \/>\n<meta name=\"twitter:creator\" content=\"@RN_barretos\" \/>\n<meta name=\"twitter:site\" content=\"@RN_barretos\" \/>\n<meta name=\"twitter:label1\" content=\"Escrito por\" \/>\n\t<meta name=\"twitter:data1\" content=\"Leonardo Francisco\" \/>\n\t<meta name=\"twitter:label2\" content=\"Est. tempo de leitura\" \/>\n\t<meta name=\"twitter:data2\" content=\"6 minutos\" \/>\n<script type=\"application\/ld+json\" class=\"yoast-schema-graph\">{\"@context\":\"https:\\\/\\\/schema.org\",\"@graph\":[{\"@type\":\"Article\",\"@id\":\"https:\\\/\\\/redenoticiaz.com.br\\\/ribeiraopreto-regiao\\\/sp\\\/2022\\\/04\\\/09\\\/pulp-a-brasiliana-uma-aventura-que-traz-a-reflexao-sobre-a-etica-e-a-moral#article\",\"isPartOf\":{\"@id\":\"https:\\\/\\\/redenoticiaz.com.br\\\/ribeiraopreto-regiao\\\/sp\\\/2022\\\/04\\\/09\\\/pulp-a-brasiliana-uma-aventura-que-traz-a-reflexao-sobre-a-etica-e-a-moral\"},\"author\":{\"name\":\"Leonardo Francisco\",\"@id\":\"https:\\\/\\\/redenoticiaz.com.br\\\/ribeiraopreto-regiao\\\/#\\\/schema\\\/person\\\/0f0b8a5bdafefe82841e07ae8d81ecb3\"},\"headline\":\"&#8220;Pulp \u00e0 Brasiliana&#8221; &#8211; Uma aventura que traz a reflex\u00e3o sobre a \u00e9tica e a moral\",\"datePublished\":\"2022-04-09T11:00:49+00:00\",\"mainEntityOfPage\":{\"@id\":\"https:\\\/\\\/redenoticiaz.com.br\\\/ribeiraopreto-regiao\\\/sp\\\/2022\\\/04\\\/09\\\/pulp-a-brasiliana-uma-aventura-que-traz-a-reflexao-sobre-a-etica-e-a-moral\"},\"wordCount\":1185,\"commentCount\":0,\"publisher\":{\"@id\":\"https:\\\/\\\/redenoticiaz.com.br\\\/ribeiraopreto-regiao\\\/#organization\"},\"image\":{\"@id\":\"https:\\\/\\\/redenoticiaz.com.br\\\/ribeiraopreto-regiao\\\/sp\\\/2022\\\/04\\\/09\\\/pulp-a-brasiliana-uma-aventura-que-traz-a-reflexao-sobre-a-etica-e-a-moral#primaryimage\"},\"thumbnailUrl\":\"https:\\\/\\\/redenoticiaz.com.br\\\/ribeiraopreto-regiao\\\/wp-content\\\/uploads\\\/sites\\\/4\\\/2022\\\/04\\\/whatsapp-image-2022-04-02-at-16-54-18.jpeg?v=1649090558\",\"keywords\":[\"AUTOR YVIS TOMAZINI\",\"LIVRO\",\"OBRA LITER\u00c1RIA\",\"PULP \u00c0 BRASILIANA\",\"Santos\"],\"articleSection\":[\"Cultura\"],\"inLanguage\":\"pt-BR\",\"potentialAction\":[{\"@type\":\"CommentAction\",\"name\":\"Comment\",\"target\":[\"https:\\\/\\\/redenoticiaz.com.br\\\/ribeiraopreto-regiao\\\/sp\\\/2022\\\/04\\\/09\\\/pulp-a-brasiliana-uma-aventura-que-traz-a-reflexao-sobre-a-etica-e-a-moral#respond\"]}]},{\"@type\":\"WebPage\",\"@id\":\"https:\\\/\\\/redenoticiaz.com.br\\\/ribeiraopreto-regiao\\\/sp\\\/2022\\\/04\\\/09\\\/pulp-a-brasiliana-uma-aventura-que-traz-a-reflexao-sobre-a-etica-e-a-moral\",\"url\":\"https:\\\/\\\/redenoticiaz.com.br\\\/ribeiraopreto-regiao\\\/sp\\\/2022\\\/04\\\/09\\\/pulp-a-brasiliana-uma-aventura-que-traz-a-reflexao-sobre-a-etica-e-a-moral\",\"name\":\"\\\"Pulp \u00e0 Brasiliana\\\" - Uma aventura que traz a reflex\u00e3o sobre a \u00e9tica e a moral - Ribeir\u00e3o Preto e Regi\u00e3o\",\"isPartOf\":{\"@id\":\"https:\\\/\\\/redenoticiaz.com.br\\\/ribeiraopreto-regiao\\\/#website\"},\"primaryImageOfPage\":{\"@id\":\"https:\\\/\\\/redenoticiaz.com.br\\\/ribeiraopreto-regiao\\\/sp\\\/2022\\\/04\\\/09\\\/pulp-a-brasiliana-uma-aventura-que-traz-a-reflexao-sobre-a-etica-e-a-moral#primaryimage\"},\"image\":{\"@id\":\"https:\\\/\\\/redenoticiaz.com.br\\\/ribeiraopreto-regiao\\\/sp\\\/2022\\\/04\\\/09\\\/pulp-a-brasiliana-uma-aventura-que-traz-a-reflexao-sobre-a-etica-e-a-moral#primaryimage\"},\"thumbnailUrl\":\"https:\\\/\\\/redenoticiaz.com.br\\\/ribeiraopreto-regiao\\\/wp-content\\\/uploads\\\/sites\\\/4\\\/2022\\\/04\\\/whatsapp-image-2022-04-02-at-16-54-18.jpeg?v=1649090558\",\"datePublished\":\"2022-04-09T11:00:49+00:00\",\"description\":\"chegar ao sucesso, as vezes \u00e9 necess\u00e1rio desreipeitar os atos de conduta? Esta \u00e9 a principal reflex\u00e3o que a obra \\\"Pulp \u00e0 Brasiliana\\\" conta\",\"inLanguage\":\"pt-BR\",\"potentialAction\":[{\"@type\":\"ReadAction\",\"target\":[\"https:\\\/\\\/redenoticiaz.com.br\\\/ribeiraopreto-regiao\\\/sp\\\/2022\\\/04\\\/09\\\/pulp-a-brasiliana-uma-aventura-que-traz-a-reflexao-sobre-a-etica-e-a-moral\"]}]},{\"@type\":\"ImageObject\",\"inLanguage\":\"pt-BR\",\"@id\":\"https:\\\/\\\/redenoticiaz.com.br\\\/ribeiraopreto-regiao\\\/sp\\\/2022\\\/04\\\/09\\\/pulp-a-brasiliana-uma-aventura-que-traz-a-reflexao-sobre-a-etica-e-a-moral#primaryimage\",\"url\":\"https:\\\/\\\/redenoticiaz.com.br\\\/ribeiraopreto-regiao\\\/wp-content\\\/uploads\\\/sites\\\/4\\\/2022\\\/04\\\/whatsapp-image-2022-04-02-at-16-54-18.jpeg?v=1649090558\",\"contentUrl\":\"https:\\\/\\\/redenoticiaz.com.br\\\/ribeiraopreto-regiao\\\/wp-content\\\/uploads\\\/sites\\\/4\\\/2022\\\/04\\\/whatsapp-image-2022-04-02-at-16-54-18.jpeg?v=1649090558\",\"width\":719,\"height\":1080,\"caption\":\"Cr\u00e9ditos: Divulga\u00e7\u00e3o\\\/Yvis Tomazini\"},{\"@type\":\"WebSite\",\"@id\":\"https:\\\/\\\/redenoticiaz.com.br\\\/ribeiraopreto-regiao\\\/#website\",\"url\":\"https:\\\/\\\/redenoticiaz.com.br\\\/ribeiraopreto-regiao\\\/\",\"name\":\"Ribeir\u00e3o Preto e Regi\u00e3o\",\"description\":\"Rede NoticiaZ - Ribeir\u00e3o Preto e regi\u00e3o\",\"publisher\":{\"@id\":\"https:\\\/\\\/redenoticiaz.com.br\\\/ribeiraopreto-regiao\\\/#organization\"},\"potentialAction\":[{\"@type\":\"SearchAction\",\"target\":{\"@type\":\"EntryPoint\",\"urlTemplate\":\"https:\\\/\\\/redenoticiaz.com.br\\\/ribeiraopreto-regiao\\\/?s={search_term_string}\"},\"query-input\":{\"@type\":\"PropertyValueSpecification\",\"valueRequired\":true,\"valueName\":\"search_term_string\"}}],\"inLanguage\":\"pt-BR\"},{\"@type\":\"Organization\",\"@id\":\"https:\\\/\\\/redenoticiaz.com.br\\\/ribeiraopreto-regiao\\\/#organization\",\"name\":\"Ribeir\u00e3o Preto e Regi\u00e3o\",\"url\":\"https:\\\/\\\/redenoticiaz.com.br\\\/ribeiraopreto-regiao\\\/\",\"logo\":{\"@type\":\"ImageObject\",\"inLanguage\":\"pt-BR\",\"@id\":\"https:\\\/\\\/redenoticiaz.com.br\\\/ribeiraopreto-regiao\\\/#\\\/schema\\\/logo\\\/image\\\/\",\"url\":\"https:\\\/\\\/redenoticiaz.com.br\\\/barretos-regiao\\\/wp-content\\\/uploads\\\/sites\\\/4\\\/2022\\\/02\\\/logo.jpg\",\"contentUrl\":\"https:\\\/\\\/redenoticiaz.com.br\\\/barretos-regiao\\\/wp-content\\\/uploads\\\/sites\\\/4\\\/2022\\\/02\\\/logo.jpg\",\"width\":400,\"height\":250,\"caption\":\"Ribeir\u00e3o Preto e Regi\u00e3o\"},\"image\":{\"@id\":\"https:\\\/\\\/redenoticiaz.com.br\\\/ribeiraopreto-regiao\\\/#\\\/schema\\\/logo\\\/image\\\/\"},\"sameAs\":[\"https:\\\/\\\/m.facebook.com\\\/redenoticiaz.barretos\",\"https:\\\/\\\/x.com\\\/RN_barretos\",\"https:\\\/\\\/www.instagram.com\\\/redenoticiaz.barretos\\\/?igshid=YmMyMTA2M2Y\",\"https:\\\/\\\/www.linkedin.com\\\/company\\\/rede-noticiaz-barretos-e-regio\\\/\"]},{\"@type\":\"Person\",\"@id\":\"https:\\\/\\\/redenoticiaz.com.br\\\/ribeiraopreto-regiao\\\/#\\\/schema\\\/person\\\/0f0b8a5bdafefe82841e07ae8d81ecb3\",\"name\":\"Leonardo Francisco\",\"image\":{\"@type\":\"ImageObject\",\"inLanguage\":\"pt-BR\",\"@id\":\"https:\\\/\\\/secure.gravatar.com\\\/avatar\\\/a7358cb406a99b682ec6df1e77e31ae82e63601f6784e8a3df411d72b37864da?s=96&d=mm&r=g\",\"url\":\"https:\\\/\\\/secure.gravatar.com\\\/avatar\\\/a7358cb406a99b682ec6df1e77e31ae82e63601f6784e8a3df411d72b37864da?s=96&d=mm&r=g\",\"contentUrl\":\"https:\\\/\\\/secure.gravatar.com\\\/avatar\\\/a7358cb406a99b682ec6df1e77e31ae82e63601f6784e8a3df411d72b37864da?s=96&d=mm&r=g\",\"caption\":\"Leonardo Francisco\"},\"url\":\"https:\\\/\\\/redenoticiaz.com.br\\\/ribeiraopreto-regiao\\\/sp\\\/author\\\/leonardo-francisco\"}]}<\/script>\n<!-- \/ Yoast SEO plugin. -->","yoast_head_json":{"title":"\"Pulp \u00e0 Brasiliana\" - Uma aventura que traz a reflex\u00e3o sobre a \u00e9tica e a moral - Ribeir\u00e3o Preto e Regi\u00e3o","description":"chegar ao sucesso, as vezes \u00e9 necess\u00e1rio desreipeitar os atos de conduta? Esta \u00e9 a principal reflex\u00e3o que a obra \"Pulp \u00e0 Brasiliana\" conta","robots":{"index":"index","follow":"follow","max-snippet":"max-snippet:-1","max-image-preview":"max-image-preview:large","max-video-preview":"max-video-preview:-1"},"canonical":"https:\/\/redenoticiaz.com.br\/ribeiraopreto-regiao\/sp\/2022\/04\/09\/pulp-a-brasiliana-uma-aventura-que-traz-a-reflexao-sobre-a-etica-e-a-moral","og_locale":"pt_BR","og_type":"article","og_title":"\"Pulp \u00e0 Brasiliana\" - Uma aventura que traz a reflex\u00e3o sobre a \u00e9tica e a moral - Ribeir\u00e3o Preto e Regi\u00e3o","og_description":"chegar ao sucesso, as vezes \u00e9 necess\u00e1rio desreipeitar os atos de conduta? Esta \u00e9 a principal reflex\u00e3o que a obra \"Pulp \u00e0 Brasiliana\" conta","og_url":"https:\/\/redenoticiaz.com.br\/ribeiraopreto-regiao\/sp\/2022\/04\/09\/pulp-a-brasiliana-uma-aventura-que-traz-a-reflexao-sobre-a-etica-e-a-moral","og_site_name":"Ribeir\u00e3o Preto e Regi\u00e3o","article_publisher":"https:\/\/m.facebook.com\/redenoticiaz.barretos","article_published_time":"2022-04-09T11:00:49+00:00","og_image":[{"width":400,"height":250,"url":"https:\/\/redenoticiaz.com.br\/ribeiraopreto-regiao\/wp-content\/uploads\/sites\/4\/2022\/02\/logo.jpg","type":"image\/jpeg"}],"author":"Leonardo Francisco","twitter_card":"summary_large_image","twitter_creator":"@RN_barretos","twitter_site":"@RN_barretos","twitter_misc":{"Escrito por":"Leonardo Francisco","Est. tempo de leitura":"6 minutos"},"schema":{"@context":"https:\/\/schema.org","@graph":[{"@type":"Article","@id":"https:\/\/redenoticiaz.com.br\/ribeiraopreto-regiao\/sp\/2022\/04\/09\/pulp-a-brasiliana-uma-aventura-que-traz-a-reflexao-sobre-a-etica-e-a-moral#article","isPartOf":{"@id":"https:\/\/redenoticiaz.com.br\/ribeiraopreto-regiao\/sp\/2022\/04\/09\/pulp-a-brasiliana-uma-aventura-que-traz-a-reflexao-sobre-a-etica-e-a-moral"},"author":{"name":"Leonardo Francisco","@id":"https:\/\/redenoticiaz.com.br\/ribeiraopreto-regiao\/#\/schema\/person\/0f0b8a5bdafefe82841e07ae8d81ecb3"},"headline":"&#8220;Pulp \u00e0 Brasiliana&#8221; &#8211; Uma aventura que traz a reflex\u00e3o sobre a \u00e9tica e a moral","datePublished":"2022-04-09T11:00:49+00:00","mainEntityOfPage":{"@id":"https:\/\/redenoticiaz.com.br\/ribeiraopreto-regiao\/sp\/2022\/04\/09\/pulp-a-brasiliana-uma-aventura-que-traz-a-reflexao-sobre-a-etica-e-a-moral"},"wordCount":1185,"commentCount":0,"publisher":{"@id":"https:\/\/redenoticiaz.com.br\/ribeiraopreto-regiao\/#organization"},"image":{"@id":"https:\/\/redenoticiaz.com.br\/ribeiraopreto-regiao\/sp\/2022\/04\/09\/pulp-a-brasiliana-uma-aventura-que-traz-a-reflexao-sobre-a-etica-e-a-moral#primaryimage"},"thumbnailUrl":"https:\/\/redenoticiaz.com.br\/ribeiraopreto-regiao\/wp-content\/uploads\/sites\/4\/2022\/04\/whatsapp-image-2022-04-02-at-16-54-18.jpeg?v=1649090558","keywords":["AUTOR YVIS TOMAZINI","LIVRO","OBRA LITER\u00c1RIA","PULP \u00c0 BRASILIANA","Santos"],"articleSection":["Cultura"],"inLanguage":"pt-BR","potentialAction":[{"@type":"CommentAction","name":"Comment","target":["https:\/\/redenoticiaz.com.br\/ribeiraopreto-regiao\/sp\/2022\/04\/09\/pulp-a-brasiliana-uma-aventura-que-traz-a-reflexao-sobre-a-etica-e-a-moral#respond"]}]},{"@type":"WebPage","@id":"https:\/\/redenoticiaz.com.br\/ribeiraopreto-regiao\/sp\/2022\/04\/09\/pulp-a-brasiliana-uma-aventura-que-traz-a-reflexao-sobre-a-etica-e-a-moral","url":"https:\/\/redenoticiaz.com.br\/ribeiraopreto-regiao\/sp\/2022\/04\/09\/pulp-a-brasiliana-uma-aventura-que-traz-a-reflexao-sobre-a-etica-e-a-moral","name":"\"Pulp \u00e0 Brasiliana\" - Uma aventura que traz a reflex\u00e3o sobre a \u00e9tica e a moral - Ribeir\u00e3o Preto e Regi\u00e3o","isPartOf":{"@id":"https:\/\/redenoticiaz.com.br\/ribeiraopreto-regiao\/#website"},"primaryImageOfPage":{"@id":"https:\/\/redenoticiaz.com.br\/ribeiraopreto-regiao\/sp\/2022\/04\/09\/pulp-a-brasiliana-uma-aventura-que-traz-a-reflexao-sobre-a-etica-e-a-moral#primaryimage"},"image":{"@id":"https:\/\/redenoticiaz.com.br\/ribeiraopreto-regiao\/sp\/2022\/04\/09\/pulp-a-brasiliana-uma-aventura-que-traz-a-reflexao-sobre-a-etica-e-a-moral#primaryimage"},"thumbnailUrl":"https:\/\/redenoticiaz.com.br\/ribeiraopreto-regiao\/wp-content\/uploads\/sites\/4\/2022\/04\/whatsapp-image-2022-04-02-at-16-54-18.jpeg?v=1649090558","datePublished":"2022-04-09T11:00:49+00:00","description":"chegar ao sucesso, as vezes \u00e9 necess\u00e1rio desreipeitar os atos de conduta? Esta \u00e9 a principal reflex\u00e3o que a obra \"Pulp \u00e0 Brasiliana\" conta","inLanguage":"pt-BR","potentialAction":[{"@type":"ReadAction","target":["https:\/\/redenoticiaz.com.br\/ribeiraopreto-regiao\/sp\/2022\/04\/09\/pulp-a-brasiliana-uma-aventura-que-traz-a-reflexao-sobre-a-etica-e-a-moral"]}]},{"@type":"ImageObject","inLanguage":"pt-BR","@id":"https:\/\/redenoticiaz.com.br\/ribeiraopreto-regiao\/sp\/2022\/04\/09\/pulp-a-brasiliana-uma-aventura-que-traz-a-reflexao-sobre-a-etica-e-a-moral#primaryimage","url":"https:\/\/redenoticiaz.com.br\/ribeiraopreto-regiao\/wp-content\/uploads\/sites\/4\/2022\/04\/whatsapp-image-2022-04-02-at-16-54-18.jpeg?v=1649090558","contentUrl":"https:\/\/redenoticiaz.com.br\/ribeiraopreto-regiao\/wp-content\/uploads\/sites\/4\/2022\/04\/whatsapp-image-2022-04-02-at-16-54-18.jpeg?v=1649090558","width":719,"height":1080,"caption":"Cr\u00e9ditos: Divulga\u00e7\u00e3o\/Yvis Tomazini"},{"@type":"WebSite","@id":"https:\/\/redenoticiaz.com.br\/ribeiraopreto-regiao\/#website","url":"https:\/\/redenoticiaz.com.br\/ribeiraopreto-regiao\/","name":"Ribeir\u00e3o Preto e Regi\u00e3o","description":"Rede NoticiaZ - Ribeir\u00e3o Preto e regi\u00e3o","publisher":{"@id":"https:\/\/redenoticiaz.com.br\/ribeiraopreto-regiao\/#organization"},"potentialAction":[{"@type":"SearchAction","target":{"@type":"EntryPoint","urlTemplate":"https:\/\/redenoticiaz.com.br\/ribeiraopreto-regiao\/?s={search_term_string}"},"query-input":{"@type":"PropertyValueSpecification","valueRequired":true,"valueName":"search_term_string"}}],"inLanguage":"pt-BR"},{"@type":"Organization","@id":"https:\/\/redenoticiaz.com.br\/ribeiraopreto-regiao\/#organization","name":"Ribeir\u00e3o Preto e Regi\u00e3o","url":"https:\/\/redenoticiaz.com.br\/ribeiraopreto-regiao\/","logo":{"@type":"ImageObject","inLanguage":"pt-BR","@id":"https:\/\/redenoticiaz.com.br\/ribeiraopreto-regiao\/#\/schema\/logo\/image\/","url":"https:\/\/redenoticiaz.com.br\/barretos-regiao\/wp-content\/uploads\/sites\/4\/2022\/02\/logo.jpg","contentUrl":"https:\/\/redenoticiaz.com.br\/barretos-regiao\/wp-content\/uploads\/sites\/4\/2022\/02\/logo.jpg","width":400,"height":250,"caption":"Ribeir\u00e3o Preto e Regi\u00e3o"},"image":{"@id":"https:\/\/redenoticiaz.com.br\/ribeiraopreto-regiao\/#\/schema\/logo\/image\/"},"sameAs":["https:\/\/m.facebook.com\/redenoticiaz.barretos","https:\/\/x.com\/RN_barretos","https:\/\/www.instagram.com\/redenoticiaz.barretos\/?igshid=YmMyMTA2M2Y","https:\/\/www.linkedin.com\/company\/rede-noticiaz-barretos-e-regio\/"]},{"@type":"Person","@id":"https:\/\/redenoticiaz.com.br\/ribeiraopreto-regiao\/#\/schema\/person\/0f0b8a5bdafefe82841e07ae8d81ecb3","name":"Leonardo Francisco","image":{"@type":"ImageObject","inLanguage":"pt-BR","@id":"https:\/\/secure.gravatar.com\/avatar\/a7358cb406a99b682ec6df1e77e31ae82e63601f6784e8a3df411d72b37864da?s=96&d=mm&r=g","url":"https:\/\/secure.gravatar.com\/avatar\/a7358cb406a99b682ec6df1e77e31ae82e63601f6784e8a3df411d72b37864da?s=96&d=mm&r=g","contentUrl":"https:\/\/secure.gravatar.com\/avatar\/a7358cb406a99b682ec6df1e77e31ae82e63601f6784e8a3df411d72b37864da?s=96&d=mm&r=g","caption":"Leonardo Francisco"},"url":"https:\/\/redenoticiaz.com.br\/ribeiraopreto-regiao\/sp\/author\/leonardo-francisco"}]}},"_links":{"self":[{"href":"https:\/\/redenoticiaz.com.br\/ribeiraopreto-regiao\/wp-json\/wp\/v2\/posts\/1949","targetHints":{"allow":["GET"]}}],"collection":[{"href":"https:\/\/redenoticiaz.com.br\/ribeiraopreto-regiao\/wp-json\/wp\/v2\/posts"}],"about":[{"href":"https:\/\/redenoticiaz.com.br\/ribeiraopreto-regiao\/wp-json\/wp\/v2\/types\/post"}],"author":[{"embeddable":true,"href":"https:\/\/redenoticiaz.com.br\/ribeiraopreto-regiao\/wp-json\/wp\/v2\/users\/6"}],"replies":[{"embeddable":true,"href":"https:\/\/redenoticiaz.com.br\/ribeiraopreto-regiao\/wp-json\/wp\/v2\/comments?post=1949"}],"version-history":[{"count":2,"href":"https:\/\/redenoticiaz.com.br\/ribeiraopreto-regiao\/wp-json\/wp\/v2\/posts\/1949\/revisions"}],"predecessor-version":[{"id":2198,"href":"https:\/\/redenoticiaz.com.br\/ribeiraopreto-regiao\/wp-json\/wp\/v2\/posts\/1949\/revisions\/2198"}],"wp:featuredmedia":[{"embeddable":true,"href":"https:\/\/redenoticiaz.com.br\/ribeiraopreto-regiao\/wp-json\/wp\/v2\/media\/1950"}],"wp:attachment":[{"href":"https:\/\/redenoticiaz.com.br\/ribeiraopreto-regiao\/wp-json\/wp\/v2\/media?parent=1949"}],"wp:term":[{"taxonomy":"category","embeddable":true,"href":"https:\/\/redenoticiaz.com.br\/ribeiraopreto-regiao\/wp-json\/wp\/v2\/categories?post=1949"},{"taxonomy":"post_tag","embeddable":true,"href":"https:\/\/redenoticiaz.com.br\/ribeiraopreto-regiao\/wp-json\/wp\/v2\/tags?post=1949"}],"curies":[{"name":"wp","href":"https:\/\/api.w.org\/{rel}","templated":true}]}}