{"id":197,"date":"2022-02-28T18:28:07","date_gmt":"2022-02-28T21:28:07","guid":{"rendered":"https:\/\/redenoticiaz.com.br\/barretos-regiao\/sp\/2022\/02\/28\/pele-recebe-alta-hospitalar-apos-tratar-de-uma-infeccao-urinaria"},"modified":"2022-02-28T18:28:39","modified_gmt":"2022-02-28T21:28:39","slug":"pele-recebe-alta-hospitalar-apos-tratar-de-uma-infeccao-urinaria","status":"publish","type":"post","link":"https:\/\/redenoticiaz.com.br\/ribeiraopreto-regiao\/sp\/2022\/02\/28\/pele-recebe-alta-hospitalar-apos-tratar-de-uma-infeccao-urinaria","title":{"rendered":"Pel\u00e9 recebe alta hospitalar ap\u00f3s tratar de uma infec\u00e7\u00e3o urin\u00e1ria"},"content":{"rendered":"<p><strong>Pel\u00e9<\/strong> enfim teve alta hospitalar e deixou o <a href=\"https:\/\/www.einstein.br\/Pages\/Home.aspx\">Hospital Albert Einstein<\/a>, em S\u00e3o Paulo, no \u00faltimo s\u00e1bado (26). Ele seguia o tratamento ap\u00f3s a retirada de um tumor no c\u00f3lon, quando descobriu que havia uma <strong>infec\u00e7\u00e3o urin\u00e1ria<\/strong>.<\/p>\n<p>Desde o \u00faltimo dia 13 de fevereiro, Pel\u00e9 estava internado para dar continuidade a seu tratamento m\u00e9dico.\u00a0Em setembro de 2021, ele retirou um tumor do intestino. Mas na interna\u00e7\u00e3o deste m\u00eas, uma infec\u00e7\u00e3o foi descoberta e por isso, precisou passar por um novo tratamento.<\/p>\n<div class=\"mc-column content-text active-extra-styles \" data-block-type=\"unstyled\" data-block-weight=\"36\" data-block-id=\"8\">\n<p class=\"content-text__container \" data-track-category=\"Link no Texto\" data-track-links=\"\">Pel\u00e9 vem passando, nos \u00faltimos meses, por repetidas interna\u00e7\u00f5es. Elas incluem sess\u00f5es de quimioterapia.\u00a0Em dezembro, o ex-jogador comemorou ter deixado o hospital em tempo de passar as festas de fim de ano com a fam\u00edlia.<\/p>\n<\/div>\n<div data-track-category=\"multicontent\" data-track-action=\"ultimo chunk conteudo\" data-track-noninteraction=\"false\" data-track-scroll=\"view\">\n<div class=\"mc-column content-text active-extra-styles \" data-block-type=\"unstyled\" data-block-weight=\"36\" data-block-id=\"9\">\n<p class=\"content-text__container \" data-track-category=\"Link no Texto\" data-track-links=\"\">Neste m\u00eas, Pel\u00e9 usou as redes sociais para tranquilizar os f\u00e3s diante de rumores sobre uma piora em seu estado de sa\u00fade.\u00a0Ele postou uma foto cortando o cabelo e brincou: &#8220;N\u00e3o acham que estou bonit\u00e3o?&#8221;.<\/p>\n<\/div>\n<\/div>\n<p>A equipe m\u00e9dica do Hospital Albert Einstein enviou uma nota nesta segunda-feira (28) falando sobre a sa\u00fade de Pel\u00e9.<\/p>\n<h3>Leia na \u00edntegra:<\/h3>\n<p><em>&#8220;Edson Arantes do Nascimento recebeu alta do Hospital Israelita Albert Einstein neste s\u00e1bado, dia 26 de fevereiro de 2022. O paciente encontra-se em condi\u00e7\u00f5es cl\u00ednicas est\u00e1veis, j\u00e1 curado de sua infec\u00e7\u00e3o urin\u00e1ria, e seguir\u00e1 o tratamento do tumor de c\u00f3lon, identificado em setembro de 2021.&#8221;<\/em><\/p>\n<div class=\"row medium-uncollapsed content-media content-photo\" data-block-type=\"backstage-photo\" data-block-id=\"5\">\n<div class=\"mc-column content-media__container\">\n<div class=\"content-media-container glb-skeleton-box\"><strong>LEIA TAMB\u00c9M<\/strong><\/div>\n<\/div>\n<\/div>\n<div><\/div>\n<div><a href=\"https:\/\/redenoticiaz.com.br\/blog\/2022\/02\/21\/pele-sofre-infeccao-urinaria-durante-tratamento-informam-medicos\">Pel\u00e9 sofre infec\u00e7\u00e3o urin\u00e1ria durante tratamento, informam m\u00e9dicos<\/a><\/div>\n","protected":false},"excerpt":{"rendered":"<p>Pel\u00e9 enfim teve alta hospitalar e deixou o Hospital Albert Einstein, em S\u00e3o Paulo, no \u00faltimo s\u00e1bado (26). Ele seguia o tratamento ap\u00f3s a retirada de um tumor no c\u00f3lon, quando descobriu que havia uma infec\u00e7\u00e3o urin\u00e1ria. Desde o \u00faltimo dia 13 de fevereiro, Pel\u00e9 estava internado para dar continuidade a seu tratamento m\u00e9dico.\u00a0Em setembro &hellip;<\/p>\n","protected":false},"author":6,"featured_media":198,"comment_status":"open","ping_status":"closed","sticky":false,"template":"","format":"standard","meta":{"footnotes":""},"categories":[87,129],"tags":[677,678,259,157],"class_list":["post-197","post","type-post","status-publish","format-standard","has-post-thumbnail","hentry","category-esporte","category-saude","tag-hospital-albert-einstein","tag-infeccao-urinaria","tag-pele","tag-sao-paulo"],"yoast_head":"<!-- This site is optimized with the Yoast SEO plugin v27.4 - https:\/\/yoast.com\/product\/yoast-seo-wordpress\/ -->\n<title>Pel\u00e9 recebe alta hospitalar ap\u00f3s tratar de uma infec\u00e7\u00e3o urin\u00e1ria - Ribeir\u00e3o Preto e Regi\u00e3o<\/title>\n<meta name=\"description\" content=\"Pel\u00e9 enfim teve alta hospitalar e deixou o Hospital Albert Einstein, em S\u00e3o Paulo, no \u00faltimo s\u00e1bado (26). Ele seguia o tratamento\" \/>\n<meta name=\"robots\" content=\"index, follow, max-snippet:-1, max-image-preview:large, max-video-preview:-1\" \/>\n<link rel=\"canonical\" href=\"https:\/\/redenoticiaz.com.br\/ribeiraopreto-regiao\/sp\/2022\/02\/28\/pele-recebe-alta-hospitalar-apos-tratar-de-uma-infeccao-urinaria\" \/>\n<meta property=\"og:locale\" content=\"pt_BR\" \/>\n<meta property=\"og:type\" content=\"article\" \/>\n<meta property=\"og:title\" content=\"Pel\u00e9 recebe alta hospitalar ap\u00f3s tratar de uma infec\u00e7\u00e3o urin\u00e1ria - Ribeir\u00e3o Preto e Regi\u00e3o\" \/>\n<meta property=\"og:description\" content=\"Pel\u00e9 enfim teve alta hospitalar e deixou o Hospital Albert Einstein, em S\u00e3o Paulo, no \u00faltimo s\u00e1bado (26). Ele seguia o tratamento\" \/>\n<meta property=\"og:url\" content=\"https:\/\/redenoticiaz.com.br\/ribeiraopreto-regiao\/sp\/2022\/02\/28\/pele-recebe-alta-hospitalar-apos-tratar-de-uma-infeccao-urinaria\" \/>\n<meta property=\"og:site_name\" content=\"Ribeir\u00e3o Preto e Regi\u00e3o\" \/>\n<meta property=\"article:publisher\" content=\"https:\/\/m.facebook.com\/redenoticiaz.barretos\" \/>\n<meta property=\"article:published_time\" content=\"2022-02-28T21:28:07+00:00\" \/>\n<meta property=\"article:modified_time\" content=\"2022-02-28T21:28:39+00:00\" \/>\n<meta property=\"og:image\" content=\"https:\/\/redenoticiaz.com.br\/ribeiraopreto-regiao\/wp-content\/uploads\/sites\/4\/2022\/02\/logo.jpg\" \/>\n\t<meta property=\"og:image:width\" content=\"400\" \/>\n\t<meta property=\"og:image:height\" content=\"250\" \/>\n\t<meta property=\"og:image:type\" content=\"image\/jpeg\" \/>\n<meta name=\"author\" content=\"Leonardo Francisco\" \/>\n<meta name=\"twitter:card\" content=\"summary_large_image\" \/>\n<meta name=\"twitter:creator\" content=\"@RN_barretos\" \/>\n<meta name=\"twitter:site\" content=\"@RN_barretos\" \/>\n<meta name=\"twitter:label1\" content=\"Escrito por\" \/>\n\t<meta name=\"twitter:data1\" content=\"Leonardo Francisco\" \/>\n\t<meta name=\"twitter:label2\" content=\"Est. tempo de leitura\" \/>\n\t<meta name=\"twitter:data2\" content=\"1 minuto\" \/>\n<script type=\"application\/ld+json\" class=\"yoast-schema-graph\">{\"@context\":\"https:\\\/\\\/schema.org\",\"@graph\":[{\"@type\":\"Article\",\"@id\":\"https:\\\/\\\/redenoticiaz.com.br\\\/ribeiraopreto-regiao\\\/sp\\\/2022\\\/02\\\/28\\\/pele-recebe-alta-hospitalar-apos-tratar-de-uma-infeccao-urinaria#article\",\"isPartOf\":{\"@id\":\"https:\\\/\\\/redenoticiaz.com.br\\\/ribeiraopreto-regiao\\\/sp\\\/2022\\\/02\\\/28\\\/pele-recebe-alta-hospitalar-apos-tratar-de-uma-infeccao-urinaria\"},\"author\":{\"name\":\"Leonardo Francisco\",\"@id\":\"https:\\\/\\\/redenoticiaz.com.br\\\/ribeiraopreto-regiao\\\/#\\\/schema\\\/person\\\/0f0b8a5bdafefe82841e07ae8d81ecb3\"},\"headline\":\"Pel\u00e9 recebe alta hospitalar ap\u00f3s tratar de uma infec\u00e7\u00e3o urin\u00e1ria\",\"datePublished\":\"2022-02-28T21:28:07+00:00\",\"dateModified\":\"2022-02-28T21:28:39+00:00\",\"mainEntityOfPage\":{\"@id\":\"https:\\\/\\\/redenoticiaz.com.br\\\/ribeiraopreto-regiao\\\/sp\\\/2022\\\/02\\\/28\\\/pele-recebe-alta-hospitalar-apos-tratar-de-uma-infeccao-urinaria\"},\"wordCount\":268,\"commentCount\":0,\"publisher\":{\"@id\":\"https:\\\/\\\/redenoticiaz.com.br\\\/ribeiraopreto-regiao\\\/#organization\"},\"image\":{\"@id\":\"https:\\\/\\\/redenoticiaz.com.br\\\/ribeiraopreto-regiao\\\/sp\\\/2022\\\/02\\\/28\\\/pele-recebe-alta-hospitalar-apos-tratar-de-uma-infeccao-urinaria#primaryimage\"},\"thumbnailUrl\":\"https:\\\/\\\/redenoticiaz.com.br\\\/ribeiraopreto-regiao\\\/wp-content\\\/uploads\\\/sites\\\/4\\\/2022\\\/02\\\/pelenota.jpg?v=1646083603\",\"keywords\":[\"HOSPITAL ALBERT EINSTEIN\",\"INFEC\u00c7\u00c3O URIN\u00c1RIA\",\"PEL\u00c9\",\"S\u00e3o Paulo\"],\"articleSection\":[\"Esporte\",\"Sa\u00fade\"],\"inLanguage\":\"pt-BR\",\"potentialAction\":[{\"@type\":\"CommentAction\",\"name\":\"Comment\",\"target\":[\"https:\\\/\\\/redenoticiaz.com.br\\\/ribeiraopreto-regiao\\\/sp\\\/2022\\\/02\\\/28\\\/pele-recebe-alta-hospitalar-apos-tratar-de-uma-infeccao-urinaria#respond\"]}]},{\"@type\":\"WebPage\",\"@id\":\"https:\\\/\\\/redenoticiaz.com.br\\\/ribeiraopreto-regiao\\\/sp\\\/2022\\\/02\\\/28\\\/pele-recebe-alta-hospitalar-apos-tratar-de-uma-infeccao-urinaria\",\"url\":\"https:\\\/\\\/redenoticiaz.com.br\\\/ribeiraopreto-regiao\\\/sp\\\/2022\\\/02\\\/28\\\/pele-recebe-alta-hospitalar-apos-tratar-de-uma-infeccao-urinaria\",\"name\":\"Pel\u00e9 recebe alta hospitalar ap\u00f3s tratar de uma infec\u00e7\u00e3o urin\u00e1ria - Ribeir\u00e3o Preto e Regi\u00e3o\",\"isPartOf\":{\"@id\":\"https:\\\/\\\/redenoticiaz.com.br\\\/ribeiraopreto-regiao\\\/#website\"},\"primaryImageOfPage\":{\"@id\":\"https:\\\/\\\/redenoticiaz.com.br\\\/ribeiraopreto-regiao\\\/sp\\\/2022\\\/02\\\/28\\\/pele-recebe-alta-hospitalar-apos-tratar-de-uma-infeccao-urinaria#primaryimage\"},\"image\":{\"@id\":\"https:\\\/\\\/redenoticiaz.com.br\\\/ribeiraopreto-regiao\\\/sp\\\/2022\\\/02\\\/28\\\/pele-recebe-alta-hospitalar-apos-tratar-de-uma-infeccao-urinaria#primaryimage\"},\"thumbnailUrl\":\"https:\\\/\\\/redenoticiaz.com.br\\\/ribeiraopreto-regiao\\\/wp-content\\\/uploads\\\/sites\\\/4\\\/2022\\\/02\\\/pelenota.jpg?v=1646083603\",\"datePublished\":\"2022-02-28T21:28:07+00:00\",\"dateModified\":\"2022-02-28T21:28:39+00:00\",\"description\":\"Pel\u00e9 enfim teve alta hospitalar e deixou o Hospital Albert Einstein, em S\u00e3o Paulo, no \u00faltimo s\u00e1bado (26). Ele seguia o tratamento\",\"inLanguage\":\"pt-BR\",\"potentialAction\":[{\"@type\":\"ReadAction\",\"target\":[\"https:\\\/\\\/redenoticiaz.com.br\\\/ribeiraopreto-regiao\\\/sp\\\/2022\\\/02\\\/28\\\/pele-recebe-alta-hospitalar-apos-tratar-de-uma-infeccao-urinaria\"]}]},{\"@type\":\"ImageObject\",\"inLanguage\":\"pt-BR\",\"@id\":\"https:\\\/\\\/redenoticiaz.com.br\\\/ribeiraopreto-regiao\\\/sp\\\/2022\\\/02\\\/28\\\/pele-recebe-alta-hospitalar-apos-tratar-de-uma-infeccao-urinaria#primaryimage\",\"url\":\"https:\\\/\\\/redenoticiaz.com.br\\\/ribeiraopreto-regiao\\\/wp-content\\\/uploads\\\/sites\\\/4\\\/2022\\\/02\\\/pelenota.jpg?v=1646083603\",\"contentUrl\":\"https:\\\/\\\/redenoticiaz.com.br\\\/ribeiraopreto-regiao\\\/wp-content\\\/uploads\\\/sites\\\/4\\\/2022\\\/02\\\/pelenota.jpg?v=1646083603\",\"width\":1000,\"height\":966,\"caption\":\"Pel\u00e9 garante que est\u00e1 bem e ainda brincou nas redes sociais. Cr\u00e9ditos: Reprodu\u00e7\u00e3o\\\/Redes Sociais.\"},{\"@type\":\"WebSite\",\"@id\":\"https:\\\/\\\/redenoticiaz.com.br\\\/ribeiraopreto-regiao\\\/#website\",\"url\":\"https:\\\/\\\/redenoticiaz.com.br\\\/ribeiraopreto-regiao\\\/\",\"name\":\"Ribeir\u00e3o Preto e Regi\u00e3o\",\"description\":\"Rede NoticiaZ - Ribeir\u00e3o Preto e regi\u00e3o\",\"publisher\":{\"@id\":\"https:\\\/\\\/redenoticiaz.com.br\\\/ribeiraopreto-regiao\\\/#organization\"},\"potentialAction\":[{\"@type\":\"SearchAction\",\"target\":{\"@type\":\"EntryPoint\",\"urlTemplate\":\"https:\\\/\\\/redenoticiaz.com.br\\\/ribeiraopreto-regiao\\\/?s={search_term_string}\"},\"query-input\":{\"@type\":\"PropertyValueSpecification\",\"valueRequired\":true,\"valueName\":\"search_term_string\"}}],\"inLanguage\":\"pt-BR\"},{\"@type\":\"Organization\",\"@id\":\"https:\\\/\\\/redenoticiaz.com.br\\\/ribeiraopreto-regiao\\\/#organization\",\"name\":\"Ribeir\u00e3o Preto e Regi\u00e3o\",\"url\":\"https:\\\/\\\/redenoticiaz.com.br\\\/ribeiraopreto-regiao\\\/\",\"logo\":{\"@type\":\"ImageObject\",\"inLanguage\":\"pt-BR\",\"@id\":\"https:\\\/\\\/redenoticiaz.com.br\\\/ribeiraopreto-regiao\\\/#\\\/schema\\\/logo\\\/image\\\/\",\"url\":\"https:\\\/\\\/redenoticiaz.com.br\\\/barretos-regiao\\\/wp-content\\\/uploads\\\/sites\\\/4\\\/2022\\\/02\\\/logo.jpg\",\"contentUrl\":\"https:\\\/\\\/redenoticiaz.com.br\\\/barretos-regiao\\\/wp-content\\\/uploads\\\/sites\\\/4\\\/2022\\\/02\\\/logo.jpg\",\"width\":400,\"height\":250,\"caption\":\"Ribeir\u00e3o Preto e Regi\u00e3o\"},\"image\":{\"@id\":\"https:\\\/\\\/redenoticiaz.com.br\\\/ribeiraopreto-regiao\\\/#\\\/schema\\\/logo\\\/image\\\/\"},\"sameAs\":[\"https:\\\/\\\/m.facebook.com\\\/redenoticiaz.barretos\",\"https:\\\/\\\/x.com\\\/RN_barretos\",\"https:\\\/\\\/www.instagram.com\\\/redenoticiaz.barretos\\\/?igshid=YmMyMTA2M2Y\",\"https:\\\/\\\/www.linkedin.com\\\/company\\\/rede-noticiaz-barretos-e-regio\\\/\"]},{\"@type\":\"Person\",\"@id\":\"https:\\\/\\\/redenoticiaz.com.br\\\/ribeiraopreto-regiao\\\/#\\\/schema\\\/person\\\/0f0b8a5bdafefe82841e07ae8d81ecb3\",\"name\":\"Leonardo Francisco\",\"image\":{\"@type\":\"ImageObject\",\"inLanguage\":\"pt-BR\",\"@id\":\"https:\\\/\\\/secure.gravatar.com\\\/avatar\\\/a7358cb406a99b682ec6df1e77e31ae82e63601f6784e8a3df411d72b37864da?s=96&d=mm&r=g\",\"url\":\"https:\\\/\\\/secure.gravatar.com\\\/avatar\\\/a7358cb406a99b682ec6df1e77e31ae82e63601f6784e8a3df411d72b37864da?s=96&d=mm&r=g\",\"contentUrl\":\"https:\\\/\\\/secure.gravatar.com\\\/avatar\\\/a7358cb406a99b682ec6df1e77e31ae82e63601f6784e8a3df411d72b37864da?s=96&d=mm&r=g\",\"caption\":\"Leonardo Francisco\"},\"url\":\"https:\\\/\\\/redenoticiaz.com.br\\\/ribeiraopreto-regiao\\\/sp\\\/author\\\/leonardo-francisco\"}]}<\/script>\n<!-- \/ Yoast SEO plugin. -->","yoast_head_json":{"title":"Pel\u00e9 recebe alta hospitalar ap\u00f3s tratar de uma infec\u00e7\u00e3o urin\u00e1ria - Ribeir\u00e3o Preto e Regi\u00e3o","description":"Pel\u00e9 enfim teve alta hospitalar e deixou o Hospital Albert Einstein, em S\u00e3o Paulo, no \u00faltimo s\u00e1bado (26). Ele seguia o tratamento","robots":{"index":"index","follow":"follow","max-snippet":"max-snippet:-1","max-image-preview":"max-image-preview:large","max-video-preview":"max-video-preview:-1"},"canonical":"https:\/\/redenoticiaz.com.br\/ribeiraopreto-regiao\/sp\/2022\/02\/28\/pele-recebe-alta-hospitalar-apos-tratar-de-uma-infeccao-urinaria","og_locale":"pt_BR","og_type":"article","og_title":"Pel\u00e9 recebe alta hospitalar ap\u00f3s tratar de uma infec\u00e7\u00e3o urin\u00e1ria - Ribeir\u00e3o Preto e Regi\u00e3o","og_description":"Pel\u00e9 enfim teve alta hospitalar e deixou o Hospital Albert Einstein, em S\u00e3o Paulo, no \u00faltimo s\u00e1bado (26). Ele seguia o tratamento","og_url":"https:\/\/redenoticiaz.com.br\/ribeiraopreto-regiao\/sp\/2022\/02\/28\/pele-recebe-alta-hospitalar-apos-tratar-de-uma-infeccao-urinaria","og_site_name":"Ribeir\u00e3o Preto e Regi\u00e3o","article_publisher":"https:\/\/m.facebook.com\/redenoticiaz.barretos","article_published_time":"2022-02-28T21:28:07+00:00","article_modified_time":"2022-02-28T21:28:39+00:00","og_image":[{"width":400,"height":250,"url":"https:\/\/redenoticiaz.com.br\/ribeiraopreto-regiao\/wp-content\/uploads\/sites\/4\/2022\/02\/logo.jpg","type":"image\/jpeg"}],"author":"Leonardo Francisco","twitter_card":"summary_large_image","twitter_creator":"@RN_barretos","twitter_site":"@RN_barretos","twitter_misc":{"Escrito por":"Leonardo Francisco","Est. tempo de leitura":"1 minuto"},"schema":{"@context":"https:\/\/schema.org","@graph":[{"@type":"Article","@id":"https:\/\/redenoticiaz.com.br\/ribeiraopreto-regiao\/sp\/2022\/02\/28\/pele-recebe-alta-hospitalar-apos-tratar-de-uma-infeccao-urinaria#article","isPartOf":{"@id":"https:\/\/redenoticiaz.com.br\/ribeiraopreto-regiao\/sp\/2022\/02\/28\/pele-recebe-alta-hospitalar-apos-tratar-de-uma-infeccao-urinaria"},"author":{"name":"Leonardo Francisco","@id":"https:\/\/redenoticiaz.com.br\/ribeiraopreto-regiao\/#\/schema\/person\/0f0b8a5bdafefe82841e07ae8d81ecb3"},"headline":"Pel\u00e9 recebe alta hospitalar ap\u00f3s tratar de uma infec\u00e7\u00e3o urin\u00e1ria","datePublished":"2022-02-28T21:28:07+00:00","dateModified":"2022-02-28T21:28:39+00:00","mainEntityOfPage":{"@id":"https:\/\/redenoticiaz.com.br\/ribeiraopreto-regiao\/sp\/2022\/02\/28\/pele-recebe-alta-hospitalar-apos-tratar-de-uma-infeccao-urinaria"},"wordCount":268,"commentCount":0,"publisher":{"@id":"https:\/\/redenoticiaz.com.br\/ribeiraopreto-regiao\/#organization"},"image":{"@id":"https:\/\/redenoticiaz.com.br\/ribeiraopreto-regiao\/sp\/2022\/02\/28\/pele-recebe-alta-hospitalar-apos-tratar-de-uma-infeccao-urinaria#primaryimage"},"thumbnailUrl":"https:\/\/redenoticiaz.com.br\/ribeiraopreto-regiao\/wp-content\/uploads\/sites\/4\/2022\/02\/pelenota.jpg?v=1646083603","keywords":["HOSPITAL ALBERT EINSTEIN","INFEC\u00c7\u00c3O URIN\u00c1RIA","PEL\u00c9","S\u00e3o Paulo"],"articleSection":["Esporte","Sa\u00fade"],"inLanguage":"pt-BR","potentialAction":[{"@type":"CommentAction","name":"Comment","target":["https:\/\/redenoticiaz.com.br\/ribeiraopreto-regiao\/sp\/2022\/02\/28\/pele-recebe-alta-hospitalar-apos-tratar-de-uma-infeccao-urinaria#respond"]}]},{"@type":"WebPage","@id":"https:\/\/redenoticiaz.com.br\/ribeiraopreto-regiao\/sp\/2022\/02\/28\/pele-recebe-alta-hospitalar-apos-tratar-de-uma-infeccao-urinaria","url":"https:\/\/redenoticiaz.com.br\/ribeiraopreto-regiao\/sp\/2022\/02\/28\/pele-recebe-alta-hospitalar-apos-tratar-de-uma-infeccao-urinaria","name":"Pel\u00e9 recebe alta hospitalar ap\u00f3s tratar de uma infec\u00e7\u00e3o urin\u00e1ria - Ribeir\u00e3o Preto e Regi\u00e3o","isPartOf":{"@id":"https:\/\/redenoticiaz.com.br\/ribeiraopreto-regiao\/#website"},"primaryImageOfPage":{"@id":"https:\/\/redenoticiaz.com.br\/ribeiraopreto-regiao\/sp\/2022\/02\/28\/pele-recebe-alta-hospitalar-apos-tratar-de-uma-infeccao-urinaria#primaryimage"},"image":{"@id":"https:\/\/redenoticiaz.com.br\/ribeiraopreto-regiao\/sp\/2022\/02\/28\/pele-recebe-alta-hospitalar-apos-tratar-de-uma-infeccao-urinaria#primaryimage"},"thumbnailUrl":"https:\/\/redenoticiaz.com.br\/ribeiraopreto-regiao\/wp-content\/uploads\/sites\/4\/2022\/02\/pelenota.jpg?v=1646083603","datePublished":"2022-02-28T21:28:07+00:00","dateModified":"2022-02-28T21:28:39+00:00","description":"Pel\u00e9 enfim teve alta hospitalar e deixou o Hospital Albert Einstein, em S\u00e3o Paulo, no \u00faltimo s\u00e1bado (26). Ele seguia o tratamento","inLanguage":"pt-BR","potentialAction":[{"@type":"ReadAction","target":["https:\/\/redenoticiaz.com.br\/ribeiraopreto-regiao\/sp\/2022\/02\/28\/pele-recebe-alta-hospitalar-apos-tratar-de-uma-infeccao-urinaria"]}]},{"@type":"ImageObject","inLanguage":"pt-BR","@id":"https:\/\/redenoticiaz.com.br\/ribeiraopreto-regiao\/sp\/2022\/02\/28\/pele-recebe-alta-hospitalar-apos-tratar-de-uma-infeccao-urinaria#primaryimage","url":"https:\/\/redenoticiaz.com.br\/ribeiraopreto-regiao\/wp-content\/uploads\/sites\/4\/2022\/02\/pelenota.jpg?v=1646083603","contentUrl":"https:\/\/redenoticiaz.com.br\/ribeiraopreto-regiao\/wp-content\/uploads\/sites\/4\/2022\/02\/pelenota.jpg?v=1646083603","width":1000,"height":966,"caption":"Pel\u00e9 garante que est\u00e1 bem e ainda brincou nas redes sociais. Cr\u00e9ditos: Reprodu\u00e7\u00e3o\/Redes Sociais."},{"@type":"WebSite","@id":"https:\/\/redenoticiaz.com.br\/ribeiraopreto-regiao\/#website","url":"https:\/\/redenoticiaz.com.br\/ribeiraopreto-regiao\/","name":"Ribeir\u00e3o Preto e Regi\u00e3o","description":"Rede NoticiaZ - Ribeir\u00e3o Preto e regi\u00e3o","publisher":{"@id":"https:\/\/redenoticiaz.com.br\/ribeiraopreto-regiao\/#organization"},"potentialAction":[{"@type":"SearchAction","target":{"@type":"EntryPoint","urlTemplate":"https:\/\/redenoticiaz.com.br\/ribeiraopreto-regiao\/?s={search_term_string}"},"query-input":{"@type":"PropertyValueSpecification","valueRequired":true,"valueName":"search_term_string"}}],"inLanguage":"pt-BR"},{"@type":"Organization","@id":"https:\/\/redenoticiaz.com.br\/ribeiraopreto-regiao\/#organization","name":"Ribeir\u00e3o Preto e Regi\u00e3o","url":"https:\/\/redenoticiaz.com.br\/ribeiraopreto-regiao\/","logo":{"@type":"ImageObject","inLanguage":"pt-BR","@id":"https:\/\/redenoticiaz.com.br\/ribeiraopreto-regiao\/#\/schema\/logo\/image\/","url":"https:\/\/redenoticiaz.com.br\/barretos-regiao\/wp-content\/uploads\/sites\/4\/2022\/02\/logo.jpg","contentUrl":"https:\/\/redenoticiaz.com.br\/barretos-regiao\/wp-content\/uploads\/sites\/4\/2022\/02\/logo.jpg","width":400,"height":250,"caption":"Ribeir\u00e3o Preto e Regi\u00e3o"},"image":{"@id":"https:\/\/redenoticiaz.com.br\/ribeiraopreto-regiao\/#\/schema\/logo\/image\/"},"sameAs":["https:\/\/m.facebook.com\/redenoticiaz.barretos","https:\/\/x.com\/RN_barretos","https:\/\/www.instagram.com\/redenoticiaz.barretos\/?igshid=YmMyMTA2M2Y","https:\/\/www.linkedin.com\/company\/rede-noticiaz-barretos-e-regio\/"]},{"@type":"Person","@id":"https:\/\/redenoticiaz.com.br\/ribeiraopreto-regiao\/#\/schema\/person\/0f0b8a5bdafefe82841e07ae8d81ecb3","name":"Leonardo Francisco","image":{"@type":"ImageObject","inLanguage":"pt-BR","@id":"https:\/\/secure.gravatar.com\/avatar\/a7358cb406a99b682ec6df1e77e31ae82e63601f6784e8a3df411d72b37864da?s=96&d=mm&r=g","url":"https:\/\/secure.gravatar.com\/avatar\/a7358cb406a99b682ec6df1e77e31ae82e63601f6784e8a3df411d72b37864da?s=96&d=mm&r=g","contentUrl":"https:\/\/secure.gravatar.com\/avatar\/a7358cb406a99b682ec6df1e77e31ae82e63601f6784e8a3df411d72b37864da?s=96&d=mm&r=g","caption":"Leonardo Francisco"},"url":"https:\/\/redenoticiaz.com.br\/ribeiraopreto-regiao\/sp\/author\/leonardo-francisco"}]}},"_links":{"self":[{"href":"https:\/\/redenoticiaz.com.br\/ribeiraopreto-regiao\/wp-json\/wp\/v2\/posts\/197","targetHints":{"allow":["GET"]}}],"collection":[{"href":"https:\/\/redenoticiaz.com.br\/ribeiraopreto-regiao\/wp-json\/wp\/v2\/posts"}],"about":[{"href":"https:\/\/redenoticiaz.com.br\/ribeiraopreto-regiao\/wp-json\/wp\/v2\/types\/post"}],"author":[{"embeddable":true,"href":"https:\/\/redenoticiaz.com.br\/ribeiraopreto-regiao\/wp-json\/wp\/v2\/users\/6"}],"replies":[{"embeddable":true,"href":"https:\/\/redenoticiaz.com.br\/ribeiraopreto-regiao\/wp-json\/wp\/v2\/comments?post=197"}],"version-history":[{"count":0,"href":"https:\/\/redenoticiaz.com.br\/ribeiraopreto-regiao\/wp-json\/wp\/v2\/posts\/197\/revisions"}],"wp:featuredmedia":[{"embeddable":true,"href":"https:\/\/redenoticiaz.com.br\/ribeiraopreto-regiao\/wp-json\/wp\/v2\/media\/198"}],"wp:attachment":[{"href":"https:\/\/redenoticiaz.com.br\/ribeiraopreto-regiao\/wp-json\/wp\/v2\/media?parent=197"}],"wp:term":[{"taxonomy":"category","embeddable":true,"href":"https:\/\/redenoticiaz.com.br\/ribeiraopreto-regiao\/wp-json\/wp\/v2\/categories?post=197"},{"taxonomy":"post_tag","embeddable":true,"href":"https:\/\/redenoticiaz.com.br\/ribeiraopreto-regiao\/wp-json\/wp\/v2\/tags?post=197"}],"curies":[{"name":"wp","href":"https:\/\/api.w.org\/{rel}","templated":true}]}}