{"id":1980,"date":"2022-04-09T09:00:12","date_gmt":"2022-04-09T12:00:12","guid":{"rendered":"https:\/\/redenoticiaz.com.br\/barretos-regiao\/?p=1980"},"modified":"2022-04-04T18:33:46","modified_gmt":"2022-04-04T21:33:46","slug":"canta-curumim-banda-especializada-em-musicas-infantis","status":"publish","type":"post","link":"https:\/\/redenoticiaz.com.br\/ribeiraopreto-regiao\/sp\/2022\/04\/09\/canta-curumim-banda-especializada-em-musicas-infantis","title":{"rendered":"Canta Curumim: Banda especializada em m\u00fasicas infantis"},"content":{"rendered":"<p>Canta Curumim \u00e9 uma banda de Americana (SP), idealizada pelo arte-educador, <strong>Sandro Livahck<\/strong>, com\u00a0 14 anos de experi\u00eancia lecionando em diversas escolas. Decidiu trazer o l\u00fadico em suas aulas. Com isso, uma escola patrocinou o primeiro CD da banda, que visa o resgate a identidade cultural.<\/p>\n<p>Um show brincante, que entrega mais de 7 tipos de projetos envolvendo as escolas, exemplos, alfabeto e palavras, m\u00fasica e coordena\u00e7\u00e3o, inicia\u00e7\u00e3o ao ingl\u00eas, animais e caracter\u00edsticas, amizade e respeito, show paradid\u00e1tico, show para fam\u00edlia (desenvolvendo brincadeiras em grupos para pai e filhos), show que mistura m\u00fasica com teatro, al\u00e9m de lendas e parlendas.<\/p>\n<figure id=\"attachment_1982\" aria-describedby=\"caption-attachment-1982\" style=\"width: 300px\" class=\"wp-caption alignleft\"><img loading=\"lazy\" decoding=\"async\" class=\"size-medium wp-image-1982\" src=\"https:\/\/redenoticiaz.com.br\/barretos-regiao\/wp-content\/uploads\/sites\/4\/2022\/04\/captura-de-tela-83-300x202.png\" alt=\"Canta Curumim\" width=\"300\" height=\"202\" srcset=\"https:\/\/redenoticiaz.com.br\/ribeiraopreto-regiao\/wp-content\/uploads\/sites\/4\/2022\/04\/captura-de-tela-83-300x202.png 300w, https:\/\/redenoticiaz.com.br\/ribeiraopreto-regiao\/wp-content\/uploads\/sites\/4\/2022\/04\/captura-de-tela-83.png 558w\" sizes=\"auto, (max-width: 300px) 100vw, 300px\" \/><figcaption id=\"caption-attachment-1982\" class=\"wp-caption-text\">Canta Curumim. Foto: Instagram<\/figcaption><\/figure>\n<p>O trabalho da banda chegou a atingir, 100 shows por ano, antes da pandemia da covid-19. No entanto, as apresenta\u00e7\u00f5es s\u00e3o realizadas em escolas, SESC, teatros, eventos corporativos, col\u00f4nia de f\u00e9rias.\u00a0 A banda que tem, tanto a vers\u00e3o compacta, onde Sandro faz um trabalho solo no palco, at\u00e9 a vers\u00e3o banda completa, onde se apresentam, voz, metal, baixo e bateria. As can\u00e7\u00f5es s\u00e3o de composi\u00e7\u00e3o do arte-educador e adapta\u00e7\u00f5es tamb\u00e9m feita por ele, como as brincadeiras musicais.<\/p>\n<p>Atualmente, a banda tem sete CDs, onde acompanha um livro de atividades no lugar do encarte. Nesse sentido, as atividades s\u00e3o referente as can\u00e7\u00f5es, estimulando o desenvolvimento das crian\u00e7as. Posteriormente, ser\u00e1 lan\u00e7ado um, app com as can\u00e7\u00f5es da banda.<\/p>\n<h4>A adapta\u00e7\u00e3o no Show permite que as brincadeiras sejam para todos<\/h4>\n<p>Al\u00e9m disso, o show \u00e9 sempre adapt\u00e1vel, como conta o\u00a0 idealizador sobre a experi\u00eancia que viveu em uma de suas apresenta\u00e7\u00f5es, &#8220;j\u00e1 aconteceu de uma crian\u00e7a do aspecto autista subir no palco, isso \u00e9 importante, pois eles se sentem a vontade em ficar mais pr\u00f3ximos. Uma crian\u00e7a com autismo tem maior sensibilidade ao som, por\u00e9m, a recep\u00e7\u00e3o durante o show sempre \u00e9 muito calorosa.&#8221;<\/p>\n<p>Logo depois, Sandro completa &#8220;\u00e9 importante saber se durante o show ter\u00e1 alguma crian\u00e7a com defici\u00eancia, como um cadeirante, por exemplo, gosto de adaptar os movimentos para que todos possam participar.&#8221;<\/p>\n<p>Nesse sentido, a adapta\u00e7\u00e3o tamb\u00e9m ocorreu com a pandemia. A banda, que recebeu o apoio da <strong>Lei Aldir Blanc<\/strong> (Lei que apoia ao setor cultural), permitiu atrav\u00e9s do benef\u00edcio, realizar dez lives para distribui\u00e7\u00e3o nas escolas.<\/p>\n<p>Para conhecer mais sobre o projeto da banda Canta Curumim, acesse a Instagram\u00a0<a href=\"https:\/\/www.instagram.com\/cantacurumim\/\">https:\/\/www.instagram.com\/cantacurumim\/<\/a>\u00a0 ou assista aos v\u00eddeos no YouTube\u00a0<a href=\"https:\/\/www.youtube.com\/channel\/UC-D9vc8T8vWRaCH63gDXBtQ\">https:\/\/www.youtube.com\/channel\/UC-D9vc8T8vWRaCH63gDXBtQ<\/a><\/p>\n<p>LEIAM TAMB\u00c9M:\u00a0<a href=\"https:\/\/redenoticiaz.com.br\/barretos-regiao\/sp\/2022\/03\/26\/gramaticanto-conheca-o-projeto-a-auxilia-criancas-no-desenvolvimento-da-lingua-portuguesa\">Gramaticanto: conhe\u00e7a o projeto que auxilia crian\u00e7as no desenvolvimento da l\u00edngua portuguesa<\/a><\/p>\n<p>&nbsp;<\/p>\n<p>&nbsp;<\/p>\n<p>&nbsp;<\/p>\n","protected":false},"excerpt":{"rendered":"<p>Canta Curumim \u00e9 uma banda de Americana (SP), idealizada pelo arte-educador, Sandro Livahck, com\u00a0 14 anos de experi\u00eancia lecionando em diversas escolas. Decidiu trazer o l\u00fadico em suas aulas. Com isso, uma escola patrocinou o primeiro CD da banda, que visa o resgate a identidade cultural. Um show brincante, que entrega mais de 7 tipos &hellip;<\/p>\n","protected":false},"author":15,"featured_media":1981,"comment_status":"open","ping_status":"closed","sticky":false,"template":"","format":"standard","meta":{"footnotes":""},"categories":[815],"tags":[8441,8440,2115,8442,664,8443],"class_list":["post-1980","post","type-post","status-publish","format-standard","has-post-thumbnail","hentry","category-cultura-e-musica","tag-brincadeiras","tag-canta-curumim","tag-criancas","tag-musica","tag-show","tag-teatro"],"yoast_head":"<!-- This site is optimized with the Yoast SEO plugin v27.4 - https:\/\/yoast.com\/product\/yoast-seo-wordpress\/ -->\n<title>Canta Curumim: Banda especializada em m\u00fasicas infantis - Ribeir\u00e3o Preto e Regi\u00e3o<\/title>\n<meta name=\"description\" content=\"Canta Curumim \u00e9 uma banda de Americana (SP), idealizada pelo arte-educador, Sandro Livahck, com 14 anos de experi\u00eancia lecionando em diversas escolas.\" \/>\n<meta name=\"robots\" content=\"index, follow, max-snippet:-1, max-image-preview:large, max-video-preview:-1\" \/>\n<link rel=\"canonical\" href=\"https:\/\/redenoticiaz.com.br\/ribeiraopreto-regiao\/sp\/2022\/04\/09\/canta-curumim-banda-especializada-em-musicas-infantis\" \/>\n<meta property=\"og:locale\" content=\"pt_BR\" \/>\n<meta property=\"og:type\" content=\"article\" \/>\n<meta property=\"og:title\" content=\"Canta Curumim: Banda especializada em m\u00fasicas infantis - Ribeir\u00e3o Preto e Regi\u00e3o\" \/>\n<meta property=\"og:description\" content=\"Canta Curumim \u00e9 uma banda de Americana (SP), idealizada pelo arte-educador, Sandro Livahck, com 14 anos de experi\u00eancia lecionando em diversas escolas.\" \/>\n<meta property=\"og:url\" content=\"https:\/\/redenoticiaz.com.br\/ribeiraopreto-regiao\/sp\/2022\/04\/09\/canta-curumim-banda-especializada-em-musicas-infantis\" \/>\n<meta property=\"og:site_name\" content=\"Ribeir\u00e3o Preto e Regi\u00e3o\" \/>\n<meta property=\"article:publisher\" content=\"https:\/\/m.facebook.com\/redenoticiaz.barretos\" \/>\n<meta property=\"article:published_time\" content=\"2022-04-09T12:00:12+00:00\" \/>\n<meta property=\"og:image\" content=\"https:\/\/redenoticiaz.com.br\/ribeiraopreto-regiao\/wp-content\/uploads\/sites\/4\/2022\/04\/whatsapp-image-2022-04-01-at-11-21-35.jpeg\" \/>\n\t<meta property=\"og:image:width\" content=\"1600\" \/>\n\t<meta property=\"og:image:height\" content=\"1067\" \/>\n\t<meta property=\"og:image:type\" content=\"image\/jpeg\" \/>\n<meta name=\"twitter:card\" content=\"summary_large_image\" \/>\n<meta name=\"twitter:creator\" content=\"@RN_barretos\" \/>\n<meta name=\"twitter:site\" content=\"@RN_barretos\" \/>\n<meta name=\"twitter:label1\" content=\"Escrito por\" \/>\n\t<meta name=\"twitter:data1\" content=\"\" \/>\n\t<meta name=\"twitter:label2\" content=\"Est. tempo de leitura\" \/>\n\t<meta name=\"twitter:data2\" content=\"2 minutos\" \/>\n<script type=\"application\/ld+json\" class=\"yoast-schema-graph\">{\"@context\":\"https:\\\/\\\/schema.org\",\"@graph\":[{\"@type\":\"Article\",\"@id\":\"https:\\\/\\\/redenoticiaz.com.br\\\/ribeiraopreto-regiao\\\/sp\\\/2022\\\/04\\\/09\\\/canta-curumim-banda-especializada-em-musicas-infantis#article\",\"isPartOf\":{\"@id\":\"https:\\\/\\\/redenoticiaz.com.br\\\/ribeiraopreto-regiao\\\/sp\\\/2022\\\/04\\\/09\\\/canta-curumim-banda-especializada-em-musicas-infantis\"},\"author\":{\"name\":\"\",\"@id\":\"\"},\"headline\":\"Canta Curumim: Banda especializada em m\u00fasicas infantis\",\"datePublished\":\"2022-04-09T12:00:12+00:00\",\"mainEntityOfPage\":{\"@id\":\"https:\\\/\\\/redenoticiaz.com.br\\\/ribeiraopreto-regiao\\\/sp\\\/2022\\\/04\\\/09\\\/canta-curumim-banda-especializada-em-musicas-infantis\"},\"wordCount\":469,\"commentCount\":0,\"publisher\":{\"@id\":\"https:\\\/\\\/redenoticiaz.com.br\\\/ribeiraopreto-regiao\\\/#organization\"},\"image\":{\"@id\":\"https:\\\/\\\/redenoticiaz.com.br\\\/ribeiraopreto-regiao\\\/sp\\\/2022\\\/04\\\/09\\\/canta-curumim-banda-especializada-em-musicas-infantis#primaryimage\"},\"thumbnailUrl\":\"https:\\\/\\\/redenoticiaz.com.br\\\/ribeiraopreto-regiao\\\/wp-content\\\/uploads\\\/sites\\\/4\\\/2022\\\/04\\\/whatsapp-image-2022-04-01-at-11-21-35.jpeg\",\"keywords\":[\"BRINCADEIRAS\",\"CANTA CURUMIM\",\"Crian\u00e7as\",\"M\u00daSICA\",\"SHOW\",\"TEATRO\"],\"articleSection\":[\"Cultura e M\u00fasica\"],\"inLanguage\":\"pt-BR\",\"potentialAction\":[{\"@type\":\"CommentAction\",\"name\":\"Comment\",\"target\":[\"https:\\\/\\\/redenoticiaz.com.br\\\/ribeiraopreto-regiao\\\/sp\\\/2022\\\/04\\\/09\\\/canta-curumim-banda-especializada-em-musicas-infantis#respond\"]}]},{\"@type\":\"WebPage\",\"@id\":\"https:\\\/\\\/redenoticiaz.com.br\\\/ribeiraopreto-regiao\\\/sp\\\/2022\\\/04\\\/09\\\/canta-curumim-banda-especializada-em-musicas-infantis\",\"url\":\"https:\\\/\\\/redenoticiaz.com.br\\\/ribeiraopreto-regiao\\\/sp\\\/2022\\\/04\\\/09\\\/canta-curumim-banda-especializada-em-musicas-infantis\",\"name\":\"Canta Curumim: Banda especializada em m\u00fasicas infantis - Ribeir\u00e3o Preto e Regi\u00e3o\",\"isPartOf\":{\"@id\":\"https:\\\/\\\/redenoticiaz.com.br\\\/ribeiraopreto-regiao\\\/#website\"},\"primaryImageOfPage\":{\"@id\":\"https:\\\/\\\/redenoticiaz.com.br\\\/ribeiraopreto-regiao\\\/sp\\\/2022\\\/04\\\/09\\\/canta-curumim-banda-especializada-em-musicas-infantis#primaryimage\"},\"image\":{\"@id\":\"https:\\\/\\\/redenoticiaz.com.br\\\/ribeiraopreto-regiao\\\/sp\\\/2022\\\/04\\\/09\\\/canta-curumim-banda-especializada-em-musicas-infantis#primaryimage\"},\"thumbnailUrl\":\"https:\\\/\\\/redenoticiaz.com.br\\\/ribeiraopreto-regiao\\\/wp-content\\\/uploads\\\/sites\\\/4\\\/2022\\\/04\\\/whatsapp-image-2022-04-01-at-11-21-35.jpeg\",\"datePublished\":\"2022-04-09T12:00:12+00:00\",\"description\":\"Canta Curumim \u00e9 uma banda de Americana (SP), idealizada pelo arte-educador, Sandro Livahck, com 14 anos de experi\u00eancia lecionando em diversas escolas.\",\"inLanguage\":\"pt-BR\",\"potentialAction\":[{\"@type\":\"ReadAction\",\"target\":[\"https:\\\/\\\/redenoticiaz.com.br\\\/ribeiraopreto-regiao\\\/sp\\\/2022\\\/04\\\/09\\\/canta-curumim-banda-especializada-em-musicas-infantis\"]}]},{\"@type\":\"ImageObject\",\"inLanguage\":\"pt-BR\",\"@id\":\"https:\\\/\\\/redenoticiaz.com.br\\\/ribeiraopreto-regiao\\\/sp\\\/2022\\\/04\\\/09\\\/canta-curumim-banda-especializada-em-musicas-infantis#primaryimage\",\"url\":\"https:\\\/\\\/redenoticiaz.com.br\\\/ribeiraopreto-regiao\\\/wp-content\\\/uploads\\\/sites\\\/4\\\/2022\\\/04\\\/whatsapp-image-2022-04-01-at-11-21-35.jpeg\",\"contentUrl\":\"https:\\\/\\\/redenoticiaz.com.br\\\/ribeiraopreto-regiao\\\/wp-content\\\/uploads\\\/sites\\\/4\\\/2022\\\/04\\\/whatsapp-image-2022-04-01-at-11-21-35.jpeg\",\"width\":1600,\"height\":1067,\"caption\":\"Canta Curumim. Foto: Reprodu\u00e7\u00e3o\"},{\"@type\":\"WebSite\",\"@id\":\"https:\\\/\\\/redenoticiaz.com.br\\\/ribeiraopreto-regiao\\\/#website\",\"url\":\"https:\\\/\\\/redenoticiaz.com.br\\\/ribeiraopreto-regiao\\\/\",\"name\":\"Ribeir\u00e3o Preto e Regi\u00e3o\",\"description\":\"Rede NoticiaZ - Ribeir\u00e3o Preto e regi\u00e3o\",\"publisher\":{\"@id\":\"https:\\\/\\\/redenoticiaz.com.br\\\/ribeiraopreto-regiao\\\/#organization\"},\"potentialAction\":[{\"@type\":\"SearchAction\",\"target\":{\"@type\":\"EntryPoint\",\"urlTemplate\":\"https:\\\/\\\/redenoticiaz.com.br\\\/ribeiraopreto-regiao\\\/?s={search_term_string}\"},\"query-input\":{\"@type\":\"PropertyValueSpecification\",\"valueRequired\":true,\"valueName\":\"search_term_string\"}}],\"inLanguage\":\"pt-BR\"},{\"@type\":\"Organization\",\"@id\":\"https:\\\/\\\/redenoticiaz.com.br\\\/ribeiraopreto-regiao\\\/#organization\",\"name\":\"Ribeir\u00e3o Preto e Regi\u00e3o\",\"url\":\"https:\\\/\\\/redenoticiaz.com.br\\\/ribeiraopreto-regiao\\\/\",\"logo\":{\"@type\":\"ImageObject\",\"inLanguage\":\"pt-BR\",\"@id\":\"https:\\\/\\\/redenoticiaz.com.br\\\/ribeiraopreto-regiao\\\/#\\\/schema\\\/logo\\\/image\\\/\",\"url\":\"https:\\\/\\\/redenoticiaz.com.br\\\/barretos-regiao\\\/wp-content\\\/uploads\\\/sites\\\/4\\\/2022\\\/02\\\/logo.jpg\",\"contentUrl\":\"https:\\\/\\\/redenoticiaz.com.br\\\/barretos-regiao\\\/wp-content\\\/uploads\\\/sites\\\/4\\\/2022\\\/02\\\/logo.jpg\",\"width\":400,\"height\":250,\"caption\":\"Ribeir\u00e3o Preto e Regi\u00e3o\"},\"image\":{\"@id\":\"https:\\\/\\\/redenoticiaz.com.br\\\/ribeiraopreto-regiao\\\/#\\\/schema\\\/logo\\\/image\\\/\"},\"sameAs\":[\"https:\\\/\\\/m.facebook.com\\\/redenoticiaz.barretos\",\"https:\\\/\\\/x.com\\\/RN_barretos\",\"https:\\\/\\\/www.instagram.com\\\/redenoticiaz.barretos\\\/?igshid=YmMyMTA2M2Y\",\"https:\\\/\\\/www.linkedin.com\\\/company\\\/rede-noticiaz-barretos-e-regio\\\/\"]},{\"@type\":\"Person\",\"@id\":\"\",\"url\":\"https:\\\/\\\/redenoticiaz.com.br\\\/ribeiraopreto-regiao\\\/sp\\\/author\"}]}<\/script>\n<!-- \/ Yoast SEO plugin. -->","yoast_head_json":{"title":"Canta Curumim: Banda especializada em m\u00fasicas infantis - Ribeir\u00e3o Preto e Regi\u00e3o","description":"Canta Curumim \u00e9 uma banda de Americana (SP), idealizada pelo arte-educador, Sandro Livahck, com 14 anos de experi\u00eancia lecionando em diversas escolas.","robots":{"index":"index","follow":"follow","max-snippet":"max-snippet:-1","max-image-preview":"max-image-preview:large","max-video-preview":"max-video-preview:-1"},"canonical":"https:\/\/redenoticiaz.com.br\/ribeiraopreto-regiao\/sp\/2022\/04\/09\/canta-curumim-banda-especializada-em-musicas-infantis","og_locale":"pt_BR","og_type":"article","og_title":"Canta Curumim: Banda especializada em m\u00fasicas infantis - Ribeir\u00e3o Preto e Regi\u00e3o","og_description":"Canta Curumim \u00e9 uma banda de Americana (SP), idealizada pelo arte-educador, Sandro Livahck, com 14 anos de experi\u00eancia lecionando em diversas escolas.","og_url":"https:\/\/redenoticiaz.com.br\/ribeiraopreto-regiao\/sp\/2022\/04\/09\/canta-curumim-banda-especializada-em-musicas-infantis","og_site_name":"Ribeir\u00e3o Preto e Regi\u00e3o","article_publisher":"https:\/\/m.facebook.com\/redenoticiaz.barretos","article_published_time":"2022-04-09T12:00:12+00:00","og_image":[{"width":1600,"height":1067,"url":"https:\/\/redenoticiaz.com.br\/ribeiraopreto-regiao\/wp-content\/uploads\/sites\/4\/2022\/04\/whatsapp-image-2022-04-01-at-11-21-35.jpeg","type":"image\/jpeg"}],"twitter_card":"summary_large_image","twitter_creator":"@RN_barretos","twitter_site":"@RN_barretos","twitter_misc":{"Escrito por":"","Est. tempo de leitura":"2 minutos"},"schema":{"@context":"https:\/\/schema.org","@graph":[{"@type":"Article","@id":"https:\/\/redenoticiaz.com.br\/ribeiraopreto-regiao\/sp\/2022\/04\/09\/canta-curumim-banda-especializada-em-musicas-infantis#article","isPartOf":{"@id":"https:\/\/redenoticiaz.com.br\/ribeiraopreto-regiao\/sp\/2022\/04\/09\/canta-curumim-banda-especializada-em-musicas-infantis"},"author":{"name":"","@id":""},"headline":"Canta Curumim: Banda especializada em m\u00fasicas infantis","datePublished":"2022-04-09T12:00:12+00:00","mainEntityOfPage":{"@id":"https:\/\/redenoticiaz.com.br\/ribeiraopreto-regiao\/sp\/2022\/04\/09\/canta-curumim-banda-especializada-em-musicas-infantis"},"wordCount":469,"commentCount":0,"publisher":{"@id":"https:\/\/redenoticiaz.com.br\/ribeiraopreto-regiao\/#organization"},"image":{"@id":"https:\/\/redenoticiaz.com.br\/ribeiraopreto-regiao\/sp\/2022\/04\/09\/canta-curumim-banda-especializada-em-musicas-infantis#primaryimage"},"thumbnailUrl":"https:\/\/redenoticiaz.com.br\/ribeiraopreto-regiao\/wp-content\/uploads\/sites\/4\/2022\/04\/whatsapp-image-2022-04-01-at-11-21-35.jpeg","keywords":["BRINCADEIRAS","CANTA CURUMIM","Crian\u00e7as","M\u00daSICA","SHOW","TEATRO"],"articleSection":["Cultura e M\u00fasica"],"inLanguage":"pt-BR","potentialAction":[{"@type":"CommentAction","name":"Comment","target":["https:\/\/redenoticiaz.com.br\/ribeiraopreto-regiao\/sp\/2022\/04\/09\/canta-curumim-banda-especializada-em-musicas-infantis#respond"]}]},{"@type":"WebPage","@id":"https:\/\/redenoticiaz.com.br\/ribeiraopreto-regiao\/sp\/2022\/04\/09\/canta-curumim-banda-especializada-em-musicas-infantis","url":"https:\/\/redenoticiaz.com.br\/ribeiraopreto-regiao\/sp\/2022\/04\/09\/canta-curumim-banda-especializada-em-musicas-infantis","name":"Canta Curumim: Banda especializada em m\u00fasicas infantis - Ribeir\u00e3o Preto e Regi\u00e3o","isPartOf":{"@id":"https:\/\/redenoticiaz.com.br\/ribeiraopreto-regiao\/#website"},"primaryImageOfPage":{"@id":"https:\/\/redenoticiaz.com.br\/ribeiraopreto-regiao\/sp\/2022\/04\/09\/canta-curumim-banda-especializada-em-musicas-infantis#primaryimage"},"image":{"@id":"https:\/\/redenoticiaz.com.br\/ribeiraopreto-regiao\/sp\/2022\/04\/09\/canta-curumim-banda-especializada-em-musicas-infantis#primaryimage"},"thumbnailUrl":"https:\/\/redenoticiaz.com.br\/ribeiraopreto-regiao\/wp-content\/uploads\/sites\/4\/2022\/04\/whatsapp-image-2022-04-01-at-11-21-35.jpeg","datePublished":"2022-04-09T12:00:12+00:00","description":"Canta Curumim \u00e9 uma banda de Americana (SP), idealizada pelo arte-educador, Sandro Livahck, com 14 anos de experi\u00eancia lecionando em diversas escolas.","inLanguage":"pt-BR","potentialAction":[{"@type":"ReadAction","target":["https:\/\/redenoticiaz.com.br\/ribeiraopreto-regiao\/sp\/2022\/04\/09\/canta-curumim-banda-especializada-em-musicas-infantis"]}]},{"@type":"ImageObject","inLanguage":"pt-BR","@id":"https:\/\/redenoticiaz.com.br\/ribeiraopreto-regiao\/sp\/2022\/04\/09\/canta-curumim-banda-especializada-em-musicas-infantis#primaryimage","url":"https:\/\/redenoticiaz.com.br\/ribeiraopreto-regiao\/wp-content\/uploads\/sites\/4\/2022\/04\/whatsapp-image-2022-04-01-at-11-21-35.jpeg","contentUrl":"https:\/\/redenoticiaz.com.br\/ribeiraopreto-regiao\/wp-content\/uploads\/sites\/4\/2022\/04\/whatsapp-image-2022-04-01-at-11-21-35.jpeg","width":1600,"height":1067,"caption":"Canta Curumim. Foto: Reprodu\u00e7\u00e3o"},{"@type":"WebSite","@id":"https:\/\/redenoticiaz.com.br\/ribeiraopreto-regiao\/#website","url":"https:\/\/redenoticiaz.com.br\/ribeiraopreto-regiao\/","name":"Ribeir\u00e3o Preto e Regi\u00e3o","description":"Rede NoticiaZ - Ribeir\u00e3o Preto e regi\u00e3o","publisher":{"@id":"https:\/\/redenoticiaz.com.br\/ribeiraopreto-regiao\/#organization"},"potentialAction":[{"@type":"SearchAction","target":{"@type":"EntryPoint","urlTemplate":"https:\/\/redenoticiaz.com.br\/ribeiraopreto-regiao\/?s={search_term_string}"},"query-input":{"@type":"PropertyValueSpecification","valueRequired":true,"valueName":"search_term_string"}}],"inLanguage":"pt-BR"},{"@type":"Organization","@id":"https:\/\/redenoticiaz.com.br\/ribeiraopreto-regiao\/#organization","name":"Ribeir\u00e3o Preto e Regi\u00e3o","url":"https:\/\/redenoticiaz.com.br\/ribeiraopreto-regiao\/","logo":{"@type":"ImageObject","inLanguage":"pt-BR","@id":"https:\/\/redenoticiaz.com.br\/ribeiraopreto-regiao\/#\/schema\/logo\/image\/","url":"https:\/\/redenoticiaz.com.br\/barretos-regiao\/wp-content\/uploads\/sites\/4\/2022\/02\/logo.jpg","contentUrl":"https:\/\/redenoticiaz.com.br\/barretos-regiao\/wp-content\/uploads\/sites\/4\/2022\/02\/logo.jpg","width":400,"height":250,"caption":"Ribeir\u00e3o Preto e Regi\u00e3o"},"image":{"@id":"https:\/\/redenoticiaz.com.br\/ribeiraopreto-regiao\/#\/schema\/logo\/image\/"},"sameAs":["https:\/\/m.facebook.com\/redenoticiaz.barretos","https:\/\/x.com\/RN_barretos","https:\/\/www.instagram.com\/redenoticiaz.barretos\/?igshid=YmMyMTA2M2Y","https:\/\/www.linkedin.com\/company\/rede-noticiaz-barretos-e-regio\/"]},{"@type":"Person","@id":"","url":"https:\/\/redenoticiaz.com.br\/ribeiraopreto-regiao\/sp\/author"}]}},"_links":{"self":[{"href":"https:\/\/redenoticiaz.com.br\/ribeiraopreto-regiao\/wp-json\/wp\/v2\/posts\/1980","targetHints":{"allow":["GET"]}}],"collection":[{"href":"https:\/\/redenoticiaz.com.br\/ribeiraopreto-regiao\/wp-json\/wp\/v2\/posts"}],"about":[{"href":"https:\/\/redenoticiaz.com.br\/ribeiraopreto-regiao\/wp-json\/wp\/v2\/types\/post"}],"author":[{"embeddable":true,"href":"https:\/\/redenoticiaz.com.br\/ribeiraopreto-regiao\/wp-json\/wp\/v2\/users\/15"}],"replies":[{"embeddable":true,"href":"https:\/\/redenoticiaz.com.br\/ribeiraopreto-regiao\/wp-json\/wp\/v2\/comments?post=1980"}],"version-history":[{"count":1,"href":"https:\/\/redenoticiaz.com.br\/ribeiraopreto-regiao\/wp-json\/wp\/v2\/posts\/1980\/revisions"}],"predecessor-version":[{"id":1983,"href":"https:\/\/redenoticiaz.com.br\/ribeiraopreto-regiao\/wp-json\/wp\/v2\/posts\/1980\/revisions\/1983"}],"wp:featuredmedia":[{"embeddable":true,"href":"https:\/\/redenoticiaz.com.br\/ribeiraopreto-regiao\/wp-json\/wp\/v2\/media\/1981"}],"wp:attachment":[{"href":"https:\/\/redenoticiaz.com.br\/ribeiraopreto-regiao\/wp-json\/wp\/v2\/media?parent=1980"}],"wp:term":[{"taxonomy":"category","embeddable":true,"href":"https:\/\/redenoticiaz.com.br\/ribeiraopreto-regiao\/wp-json\/wp\/v2\/categories?post=1980"},{"taxonomy":"post_tag","embeddable":true,"href":"https:\/\/redenoticiaz.com.br\/ribeiraopreto-regiao\/wp-json\/wp\/v2\/tags?post=1980"}],"curies":[{"name":"wp","href":"https:\/\/api.w.org\/{rel}","templated":true}]}}