{"id":2080,"date":"2022-04-06T15:44:04","date_gmt":"2022-04-06T18:44:04","guid":{"rendered":"https:\/\/redenoticiaz.com.br\/barretos-regiao\/?p=2080"},"modified":"2022-04-06T15:44:04","modified_gmt":"2022-04-06T18:44:04","slug":"hospital-de-amor-realiza-21-direito-de-viver-leilao-em-prol-da-instituicao","status":"publish","type":"post","link":"https:\/\/redenoticiaz.com.br\/ribeiraopreto-regiao\/sp\/2022\/04\/06\/hospital-de-amor-realiza-21-direito-de-viver-leilao-em-prol-da-instituicao","title":{"rendered":"Hospital de Amor realiza 21\u00b0 &#8220;Direito de Viver&#8221; leil\u00e3o em prol da institui\u00e7\u00e3o"},"content":{"rendered":"<p>Com o intuito de arrecadar fundos em prol do Hospital de Amor, ser\u00e1 realizado no pr\u00f3ximo s\u00e1bado, 9 de abril, a 21\u00aa edi\u00e7\u00e3o do Leil\u00e3o <em>\u201cDireito de Viver\u201d<\/em> de Barretos. O evento acontecer\u00e1 no Parque do Pe\u00e3o, em Barretos (SP), a partir das 11h, aberto a toda a popula\u00e7\u00e3o da cidade e regi\u00e3o.<\/p>\n<p>Contando com o apoio de diversos parceiros, de diferentes segmentos, ser\u00e3o leiloadas cabe\u00e7as de gado, outros animais e muitas prendas. Al\u00e9m do leil\u00e3o, a programa\u00e7\u00e3o tamb\u00e9m inclui um delicioso almo\u00e7o. Para o gerente de capta\u00e7\u00e3o de recursos do HA, Luiz Ant\u00f4nio Zardini, o evento \u00e9 extremamente importante, pois contribui com a arrecada\u00e7\u00e3o de recursos financeiros a favor de uma causa muito nobre: oferecer tratamento oncol\u00f3gico de qualidade e humanizado aos pacientes que enfrentam o c\u00e2ncer. <em>\u201cCada vez que as pessoas abra\u00e7am os nossos eventos, como os nossos leil\u00f5es, por exemplo, elas ajudam a salvar vidas\u201d<\/em>, declara.<\/p>\n<h4>O Leil\u00e3o<\/h4>\n<p><u>21\u00ba Leil\u00e3o \u201cDireito de Viver\u201d de Barretos<\/u><\/p>\n<p><strong>Data:<\/strong> 9 de abril \u2013 s\u00e1bado;<\/p>\n<p><strong>Hor\u00e1rio:<\/strong> a partir das 11h;<\/p>\n<p><strong>Local:<\/strong> Parque do Pe\u00e3o \u2013 Barretos (SP).<\/p>\n","protected":false},"excerpt":{"rendered":"<p>Com o intuito de arrecadar fundos em prol do Hospital de Amor, ser\u00e1 realizado no pr\u00f3ximo s\u00e1bado, 9 de abril, a 21\u00aa edi\u00e7\u00e3o do Leil\u00e3o \u201cDireito de Viver\u201d de Barretos. O evento acontecer\u00e1 no Parque do Pe\u00e3o, em Barretos (SP), a partir das 11h, aberto a toda a popula\u00e7\u00e3o da cidade e regi\u00e3o. Contando com &hellip;<\/p>\n","protected":false},"author":15,"featured_media":2081,"comment_status":"open","ping_status":"closed","sticky":false,"template":"","format":"standard","meta":{"footnotes":""},"categories":[252],"tags":[64,8816,8815],"class_list":["post-2080","post","type-post","status-publish","format-standard","has-post-thumbnail","hentry","category-acao-social","tag-barretos","tag-direito-de-viver","tag-hospital-de-amor"],"yoast_head":"<!-- This site is optimized with the Yoast SEO plugin v27.4 - https:\/\/yoast.com\/product\/yoast-seo-wordpress\/ -->\n<title>Hospital de Amor realiza 21\u00b0 &quot;Direito de Viver&quot; leil\u00e3o em prol da institui\u00e7\u00e3o - Ribeir\u00e3o Preto e Regi\u00e3o<\/title>\n<meta name=\"description\" content=\"Hospital de Amor, o intuito vai arrecadar fundos realizando no pr\u00f3ximo s\u00e1bado, 9 de abril, a 21\u00aa edi\u00e7\u00e3o do Leil\u00e3o \u201cDireito de Viver\u201d de Barretos.\" \/>\n<meta name=\"robots\" content=\"index, follow, max-snippet:-1, max-image-preview:large, max-video-preview:-1\" \/>\n<link rel=\"canonical\" href=\"https:\/\/redenoticiaz.com.br\/ribeiraopreto-regiao\/sp\/2022\/04\/06\/hospital-de-amor-realiza-21-direito-de-viver-leilao-em-prol-da-instituicao\" \/>\n<meta property=\"og:locale\" content=\"pt_BR\" \/>\n<meta property=\"og:type\" content=\"article\" \/>\n<meta property=\"og:title\" content=\"Hospital de Amor realiza 21\u00b0 &quot;Direito de Viver&quot; leil\u00e3o em prol da institui\u00e7\u00e3o - Ribeir\u00e3o Preto e Regi\u00e3o\" \/>\n<meta property=\"og:description\" content=\"Hospital de Amor, o intuito vai arrecadar fundos realizando no pr\u00f3ximo s\u00e1bado, 9 de abril, a 21\u00aa edi\u00e7\u00e3o do Leil\u00e3o \u201cDireito de Viver\u201d de Barretos.\" \/>\n<meta property=\"og:url\" content=\"https:\/\/redenoticiaz.com.br\/ribeiraopreto-regiao\/sp\/2022\/04\/06\/hospital-de-amor-realiza-21-direito-de-viver-leilao-em-prol-da-instituicao\" \/>\n<meta property=\"og:site_name\" content=\"Ribeir\u00e3o Preto e Regi\u00e3o\" \/>\n<meta property=\"article:publisher\" content=\"https:\/\/m.facebook.com\/redenoticiaz.barretos\" \/>\n<meta property=\"article:published_time\" content=\"2022-04-06T18:44:04+00:00\" \/>\n<meta property=\"og:image\" content=\"https:\/\/redenoticiaz.com.br\/ribeiraopreto-regiao\/wp-content\/uploads\/sites\/4\/2022\/04\/whatsapp-image-2022-04-06-at-11-45-31.jpeg\" \/>\n\t<meta property=\"og:image:width\" content=\"1191\" \/>\n\t<meta property=\"og:image:height\" content=\"843\" \/>\n\t<meta property=\"og:image:type\" content=\"image\/jpeg\" \/>\n<meta name=\"twitter:card\" content=\"summary_large_image\" \/>\n<meta name=\"twitter:creator\" content=\"@RN_barretos\" \/>\n<meta name=\"twitter:site\" content=\"@RN_barretos\" \/>\n<meta name=\"twitter:label1\" content=\"Escrito por\" \/>\n\t<meta name=\"twitter:data1\" content=\"\" \/>\n\t<meta name=\"twitter:label2\" content=\"Est. tempo de leitura\" \/>\n\t<meta name=\"twitter:data2\" content=\"1 minuto\" \/>\n<script type=\"application\/ld+json\" class=\"yoast-schema-graph\">{\"@context\":\"https:\\\/\\\/schema.org\",\"@graph\":[{\"@type\":\"Article\",\"@id\":\"https:\\\/\\\/redenoticiaz.com.br\\\/ribeiraopreto-regiao\\\/sp\\\/2022\\\/04\\\/06\\\/hospital-de-amor-realiza-21-direito-de-viver-leilao-em-prol-da-instituicao#article\",\"isPartOf\":{\"@id\":\"https:\\\/\\\/redenoticiaz.com.br\\\/ribeiraopreto-regiao\\\/sp\\\/2022\\\/04\\\/06\\\/hospital-de-amor-realiza-21-direito-de-viver-leilao-em-prol-da-instituicao\"},\"author\":{\"name\":\"\",\"@id\":\"\"},\"headline\":\"Hospital de Amor realiza 21\u00b0 &#8220;Direito de Viver&#8221; leil\u00e3o em prol da institui\u00e7\u00e3o\",\"datePublished\":\"2022-04-06T18:44:04+00:00\",\"mainEntityOfPage\":{\"@id\":\"https:\\\/\\\/redenoticiaz.com.br\\\/ribeiraopreto-regiao\\\/sp\\\/2022\\\/04\\\/06\\\/hospital-de-amor-realiza-21-direito-de-viver-leilao-em-prol-da-instituicao\"},\"wordCount\":209,\"commentCount\":0,\"publisher\":{\"@id\":\"https:\\\/\\\/redenoticiaz.com.br\\\/ribeiraopreto-regiao\\\/#organization\"},\"image\":{\"@id\":\"https:\\\/\\\/redenoticiaz.com.br\\\/ribeiraopreto-regiao\\\/sp\\\/2022\\\/04\\\/06\\\/hospital-de-amor-realiza-21-direito-de-viver-leilao-em-prol-da-instituicao#primaryimage\"},\"thumbnailUrl\":\"https:\\\/\\\/redenoticiaz.com.br\\\/ribeiraopreto-regiao\\\/wp-content\\\/uploads\\\/sites\\\/4\\\/2022\\\/04\\\/whatsapp-image-2022-04-06-at-11-45-31.jpeg\",\"keywords\":[\"BARRETOS\",\"DIREITO DE VIVER\",\"HOSPITAL DE AMOR\"],\"articleSection\":[\"A\u00e7\u00e3o Social\"],\"inLanguage\":\"pt-BR\",\"potentialAction\":[{\"@type\":\"CommentAction\",\"name\":\"Comment\",\"target\":[\"https:\\\/\\\/redenoticiaz.com.br\\\/ribeiraopreto-regiao\\\/sp\\\/2022\\\/04\\\/06\\\/hospital-de-amor-realiza-21-direito-de-viver-leilao-em-prol-da-instituicao#respond\"]}]},{\"@type\":\"WebPage\",\"@id\":\"https:\\\/\\\/redenoticiaz.com.br\\\/ribeiraopreto-regiao\\\/sp\\\/2022\\\/04\\\/06\\\/hospital-de-amor-realiza-21-direito-de-viver-leilao-em-prol-da-instituicao\",\"url\":\"https:\\\/\\\/redenoticiaz.com.br\\\/ribeiraopreto-regiao\\\/sp\\\/2022\\\/04\\\/06\\\/hospital-de-amor-realiza-21-direito-de-viver-leilao-em-prol-da-instituicao\",\"name\":\"Hospital de Amor realiza 21\u00b0 \\\"Direito de Viver\\\" leil\u00e3o em prol da institui\u00e7\u00e3o - Ribeir\u00e3o Preto e Regi\u00e3o\",\"isPartOf\":{\"@id\":\"https:\\\/\\\/redenoticiaz.com.br\\\/ribeiraopreto-regiao\\\/#website\"},\"primaryImageOfPage\":{\"@id\":\"https:\\\/\\\/redenoticiaz.com.br\\\/ribeiraopreto-regiao\\\/sp\\\/2022\\\/04\\\/06\\\/hospital-de-amor-realiza-21-direito-de-viver-leilao-em-prol-da-instituicao#primaryimage\"},\"image\":{\"@id\":\"https:\\\/\\\/redenoticiaz.com.br\\\/ribeiraopreto-regiao\\\/sp\\\/2022\\\/04\\\/06\\\/hospital-de-amor-realiza-21-direito-de-viver-leilao-em-prol-da-instituicao#primaryimage\"},\"thumbnailUrl\":\"https:\\\/\\\/redenoticiaz.com.br\\\/ribeiraopreto-regiao\\\/wp-content\\\/uploads\\\/sites\\\/4\\\/2022\\\/04\\\/whatsapp-image-2022-04-06-at-11-45-31.jpeg\",\"datePublished\":\"2022-04-06T18:44:04+00:00\",\"description\":\"Hospital de Amor, o intuito vai arrecadar fundos realizando no pr\u00f3ximo s\u00e1bado, 9 de abril, a 21\u00aa edi\u00e7\u00e3o do Leil\u00e3o \u201cDireito de Viver\u201d de Barretos.\",\"inLanguage\":\"pt-BR\",\"potentialAction\":[{\"@type\":\"ReadAction\",\"target\":[\"https:\\\/\\\/redenoticiaz.com.br\\\/ribeiraopreto-regiao\\\/sp\\\/2022\\\/04\\\/06\\\/hospital-de-amor-realiza-21-direito-de-viver-leilao-em-prol-da-instituicao\"]}]},{\"@type\":\"ImageObject\",\"inLanguage\":\"pt-BR\",\"@id\":\"https:\\\/\\\/redenoticiaz.com.br\\\/ribeiraopreto-regiao\\\/sp\\\/2022\\\/04\\\/06\\\/hospital-de-amor-realiza-21-direito-de-viver-leilao-em-prol-da-instituicao#primaryimage\",\"url\":\"https:\\\/\\\/redenoticiaz.com.br\\\/ribeiraopreto-regiao\\\/wp-content\\\/uploads\\\/sites\\\/4\\\/2022\\\/04\\\/whatsapp-image-2022-04-06-at-11-45-31.jpeg\",\"contentUrl\":\"https:\\\/\\\/redenoticiaz.com.br\\\/ribeiraopreto-regiao\\\/wp-content\\\/uploads\\\/sites\\\/4\\\/2022\\\/04\\\/whatsapp-image-2022-04-06-at-11-45-31.jpeg\",\"width\":1191,\"height\":843,\"caption\":\"21\u00b0 Leil\u00e3o \\\"Direito de Viver\\\". Foto: Divulga\u00e7\u00e3o\"},{\"@type\":\"WebSite\",\"@id\":\"https:\\\/\\\/redenoticiaz.com.br\\\/ribeiraopreto-regiao\\\/#website\",\"url\":\"https:\\\/\\\/redenoticiaz.com.br\\\/ribeiraopreto-regiao\\\/\",\"name\":\"Ribeir\u00e3o Preto e Regi\u00e3o\",\"description\":\"Rede NoticiaZ - Ribeir\u00e3o Preto e regi\u00e3o\",\"publisher\":{\"@id\":\"https:\\\/\\\/redenoticiaz.com.br\\\/ribeiraopreto-regiao\\\/#organization\"},\"potentialAction\":[{\"@type\":\"SearchAction\",\"target\":{\"@type\":\"EntryPoint\",\"urlTemplate\":\"https:\\\/\\\/redenoticiaz.com.br\\\/ribeiraopreto-regiao\\\/?s={search_term_string}\"},\"query-input\":{\"@type\":\"PropertyValueSpecification\",\"valueRequired\":true,\"valueName\":\"search_term_string\"}}],\"inLanguage\":\"pt-BR\"},{\"@type\":\"Organization\",\"@id\":\"https:\\\/\\\/redenoticiaz.com.br\\\/ribeiraopreto-regiao\\\/#organization\",\"name\":\"Ribeir\u00e3o Preto e Regi\u00e3o\",\"url\":\"https:\\\/\\\/redenoticiaz.com.br\\\/ribeiraopreto-regiao\\\/\",\"logo\":{\"@type\":\"ImageObject\",\"inLanguage\":\"pt-BR\",\"@id\":\"https:\\\/\\\/redenoticiaz.com.br\\\/ribeiraopreto-regiao\\\/#\\\/schema\\\/logo\\\/image\\\/\",\"url\":\"https:\\\/\\\/redenoticiaz.com.br\\\/barretos-regiao\\\/wp-content\\\/uploads\\\/sites\\\/4\\\/2022\\\/02\\\/logo.jpg\",\"contentUrl\":\"https:\\\/\\\/redenoticiaz.com.br\\\/barretos-regiao\\\/wp-content\\\/uploads\\\/sites\\\/4\\\/2022\\\/02\\\/logo.jpg\",\"width\":400,\"height\":250,\"caption\":\"Ribeir\u00e3o Preto e Regi\u00e3o\"},\"image\":{\"@id\":\"https:\\\/\\\/redenoticiaz.com.br\\\/ribeiraopreto-regiao\\\/#\\\/schema\\\/logo\\\/image\\\/\"},\"sameAs\":[\"https:\\\/\\\/m.facebook.com\\\/redenoticiaz.barretos\",\"https:\\\/\\\/x.com\\\/RN_barretos\",\"https:\\\/\\\/www.instagram.com\\\/redenoticiaz.barretos\\\/?igshid=YmMyMTA2M2Y\",\"https:\\\/\\\/www.linkedin.com\\\/company\\\/rede-noticiaz-barretos-e-regio\\\/\"]},{\"@type\":\"Person\",\"@id\":\"\",\"url\":\"https:\\\/\\\/redenoticiaz.com.br\\\/ribeiraopreto-regiao\\\/sp\\\/author\"}]}<\/script>\n<!-- \/ Yoast SEO plugin. -->","yoast_head_json":{"title":"Hospital de Amor realiza 21\u00b0 \"Direito de Viver\" leil\u00e3o em prol da institui\u00e7\u00e3o - Ribeir\u00e3o Preto e Regi\u00e3o","description":"Hospital de Amor, o intuito vai arrecadar fundos realizando no pr\u00f3ximo s\u00e1bado, 9 de abril, a 21\u00aa edi\u00e7\u00e3o do Leil\u00e3o \u201cDireito de Viver\u201d de Barretos.","robots":{"index":"index","follow":"follow","max-snippet":"max-snippet:-1","max-image-preview":"max-image-preview:large","max-video-preview":"max-video-preview:-1"},"canonical":"https:\/\/redenoticiaz.com.br\/ribeiraopreto-regiao\/sp\/2022\/04\/06\/hospital-de-amor-realiza-21-direito-de-viver-leilao-em-prol-da-instituicao","og_locale":"pt_BR","og_type":"article","og_title":"Hospital de Amor realiza 21\u00b0 \"Direito de Viver\" leil\u00e3o em prol da institui\u00e7\u00e3o - Ribeir\u00e3o Preto e Regi\u00e3o","og_description":"Hospital de Amor, o intuito vai arrecadar fundos realizando no pr\u00f3ximo s\u00e1bado, 9 de abril, a 21\u00aa edi\u00e7\u00e3o do Leil\u00e3o \u201cDireito de Viver\u201d de Barretos.","og_url":"https:\/\/redenoticiaz.com.br\/ribeiraopreto-regiao\/sp\/2022\/04\/06\/hospital-de-amor-realiza-21-direito-de-viver-leilao-em-prol-da-instituicao","og_site_name":"Ribeir\u00e3o Preto e Regi\u00e3o","article_publisher":"https:\/\/m.facebook.com\/redenoticiaz.barretos","article_published_time":"2022-04-06T18:44:04+00:00","og_image":[{"width":1191,"height":843,"url":"https:\/\/redenoticiaz.com.br\/ribeiraopreto-regiao\/wp-content\/uploads\/sites\/4\/2022\/04\/whatsapp-image-2022-04-06-at-11-45-31.jpeg","type":"image\/jpeg"}],"twitter_card":"summary_large_image","twitter_creator":"@RN_barretos","twitter_site":"@RN_barretos","twitter_misc":{"Escrito por":"","Est. tempo de leitura":"1 minuto"},"schema":{"@context":"https:\/\/schema.org","@graph":[{"@type":"Article","@id":"https:\/\/redenoticiaz.com.br\/ribeiraopreto-regiao\/sp\/2022\/04\/06\/hospital-de-amor-realiza-21-direito-de-viver-leilao-em-prol-da-instituicao#article","isPartOf":{"@id":"https:\/\/redenoticiaz.com.br\/ribeiraopreto-regiao\/sp\/2022\/04\/06\/hospital-de-amor-realiza-21-direito-de-viver-leilao-em-prol-da-instituicao"},"author":{"name":"","@id":""},"headline":"Hospital de Amor realiza 21\u00b0 &#8220;Direito de Viver&#8221; leil\u00e3o em prol da institui\u00e7\u00e3o","datePublished":"2022-04-06T18:44:04+00:00","mainEntityOfPage":{"@id":"https:\/\/redenoticiaz.com.br\/ribeiraopreto-regiao\/sp\/2022\/04\/06\/hospital-de-amor-realiza-21-direito-de-viver-leilao-em-prol-da-instituicao"},"wordCount":209,"commentCount":0,"publisher":{"@id":"https:\/\/redenoticiaz.com.br\/ribeiraopreto-regiao\/#organization"},"image":{"@id":"https:\/\/redenoticiaz.com.br\/ribeiraopreto-regiao\/sp\/2022\/04\/06\/hospital-de-amor-realiza-21-direito-de-viver-leilao-em-prol-da-instituicao#primaryimage"},"thumbnailUrl":"https:\/\/redenoticiaz.com.br\/ribeiraopreto-regiao\/wp-content\/uploads\/sites\/4\/2022\/04\/whatsapp-image-2022-04-06-at-11-45-31.jpeg","keywords":["BARRETOS","DIREITO DE VIVER","HOSPITAL DE AMOR"],"articleSection":["A\u00e7\u00e3o Social"],"inLanguage":"pt-BR","potentialAction":[{"@type":"CommentAction","name":"Comment","target":["https:\/\/redenoticiaz.com.br\/ribeiraopreto-regiao\/sp\/2022\/04\/06\/hospital-de-amor-realiza-21-direito-de-viver-leilao-em-prol-da-instituicao#respond"]}]},{"@type":"WebPage","@id":"https:\/\/redenoticiaz.com.br\/ribeiraopreto-regiao\/sp\/2022\/04\/06\/hospital-de-amor-realiza-21-direito-de-viver-leilao-em-prol-da-instituicao","url":"https:\/\/redenoticiaz.com.br\/ribeiraopreto-regiao\/sp\/2022\/04\/06\/hospital-de-amor-realiza-21-direito-de-viver-leilao-em-prol-da-instituicao","name":"Hospital de Amor realiza 21\u00b0 \"Direito de Viver\" leil\u00e3o em prol da institui\u00e7\u00e3o - Ribeir\u00e3o Preto e Regi\u00e3o","isPartOf":{"@id":"https:\/\/redenoticiaz.com.br\/ribeiraopreto-regiao\/#website"},"primaryImageOfPage":{"@id":"https:\/\/redenoticiaz.com.br\/ribeiraopreto-regiao\/sp\/2022\/04\/06\/hospital-de-amor-realiza-21-direito-de-viver-leilao-em-prol-da-instituicao#primaryimage"},"image":{"@id":"https:\/\/redenoticiaz.com.br\/ribeiraopreto-regiao\/sp\/2022\/04\/06\/hospital-de-amor-realiza-21-direito-de-viver-leilao-em-prol-da-instituicao#primaryimage"},"thumbnailUrl":"https:\/\/redenoticiaz.com.br\/ribeiraopreto-regiao\/wp-content\/uploads\/sites\/4\/2022\/04\/whatsapp-image-2022-04-06-at-11-45-31.jpeg","datePublished":"2022-04-06T18:44:04+00:00","description":"Hospital de Amor, o intuito vai arrecadar fundos realizando no pr\u00f3ximo s\u00e1bado, 9 de abril, a 21\u00aa edi\u00e7\u00e3o do Leil\u00e3o \u201cDireito de Viver\u201d de Barretos.","inLanguage":"pt-BR","potentialAction":[{"@type":"ReadAction","target":["https:\/\/redenoticiaz.com.br\/ribeiraopreto-regiao\/sp\/2022\/04\/06\/hospital-de-amor-realiza-21-direito-de-viver-leilao-em-prol-da-instituicao"]}]},{"@type":"ImageObject","inLanguage":"pt-BR","@id":"https:\/\/redenoticiaz.com.br\/ribeiraopreto-regiao\/sp\/2022\/04\/06\/hospital-de-amor-realiza-21-direito-de-viver-leilao-em-prol-da-instituicao#primaryimage","url":"https:\/\/redenoticiaz.com.br\/ribeiraopreto-regiao\/wp-content\/uploads\/sites\/4\/2022\/04\/whatsapp-image-2022-04-06-at-11-45-31.jpeg","contentUrl":"https:\/\/redenoticiaz.com.br\/ribeiraopreto-regiao\/wp-content\/uploads\/sites\/4\/2022\/04\/whatsapp-image-2022-04-06-at-11-45-31.jpeg","width":1191,"height":843,"caption":"21\u00b0 Leil\u00e3o \"Direito de Viver\". Foto: Divulga\u00e7\u00e3o"},{"@type":"WebSite","@id":"https:\/\/redenoticiaz.com.br\/ribeiraopreto-regiao\/#website","url":"https:\/\/redenoticiaz.com.br\/ribeiraopreto-regiao\/","name":"Ribeir\u00e3o Preto e Regi\u00e3o","description":"Rede NoticiaZ - Ribeir\u00e3o Preto e regi\u00e3o","publisher":{"@id":"https:\/\/redenoticiaz.com.br\/ribeiraopreto-regiao\/#organization"},"potentialAction":[{"@type":"SearchAction","target":{"@type":"EntryPoint","urlTemplate":"https:\/\/redenoticiaz.com.br\/ribeiraopreto-regiao\/?s={search_term_string}"},"query-input":{"@type":"PropertyValueSpecification","valueRequired":true,"valueName":"search_term_string"}}],"inLanguage":"pt-BR"},{"@type":"Organization","@id":"https:\/\/redenoticiaz.com.br\/ribeiraopreto-regiao\/#organization","name":"Ribeir\u00e3o Preto e Regi\u00e3o","url":"https:\/\/redenoticiaz.com.br\/ribeiraopreto-regiao\/","logo":{"@type":"ImageObject","inLanguage":"pt-BR","@id":"https:\/\/redenoticiaz.com.br\/ribeiraopreto-regiao\/#\/schema\/logo\/image\/","url":"https:\/\/redenoticiaz.com.br\/barretos-regiao\/wp-content\/uploads\/sites\/4\/2022\/02\/logo.jpg","contentUrl":"https:\/\/redenoticiaz.com.br\/barretos-regiao\/wp-content\/uploads\/sites\/4\/2022\/02\/logo.jpg","width":400,"height":250,"caption":"Ribeir\u00e3o Preto e Regi\u00e3o"},"image":{"@id":"https:\/\/redenoticiaz.com.br\/ribeiraopreto-regiao\/#\/schema\/logo\/image\/"},"sameAs":["https:\/\/m.facebook.com\/redenoticiaz.barretos","https:\/\/x.com\/RN_barretos","https:\/\/www.instagram.com\/redenoticiaz.barretos\/?igshid=YmMyMTA2M2Y","https:\/\/www.linkedin.com\/company\/rede-noticiaz-barretos-e-regio\/"]},{"@type":"Person","@id":"","url":"https:\/\/redenoticiaz.com.br\/ribeiraopreto-regiao\/sp\/author"}]}},"_links":{"self":[{"href":"https:\/\/redenoticiaz.com.br\/ribeiraopreto-regiao\/wp-json\/wp\/v2\/posts\/2080","targetHints":{"allow":["GET"]}}],"collection":[{"href":"https:\/\/redenoticiaz.com.br\/ribeiraopreto-regiao\/wp-json\/wp\/v2\/posts"}],"about":[{"href":"https:\/\/redenoticiaz.com.br\/ribeiraopreto-regiao\/wp-json\/wp\/v2\/types\/post"}],"author":[{"embeddable":true,"href":"https:\/\/redenoticiaz.com.br\/ribeiraopreto-regiao\/wp-json\/wp\/v2\/users\/15"}],"replies":[{"embeddable":true,"href":"https:\/\/redenoticiaz.com.br\/ribeiraopreto-regiao\/wp-json\/wp\/v2\/comments?post=2080"}],"version-history":[{"count":1,"href":"https:\/\/redenoticiaz.com.br\/ribeiraopreto-regiao\/wp-json\/wp\/v2\/posts\/2080\/revisions"}],"predecessor-version":[{"id":2082,"href":"https:\/\/redenoticiaz.com.br\/ribeiraopreto-regiao\/wp-json\/wp\/v2\/posts\/2080\/revisions\/2082"}],"wp:featuredmedia":[{"embeddable":true,"href":"https:\/\/redenoticiaz.com.br\/ribeiraopreto-regiao\/wp-json\/wp\/v2\/media\/2081"}],"wp:attachment":[{"href":"https:\/\/redenoticiaz.com.br\/ribeiraopreto-regiao\/wp-json\/wp\/v2\/media?parent=2080"}],"wp:term":[{"taxonomy":"category","embeddable":true,"href":"https:\/\/redenoticiaz.com.br\/ribeiraopreto-regiao\/wp-json\/wp\/v2\/categories?post=2080"},{"taxonomy":"post_tag","embeddable":true,"href":"https:\/\/redenoticiaz.com.br\/ribeiraopreto-regiao\/wp-json\/wp\/v2\/tags?post=2080"}],"curies":[{"name":"wp","href":"https:\/\/api.w.org\/{rel}","templated":true}]}}