{"id":2110,"date":"2022-04-10T11:00:43","date_gmt":"2022-04-10T14:00:43","guid":{"rendered":"https:\/\/redenoticiaz.com.br\/barretos-regiao\/?p=2110"},"modified":"2022-04-11T11:13:20","modified_gmt":"2022-04-11T14:13:20","slug":"a-importancia-da-educacao-ambiental-para-criancas","status":"publish","type":"post","link":"https:\/\/redenoticiaz.com.br\/ribeiraopreto-regiao\/sp\/2022\/04\/10\/a-importancia-da-educacao-ambiental-para-criancas","title":{"rendered":"A import\u00e2ncia da educa\u00e7\u00e3o ambiental para crian\u00e7as"},"content":{"rendered":"<p>A educa\u00e7\u00e3o ambiental na inf\u00e2ncia \u00e9 essencial para que essa gera\u00e7\u00e3o futuramente se torne adultos conscientes, com bons h\u00e1bitos, e preservem a natureza. Segundo o dicion\u00e1rio a palavra inf\u00e2ncia \u00e9 um substantivo feminino, e significa per\u00edodo do desenvolvimento do ser humano, que vai do nascimento ao in\u00edcio da adolesc\u00eancia.<\/p>\n<p>Nesse sentindo, a inf\u00e2ncia \u00e9 uma \u00e9poca em que as crian\u00e7as aprendem diversos conceitos e valores, que ser\u00e3o levados para a vida adulta. Dessa forma, a educa\u00e7\u00e3o ambiental das novas gera\u00e7\u00f5es \u00e9 responsabilidade de todos, e n\u00e3o s\u00f3 dos pais.<\/p>\n<p>Al\u00e9m disso, o assunto meio ambiente tem sido grande destaque nas m\u00eddias. E isso tem sido \u00f3timo, pois \u00e9 necess\u00e1rio que esses temas estejam cada vez mais presentes na vida de todos, bem como na vida das crian\u00e7as.<\/p>\n<h4><strong>Como incentivar e ensinar as crian\u00e7as a ter consci\u00eancia sobre o meio ambiente?<\/strong><\/h4>\n<p>Sobretudo, \u00e9 importante destacar que a educa\u00e7\u00e3o ambiental ela tem o objetivo principal nos ensinar a respeitar, valorizar e conscientizar sobre a import\u00e2ncia da natureza n\u00e3o s\u00f3 para o ser humano, como tamb\u00e9m para os animais e todo planeta Terra.<\/p>\n<p>Dessa forma, incentivar e estimular a consci\u00eancia dos pequenos desde cedo \u00e9 fundamental. Nesse sentindo, \u00e9 interessante incluir esses assuntos no dia a dia deles. Na hora do banho, por exemplo, voc\u00ea pode falar sobre o consumo consciente de \u00e1gua. Explicar que esse recurso est\u00e1 escasso no planeta, pela polui\u00e7\u00e3o das \u00e1guas, e pelo desperd\u00edcio dela.<\/p>\n<figure id=\"attachment_2112\" aria-describedby=\"caption-attachment-2112\" style=\"width: 331px\" class=\"wp-caption alignleft\"><img loading=\"lazy\" decoding=\"async\" class=\"size-medium wp-image-2112\" src=\"https:\/\/redenoticiaz.com.br\/barretos-regiao\/wp-content\/uploads\/sites\/4\/2022\/04\/cooking-g491e20205_1920-331x220.jpg\" alt=\"Educa\u00e7\u00e3o ambiental\" width=\"331\" height=\"220\" \/><figcaption id=\"caption-attachment-2112\" class=\"wp-caption-text\">Alguns alimentos podem ser aproveitados de forma integral. Foto: Pixabay<\/figcaption><\/figure>\n<p>J\u00e1 no jantar voc\u00ea pode abordar sobre a import\u00e2ncia do consumo consciente dos alimentos, falar sobre o desperdi\u00e7o. Uma atividade legal para fazer com as crian\u00e7as \u00e9 usar abacaxi em alguma receita de sua prefer\u00eancia. E usar as cascas para fazer o suco do abacaxi. E com isso eles aprender\u00e3o que \u00e9 poss\u00edvel <a href=\"https:\/\/mesabrasil.sescsp.org.br\/media\/1016\/receitas_n2.pdf\">aproveitar de forma integral alguns alimentos<\/a>.<\/p>\n<p>Outra forma interessante de ensinar as crian\u00e7as sobre o meio ambiente \u00e9 ter uma planta em casa, ou uma horta se tiver espa\u00e7o. E dividir com a crian\u00e7a os cuidados di\u00e1rios com a planta. Isso ir\u00e1 ajudar a criar um v\u00ednculo entre voc\u00eas, e com o meio ambiente.<\/p>\n<p>Estimular brincadeiras e jogos com materiais recicl\u00e1veis, como caixas de papel\u00e3o, garrafas pl\u00e1sticas e outras embalagens. Com esses materiais podem ser constru\u00eddas diversas coisas como: carrinho, casinha de bonecas, boliche com garrafas pl\u00e1sticas, vai e vem, e muitas outras coisas.<\/p>\n<p>Desse modo, a melhor forma de orientar e conscientizar as crian\u00e7as \u00e9 sendo um bom exemplo para elas. Afinal, a inf\u00e2ncia \u00e9 uma das etapas mais importantes do desenvolvimento infantil, \u00e9 nesse momento que voc\u00ea ir\u00e1 ensinar valores para os pequenos.<\/p>\n<p>Por isso, cultivar h\u00e1bitos di\u00e1rios, ter acesso \u00e0 informa\u00e7\u00e3o sobre os impactos causados pela falta de educa\u00e7\u00e3o ambiental s\u00e3o medidas simples com um bom impacto sobre as crian\u00e7as.<\/p>\n<p>LEIA TAMB\u00c9M:\u00a0<a href=\"https:\/\/redenoticiaz.com.br\/blog\/2022\/03\/27\/iconheca-o-projeto-que-incentiva-a-leitura\">Conhe\u00e7a o projeto que incentiva a leitura<\/a><\/p>\n","protected":false},"excerpt":{"rendered":"<p>A educa\u00e7\u00e3o ambiental na inf\u00e2ncia \u00e9 essencial para que essa gera\u00e7\u00e3o futuramente se torne adultos conscientes, com bons h\u00e1bitos, e preservem a natureza. Segundo o dicion\u00e1rio a palavra inf\u00e2ncia \u00e9 um substantivo feminino, e significa per\u00edodo do desenvolvimento do ser humano, que vai do nascimento ao in\u00edcio da adolesc\u00eancia. Nesse sentindo, a inf\u00e2ncia \u00e9 uma &hellip;<\/p>\n","protected":false},"author":30,"featured_media":2111,"comment_status":"open","ping_status":"closed","sticky":false,"template":"","format":"standard","meta":{"footnotes":""},"categories":[94],"tags":[9045,9047,3738,3730,9046],"class_list":["post-2110","post","type-post","status-publish","format-standard","has-post-thumbnail","hentry","category-meio-ambiente","tag-acoes-de-conscientizacao","tag-conscientizacaoambiental","tag-crianca","tag-desenvolvimentoinfantil","tag-educacaoambiental"],"yoast_head":"<!-- This site is optimized with the Yoast SEO plugin v27.4 - https:\/\/yoast.com\/product\/yoast-seo-wordpress\/ -->\n<title>A import\u00e2ncia da educa\u00e7\u00e3o ambiental para crian\u00e7as - Ribeir\u00e3o Preto e Regi\u00e3o<\/title>\n<meta name=\"description\" content=\"A educa\u00e7\u00e3o ambiental na inf\u00e2ncia \u00e9 essencial para que essa gera\u00e7\u00e3o futuramente se torne adultos conscientes, com bons h\u00e1bitos, e preservem a natureza...\" \/>\n<meta name=\"robots\" content=\"index, follow, max-snippet:-1, max-image-preview:large, max-video-preview:-1\" \/>\n<link rel=\"canonical\" href=\"https:\/\/redenoticiaz.com.br\/ribeiraopreto-regiao\/sp\/2022\/04\/10\/a-importancia-da-educacao-ambiental-para-criancas\" \/>\n<meta property=\"og:locale\" content=\"pt_BR\" \/>\n<meta property=\"og:type\" content=\"article\" \/>\n<meta property=\"og:title\" content=\"A import\u00e2ncia da educa\u00e7\u00e3o ambiental para crian\u00e7as - Ribeir\u00e3o Preto e Regi\u00e3o\" \/>\n<meta property=\"og:description\" content=\"A educa\u00e7\u00e3o ambiental na inf\u00e2ncia \u00e9 essencial para que essa gera\u00e7\u00e3o futuramente se torne adultos conscientes, com bons h\u00e1bitos, e preservem a natureza...\" \/>\n<meta property=\"og:url\" content=\"https:\/\/redenoticiaz.com.br\/ribeiraopreto-regiao\/sp\/2022\/04\/10\/a-importancia-da-educacao-ambiental-para-criancas\" \/>\n<meta property=\"og:site_name\" content=\"Ribeir\u00e3o Preto e Regi\u00e3o\" \/>\n<meta property=\"article:publisher\" content=\"https:\/\/m.facebook.com\/redenoticiaz.barretos\" \/>\n<meta property=\"article:published_time\" content=\"2022-04-10T14:00:43+00:00\" \/>\n<meta property=\"article:modified_time\" content=\"2022-04-11T14:13:20+00:00\" \/>\n<meta property=\"og:image\" content=\"https:\/\/redenoticiaz.com.br\/ribeiraopreto-regiao\/wp-content\/uploads\/sites\/4\/2022\/04\/seedlings-gc2483f100_1920.jpg?v=1649284415\" \/>\n\t<meta property=\"og:image:width\" content=\"1620\" \/>\n\t<meta property=\"og:image:height\" content=\"1080\" \/>\n\t<meta property=\"og:image:type\" content=\"image\/jpeg\" \/>\n<meta name=\"author\" content=\"Carina Reifonas\" \/>\n<meta name=\"twitter:card\" content=\"summary_large_image\" \/>\n<meta name=\"twitter:creator\" content=\"@RN_barretos\" \/>\n<meta name=\"twitter:site\" content=\"@RN_barretos\" \/>\n<meta name=\"twitter:label1\" content=\"Escrito por\" \/>\n\t<meta name=\"twitter:data1\" content=\"Carina Reifonas\" \/>\n\t<meta name=\"twitter:label2\" content=\"Est. tempo de leitura\" \/>\n\t<meta name=\"twitter:data2\" content=\"3 minutos\" \/>\n<script type=\"application\/ld+json\" class=\"yoast-schema-graph\">{\"@context\":\"https:\\\/\\\/schema.org\",\"@graph\":[{\"@type\":\"Article\",\"@id\":\"https:\\\/\\\/redenoticiaz.com.br\\\/ribeiraopreto-regiao\\\/sp\\\/2022\\\/04\\\/10\\\/a-importancia-da-educacao-ambiental-para-criancas#article\",\"isPartOf\":{\"@id\":\"https:\\\/\\\/redenoticiaz.com.br\\\/ribeiraopreto-regiao\\\/sp\\\/2022\\\/04\\\/10\\\/a-importancia-da-educacao-ambiental-para-criancas\"},\"author\":{\"name\":\"Carina Reifonas\",\"@id\":\"https:\\\/\\\/redenoticiaz.com.br\\\/ribeiraopreto-regiao\\\/#\\\/schema\\\/person\\\/1f84d6e94e6a62d2d81199d7503e9e90\"},\"headline\":\"A import\u00e2ncia da educa\u00e7\u00e3o ambiental para crian\u00e7as\",\"datePublished\":\"2022-04-10T14:00:43+00:00\",\"dateModified\":\"2022-04-11T14:13:20+00:00\",\"mainEntityOfPage\":{\"@id\":\"https:\\\/\\\/redenoticiaz.com.br\\\/ribeiraopreto-regiao\\\/sp\\\/2022\\\/04\\\/10\\\/a-importancia-da-educacao-ambiental-para-criancas\"},\"wordCount\":528,\"commentCount\":0,\"publisher\":{\"@id\":\"https:\\\/\\\/redenoticiaz.com.br\\\/ribeiraopreto-regiao\\\/#organization\"},\"image\":{\"@id\":\"https:\\\/\\\/redenoticiaz.com.br\\\/ribeiraopreto-regiao\\\/sp\\\/2022\\\/04\\\/10\\\/a-importancia-da-educacao-ambiental-para-criancas#primaryimage\"},\"thumbnailUrl\":\"https:\\\/\\\/redenoticiaz.com.br\\\/ribeiraopreto-regiao\\\/wp-content\\\/uploads\\\/sites\\\/4\\\/2022\\\/04\\\/seedlings-gc2483f100_1920.jpg?v=1649284415\",\"keywords\":[\"A\u00c7\u00d5ES DE CONSCIENTIZA\u00c7\u00c3O\",\"CONSCIENTIZA\u00c7\u00c3OAMBIENTAL\",\"CRIAN\u00c7A\",\"DESENVOLVIMENTOINFANTIL\",\"EDUCA\u00c7\u00c3OAMBIENTAL\"],\"articleSection\":[\"Meio Ambiente\"],\"inLanguage\":\"pt-BR\",\"potentialAction\":[{\"@type\":\"CommentAction\",\"name\":\"Comment\",\"target\":[\"https:\\\/\\\/redenoticiaz.com.br\\\/ribeiraopreto-regiao\\\/sp\\\/2022\\\/04\\\/10\\\/a-importancia-da-educacao-ambiental-para-criancas#respond\"]}]},{\"@type\":\"WebPage\",\"@id\":\"https:\\\/\\\/redenoticiaz.com.br\\\/ribeiraopreto-regiao\\\/sp\\\/2022\\\/04\\\/10\\\/a-importancia-da-educacao-ambiental-para-criancas\",\"url\":\"https:\\\/\\\/redenoticiaz.com.br\\\/ribeiraopreto-regiao\\\/sp\\\/2022\\\/04\\\/10\\\/a-importancia-da-educacao-ambiental-para-criancas\",\"name\":\"A import\u00e2ncia da educa\u00e7\u00e3o ambiental para crian\u00e7as - Ribeir\u00e3o Preto e Regi\u00e3o\",\"isPartOf\":{\"@id\":\"https:\\\/\\\/redenoticiaz.com.br\\\/ribeiraopreto-regiao\\\/#website\"},\"primaryImageOfPage\":{\"@id\":\"https:\\\/\\\/redenoticiaz.com.br\\\/ribeiraopreto-regiao\\\/sp\\\/2022\\\/04\\\/10\\\/a-importancia-da-educacao-ambiental-para-criancas#primaryimage\"},\"image\":{\"@id\":\"https:\\\/\\\/redenoticiaz.com.br\\\/ribeiraopreto-regiao\\\/sp\\\/2022\\\/04\\\/10\\\/a-importancia-da-educacao-ambiental-para-criancas#primaryimage\"},\"thumbnailUrl\":\"https:\\\/\\\/redenoticiaz.com.br\\\/ribeiraopreto-regiao\\\/wp-content\\\/uploads\\\/sites\\\/4\\\/2022\\\/04\\\/seedlings-gc2483f100_1920.jpg?v=1649284415\",\"datePublished\":\"2022-04-10T14:00:43+00:00\",\"dateModified\":\"2022-04-11T14:13:20+00:00\",\"description\":\"A educa\u00e7\u00e3o ambiental na inf\u00e2ncia \u00e9 essencial para que essa gera\u00e7\u00e3o futuramente se torne adultos conscientes, com bons h\u00e1bitos, e preservem a natureza...\",\"inLanguage\":\"pt-BR\",\"potentialAction\":[{\"@type\":\"ReadAction\",\"target\":[\"https:\\\/\\\/redenoticiaz.com.br\\\/ribeiraopreto-regiao\\\/sp\\\/2022\\\/04\\\/10\\\/a-importancia-da-educacao-ambiental-para-criancas\"]}]},{\"@type\":\"ImageObject\",\"inLanguage\":\"pt-BR\",\"@id\":\"https:\\\/\\\/redenoticiaz.com.br\\\/ribeiraopreto-regiao\\\/sp\\\/2022\\\/04\\\/10\\\/a-importancia-da-educacao-ambiental-para-criancas#primaryimage\",\"url\":\"https:\\\/\\\/redenoticiaz.com.br\\\/ribeiraopreto-regiao\\\/wp-content\\\/uploads\\\/sites\\\/4\\\/2022\\\/04\\\/seedlings-gc2483f100_1920.jpg?v=1649284415\",\"contentUrl\":\"https:\\\/\\\/redenoticiaz.com.br\\\/ribeiraopreto-regiao\\\/wp-content\\\/uploads\\\/sites\\\/4\\\/2022\\\/04\\\/seedlings-gc2483f100_1920.jpg?v=1649284415\",\"width\":1620,\"height\":1080,\"caption\":\"Incentivar a educa\u00e7\u00e3o ambiental desde cedo, contribui para que as crian\u00e7as preservem a natureza. Foto: Pixabay\"},{\"@type\":\"WebSite\",\"@id\":\"https:\\\/\\\/redenoticiaz.com.br\\\/ribeiraopreto-regiao\\\/#website\",\"url\":\"https:\\\/\\\/redenoticiaz.com.br\\\/ribeiraopreto-regiao\\\/\",\"name\":\"Ribeir\u00e3o Preto e Regi\u00e3o\",\"description\":\"Rede NoticiaZ - Ribeir\u00e3o Preto e regi\u00e3o\",\"publisher\":{\"@id\":\"https:\\\/\\\/redenoticiaz.com.br\\\/ribeiraopreto-regiao\\\/#organization\"},\"potentialAction\":[{\"@type\":\"SearchAction\",\"target\":{\"@type\":\"EntryPoint\",\"urlTemplate\":\"https:\\\/\\\/redenoticiaz.com.br\\\/ribeiraopreto-regiao\\\/?s={search_term_string}\"},\"query-input\":{\"@type\":\"PropertyValueSpecification\",\"valueRequired\":true,\"valueName\":\"search_term_string\"}}],\"inLanguage\":\"pt-BR\"},{\"@type\":\"Organization\",\"@id\":\"https:\\\/\\\/redenoticiaz.com.br\\\/ribeiraopreto-regiao\\\/#organization\",\"name\":\"Ribeir\u00e3o Preto e Regi\u00e3o\",\"url\":\"https:\\\/\\\/redenoticiaz.com.br\\\/ribeiraopreto-regiao\\\/\",\"logo\":{\"@type\":\"ImageObject\",\"inLanguage\":\"pt-BR\",\"@id\":\"https:\\\/\\\/redenoticiaz.com.br\\\/ribeiraopreto-regiao\\\/#\\\/schema\\\/logo\\\/image\\\/\",\"url\":\"https:\\\/\\\/redenoticiaz.com.br\\\/barretos-regiao\\\/wp-content\\\/uploads\\\/sites\\\/4\\\/2022\\\/02\\\/logo.jpg\",\"contentUrl\":\"https:\\\/\\\/redenoticiaz.com.br\\\/barretos-regiao\\\/wp-content\\\/uploads\\\/sites\\\/4\\\/2022\\\/02\\\/logo.jpg\",\"width\":400,\"height\":250,\"caption\":\"Ribeir\u00e3o Preto e Regi\u00e3o\"},\"image\":{\"@id\":\"https:\\\/\\\/redenoticiaz.com.br\\\/ribeiraopreto-regiao\\\/#\\\/schema\\\/logo\\\/image\\\/\"},\"sameAs\":[\"https:\\\/\\\/m.facebook.com\\\/redenoticiaz.barretos\",\"https:\\\/\\\/x.com\\\/RN_barretos\",\"https:\\\/\\\/www.instagram.com\\\/redenoticiaz.barretos\\\/?igshid=YmMyMTA2M2Y\",\"https:\\\/\\\/www.linkedin.com\\\/company\\\/rede-noticiaz-barretos-e-regio\\\/\"]},{\"@type\":\"Person\",\"@id\":\"https:\\\/\\\/redenoticiaz.com.br\\\/ribeiraopreto-regiao\\\/#\\\/schema\\\/person\\\/1f84d6e94e6a62d2d81199d7503e9e90\",\"name\":\"Carina Reifonas\",\"image\":{\"@type\":\"ImageObject\",\"inLanguage\":\"pt-BR\",\"@id\":\"https:\\\/\\\/secure.gravatar.com\\\/avatar\\\/04c59859b23696cf867715880f81d5c037e60109730bdb4e6670ec2a2245bc97?s=96&d=mm&r=g\",\"url\":\"https:\\\/\\\/secure.gravatar.com\\\/avatar\\\/04c59859b23696cf867715880f81d5c037e60109730bdb4e6670ec2a2245bc97?s=96&d=mm&r=g\",\"contentUrl\":\"https:\\\/\\\/secure.gravatar.com\\\/avatar\\\/04c59859b23696cf867715880f81d5c037e60109730bdb4e6670ec2a2245bc97?s=96&d=mm&r=g\",\"caption\":\"Carina Reifonas\"},\"url\":\"https:\\\/\\\/redenoticiaz.com.br\\\/ribeiraopreto-regiao\\\/sp\\\/author\\\/carinareifonas\"}]}<\/script>\n<!-- \/ Yoast SEO plugin. -->","yoast_head_json":{"title":"A import\u00e2ncia da educa\u00e7\u00e3o ambiental para crian\u00e7as - Ribeir\u00e3o Preto e Regi\u00e3o","description":"A educa\u00e7\u00e3o ambiental na inf\u00e2ncia \u00e9 essencial para que essa gera\u00e7\u00e3o futuramente se torne adultos conscientes, com bons h\u00e1bitos, e preservem a natureza...","robots":{"index":"index","follow":"follow","max-snippet":"max-snippet:-1","max-image-preview":"max-image-preview:large","max-video-preview":"max-video-preview:-1"},"canonical":"https:\/\/redenoticiaz.com.br\/ribeiraopreto-regiao\/sp\/2022\/04\/10\/a-importancia-da-educacao-ambiental-para-criancas","og_locale":"pt_BR","og_type":"article","og_title":"A import\u00e2ncia da educa\u00e7\u00e3o ambiental para crian\u00e7as - Ribeir\u00e3o Preto e Regi\u00e3o","og_description":"A educa\u00e7\u00e3o ambiental na inf\u00e2ncia \u00e9 essencial para que essa gera\u00e7\u00e3o futuramente se torne adultos conscientes, com bons h\u00e1bitos, e preservem a natureza...","og_url":"https:\/\/redenoticiaz.com.br\/ribeiraopreto-regiao\/sp\/2022\/04\/10\/a-importancia-da-educacao-ambiental-para-criancas","og_site_name":"Ribeir\u00e3o Preto e Regi\u00e3o","article_publisher":"https:\/\/m.facebook.com\/redenoticiaz.barretos","article_published_time":"2022-04-10T14:00:43+00:00","article_modified_time":"2022-04-11T14:13:20+00:00","og_image":[{"width":1620,"height":1080,"url":"https:\/\/redenoticiaz.com.br\/ribeiraopreto-regiao\/wp-content\/uploads\/sites\/4\/2022\/04\/seedlings-gc2483f100_1920.jpg?v=1649284415","type":"image\/jpeg"}],"author":"Carina Reifonas","twitter_card":"summary_large_image","twitter_creator":"@RN_barretos","twitter_site":"@RN_barretos","twitter_misc":{"Escrito por":"Carina Reifonas","Est. tempo de leitura":"3 minutos"},"schema":{"@context":"https:\/\/schema.org","@graph":[{"@type":"Article","@id":"https:\/\/redenoticiaz.com.br\/ribeiraopreto-regiao\/sp\/2022\/04\/10\/a-importancia-da-educacao-ambiental-para-criancas#article","isPartOf":{"@id":"https:\/\/redenoticiaz.com.br\/ribeiraopreto-regiao\/sp\/2022\/04\/10\/a-importancia-da-educacao-ambiental-para-criancas"},"author":{"name":"Carina Reifonas","@id":"https:\/\/redenoticiaz.com.br\/ribeiraopreto-regiao\/#\/schema\/person\/1f84d6e94e6a62d2d81199d7503e9e90"},"headline":"A import\u00e2ncia da educa\u00e7\u00e3o ambiental para crian\u00e7as","datePublished":"2022-04-10T14:00:43+00:00","dateModified":"2022-04-11T14:13:20+00:00","mainEntityOfPage":{"@id":"https:\/\/redenoticiaz.com.br\/ribeiraopreto-regiao\/sp\/2022\/04\/10\/a-importancia-da-educacao-ambiental-para-criancas"},"wordCount":528,"commentCount":0,"publisher":{"@id":"https:\/\/redenoticiaz.com.br\/ribeiraopreto-regiao\/#organization"},"image":{"@id":"https:\/\/redenoticiaz.com.br\/ribeiraopreto-regiao\/sp\/2022\/04\/10\/a-importancia-da-educacao-ambiental-para-criancas#primaryimage"},"thumbnailUrl":"https:\/\/redenoticiaz.com.br\/ribeiraopreto-regiao\/wp-content\/uploads\/sites\/4\/2022\/04\/seedlings-gc2483f100_1920.jpg?v=1649284415","keywords":["A\u00c7\u00d5ES DE CONSCIENTIZA\u00c7\u00c3O","CONSCIENTIZA\u00c7\u00c3OAMBIENTAL","CRIAN\u00c7A","DESENVOLVIMENTOINFANTIL","EDUCA\u00c7\u00c3OAMBIENTAL"],"articleSection":["Meio Ambiente"],"inLanguage":"pt-BR","potentialAction":[{"@type":"CommentAction","name":"Comment","target":["https:\/\/redenoticiaz.com.br\/ribeiraopreto-regiao\/sp\/2022\/04\/10\/a-importancia-da-educacao-ambiental-para-criancas#respond"]}]},{"@type":"WebPage","@id":"https:\/\/redenoticiaz.com.br\/ribeiraopreto-regiao\/sp\/2022\/04\/10\/a-importancia-da-educacao-ambiental-para-criancas","url":"https:\/\/redenoticiaz.com.br\/ribeiraopreto-regiao\/sp\/2022\/04\/10\/a-importancia-da-educacao-ambiental-para-criancas","name":"A import\u00e2ncia da educa\u00e7\u00e3o ambiental para crian\u00e7as - Ribeir\u00e3o Preto e Regi\u00e3o","isPartOf":{"@id":"https:\/\/redenoticiaz.com.br\/ribeiraopreto-regiao\/#website"},"primaryImageOfPage":{"@id":"https:\/\/redenoticiaz.com.br\/ribeiraopreto-regiao\/sp\/2022\/04\/10\/a-importancia-da-educacao-ambiental-para-criancas#primaryimage"},"image":{"@id":"https:\/\/redenoticiaz.com.br\/ribeiraopreto-regiao\/sp\/2022\/04\/10\/a-importancia-da-educacao-ambiental-para-criancas#primaryimage"},"thumbnailUrl":"https:\/\/redenoticiaz.com.br\/ribeiraopreto-regiao\/wp-content\/uploads\/sites\/4\/2022\/04\/seedlings-gc2483f100_1920.jpg?v=1649284415","datePublished":"2022-04-10T14:00:43+00:00","dateModified":"2022-04-11T14:13:20+00:00","description":"A educa\u00e7\u00e3o ambiental na inf\u00e2ncia \u00e9 essencial para que essa gera\u00e7\u00e3o futuramente se torne adultos conscientes, com bons h\u00e1bitos, e preservem a natureza...","inLanguage":"pt-BR","potentialAction":[{"@type":"ReadAction","target":["https:\/\/redenoticiaz.com.br\/ribeiraopreto-regiao\/sp\/2022\/04\/10\/a-importancia-da-educacao-ambiental-para-criancas"]}]},{"@type":"ImageObject","inLanguage":"pt-BR","@id":"https:\/\/redenoticiaz.com.br\/ribeiraopreto-regiao\/sp\/2022\/04\/10\/a-importancia-da-educacao-ambiental-para-criancas#primaryimage","url":"https:\/\/redenoticiaz.com.br\/ribeiraopreto-regiao\/wp-content\/uploads\/sites\/4\/2022\/04\/seedlings-gc2483f100_1920.jpg?v=1649284415","contentUrl":"https:\/\/redenoticiaz.com.br\/ribeiraopreto-regiao\/wp-content\/uploads\/sites\/4\/2022\/04\/seedlings-gc2483f100_1920.jpg?v=1649284415","width":1620,"height":1080,"caption":"Incentivar a educa\u00e7\u00e3o ambiental desde cedo, contribui para que as crian\u00e7as preservem a natureza. Foto: Pixabay"},{"@type":"WebSite","@id":"https:\/\/redenoticiaz.com.br\/ribeiraopreto-regiao\/#website","url":"https:\/\/redenoticiaz.com.br\/ribeiraopreto-regiao\/","name":"Ribeir\u00e3o Preto e Regi\u00e3o","description":"Rede NoticiaZ - Ribeir\u00e3o Preto e regi\u00e3o","publisher":{"@id":"https:\/\/redenoticiaz.com.br\/ribeiraopreto-regiao\/#organization"},"potentialAction":[{"@type":"SearchAction","target":{"@type":"EntryPoint","urlTemplate":"https:\/\/redenoticiaz.com.br\/ribeiraopreto-regiao\/?s={search_term_string}"},"query-input":{"@type":"PropertyValueSpecification","valueRequired":true,"valueName":"search_term_string"}}],"inLanguage":"pt-BR"},{"@type":"Organization","@id":"https:\/\/redenoticiaz.com.br\/ribeiraopreto-regiao\/#organization","name":"Ribeir\u00e3o Preto e Regi\u00e3o","url":"https:\/\/redenoticiaz.com.br\/ribeiraopreto-regiao\/","logo":{"@type":"ImageObject","inLanguage":"pt-BR","@id":"https:\/\/redenoticiaz.com.br\/ribeiraopreto-regiao\/#\/schema\/logo\/image\/","url":"https:\/\/redenoticiaz.com.br\/barretos-regiao\/wp-content\/uploads\/sites\/4\/2022\/02\/logo.jpg","contentUrl":"https:\/\/redenoticiaz.com.br\/barretos-regiao\/wp-content\/uploads\/sites\/4\/2022\/02\/logo.jpg","width":400,"height":250,"caption":"Ribeir\u00e3o Preto e Regi\u00e3o"},"image":{"@id":"https:\/\/redenoticiaz.com.br\/ribeiraopreto-regiao\/#\/schema\/logo\/image\/"},"sameAs":["https:\/\/m.facebook.com\/redenoticiaz.barretos","https:\/\/x.com\/RN_barretos","https:\/\/www.instagram.com\/redenoticiaz.barretos\/?igshid=YmMyMTA2M2Y","https:\/\/www.linkedin.com\/company\/rede-noticiaz-barretos-e-regio\/"]},{"@type":"Person","@id":"https:\/\/redenoticiaz.com.br\/ribeiraopreto-regiao\/#\/schema\/person\/1f84d6e94e6a62d2d81199d7503e9e90","name":"Carina Reifonas","image":{"@type":"ImageObject","inLanguage":"pt-BR","@id":"https:\/\/secure.gravatar.com\/avatar\/04c59859b23696cf867715880f81d5c037e60109730bdb4e6670ec2a2245bc97?s=96&d=mm&r=g","url":"https:\/\/secure.gravatar.com\/avatar\/04c59859b23696cf867715880f81d5c037e60109730bdb4e6670ec2a2245bc97?s=96&d=mm&r=g","contentUrl":"https:\/\/secure.gravatar.com\/avatar\/04c59859b23696cf867715880f81d5c037e60109730bdb4e6670ec2a2245bc97?s=96&d=mm&r=g","caption":"Carina Reifonas"},"url":"https:\/\/redenoticiaz.com.br\/ribeiraopreto-regiao\/sp\/author\/carinareifonas"}]}},"_links":{"self":[{"href":"https:\/\/redenoticiaz.com.br\/ribeiraopreto-regiao\/wp-json\/wp\/v2\/posts\/2110","targetHints":{"allow":["GET"]}}],"collection":[{"href":"https:\/\/redenoticiaz.com.br\/ribeiraopreto-regiao\/wp-json\/wp\/v2\/posts"}],"about":[{"href":"https:\/\/redenoticiaz.com.br\/ribeiraopreto-regiao\/wp-json\/wp\/v2\/types\/post"}],"author":[{"embeddable":true,"href":"https:\/\/redenoticiaz.com.br\/ribeiraopreto-regiao\/wp-json\/wp\/v2\/users\/30"}],"replies":[{"embeddable":true,"href":"https:\/\/redenoticiaz.com.br\/ribeiraopreto-regiao\/wp-json\/wp\/v2\/comments?post=2110"}],"version-history":[{"count":2,"href":"https:\/\/redenoticiaz.com.br\/ribeiraopreto-regiao\/wp-json\/wp\/v2\/posts\/2110\/revisions"}],"predecessor-version":[{"id":2284,"href":"https:\/\/redenoticiaz.com.br\/ribeiraopreto-regiao\/wp-json\/wp\/v2\/posts\/2110\/revisions\/2284"}],"wp:featuredmedia":[{"embeddable":true,"href":"https:\/\/redenoticiaz.com.br\/ribeiraopreto-regiao\/wp-json\/wp\/v2\/media\/2111"}],"wp:attachment":[{"href":"https:\/\/redenoticiaz.com.br\/ribeiraopreto-regiao\/wp-json\/wp\/v2\/media?parent=2110"}],"wp:term":[{"taxonomy":"category","embeddable":true,"href":"https:\/\/redenoticiaz.com.br\/ribeiraopreto-regiao\/wp-json\/wp\/v2\/categories?post=2110"},{"taxonomy":"post_tag","embeddable":true,"href":"https:\/\/redenoticiaz.com.br\/ribeiraopreto-regiao\/wp-json\/wp\/v2\/tags?post=2110"}],"curies":[{"name":"wp","href":"https:\/\/api.w.org\/{rel}","templated":true}]}}