{"id":2135,"date":"2022-04-07T07:25:28","date_gmt":"2022-04-07T10:25:28","guid":{"rendered":"https:\/\/redenoticiaz.com.br\/barretos-regiao\/sp\/2022\/04\/07\/com-time-praticamente-reserva-palmeiras-estreia-com-goleada-na-libertadores"},"modified":"2022-04-07T07:28:38","modified_gmt":"2022-04-07T10:28:38","slug":"com-time-praticamente-reserva-palmeiras-estreia-com-goleada-na-libertadores","status":"publish","type":"post","link":"https:\/\/redenoticiaz.com.br\/ribeiraopreto-regiao\/sp\/2022\/04\/07\/com-time-praticamente-reserva-palmeiras-estreia-com-goleada-na-libertadores","title":{"rendered":"Com time praticamente reserva, Palmeiras estreia com goleada na Libertadores"},"content":{"rendered":"<p>O Palmeiras, mesmo como um time praticamente reserva, venceu de forma tranquila em sua estreia na <a href=\"https:\/\/www.conmebol.com\/pt-br\/\">Copa Libertadores<\/a>. O <strong>atual bicampe\u00e3o da competi\u00e7\u00e3o<\/strong>, encarou o Deportivo T\u00e1chira, na noite dessa quarta-feira (6), na Venezuela, e venceu por 4&#215;0.<\/p>\n<p>Do time campe\u00e3o Paulista, no \u00faltimo domingo (3), apenas Weverton, Gustavo Gomes, Dudu e Raphael Veiga iniciaram o jogo. Nem o t\u00e9cnico Abel Ferreira esteva \u00e0 frente da equipe. Mas, a aus\u00eancia do treinador se deu por conta de ter sido expulso no jogo da Recopa Sul-Americana.<\/p>\n<p>Como a vit\u00f3ria, o Verd\u00e3o assume a lideran\u00e7a do Grupo A com os primeiros tr\u00eas pontos conquistados. Independiente Petrolero e Emelecm que empataram na estreia em 1&#215;1, seguem na segunda e terceira coloca\u00e7\u00f5es. J\u00e1 o Deportivo T\u00e1chira \u00e9 o lanterna da chave.<\/p>\n<p><strong>Vit\u00f3ria tranquila<\/strong><\/p>\n<p>O Palmeiras n\u00e3o teve dificuldades de construir a sua primeira vit\u00f3ria rumo ao tetracampeonato da competi\u00e7\u00e3o Sul Americana. Logo aos dois minutos, Dudu quase abriu o placar em San Crist\u00f3bal. O atacante recebeu sozinho, na grande \u00e1rea, dominou e chutou colocado. A bola, por\u00e9m, se perdeu na linha de fundo.<\/p>\n<p>O camisa 7, entretanto, n\u00e3o desperdi\u00e7ou a segunda oportunidade que teve. E, aos sete minutos, tratou de abrir o marcador em chute rasteiro, mais uma vez livre dentro da grande \u00e1rea advers\u00e1ria.<\/p>\n<p>O Palmeiras quase ampliou o placar aos 24 minutos, ap\u00f3s boa cabeceada de Kuscevic, mas a bola explodi no travess\u00e3o. Entretanto, o segundo gol n\u00e3o tardou a acontecer. Quando eram jogados 34 minutos da etapa inicial, Raphael Veiga chutou colocado de fora da \u00e1rea e deixou o Verd\u00e3o anda mais tranquilo na partida.<\/p>\n<p>O Alviverde s\u00f3 n\u00e3o foi para o segundo tempo com a vit\u00f3ria praticamente decretada, porque Gabriel Veron, aos 43 minutos desperdi\u00e7ou uma chance incr\u00edvel, ao receber a bola na pequena \u00e1rea, mas finalizar para fora.<\/p>\n<h3><strong>Segundo tempo<\/strong><\/h3>\n<p>Por\u00e9m, n\u00e3o demorou muito para que a torcida palmeirense pudesse ficar totalmente relaxada. Logo aos dois minutos da etapa final, Rafael Navarro marcou o terceiro gol do Palmeiras e o seu primeiro com a camisa do Verd\u00e3o.<\/p>\n<p>O atacante, inclusive, foi o autor do quarto gol palmeirense. Aos sete minutos, ele recebeu excelente cruzamento de Wesley e cabeceou para o fundo do gol, sem dar a menor chance de defesa para o goleiro, e definir a goleada do Verd\u00e3o na Libertadores.<\/p>\n<h3><strong>Pr\u00f3ximos jogos do Palmeiras<\/strong><\/h3>\n<p>O Palmeiras volta a campo, neste s\u00e1bado (9), \u00e0s 21h40, diante do Cear\u00e1, no Allianz Parque, pela primeira rodada do Campeonato Brasileiro. Pela Libertadores, o Verd\u00e3o volta a jogar na pr\u00f3xima ter\u00e7a-feira (12), \u00e0s 21h30, diante do Independiente Petrolero, fora de casa.<\/p>\n<p><strong>LEIA TAMB\u00c9M<\/strong><\/p>\n<p><a href=\"https:\/\/redenoticiaz.com.br\/blog\/2022\/04\/06\/bragantino-estreia-na-libertadores-da-america-com-vitoria-sobre-o-nacional-uru\">Bragantino estreia na Libertadores da Am\u00e9rica com vit\u00f3ria sobre o Nacional-URU<\/a><\/p>\n","protected":false},"excerpt":{"rendered":"<p>O Palmeiras, mesmo como um time praticamente reserva, venceu de forma tranquila em sua estreia na Copa Libertadores. O atual bicampe\u00e3o da competi\u00e7\u00e3o, encarou o Deportivo T\u00e1chira, na noite dessa quarta-feira (6), na Venezuela, e venceu por 4&#215;0. Do time campe\u00e3o Paulista, no \u00faltimo domingo (3), apenas Weverton, Gustavo Gomes, Dudu e Raphael Veiga iniciaram &hellip;<\/p>\n","protected":false},"author":15,"featured_media":2136,"comment_status":"open","ping_status":"closed","sticky":false,"template":"","format":"standard","meta":{"footnotes":""},"categories":[87],"tags":[387,5953,161,9054],"class_list":["post-2135","post","type-post","status-publish","format-standard","has-post-thumbnail","hentry","category-esporte","tag-futebol","tag-libertadores","tag-palmeiras","tag-sul-americano"],"yoast_head":"<!-- This site is optimized with the Yoast SEO plugin v27.4 - https:\/\/yoast.com\/product\/yoast-seo-wordpress\/ -->\n<title>Com time praticamente reserva, Palmeiras estreia com goleada na Libertadores - Ribeir\u00e3o Preto e Regi\u00e3o<\/title>\n<meta name=\"description\" content=\"O Palmeiras, mesmo como um time praticamente reserva, venceu de forma tranquila em sua estreia na Copa Libertadores, fazendo 4x0 no Deportivo T\u00e1chira\" \/>\n<meta name=\"robots\" content=\"index, follow, max-snippet:-1, max-image-preview:large, max-video-preview:-1\" \/>\n<link rel=\"canonical\" href=\"https:\/\/redenoticiaz.com.br\/ribeiraopreto-regiao\/sp\/2022\/04\/07\/com-time-praticamente-reserva-palmeiras-estreia-com-goleada-na-libertadores\" \/>\n<meta property=\"og:locale\" content=\"pt_BR\" \/>\n<meta property=\"og:type\" content=\"article\" \/>\n<meta property=\"og:title\" content=\"Com time praticamente reserva, Palmeiras estreia com goleada na Libertadores - Ribeir\u00e3o Preto e Regi\u00e3o\" \/>\n<meta property=\"og:description\" content=\"O Palmeiras, mesmo como um time praticamente reserva, venceu de forma tranquila em sua estreia na Copa Libertadores, fazendo 4x0 no Deportivo T\u00e1chira\" \/>\n<meta property=\"og:url\" content=\"https:\/\/redenoticiaz.com.br\/ribeiraopreto-regiao\/sp\/2022\/04\/07\/com-time-praticamente-reserva-palmeiras-estreia-com-goleada-na-libertadores\" \/>\n<meta property=\"og:site_name\" content=\"Ribeir\u00e3o Preto e Regi\u00e3o\" \/>\n<meta property=\"article:publisher\" content=\"https:\/\/m.facebook.com\/redenoticiaz.barretos\" \/>\n<meta property=\"article:published_time\" content=\"2022-04-07T10:25:28+00:00\" \/>\n<meta property=\"article:modified_time\" content=\"2022-04-07T10:28:38+00:00\" \/>\n<meta property=\"og:image\" content=\"https:\/\/redenoticiaz.com.br\/ribeiraopreto-regiao\/wp-content\/uploads\/sites\/4\/2022\/02\/logo.jpg\" \/>\n\t<meta property=\"og:image:width\" content=\"400\" \/>\n\t<meta property=\"og:image:height\" content=\"250\" \/>\n\t<meta property=\"og:image:type\" content=\"image\/jpeg\" \/>\n<meta name=\"twitter:card\" content=\"summary_large_image\" \/>\n<meta name=\"twitter:creator\" content=\"@RN_barretos\" \/>\n<meta name=\"twitter:site\" content=\"@RN_barretos\" \/>\n<meta name=\"twitter:label1\" content=\"Escrito por\" \/>\n\t<meta name=\"twitter:data1\" content=\"\" \/>\n\t<meta name=\"twitter:label2\" content=\"Est. tempo de leitura\" \/>\n\t<meta name=\"twitter:data2\" content=\"2 minutos\" \/>\n<script type=\"application\/ld+json\" class=\"yoast-schema-graph\">{\"@context\":\"https:\\\/\\\/schema.org\",\"@graph\":[{\"@type\":\"Article\",\"@id\":\"https:\\\/\\\/redenoticiaz.com.br\\\/ribeiraopreto-regiao\\\/sp\\\/2022\\\/04\\\/07\\\/com-time-praticamente-reserva-palmeiras-estreia-com-goleada-na-libertadores#article\",\"isPartOf\":{\"@id\":\"https:\\\/\\\/redenoticiaz.com.br\\\/ribeiraopreto-regiao\\\/sp\\\/2022\\\/04\\\/07\\\/com-time-praticamente-reserva-palmeiras-estreia-com-goleada-na-libertadores\"},\"author\":{\"name\":\"\",\"@id\":\"\"},\"headline\":\"Com time praticamente reserva, Palmeiras estreia com goleada na Libertadores\",\"datePublished\":\"2022-04-07T10:25:28+00:00\",\"dateModified\":\"2022-04-07T10:28:38+00:00\",\"mainEntityOfPage\":{\"@id\":\"https:\\\/\\\/redenoticiaz.com.br\\\/ribeiraopreto-regiao\\\/sp\\\/2022\\\/04\\\/07\\\/com-time-praticamente-reserva-palmeiras-estreia-com-goleada-na-libertadores\"},\"wordCount\":482,\"commentCount\":0,\"publisher\":{\"@id\":\"https:\\\/\\\/redenoticiaz.com.br\\\/ribeiraopreto-regiao\\\/#organization\"},\"image\":{\"@id\":\"https:\\\/\\\/redenoticiaz.com.br\\\/ribeiraopreto-regiao\\\/sp\\\/2022\\\/04\\\/07\\\/com-time-praticamente-reserva-palmeiras-estreia-com-goleada-na-libertadores#primaryimage\"},\"thumbnailUrl\":\"https:\\\/\\\/redenoticiaz.com.br\\\/ribeiraopreto-regiao\\\/wp-content\\\/uploads\\\/sites\\\/4\\\/2022\\\/04\\\/sem-titulo-16.jpg?v=1649326949\",\"keywords\":[\"FUTEBOL\",\"LIBERTADORES\",\"Palmeiras\",\"Sul-Americano\"],\"articleSection\":[\"Esporte\"],\"inLanguage\":\"pt-BR\",\"potentialAction\":[{\"@type\":\"CommentAction\",\"name\":\"Comment\",\"target\":[\"https:\\\/\\\/redenoticiaz.com.br\\\/ribeiraopreto-regiao\\\/sp\\\/2022\\\/04\\\/07\\\/com-time-praticamente-reserva-palmeiras-estreia-com-goleada-na-libertadores#respond\"]}]},{\"@type\":\"WebPage\",\"@id\":\"https:\\\/\\\/redenoticiaz.com.br\\\/ribeiraopreto-regiao\\\/sp\\\/2022\\\/04\\\/07\\\/com-time-praticamente-reserva-palmeiras-estreia-com-goleada-na-libertadores\",\"url\":\"https:\\\/\\\/redenoticiaz.com.br\\\/ribeiraopreto-regiao\\\/sp\\\/2022\\\/04\\\/07\\\/com-time-praticamente-reserva-palmeiras-estreia-com-goleada-na-libertadores\",\"name\":\"Com time praticamente reserva, Palmeiras estreia com goleada na Libertadores - Ribeir\u00e3o Preto e Regi\u00e3o\",\"isPartOf\":{\"@id\":\"https:\\\/\\\/redenoticiaz.com.br\\\/ribeiraopreto-regiao\\\/#website\"},\"primaryImageOfPage\":{\"@id\":\"https:\\\/\\\/redenoticiaz.com.br\\\/ribeiraopreto-regiao\\\/sp\\\/2022\\\/04\\\/07\\\/com-time-praticamente-reserva-palmeiras-estreia-com-goleada-na-libertadores#primaryimage\"},\"image\":{\"@id\":\"https:\\\/\\\/redenoticiaz.com.br\\\/ribeiraopreto-regiao\\\/sp\\\/2022\\\/04\\\/07\\\/com-time-praticamente-reserva-palmeiras-estreia-com-goleada-na-libertadores#primaryimage\"},\"thumbnailUrl\":\"https:\\\/\\\/redenoticiaz.com.br\\\/ribeiraopreto-regiao\\\/wp-content\\\/uploads\\\/sites\\\/4\\\/2022\\\/04\\\/sem-titulo-16.jpg?v=1649326949\",\"datePublished\":\"2022-04-07T10:25:28+00:00\",\"dateModified\":\"2022-04-07T10:28:38+00:00\",\"description\":\"O Palmeiras, mesmo como um time praticamente reserva, venceu de forma tranquila em sua estreia na Copa Libertadores, fazendo 4x0 no Deportivo T\u00e1chira\",\"inLanguage\":\"pt-BR\",\"potentialAction\":[{\"@type\":\"ReadAction\",\"target\":[\"https:\\\/\\\/redenoticiaz.com.br\\\/ribeiraopreto-regiao\\\/sp\\\/2022\\\/04\\\/07\\\/com-time-praticamente-reserva-palmeiras-estreia-com-goleada-na-libertadores\"]}]},{\"@type\":\"ImageObject\",\"inLanguage\":\"pt-BR\",\"@id\":\"https:\\\/\\\/redenoticiaz.com.br\\\/ribeiraopreto-regiao\\\/sp\\\/2022\\\/04\\\/07\\\/com-time-praticamente-reserva-palmeiras-estreia-com-goleada-na-libertadores#primaryimage\",\"url\":\"https:\\\/\\\/redenoticiaz.com.br\\\/ribeiraopreto-regiao\\\/wp-content\\\/uploads\\\/sites\\\/4\\\/2022\\\/04\\\/sem-titulo-16.jpg?v=1649326949\",\"contentUrl\":\"https:\\\/\\\/redenoticiaz.com.br\\\/ribeiraopreto-regiao\\\/wp-content\\\/uploads\\\/sites\\\/4\\\/2022\\\/04\\\/sem-titulo-16.jpg?v=1649326949\",\"width\":653,\"height\":363,\"caption\":\"Palmeiras golea Deportivo T\u00e1chira, por 4c0, na estreia pela Libertadores (Foto: C\u00e9sar Greco\\\/Ag\u00eancia Palmeiras)\"},{\"@type\":\"WebSite\",\"@id\":\"https:\\\/\\\/redenoticiaz.com.br\\\/ribeiraopreto-regiao\\\/#website\",\"url\":\"https:\\\/\\\/redenoticiaz.com.br\\\/ribeiraopreto-regiao\\\/\",\"name\":\"Ribeir\u00e3o Preto e Regi\u00e3o\",\"description\":\"Rede NoticiaZ - Ribeir\u00e3o Preto e regi\u00e3o\",\"publisher\":{\"@id\":\"https:\\\/\\\/redenoticiaz.com.br\\\/ribeiraopreto-regiao\\\/#organization\"},\"potentialAction\":[{\"@type\":\"SearchAction\",\"target\":{\"@type\":\"EntryPoint\",\"urlTemplate\":\"https:\\\/\\\/redenoticiaz.com.br\\\/ribeiraopreto-regiao\\\/?s={search_term_string}\"},\"query-input\":{\"@type\":\"PropertyValueSpecification\",\"valueRequired\":true,\"valueName\":\"search_term_string\"}}],\"inLanguage\":\"pt-BR\"},{\"@type\":\"Organization\",\"@id\":\"https:\\\/\\\/redenoticiaz.com.br\\\/ribeiraopreto-regiao\\\/#organization\",\"name\":\"Ribeir\u00e3o Preto e Regi\u00e3o\",\"url\":\"https:\\\/\\\/redenoticiaz.com.br\\\/ribeiraopreto-regiao\\\/\",\"logo\":{\"@type\":\"ImageObject\",\"inLanguage\":\"pt-BR\",\"@id\":\"https:\\\/\\\/redenoticiaz.com.br\\\/ribeiraopreto-regiao\\\/#\\\/schema\\\/logo\\\/image\\\/\",\"url\":\"https:\\\/\\\/redenoticiaz.com.br\\\/barretos-regiao\\\/wp-content\\\/uploads\\\/sites\\\/4\\\/2022\\\/02\\\/logo.jpg\",\"contentUrl\":\"https:\\\/\\\/redenoticiaz.com.br\\\/barretos-regiao\\\/wp-content\\\/uploads\\\/sites\\\/4\\\/2022\\\/02\\\/logo.jpg\",\"width\":400,\"height\":250,\"caption\":\"Ribeir\u00e3o Preto e Regi\u00e3o\"},\"image\":{\"@id\":\"https:\\\/\\\/redenoticiaz.com.br\\\/ribeiraopreto-regiao\\\/#\\\/schema\\\/logo\\\/image\\\/\"},\"sameAs\":[\"https:\\\/\\\/m.facebook.com\\\/redenoticiaz.barretos\",\"https:\\\/\\\/x.com\\\/RN_barretos\",\"https:\\\/\\\/www.instagram.com\\\/redenoticiaz.barretos\\\/?igshid=YmMyMTA2M2Y\",\"https:\\\/\\\/www.linkedin.com\\\/company\\\/rede-noticiaz-barretos-e-regio\\\/\"]},{\"@type\":\"Person\",\"@id\":\"\",\"url\":\"https:\\\/\\\/redenoticiaz.com.br\\\/ribeiraopreto-regiao\\\/sp\\\/author\"}]}<\/script>\n<!-- \/ Yoast SEO plugin. -->","yoast_head_json":{"title":"Com time praticamente reserva, Palmeiras estreia com goleada na Libertadores - Ribeir\u00e3o Preto e Regi\u00e3o","description":"O Palmeiras, mesmo como um time praticamente reserva, venceu de forma tranquila em sua estreia na Copa Libertadores, fazendo 4x0 no Deportivo T\u00e1chira","robots":{"index":"index","follow":"follow","max-snippet":"max-snippet:-1","max-image-preview":"max-image-preview:large","max-video-preview":"max-video-preview:-1"},"canonical":"https:\/\/redenoticiaz.com.br\/ribeiraopreto-regiao\/sp\/2022\/04\/07\/com-time-praticamente-reserva-palmeiras-estreia-com-goleada-na-libertadores","og_locale":"pt_BR","og_type":"article","og_title":"Com time praticamente reserva, Palmeiras estreia com goleada na Libertadores - Ribeir\u00e3o Preto e Regi\u00e3o","og_description":"O Palmeiras, mesmo como um time praticamente reserva, venceu de forma tranquila em sua estreia na Copa Libertadores, fazendo 4x0 no Deportivo T\u00e1chira","og_url":"https:\/\/redenoticiaz.com.br\/ribeiraopreto-regiao\/sp\/2022\/04\/07\/com-time-praticamente-reserva-palmeiras-estreia-com-goleada-na-libertadores","og_site_name":"Ribeir\u00e3o Preto e Regi\u00e3o","article_publisher":"https:\/\/m.facebook.com\/redenoticiaz.barretos","article_published_time":"2022-04-07T10:25:28+00:00","article_modified_time":"2022-04-07T10:28:38+00:00","og_image":[{"width":400,"height":250,"url":"https:\/\/redenoticiaz.com.br\/ribeiraopreto-regiao\/wp-content\/uploads\/sites\/4\/2022\/02\/logo.jpg","type":"image\/jpeg"}],"twitter_card":"summary_large_image","twitter_creator":"@RN_barretos","twitter_site":"@RN_barretos","twitter_misc":{"Escrito por":"","Est. tempo de leitura":"2 minutos"},"schema":{"@context":"https:\/\/schema.org","@graph":[{"@type":"Article","@id":"https:\/\/redenoticiaz.com.br\/ribeiraopreto-regiao\/sp\/2022\/04\/07\/com-time-praticamente-reserva-palmeiras-estreia-com-goleada-na-libertadores#article","isPartOf":{"@id":"https:\/\/redenoticiaz.com.br\/ribeiraopreto-regiao\/sp\/2022\/04\/07\/com-time-praticamente-reserva-palmeiras-estreia-com-goleada-na-libertadores"},"author":{"name":"","@id":""},"headline":"Com time praticamente reserva, Palmeiras estreia com goleada na Libertadores","datePublished":"2022-04-07T10:25:28+00:00","dateModified":"2022-04-07T10:28:38+00:00","mainEntityOfPage":{"@id":"https:\/\/redenoticiaz.com.br\/ribeiraopreto-regiao\/sp\/2022\/04\/07\/com-time-praticamente-reserva-palmeiras-estreia-com-goleada-na-libertadores"},"wordCount":482,"commentCount":0,"publisher":{"@id":"https:\/\/redenoticiaz.com.br\/ribeiraopreto-regiao\/#organization"},"image":{"@id":"https:\/\/redenoticiaz.com.br\/ribeiraopreto-regiao\/sp\/2022\/04\/07\/com-time-praticamente-reserva-palmeiras-estreia-com-goleada-na-libertadores#primaryimage"},"thumbnailUrl":"https:\/\/redenoticiaz.com.br\/ribeiraopreto-regiao\/wp-content\/uploads\/sites\/4\/2022\/04\/sem-titulo-16.jpg?v=1649326949","keywords":["FUTEBOL","LIBERTADORES","Palmeiras","Sul-Americano"],"articleSection":["Esporte"],"inLanguage":"pt-BR","potentialAction":[{"@type":"CommentAction","name":"Comment","target":["https:\/\/redenoticiaz.com.br\/ribeiraopreto-regiao\/sp\/2022\/04\/07\/com-time-praticamente-reserva-palmeiras-estreia-com-goleada-na-libertadores#respond"]}]},{"@type":"WebPage","@id":"https:\/\/redenoticiaz.com.br\/ribeiraopreto-regiao\/sp\/2022\/04\/07\/com-time-praticamente-reserva-palmeiras-estreia-com-goleada-na-libertadores","url":"https:\/\/redenoticiaz.com.br\/ribeiraopreto-regiao\/sp\/2022\/04\/07\/com-time-praticamente-reserva-palmeiras-estreia-com-goleada-na-libertadores","name":"Com time praticamente reserva, Palmeiras estreia com goleada na Libertadores - Ribeir\u00e3o Preto e Regi\u00e3o","isPartOf":{"@id":"https:\/\/redenoticiaz.com.br\/ribeiraopreto-regiao\/#website"},"primaryImageOfPage":{"@id":"https:\/\/redenoticiaz.com.br\/ribeiraopreto-regiao\/sp\/2022\/04\/07\/com-time-praticamente-reserva-palmeiras-estreia-com-goleada-na-libertadores#primaryimage"},"image":{"@id":"https:\/\/redenoticiaz.com.br\/ribeiraopreto-regiao\/sp\/2022\/04\/07\/com-time-praticamente-reserva-palmeiras-estreia-com-goleada-na-libertadores#primaryimage"},"thumbnailUrl":"https:\/\/redenoticiaz.com.br\/ribeiraopreto-regiao\/wp-content\/uploads\/sites\/4\/2022\/04\/sem-titulo-16.jpg?v=1649326949","datePublished":"2022-04-07T10:25:28+00:00","dateModified":"2022-04-07T10:28:38+00:00","description":"O Palmeiras, mesmo como um time praticamente reserva, venceu de forma tranquila em sua estreia na Copa Libertadores, fazendo 4x0 no Deportivo T\u00e1chira","inLanguage":"pt-BR","potentialAction":[{"@type":"ReadAction","target":["https:\/\/redenoticiaz.com.br\/ribeiraopreto-regiao\/sp\/2022\/04\/07\/com-time-praticamente-reserva-palmeiras-estreia-com-goleada-na-libertadores"]}]},{"@type":"ImageObject","inLanguage":"pt-BR","@id":"https:\/\/redenoticiaz.com.br\/ribeiraopreto-regiao\/sp\/2022\/04\/07\/com-time-praticamente-reserva-palmeiras-estreia-com-goleada-na-libertadores#primaryimage","url":"https:\/\/redenoticiaz.com.br\/ribeiraopreto-regiao\/wp-content\/uploads\/sites\/4\/2022\/04\/sem-titulo-16.jpg?v=1649326949","contentUrl":"https:\/\/redenoticiaz.com.br\/ribeiraopreto-regiao\/wp-content\/uploads\/sites\/4\/2022\/04\/sem-titulo-16.jpg?v=1649326949","width":653,"height":363,"caption":"Palmeiras golea Deportivo T\u00e1chira, por 4c0, na estreia pela Libertadores (Foto: C\u00e9sar Greco\/Ag\u00eancia Palmeiras)"},{"@type":"WebSite","@id":"https:\/\/redenoticiaz.com.br\/ribeiraopreto-regiao\/#website","url":"https:\/\/redenoticiaz.com.br\/ribeiraopreto-regiao\/","name":"Ribeir\u00e3o Preto e Regi\u00e3o","description":"Rede NoticiaZ - Ribeir\u00e3o Preto e regi\u00e3o","publisher":{"@id":"https:\/\/redenoticiaz.com.br\/ribeiraopreto-regiao\/#organization"},"potentialAction":[{"@type":"SearchAction","target":{"@type":"EntryPoint","urlTemplate":"https:\/\/redenoticiaz.com.br\/ribeiraopreto-regiao\/?s={search_term_string}"},"query-input":{"@type":"PropertyValueSpecification","valueRequired":true,"valueName":"search_term_string"}}],"inLanguage":"pt-BR"},{"@type":"Organization","@id":"https:\/\/redenoticiaz.com.br\/ribeiraopreto-regiao\/#organization","name":"Ribeir\u00e3o Preto e Regi\u00e3o","url":"https:\/\/redenoticiaz.com.br\/ribeiraopreto-regiao\/","logo":{"@type":"ImageObject","inLanguage":"pt-BR","@id":"https:\/\/redenoticiaz.com.br\/ribeiraopreto-regiao\/#\/schema\/logo\/image\/","url":"https:\/\/redenoticiaz.com.br\/barretos-regiao\/wp-content\/uploads\/sites\/4\/2022\/02\/logo.jpg","contentUrl":"https:\/\/redenoticiaz.com.br\/barretos-regiao\/wp-content\/uploads\/sites\/4\/2022\/02\/logo.jpg","width":400,"height":250,"caption":"Ribeir\u00e3o Preto e Regi\u00e3o"},"image":{"@id":"https:\/\/redenoticiaz.com.br\/ribeiraopreto-regiao\/#\/schema\/logo\/image\/"},"sameAs":["https:\/\/m.facebook.com\/redenoticiaz.barretos","https:\/\/x.com\/RN_barretos","https:\/\/www.instagram.com\/redenoticiaz.barretos\/?igshid=YmMyMTA2M2Y","https:\/\/www.linkedin.com\/company\/rede-noticiaz-barretos-e-regio\/"]},{"@type":"Person","@id":"","url":"https:\/\/redenoticiaz.com.br\/ribeiraopreto-regiao\/sp\/author"}]}},"_links":{"self":[{"href":"https:\/\/redenoticiaz.com.br\/ribeiraopreto-regiao\/wp-json\/wp\/v2\/posts\/2135","targetHints":{"allow":["GET"]}}],"collection":[{"href":"https:\/\/redenoticiaz.com.br\/ribeiraopreto-regiao\/wp-json\/wp\/v2\/posts"}],"about":[{"href":"https:\/\/redenoticiaz.com.br\/ribeiraopreto-regiao\/wp-json\/wp\/v2\/types\/post"}],"author":[{"embeddable":true,"href":"https:\/\/redenoticiaz.com.br\/ribeiraopreto-regiao\/wp-json\/wp\/v2\/users\/15"}],"replies":[{"embeddable":true,"href":"https:\/\/redenoticiaz.com.br\/ribeiraopreto-regiao\/wp-json\/wp\/v2\/comments?post=2135"}],"version-history":[{"count":1,"href":"https:\/\/redenoticiaz.com.br\/ribeiraopreto-regiao\/wp-json\/wp\/v2\/posts\/2135\/revisions"}],"predecessor-version":[{"id":2137,"href":"https:\/\/redenoticiaz.com.br\/ribeiraopreto-regiao\/wp-json\/wp\/v2\/posts\/2135\/revisions\/2137"}],"wp:featuredmedia":[{"embeddable":true,"href":"https:\/\/redenoticiaz.com.br\/ribeiraopreto-regiao\/wp-json\/wp\/v2\/media\/2136"}],"wp:attachment":[{"href":"https:\/\/redenoticiaz.com.br\/ribeiraopreto-regiao\/wp-json\/wp\/v2\/media?parent=2135"}],"wp:term":[{"taxonomy":"category","embeddable":true,"href":"https:\/\/redenoticiaz.com.br\/ribeiraopreto-regiao\/wp-json\/wp\/v2\/categories?post=2135"},{"taxonomy":"post_tag","embeddable":true,"href":"https:\/\/redenoticiaz.com.br\/ribeiraopreto-regiao\/wp-json\/wp\/v2\/tags?post=2135"}],"curies":[{"name":"wp","href":"https:\/\/api.w.org\/{rel}","templated":true}]}}