{"id":2311,"date":"2022-04-11T15:44:00","date_gmt":"2022-04-11T18:44:00","guid":{"rendered":"https:\/\/redenoticiaz.com.br\/barretos-regiao\/?p=2311"},"modified":"2022-04-11T15:44:00","modified_gmt":"2022-04-11T18:44:00","slug":"barretos-motorcycles-inicia-venda-de-pacotes-para-motociclistas","status":"publish","type":"post","link":"https:\/\/redenoticiaz.com.br\/ribeiraopreto-regiao\/sp\/2022\/04\/11\/barretos-motorcycles-inicia-venda-de-pacotes-para-motociclistas","title":{"rendered":"Barretos Motorcycles inicia venda de pacotes para motociclistas"},"content":{"rendered":"<p>Os motociclistas que est\u00e3o se preparando para a 18\u00aa edi\u00e7\u00e3o do Barretos Motorcycles j\u00e1 podem realizar o cadastro e adquirir os acessos para o evento, que movimenta o setor no final deste m\u00eas.<\/p>\n<p>O tradicional encontro ocorre no Parque do Pe\u00e3o, de 29 de abril a 01 de maio, com diversas atra\u00e7\u00f5es na programa\u00e7\u00e3o, incluindo shows com bandas que s\u00e3o destaques do rock nacional como Biquini Cavad\u00e3o, Raimundos, Overdrive Duo, bandas de pop e rock regionais, bar tem\u00e1tico e apresenta\u00e7\u00e3o de renomadas equipes de acrobacias.<\/p>\n<p>O local tamb\u00e9m recebe diversos expositores com lan\u00e7amentos e novidades para o setor de motos. E uma das novidades deste ano que \u00e9 o espa\u00e7o feminino Women Bikers com atra\u00e7\u00f5es exclusivas para mulheres.<\/p>\n<p>As vendas acontecem exclusivamente pelo site\u00a0<a href=\"https:\/\/www.independentes.com.br\/motorcycles\/\">https:\/\/www.independentes.com.br\/motorcycles\/<\/a><\/p>\n<h4>Tipos de acessos<\/h4>\n<p>O motociclista poder\u00e1 optar entre os ingressos &#8212; chamados pacotes &#8212; que d\u00e3o acesso de sexta a domingo; s\u00e1bado a domingo ou somente domingo; com ou sem acompanhante (garupa). Confira os valores:<\/p>\n<p>&#8211; Pacote Motociclista &#8212; de sexta a domingo: R? 70<\/p>\n<p>&#8211; Pacote Motociclista &#8212; de s\u00e1bado a domingo: R? 50<\/p>\n<p>&#8211; Pacote Motociclista e Acompanhante &#8212; de sexta a domingo: R? 140<\/p>\n<p>&#8211; Pacote Motociclista e Acompanhante &#8212; de s\u00e1bado a domingo: R? 100<\/p>\n<p>As vendas dos pacotes acontecem exclusivamente por meio do site. O motociclista (com ou sem garupa) que optar por ir somente no domingo, o ingresso deve ser adquirido diretamente nas bilheterias.<\/p>\n<p>J\u00e1 os pedestres, que s\u00e3o os visitantes que n\u00e3o entram no evento com motos, a venda acontece pelo site totalacesso?com ou na Loja Os Independentes, localizada em Barretos (av. 43, esquina com a rua 38).<\/p>\n<h4>\n<p>Camping<\/h4>\n<p>A organiza\u00e7\u00e3o do evento tamb\u00e9m disponibiliza duas \u00e1reas para acampamento de motociclistas: o camping tradicional e o vip. Os pacotes para essas op\u00e7\u00f5es tamb\u00e9m est\u00e3o dispon\u00edveis para venda no site.<\/p>\n<p>&nbsp;<\/p>\n<h4>Programa\u00e7\u00e3o completa:<\/h4>\n<p>Dia 29 de abril: shows de acrobacias, Raimundos, Trecho Urbano, Tia Zicca<\/p>\n<p>Dia 30 de abril: Biquini Cavad\u00e3o, Overdrive Duo, Receita Coletiva e DJ Thomazini; Encontro Nacional e Internacional de Hayabusas<\/p>\n<p>Dia 01 de maio: shows de acrobacias, DJ Thomazini e banda Rockveras<\/p>\n<p>LEIA TAMB\u00c9M:\u00a0<a href=\"https:\/\/redenoticiaz.com.br\/barretos-regiao\/sp\/2022\/04\/08\/barretos-participa-de-evento-que-promove-o-turismo-na-america-latina\">Barretos participa de evento que promove o turismo na Am\u00e9rica Latina<\/a><\/p>\n","protected":false},"excerpt":{"rendered":"<p>Os motociclistas que est\u00e3o se preparando para a 18\u00aa edi\u00e7\u00e3o do Barretos Motorcycles j\u00e1 podem realizar o cadastro e adquirir os acessos para o evento, que movimenta o setor no final deste m\u00eas. O tradicional encontro ocorre no Parque do Pe\u00e3o, de 29 de abril a 01 de maio, com diversas atra\u00e7\u00f5es na programa\u00e7\u00e3o, incluindo &hellip;<\/p>\n","protected":false},"author":15,"featured_media":2312,"comment_status":"open","ping_status":"closed","sticky":false,"template":"","format":"standard","meta":{"footnotes":""},"categories":[815],"tags":[613,8757,7868,664],"class_list":["post-2311","post","type-post","status-publish","format-standard","has-post-thumbnail","hentry","category-cultura-e-musica","tag-evento","tag-motociclista","tag-parque-do-peao","tag-show"],"yoast_head":"<!-- This site is optimized with the Yoast SEO plugin v27.4 - https:\/\/yoast.com\/product\/yoast-seo-wordpress\/ -->\n<title>Barretos Motorcycles inicia venda de pacotes para motociclistas - Ribeir\u00e3o Preto e Regi\u00e3o<\/title>\n<meta name=\"description\" content=\"18\u00aa edi\u00e7\u00e3o do Barretos Motorcycles j\u00e1 podem realizar o cadastro e adquirir os acessos para o evento, que movimenta o setor no final deste m\u00eas.\" \/>\n<meta name=\"robots\" content=\"index, follow, max-snippet:-1, max-image-preview:large, max-video-preview:-1\" \/>\n<link rel=\"canonical\" href=\"https:\/\/redenoticiaz.com.br\/ribeiraopreto-regiao\/sp\/2022\/04\/11\/barretos-motorcycles-inicia-venda-de-pacotes-para-motociclistas\" \/>\n<meta property=\"og:locale\" content=\"pt_BR\" \/>\n<meta property=\"og:type\" content=\"article\" \/>\n<meta property=\"og:title\" content=\"Barretos Motorcycles inicia venda de pacotes para motociclistas - Ribeir\u00e3o Preto e Regi\u00e3o\" \/>\n<meta property=\"og:description\" content=\"18\u00aa edi\u00e7\u00e3o do Barretos Motorcycles j\u00e1 podem realizar o cadastro e adquirir os acessos para o evento, que movimenta o setor no final deste m\u00eas.\" \/>\n<meta property=\"og:url\" content=\"https:\/\/redenoticiaz.com.br\/ribeiraopreto-regiao\/sp\/2022\/04\/11\/barretos-motorcycles-inicia-venda-de-pacotes-para-motociclistas\" \/>\n<meta property=\"og:site_name\" content=\"Ribeir\u00e3o Preto e Regi\u00e3o\" \/>\n<meta property=\"article:publisher\" content=\"https:\/\/m.facebook.com\/redenoticiaz.barretos\" \/>\n<meta property=\"article:published_time\" content=\"2022-04-11T18:44:00+00:00\" \/>\n<meta property=\"og:image\" content=\"https:\/\/redenoticiaz.com.br\/ribeiraopreto-regiao\/wp-content\/uploads\/sites\/4\/2022\/04\/164942206162502eed5bb97.jpeg\" \/>\n\t<meta property=\"og:image:width\" content=\"1280\" \/>\n\t<meta property=\"og:image:height\" content=\"853\" \/>\n\t<meta property=\"og:image:type\" content=\"image\/jpeg\" \/>\n<meta name=\"twitter:card\" content=\"summary_large_image\" \/>\n<meta name=\"twitter:creator\" content=\"@RN_barretos\" \/>\n<meta name=\"twitter:site\" content=\"@RN_barretos\" \/>\n<meta name=\"twitter:label1\" content=\"Escrito por\" \/>\n\t<meta name=\"twitter:data1\" content=\"\" \/>\n\t<meta name=\"twitter:label2\" content=\"Est. tempo de leitura\" \/>\n\t<meta name=\"twitter:data2\" content=\"2 minutos\" \/>\n<script type=\"application\/ld+json\" class=\"yoast-schema-graph\">{\"@context\":\"https:\\\/\\\/schema.org\",\"@graph\":[{\"@type\":\"Article\",\"@id\":\"https:\\\/\\\/redenoticiaz.com.br\\\/ribeiraopreto-regiao\\\/sp\\\/2022\\\/04\\\/11\\\/barretos-motorcycles-inicia-venda-de-pacotes-para-motociclistas#article\",\"isPartOf\":{\"@id\":\"https:\\\/\\\/redenoticiaz.com.br\\\/ribeiraopreto-regiao\\\/sp\\\/2022\\\/04\\\/11\\\/barretos-motorcycles-inicia-venda-de-pacotes-para-motociclistas\"},\"author\":{\"name\":\"\",\"@id\":\"\"},\"headline\":\"Barretos Motorcycles inicia venda de pacotes para motociclistas\",\"datePublished\":\"2022-04-11T18:44:00+00:00\",\"mainEntityOfPage\":{\"@id\":\"https:\\\/\\\/redenoticiaz.com.br\\\/ribeiraopreto-regiao\\\/sp\\\/2022\\\/04\\\/11\\\/barretos-motorcycles-inicia-venda-de-pacotes-para-motociclistas\"},\"wordCount\":391,\"commentCount\":0,\"publisher\":{\"@id\":\"https:\\\/\\\/redenoticiaz.com.br\\\/ribeiraopreto-regiao\\\/#organization\"},\"image\":{\"@id\":\"https:\\\/\\\/redenoticiaz.com.br\\\/ribeiraopreto-regiao\\\/sp\\\/2022\\\/04\\\/11\\\/barretos-motorcycles-inicia-venda-de-pacotes-para-motociclistas#primaryimage\"},\"thumbnailUrl\":\"https:\\\/\\\/redenoticiaz.com.br\\\/ribeiraopreto-regiao\\\/wp-content\\\/uploads\\\/sites\\\/4\\\/2022\\\/04\\\/164942206162502eed5bb97.jpeg\",\"keywords\":[\"EVENTO\",\"MOTOCICLISTA\",\"PARQUE DO PE\u00c3O\",\"SHOW\"],\"articleSection\":[\"Cultura e M\u00fasica\"],\"inLanguage\":\"pt-BR\",\"potentialAction\":[{\"@type\":\"CommentAction\",\"name\":\"Comment\",\"target\":[\"https:\\\/\\\/redenoticiaz.com.br\\\/ribeiraopreto-regiao\\\/sp\\\/2022\\\/04\\\/11\\\/barretos-motorcycles-inicia-venda-de-pacotes-para-motociclistas#respond\"]}]},{\"@type\":\"WebPage\",\"@id\":\"https:\\\/\\\/redenoticiaz.com.br\\\/ribeiraopreto-regiao\\\/sp\\\/2022\\\/04\\\/11\\\/barretos-motorcycles-inicia-venda-de-pacotes-para-motociclistas\",\"url\":\"https:\\\/\\\/redenoticiaz.com.br\\\/ribeiraopreto-regiao\\\/sp\\\/2022\\\/04\\\/11\\\/barretos-motorcycles-inicia-venda-de-pacotes-para-motociclistas\",\"name\":\"Barretos Motorcycles inicia venda de pacotes para motociclistas - Ribeir\u00e3o Preto e Regi\u00e3o\",\"isPartOf\":{\"@id\":\"https:\\\/\\\/redenoticiaz.com.br\\\/ribeiraopreto-regiao\\\/#website\"},\"primaryImageOfPage\":{\"@id\":\"https:\\\/\\\/redenoticiaz.com.br\\\/ribeiraopreto-regiao\\\/sp\\\/2022\\\/04\\\/11\\\/barretos-motorcycles-inicia-venda-de-pacotes-para-motociclistas#primaryimage\"},\"image\":{\"@id\":\"https:\\\/\\\/redenoticiaz.com.br\\\/ribeiraopreto-regiao\\\/sp\\\/2022\\\/04\\\/11\\\/barretos-motorcycles-inicia-venda-de-pacotes-para-motociclistas#primaryimage\"},\"thumbnailUrl\":\"https:\\\/\\\/redenoticiaz.com.br\\\/ribeiraopreto-regiao\\\/wp-content\\\/uploads\\\/sites\\\/4\\\/2022\\\/04\\\/164942206162502eed5bb97.jpeg\",\"datePublished\":\"2022-04-11T18:44:00+00:00\",\"description\":\"18\u00aa edi\u00e7\u00e3o do Barretos Motorcycles j\u00e1 podem realizar o cadastro e adquirir os acessos para o evento, que movimenta o setor no final deste m\u00eas.\",\"inLanguage\":\"pt-BR\",\"potentialAction\":[{\"@type\":\"ReadAction\",\"target\":[\"https:\\\/\\\/redenoticiaz.com.br\\\/ribeiraopreto-regiao\\\/sp\\\/2022\\\/04\\\/11\\\/barretos-motorcycles-inicia-venda-de-pacotes-para-motociclistas\"]}]},{\"@type\":\"ImageObject\",\"inLanguage\":\"pt-BR\",\"@id\":\"https:\\\/\\\/redenoticiaz.com.br\\\/ribeiraopreto-regiao\\\/sp\\\/2022\\\/04\\\/11\\\/barretos-motorcycles-inicia-venda-de-pacotes-para-motociclistas#primaryimage\",\"url\":\"https:\\\/\\\/redenoticiaz.com.br\\\/ribeiraopreto-regiao\\\/wp-content\\\/uploads\\\/sites\\\/4\\\/2022\\\/04\\\/164942206162502eed5bb97.jpeg\",\"contentUrl\":\"https:\\\/\\\/redenoticiaz.com.br\\\/ribeiraopreto-regiao\\\/wp-content\\\/uploads\\\/sites\\\/4\\\/2022\\\/04\\\/164942206162502eed5bb97.jpeg\",\"width\":1280,\"height\":853,\"caption\":\"Evento re\u00fane motociclistas de todo Pa\u00eds no Parque do Pe\u00e3o, em Barretos. Foto: CROSSNAVEIA |\"},{\"@type\":\"WebSite\",\"@id\":\"https:\\\/\\\/redenoticiaz.com.br\\\/ribeiraopreto-regiao\\\/#website\",\"url\":\"https:\\\/\\\/redenoticiaz.com.br\\\/ribeiraopreto-regiao\\\/\",\"name\":\"Ribeir\u00e3o Preto e Regi\u00e3o\",\"description\":\"Rede NoticiaZ - Ribeir\u00e3o Preto e regi\u00e3o\",\"publisher\":{\"@id\":\"https:\\\/\\\/redenoticiaz.com.br\\\/ribeiraopreto-regiao\\\/#organization\"},\"potentialAction\":[{\"@type\":\"SearchAction\",\"target\":{\"@type\":\"EntryPoint\",\"urlTemplate\":\"https:\\\/\\\/redenoticiaz.com.br\\\/ribeiraopreto-regiao\\\/?s={search_term_string}\"},\"query-input\":{\"@type\":\"PropertyValueSpecification\",\"valueRequired\":true,\"valueName\":\"search_term_string\"}}],\"inLanguage\":\"pt-BR\"},{\"@type\":\"Organization\",\"@id\":\"https:\\\/\\\/redenoticiaz.com.br\\\/ribeiraopreto-regiao\\\/#organization\",\"name\":\"Ribeir\u00e3o Preto e Regi\u00e3o\",\"url\":\"https:\\\/\\\/redenoticiaz.com.br\\\/ribeiraopreto-regiao\\\/\",\"logo\":{\"@type\":\"ImageObject\",\"inLanguage\":\"pt-BR\",\"@id\":\"https:\\\/\\\/redenoticiaz.com.br\\\/ribeiraopreto-regiao\\\/#\\\/schema\\\/logo\\\/image\\\/\",\"url\":\"https:\\\/\\\/redenoticiaz.com.br\\\/barretos-regiao\\\/wp-content\\\/uploads\\\/sites\\\/4\\\/2022\\\/02\\\/logo.jpg\",\"contentUrl\":\"https:\\\/\\\/redenoticiaz.com.br\\\/barretos-regiao\\\/wp-content\\\/uploads\\\/sites\\\/4\\\/2022\\\/02\\\/logo.jpg\",\"width\":400,\"height\":250,\"caption\":\"Ribeir\u00e3o Preto e Regi\u00e3o\"},\"image\":{\"@id\":\"https:\\\/\\\/redenoticiaz.com.br\\\/ribeiraopreto-regiao\\\/#\\\/schema\\\/logo\\\/image\\\/\"},\"sameAs\":[\"https:\\\/\\\/m.facebook.com\\\/redenoticiaz.barretos\",\"https:\\\/\\\/x.com\\\/RN_barretos\",\"https:\\\/\\\/www.instagram.com\\\/redenoticiaz.barretos\\\/?igshid=YmMyMTA2M2Y\",\"https:\\\/\\\/www.linkedin.com\\\/company\\\/rede-noticiaz-barretos-e-regio\\\/\"]},{\"@type\":\"Person\",\"@id\":\"\",\"url\":\"https:\\\/\\\/redenoticiaz.com.br\\\/ribeiraopreto-regiao\\\/sp\\\/author\"}]}<\/script>\n<!-- \/ Yoast SEO plugin. -->","yoast_head_json":{"title":"Barretos Motorcycles inicia venda de pacotes para motociclistas - Ribeir\u00e3o Preto e Regi\u00e3o","description":"18\u00aa edi\u00e7\u00e3o do Barretos Motorcycles j\u00e1 podem realizar o cadastro e adquirir os acessos para o evento, que movimenta o setor no final deste m\u00eas.","robots":{"index":"index","follow":"follow","max-snippet":"max-snippet:-1","max-image-preview":"max-image-preview:large","max-video-preview":"max-video-preview:-1"},"canonical":"https:\/\/redenoticiaz.com.br\/ribeiraopreto-regiao\/sp\/2022\/04\/11\/barretos-motorcycles-inicia-venda-de-pacotes-para-motociclistas","og_locale":"pt_BR","og_type":"article","og_title":"Barretos Motorcycles inicia venda de pacotes para motociclistas - Ribeir\u00e3o Preto e Regi\u00e3o","og_description":"18\u00aa edi\u00e7\u00e3o do Barretos Motorcycles j\u00e1 podem realizar o cadastro e adquirir os acessos para o evento, que movimenta o setor no final deste m\u00eas.","og_url":"https:\/\/redenoticiaz.com.br\/ribeiraopreto-regiao\/sp\/2022\/04\/11\/barretos-motorcycles-inicia-venda-de-pacotes-para-motociclistas","og_site_name":"Ribeir\u00e3o Preto e Regi\u00e3o","article_publisher":"https:\/\/m.facebook.com\/redenoticiaz.barretos","article_published_time":"2022-04-11T18:44:00+00:00","og_image":[{"width":1280,"height":853,"url":"https:\/\/redenoticiaz.com.br\/ribeiraopreto-regiao\/wp-content\/uploads\/sites\/4\/2022\/04\/164942206162502eed5bb97.jpeg","type":"image\/jpeg"}],"twitter_card":"summary_large_image","twitter_creator":"@RN_barretos","twitter_site":"@RN_barretos","twitter_misc":{"Escrito por":"","Est. tempo de leitura":"2 minutos"},"schema":{"@context":"https:\/\/schema.org","@graph":[{"@type":"Article","@id":"https:\/\/redenoticiaz.com.br\/ribeiraopreto-regiao\/sp\/2022\/04\/11\/barretos-motorcycles-inicia-venda-de-pacotes-para-motociclistas#article","isPartOf":{"@id":"https:\/\/redenoticiaz.com.br\/ribeiraopreto-regiao\/sp\/2022\/04\/11\/barretos-motorcycles-inicia-venda-de-pacotes-para-motociclistas"},"author":{"name":"","@id":""},"headline":"Barretos Motorcycles inicia venda de pacotes para motociclistas","datePublished":"2022-04-11T18:44:00+00:00","mainEntityOfPage":{"@id":"https:\/\/redenoticiaz.com.br\/ribeiraopreto-regiao\/sp\/2022\/04\/11\/barretos-motorcycles-inicia-venda-de-pacotes-para-motociclistas"},"wordCount":391,"commentCount":0,"publisher":{"@id":"https:\/\/redenoticiaz.com.br\/ribeiraopreto-regiao\/#organization"},"image":{"@id":"https:\/\/redenoticiaz.com.br\/ribeiraopreto-regiao\/sp\/2022\/04\/11\/barretos-motorcycles-inicia-venda-de-pacotes-para-motociclistas#primaryimage"},"thumbnailUrl":"https:\/\/redenoticiaz.com.br\/ribeiraopreto-regiao\/wp-content\/uploads\/sites\/4\/2022\/04\/164942206162502eed5bb97.jpeg","keywords":["EVENTO","MOTOCICLISTA","PARQUE DO PE\u00c3O","SHOW"],"articleSection":["Cultura e M\u00fasica"],"inLanguage":"pt-BR","potentialAction":[{"@type":"CommentAction","name":"Comment","target":["https:\/\/redenoticiaz.com.br\/ribeiraopreto-regiao\/sp\/2022\/04\/11\/barretos-motorcycles-inicia-venda-de-pacotes-para-motociclistas#respond"]}]},{"@type":"WebPage","@id":"https:\/\/redenoticiaz.com.br\/ribeiraopreto-regiao\/sp\/2022\/04\/11\/barretos-motorcycles-inicia-venda-de-pacotes-para-motociclistas","url":"https:\/\/redenoticiaz.com.br\/ribeiraopreto-regiao\/sp\/2022\/04\/11\/barretos-motorcycles-inicia-venda-de-pacotes-para-motociclistas","name":"Barretos Motorcycles inicia venda de pacotes para motociclistas - Ribeir\u00e3o Preto e Regi\u00e3o","isPartOf":{"@id":"https:\/\/redenoticiaz.com.br\/ribeiraopreto-regiao\/#website"},"primaryImageOfPage":{"@id":"https:\/\/redenoticiaz.com.br\/ribeiraopreto-regiao\/sp\/2022\/04\/11\/barretos-motorcycles-inicia-venda-de-pacotes-para-motociclistas#primaryimage"},"image":{"@id":"https:\/\/redenoticiaz.com.br\/ribeiraopreto-regiao\/sp\/2022\/04\/11\/barretos-motorcycles-inicia-venda-de-pacotes-para-motociclistas#primaryimage"},"thumbnailUrl":"https:\/\/redenoticiaz.com.br\/ribeiraopreto-regiao\/wp-content\/uploads\/sites\/4\/2022\/04\/164942206162502eed5bb97.jpeg","datePublished":"2022-04-11T18:44:00+00:00","description":"18\u00aa edi\u00e7\u00e3o do Barretos Motorcycles j\u00e1 podem realizar o cadastro e adquirir os acessos para o evento, que movimenta o setor no final deste m\u00eas.","inLanguage":"pt-BR","potentialAction":[{"@type":"ReadAction","target":["https:\/\/redenoticiaz.com.br\/ribeiraopreto-regiao\/sp\/2022\/04\/11\/barretos-motorcycles-inicia-venda-de-pacotes-para-motociclistas"]}]},{"@type":"ImageObject","inLanguage":"pt-BR","@id":"https:\/\/redenoticiaz.com.br\/ribeiraopreto-regiao\/sp\/2022\/04\/11\/barretos-motorcycles-inicia-venda-de-pacotes-para-motociclistas#primaryimage","url":"https:\/\/redenoticiaz.com.br\/ribeiraopreto-regiao\/wp-content\/uploads\/sites\/4\/2022\/04\/164942206162502eed5bb97.jpeg","contentUrl":"https:\/\/redenoticiaz.com.br\/ribeiraopreto-regiao\/wp-content\/uploads\/sites\/4\/2022\/04\/164942206162502eed5bb97.jpeg","width":1280,"height":853,"caption":"Evento re\u00fane motociclistas de todo Pa\u00eds no Parque do Pe\u00e3o, em Barretos. Foto: CROSSNAVEIA |"},{"@type":"WebSite","@id":"https:\/\/redenoticiaz.com.br\/ribeiraopreto-regiao\/#website","url":"https:\/\/redenoticiaz.com.br\/ribeiraopreto-regiao\/","name":"Ribeir\u00e3o Preto e Regi\u00e3o","description":"Rede NoticiaZ - Ribeir\u00e3o Preto e regi\u00e3o","publisher":{"@id":"https:\/\/redenoticiaz.com.br\/ribeiraopreto-regiao\/#organization"},"potentialAction":[{"@type":"SearchAction","target":{"@type":"EntryPoint","urlTemplate":"https:\/\/redenoticiaz.com.br\/ribeiraopreto-regiao\/?s={search_term_string}"},"query-input":{"@type":"PropertyValueSpecification","valueRequired":true,"valueName":"search_term_string"}}],"inLanguage":"pt-BR"},{"@type":"Organization","@id":"https:\/\/redenoticiaz.com.br\/ribeiraopreto-regiao\/#organization","name":"Ribeir\u00e3o Preto e Regi\u00e3o","url":"https:\/\/redenoticiaz.com.br\/ribeiraopreto-regiao\/","logo":{"@type":"ImageObject","inLanguage":"pt-BR","@id":"https:\/\/redenoticiaz.com.br\/ribeiraopreto-regiao\/#\/schema\/logo\/image\/","url":"https:\/\/redenoticiaz.com.br\/barretos-regiao\/wp-content\/uploads\/sites\/4\/2022\/02\/logo.jpg","contentUrl":"https:\/\/redenoticiaz.com.br\/barretos-regiao\/wp-content\/uploads\/sites\/4\/2022\/02\/logo.jpg","width":400,"height":250,"caption":"Ribeir\u00e3o Preto e Regi\u00e3o"},"image":{"@id":"https:\/\/redenoticiaz.com.br\/ribeiraopreto-regiao\/#\/schema\/logo\/image\/"},"sameAs":["https:\/\/m.facebook.com\/redenoticiaz.barretos","https:\/\/x.com\/RN_barretos","https:\/\/www.instagram.com\/redenoticiaz.barretos\/?igshid=YmMyMTA2M2Y","https:\/\/www.linkedin.com\/company\/rede-noticiaz-barretos-e-regio\/"]},{"@type":"Person","@id":"","url":"https:\/\/redenoticiaz.com.br\/ribeiraopreto-regiao\/sp\/author"}]}},"_links":{"self":[{"href":"https:\/\/redenoticiaz.com.br\/ribeiraopreto-regiao\/wp-json\/wp\/v2\/posts\/2311","targetHints":{"allow":["GET"]}}],"collection":[{"href":"https:\/\/redenoticiaz.com.br\/ribeiraopreto-regiao\/wp-json\/wp\/v2\/posts"}],"about":[{"href":"https:\/\/redenoticiaz.com.br\/ribeiraopreto-regiao\/wp-json\/wp\/v2\/types\/post"}],"author":[{"embeddable":true,"href":"https:\/\/redenoticiaz.com.br\/ribeiraopreto-regiao\/wp-json\/wp\/v2\/users\/15"}],"replies":[{"embeddable":true,"href":"https:\/\/redenoticiaz.com.br\/ribeiraopreto-regiao\/wp-json\/wp\/v2\/comments?post=2311"}],"version-history":[{"count":1,"href":"https:\/\/redenoticiaz.com.br\/ribeiraopreto-regiao\/wp-json\/wp\/v2\/posts\/2311\/revisions"}],"predecessor-version":[{"id":2313,"href":"https:\/\/redenoticiaz.com.br\/ribeiraopreto-regiao\/wp-json\/wp\/v2\/posts\/2311\/revisions\/2313"}],"wp:featuredmedia":[{"embeddable":true,"href":"https:\/\/redenoticiaz.com.br\/ribeiraopreto-regiao\/wp-json\/wp\/v2\/media\/2312"}],"wp:attachment":[{"href":"https:\/\/redenoticiaz.com.br\/ribeiraopreto-regiao\/wp-json\/wp\/v2\/media?parent=2311"}],"wp:term":[{"taxonomy":"category","embeddable":true,"href":"https:\/\/redenoticiaz.com.br\/ribeiraopreto-regiao\/wp-json\/wp\/v2\/categories?post=2311"},{"taxonomy":"post_tag","embeddable":true,"href":"https:\/\/redenoticiaz.com.br\/ribeiraopreto-regiao\/wp-json\/wp\/v2\/tags?post=2311"}],"curies":[{"name":"wp","href":"https:\/\/api.w.org\/{rel}","templated":true}]}}