{"id":2397,"date":"2022-04-13T11:35:25","date_gmt":"2022-04-13T14:35:25","guid":{"rendered":"https:\/\/redenoticiaz.com.br\/barretos-regiao\/sp\/2022\/04\/13\/video-hipermercado-e-invadido-por-criminosos-que-roubam-joalheria-e-queimam-carro"},"modified":"2022-04-13T13:43:29","modified_gmt":"2022-04-13T16:43:29","slug":"video-hipermercado-e-invadido-por-criminosos-que-roubam-joalheria-e-queimam-carro","status":"publish","type":"post","link":"https:\/\/redenoticiaz.com.br\/ribeiraopreto-regiao\/sp\/2022\/04\/13\/video-hipermercado-e-invadido-por-criminosos-que-roubam-joalheria-e-queimam-carro","title":{"rendered":"V\u00cdDEO &#8211; Hipermercado \u00e9 invadido por criminosos que roubam joalheria e queimam carro"},"content":{"rendered":"<p>A madrugada desta quarta-feira (13) foi de p\u00e2nico para os moradores pr\u00f3ximos da Avenida Dom Pedro I, em <a href=\"https:\/\/www.guaruja.sp.gov.br\/\">Guaruj\u00e1<\/a>, Litoral de S\u00e3o Paulo, Bandidos<strong> invadiram um hipermercado, roubou a joalheria e ainda trocou tiros com policiais<\/strong>. Eles ainda queimaram um carro no t\u00fanel da Vila Zilda, para impedirem a persegui\u00e7\u00e3o. C\u00e2meras de monitoramento e flagrantes feitos por internautas registraram a a\u00e7\u00e3o.<\/p>\n<p>Era por volta das 3h50, quando os criminosos invadiram o hipermercado. Imagens internas do estabelecimento flagraram os bandidos chegando em dois carros, em frente ao estacionamento do mercado. Depois, eles arrombam o port\u00e3o de alum\u00ednio e entram no estabelecimento utilizando os ve\u00edculos.<\/p>\n<p>A Pol\u00edcia Militar informa que seis homens teriam participado da a\u00e7\u00e3o e eles foram vistos saindo do ve\u00edculo e entrando no supermercado. Em seguida, eles conseguem acessar a joalheria, que fica no local. Eles quebram algumas portas de vidro e saem com pacotes do local. O preju\u00edzo ainda n\u00e3o foi divulgado pelas autoridades.<\/p>\n<div class=\"mc-column content-text active-extra-styles \" data-block-type=\"unstyled\" data-block-weight=\"55\" data-block-id=\"7\">\n<p class=\"content-text__container \" data-track-category=\"Link no Texto\" data-track-links=\"\">Na hora da fuga, a Pol\u00edcia Militar chega no local e troca tiros com os bandidos. Em seguida, os criminosos atearam fogo em um carro no T\u00fanel Juscelino Kubitschek, popularmente conhecido como T\u00fanel da Vila Zilda, com o objetivo de bloquear a passagem das viaturas. O grupo conseguiu fugir e n\u00e3o h\u00e1 registro de feridos.<\/p>\n<h5 data-track-category=\"Link no Texto\">Veja os v\u00eddeos:<\/h5>\n<div class=\"wp-playlist wp-video-playlist wp-playlist-light\">\n\t\t<video controls=\"controls\" preload=\"none\" width=\"640\"\n\t\t height=\"362\"\t><\/video>\n\t<div class=\"wp-playlist-next\"><\/div>\n\t<div class=\"wp-playlist-prev\"><\/div>\n\t<noscript>\n\t<ol>\n\t\t<li><a href='https:\/\/redenoticiaz.com.br\/ribeiraopreto-regiao\/wp-content\/uploads\/sites\/4\/2022\/04\/criminosos-roubam-joalheria-dentro-de-supermercado-e-trocam-tiros-com-a-pm-1.mp4'>Criminosos roubam joalheria dentro de supermercado e trocam tiros com a PM<\/a><\/li><li><a href='https:\/\/redenoticiaz.com.br\/ribeiraopreto-regiao\/wp-content\/uploads\/sites\/4\/2022\/04\/whatsapp-video-2022-04-13-at-13-19-12.mp4'>Barulhos de disparos<\/a><\/li><li><a href='https:\/\/redenoticiaz.com.br\/ribeiraopreto-regiao\/wp-content\/uploads\/sites\/4\/2022\/04\/whatsapp-video-2022-04-13-at-13-19-29.mp4'>Invas\u00e3o ao hipermercado<\/a><\/li><li><a href='https:\/\/redenoticiaz.com.br\/ribeiraopreto-regiao\/wp-content\/uploads\/sites\/4\/2022\/04\/277793029_502628041330449_8735900868854280013_n.mp4'>Troca de tiros<\/a><\/li>\t<\/ol>\n\t<\/noscript>\n\t<script type=\"application\/json\" class=\"wp-playlist-script\">{\"type\":\"video\",\"tracklist\":true,\"tracknumbers\":true,\"images\":true,\"artists\":true,\"tracks\":[{\"src\":\"https:\/\/redenoticiaz.com.br\/ribeiraopreto-regiao\/wp-content\/uploads\/sites\/4\/2022\/04\/criminosos-roubam-joalheria-dentro-de-supermercado-e-trocam-tiros-com-a-pm-1.mp4\",\"type\":\"video\/mp4\",\"title\":\"Criminosos roubam joalheria dentro de supermercado e trocam tiros com a PM\",\"caption\":\"\",\"description\":\"\",\"meta\":{\"length_formatted\":\"0:31\"},\"dimensions\":{\"original\":{\"width\":1280,\"height\":720},\"resized\":{\"width\":640,\"height\":360}},\"image\":{\"src\":\"https:\/\/redenoticiaz.com.br\/ribeiraopreto-regiao\/wp-includes\/images\/media\/video.svg\",\"width\":48,\"height\":64},\"thumb\":{\"src\":\"https:\/\/redenoticiaz.com.br\/ribeiraopreto-regiao\/wp-includes\/images\/media\/video.svg\",\"width\":48,\"height\":64}},{\"src\":\"https:\/\/redenoticiaz.com.br\/ribeiraopreto-regiao\/wp-content\/uploads\/sites\/4\/2022\/04\/whatsapp-video-2022-04-13-at-13-19-12.mp4\",\"type\":\"video\/mp4\",\"title\":\"Barulhos de disparos\",\"caption\":\"\",\"description\":\"\",\"meta\":{\"length_formatted\":\"0:16\"},\"dimensions\":{\"original\":{\"width\":640,\"height\":1062},\"resized\":{\"width\":640,\"height\":1062}},\"image\":{\"src\":\"https:\/\/redenoticiaz.com.br\/ribeiraopreto-regiao\/wp-includes\/images\/media\/video.svg\",\"width\":48,\"height\":64},\"thumb\":{\"src\":\"https:\/\/redenoticiaz.com.br\/ribeiraopreto-regiao\/wp-includes\/images\/media\/video.svg\",\"width\":48,\"height\":64}},{\"src\":\"https:\/\/redenoticiaz.com.br\/ribeiraopreto-regiao\/wp-content\/uploads\/sites\/4\/2022\/04\/whatsapp-video-2022-04-13-at-13-19-29.mp4\",\"type\":\"video\/mp4\",\"title\":\"Invas\\u00e3o ao hipermercado\",\"caption\":\"\",\"description\":\"\",\"meta\":{\"length_formatted\":\"2:02\"},\"dimensions\":{\"original\":{\"width\":1080,\"height\":612},\"resized\":{\"width\":640,\"height\":363}},\"image\":{\"src\":\"https:\/\/redenoticiaz.com.br\/ribeiraopreto-regiao\/wp-includes\/images\/media\/video.svg\",\"width\":48,\"height\":64},\"thumb\":{\"src\":\"https:\/\/redenoticiaz.com.br\/ribeiraopreto-regiao\/wp-includes\/images\/media\/video.svg\",\"width\":48,\"height\":64}},{\"src\":\"https:\/\/redenoticiaz.com.br\/ribeiraopreto-regiao\/wp-content\/uploads\/sites\/4\/2022\/04\/277793029_502628041330449_8735900868854280013_n.mp4\",\"type\":\"video\/mp4\",\"title\":\"Troca de tiros\",\"caption\":\"\",\"description\":\"\",\"meta\":{\"length_formatted\":\"0:41\"},\"dimensions\":{\"original\":{\"width\":848,\"height\":480},\"resized\":{\"width\":640,\"height\":362}},\"image\":{\"src\":\"https:\/\/redenoticiaz.com.br\/ribeiraopreto-regiao\/wp-includes\/images\/media\/video.svg\",\"width\":48,\"height\":64},\"thumb\":{\"src\":\"https:\/\/redenoticiaz.com.br\/ribeiraopreto-regiao\/wp-includes\/images\/media\/video.svg\",\"width\":48,\"height\":64}}]}<\/script>\n<\/div>\n\t\n<\/div>\n<div class=\"mc-column content-text active-extra-styles \" data-block-type=\"unstyled\" data-block-weight=\"19\" data-block-id=\"13\">\n<p class=\"content-text__container \" data-track-category=\"Link no Texto\" data-track-links=\"\">De acordo com a Pol\u00edcia Civil, o caso segue em andamento e apresentado na Delegacia Sede de Guaruj\u00e1. Em nota, o Carrefour informou que ocorreu um assalto na unidade, n\u00e3o houve nenhum ferido e as autoridades j\u00e1 est\u00e3o conduzindo as investiga\u00e7\u00f5es. A loja est\u00e1 fechada nesse momento.<\/p>\n<p data-track-category=\"Link no Texto\" data-track-links=\"\"><strong>LEIA TAMB\u00c9M<\/strong><\/p>\n<p data-track-category=\"Link no Texto\" data-track-links=\"\"><a href=\"https:\/\/redenoticiaz.com.br\/litoralsp\/2022\/04\/12\/video-trio-acusado-de-matar-vendedor-em-sao-vicente-e-preso\">V\u00cdDEO \u2013 Trio acusado de matar vendedor em S\u00e3o Vicente \u00e9 preso<\/a><\/p>\n<\/div>\n<div class=\"content-ads content-ads--reveal\" data-block-type=\"ads\" data-block-id=\"15\">\n<div id=\"banner_materia__8135423d-5a50-4104-a41f-828731324c7f\" class=\"tag-manager-publicidade-container mc-has-reveal mc-has-ad-lazyload tag-manager-publicidade-banner_materia__8135423d-5a50-4104-a41f-828731324c7f tag-manager-publicidade-container--carregado tag-manager-publicidade-container--visivel\" data-id=\"banner_materia__8135423d-5a50-4104-a41f-828731324c7f\" data-req=\"true\" data-google-query-id=\"CLrppNGekfcCFekE1Aodo90Gfw\" data-cid=\"138388227755\" data-lid=\"5984692748\"><\/div>\n<\/div>\n","protected":false},"excerpt":{"rendered":"<p>A madrugada desta quarta-feira (13) foi de p\u00e2nico para os moradores pr\u00f3ximos da Avenida Dom Pedro I, em Guaruj\u00e1, Litoral de S\u00e3o Paulo, Bandidos invadiram um hipermercado, roubou a joalheria e ainda trocou tiros com policiais. Eles ainda queimaram um carro no t\u00fanel da Vila Zilda, para impedirem a persegui\u00e7\u00e3o. C\u00e2meras de monitoramento e flagrantes &hellip;<\/p>\n","protected":false},"author":6,"featured_media":2398,"comment_status":"open","ping_status":"closed","sticky":false,"template":"","format":"standard","meta":{"footnotes":""},"categories":[88],"tags":[3018,9948,364,9949,9950,9793],"class_list":["post-2397","post","type-post","status-publish","format-standard","has-post-thumbnail","hentry","category-policia","tag-assalto","tag-avenida-dom-pedro-i","tag-guaruja","tag-hipermercado","tag-roubo-a-joalheria","tag-tiroteio"],"yoast_head":"<!-- This site is optimized with the Yoast SEO plugin v27.4 - https:\/\/yoast.com\/product\/yoast-seo-wordpress\/ -->\n<title>V\u00cdDEO - Hipermercado \u00e9 invadido por criminosos que roubam joalheria e queimam carro - Ribeir\u00e3o Preto e Regi\u00e3o<\/title>\n<meta name=\"description\" content=\"p\u00e2nico para os moradores pr\u00f3ximos da Avenida Dom Pedro I, em Guaruj\u00e1, Litoral de S\u00e3o Paulo, Bandidos invadiram um hipermercado\" \/>\n<meta name=\"robots\" content=\"index, follow, max-snippet:-1, max-image-preview:large, max-video-preview:-1\" \/>\n<link rel=\"canonical\" href=\"https:\/\/redenoticiaz.com.br\/ribeiraopreto-regiao\/sp\/2022\/04\/13\/video-hipermercado-e-invadido-por-criminosos-que-roubam-joalheria-e-queimam-carro\" \/>\n<meta property=\"og:locale\" content=\"pt_BR\" \/>\n<meta property=\"og:type\" content=\"article\" \/>\n<meta property=\"og:title\" content=\"V\u00cdDEO - Hipermercado \u00e9 invadido por criminosos que roubam joalheria e queimam carro - Ribeir\u00e3o Preto e Regi\u00e3o\" \/>\n<meta property=\"og:description\" content=\"p\u00e2nico para os moradores pr\u00f3ximos da Avenida Dom Pedro I, em Guaruj\u00e1, Litoral de S\u00e3o Paulo, Bandidos invadiram um hipermercado\" \/>\n<meta property=\"og:url\" content=\"https:\/\/redenoticiaz.com.br\/ribeiraopreto-regiao\/sp\/2022\/04\/13\/video-hipermercado-e-invadido-por-criminosos-que-roubam-joalheria-e-queimam-carro\" \/>\n<meta property=\"og:site_name\" content=\"Ribeir\u00e3o Preto e Regi\u00e3o\" \/>\n<meta property=\"article:publisher\" content=\"https:\/\/m.facebook.com\/redenoticiaz.barretos\" \/>\n<meta property=\"article:published_time\" content=\"2022-04-13T14:35:25+00:00\" \/>\n<meta property=\"article:modified_time\" content=\"2022-04-13T16:43:29+00:00\" \/>\n<meta property=\"og:image\" content=\"https:\/\/redenoticiaz.com.br\/ribeiraopreto-regiao\/wp-content\/uploads\/sites\/4\/2022\/02\/logo.jpg\" \/>\n\t<meta property=\"og:image:width\" content=\"400\" \/>\n\t<meta property=\"og:image:height\" content=\"250\" \/>\n\t<meta property=\"og:image:type\" content=\"image\/jpeg\" \/>\n<meta name=\"author\" content=\"Leonardo Francisco\" \/>\n<meta name=\"twitter:card\" content=\"summary_large_image\" \/>\n<meta name=\"twitter:creator\" content=\"@RN_barretos\" \/>\n<meta name=\"twitter:site\" content=\"@RN_barretos\" \/>\n<meta name=\"twitter:label1\" content=\"Escrito por\" \/>\n\t<meta name=\"twitter:data1\" content=\"Leonardo Francisco\" \/>\n\t<meta name=\"twitter:label2\" content=\"Est. tempo de leitura\" \/>\n\t<meta name=\"twitter:data2\" content=\"2 minutos\" \/>\n<script type=\"application\/ld+json\" class=\"yoast-schema-graph\">{\"@context\":\"https:\\\/\\\/schema.org\",\"@graph\":[{\"@type\":\"Article\",\"@id\":\"https:\\\/\\\/redenoticiaz.com.br\\\/ribeiraopreto-regiao\\\/sp\\\/2022\\\/04\\\/13\\\/video-hipermercado-e-invadido-por-criminosos-que-roubam-joalheria-e-queimam-carro#article\",\"isPartOf\":{\"@id\":\"https:\\\/\\\/redenoticiaz.com.br\\\/ribeiraopreto-regiao\\\/sp\\\/2022\\\/04\\\/13\\\/video-hipermercado-e-invadido-por-criminosos-que-roubam-joalheria-e-queimam-carro\"},\"author\":{\"name\":\"Leonardo Francisco\",\"@id\":\"https:\\\/\\\/redenoticiaz.com.br\\\/ribeiraopreto-regiao\\\/#\\\/schema\\\/person\\\/0f0b8a5bdafefe82841e07ae8d81ecb3\"},\"headline\":\"V\u00cdDEO &#8211; Hipermercado \u00e9 invadido por criminosos que roubam joalheria e queimam carro\",\"datePublished\":\"2022-04-13T14:35:25+00:00\",\"dateModified\":\"2022-04-13T16:43:29+00:00\",\"mainEntityOfPage\":{\"@id\":\"https:\\\/\\\/redenoticiaz.com.br\\\/ribeiraopreto-regiao\\\/sp\\\/2022\\\/04\\\/13\\\/video-hipermercado-e-invadido-por-criminosos-que-roubam-joalheria-e-queimam-carro\"},\"wordCount\":316,\"commentCount\":0,\"publisher\":{\"@id\":\"https:\\\/\\\/redenoticiaz.com.br\\\/ribeiraopreto-regiao\\\/#organization\"},\"image\":{\"@id\":\"https:\\\/\\\/redenoticiaz.com.br\\\/ribeiraopreto-regiao\\\/sp\\\/2022\\\/04\\\/13\\\/video-hipermercado-e-invadido-por-criminosos-que-roubam-joalheria-e-queimam-carro#primaryimage\"},\"thumbnailUrl\":\"https:\\\/\\\/redenoticiaz.com.br\\\/ribeiraopreto-regiao\\\/wp-content\\\/uploads\\\/sites\\\/4\\\/2022\\\/04\\\/design-sem-nome-74-1.jpg\",\"keywords\":[\"Assalto\",\"AVENIDA DOM PEDRO I\",\"GUARUJ\u00c1\",\"HIPERMERCADO\",\"ROUBO A JOALHERIA\",\"TIROTEIO\"],\"articleSection\":[\"Pol\u00edcia\"],\"inLanguage\":\"pt-BR\",\"potentialAction\":[{\"@type\":\"CommentAction\",\"name\":\"Comment\",\"target\":[\"https:\\\/\\\/redenoticiaz.com.br\\\/ribeiraopreto-regiao\\\/sp\\\/2022\\\/04\\\/13\\\/video-hipermercado-e-invadido-por-criminosos-que-roubam-joalheria-e-queimam-carro#respond\"]}]},{\"@type\":\"WebPage\",\"@id\":\"https:\\\/\\\/redenoticiaz.com.br\\\/ribeiraopreto-regiao\\\/sp\\\/2022\\\/04\\\/13\\\/video-hipermercado-e-invadido-por-criminosos-que-roubam-joalheria-e-queimam-carro\",\"url\":\"https:\\\/\\\/redenoticiaz.com.br\\\/ribeiraopreto-regiao\\\/sp\\\/2022\\\/04\\\/13\\\/video-hipermercado-e-invadido-por-criminosos-que-roubam-joalheria-e-queimam-carro\",\"name\":\"V\u00cdDEO - Hipermercado \u00e9 invadido por criminosos que roubam joalheria e queimam carro - Ribeir\u00e3o Preto e Regi\u00e3o\",\"isPartOf\":{\"@id\":\"https:\\\/\\\/redenoticiaz.com.br\\\/ribeiraopreto-regiao\\\/#website\"},\"primaryImageOfPage\":{\"@id\":\"https:\\\/\\\/redenoticiaz.com.br\\\/ribeiraopreto-regiao\\\/sp\\\/2022\\\/04\\\/13\\\/video-hipermercado-e-invadido-por-criminosos-que-roubam-joalheria-e-queimam-carro#primaryimage\"},\"image\":{\"@id\":\"https:\\\/\\\/redenoticiaz.com.br\\\/ribeiraopreto-regiao\\\/sp\\\/2022\\\/04\\\/13\\\/video-hipermercado-e-invadido-por-criminosos-que-roubam-joalheria-e-queimam-carro#primaryimage\"},\"thumbnailUrl\":\"https:\\\/\\\/redenoticiaz.com.br\\\/ribeiraopreto-regiao\\\/wp-content\\\/uploads\\\/sites\\\/4\\\/2022\\\/04\\\/design-sem-nome-74-1.jpg\",\"datePublished\":\"2022-04-13T14:35:25+00:00\",\"dateModified\":\"2022-04-13T16:43:29+00:00\",\"description\":\"p\u00e2nico para os moradores pr\u00f3ximos da Avenida Dom Pedro I, em Guaruj\u00e1, Litoral de S\u00e3o Paulo, Bandidos invadiram um hipermercado\",\"inLanguage\":\"pt-BR\",\"potentialAction\":[{\"@type\":\"ReadAction\",\"target\":[\"https:\\\/\\\/redenoticiaz.com.br\\\/ribeiraopreto-regiao\\\/sp\\\/2022\\\/04\\\/13\\\/video-hipermercado-e-invadido-por-criminosos-que-roubam-joalheria-e-queimam-carro\"]}]},{\"@type\":\"ImageObject\",\"inLanguage\":\"pt-BR\",\"@id\":\"https:\\\/\\\/redenoticiaz.com.br\\\/ribeiraopreto-regiao\\\/sp\\\/2022\\\/04\\\/13\\\/video-hipermercado-e-invadido-por-criminosos-que-roubam-joalheria-e-queimam-carro#primaryimage\",\"url\":\"https:\\\/\\\/redenoticiaz.com.br\\\/ribeiraopreto-regiao\\\/wp-content\\\/uploads\\\/sites\\\/4\\\/2022\\\/04\\\/design-sem-nome-74-1.jpg\",\"contentUrl\":\"https:\\\/\\\/redenoticiaz.com.br\\\/ribeiraopreto-regiao\\\/wp-content\\\/uploads\\\/sites\\\/4\\\/2022\\\/04\\\/design-sem-nome-74-1.jpg\",\"width\":900,\"height\":600,\"caption\":\"Hipermercado est\u00e1 fechado e isolado para a per\u00edcia. Cr\u00e9ditos: Reprodu\u00e7\u00e3o\\\/Guaruj\u00e1 Mil Grau\"},{\"@type\":\"WebSite\",\"@id\":\"https:\\\/\\\/redenoticiaz.com.br\\\/ribeiraopreto-regiao\\\/#website\",\"url\":\"https:\\\/\\\/redenoticiaz.com.br\\\/ribeiraopreto-regiao\\\/\",\"name\":\"Ribeir\u00e3o Preto e Regi\u00e3o\",\"description\":\"Rede NoticiaZ - Ribeir\u00e3o Preto e regi\u00e3o\",\"publisher\":{\"@id\":\"https:\\\/\\\/redenoticiaz.com.br\\\/ribeiraopreto-regiao\\\/#organization\"},\"potentialAction\":[{\"@type\":\"SearchAction\",\"target\":{\"@type\":\"EntryPoint\",\"urlTemplate\":\"https:\\\/\\\/redenoticiaz.com.br\\\/ribeiraopreto-regiao\\\/?s={search_term_string}\"},\"query-input\":{\"@type\":\"PropertyValueSpecification\",\"valueRequired\":true,\"valueName\":\"search_term_string\"}}],\"inLanguage\":\"pt-BR\"},{\"@type\":\"Organization\",\"@id\":\"https:\\\/\\\/redenoticiaz.com.br\\\/ribeiraopreto-regiao\\\/#organization\",\"name\":\"Ribeir\u00e3o Preto e Regi\u00e3o\",\"url\":\"https:\\\/\\\/redenoticiaz.com.br\\\/ribeiraopreto-regiao\\\/\",\"logo\":{\"@type\":\"ImageObject\",\"inLanguage\":\"pt-BR\",\"@id\":\"https:\\\/\\\/redenoticiaz.com.br\\\/ribeiraopreto-regiao\\\/#\\\/schema\\\/logo\\\/image\\\/\",\"url\":\"https:\\\/\\\/redenoticiaz.com.br\\\/barretos-regiao\\\/wp-content\\\/uploads\\\/sites\\\/4\\\/2022\\\/02\\\/logo.jpg\",\"contentUrl\":\"https:\\\/\\\/redenoticiaz.com.br\\\/barretos-regiao\\\/wp-content\\\/uploads\\\/sites\\\/4\\\/2022\\\/02\\\/logo.jpg\",\"width\":400,\"height\":250,\"caption\":\"Ribeir\u00e3o Preto e Regi\u00e3o\"},\"image\":{\"@id\":\"https:\\\/\\\/redenoticiaz.com.br\\\/ribeiraopreto-regiao\\\/#\\\/schema\\\/logo\\\/image\\\/\"},\"sameAs\":[\"https:\\\/\\\/m.facebook.com\\\/redenoticiaz.barretos\",\"https:\\\/\\\/x.com\\\/RN_barretos\",\"https:\\\/\\\/www.instagram.com\\\/redenoticiaz.barretos\\\/?igshid=YmMyMTA2M2Y\",\"https:\\\/\\\/www.linkedin.com\\\/company\\\/rede-noticiaz-barretos-e-regio\\\/\"]},{\"@type\":\"Person\",\"@id\":\"https:\\\/\\\/redenoticiaz.com.br\\\/ribeiraopreto-regiao\\\/#\\\/schema\\\/person\\\/0f0b8a5bdafefe82841e07ae8d81ecb3\",\"name\":\"Leonardo Francisco\",\"image\":{\"@type\":\"ImageObject\",\"inLanguage\":\"pt-BR\",\"@id\":\"https:\\\/\\\/secure.gravatar.com\\\/avatar\\\/a7358cb406a99b682ec6df1e77e31ae82e63601f6784e8a3df411d72b37864da?s=96&d=mm&r=g\",\"url\":\"https:\\\/\\\/secure.gravatar.com\\\/avatar\\\/a7358cb406a99b682ec6df1e77e31ae82e63601f6784e8a3df411d72b37864da?s=96&d=mm&r=g\",\"contentUrl\":\"https:\\\/\\\/secure.gravatar.com\\\/avatar\\\/a7358cb406a99b682ec6df1e77e31ae82e63601f6784e8a3df411d72b37864da?s=96&d=mm&r=g\",\"caption\":\"Leonardo Francisco\"},\"url\":\"https:\\\/\\\/redenoticiaz.com.br\\\/ribeiraopreto-regiao\\\/sp\\\/author\\\/leonardo-francisco\"}]}<\/script>\n<!-- \/ Yoast SEO plugin. -->","yoast_head_json":{"title":"V\u00cdDEO - Hipermercado \u00e9 invadido por criminosos que roubam joalheria e queimam carro - Ribeir\u00e3o Preto e Regi\u00e3o","description":"p\u00e2nico para os moradores pr\u00f3ximos da Avenida Dom Pedro I, em Guaruj\u00e1, Litoral de S\u00e3o Paulo, Bandidos invadiram um hipermercado","robots":{"index":"index","follow":"follow","max-snippet":"max-snippet:-1","max-image-preview":"max-image-preview:large","max-video-preview":"max-video-preview:-1"},"canonical":"https:\/\/redenoticiaz.com.br\/ribeiraopreto-regiao\/sp\/2022\/04\/13\/video-hipermercado-e-invadido-por-criminosos-que-roubam-joalheria-e-queimam-carro","og_locale":"pt_BR","og_type":"article","og_title":"V\u00cdDEO - Hipermercado \u00e9 invadido por criminosos que roubam joalheria e queimam carro - Ribeir\u00e3o Preto e Regi\u00e3o","og_description":"p\u00e2nico para os moradores pr\u00f3ximos da Avenida Dom Pedro I, em Guaruj\u00e1, Litoral de S\u00e3o Paulo, Bandidos invadiram um hipermercado","og_url":"https:\/\/redenoticiaz.com.br\/ribeiraopreto-regiao\/sp\/2022\/04\/13\/video-hipermercado-e-invadido-por-criminosos-que-roubam-joalheria-e-queimam-carro","og_site_name":"Ribeir\u00e3o Preto e Regi\u00e3o","article_publisher":"https:\/\/m.facebook.com\/redenoticiaz.barretos","article_published_time":"2022-04-13T14:35:25+00:00","article_modified_time":"2022-04-13T16:43:29+00:00","og_image":[{"width":400,"height":250,"url":"https:\/\/redenoticiaz.com.br\/ribeiraopreto-regiao\/wp-content\/uploads\/sites\/4\/2022\/02\/logo.jpg","type":"image\/jpeg"}],"author":"Leonardo Francisco","twitter_card":"summary_large_image","twitter_creator":"@RN_barretos","twitter_site":"@RN_barretos","twitter_misc":{"Escrito por":"Leonardo Francisco","Est. tempo de leitura":"2 minutos"},"schema":{"@context":"https:\/\/schema.org","@graph":[{"@type":"Article","@id":"https:\/\/redenoticiaz.com.br\/ribeiraopreto-regiao\/sp\/2022\/04\/13\/video-hipermercado-e-invadido-por-criminosos-que-roubam-joalheria-e-queimam-carro#article","isPartOf":{"@id":"https:\/\/redenoticiaz.com.br\/ribeiraopreto-regiao\/sp\/2022\/04\/13\/video-hipermercado-e-invadido-por-criminosos-que-roubam-joalheria-e-queimam-carro"},"author":{"name":"Leonardo Francisco","@id":"https:\/\/redenoticiaz.com.br\/ribeiraopreto-regiao\/#\/schema\/person\/0f0b8a5bdafefe82841e07ae8d81ecb3"},"headline":"V\u00cdDEO &#8211; Hipermercado \u00e9 invadido por criminosos que roubam joalheria e queimam carro","datePublished":"2022-04-13T14:35:25+00:00","dateModified":"2022-04-13T16:43:29+00:00","mainEntityOfPage":{"@id":"https:\/\/redenoticiaz.com.br\/ribeiraopreto-regiao\/sp\/2022\/04\/13\/video-hipermercado-e-invadido-por-criminosos-que-roubam-joalheria-e-queimam-carro"},"wordCount":316,"commentCount":0,"publisher":{"@id":"https:\/\/redenoticiaz.com.br\/ribeiraopreto-regiao\/#organization"},"image":{"@id":"https:\/\/redenoticiaz.com.br\/ribeiraopreto-regiao\/sp\/2022\/04\/13\/video-hipermercado-e-invadido-por-criminosos-que-roubam-joalheria-e-queimam-carro#primaryimage"},"thumbnailUrl":"https:\/\/redenoticiaz.com.br\/ribeiraopreto-regiao\/wp-content\/uploads\/sites\/4\/2022\/04\/design-sem-nome-74-1.jpg","keywords":["Assalto","AVENIDA DOM PEDRO I","GUARUJ\u00c1","HIPERMERCADO","ROUBO A JOALHERIA","TIROTEIO"],"articleSection":["Pol\u00edcia"],"inLanguage":"pt-BR","potentialAction":[{"@type":"CommentAction","name":"Comment","target":["https:\/\/redenoticiaz.com.br\/ribeiraopreto-regiao\/sp\/2022\/04\/13\/video-hipermercado-e-invadido-por-criminosos-que-roubam-joalheria-e-queimam-carro#respond"]}]},{"@type":"WebPage","@id":"https:\/\/redenoticiaz.com.br\/ribeiraopreto-regiao\/sp\/2022\/04\/13\/video-hipermercado-e-invadido-por-criminosos-que-roubam-joalheria-e-queimam-carro","url":"https:\/\/redenoticiaz.com.br\/ribeiraopreto-regiao\/sp\/2022\/04\/13\/video-hipermercado-e-invadido-por-criminosos-que-roubam-joalheria-e-queimam-carro","name":"V\u00cdDEO - Hipermercado \u00e9 invadido por criminosos que roubam joalheria e queimam carro - Ribeir\u00e3o Preto e Regi\u00e3o","isPartOf":{"@id":"https:\/\/redenoticiaz.com.br\/ribeiraopreto-regiao\/#website"},"primaryImageOfPage":{"@id":"https:\/\/redenoticiaz.com.br\/ribeiraopreto-regiao\/sp\/2022\/04\/13\/video-hipermercado-e-invadido-por-criminosos-que-roubam-joalheria-e-queimam-carro#primaryimage"},"image":{"@id":"https:\/\/redenoticiaz.com.br\/ribeiraopreto-regiao\/sp\/2022\/04\/13\/video-hipermercado-e-invadido-por-criminosos-que-roubam-joalheria-e-queimam-carro#primaryimage"},"thumbnailUrl":"https:\/\/redenoticiaz.com.br\/ribeiraopreto-regiao\/wp-content\/uploads\/sites\/4\/2022\/04\/design-sem-nome-74-1.jpg","datePublished":"2022-04-13T14:35:25+00:00","dateModified":"2022-04-13T16:43:29+00:00","description":"p\u00e2nico para os moradores pr\u00f3ximos da Avenida Dom Pedro I, em Guaruj\u00e1, Litoral de S\u00e3o Paulo, Bandidos invadiram um hipermercado","inLanguage":"pt-BR","potentialAction":[{"@type":"ReadAction","target":["https:\/\/redenoticiaz.com.br\/ribeiraopreto-regiao\/sp\/2022\/04\/13\/video-hipermercado-e-invadido-por-criminosos-que-roubam-joalheria-e-queimam-carro"]}]},{"@type":"ImageObject","inLanguage":"pt-BR","@id":"https:\/\/redenoticiaz.com.br\/ribeiraopreto-regiao\/sp\/2022\/04\/13\/video-hipermercado-e-invadido-por-criminosos-que-roubam-joalheria-e-queimam-carro#primaryimage","url":"https:\/\/redenoticiaz.com.br\/ribeiraopreto-regiao\/wp-content\/uploads\/sites\/4\/2022\/04\/design-sem-nome-74-1.jpg","contentUrl":"https:\/\/redenoticiaz.com.br\/ribeiraopreto-regiao\/wp-content\/uploads\/sites\/4\/2022\/04\/design-sem-nome-74-1.jpg","width":900,"height":600,"caption":"Hipermercado est\u00e1 fechado e isolado para a per\u00edcia. Cr\u00e9ditos: Reprodu\u00e7\u00e3o\/Guaruj\u00e1 Mil Grau"},{"@type":"WebSite","@id":"https:\/\/redenoticiaz.com.br\/ribeiraopreto-regiao\/#website","url":"https:\/\/redenoticiaz.com.br\/ribeiraopreto-regiao\/","name":"Ribeir\u00e3o Preto e Regi\u00e3o","description":"Rede NoticiaZ - Ribeir\u00e3o Preto e regi\u00e3o","publisher":{"@id":"https:\/\/redenoticiaz.com.br\/ribeiraopreto-regiao\/#organization"},"potentialAction":[{"@type":"SearchAction","target":{"@type":"EntryPoint","urlTemplate":"https:\/\/redenoticiaz.com.br\/ribeiraopreto-regiao\/?s={search_term_string}"},"query-input":{"@type":"PropertyValueSpecification","valueRequired":true,"valueName":"search_term_string"}}],"inLanguage":"pt-BR"},{"@type":"Organization","@id":"https:\/\/redenoticiaz.com.br\/ribeiraopreto-regiao\/#organization","name":"Ribeir\u00e3o Preto e Regi\u00e3o","url":"https:\/\/redenoticiaz.com.br\/ribeiraopreto-regiao\/","logo":{"@type":"ImageObject","inLanguage":"pt-BR","@id":"https:\/\/redenoticiaz.com.br\/ribeiraopreto-regiao\/#\/schema\/logo\/image\/","url":"https:\/\/redenoticiaz.com.br\/barretos-regiao\/wp-content\/uploads\/sites\/4\/2022\/02\/logo.jpg","contentUrl":"https:\/\/redenoticiaz.com.br\/barretos-regiao\/wp-content\/uploads\/sites\/4\/2022\/02\/logo.jpg","width":400,"height":250,"caption":"Ribeir\u00e3o Preto e Regi\u00e3o"},"image":{"@id":"https:\/\/redenoticiaz.com.br\/ribeiraopreto-regiao\/#\/schema\/logo\/image\/"},"sameAs":["https:\/\/m.facebook.com\/redenoticiaz.barretos","https:\/\/x.com\/RN_barretos","https:\/\/www.instagram.com\/redenoticiaz.barretos\/?igshid=YmMyMTA2M2Y","https:\/\/www.linkedin.com\/company\/rede-noticiaz-barretos-e-regio\/"]},{"@type":"Person","@id":"https:\/\/redenoticiaz.com.br\/ribeiraopreto-regiao\/#\/schema\/person\/0f0b8a5bdafefe82841e07ae8d81ecb3","name":"Leonardo Francisco","image":{"@type":"ImageObject","inLanguage":"pt-BR","@id":"https:\/\/secure.gravatar.com\/avatar\/a7358cb406a99b682ec6df1e77e31ae82e63601f6784e8a3df411d72b37864da?s=96&d=mm&r=g","url":"https:\/\/secure.gravatar.com\/avatar\/a7358cb406a99b682ec6df1e77e31ae82e63601f6784e8a3df411d72b37864da?s=96&d=mm&r=g","contentUrl":"https:\/\/secure.gravatar.com\/avatar\/a7358cb406a99b682ec6df1e77e31ae82e63601f6784e8a3df411d72b37864da?s=96&d=mm&r=g","caption":"Leonardo Francisco"},"url":"https:\/\/redenoticiaz.com.br\/ribeiraopreto-regiao\/sp\/author\/leonardo-francisco"}]}},"_links":{"self":[{"href":"https:\/\/redenoticiaz.com.br\/ribeiraopreto-regiao\/wp-json\/wp\/v2\/posts\/2397","targetHints":{"allow":["GET"]}}],"collection":[{"href":"https:\/\/redenoticiaz.com.br\/ribeiraopreto-regiao\/wp-json\/wp\/v2\/posts"}],"about":[{"href":"https:\/\/redenoticiaz.com.br\/ribeiraopreto-regiao\/wp-json\/wp\/v2\/types\/post"}],"author":[{"embeddable":true,"href":"https:\/\/redenoticiaz.com.br\/ribeiraopreto-regiao\/wp-json\/wp\/v2\/users\/6"}],"replies":[{"embeddable":true,"href":"https:\/\/redenoticiaz.com.br\/ribeiraopreto-regiao\/wp-json\/wp\/v2\/comments?post=2397"}],"version-history":[{"count":3,"href":"https:\/\/redenoticiaz.com.br\/ribeiraopreto-regiao\/wp-json\/wp\/v2\/posts\/2397\/revisions"}],"predecessor-version":[{"id":2413,"href":"https:\/\/redenoticiaz.com.br\/ribeiraopreto-regiao\/wp-json\/wp\/v2\/posts\/2397\/revisions\/2413"}],"wp:featuredmedia":[{"embeddable":true,"href":"https:\/\/redenoticiaz.com.br\/ribeiraopreto-regiao\/wp-json\/wp\/v2\/media\/2398"}],"wp:attachment":[{"href":"https:\/\/redenoticiaz.com.br\/ribeiraopreto-regiao\/wp-json\/wp\/v2\/media?parent=2397"}],"wp:term":[{"taxonomy":"category","embeddable":true,"href":"https:\/\/redenoticiaz.com.br\/ribeiraopreto-regiao\/wp-json\/wp\/v2\/categories?post=2397"},{"taxonomy":"post_tag","embeddable":true,"href":"https:\/\/redenoticiaz.com.br\/ribeiraopreto-regiao\/wp-json\/wp\/v2\/tags?post=2397"}],"curies":[{"name":"wp","href":"https:\/\/api.w.org\/{rel}","templated":true}]}}