{"id":2436,"date":"2022-04-13T15:33:12","date_gmt":"2022-04-13T18:33:12","guid":{"rendered":"https:\/\/redenoticiaz.com.br\/barretos-regiao\/?p=2436"},"modified":"2022-04-13T15:33:12","modified_gmt":"2022-04-13T18:33:12","slug":"funcionamento-das-reparticoes-publicas-municipais-na-semana-santa","status":"publish","type":"post","link":"https:\/\/redenoticiaz.com.br\/ribeiraopreto-regiao\/sp\/2022\/04\/13\/funcionamento-das-reparticoes-publicas-municipais-na-semana-santa","title":{"rendered":"Funcionamento das reparti\u00e7\u00f5es p\u00fablicas municipais na Semana Santa"},"content":{"rendered":"<p>A prefeitura da Est\u00e2ncia Tur\u00edstica de Barretos e o Servi\u00e7o Aut\u00f4nomo de \u00c1gua e Esgoto divulgam o &#8216;abre e fecha&#8217; durante a Semana Santa, com base no decreto que declarou facultativo o ponto nas reparti\u00e7\u00f5es p\u00fablicas no dia 14\/4.<\/p>\n<p><b>PA\u00c7O MUNICIPAL<\/b><br \/>\n14 e 15\/4 (quinta e sexta-feira) \u2013 Fechado.<\/p>\n<p><b>UNIDADES DE ENSINO<\/b><br \/>\n14 e 15\/4 (quinta e sexta-feira) \u2013 Fechadas.<\/p>\n<p><b>UNIDADES B\u00c1SICAS DE SA\u00daDE<\/b><br \/>\n14\/4 (quinta-feira) \u2013 Funcionamento das UBSs dos bairros Mar\u00edlia, Am\u00e9rica e Barretos II, das 7h \u00e0s 17h.<br \/>\n15\/4 (sexta-feira) Feriado da Paix\u00e3o de Cristo \u2013 Fechadas.<br \/>\n16\/4 (s\u00e1bado) \u2013 Funcionamento das UBSs dos bairros Am\u00e9rica, Christiano Carvalho e S\u00e3o Francisco, das 7h \u00e0s 13h.<\/p>\n<p><b>SAAE<\/b><br \/>\nAtendimento na sede at\u00e9 quarta-feira, 13\/4, das 8h \u00e0s 14h.<br \/>\n14\/4 (quinta-feira) \u2013 Atendimento no Poupatempo, 9h \u00e0s 17h.<br \/>\nQuinta, sexta, s\u00e1bado e domingo: Plant\u00e3o 24h: (17) 3321-5300.<\/p>\n<p><img loading=\"lazy\" decoding=\"async\" class=\"alignnone size-medium wp-image-2439\" src=\"https:\/\/redenoticiaz.com.br\/barretos-regiao\/wp-content\/uploads\/sites\/4\/2022\/04\/cards-abre-e-fecha-semana-santa-300x300.jpeg\" alt=\"Novos hor\u00e1rios \" width=\"300\" height=\"300\" srcset=\"https:\/\/redenoticiaz.com.br\/ribeiraopreto-regiao\/wp-content\/uploads\/sites\/4\/2022\/04\/cards-abre-e-fecha-semana-santa-300x300.jpeg 300w, https:\/\/redenoticiaz.com.br\/ribeiraopreto-regiao\/wp-content\/uploads\/sites\/4\/2022\/04\/cards-abre-e-fecha-semana-santa-1024x1024.jpeg 1024w, https:\/\/redenoticiaz.com.br\/ribeiraopreto-regiao\/wp-content\/uploads\/sites\/4\/2022\/04\/cards-abre-e-fecha-semana-santa-150x150.jpeg 150w, https:\/\/redenoticiaz.com.br\/ribeiraopreto-regiao\/wp-content\/uploads\/sites\/4\/2022\/04\/cards-abre-e-fecha-semana-santa-768x768.jpeg 768w, https:\/\/redenoticiaz.com.br\/ribeiraopreto-regiao\/wp-content\/uploads\/sites\/4\/2022\/04\/cards-abre-e-fecha-semana-santa.jpeg 1080w\" sizes=\"auto, (max-width: 300px) 100vw, 300px\" \/><\/p>\n<p>LEIA TAMB\u00c9M:\u00a0<a href=\"https:\/\/redenoticiaz.com.br\/barretos-regiao\/sp\/2022\/04\/13\/barretos-conquista-37-medalhas-em-etapa-do-circuito-interior-de-jiu-jitsu\">Barretos conquista 37 medalhas em Etapa do Circuito Interior de Jiu Jitsu<\/a><\/p>\n","protected":false},"excerpt":{"rendered":"<p>A prefeitura da Est\u00e2ncia Tur\u00edstica de Barretos e o Servi\u00e7o Aut\u00f4nomo de \u00c1gua e Esgoto divulgam o &#8216;abre e fecha&#8217; durante a Semana Santa, com base no decreto que declarou facultativo o ponto nas reparti\u00e7\u00f5es p\u00fablicas no dia 14\/4. PA\u00c7O MUNICIPAL 14 e 15\/4 (quinta e sexta-feira) \u2013 Fechado. UNIDADES DE ENSINO 14 e 15\/4 &hellip;<\/p>\n","protected":false},"author":15,"featured_media":2438,"comment_status":"open","ping_status":"closed","sticky":false,"template":"","format":"standard","meta":{"footnotes":""},"categories":[252],"tags":[10002,3796,7736,10001],"class_list":["post-2436","post","type-post","status-publish","format-standard","has-post-thumbnail","hentry","category-acao-social","tag-paco-municipal","tag-saae","tag-unidade-basica-de-saude","tag-unidades-de-ensino"],"yoast_head":"<!-- This site is optimized with the Yoast SEO plugin v27.4 - https:\/\/yoast.com\/product\/yoast-seo-wordpress\/ -->\n<title>Funcionamento das reparti\u00e7\u00f5es p\u00fablicas municipais na Semana Santa - Ribeir\u00e3o Preto e Regi\u00e3o<\/title>\n<meta name=\"description\" content=\"Barretos e o Servi\u00e7o Aut\u00f4nomo de \u00c1gua e Esgoto divulgam o &#039;abre e fecha&#039; durante a Semana Santa, com base no decreto que declarou facultativo o ponto nas reparti\u00e7\u00f5es p\u00fablicas no dia 14\/4.\" \/>\n<meta name=\"robots\" content=\"index, follow, max-snippet:-1, max-image-preview:large, max-video-preview:-1\" \/>\n<link rel=\"canonical\" href=\"https:\/\/redenoticiaz.com.br\/ribeiraopreto-regiao\/sp\/2022\/04\/13\/funcionamento-das-reparticoes-publicas-municipais-na-semana-santa\" \/>\n<meta property=\"og:locale\" content=\"pt_BR\" \/>\n<meta property=\"og:type\" content=\"article\" \/>\n<meta property=\"og:title\" content=\"Funcionamento das reparti\u00e7\u00f5es p\u00fablicas municipais na Semana Santa - Ribeir\u00e3o Preto e Regi\u00e3o\" \/>\n<meta property=\"og:description\" content=\"Barretos e o Servi\u00e7o Aut\u00f4nomo de \u00c1gua e Esgoto divulgam o &#039;abre e fecha&#039; durante a Semana Santa, com base no decreto que declarou facultativo o ponto nas reparti\u00e7\u00f5es p\u00fablicas no dia 14\/4.\" \/>\n<meta property=\"og:url\" content=\"https:\/\/redenoticiaz.com.br\/ribeiraopreto-regiao\/sp\/2022\/04\/13\/funcionamento-das-reparticoes-publicas-municipais-na-semana-santa\" \/>\n<meta property=\"og:site_name\" content=\"Ribeir\u00e3o Preto e Regi\u00e3o\" \/>\n<meta property=\"article:publisher\" content=\"https:\/\/m.facebook.com\/redenoticiaz.barretos\" \/>\n<meta property=\"article:published_time\" content=\"2022-04-13T18:33:12+00:00\" \/>\n<meta property=\"og:image\" content=\"https:\/\/redenoticiaz.com.br\/ribeiraopreto-regiao\/wp-content\/uploads\/sites\/4\/2022\/04\/design-sem-nome-5-1024x576.png\" \/>\n\t<meta property=\"og:image:width\" content=\"1024\" \/>\n\t<meta property=\"og:image:height\" content=\"576\" \/>\n\t<meta property=\"og:image:type\" content=\"image\/png\" \/>\n<meta name=\"twitter:card\" content=\"summary_large_image\" \/>\n<meta name=\"twitter:creator\" content=\"@RN_barretos\" \/>\n<meta name=\"twitter:site\" content=\"@RN_barretos\" \/>\n<meta name=\"twitter:label1\" content=\"Escrito por\" \/>\n\t<meta name=\"twitter:data1\" content=\"\" \/>\n\t<meta name=\"twitter:label2\" content=\"Est. tempo de leitura\" \/>\n\t<meta name=\"twitter:data2\" content=\"1 minuto\" \/>\n<script type=\"application\/ld+json\" class=\"yoast-schema-graph\">{\"@context\":\"https:\\\/\\\/schema.org\",\"@graph\":[{\"@type\":\"Article\",\"@id\":\"https:\\\/\\\/redenoticiaz.com.br\\\/ribeiraopreto-regiao\\\/sp\\\/2022\\\/04\\\/13\\\/funcionamento-das-reparticoes-publicas-municipais-na-semana-santa#article\",\"isPartOf\":{\"@id\":\"https:\\\/\\\/redenoticiaz.com.br\\\/ribeiraopreto-regiao\\\/sp\\\/2022\\\/04\\\/13\\\/funcionamento-das-reparticoes-publicas-municipais-na-semana-santa\"},\"author\":{\"name\":\"\",\"@id\":\"\"},\"headline\":\"Funcionamento das reparti\u00e7\u00f5es p\u00fablicas municipais na Semana Santa\",\"datePublished\":\"2022-04-13T18:33:12+00:00\",\"mainEntityOfPage\":{\"@id\":\"https:\\\/\\\/redenoticiaz.com.br\\\/ribeiraopreto-regiao\\\/sp\\\/2022\\\/04\\\/13\\\/funcionamento-das-reparticoes-publicas-municipais-na-semana-santa\"},\"wordCount\":161,\"commentCount\":0,\"publisher\":{\"@id\":\"https:\\\/\\\/redenoticiaz.com.br\\\/ribeiraopreto-regiao\\\/#organization\"},\"image\":{\"@id\":\"https:\\\/\\\/redenoticiaz.com.br\\\/ribeiraopreto-regiao\\\/sp\\\/2022\\\/04\\\/13\\\/funcionamento-das-reparticoes-publicas-municipais-na-semana-santa#primaryimage\"},\"thumbnailUrl\":\"https:\\\/\\\/redenoticiaz.com.br\\\/ribeiraopreto-regiao\\\/wp-content\\\/uploads\\\/sites\\\/4\\\/2022\\\/04\\\/design-sem-nome-5.png\",\"keywords\":[\"pa\u00e7o municipal\",\"SAAE\",\"UNIDADE B\u00c1SICA DE SA\u00daDE\",\"UNIDADES DE ENSINO\"],\"articleSection\":[\"A\u00e7\u00e3o Social\"],\"inLanguage\":\"pt-BR\",\"potentialAction\":[{\"@type\":\"CommentAction\",\"name\":\"Comment\",\"target\":[\"https:\\\/\\\/redenoticiaz.com.br\\\/ribeiraopreto-regiao\\\/sp\\\/2022\\\/04\\\/13\\\/funcionamento-das-reparticoes-publicas-municipais-na-semana-santa#respond\"]}]},{\"@type\":\"WebPage\",\"@id\":\"https:\\\/\\\/redenoticiaz.com.br\\\/ribeiraopreto-regiao\\\/sp\\\/2022\\\/04\\\/13\\\/funcionamento-das-reparticoes-publicas-municipais-na-semana-santa\",\"url\":\"https:\\\/\\\/redenoticiaz.com.br\\\/ribeiraopreto-regiao\\\/sp\\\/2022\\\/04\\\/13\\\/funcionamento-das-reparticoes-publicas-municipais-na-semana-santa\",\"name\":\"Funcionamento das reparti\u00e7\u00f5es p\u00fablicas municipais na Semana Santa - Ribeir\u00e3o Preto e Regi\u00e3o\",\"isPartOf\":{\"@id\":\"https:\\\/\\\/redenoticiaz.com.br\\\/ribeiraopreto-regiao\\\/#website\"},\"primaryImageOfPage\":{\"@id\":\"https:\\\/\\\/redenoticiaz.com.br\\\/ribeiraopreto-regiao\\\/sp\\\/2022\\\/04\\\/13\\\/funcionamento-das-reparticoes-publicas-municipais-na-semana-santa#primaryimage\"},\"image\":{\"@id\":\"https:\\\/\\\/redenoticiaz.com.br\\\/ribeiraopreto-regiao\\\/sp\\\/2022\\\/04\\\/13\\\/funcionamento-das-reparticoes-publicas-municipais-na-semana-santa#primaryimage\"},\"thumbnailUrl\":\"https:\\\/\\\/redenoticiaz.com.br\\\/ribeiraopreto-regiao\\\/wp-content\\\/uploads\\\/sites\\\/4\\\/2022\\\/04\\\/design-sem-nome-5.png\",\"datePublished\":\"2022-04-13T18:33:12+00:00\",\"description\":\"Barretos e o Servi\u00e7o Aut\u00f4nomo de \u00c1gua e Esgoto divulgam o 'abre e fecha' durante a Semana Santa, com base no decreto que declarou facultativo o ponto nas reparti\u00e7\u00f5es p\u00fablicas no dia 14\\\/4.\",\"inLanguage\":\"pt-BR\",\"potentialAction\":[{\"@type\":\"ReadAction\",\"target\":[\"https:\\\/\\\/redenoticiaz.com.br\\\/ribeiraopreto-regiao\\\/sp\\\/2022\\\/04\\\/13\\\/funcionamento-das-reparticoes-publicas-municipais-na-semana-santa\"]}]},{\"@type\":\"ImageObject\",\"inLanguage\":\"pt-BR\",\"@id\":\"https:\\\/\\\/redenoticiaz.com.br\\\/ribeiraopreto-regiao\\\/sp\\\/2022\\\/04\\\/13\\\/funcionamento-das-reparticoes-publicas-municipais-na-semana-santa#primaryimage\",\"url\":\"https:\\\/\\\/redenoticiaz.com.br\\\/ribeiraopreto-regiao\\\/wp-content\\\/uploads\\\/sites\\\/4\\\/2022\\\/04\\\/design-sem-nome-5.png\",\"contentUrl\":\"https:\\\/\\\/redenoticiaz.com.br\\\/ribeiraopreto-regiao\\\/wp-content\\\/uploads\\\/sites\\\/4\\\/2022\\\/04\\\/design-sem-nome-5.png\",\"width\":1920,\"height\":1080,\"caption\":\"Funcionamento. Foto: Reprodu\u00e7\u00e3o\"},{\"@type\":\"WebSite\",\"@id\":\"https:\\\/\\\/redenoticiaz.com.br\\\/ribeiraopreto-regiao\\\/#website\",\"url\":\"https:\\\/\\\/redenoticiaz.com.br\\\/ribeiraopreto-regiao\\\/\",\"name\":\"Ribeir\u00e3o Preto e Regi\u00e3o\",\"description\":\"Rede NoticiaZ - Ribeir\u00e3o Preto e regi\u00e3o\",\"publisher\":{\"@id\":\"https:\\\/\\\/redenoticiaz.com.br\\\/ribeiraopreto-regiao\\\/#organization\"},\"potentialAction\":[{\"@type\":\"SearchAction\",\"target\":{\"@type\":\"EntryPoint\",\"urlTemplate\":\"https:\\\/\\\/redenoticiaz.com.br\\\/ribeiraopreto-regiao\\\/?s={search_term_string}\"},\"query-input\":{\"@type\":\"PropertyValueSpecification\",\"valueRequired\":true,\"valueName\":\"search_term_string\"}}],\"inLanguage\":\"pt-BR\"},{\"@type\":\"Organization\",\"@id\":\"https:\\\/\\\/redenoticiaz.com.br\\\/ribeiraopreto-regiao\\\/#organization\",\"name\":\"Ribeir\u00e3o Preto e Regi\u00e3o\",\"url\":\"https:\\\/\\\/redenoticiaz.com.br\\\/ribeiraopreto-regiao\\\/\",\"logo\":{\"@type\":\"ImageObject\",\"inLanguage\":\"pt-BR\",\"@id\":\"https:\\\/\\\/redenoticiaz.com.br\\\/ribeiraopreto-regiao\\\/#\\\/schema\\\/logo\\\/image\\\/\",\"url\":\"https:\\\/\\\/redenoticiaz.com.br\\\/barretos-regiao\\\/wp-content\\\/uploads\\\/sites\\\/4\\\/2022\\\/02\\\/logo.jpg\",\"contentUrl\":\"https:\\\/\\\/redenoticiaz.com.br\\\/barretos-regiao\\\/wp-content\\\/uploads\\\/sites\\\/4\\\/2022\\\/02\\\/logo.jpg\",\"width\":400,\"height\":250,\"caption\":\"Ribeir\u00e3o Preto e Regi\u00e3o\"},\"image\":{\"@id\":\"https:\\\/\\\/redenoticiaz.com.br\\\/ribeiraopreto-regiao\\\/#\\\/schema\\\/logo\\\/image\\\/\"},\"sameAs\":[\"https:\\\/\\\/m.facebook.com\\\/redenoticiaz.barretos\",\"https:\\\/\\\/x.com\\\/RN_barretos\",\"https:\\\/\\\/www.instagram.com\\\/redenoticiaz.barretos\\\/?igshid=YmMyMTA2M2Y\",\"https:\\\/\\\/www.linkedin.com\\\/company\\\/rede-noticiaz-barretos-e-regio\\\/\"]},{\"@type\":\"Person\",\"@id\":\"\",\"url\":\"https:\\\/\\\/redenoticiaz.com.br\\\/ribeiraopreto-regiao\\\/sp\\\/author\"}]}<\/script>\n<!-- \/ Yoast SEO plugin. -->","yoast_head_json":{"title":"Funcionamento das reparti\u00e7\u00f5es p\u00fablicas municipais na Semana Santa - Ribeir\u00e3o Preto e Regi\u00e3o","description":"Barretos e o Servi\u00e7o Aut\u00f4nomo de \u00c1gua e Esgoto divulgam o 'abre e fecha' durante a Semana Santa, com base no decreto que declarou facultativo o ponto nas reparti\u00e7\u00f5es p\u00fablicas no dia 14\/4.","robots":{"index":"index","follow":"follow","max-snippet":"max-snippet:-1","max-image-preview":"max-image-preview:large","max-video-preview":"max-video-preview:-1"},"canonical":"https:\/\/redenoticiaz.com.br\/ribeiraopreto-regiao\/sp\/2022\/04\/13\/funcionamento-das-reparticoes-publicas-municipais-na-semana-santa","og_locale":"pt_BR","og_type":"article","og_title":"Funcionamento das reparti\u00e7\u00f5es p\u00fablicas municipais na Semana Santa - Ribeir\u00e3o Preto e Regi\u00e3o","og_description":"Barretos e o Servi\u00e7o Aut\u00f4nomo de \u00c1gua e Esgoto divulgam o 'abre e fecha' durante a Semana Santa, com base no decreto que declarou facultativo o ponto nas reparti\u00e7\u00f5es p\u00fablicas no dia 14\/4.","og_url":"https:\/\/redenoticiaz.com.br\/ribeiraopreto-regiao\/sp\/2022\/04\/13\/funcionamento-das-reparticoes-publicas-municipais-na-semana-santa","og_site_name":"Ribeir\u00e3o Preto e Regi\u00e3o","article_publisher":"https:\/\/m.facebook.com\/redenoticiaz.barretos","article_published_time":"2022-04-13T18:33:12+00:00","og_image":[{"width":1024,"height":576,"url":"https:\/\/redenoticiaz.com.br\/ribeiraopreto-regiao\/wp-content\/uploads\/sites\/4\/2022\/04\/design-sem-nome-5-1024x576.png","type":"image\/png"}],"twitter_card":"summary_large_image","twitter_creator":"@RN_barretos","twitter_site":"@RN_barretos","twitter_misc":{"Escrito por":"","Est. tempo de leitura":"1 minuto"},"schema":{"@context":"https:\/\/schema.org","@graph":[{"@type":"Article","@id":"https:\/\/redenoticiaz.com.br\/ribeiraopreto-regiao\/sp\/2022\/04\/13\/funcionamento-das-reparticoes-publicas-municipais-na-semana-santa#article","isPartOf":{"@id":"https:\/\/redenoticiaz.com.br\/ribeiraopreto-regiao\/sp\/2022\/04\/13\/funcionamento-das-reparticoes-publicas-municipais-na-semana-santa"},"author":{"name":"","@id":""},"headline":"Funcionamento das reparti\u00e7\u00f5es p\u00fablicas municipais na Semana Santa","datePublished":"2022-04-13T18:33:12+00:00","mainEntityOfPage":{"@id":"https:\/\/redenoticiaz.com.br\/ribeiraopreto-regiao\/sp\/2022\/04\/13\/funcionamento-das-reparticoes-publicas-municipais-na-semana-santa"},"wordCount":161,"commentCount":0,"publisher":{"@id":"https:\/\/redenoticiaz.com.br\/ribeiraopreto-regiao\/#organization"},"image":{"@id":"https:\/\/redenoticiaz.com.br\/ribeiraopreto-regiao\/sp\/2022\/04\/13\/funcionamento-das-reparticoes-publicas-municipais-na-semana-santa#primaryimage"},"thumbnailUrl":"https:\/\/redenoticiaz.com.br\/ribeiraopreto-regiao\/wp-content\/uploads\/sites\/4\/2022\/04\/design-sem-nome-5.png","keywords":["pa\u00e7o municipal","SAAE","UNIDADE B\u00c1SICA DE SA\u00daDE","UNIDADES DE ENSINO"],"articleSection":["A\u00e7\u00e3o Social"],"inLanguage":"pt-BR","potentialAction":[{"@type":"CommentAction","name":"Comment","target":["https:\/\/redenoticiaz.com.br\/ribeiraopreto-regiao\/sp\/2022\/04\/13\/funcionamento-das-reparticoes-publicas-municipais-na-semana-santa#respond"]}]},{"@type":"WebPage","@id":"https:\/\/redenoticiaz.com.br\/ribeiraopreto-regiao\/sp\/2022\/04\/13\/funcionamento-das-reparticoes-publicas-municipais-na-semana-santa","url":"https:\/\/redenoticiaz.com.br\/ribeiraopreto-regiao\/sp\/2022\/04\/13\/funcionamento-das-reparticoes-publicas-municipais-na-semana-santa","name":"Funcionamento das reparti\u00e7\u00f5es p\u00fablicas municipais na Semana Santa - Ribeir\u00e3o Preto e Regi\u00e3o","isPartOf":{"@id":"https:\/\/redenoticiaz.com.br\/ribeiraopreto-regiao\/#website"},"primaryImageOfPage":{"@id":"https:\/\/redenoticiaz.com.br\/ribeiraopreto-regiao\/sp\/2022\/04\/13\/funcionamento-das-reparticoes-publicas-municipais-na-semana-santa#primaryimage"},"image":{"@id":"https:\/\/redenoticiaz.com.br\/ribeiraopreto-regiao\/sp\/2022\/04\/13\/funcionamento-das-reparticoes-publicas-municipais-na-semana-santa#primaryimage"},"thumbnailUrl":"https:\/\/redenoticiaz.com.br\/ribeiraopreto-regiao\/wp-content\/uploads\/sites\/4\/2022\/04\/design-sem-nome-5.png","datePublished":"2022-04-13T18:33:12+00:00","description":"Barretos e o Servi\u00e7o Aut\u00f4nomo de \u00c1gua e Esgoto divulgam o 'abre e fecha' durante a Semana Santa, com base no decreto que declarou facultativo o ponto nas reparti\u00e7\u00f5es p\u00fablicas no dia 14\/4.","inLanguage":"pt-BR","potentialAction":[{"@type":"ReadAction","target":["https:\/\/redenoticiaz.com.br\/ribeiraopreto-regiao\/sp\/2022\/04\/13\/funcionamento-das-reparticoes-publicas-municipais-na-semana-santa"]}]},{"@type":"ImageObject","inLanguage":"pt-BR","@id":"https:\/\/redenoticiaz.com.br\/ribeiraopreto-regiao\/sp\/2022\/04\/13\/funcionamento-das-reparticoes-publicas-municipais-na-semana-santa#primaryimage","url":"https:\/\/redenoticiaz.com.br\/ribeiraopreto-regiao\/wp-content\/uploads\/sites\/4\/2022\/04\/design-sem-nome-5.png","contentUrl":"https:\/\/redenoticiaz.com.br\/ribeiraopreto-regiao\/wp-content\/uploads\/sites\/4\/2022\/04\/design-sem-nome-5.png","width":1920,"height":1080,"caption":"Funcionamento. Foto: Reprodu\u00e7\u00e3o"},{"@type":"WebSite","@id":"https:\/\/redenoticiaz.com.br\/ribeiraopreto-regiao\/#website","url":"https:\/\/redenoticiaz.com.br\/ribeiraopreto-regiao\/","name":"Ribeir\u00e3o Preto e Regi\u00e3o","description":"Rede NoticiaZ - Ribeir\u00e3o Preto e regi\u00e3o","publisher":{"@id":"https:\/\/redenoticiaz.com.br\/ribeiraopreto-regiao\/#organization"},"potentialAction":[{"@type":"SearchAction","target":{"@type":"EntryPoint","urlTemplate":"https:\/\/redenoticiaz.com.br\/ribeiraopreto-regiao\/?s={search_term_string}"},"query-input":{"@type":"PropertyValueSpecification","valueRequired":true,"valueName":"search_term_string"}}],"inLanguage":"pt-BR"},{"@type":"Organization","@id":"https:\/\/redenoticiaz.com.br\/ribeiraopreto-regiao\/#organization","name":"Ribeir\u00e3o Preto e Regi\u00e3o","url":"https:\/\/redenoticiaz.com.br\/ribeiraopreto-regiao\/","logo":{"@type":"ImageObject","inLanguage":"pt-BR","@id":"https:\/\/redenoticiaz.com.br\/ribeiraopreto-regiao\/#\/schema\/logo\/image\/","url":"https:\/\/redenoticiaz.com.br\/barretos-regiao\/wp-content\/uploads\/sites\/4\/2022\/02\/logo.jpg","contentUrl":"https:\/\/redenoticiaz.com.br\/barretos-regiao\/wp-content\/uploads\/sites\/4\/2022\/02\/logo.jpg","width":400,"height":250,"caption":"Ribeir\u00e3o Preto e Regi\u00e3o"},"image":{"@id":"https:\/\/redenoticiaz.com.br\/ribeiraopreto-regiao\/#\/schema\/logo\/image\/"},"sameAs":["https:\/\/m.facebook.com\/redenoticiaz.barretos","https:\/\/x.com\/RN_barretos","https:\/\/www.instagram.com\/redenoticiaz.barretos\/?igshid=YmMyMTA2M2Y","https:\/\/www.linkedin.com\/company\/rede-noticiaz-barretos-e-regio\/"]},{"@type":"Person","@id":"","url":"https:\/\/redenoticiaz.com.br\/ribeiraopreto-regiao\/sp\/author"}]}},"_links":{"self":[{"href":"https:\/\/redenoticiaz.com.br\/ribeiraopreto-regiao\/wp-json\/wp\/v2\/posts\/2436","targetHints":{"allow":["GET"]}}],"collection":[{"href":"https:\/\/redenoticiaz.com.br\/ribeiraopreto-regiao\/wp-json\/wp\/v2\/posts"}],"about":[{"href":"https:\/\/redenoticiaz.com.br\/ribeiraopreto-regiao\/wp-json\/wp\/v2\/types\/post"}],"author":[{"embeddable":true,"href":"https:\/\/redenoticiaz.com.br\/ribeiraopreto-regiao\/wp-json\/wp\/v2\/users\/15"}],"replies":[{"embeddable":true,"href":"https:\/\/redenoticiaz.com.br\/ribeiraopreto-regiao\/wp-json\/wp\/v2\/comments?post=2436"}],"version-history":[{"count":1,"href":"https:\/\/redenoticiaz.com.br\/ribeiraopreto-regiao\/wp-json\/wp\/v2\/posts\/2436\/revisions"}],"predecessor-version":[{"id":2440,"href":"https:\/\/redenoticiaz.com.br\/ribeiraopreto-regiao\/wp-json\/wp\/v2\/posts\/2436\/revisions\/2440"}],"wp:featuredmedia":[{"embeddable":true,"href":"https:\/\/redenoticiaz.com.br\/ribeiraopreto-regiao\/wp-json\/wp\/v2\/media\/2438"}],"wp:attachment":[{"href":"https:\/\/redenoticiaz.com.br\/ribeiraopreto-regiao\/wp-json\/wp\/v2\/media?parent=2436"}],"wp:term":[{"taxonomy":"category","embeddable":true,"href":"https:\/\/redenoticiaz.com.br\/ribeiraopreto-regiao\/wp-json\/wp\/v2\/categories?post=2436"},{"taxonomy":"post_tag","embeddable":true,"href":"https:\/\/redenoticiaz.com.br\/ribeiraopreto-regiao\/wp-json\/wp\/v2\/tags?post=2436"}],"curies":[{"name":"wp","href":"https:\/\/api.w.org\/{rel}","templated":true}]}}