{"id":2478,"date":"2022-04-13T20:45:40","date_gmt":"2022-04-13T23:45:40","guid":{"rendered":"https:\/\/redenoticiaz.com.br\/barretos-regiao\/sp\/2022\/04\/13\/video-idoso-se-envolve-em-confusao-de-transito-e-tem-o-braco-quebrado-por-homem"},"modified":"2022-04-13T20:43:37","modified_gmt":"2022-04-13T23:43:37","slug":"video-idoso-se-envolve-em-confusao-de-transito-e-tem-o-braco-quebrado-por-homem","status":"publish","type":"post","link":"https:\/\/redenoticiaz.com.br\/ribeiraopreto-regiao\/sp\/2022\/04\/13\/video-idoso-se-envolve-em-confusao-de-transito-e-tem-o-braco-quebrado-por-homem","title":{"rendered":"V\u00cdDEO &#8211; Idoso se envolve em confus\u00e3o de tr\u00e2nsito e tem o bra\u00e7o quebrado por homem"},"content":{"rendered":"<p>Um <strong>idoso teve o bra\u00e7o quebrado<\/strong> durante briga no tr\u00e2nsito nessa ter\u00e7a-feira (12), em <a href=\"https:\/\/www.saovicente.sp.gov.br\/onepage\">S\u00e3o Vicente<\/a>. O agressor ainda n\u00e3o foi identificado e ap\u00f3s o crime, ele fugiu ao ver a chegada da Pol\u00edcia Militar.<\/p>\n<p>As imagens foram feitas por passageiros que estavam em um \u00f4nibus que passava no local. No v\u00eddeo \u00e9 poss\u00edvel ver o homem agredindo e quebrando o bra\u00e7o do idoso. Os policiais que foram atender a ocorr\u00eancia informaram que o agressor se enfureceu pelo fato de o aposentado ter &#8220;buzinado demais&#8221;.<\/p>\n<p>Na grava\u00e7\u00e3o, \u00e9 poss\u00edvel ver que agressor puxou o bra\u00e7o da v\u00edtima para fora da janela e s\u00f3 soltou, aparentemente, depois de t\u00ea-lo quebrado. O aposentado recebeu atendimento m\u00e9dico ap\u00f3s o ataque. Uma testemunha que n\u00e3o quis se identificar contou que no momento da agress\u00e3o, o homem disse&#8221;Sabe com quem est\u00e1 falando?&#8221; e &#8220;Sabe para quem voc\u00ea buzinou?&#8221;.<\/p>\n<h5>Veja o v\u00eddeo:<\/h5>\n<div style=\"width: 640px;\" class=\"wp-video\"><video class=\"wp-video-shortcode\" id=\"video-2478-1\" width=\"640\" height=\"352\" preload=\"metadata\" controls=\"controls\"><source type=\"video\/mp4\" src=\"https:\/\/redenoticiaz.com.br\/barretos-regiao\/wp-content\/uploads\/sites\/4\/2022\/04\/whatsapp-video-2022-04-13-at-16-52-32.mp4?_=1\" \/><a href=\"https:\/\/redenoticiaz.com.br\/barretos-regiao\/wp-content\/uploads\/sites\/4\/2022\/04\/whatsapp-video-2022-04-13-at-16-52-32.mp4\">https:\/\/redenoticiaz.com.br\/barretos-regiao\/wp-content\/uploads\/sites\/4\/2022\/04\/whatsapp-video-2022-04-13-at-16-52-32.mp4<\/a><\/video><\/div>\n<div class=\"mc-column content-text active-extra-styles \" data-block-type=\"unstyled\" data-block-weight=\"24\" data-block-id=\"8\">\n<p class=\"content-text__container \" data-track-category=\"Link no Texto\" data-track-links=\"\">O homem dirigia um ve\u00edculo na mesma avenida em que o aposentado estava e, ap\u00f3s ouvir o som da buzina, desceu para tirar satisfa\u00e7\u00f5es.<\/p>\n<\/div>\n<div class=\"mc-column content-text active-extra-styles \" data-block-type=\"unstyled\" data-block-weight=\"44\" data-block-id=\"9\">\n<p class=\"content-text__container \" data-track-category=\"Link no Texto\" data-track-links=\"\">Ainda de acordo com a testemunha, durante a briga um \u00f4nibus parou na via, e o motorista come\u00e7ou a buzinar para chamar a aten\u00e7\u00e3o de uma viatura da Pol\u00edcia Militar que estava na regi\u00e3o, mas o agressor conseguiu fugir antes de ser abordado.<\/p>\n<\/div>\n<div class=\"mc-column content-text active-extra-styles \" data-block-type=\"unstyled\" data-block-weight=\"11\" data-block-id=\"10\">\n<p class=\"content-text__container \" data-track-category=\"Link no Texto\" data-track-links=\"\">O caso foi registrado na Delegacia Sede de S\u00e3o Vicente, e a pol\u00edcia abriu investiga\u00e7\u00e3o. Quem tiver informa\u00e7\u00f5es deve ligar no Disque Den\u00fancia 181.<\/p>\n<p data-track-category=\"Link no Texto\" data-track-links=\"\"><strong>LEIA TAMB\u00c9M<\/strong><\/p>\n<p data-track-category=\"Link no Texto\" data-track-links=\"\"><a href=\"https:\/\/redenoticiaz.com.br\/litoralsp\/2022\/04\/13\/video-hipermercado-e-invadido-por-criminosos-que-roubam-joalheria-e-queimam-carro\">V\u00cdDEO \u2013 Hipermercado \u00e9 invadido por criminosos que roubam joalheria e queimam carro<\/a><\/p>\n<\/div>\n","protected":false},"excerpt":{"rendered":"<p>Um idoso teve o bra\u00e7o quebrado durante briga no tr\u00e2nsito nessa ter\u00e7a-feira (12), em S\u00e3o Vicente. O agressor ainda n\u00e3o foi identificado e ap\u00f3s o crime, ele fugiu ao ver a chegada da Pol\u00edcia Militar. As imagens foram feitas por passageiros que estavam em um \u00f4nibus que passava no local. No v\u00eddeo \u00e9 poss\u00edvel ver &hellip;<\/p>\n","protected":false},"author":6,"featured_media":2479,"comment_status":"open","ping_status":"closed","sticky":false,"template":"","format":"standard","meta":{"footnotes":""},"categories":[88,143],"tags":[10193,10194,10195,674,458],"class_list":["post-2478","post","type-post","status-publish","format-standard","has-post-thumbnail","hentry","category-policia","category-transito","tag-braco-quebrado","tag-briga-de-transito","tag-idoso-agredido","tag-policia-militar","tag-sao-vicente"],"yoast_head":"<!-- This site is optimized with the Yoast SEO plugin v27.4 - https:\/\/yoast.com\/product\/yoast-seo-wordpress\/ -->\n<title>V\u00cdDEO - Idoso se envolve em confus\u00e3o de tr\u00e2nsito e tem o bra\u00e7o quebrado por homem - Ribeir\u00e3o Preto e Regi\u00e3o<\/title>\n<meta name=\"description\" content=\"Um idoso teve o bra\u00e7o quebrado durante briga no tr\u00e2nsito nessa ter\u00e7a-feira (12), em S\u00e3o Vicente. O agressor ainda n\u00e3o foi identificado\" \/>\n<meta name=\"robots\" content=\"index, follow, max-snippet:-1, max-image-preview:large, max-video-preview:-1\" \/>\n<link rel=\"canonical\" href=\"https:\/\/redenoticiaz.com.br\/ribeiraopreto-regiao\/sp\/2022\/04\/13\/video-idoso-se-envolve-em-confusao-de-transito-e-tem-o-braco-quebrado-por-homem\" \/>\n<meta property=\"og:locale\" content=\"pt_BR\" \/>\n<meta property=\"og:type\" content=\"article\" \/>\n<meta property=\"og:title\" content=\"V\u00cdDEO - Idoso se envolve em confus\u00e3o de tr\u00e2nsito e tem o bra\u00e7o quebrado por homem - Ribeir\u00e3o Preto e Regi\u00e3o\" \/>\n<meta property=\"og:description\" content=\"Um idoso teve o bra\u00e7o quebrado durante briga no tr\u00e2nsito nessa ter\u00e7a-feira (12), em S\u00e3o Vicente. O agressor ainda n\u00e3o foi identificado\" \/>\n<meta property=\"og:url\" content=\"https:\/\/redenoticiaz.com.br\/ribeiraopreto-regiao\/sp\/2022\/04\/13\/video-idoso-se-envolve-em-confusao-de-transito-e-tem-o-braco-quebrado-por-homem\" \/>\n<meta property=\"og:site_name\" content=\"Ribeir\u00e3o Preto e Regi\u00e3o\" \/>\n<meta property=\"article:publisher\" content=\"https:\/\/m.facebook.com\/redenoticiaz.barretos\" \/>\n<meta property=\"article:published_time\" content=\"2022-04-13T23:45:40+00:00\" \/>\n<meta property=\"og:image\" content=\"https:\/\/redenoticiaz.com.br\/ribeiraopreto-regiao\/wp-content\/uploads\/sites\/4\/2022\/02\/logo.jpg\" \/>\n\t<meta property=\"og:image:width\" content=\"400\" \/>\n\t<meta property=\"og:image:height\" content=\"250\" \/>\n\t<meta property=\"og:image:type\" content=\"image\/jpeg\" \/>\n<meta name=\"author\" content=\"Leonardo Francisco\" \/>\n<meta name=\"twitter:card\" content=\"summary_large_image\" \/>\n<meta name=\"twitter:creator\" content=\"@RN_barretos\" \/>\n<meta name=\"twitter:site\" content=\"@RN_barretos\" \/>\n<meta name=\"twitter:label1\" content=\"Escrito por\" \/>\n\t<meta name=\"twitter:data1\" content=\"Leonardo Francisco\" \/>\n\t<meta name=\"twitter:label2\" content=\"Est. tempo de leitura\" \/>\n\t<meta name=\"twitter:data2\" content=\"2 minutos\" \/>\n<script type=\"application\/ld+json\" class=\"yoast-schema-graph\">{\"@context\":\"https:\\\/\\\/schema.org\",\"@graph\":[{\"@type\":\"Article\",\"@id\":\"https:\\\/\\\/redenoticiaz.com.br\\\/ribeiraopreto-regiao\\\/sp\\\/2022\\\/04\\\/13\\\/video-idoso-se-envolve-em-confusao-de-transito-e-tem-o-braco-quebrado-por-homem#article\",\"isPartOf\":{\"@id\":\"https:\\\/\\\/redenoticiaz.com.br\\\/ribeiraopreto-regiao\\\/sp\\\/2022\\\/04\\\/13\\\/video-idoso-se-envolve-em-confusao-de-transito-e-tem-o-braco-quebrado-por-homem\"},\"author\":{\"name\":\"Leonardo Francisco\",\"@id\":\"https:\\\/\\\/redenoticiaz.com.br\\\/ribeiraopreto-regiao\\\/#\\\/schema\\\/person\\\/0f0b8a5bdafefe82841e07ae8d81ecb3\"},\"headline\":\"V\u00cdDEO &#8211; Idoso se envolve em confus\u00e3o de tr\u00e2nsito e tem o bra\u00e7o quebrado por homem\",\"datePublished\":\"2022-04-13T23:45:40+00:00\",\"mainEntityOfPage\":{\"@id\":\"https:\\\/\\\/redenoticiaz.com.br\\\/ribeiraopreto-regiao\\\/sp\\\/2022\\\/04\\\/13\\\/video-idoso-se-envolve-em-confusao-de-transito-e-tem-o-braco-quebrado-por-homem\"},\"wordCount\":322,\"commentCount\":0,\"publisher\":{\"@id\":\"https:\\\/\\\/redenoticiaz.com.br\\\/ribeiraopreto-regiao\\\/#organization\"},\"image\":{\"@id\":\"https:\\\/\\\/redenoticiaz.com.br\\\/ribeiraopreto-regiao\\\/sp\\\/2022\\\/04\\\/13\\\/video-idoso-se-envolve-em-confusao-de-transito-e-tem-o-braco-quebrado-por-homem#primaryimage\"},\"thumbnailUrl\":\"https:\\\/\\\/redenoticiaz.com.br\\\/ribeiraopreto-regiao\\\/wp-content\\\/uploads\\\/sites\\\/4\\\/2022\\\/04\\\/whatsapp-image-2022-04-13-at-16-51-45.jpeg\",\"keywords\":[\"BRA\u00c7O QUEBRADO\",\"BRIGA DE TR\u00c2NSITO\",\"IDOSO AGREDIDO\",\"policia militar\",\"S\u00e3o Vicente\"],\"articleSection\":[\"Pol\u00edcia\",\"Tr\u00e2nsito\"],\"inLanguage\":\"pt-BR\",\"potentialAction\":[{\"@type\":\"CommentAction\",\"name\":\"Comment\",\"target\":[\"https:\\\/\\\/redenoticiaz.com.br\\\/ribeiraopreto-regiao\\\/sp\\\/2022\\\/04\\\/13\\\/video-idoso-se-envolve-em-confusao-de-transito-e-tem-o-braco-quebrado-por-homem#respond\"]}]},{\"@type\":\"WebPage\",\"@id\":\"https:\\\/\\\/redenoticiaz.com.br\\\/ribeiraopreto-regiao\\\/sp\\\/2022\\\/04\\\/13\\\/video-idoso-se-envolve-em-confusao-de-transito-e-tem-o-braco-quebrado-por-homem\",\"url\":\"https:\\\/\\\/redenoticiaz.com.br\\\/ribeiraopreto-regiao\\\/sp\\\/2022\\\/04\\\/13\\\/video-idoso-se-envolve-em-confusao-de-transito-e-tem-o-braco-quebrado-por-homem\",\"name\":\"V\u00cdDEO - Idoso se envolve em confus\u00e3o de tr\u00e2nsito e tem o bra\u00e7o quebrado por homem - Ribeir\u00e3o Preto e Regi\u00e3o\",\"isPartOf\":{\"@id\":\"https:\\\/\\\/redenoticiaz.com.br\\\/ribeiraopreto-regiao\\\/#website\"},\"primaryImageOfPage\":{\"@id\":\"https:\\\/\\\/redenoticiaz.com.br\\\/ribeiraopreto-regiao\\\/sp\\\/2022\\\/04\\\/13\\\/video-idoso-se-envolve-em-confusao-de-transito-e-tem-o-braco-quebrado-por-homem#primaryimage\"},\"image\":{\"@id\":\"https:\\\/\\\/redenoticiaz.com.br\\\/ribeiraopreto-regiao\\\/sp\\\/2022\\\/04\\\/13\\\/video-idoso-se-envolve-em-confusao-de-transito-e-tem-o-braco-quebrado-por-homem#primaryimage\"},\"thumbnailUrl\":\"https:\\\/\\\/redenoticiaz.com.br\\\/ribeiraopreto-regiao\\\/wp-content\\\/uploads\\\/sites\\\/4\\\/2022\\\/04\\\/whatsapp-image-2022-04-13-at-16-51-45.jpeg\",\"datePublished\":\"2022-04-13T23:45:40+00:00\",\"description\":\"Um idoso teve o bra\u00e7o quebrado durante briga no tr\u00e2nsito nessa ter\u00e7a-feira (12), em S\u00e3o Vicente. O agressor ainda n\u00e3o foi identificado\",\"inLanguage\":\"pt-BR\",\"potentialAction\":[{\"@type\":\"ReadAction\",\"target\":[\"https:\\\/\\\/redenoticiaz.com.br\\\/ribeiraopreto-regiao\\\/sp\\\/2022\\\/04\\\/13\\\/video-idoso-se-envolve-em-confusao-de-transito-e-tem-o-braco-quebrado-por-homem\"]}]},{\"@type\":\"ImageObject\",\"inLanguage\":\"pt-BR\",\"@id\":\"https:\\\/\\\/redenoticiaz.com.br\\\/ribeiraopreto-regiao\\\/sp\\\/2022\\\/04\\\/13\\\/video-idoso-se-envolve-em-confusao-de-transito-e-tem-o-braco-quebrado-por-homem#primaryimage\",\"url\":\"https:\\\/\\\/redenoticiaz.com.br\\\/ribeiraopreto-regiao\\\/wp-content\\\/uploads\\\/sites\\\/4\\\/2022\\\/04\\\/whatsapp-image-2022-04-13-at-16-51-45.jpeg\",\"contentUrl\":\"https:\\\/\\\/redenoticiaz.com.br\\\/ribeiraopreto-regiao\\\/wp-content\\\/uploads\\\/sites\\\/4\\\/2022\\\/04\\\/whatsapp-image-2022-04-13-at-16-51-45.jpeg\",\"width\":688,\"height\":726,\"caption\":\"Cr\u00e9ditos: Reprodu\u00e7\u00e3o\\\/Viver em Santos\"},{\"@type\":\"WebSite\",\"@id\":\"https:\\\/\\\/redenoticiaz.com.br\\\/ribeiraopreto-regiao\\\/#website\",\"url\":\"https:\\\/\\\/redenoticiaz.com.br\\\/ribeiraopreto-regiao\\\/\",\"name\":\"Ribeir\u00e3o Preto e Regi\u00e3o\",\"description\":\"Rede NoticiaZ - Ribeir\u00e3o Preto e regi\u00e3o\",\"publisher\":{\"@id\":\"https:\\\/\\\/redenoticiaz.com.br\\\/ribeiraopreto-regiao\\\/#organization\"},\"potentialAction\":[{\"@type\":\"SearchAction\",\"target\":{\"@type\":\"EntryPoint\",\"urlTemplate\":\"https:\\\/\\\/redenoticiaz.com.br\\\/ribeiraopreto-regiao\\\/?s={search_term_string}\"},\"query-input\":{\"@type\":\"PropertyValueSpecification\",\"valueRequired\":true,\"valueName\":\"search_term_string\"}}],\"inLanguage\":\"pt-BR\"},{\"@type\":\"Organization\",\"@id\":\"https:\\\/\\\/redenoticiaz.com.br\\\/ribeiraopreto-regiao\\\/#organization\",\"name\":\"Ribeir\u00e3o Preto e Regi\u00e3o\",\"url\":\"https:\\\/\\\/redenoticiaz.com.br\\\/ribeiraopreto-regiao\\\/\",\"logo\":{\"@type\":\"ImageObject\",\"inLanguage\":\"pt-BR\",\"@id\":\"https:\\\/\\\/redenoticiaz.com.br\\\/ribeiraopreto-regiao\\\/#\\\/schema\\\/logo\\\/image\\\/\",\"url\":\"https:\\\/\\\/redenoticiaz.com.br\\\/barretos-regiao\\\/wp-content\\\/uploads\\\/sites\\\/4\\\/2022\\\/02\\\/logo.jpg\",\"contentUrl\":\"https:\\\/\\\/redenoticiaz.com.br\\\/barretos-regiao\\\/wp-content\\\/uploads\\\/sites\\\/4\\\/2022\\\/02\\\/logo.jpg\",\"width\":400,\"height\":250,\"caption\":\"Ribeir\u00e3o Preto e Regi\u00e3o\"},\"image\":{\"@id\":\"https:\\\/\\\/redenoticiaz.com.br\\\/ribeiraopreto-regiao\\\/#\\\/schema\\\/logo\\\/image\\\/\"},\"sameAs\":[\"https:\\\/\\\/m.facebook.com\\\/redenoticiaz.barretos\",\"https:\\\/\\\/x.com\\\/RN_barretos\",\"https:\\\/\\\/www.instagram.com\\\/redenoticiaz.barretos\\\/?igshid=YmMyMTA2M2Y\",\"https:\\\/\\\/www.linkedin.com\\\/company\\\/rede-noticiaz-barretos-e-regio\\\/\"]},{\"@type\":\"Person\",\"@id\":\"https:\\\/\\\/redenoticiaz.com.br\\\/ribeiraopreto-regiao\\\/#\\\/schema\\\/person\\\/0f0b8a5bdafefe82841e07ae8d81ecb3\",\"name\":\"Leonardo Francisco\",\"image\":{\"@type\":\"ImageObject\",\"inLanguage\":\"pt-BR\",\"@id\":\"https:\\\/\\\/secure.gravatar.com\\\/avatar\\\/a7358cb406a99b682ec6df1e77e31ae82e63601f6784e8a3df411d72b37864da?s=96&d=mm&r=g\",\"url\":\"https:\\\/\\\/secure.gravatar.com\\\/avatar\\\/a7358cb406a99b682ec6df1e77e31ae82e63601f6784e8a3df411d72b37864da?s=96&d=mm&r=g\",\"contentUrl\":\"https:\\\/\\\/secure.gravatar.com\\\/avatar\\\/a7358cb406a99b682ec6df1e77e31ae82e63601f6784e8a3df411d72b37864da?s=96&d=mm&r=g\",\"caption\":\"Leonardo Francisco\"},\"url\":\"https:\\\/\\\/redenoticiaz.com.br\\\/ribeiraopreto-regiao\\\/sp\\\/author\\\/leonardo-francisco\"}]}<\/script>\n<!-- \/ Yoast SEO plugin. -->","yoast_head_json":{"title":"V\u00cdDEO - Idoso se envolve em confus\u00e3o de tr\u00e2nsito e tem o bra\u00e7o quebrado por homem - Ribeir\u00e3o Preto e Regi\u00e3o","description":"Um idoso teve o bra\u00e7o quebrado durante briga no tr\u00e2nsito nessa ter\u00e7a-feira (12), em S\u00e3o Vicente. O agressor ainda n\u00e3o foi identificado","robots":{"index":"index","follow":"follow","max-snippet":"max-snippet:-1","max-image-preview":"max-image-preview:large","max-video-preview":"max-video-preview:-1"},"canonical":"https:\/\/redenoticiaz.com.br\/ribeiraopreto-regiao\/sp\/2022\/04\/13\/video-idoso-se-envolve-em-confusao-de-transito-e-tem-o-braco-quebrado-por-homem","og_locale":"pt_BR","og_type":"article","og_title":"V\u00cdDEO - Idoso se envolve em confus\u00e3o de tr\u00e2nsito e tem o bra\u00e7o quebrado por homem - Ribeir\u00e3o Preto e Regi\u00e3o","og_description":"Um idoso teve o bra\u00e7o quebrado durante briga no tr\u00e2nsito nessa ter\u00e7a-feira (12), em S\u00e3o Vicente. O agressor ainda n\u00e3o foi identificado","og_url":"https:\/\/redenoticiaz.com.br\/ribeiraopreto-regiao\/sp\/2022\/04\/13\/video-idoso-se-envolve-em-confusao-de-transito-e-tem-o-braco-quebrado-por-homem","og_site_name":"Ribeir\u00e3o Preto e Regi\u00e3o","article_publisher":"https:\/\/m.facebook.com\/redenoticiaz.barretos","article_published_time":"2022-04-13T23:45:40+00:00","og_image":[{"width":400,"height":250,"url":"https:\/\/redenoticiaz.com.br\/ribeiraopreto-regiao\/wp-content\/uploads\/sites\/4\/2022\/02\/logo.jpg","type":"image\/jpeg"}],"author":"Leonardo Francisco","twitter_card":"summary_large_image","twitter_creator":"@RN_barretos","twitter_site":"@RN_barretos","twitter_misc":{"Escrito por":"Leonardo Francisco","Est. tempo de leitura":"2 minutos"},"schema":{"@context":"https:\/\/schema.org","@graph":[{"@type":"Article","@id":"https:\/\/redenoticiaz.com.br\/ribeiraopreto-regiao\/sp\/2022\/04\/13\/video-idoso-se-envolve-em-confusao-de-transito-e-tem-o-braco-quebrado-por-homem#article","isPartOf":{"@id":"https:\/\/redenoticiaz.com.br\/ribeiraopreto-regiao\/sp\/2022\/04\/13\/video-idoso-se-envolve-em-confusao-de-transito-e-tem-o-braco-quebrado-por-homem"},"author":{"name":"Leonardo Francisco","@id":"https:\/\/redenoticiaz.com.br\/ribeiraopreto-regiao\/#\/schema\/person\/0f0b8a5bdafefe82841e07ae8d81ecb3"},"headline":"V\u00cdDEO &#8211; Idoso se envolve em confus\u00e3o de tr\u00e2nsito e tem o bra\u00e7o quebrado por homem","datePublished":"2022-04-13T23:45:40+00:00","mainEntityOfPage":{"@id":"https:\/\/redenoticiaz.com.br\/ribeiraopreto-regiao\/sp\/2022\/04\/13\/video-idoso-se-envolve-em-confusao-de-transito-e-tem-o-braco-quebrado-por-homem"},"wordCount":322,"commentCount":0,"publisher":{"@id":"https:\/\/redenoticiaz.com.br\/ribeiraopreto-regiao\/#organization"},"image":{"@id":"https:\/\/redenoticiaz.com.br\/ribeiraopreto-regiao\/sp\/2022\/04\/13\/video-idoso-se-envolve-em-confusao-de-transito-e-tem-o-braco-quebrado-por-homem#primaryimage"},"thumbnailUrl":"https:\/\/redenoticiaz.com.br\/ribeiraopreto-regiao\/wp-content\/uploads\/sites\/4\/2022\/04\/whatsapp-image-2022-04-13-at-16-51-45.jpeg","keywords":["BRA\u00c7O QUEBRADO","BRIGA DE TR\u00c2NSITO","IDOSO AGREDIDO","policia militar","S\u00e3o Vicente"],"articleSection":["Pol\u00edcia","Tr\u00e2nsito"],"inLanguage":"pt-BR","potentialAction":[{"@type":"CommentAction","name":"Comment","target":["https:\/\/redenoticiaz.com.br\/ribeiraopreto-regiao\/sp\/2022\/04\/13\/video-idoso-se-envolve-em-confusao-de-transito-e-tem-o-braco-quebrado-por-homem#respond"]}]},{"@type":"WebPage","@id":"https:\/\/redenoticiaz.com.br\/ribeiraopreto-regiao\/sp\/2022\/04\/13\/video-idoso-se-envolve-em-confusao-de-transito-e-tem-o-braco-quebrado-por-homem","url":"https:\/\/redenoticiaz.com.br\/ribeiraopreto-regiao\/sp\/2022\/04\/13\/video-idoso-se-envolve-em-confusao-de-transito-e-tem-o-braco-quebrado-por-homem","name":"V\u00cdDEO - Idoso se envolve em confus\u00e3o de tr\u00e2nsito e tem o bra\u00e7o quebrado por homem - Ribeir\u00e3o Preto e Regi\u00e3o","isPartOf":{"@id":"https:\/\/redenoticiaz.com.br\/ribeiraopreto-regiao\/#website"},"primaryImageOfPage":{"@id":"https:\/\/redenoticiaz.com.br\/ribeiraopreto-regiao\/sp\/2022\/04\/13\/video-idoso-se-envolve-em-confusao-de-transito-e-tem-o-braco-quebrado-por-homem#primaryimage"},"image":{"@id":"https:\/\/redenoticiaz.com.br\/ribeiraopreto-regiao\/sp\/2022\/04\/13\/video-idoso-se-envolve-em-confusao-de-transito-e-tem-o-braco-quebrado-por-homem#primaryimage"},"thumbnailUrl":"https:\/\/redenoticiaz.com.br\/ribeiraopreto-regiao\/wp-content\/uploads\/sites\/4\/2022\/04\/whatsapp-image-2022-04-13-at-16-51-45.jpeg","datePublished":"2022-04-13T23:45:40+00:00","description":"Um idoso teve o bra\u00e7o quebrado durante briga no tr\u00e2nsito nessa ter\u00e7a-feira (12), em S\u00e3o Vicente. O agressor ainda n\u00e3o foi identificado","inLanguage":"pt-BR","potentialAction":[{"@type":"ReadAction","target":["https:\/\/redenoticiaz.com.br\/ribeiraopreto-regiao\/sp\/2022\/04\/13\/video-idoso-se-envolve-em-confusao-de-transito-e-tem-o-braco-quebrado-por-homem"]}]},{"@type":"ImageObject","inLanguage":"pt-BR","@id":"https:\/\/redenoticiaz.com.br\/ribeiraopreto-regiao\/sp\/2022\/04\/13\/video-idoso-se-envolve-em-confusao-de-transito-e-tem-o-braco-quebrado-por-homem#primaryimage","url":"https:\/\/redenoticiaz.com.br\/ribeiraopreto-regiao\/wp-content\/uploads\/sites\/4\/2022\/04\/whatsapp-image-2022-04-13-at-16-51-45.jpeg","contentUrl":"https:\/\/redenoticiaz.com.br\/ribeiraopreto-regiao\/wp-content\/uploads\/sites\/4\/2022\/04\/whatsapp-image-2022-04-13-at-16-51-45.jpeg","width":688,"height":726,"caption":"Cr\u00e9ditos: Reprodu\u00e7\u00e3o\/Viver em Santos"},{"@type":"WebSite","@id":"https:\/\/redenoticiaz.com.br\/ribeiraopreto-regiao\/#website","url":"https:\/\/redenoticiaz.com.br\/ribeiraopreto-regiao\/","name":"Ribeir\u00e3o Preto e Regi\u00e3o","description":"Rede NoticiaZ - Ribeir\u00e3o Preto e regi\u00e3o","publisher":{"@id":"https:\/\/redenoticiaz.com.br\/ribeiraopreto-regiao\/#organization"},"potentialAction":[{"@type":"SearchAction","target":{"@type":"EntryPoint","urlTemplate":"https:\/\/redenoticiaz.com.br\/ribeiraopreto-regiao\/?s={search_term_string}"},"query-input":{"@type":"PropertyValueSpecification","valueRequired":true,"valueName":"search_term_string"}}],"inLanguage":"pt-BR"},{"@type":"Organization","@id":"https:\/\/redenoticiaz.com.br\/ribeiraopreto-regiao\/#organization","name":"Ribeir\u00e3o Preto e Regi\u00e3o","url":"https:\/\/redenoticiaz.com.br\/ribeiraopreto-regiao\/","logo":{"@type":"ImageObject","inLanguage":"pt-BR","@id":"https:\/\/redenoticiaz.com.br\/ribeiraopreto-regiao\/#\/schema\/logo\/image\/","url":"https:\/\/redenoticiaz.com.br\/barretos-regiao\/wp-content\/uploads\/sites\/4\/2022\/02\/logo.jpg","contentUrl":"https:\/\/redenoticiaz.com.br\/barretos-regiao\/wp-content\/uploads\/sites\/4\/2022\/02\/logo.jpg","width":400,"height":250,"caption":"Ribeir\u00e3o Preto e Regi\u00e3o"},"image":{"@id":"https:\/\/redenoticiaz.com.br\/ribeiraopreto-regiao\/#\/schema\/logo\/image\/"},"sameAs":["https:\/\/m.facebook.com\/redenoticiaz.barretos","https:\/\/x.com\/RN_barretos","https:\/\/www.instagram.com\/redenoticiaz.barretos\/?igshid=YmMyMTA2M2Y","https:\/\/www.linkedin.com\/company\/rede-noticiaz-barretos-e-regio\/"]},{"@type":"Person","@id":"https:\/\/redenoticiaz.com.br\/ribeiraopreto-regiao\/#\/schema\/person\/0f0b8a5bdafefe82841e07ae8d81ecb3","name":"Leonardo Francisco","image":{"@type":"ImageObject","inLanguage":"pt-BR","@id":"https:\/\/secure.gravatar.com\/avatar\/a7358cb406a99b682ec6df1e77e31ae82e63601f6784e8a3df411d72b37864da?s=96&d=mm&r=g","url":"https:\/\/secure.gravatar.com\/avatar\/a7358cb406a99b682ec6df1e77e31ae82e63601f6784e8a3df411d72b37864da?s=96&d=mm&r=g","contentUrl":"https:\/\/secure.gravatar.com\/avatar\/a7358cb406a99b682ec6df1e77e31ae82e63601f6784e8a3df411d72b37864da?s=96&d=mm&r=g","caption":"Leonardo Francisco"},"url":"https:\/\/redenoticiaz.com.br\/ribeiraopreto-regiao\/sp\/author\/leonardo-francisco"}]}},"_links":{"self":[{"href":"https:\/\/redenoticiaz.com.br\/ribeiraopreto-regiao\/wp-json\/wp\/v2\/posts\/2478","targetHints":{"allow":["GET"]}}],"collection":[{"href":"https:\/\/redenoticiaz.com.br\/ribeiraopreto-regiao\/wp-json\/wp\/v2\/posts"}],"about":[{"href":"https:\/\/redenoticiaz.com.br\/ribeiraopreto-regiao\/wp-json\/wp\/v2\/types\/post"}],"author":[{"embeddable":true,"href":"https:\/\/redenoticiaz.com.br\/ribeiraopreto-regiao\/wp-json\/wp\/v2\/users\/6"}],"replies":[{"embeddable":true,"href":"https:\/\/redenoticiaz.com.br\/ribeiraopreto-regiao\/wp-json\/wp\/v2\/comments?post=2478"}],"version-history":[{"count":1,"href":"https:\/\/redenoticiaz.com.br\/ribeiraopreto-regiao\/wp-json\/wp\/v2\/posts\/2478\/revisions"}],"predecessor-version":[{"id":2481,"href":"https:\/\/redenoticiaz.com.br\/ribeiraopreto-regiao\/wp-json\/wp\/v2\/posts\/2478\/revisions\/2481"}],"wp:featuredmedia":[{"embeddable":true,"href":"https:\/\/redenoticiaz.com.br\/ribeiraopreto-regiao\/wp-json\/wp\/v2\/media\/2479"}],"wp:attachment":[{"href":"https:\/\/redenoticiaz.com.br\/ribeiraopreto-regiao\/wp-json\/wp\/v2\/media?parent=2478"}],"wp:term":[{"taxonomy":"category","embeddable":true,"href":"https:\/\/redenoticiaz.com.br\/ribeiraopreto-regiao\/wp-json\/wp\/v2\/categories?post=2478"},{"taxonomy":"post_tag","embeddable":true,"href":"https:\/\/redenoticiaz.com.br\/ribeiraopreto-regiao\/wp-json\/wp\/v2\/tags?post=2478"}],"curies":[{"name":"wp","href":"https:\/\/api.w.org\/{rel}","templated":true}]}}