{"id":2484,"date":"2022-04-13T21:29:04","date_gmt":"2022-04-14T00:29:04","guid":{"rendered":"https:\/\/redenoticiaz.com.br\/barretos-regiao\/sp\/2022\/04\/13\/santos-sofre-mas-busca-a-virada-e-vence-a-universidad-catolica-equ-pela-sul-americana"},"modified":"2022-04-13T21:29:04","modified_gmt":"2022-04-14T00:29:04","slug":"santos-sofre-mas-busca-a-virada-e-vence-a-universidad-catolica-equ-pela-sul-americana","status":"publish","type":"post","link":"https:\/\/redenoticiaz.com.br\/ribeiraopreto-regiao\/sp\/2022\/04\/13\/santos-sofre-mas-busca-a-virada-e-vence-a-universidad-catolica-equ-pela-sul-americana","title":{"rendered":"Santos sofre, mas busca a virada e vence a Universidad Cat\u00f3lica-EQU pela Sul-americana"},"content":{"rendered":"<p>O <strong>Santos<\/strong> fez seu primeiro jogo na Vila Belmiro pela <a href=\"https:\/\/www.conmebol.com\/pt-br\/\">Copa Sul-americana<\/a> contra a <strong>Universidad Cat\u00f3lica-EQU<\/strong>, com a obriga\u00e7\u00e3o de vencer e seguir vivo em busca da classifica\u00e7\u00e3o. Nesta quarta-feira (13), o torcedor santista sofreu, viveu um pesadelo quando o placar era 2 a 1 para os equatoriano, mas no fim respirou aliviado com a vit\u00f3ria de virada por 3 a 2.<\/p>\n<p>Mesmo atuando em casa, o Santos n\u00e3o conseguiu se impor e apresentou tremenda dificuldade para criar jogadas de ataque. Ricardo Goulart deveria ser a refer\u00eancia para o ataque. No entanto, a bola mal chegava ao atleta. O al\u00edvio aconteceu aos 14 minutos, quando Madson fez um belo cruzamento para Jhojan Julio de cabe\u00e7a fazer o primeiro gol com a camisa do Peixe e abrir o placar.<\/p>\n<p>No entanto, o Santos n\u00e3o apresentou melhora e viu a Universidad gostar do jogo e chegou ao empate aos 25. D\u00edaz acertou \u00f3timo passe no meio da \u00e1rea para Mart\u00ednez s\u00f3 desviar na sa\u00edda de Jo\u00e3o Paulo. O gol equatoriano fez a torcida santista reclamar bastante. Os erros na cria\u00e7\u00e3o irritaram a torcida santista. Madson, aos 33, e Angulo, aos 35, desperdi\u00e7aram as \u00faltimas chances. E a irrita\u00e7\u00e3o dos torcedores do Peixe aumento ainda mais. Aos 42, a Universidad, com Kevin Minda, acertou belo chute da entrada da \u00e1rea e virou o jogo. E o Peixe foi para os vesti\u00e1rios sob algumas vaias da torcida.<\/p>\n<h3>Rea\u00e7\u00e3o no segundo tempo<\/h3>\n<p>O t\u00e9cnico F\u00e1bian Bustos, pressiondo pelo resultado, precisou fazer mudan\u00e7as e colocou Vin\u00edcius Zanocelo, no lugar de Maranh\u00e3o, com a ideia de melhorar a sa\u00edda de bola. S\u00f3 que a cria\u00e7\u00e3o continuou inexistente. Enquanto isso, a Universidad Cat\u00f3lica quase fez o terceiro, com Cortez, que colocou a bola na trave.<\/p>\n<p>\u00c2ngelo entrou no lugar de Lucas Braga, mas ainda assim o Santos n\u00e3o conseguia melhorar a performance. O jeito ent\u00e3o foi apostar na ra\u00e7a, do que na t\u00e9cnica. Aos 21, Bauermann cabeceou ap\u00f3s escanteio, a bola tinha dire\u00e7\u00e3o do gol, mas Angulo apareceu para desviar e estava em impedimento.<\/p>\n<p>O al\u00edvio da torcida santista aconteceu aos 30 minutos. L\u00e9o Baptist\u00e3o, que entrou no lugar de Ricardo Goulart sofreu p\u00eanalti. Ele mesmo bateu e igualou o placar. E aos 39, o Santos conseguiu a virada. Lucas Barbosa cruzou, e Angulo subiu bonito de cabe\u00e7a para fazer 3 a 2 e assegurar a vit\u00f3ria.<\/p>\n<p>O Santos soma agora tr\u00eas pontos, na segunda coloca\u00e7\u00e3o do Grupo C da Copa Sul-Americana. O Banfield-ARG lidera com os mesmos tr\u00eas pontos, mas ainda enfrentar\u00e1 o Uni\u00f3n La Calera, nesta quinta. Equatorianos e chilenos est\u00e3o empatados com um ponto, fora da zona de classifica\u00e7\u00e3o.<\/p>\n<p><strong>LEIA TAMB\u00c9M<\/strong><\/p>\n<p><a href=\"https:\/\/redenoticiaz.com.br\/blog\/2022\/04\/13\/palmeiras-arrasador-verdao-aplica-sua-maior-goleada-na-libertadores\">Palmeiras arrasador! Verd\u00e3o aplica sua maior goleada na Libertadores<\/a><\/p>\n","protected":false},"excerpt":{"rendered":"<p>O Santos fez seu primeiro jogo na Vila Belmiro pela Copa Sul-americana contra a Universidad Cat\u00f3lica-EQU, com a obriga\u00e7\u00e3o de vencer e seguir vivo em busca da classifica\u00e7\u00e3o. Nesta quarta-feira (13), o torcedor santista sofreu, viveu um pesadelo quando o placar era 2 a 1 para os equatoriano, mas no fim respirou aliviado com a &hellip;<\/p>\n","protected":false},"author":6,"featured_media":2485,"comment_status":"open","ping_status":"closed","sticky":false,"template":"","format":"standard","meta":{"footnotes":""},"categories":[87],"tags":[6205,107,10203,10204],"class_list":["post-2484","post","type-post","status-publish","format-standard","has-post-thumbnail","hentry","category-esporte","tag-copa-sul-americana","tag-santos-fc","tag-universidad-catolica-equ","tag-vila-belmiro"],"yoast_head":"<!-- This site is optimized with the Yoast SEO plugin v27.4 - https:\/\/yoast.com\/product\/yoast-seo-wordpress\/ -->\n<title>Santos sofre, mas busca a virada e vence a Universidad Cat\u00f3lica-EQU pela Sul-americana - Ribeir\u00e3o Preto e Regi\u00e3o<\/title>\n<meta name=\"description\" content=\"O Santos fez seu primeiro jogo na Vila Belmiro pela Copa Sul-americana contra a Universidad Cat\u00f3lica-EQU, com a obriga\u00e7\u00e3o de vencer\" \/>\n<meta name=\"robots\" content=\"index, follow, max-snippet:-1, max-image-preview:large, max-video-preview:-1\" \/>\n<link rel=\"canonical\" href=\"https:\/\/redenoticiaz.com.br\/ribeiraopreto-regiao\/sp\/2022\/04\/13\/santos-sofre-mas-busca-a-virada-e-vence-a-universidad-catolica-equ-pela-sul-americana\" \/>\n<meta property=\"og:locale\" content=\"pt_BR\" \/>\n<meta property=\"og:type\" content=\"article\" \/>\n<meta property=\"og:title\" content=\"Santos sofre, mas busca a virada e vence a Universidad Cat\u00f3lica-EQU pela Sul-americana - Ribeir\u00e3o Preto e Regi\u00e3o\" \/>\n<meta property=\"og:description\" content=\"O Santos fez seu primeiro jogo na Vila Belmiro pela Copa Sul-americana contra a Universidad Cat\u00f3lica-EQU, com a obriga\u00e7\u00e3o de vencer\" \/>\n<meta property=\"og:url\" content=\"https:\/\/redenoticiaz.com.br\/ribeiraopreto-regiao\/sp\/2022\/04\/13\/santos-sofre-mas-busca-a-virada-e-vence-a-universidad-catolica-equ-pela-sul-americana\" \/>\n<meta property=\"og:site_name\" content=\"Ribeir\u00e3o Preto e Regi\u00e3o\" \/>\n<meta property=\"article:publisher\" content=\"https:\/\/m.facebook.com\/redenoticiaz.barretos\" \/>\n<meta property=\"article:published_time\" content=\"2022-04-14T00:29:04+00:00\" \/>\n<meta property=\"og:image\" content=\"https:\/\/redenoticiaz.com.br\/ribeiraopreto-regiao\/wp-content\/uploads\/sites\/4\/2022\/02\/logo.jpg\" \/>\n\t<meta property=\"og:image:width\" content=\"400\" \/>\n\t<meta property=\"og:image:height\" content=\"250\" \/>\n\t<meta property=\"og:image:type\" content=\"image\/jpeg\" \/>\n<meta name=\"author\" content=\"Leonardo Francisco\" \/>\n<meta name=\"twitter:card\" content=\"summary_large_image\" \/>\n<meta name=\"twitter:creator\" content=\"@RN_barretos\" \/>\n<meta name=\"twitter:site\" content=\"@RN_barretos\" \/>\n<meta name=\"twitter:label1\" content=\"Escrito por\" \/>\n\t<meta name=\"twitter:data1\" content=\"Leonardo Francisco\" \/>\n\t<meta name=\"twitter:label2\" content=\"Est. tempo de leitura\" \/>\n\t<meta name=\"twitter:data2\" content=\"2 minutos\" \/>\n<script type=\"application\/ld+json\" class=\"yoast-schema-graph\">{\"@context\":\"https:\\\/\\\/schema.org\",\"@graph\":[{\"@type\":\"Article\",\"@id\":\"https:\\\/\\\/redenoticiaz.com.br\\\/ribeiraopreto-regiao\\\/sp\\\/2022\\\/04\\\/13\\\/santos-sofre-mas-busca-a-virada-e-vence-a-universidad-catolica-equ-pela-sul-americana#article\",\"isPartOf\":{\"@id\":\"https:\\\/\\\/redenoticiaz.com.br\\\/ribeiraopreto-regiao\\\/sp\\\/2022\\\/04\\\/13\\\/santos-sofre-mas-busca-a-virada-e-vence-a-universidad-catolica-equ-pela-sul-americana\"},\"author\":{\"name\":\"Leonardo Francisco\",\"@id\":\"https:\\\/\\\/redenoticiaz.com.br\\\/ribeiraopreto-regiao\\\/#\\\/schema\\\/person\\\/0f0b8a5bdafefe82841e07ae8d81ecb3\"},\"headline\":\"Santos sofre, mas busca a virada e vence a Universidad Cat\u00f3lica-EQU pela Sul-americana\",\"datePublished\":\"2022-04-14T00:29:04+00:00\",\"mainEntityOfPage\":{\"@id\":\"https:\\\/\\\/redenoticiaz.com.br\\\/ribeiraopreto-regiao\\\/sp\\\/2022\\\/04\\\/13\\\/santos-sofre-mas-busca-a-virada-e-vence-a-universidad-catolica-equ-pela-sul-americana\"},\"wordCount\":490,\"commentCount\":0,\"publisher\":{\"@id\":\"https:\\\/\\\/redenoticiaz.com.br\\\/ribeiraopreto-regiao\\\/#organization\"},\"image\":{\"@id\":\"https:\\\/\\\/redenoticiaz.com.br\\\/ribeiraopreto-regiao\\\/sp\\\/2022\\\/04\\\/13\\\/santos-sofre-mas-busca-a-virada-e-vence-a-universidad-catolica-equ-pela-sul-americana#primaryimage\"},\"thumbnailUrl\":\"https:\\\/\\\/redenoticiaz.com.br\\\/ribeiraopreto-regiao\\\/wp-content\\\/uploads\\\/sites\\\/4\\\/2022\\\/04\\\/peixe.jpeg?v=1649896045\",\"keywords\":[\"COPA SUL-AMERICANA\",\"Santos FC\",\"UNIVERSIDAD CAT\u00d3LICA-EQU\",\"Vila Belmiro\"],\"articleSection\":[\"Esporte\"],\"inLanguage\":\"pt-BR\",\"potentialAction\":[{\"@type\":\"CommentAction\",\"name\":\"Comment\",\"target\":[\"https:\\\/\\\/redenoticiaz.com.br\\\/ribeiraopreto-regiao\\\/sp\\\/2022\\\/04\\\/13\\\/santos-sofre-mas-busca-a-virada-e-vence-a-universidad-catolica-equ-pela-sul-americana#respond\"]}]},{\"@type\":\"WebPage\",\"@id\":\"https:\\\/\\\/redenoticiaz.com.br\\\/ribeiraopreto-regiao\\\/sp\\\/2022\\\/04\\\/13\\\/santos-sofre-mas-busca-a-virada-e-vence-a-universidad-catolica-equ-pela-sul-americana\",\"url\":\"https:\\\/\\\/redenoticiaz.com.br\\\/ribeiraopreto-regiao\\\/sp\\\/2022\\\/04\\\/13\\\/santos-sofre-mas-busca-a-virada-e-vence-a-universidad-catolica-equ-pela-sul-americana\",\"name\":\"Santos sofre, mas busca a virada e vence a Universidad Cat\u00f3lica-EQU pela Sul-americana - Ribeir\u00e3o Preto e Regi\u00e3o\",\"isPartOf\":{\"@id\":\"https:\\\/\\\/redenoticiaz.com.br\\\/ribeiraopreto-regiao\\\/#website\"},\"primaryImageOfPage\":{\"@id\":\"https:\\\/\\\/redenoticiaz.com.br\\\/ribeiraopreto-regiao\\\/sp\\\/2022\\\/04\\\/13\\\/santos-sofre-mas-busca-a-virada-e-vence-a-universidad-catolica-equ-pela-sul-americana#primaryimage\"},\"image\":{\"@id\":\"https:\\\/\\\/redenoticiaz.com.br\\\/ribeiraopreto-regiao\\\/sp\\\/2022\\\/04\\\/13\\\/santos-sofre-mas-busca-a-virada-e-vence-a-universidad-catolica-equ-pela-sul-americana#primaryimage\"},\"thumbnailUrl\":\"https:\\\/\\\/redenoticiaz.com.br\\\/ribeiraopreto-regiao\\\/wp-content\\\/uploads\\\/sites\\\/4\\\/2022\\\/04\\\/peixe.jpeg?v=1649896045\",\"datePublished\":\"2022-04-14T00:29:04+00:00\",\"description\":\"O Santos fez seu primeiro jogo na Vila Belmiro pela Copa Sul-americana contra a Universidad Cat\u00f3lica-EQU, com a obriga\u00e7\u00e3o de vencer\",\"inLanguage\":\"pt-BR\",\"potentialAction\":[{\"@type\":\"ReadAction\",\"target\":[\"https:\\\/\\\/redenoticiaz.com.br\\\/ribeiraopreto-regiao\\\/sp\\\/2022\\\/04\\\/13\\\/santos-sofre-mas-busca-a-virada-e-vence-a-universidad-catolica-equ-pela-sul-americana\"]}]},{\"@type\":\"ImageObject\",\"inLanguage\":\"pt-BR\",\"@id\":\"https:\\\/\\\/redenoticiaz.com.br\\\/ribeiraopreto-regiao\\\/sp\\\/2022\\\/04\\\/13\\\/santos-sofre-mas-busca-a-virada-e-vence-a-universidad-catolica-equ-pela-sul-americana#primaryimage\",\"url\":\"https:\\\/\\\/redenoticiaz.com.br\\\/ribeiraopreto-regiao\\\/wp-content\\\/uploads\\\/sites\\\/4\\\/2022\\\/04\\\/peixe.jpeg?v=1649896045\",\"contentUrl\":\"https:\\\/\\\/redenoticiaz.com.br\\\/ribeiraopreto-regiao\\\/wp-content\\\/uploads\\\/sites\\\/4\\\/2022\\\/04\\\/peixe.jpeg?v=1649896045\",\"width\":920,\"height\":400,\"caption\":\"Bryan Angulo estreou na Vila Belmiro e salvou o Santos fazendo o gol da vit\u00f3ria. Cr\u00e9sitos: Ivan Storti\\\/Santos FC\"},{\"@type\":\"WebSite\",\"@id\":\"https:\\\/\\\/redenoticiaz.com.br\\\/ribeiraopreto-regiao\\\/#website\",\"url\":\"https:\\\/\\\/redenoticiaz.com.br\\\/ribeiraopreto-regiao\\\/\",\"name\":\"Ribeir\u00e3o Preto e Regi\u00e3o\",\"description\":\"Rede NoticiaZ - Ribeir\u00e3o Preto e regi\u00e3o\",\"publisher\":{\"@id\":\"https:\\\/\\\/redenoticiaz.com.br\\\/ribeiraopreto-regiao\\\/#organization\"},\"potentialAction\":[{\"@type\":\"SearchAction\",\"target\":{\"@type\":\"EntryPoint\",\"urlTemplate\":\"https:\\\/\\\/redenoticiaz.com.br\\\/ribeiraopreto-regiao\\\/?s={search_term_string}\"},\"query-input\":{\"@type\":\"PropertyValueSpecification\",\"valueRequired\":true,\"valueName\":\"search_term_string\"}}],\"inLanguage\":\"pt-BR\"},{\"@type\":\"Organization\",\"@id\":\"https:\\\/\\\/redenoticiaz.com.br\\\/ribeiraopreto-regiao\\\/#organization\",\"name\":\"Ribeir\u00e3o Preto e Regi\u00e3o\",\"url\":\"https:\\\/\\\/redenoticiaz.com.br\\\/ribeiraopreto-regiao\\\/\",\"logo\":{\"@type\":\"ImageObject\",\"inLanguage\":\"pt-BR\",\"@id\":\"https:\\\/\\\/redenoticiaz.com.br\\\/ribeiraopreto-regiao\\\/#\\\/schema\\\/logo\\\/image\\\/\",\"url\":\"https:\\\/\\\/redenoticiaz.com.br\\\/barretos-regiao\\\/wp-content\\\/uploads\\\/sites\\\/4\\\/2022\\\/02\\\/logo.jpg\",\"contentUrl\":\"https:\\\/\\\/redenoticiaz.com.br\\\/barretos-regiao\\\/wp-content\\\/uploads\\\/sites\\\/4\\\/2022\\\/02\\\/logo.jpg\",\"width\":400,\"height\":250,\"caption\":\"Ribeir\u00e3o Preto e Regi\u00e3o\"},\"image\":{\"@id\":\"https:\\\/\\\/redenoticiaz.com.br\\\/ribeiraopreto-regiao\\\/#\\\/schema\\\/logo\\\/image\\\/\"},\"sameAs\":[\"https:\\\/\\\/m.facebook.com\\\/redenoticiaz.barretos\",\"https:\\\/\\\/x.com\\\/RN_barretos\",\"https:\\\/\\\/www.instagram.com\\\/redenoticiaz.barretos\\\/?igshid=YmMyMTA2M2Y\",\"https:\\\/\\\/www.linkedin.com\\\/company\\\/rede-noticiaz-barretos-e-regio\\\/\"]},{\"@type\":\"Person\",\"@id\":\"https:\\\/\\\/redenoticiaz.com.br\\\/ribeiraopreto-regiao\\\/#\\\/schema\\\/person\\\/0f0b8a5bdafefe82841e07ae8d81ecb3\",\"name\":\"Leonardo Francisco\",\"image\":{\"@type\":\"ImageObject\",\"inLanguage\":\"pt-BR\",\"@id\":\"https:\\\/\\\/secure.gravatar.com\\\/avatar\\\/a7358cb406a99b682ec6df1e77e31ae82e63601f6784e8a3df411d72b37864da?s=96&d=mm&r=g\",\"url\":\"https:\\\/\\\/secure.gravatar.com\\\/avatar\\\/a7358cb406a99b682ec6df1e77e31ae82e63601f6784e8a3df411d72b37864da?s=96&d=mm&r=g\",\"contentUrl\":\"https:\\\/\\\/secure.gravatar.com\\\/avatar\\\/a7358cb406a99b682ec6df1e77e31ae82e63601f6784e8a3df411d72b37864da?s=96&d=mm&r=g\",\"caption\":\"Leonardo Francisco\"},\"url\":\"https:\\\/\\\/redenoticiaz.com.br\\\/ribeiraopreto-regiao\\\/sp\\\/author\\\/leonardo-francisco\"}]}<\/script>\n<!-- \/ Yoast SEO plugin. -->","yoast_head_json":{"title":"Santos sofre, mas busca a virada e vence a Universidad Cat\u00f3lica-EQU pela Sul-americana - Ribeir\u00e3o Preto e Regi\u00e3o","description":"O Santos fez seu primeiro jogo na Vila Belmiro pela Copa Sul-americana contra a Universidad Cat\u00f3lica-EQU, com a obriga\u00e7\u00e3o de vencer","robots":{"index":"index","follow":"follow","max-snippet":"max-snippet:-1","max-image-preview":"max-image-preview:large","max-video-preview":"max-video-preview:-1"},"canonical":"https:\/\/redenoticiaz.com.br\/ribeiraopreto-regiao\/sp\/2022\/04\/13\/santos-sofre-mas-busca-a-virada-e-vence-a-universidad-catolica-equ-pela-sul-americana","og_locale":"pt_BR","og_type":"article","og_title":"Santos sofre, mas busca a virada e vence a Universidad Cat\u00f3lica-EQU pela Sul-americana - Ribeir\u00e3o Preto e Regi\u00e3o","og_description":"O Santos fez seu primeiro jogo na Vila Belmiro pela Copa Sul-americana contra a Universidad Cat\u00f3lica-EQU, com a obriga\u00e7\u00e3o de vencer","og_url":"https:\/\/redenoticiaz.com.br\/ribeiraopreto-regiao\/sp\/2022\/04\/13\/santos-sofre-mas-busca-a-virada-e-vence-a-universidad-catolica-equ-pela-sul-americana","og_site_name":"Ribeir\u00e3o Preto e Regi\u00e3o","article_publisher":"https:\/\/m.facebook.com\/redenoticiaz.barretos","article_published_time":"2022-04-14T00:29:04+00:00","og_image":[{"width":400,"height":250,"url":"https:\/\/redenoticiaz.com.br\/ribeiraopreto-regiao\/wp-content\/uploads\/sites\/4\/2022\/02\/logo.jpg","type":"image\/jpeg"}],"author":"Leonardo Francisco","twitter_card":"summary_large_image","twitter_creator":"@RN_barretos","twitter_site":"@RN_barretos","twitter_misc":{"Escrito por":"Leonardo Francisco","Est. tempo de leitura":"2 minutos"},"schema":{"@context":"https:\/\/schema.org","@graph":[{"@type":"Article","@id":"https:\/\/redenoticiaz.com.br\/ribeiraopreto-regiao\/sp\/2022\/04\/13\/santos-sofre-mas-busca-a-virada-e-vence-a-universidad-catolica-equ-pela-sul-americana#article","isPartOf":{"@id":"https:\/\/redenoticiaz.com.br\/ribeiraopreto-regiao\/sp\/2022\/04\/13\/santos-sofre-mas-busca-a-virada-e-vence-a-universidad-catolica-equ-pela-sul-americana"},"author":{"name":"Leonardo Francisco","@id":"https:\/\/redenoticiaz.com.br\/ribeiraopreto-regiao\/#\/schema\/person\/0f0b8a5bdafefe82841e07ae8d81ecb3"},"headline":"Santos sofre, mas busca a virada e vence a Universidad Cat\u00f3lica-EQU pela Sul-americana","datePublished":"2022-04-14T00:29:04+00:00","mainEntityOfPage":{"@id":"https:\/\/redenoticiaz.com.br\/ribeiraopreto-regiao\/sp\/2022\/04\/13\/santos-sofre-mas-busca-a-virada-e-vence-a-universidad-catolica-equ-pela-sul-americana"},"wordCount":490,"commentCount":0,"publisher":{"@id":"https:\/\/redenoticiaz.com.br\/ribeiraopreto-regiao\/#organization"},"image":{"@id":"https:\/\/redenoticiaz.com.br\/ribeiraopreto-regiao\/sp\/2022\/04\/13\/santos-sofre-mas-busca-a-virada-e-vence-a-universidad-catolica-equ-pela-sul-americana#primaryimage"},"thumbnailUrl":"https:\/\/redenoticiaz.com.br\/ribeiraopreto-regiao\/wp-content\/uploads\/sites\/4\/2022\/04\/peixe.jpeg?v=1649896045","keywords":["COPA SUL-AMERICANA","Santos FC","UNIVERSIDAD CAT\u00d3LICA-EQU","Vila Belmiro"],"articleSection":["Esporte"],"inLanguage":"pt-BR","potentialAction":[{"@type":"CommentAction","name":"Comment","target":["https:\/\/redenoticiaz.com.br\/ribeiraopreto-regiao\/sp\/2022\/04\/13\/santos-sofre-mas-busca-a-virada-e-vence-a-universidad-catolica-equ-pela-sul-americana#respond"]}]},{"@type":"WebPage","@id":"https:\/\/redenoticiaz.com.br\/ribeiraopreto-regiao\/sp\/2022\/04\/13\/santos-sofre-mas-busca-a-virada-e-vence-a-universidad-catolica-equ-pela-sul-americana","url":"https:\/\/redenoticiaz.com.br\/ribeiraopreto-regiao\/sp\/2022\/04\/13\/santos-sofre-mas-busca-a-virada-e-vence-a-universidad-catolica-equ-pela-sul-americana","name":"Santos sofre, mas busca a virada e vence a Universidad Cat\u00f3lica-EQU pela Sul-americana - Ribeir\u00e3o Preto e Regi\u00e3o","isPartOf":{"@id":"https:\/\/redenoticiaz.com.br\/ribeiraopreto-regiao\/#website"},"primaryImageOfPage":{"@id":"https:\/\/redenoticiaz.com.br\/ribeiraopreto-regiao\/sp\/2022\/04\/13\/santos-sofre-mas-busca-a-virada-e-vence-a-universidad-catolica-equ-pela-sul-americana#primaryimage"},"image":{"@id":"https:\/\/redenoticiaz.com.br\/ribeiraopreto-regiao\/sp\/2022\/04\/13\/santos-sofre-mas-busca-a-virada-e-vence-a-universidad-catolica-equ-pela-sul-americana#primaryimage"},"thumbnailUrl":"https:\/\/redenoticiaz.com.br\/ribeiraopreto-regiao\/wp-content\/uploads\/sites\/4\/2022\/04\/peixe.jpeg?v=1649896045","datePublished":"2022-04-14T00:29:04+00:00","description":"O Santos fez seu primeiro jogo na Vila Belmiro pela Copa Sul-americana contra a Universidad Cat\u00f3lica-EQU, com a obriga\u00e7\u00e3o de vencer","inLanguage":"pt-BR","potentialAction":[{"@type":"ReadAction","target":["https:\/\/redenoticiaz.com.br\/ribeiraopreto-regiao\/sp\/2022\/04\/13\/santos-sofre-mas-busca-a-virada-e-vence-a-universidad-catolica-equ-pela-sul-americana"]}]},{"@type":"ImageObject","inLanguage":"pt-BR","@id":"https:\/\/redenoticiaz.com.br\/ribeiraopreto-regiao\/sp\/2022\/04\/13\/santos-sofre-mas-busca-a-virada-e-vence-a-universidad-catolica-equ-pela-sul-americana#primaryimage","url":"https:\/\/redenoticiaz.com.br\/ribeiraopreto-regiao\/wp-content\/uploads\/sites\/4\/2022\/04\/peixe.jpeg?v=1649896045","contentUrl":"https:\/\/redenoticiaz.com.br\/ribeiraopreto-regiao\/wp-content\/uploads\/sites\/4\/2022\/04\/peixe.jpeg?v=1649896045","width":920,"height":400,"caption":"Bryan Angulo estreou na Vila Belmiro e salvou o Santos fazendo o gol da vit\u00f3ria. Cr\u00e9sitos: Ivan Storti\/Santos FC"},{"@type":"WebSite","@id":"https:\/\/redenoticiaz.com.br\/ribeiraopreto-regiao\/#website","url":"https:\/\/redenoticiaz.com.br\/ribeiraopreto-regiao\/","name":"Ribeir\u00e3o Preto e Regi\u00e3o","description":"Rede NoticiaZ - Ribeir\u00e3o Preto e regi\u00e3o","publisher":{"@id":"https:\/\/redenoticiaz.com.br\/ribeiraopreto-regiao\/#organization"},"potentialAction":[{"@type":"SearchAction","target":{"@type":"EntryPoint","urlTemplate":"https:\/\/redenoticiaz.com.br\/ribeiraopreto-regiao\/?s={search_term_string}"},"query-input":{"@type":"PropertyValueSpecification","valueRequired":true,"valueName":"search_term_string"}}],"inLanguage":"pt-BR"},{"@type":"Organization","@id":"https:\/\/redenoticiaz.com.br\/ribeiraopreto-regiao\/#organization","name":"Ribeir\u00e3o Preto e Regi\u00e3o","url":"https:\/\/redenoticiaz.com.br\/ribeiraopreto-regiao\/","logo":{"@type":"ImageObject","inLanguage":"pt-BR","@id":"https:\/\/redenoticiaz.com.br\/ribeiraopreto-regiao\/#\/schema\/logo\/image\/","url":"https:\/\/redenoticiaz.com.br\/barretos-regiao\/wp-content\/uploads\/sites\/4\/2022\/02\/logo.jpg","contentUrl":"https:\/\/redenoticiaz.com.br\/barretos-regiao\/wp-content\/uploads\/sites\/4\/2022\/02\/logo.jpg","width":400,"height":250,"caption":"Ribeir\u00e3o Preto e Regi\u00e3o"},"image":{"@id":"https:\/\/redenoticiaz.com.br\/ribeiraopreto-regiao\/#\/schema\/logo\/image\/"},"sameAs":["https:\/\/m.facebook.com\/redenoticiaz.barretos","https:\/\/x.com\/RN_barretos","https:\/\/www.instagram.com\/redenoticiaz.barretos\/?igshid=YmMyMTA2M2Y","https:\/\/www.linkedin.com\/company\/rede-noticiaz-barretos-e-regio\/"]},{"@type":"Person","@id":"https:\/\/redenoticiaz.com.br\/ribeiraopreto-regiao\/#\/schema\/person\/0f0b8a5bdafefe82841e07ae8d81ecb3","name":"Leonardo Francisco","image":{"@type":"ImageObject","inLanguage":"pt-BR","@id":"https:\/\/secure.gravatar.com\/avatar\/a7358cb406a99b682ec6df1e77e31ae82e63601f6784e8a3df411d72b37864da?s=96&d=mm&r=g","url":"https:\/\/secure.gravatar.com\/avatar\/a7358cb406a99b682ec6df1e77e31ae82e63601f6784e8a3df411d72b37864da?s=96&d=mm&r=g","contentUrl":"https:\/\/secure.gravatar.com\/avatar\/a7358cb406a99b682ec6df1e77e31ae82e63601f6784e8a3df411d72b37864da?s=96&d=mm&r=g","caption":"Leonardo Francisco"},"url":"https:\/\/redenoticiaz.com.br\/ribeiraopreto-regiao\/sp\/author\/leonardo-francisco"}]}},"_links":{"self":[{"href":"https:\/\/redenoticiaz.com.br\/ribeiraopreto-regiao\/wp-json\/wp\/v2\/posts\/2484","targetHints":{"allow":["GET"]}}],"collection":[{"href":"https:\/\/redenoticiaz.com.br\/ribeiraopreto-regiao\/wp-json\/wp\/v2\/posts"}],"about":[{"href":"https:\/\/redenoticiaz.com.br\/ribeiraopreto-regiao\/wp-json\/wp\/v2\/types\/post"}],"author":[{"embeddable":true,"href":"https:\/\/redenoticiaz.com.br\/ribeiraopreto-regiao\/wp-json\/wp\/v2\/users\/6"}],"replies":[{"embeddable":true,"href":"https:\/\/redenoticiaz.com.br\/ribeiraopreto-regiao\/wp-json\/wp\/v2\/comments?post=2484"}],"version-history":[{"count":0,"href":"https:\/\/redenoticiaz.com.br\/ribeiraopreto-regiao\/wp-json\/wp\/v2\/posts\/2484\/revisions"}],"wp:featuredmedia":[{"embeddable":true,"href":"https:\/\/redenoticiaz.com.br\/ribeiraopreto-regiao\/wp-json\/wp\/v2\/media\/2485"}],"wp:attachment":[{"href":"https:\/\/redenoticiaz.com.br\/ribeiraopreto-regiao\/wp-json\/wp\/v2\/media?parent=2484"}],"wp:term":[{"taxonomy":"category","embeddable":true,"href":"https:\/\/redenoticiaz.com.br\/ribeiraopreto-regiao\/wp-json\/wp\/v2\/categories?post=2484"},{"taxonomy":"post_tag","embeddable":true,"href":"https:\/\/redenoticiaz.com.br\/ribeiraopreto-regiao\/wp-json\/wp\/v2\/tags?post=2484"}],"curies":[{"name":"wp","href":"https:\/\/api.w.org\/{rel}","templated":true}]}}