{"id":2486,"date":"2022-04-14T08:43:57","date_gmt":"2022-04-14T11:43:57","guid":{"rendered":"https:\/\/redenoticiaz.com.br\/barretos-regiao\/sp\/2022\/04\/14\/corinthians-joga-bem-vence-e-embola-grupo-e-da-libertadores"},"modified":"2022-04-14T08:45:19","modified_gmt":"2022-04-14T11:45:19","slug":"corinthians-joga-bem-vence-e-embola-grupo-e-da-libertadores","status":"publish","type":"post","link":"https:\/\/redenoticiaz.com.br\/ribeiraopreto-regiao\/sp\/2022\/04\/14\/corinthians-joga-bem-vence-e-embola-grupo-e-da-libertadores","title":{"rendered":"Corinthians joga bem, vence, e embola Grupo E da Libertadores"},"content":{"rendered":"<p>O <strong>Corinthians<\/strong> correspondeu \u00e0s expectativas da torcida, e garantiu a sua primeira vit\u00f3ria na <a href=\"https:\/\/www.conmebol.com\/pt-br\/\">Copa Libertadores<\/a> de 2022. Na noite dessa quarta-feira (13), na Neo Qu\u00edmica Arena, o Tim\u00e3o ganhou por 1&#215;0, do Deportivo Cali (COL), em um jogo que foi superior por toda a partida.<\/p>\n<p>Com o resultado, o grupo E ficou embolado, com todos os times com tr\u00eas pontos. Al\u00e9m do Corinthians e Deportivo Cali, a chave ainda conta com Boca Juniors (ARG) e Always Ready (BOL). Por\u00e9m, o Tim\u00e3o \u00e9 o \u00fanico com apenas um gol, e por isso, ainda se mant\u00e9m na \u00faltima coloca\u00e7\u00e3o.<\/p>\n<p>Ap\u00f3s o p\u00e9ssimo primeiro jogo, diante do Always Ready, na derrota por 2&#215;0, o Corinthians precisava a todo custo garantir os tr\u00eas pontos, jogando em casa. Para isso, o Tim\u00e3o foi pra cima do advers\u00e1rio, dominou as principais a\u00e7\u00f5es, foi superior por toda a partida, mas, contou com uma dose de sorte e um pouco de emo\u00e7\u00e3o para garantir a vit\u00f3ria.<\/p>\n<h3><strong>Primeiro tempo<\/strong><\/h3>\n<p>Na primeira etapa de jogo, o Deportivo Cali foi pouco agressivo. Muito por conta da forte marca\u00e7\u00e3o corintiana, no campo advers\u00e1rio, e sobretudo no meio de campo, os colombianos n\u00e3o conseguiram criar muito perigo para o gol Alvinegro. Ao mesmo tempo, via um Corinthians agressivo em busca do gol.<\/p>\n<p>J\u00e1 aos cinco minutos, a primeira boa chance corintiana veio de uma cobran\u00e7a de escanteio, e cabeceio de Raul Gustavo, que\u00a0 fez a bola passar perto do travess\u00e3o. Aos 18 minutos, entretanto, o primeiro e \u00fanico grande susto \u00e0 Fiel Torcida. Ap\u00f3s cobran\u00e7a de escanteio, o zagueiro Burisso subiu mais do que toda a zaga corintiana, cabeceou bem e obrigou C\u00e1ssio a fazer uma excelente defesa e evitar o gol colombiano.<\/p>\n<p>A resposta do Corinthians veio aos 23 minutos. Fagner fez bom cruzamento rasteiro, que atravessou toda a pequena \u00e1rea, e encontrou F\u00e1bio Santos que, mesmo ca\u00eddo, ainda finalizou para o gol, mas a bola foi para fora. Aos 29 minutos, outra boa chegada corintiana, mais uma vez pela direita, s\u00f3 que desta vez com Mantuan. O jovem cruzou para dentro da \u00e1rea, Du Queir\u00f3z chegou de carrinho, conseguiu a finaliza\u00e7\u00e3o, mas o goleiro, atento, fez uma defesa segura.<\/p>\n<p>Aos 31 minutos, a Fiel Torcida pode, enfim, comemorar o gol. Mantuan cruzou para J\u00f4 que, com tranquilidade, apenas empurrou para o fundo das redes. Entretanto, o atacante corintiano estava em posi\u00e7\u00e3o de impedimento e o gol foi anulado pela arbitragem. Ainda no primeiro tempo, o Corinthians teve outra boa oportunidade de abrir o placar, em cobran\u00e7a de falta de William, que fez a bola passar rente \u00e0 trave e ir para fora.<\/p>\n<h3><strong>Segundo tempo<\/strong><\/h3>\n<p>O Corinthians voltou ainda mais agressivo para a etapa final de jogo, e quase abriu o placar logo aos cinco minutos, com Gustavo Mantuan. Em boa jogada individual, o camisa 31 invadiu a \u00e1rea pela direita e finalizou colocado. Por\u00e9m, um pequeno e decisivo desvio do goleiro mandou a bola na trave, e o gol n\u00e3o saiu.<\/p>\n<p>De tanto insistir o Corinthians foi premiado. Aos 22 minutos do segundo tempo, Fagner arriscou um chute forte de fora da \u00e1rea, o goleiro espalmou, e o zagueiro Caldera, na tentativa de jogar a bola para fora, cabeceou certeiro contra a pr\u00f3pria meta, abrindo o placar na Neo Qu\u00edmica Arena, para del\u00edrio da Fiel Torcida.<\/p>\n<p>Ap\u00f3s o gol, o Corinthians diminui a linha de marca\u00e7\u00e3o, e o Deportivo Cali passou a se lan\u00e7ar mais ao ataque na tentativa de empatar o jogo. Como para corintiano, emo\u00e7\u00e3o pouca \u00e9 bobagem, os \u00faltimos 15 minutos de jogo contaram com uma boa dose de sofrimento.<\/p>\n<p>E essa emo\u00e7\u00e3o foi ao \u00e1pice aos 42 minutos, quando o Deportivo Cali por muito pouco n\u00e3o empatou o jogo. Por\u00e9m, a noite realmente n\u00e3o era de Caldera. Ap\u00f3s disputa na grande \u00e1rea, a bola sobrou limpa para o zagueiro, sozinho, de frente para o C\u00e1ssio. Por\u00e9m, o colombiano finalizou muito mal e a bola foi parar nas arquibancadas.<\/p>\n<p>Era o al\u00edvio do torcedor corintiano que p\u00f4de, enfim, celebrar a primeira vit\u00f3ria na Libertadores.<\/p>\n<h3>Pr\u00f3ximos jogos<\/h3>\n<p>O Corinthians se prepara, agora, para enfrentar o Ava\u00ed, neste s\u00e1bado (16), novamente na Neo Qu\u00edmica Arena, \u00e0s 19h, pela segunda rodada do Campeonato Brasileiro. Pela Libertadores, o pr\u00f3ximo compromisso ser\u00e1 contra o Boca Juniors, mais uma vez, em casa, no pr\u00f3ximo dia 26, \u00e0s 21h30.<\/p>\n<p><strong>LEIA TAMB\u00c9M<\/strong><\/p>\n<p><a href=\"https:\/\/redenoticiaz.com.br\/blog\/2022\/04\/13\/santos-sofre-mas-busca-a-virada-e-vence-a-universidad-catolica-equ-pela-sul-americana\">Santos sofre, mas busca a virada e vence a Universidad Cat\u00f3lica-EQU pela Sul-americana<\/a><\/p>\n","protected":false},"excerpt":{"rendered":"<p>O Corinthians correspondeu \u00e0s expectativas da torcida, e garantiu a sua primeira vit\u00f3ria na Copa Libertadores de 2022. Na noite dessa quarta-feira (13), na Neo Qu\u00edmica Arena, o Tim\u00e3o ganhou por 1&#215;0, do Deportivo Cali (COL), em um jogo que foi superior por toda a partida. Com o resultado, o grupo E ficou embolado, com &hellip;<\/p>\n","protected":false},"author":15,"featured_media":2487,"comment_status":"open","ping_status":"closed","sticky":false,"template":"","format":"standard","meta":{"footnotes":""},"categories":[87],"tags":[378,5953,380,10205],"class_list":["post-2486","post","type-post","status-publish","format-standard","has-post-thumbnail","hentry","category-esporte","tag-corinthians","tag-libertadores","tag-neo-quimica-arena","tag-vitoria"],"yoast_head":"<!-- This site is optimized with the Yoast SEO plugin v27.5 - https:\/\/yoast.com\/product\/yoast-seo-wordpress\/ -->\n<title>Corinthians joga bem, vence, e embola Grupo E da Libertadores - Ribeir\u00e3o Preto e Regi\u00e3o<\/title>\n<meta name=\"description\" content=\"O Corinthians correspondeu \u00e0s expectativas da torcida, e garantiu a sua primeira vit\u00f3ria na Copa Libertadores, por 1x0, diante do Deportivo Cali.\" \/>\n<meta name=\"robots\" content=\"index, follow, max-snippet:-1, max-image-preview:large, max-video-preview:-1\" \/>\n<link rel=\"canonical\" href=\"https:\/\/redenoticiaz.com.br\/ribeiraopreto-regiao\/sp\/2022\/04\/14\/corinthians-joga-bem-vence-e-embola-grupo-e-da-libertadores\" \/>\n<meta property=\"og:locale\" content=\"pt_BR\" \/>\n<meta property=\"og:type\" content=\"article\" \/>\n<meta property=\"og:title\" content=\"Corinthians joga bem, vence, e embola Grupo E da Libertadores - Ribeir\u00e3o Preto e Regi\u00e3o\" \/>\n<meta property=\"og:description\" content=\"O Corinthians correspondeu \u00e0s expectativas da torcida, e garantiu a sua primeira vit\u00f3ria na Copa Libertadores, por 1x0, diante do Deportivo Cali.\" \/>\n<meta property=\"og:url\" content=\"https:\/\/redenoticiaz.com.br\/ribeiraopreto-regiao\/sp\/2022\/04\/14\/corinthians-joga-bem-vence-e-embola-grupo-e-da-libertadores\" \/>\n<meta property=\"og:site_name\" content=\"Ribeir\u00e3o Preto e Regi\u00e3o\" \/>\n<meta property=\"article:publisher\" content=\"https:\/\/m.facebook.com\/redenoticiaz.barretos\" \/>\n<meta property=\"article:published_time\" content=\"2022-04-14T11:43:57+00:00\" \/>\n<meta property=\"article:modified_time\" content=\"2022-04-14T11:45:19+00:00\" \/>\n<meta property=\"og:image\" content=\"https:\/\/redenoticiaz.com.br\/ribeiraopreto-regiao\/wp-content\/uploads\/sites\/4\/2022\/02\/logo.jpg\" \/>\n\t<meta property=\"og:image:width\" content=\"400\" \/>\n\t<meta property=\"og:image:height\" content=\"250\" \/>\n\t<meta property=\"og:image:type\" content=\"image\/jpeg\" \/>\n<meta name=\"twitter:card\" content=\"summary_large_image\" \/>\n<meta name=\"twitter:creator\" content=\"@RN_barretos\" \/>\n<meta name=\"twitter:site\" content=\"@RN_barretos\" \/>\n<meta name=\"twitter:label1\" content=\"Escrito por\" \/>\n\t<meta name=\"twitter:data1\" content=\"\" \/>\n\t<meta name=\"twitter:label2\" content=\"Est. tempo de leitura\" \/>\n\t<meta name=\"twitter:data2\" content=\"4 minutos\" \/>\n<script type=\"application\/ld+json\" class=\"yoast-schema-graph\">{\"@context\":\"https:\\\/\\\/schema.org\",\"@graph\":[{\"@type\":\"Article\",\"@id\":\"https:\\\/\\\/redenoticiaz.com.br\\\/ribeiraopreto-regiao\\\/sp\\\/2022\\\/04\\\/14\\\/corinthians-joga-bem-vence-e-embola-grupo-e-da-libertadores#article\",\"isPartOf\":{\"@id\":\"https:\\\/\\\/redenoticiaz.com.br\\\/ribeiraopreto-regiao\\\/sp\\\/2022\\\/04\\\/14\\\/corinthians-joga-bem-vence-e-embola-grupo-e-da-libertadores\"},\"author\":{\"name\":\"\",\"@id\":\"\"},\"headline\":\"Corinthians joga bem, vence, e embola Grupo E da Libertadores\",\"datePublished\":\"2022-04-14T11:43:57+00:00\",\"dateModified\":\"2022-04-14T11:45:19+00:00\",\"mainEntityOfPage\":{\"@id\":\"https:\\\/\\\/redenoticiaz.com.br\\\/ribeiraopreto-regiao\\\/sp\\\/2022\\\/04\\\/14\\\/corinthians-joga-bem-vence-e-embola-grupo-e-da-libertadores\"},\"wordCount\":781,\"commentCount\":0,\"publisher\":{\"@id\":\"https:\\\/\\\/redenoticiaz.com.br\\\/ribeiraopreto-regiao\\\/#organization\"},\"image\":{\"@id\":\"https:\\\/\\\/redenoticiaz.com.br\\\/ribeiraopreto-regiao\\\/sp\\\/2022\\\/04\\\/14\\\/corinthians-joga-bem-vence-e-embola-grupo-e-da-libertadores#primaryimage\"},\"thumbnailUrl\":\"https:\\\/\\\/redenoticiaz.com.br\\\/ribeiraopreto-regiao\\\/wp-content\\\/uploads\\\/sites\\\/4\\\/2022\\\/04\\\/sem-titulo-31.jpg?v=1649936134\",\"keywords\":[\"Corinthians\",\"LIBERTADORES\",\"NEO QUIMICA ARENA\",\"VIT\u00d3RIA\"],\"articleSection\":[\"Esporte\"],\"inLanguage\":\"pt-BR\",\"potentialAction\":[{\"@type\":\"CommentAction\",\"name\":\"Comment\",\"target\":[\"https:\\\/\\\/redenoticiaz.com.br\\\/ribeiraopreto-regiao\\\/sp\\\/2022\\\/04\\\/14\\\/corinthians-joga-bem-vence-e-embola-grupo-e-da-libertadores#respond\"]}]},{\"@type\":\"WebPage\",\"@id\":\"https:\\\/\\\/redenoticiaz.com.br\\\/ribeiraopreto-regiao\\\/sp\\\/2022\\\/04\\\/14\\\/corinthians-joga-bem-vence-e-embola-grupo-e-da-libertadores\",\"url\":\"https:\\\/\\\/redenoticiaz.com.br\\\/ribeiraopreto-regiao\\\/sp\\\/2022\\\/04\\\/14\\\/corinthians-joga-bem-vence-e-embola-grupo-e-da-libertadores\",\"name\":\"Corinthians joga bem, vence, e embola Grupo E da Libertadores - Ribeir\u00e3o Preto e Regi\u00e3o\",\"isPartOf\":{\"@id\":\"https:\\\/\\\/redenoticiaz.com.br\\\/ribeiraopreto-regiao\\\/#website\"},\"primaryImageOfPage\":{\"@id\":\"https:\\\/\\\/redenoticiaz.com.br\\\/ribeiraopreto-regiao\\\/sp\\\/2022\\\/04\\\/14\\\/corinthians-joga-bem-vence-e-embola-grupo-e-da-libertadores#primaryimage\"},\"image\":{\"@id\":\"https:\\\/\\\/redenoticiaz.com.br\\\/ribeiraopreto-regiao\\\/sp\\\/2022\\\/04\\\/14\\\/corinthians-joga-bem-vence-e-embola-grupo-e-da-libertadores#primaryimage\"},\"thumbnailUrl\":\"https:\\\/\\\/redenoticiaz.com.br\\\/ribeiraopreto-regiao\\\/wp-content\\\/uploads\\\/sites\\\/4\\\/2022\\\/04\\\/sem-titulo-31.jpg?v=1649936134\",\"datePublished\":\"2022-04-14T11:43:57+00:00\",\"dateModified\":\"2022-04-14T11:45:19+00:00\",\"description\":\"O Corinthians correspondeu \u00e0s expectativas da torcida, e garantiu a sua primeira vit\u00f3ria na Copa Libertadores, por 1x0, diante do Deportivo Cali.\",\"inLanguage\":\"pt-BR\",\"potentialAction\":[{\"@type\":\"ReadAction\",\"target\":[\"https:\\\/\\\/redenoticiaz.com.br\\\/ribeiraopreto-regiao\\\/sp\\\/2022\\\/04\\\/14\\\/corinthians-joga-bem-vence-e-embola-grupo-e-da-libertadores\"]}]},{\"@type\":\"ImageObject\",\"inLanguage\":\"pt-BR\",\"@id\":\"https:\\\/\\\/redenoticiaz.com.br\\\/ribeiraopreto-regiao\\\/sp\\\/2022\\\/04\\\/14\\\/corinthians-joga-bem-vence-e-embola-grupo-e-da-libertadores#primaryimage\",\"url\":\"https:\\\/\\\/redenoticiaz.com.br\\\/ribeiraopreto-regiao\\\/wp-content\\\/uploads\\\/sites\\\/4\\\/2022\\\/04\\\/sem-titulo-31.jpg?v=1649936134\",\"contentUrl\":\"https:\\\/\\\/redenoticiaz.com.br\\\/ribeiraopreto-regiao\\\/wp-content\\\/uploads\\\/sites\\\/4\\\/2022\\\/04\\\/sem-titulo-31.jpg?v=1649936134\",\"width\":1092,\"height\":528,\"caption\":\"Corinthians vence Deportivo Cali, por 1x0, e garante primeira vit\u00f3ria na Libertadores (Foto: Marcos Ribolli)\"},{\"@type\":\"WebSite\",\"@id\":\"https:\\\/\\\/redenoticiaz.com.br\\\/ribeiraopreto-regiao\\\/#website\",\"url\":\"https:\\\/\\\/redenoticiaz.com.br\\\/ribeiraopreto-regiao\\\/\",\"name\":\"Ribeir\u00e3o Preto e Regi\u00e3o\",\"description\":\"Rede NoticiaZ - Ribeir\u00e3o Preto e regi\u00e3o\",\"publisher\":{\"@id\":\"https:\\\/\\\/redenoticiaz.com.br\\\/ribeiraopreto-regiao\\\/#organization\"},\"potentialAction\":[{\"@type\":\"SearchAction\",\"target\":{\"@type\":\"EntryPoint\",\"urlTemplate\":\"https:\\\/\\\/redenoticiaz.com.br\\\/ribeiraopreto-regiao\\\/?s={search_term_string}\"},\"query-input\":{\"@type\":\"PropertyValueSpecification\",\"valueRequired\":true,\"valueName\":\"search_term_string\"}}],\"inLanguage\":\"pt-BR\"},{\"@type\":\"Organization\",\"@id\":\"https:\\\/\\\/redenoticiaz.com.br\\\/ribeiraopreto-regiao\\\/#organization\",\"name\":\"Ribeir\u00e3o Preto e Regi\u00e3o\",\"url\":\"https:\\\/\\\/redenoticiaz.com.br\\\/ribeiraopreto-regiao\\\/\",\"logo\":{\"@type\":\"ImageObject\",\"inLanguage\":\"pt-BR\",\"@id\":\"https:\\\/\\\/redenoticiaz.com.br\\\/ribeiraopreto-regiao\\\/#\\\/schema\\\/logo\\\/image\\\/\",\"url\":\"https:\\\/\\\/redenoticiaz.com.br\\\/barretos-regiao\\\/wp-content\\\/uploads\\\/sites\\\/4\\\/2022\\\/02\\\/logo.jpg\",\"contentUrl\":\"https:\\\/\\\/redenoticiaz.com.br\\\/barretos-regiao\\\/wp-content\\\/uploads\\\/sites\\\/4\\\/2022\\\/02\\\/logo.jpg\",\"width\":400,\"height\":250,\"caption\":\"Ribeir\u00e3o Preto e Regi\u00e3o\"},\"image\":{\"@id\":\"https:\\\/\\\/redenoticiaz.com.br\\\/ribeiraopreto-regiao\\\/#\\\/schema\\\/logo\\\/image\\\/\"},\"sameAs\":[\"https:\\\/\\\/m.facebook.com\\\/redenoticiaz.barretos\",\"https:\\\/\\\/x.com\\\/RN_barretos\",\"https:\\\/\\\/www.instagram.com\\\/redenoticiaz.barretos\\\/?igshid=YmMyMTA2M2Y\",\"https:\\\/\\\/www.linkedin.com\\\/company\\\/rede-noticiaz-barretos-e-regio\\\/\"]},{\"@type\":\"Person\",\"@id\":\"\",\"url\":\"https:\\\/\\\/redenoticiaz.com.br\\\/ribeiraopreto-regiao\\\/sp\\\/author\"}]}<\/script>\n<!-- \/ Yoast SEO plugin. -->","yoast_head_json":{"title":"Corinthians joga bem, vence, e embola Grupo E da Libertadores - Ribeir\u00e3o Preto e Regi\u00e3o","description":"O Corinthians correspondeu \u00e0s expectativas da torcida, e garantiu a sua primeira vit\u00f3ria na Copa Libertadores, por 1x0, diante do Deportivo Cali.","robots":{"index":"index","follow":"follow","max-snippet":"max-snippet:-1","max-image-preview":"max-image-preview:large","max-video-preview":"max-video-preview:-1"},"canonical":"https:\/\/redenoticiaz.com.br\/ribeiraopreto-regiao\/sp\/2022\/04\/14\/corinthians-joga-bem-vence-e-embola-grupo-e-da-libertadores","og_locale":"pt_BR","og_type":"article","og_title":"Corinthians joga bem, vence, e embola Grupo E da Libertadores - Ribeir\u00e3o Preto e Regi\u00e3o","og_description":"O Corinthians correspondeu \u00e0s expectativas da torcida, e garantiu a sua primeira vit\u00f3ria na Copa Libertadores, por 1x0, diante do Deportivo Cali.","og_url":"https:\/\/redenoticiaz.com.br\/ribeiraopreto-regiao\/sp\/2022\/04\/14\/corinthians-joga-bem-vence-e-embola-grupo-e-da-libertadores","og_site_name":"Ribeir\u00e3o Preto e Regi\u00e3o","article_publisher":"https:\/\/m.facebook.com\/redenoticiaz.barretos","article_published_time":"2022-04-14T11:43:57+00:00","article_modified_time":"2022-04-14T11:45:19+00:00","og_image":[{"width":400,"height":250,"url":"https:\/\/redenoticiaz.com.br\/ribeiraopreto-regiao\/wp-content\/uploads\/sites\/4\/2022\/02\/logo.jpg","type":"image\/jpeg"}],"twitter_card":"summary_large_image","twitter_creator":"@RN_barretos","twitter_site":"@RN_barretos","twitter_misc":{"Escrito por":"","Est. tempo de leitura":"4 minutos"},"schema":{"@context":"https:\/\/schema.org","@graph":[{"@type":"Article","@id":"https:\/\/redenoticiaz.com.br\/ribeiraopreto-regiao\/sp\/2022\/04\/14\/corinthians-joga-bem-vence-e-embola-grupo-e-da-libertadores#article","isPartOf":{"@id":"https:\/\/redenoticiaz.com.br\/ribeiraopreto-regiao\/sp\/2022\/04\/14\/corinthians-joga-bem-vence-e-embola-grupo-e-da-libertadores"},"author":{"name":"","@id":""},"headline":"Corinthians joga bem, vence, e embola Grupo E da Libertadores","datePublished":"2022-04-14T11:43:57+00:00","dateModified":"2022-04-14T11:45:19+00:00","mainEntityOfPage":{"@id":"https:\/\/redenoticiaz.com.br\/ribeiraopreto-regiao\/sp\/2022\/04\/14\/corinthians-joga-bem-vence-e-embola-grupo-e-da-libertadores"},"wordCount":781,"commentCount":0,"publisher":{"@id":"https:\/\/redenoticiaz.com.br\/ribeiraopreto-regiao\/#organization"},"image":{"@id":"https:\/\/redenoticiaz.com.br\/ribeiraopreto-regiao\/sp\/2022\/04\/14\/corinthians-joga-bem-vence-e-embola-grupo-e-da-libertadores#primaryimage"},"thumbnailUrl":"https:\/\/redenoticiaz.com.br\/ribeiraopreto-regiao\/wp-content\/uploads\/sites\/4\/2022\/04\/sem-titulo-31.jpg?v=1649936134","keywords":["Corinthians","LIBERTADORES","NEO QUIMICA ARENA","VIT\u00d3RIA"],"articleSection":["Esporte"],"inLanguage":"pt-BR","potentialAction":[{"@type":"CommentAction","name":"Comment","target":["https:\/\/redenoticiaz.com.br\/ribeiraopreto-regiao\/sp\/2022\/04\/14\/corinthians-joga-bem-vence-e-embola-grupo-e-da-libertadores#respond"]}]},{"@type":"WebPage","@id":"https:\/\/redenoticiaz.com.br\/ribeiraopreto-regiao\/sp\/2022\/04\/14\/corinthians-joga-bem-vence-e-embola-grupo-e-da-libertadores","url":"https:\/\/redenoticiaz.com.br\/ribeiraopreto-regiao\/sp\/2022\/04\/14\/corinthians-joga-bem-vence-e-embola-grupo-e-da-libertadores","name":"Corinthians joga bem, vence, e embola Grupo E da Libertadores - Ribeir\u00e3o Preto e Regi\u00e3o","isPartOf":{"@id":"https:\/\/redenoticiaz.com.br\/ribeiraopreto-regiao\/#website"},"primaryImageOfPage":{"@id":"https:\/\/redenoticiaz.com.br\/ribeiraopreto-regiao\/sp\/2022\/04\/14\/corinthians-joga-bem-vence-e-embola-grupo-e-da-libertadores#primaryimage"},"image":{"@id":"https:\/\/redenoticiaz.com.br\/ribeiraopreto-regiao\/sp\/2022\/04\/14\/corinthians-joga-bem-vence-e-embola-grupo-e-da-libertadores#primaryimage"},"thumbnailUrl":"https:\/\/redenoticiaz.com.br\/ribeiraopreto-regiao\/wp-content\/uploads\/sites\/4\/2022\/04\/sem-titulo-31.jpg?v=1649936134","datePublished":"2022-04-14T11:43:57+00:00","dateModified":"2022-04-14T11:45:19+00:00","description":"O Corinthians correspondeu \u00e0s expectativas da torcida, e garantiu a sua primeira vit\u00f3ria na Copa Libertadores, por 1x0, diante do Deportivo Cali.","inLanguage":"pt-BR","potentialAction":[{"@type":"ReadAction","target":["https:\/\/redenoticiaz.com.br\/ribeiraopreto-regiao\/sp\/2022\/04\/14\/corinthians-joga-bem-vence-e-embola-grupo-e-da-libertadores"]}]},{"@type":"ImageObject","inLanguage":"pt-BR","@id":"https:\/\/redenoticiaz.com.br\/ribeiraopreto-regiao\/sp\/2022\/04\/14\/corinthians-joga-bem-vence-e-embola-grupo-e-da-libertadores#primaryimage","url":"https:\/\/redenoticiaz.com.br\/ribeiraopreto-regiao\/wp-content\/uploads\/sites\/4\/2022\/04\/sem-titulo-31.jpg?v=1649936134","contentUrl":"https:\/\/redenoticiaz.com.br\/ribeiraopreto-regiao\/wp-content\/uploads\/sites\/4\/2022\/04\/sem-titulo-31.jpg?v=1649936134","width":1092,"height":528,"caption":"Corinthians vence Deportivo Cali, por 1x0, e garante primeira vit\u00f3ria na Libertadores (Foto: Marcos Ribolli)"},{"@type":"WebSite","@id":"https:\/\/redenoticiaz.com.br\/ribeiraopreto-regiao\/#website","url":"https:\/\/redenoticiaz.com.br\/ribeiraopreto-regiao\/","name":"Ribeir\u00e3o Preto e Regi\u00e3o","description":"Rede NoticiaZ - Ribeir\u00e3o Preto e regi\u00e3o","publisher":{"@id":"https:\/\/redenoticiaz.com.br\/ribeiraopreto-regiao\/#organization"},"potentialAction":[{"@type":"SearchAction","target":{"@type":"EntryPoint","urlTemplate":"https:\/\/redenoticiaz.com.br\/ribeiraopreto-regiao\/?s={search_term_string}"},"query-input":{"@type":"PropertyValueSpecification","valueRequired":true,"valueName":"search_term_string"}}],"inLanguage":"pt-BR"},{"@type":"Organization","@id":"https:\/\/redenoticiaz.com.br\/ribeiraopreto-regiao\/#organization","name":"Ribeir\u00e3o Preto e Regi\u00e3o","url":"https:\/\/redenoticiaz.com.br\/ribeiraopreto-regiao\/","logo":{"@type":"ImageObject","inLanguage":"pt-BR","@id":"https:\/\/redenoticiaz.com.br\/ribeiraopreto-regiao\/#\/schema\/logo\/image\/","url":"https:\/\/redenoticiaz.com.br\/barretos-regiao\/wp-content\/uploads\/sites\/4\/2022\/02\/logo.jpg","contentUrl":"https:\/\/redenoticiaz.com.br\/barretos-regiao\/wp-content\/uploads\/sites\/4\/2022\/02\/logo.jpg","width":400,"height":250,"caption":"Ribeir\u00e3o Preto e Regi\u00e3o"},"image":{"@id":"https:\/\/redenoticiaz.com.br\/ribeiraopreto-regiao\/#\/schema\/logo\/image\/"},"sameAs":["https:\/\/m.facebook.com\/redenoticiaz.barretos","https:\/\/x.com\/RN_barretos","https:\/\/www.instagram.com\/redenoticiaz.barretos\/?igshid=YmMyMTA2M2Y","https:\/\/www.linkedin.com\/company\/rede-noticiaz-barretos-e-regio\/"]},{"@type":"Person","@id":"","url":"https:\/\/redenoticiaz.com.br\/ribeiraopreto-regiao\/sp\/author"}]}},"_links":{"self":[{"href":"https:\/\/redenoticiaz.com.br\/ribeiraopreto-regiao\/wp-json\/wp\/v2\/posts\/2486","targetHints":{"allow":["GET"]}}],"collection":[{"href":"https:\/\/redenoticiaz.com.br\/ribeiraopreto-regiao\/wp-json\/wp\/v2\/posts"}],"about":[{"href":"https:\/\/redenoticiaz.com.br\/ribeiraopreto-regiao\/wp-json\/wp\/v2\/types\/post"}],"author":[{"embeddable":true,"href":"https:\/\/redenoticiaz.com.br\/ribeiraopreto-regiao\/wp-json\/wp\/v2\/users\/15"}],"replies":[{"embeddable":true,"href":"https:\/\/redenoticiaz.com.br\/ribeiraopreto-regiao\/wp-json\/wp\/v2\/comments?post=2486"}],"version-history":[{"count":0,"href":"https:\/\/redenoticiaz.com.br\/ribeiraopreto-regiao\/wp-json\/wp\/v2\/posts\/2486\/revisions"}],"wp:featuredmedia":[{"embeddable":true,"href":"https:\/\/redenoticiaz.com.br\/ribeiraopreto-regiao\/wp-json\/wp\/v2\/media\/2487"}],"wp:attachment":[{"href":"https:\/\/redenoticiaz.com.br\/ribeiraopreto-regiao\/wp-json\/wp\/v2\/media?parent=2486"}],"wp:term":[{"taxonomy":"category","embeddable":true,"href":"https:\/\/redenoticiaz.com.br\/ribeiraopreto-regiao\/wp-json\/wp\/v2\/categories?post=2486"},{"taxonomy":"post_tag","embeddable":true,"href":"https:\/\/redenoticiaz.com.br\/ribeiraopreto-regiao\/wp-json\/wp\/v2\/tags?post=2486"}],"curies":[{"name":"wp","href":"https:\/\/api.w.org\/{rel}","templated":true}]}}