{"id":2488,"date":"2022-04-14T09:16:44","date_gmt":"2022-04-14T12:16:44","guid":{"rendered":"https:\/\/redenoticiaz.com.br\/barretos-regiao\/sp\/2022\/04\/14\/idolo-da-colombia-e-do-corinthians-rincon-morre-aos-55-anos"},"modified":"2022-04-14T09:17:39","modified_gmt":"2022-04-14T12:17:39","slug":"idolo-da-colombia-e-do-corinthians-rincon-morre-aos-55-anos","status":"publish","type":"post","link":"https:\/\/redenoticiaz.com.br\/ribeiraopreto-regiao\/sp\/2022\/04\/14\/idolo-da-colombia-e-do-corinthians-rincon-morre-aos-55-anos","title":{"rendered":"\u00cddolo da Col\u00f4mbia e do Corinthians, Rinc\u00f3n morre aos 55 anos"},"content":{"rendered":"<p>O ex-jogador de futebol <strong>Freddy Rinc\u00f3n<\/strong> morreu, na noite dessa quarta-feira (13), aos 55 anos. A confirma\u00e7\u00e3o da morte foi dada pelo hospital onde o ex-atleta estava internado, desde a \u00faltima segunda-feira (11), ap\u00f3s sofrer grave acidente de carro na cidade de Cali, na Col\u00f4mbia. Ele deu entrada no hospital com traumatismo craniano, precisou passar por cirurgia, mas n\u00e3o resistiu.<\/p>\n<p>\u201cA Cl\u00ednica Imbanaco, com pr\u00e9via autoriza\u00e7\u00e3o e em companhia dos familiares, se permite informar \u00e0 opini\u00e3o p\u00fablica que, apesar de todos os esfor\u00e7os realizados por nosso corpo m\u00e9dico e assistencial, o paciente Freddy Eusebio Rinc\u00f3n Valencia faleceu no dia de hoje 13 de abril de 2022. Lamentamos profundamente este sens\u00edvel acontecimento, enquanto estendemos nossas mais profundas condol\u00eancias \u00e0 fam\u00edlia, amigos, parentes e seguidores. Jamais haver\u00e1 forma de expressar o que isto significa realmente para n\u00f3s. Convidamos a todo o pa\u00eds a record\u00e1-lo com alegria por tudo o que nos brindou em vida com suas conquistas desportivas\u201d, informou a <a href=\"https:\/\/www.imbanaco.com\/\">Cl\u00ednica Imbanaco<\/a>, em nota oficial.<\/p>\n<h3><strong>Carreira<\/strong><\/h3>\n<p>Rinc\u00f3n marcou hist\u00f3ria no futebol colombiano e brasileiro. Pela sele\u00e7\u00e3o de seu pa\u00eds, disputou tr\u00eas Copas do Mundo (1990, 94 e 98), e \u00e9 considerado um dos maiores jogadores colombianos de todos os tempos. Pela sele\u00e7\u00e3o, foram 84 partidas e 17 gols.<\/p>\n<p>No Brasil, tamb\u00e9m marcou hist\u00f3ria. Seu primeiro clube brasileiro foi o Palmeiras, em 1994. Naquele ano, ainda jogando como meio-campista, foi campe\u00e3o Paulista, em um dos maiores times da hist\u00f3ria do Verd\u00e3o, que contava ainda com Roberto Carlos, Zinho, Rivaldo, Evair, Edmundo, entre outros craques. Durante a parada para a Copa do Mundo, o jogador se transferiu para o Napoli, da It\u00e1lia.<\/p>\n<p>Um ano depois, se transferiu para o Real Madrid, da Espanha, onde n\u00e3o brilhou tanto. Em 1996, Rinc\u00f3n retornou para o Palmeiras, onde ficou at\u00e9 1997. Pelo Verd\u00e3o, foram 76 jogos e 22 gols.<\/p>\n<h3>Auge no Corinthians<\/h3>\n<p>Em 1997, entretanto, o colombiano foi para o arquirrival do Palmeiras, o Corinthians, onde atingiu o auge de sua carreira. Pelo time de Parque S\u00e2o Jorge,conquistou seus principais t\u00edtulos. Pelo Tim\u00e3o, e j\u00e1 como volante, Rinc\u00f3n foi bicampe\u00e3o Brasileiro (98\/99), campe\u00e3o Paulista (99) e campe\u00e3o, como capit\u00e3o, do primeiro Mundial de Clubes da Fifa (2000).<\/p>\n<p>No Corinthians, Rinc\u00f3n formou um quadrado no meio de campo que marcou hist\u00f3ria e jamais ser\u00e1 esquecido, com Vampeta, Ricardinho e Marcelinho.E que ainda tinha no ataque, Luiz\u00e3o e Ed\u00edlson. Entretanto, sua sa\u00edda do Parque S\u00e3o Jorge foi tumultuada. Logo ap\u00f3s a conquista do Mundial, se transferiu para o Santos, onde n\u00e3o obteve grande \u00eaxito. Em 2001, Rinc\u00f3n ainda jogou pelo Cruzeiro.<\/p>\n<p>Em 2004, j\u00e1 em final de carreira, aos 37 anos, Rinc\u00f3n voltou para o Corinthians, ainda que a contragosto da torcida, e n\u00e3o obteve sucesso. Ao todo, pelo Tim\u00e3o, foram 158 jogos e 11 gols.<\/p>\n<p>Rinc\u00f3n deixa dois filhos. Sebasti\u00e1n Rinc\u00f3n, de 28 anos e Freddy Stiven.<\/p>\n<p><strong>LEIA TAMB\u00c9M<\/strong><\/p>\n<p><a href=\"https:\/\/redenoticiaz.com.br\/blog\/2022\/04\/14\/corinthians-joga-bem-vence-e-embola-grupo-e-da-libertadores\">Corinthians joga bem, vence, e embola Grupo E da Libertadores<\/a><\/p>\n","protected":false},"excerpt":{"rendered":"<p>O ex-jogador de futebol Freddy Rinc\u00f3n morreu, na noite dessa quarta-feira (13), aos 55 anos. A confirma\u00e7\u00e3o da morte foi dada pelo hospital onde o ex-atleta estava internado, desde a \u00faltima segunda-feira (11), ap\u00f3s sofrer grave acidente de carro na cidade de Cali, na Col\u00f4mbia. Ele deu entrada no hospital com traumatismo craniano, precisou passar &hellip;<\/p>\n","protected":false},"author":15,"featured_media":2489,"comment_status":"open","ping_status":"closed","sticky":false,"template":"","format":"standard","meta":{"footnotes":""},"categories":[87],"tags":[10206,378,10207,10208,3401,10209],"class_list":["post-2488","post","type-post","status-publish","format-standard","has-post-thumbnail","hentry","category-esporte","tag-colo","tag-corinthians","tag-jogador","tag-mbia","tag-morte","tag-riconon"],"yoast_head":"<!-- This site is optimized with the Yoast SEO plugin v27.4 - https:\/\/yoast.com\/product\/yoast-seo-wordpress\/ -->\n<title>\u00cddolo da Col\u00f4mbia e do Corinthians, Rinc\u00f3n morre aos 55 anos - Ribeir\u00e3o Preto e Regi\u00e3o<\/title>\n<meta name=\"description\" content=\"O ex-jogador de futebol Freddy Rinc\u00f3n morreu, na noite dessa quarta-feira (13), aos 55 anos, ao n\u00e3o resistir um grave acidente de carro.\" \/>\n<meta name=\"robots\" content=\"index, follow, max-snippet:-1, max-image-preview:large, max-video-preview:-1\" \/>\n<link rel=\"canonical\" href=\"https:\/\/redenoticiaz.com.br\/ribeiraopreto-regiao\/sp\/2022\/04\/14\/idolo-da-colombia-e-do-corinthians-rincon-morre-aos-55-anos\" \/>\n<meta property=\"og:locale\" content=\"pt_BR\" \/>\n<meta property=\"og:type\" content=\"article\" \/>\n<meta property=\"og:title\" content=\"\u00cddolo da Col\u00f4mbia e do Corinthians, Rinc\u00f3n morre aos 55 anos - Ribeir\u00e3o Preto e Regi\u00e3o\" \/>\n<meta property=\"og:description\" content=\"O ex-jogador de futebol Freddy Rinc\u00f3n morreu, na noite dessa quarta-feira (13), aos 55 anos, ao n\u00e3o resistir um grave acidente de carro.\" \/>\n<meta property=\"og:url\" content=\"https:\/\/redenoticiaz.com.br\/ribeiraopreto-regiao\/sp\/2022\/04\/14\/idolo-da-colombia-e-do-corinthians-rincon-morre-aos-55-anos\" \/>\n<meta property=\"og:site_name\" content=\"Ribeir\u00e3o Preto e Regi\u00e3o\" \/>\n<meta property=\"article:publisher\" content=\"https:\/\/m.facebook.com\/redenoticiaz.barretos\" \/>\n<meta property=\"article:published_time\" content=\"2022-04-14T12:16:44+00:00\" \/>\n<meta property=\"article:modified_time\" content=\"2022-04-14T12:17:39+00:00\" \/>\n<meta property=\"og:image\" content=\"https:\/\/redenoticiaz.com.br\/ribeiraopreto-regiao\/wp-content\/uploads\/sites\/4\/2022\/02\/logo.jpg\" \/>\n\t<meta property=\"og:image:width\" content=\"400\" \/>\n\t<meta property=\"og:image:height\" content=\"250\" \/>\n\t<meta property=\"og:image:type\" content=\"image\/jpeg\" \/>\n<meta name=\"twitter:card\" content=\"summary_large_image\" \/>\n<meta name=\"twitter:creator\" content=\"@RN_barretos\" \/>\n<meta name=\"twitter:site\" content=\"@RN_barretos\" \/>\n<meta name=\"twitter:label1\" content=\"Escrito por\" \/>\n\t<meta name=\"twitter:data1\" content=\"\" \/>\n\t<meta name=\"twitter:label2\" content=\"Est. tempo de leitura\" \/>\n\t<meta name=\"twitter:data2\" content=\"3 minutos\" \/>\n<script type=\"application\/ld+json\" class=\"yoast-schema-graph\">{\"@context\":\"https:\\\/\\\/schema.org\",\"@graph\":[{\"@type\":\"Article\",\"@id\":\"https:\\\/\\\/redenoticiaz.com.br\\\/ribeiraopreto-regiao\\\/sp\\\/2022\\\/04\\\/14\\\/idolo-da-colombia-e-do-corinthians-rincon-morre-aos-55-anos#article\",\"isPartOf\":{\"@id\":\"https:\\\/\\\/redenoticiaz.com.br\\\/ribeiraopreto-regiao\\\/sp\\\/2022\\\/04\\\/14\\\/idolo-da-colombia-e-do-corinthians-rincon-morre-aos-55-anos\"},\"author\":{\"name\":\"\",\"@id\":\"\"},\"headline\":\"\u00cddolo da Col\u00f4mbia e do Corinthians, Rinc\u00f3n morre aos 55 anos\",\"datePublished\":\"2022-04-14T12:16:44+00:00\",\"dateModified\":\"2022-04-14T12:17:39+00:00\",\"mainEntityOfPage\":{\"@id\":\"https:\\\/\\\/redenoticiaz.com.br\\\/ribeiraopreto-regiao\\\/sp\\\/2022\\\/04\\\/14\\\/idolo-da-colombia-e-do-corinthians-rincon-morre-aos-55-anos\"},\"wordCount\":526,\"commentCount\":0,\"publisher\":{\"@id\":\"https:\\\/\\\/redenoticiaz.com.br\\\/ribeiraopreto-regiao\\\/#organization\"},\"image\":{\"@id\":\"https:\\\/\\\/redenoticiaz.com.br\\\/ribeiraopreto-regiao\\\/sp\\\/2022\\\/04\\\/14\\\/idolo-da-colombia-e-do-corinthians-rincon-morre-aos-55-anos#primaryimage\"},\"thumbnailUrl\":\"https:\\\/\\\/redenoticiaz.com.br\\\/ribeiraopreto-regiao\\\/wp-content\\\/uploads\\\/sites\\\/4\\\/2022\\\/04\\\/sem-titulo-32.jpg?v=1649938468\",\"keywords\":[\"Col\u00f4\",\"Corinthians\",\"Jogador\",\"mbia\",\"MORTE\",\"Ricon\u00f3n\"],\"articleSection\":[\"Esporte\"],\"inLanguage\":\"pt-BR\",\"potentialAction\":[{\"@type\":\"CommentAction\",\"name\":\"Comment\",\"target\":[\"https:\\\/\\\/redenoticiaz.com.br\\\/ribeiraopreto-regiao\\\/sp\\\/2022\\\/04\\\/14\\\/idolo-da-colombia-e-do-corinthians-rincon-morre-aos-55-anos#respond\"]}]},{\"@type\":\"WebPage\",\"@id\":\"https:\\\/\\\/redenoticiaz.com.br\\\/ribeiraopreto-regiao\\\/sp\\\/2022\\\/04\\\/14\\\/idolo-da-colombia-e-do-corinthians-rincon-morre-aos-55-anos\",\"url\":\"https:\\\/\\\/redenoticiaz.com.br\\\/ribeiraopreto-regiao\\\/sp\\\/2022\\\/04\\\/14\\\/idolo-da-colombia-e-do-corinthians-rincon-morre-aos-55-anos\",\"name\":\"\u00cddolo da Col\u00f4mbia e do Corinthians, Rinc\u00f3n morre aos 55 anos - Ribeir\u00e3o Preto e Regi\u00e3o\",\"isPartOf\":{\"@id\":\"https:\\\/\\\/redenoticiaz.com.br\\\/ribeiraopreto-regiao\\\/#website\"},\"primaryImageOfPage\":{\"@id\":\"https:\\\/\\\/redenoticiaz.com.br\\\/ribeiraopreto-regiao\\\/sp\\\/2022\\\/04\\\/14\\\/idolo-da-colombia-e-do-corinthians-rincon-morre-aos-55-anos#primaryimage\"},\"image\":{\"@id\":\"https:\\\/\\\/redenoticiaz.com.br\\\/ribeiraopreto-regiao\\\/sp\\\/2022\\\/04\\\/14\\\/idolo-da-colombia-e-do-corinthians-rincon-morre-aos-55-anos#primaryimage\"},\"thumbnailUrl\":\"https:\\\/\\\/redenoticiaz.com.br\\\/ribeiraopreto-regiao\\\/wp-content\\\/uploads\\\/sites\\\/4\\\/2022\\\/04\\\/sem-titulo-32.jpg?v=1649938468\",\"datePublished\":\"2022-04-14T12:16:44+00:00\",\"dateModified\":\"2022-04-14T12:17:39+00:00\",\"description\":\"O ex-jogador de futebol Freddy Rinc\u00f3n morreu, na noite dessa quarta-feira (13), aos 55 anos, ao n\u00e3o resistir um grave acidente de carro.\",\"inLanguage\":\"pt-BR\",\"potentialAction\":[{\"@type\":\"ReadAction\",\"target\":[\"https:\\\/\\\/redenoticiaz.com.br\\\/ribeiraopreto-regiao\\\/sp\\\/2022\\\/04\\\/14\\\/idolo-da-colombia-e-do-corinthians-rincon-morre-aos-55-anos\"]}]},{\"@type\":\"ImageObject\",\"inLanguage\":\"pt-BR\",\"@id\":\"https:\\\/\\\/redenoticiaz.com.br\\\/ribeiraopreto-regiao\\\/sp\\\/2022\\\/04\\\/14\\\/idolo-da-colombia-e-do-corinthians-rincon-morre-aos-55-anos#primaryimage\",\"url\":\"https:\\\/\\\/redenoticiaz.com.br\\\/ribeiraopreto-regiao\\\/wp-content\\\/uploads\\\/sites\\\/4\\\/2022\\\/04\\\/sem-titulo-32.jpg?v=1649938468\",\"contentUrl\":\"https:\\\/\\\/redenoticiaz.com.br\\\/ribeiraopreto-regiao\\\/wp-content\\\/uploads\\\/sites\\\/4\\\/2022\\\/04\\\/sem-titulo-32.jpg?v=1649938468\",\"width\":645,\"height\":406,\"caption\":\"Rinc\u00f3n morre aos 55 anos, em Cali, na Col\u00f4mbia (Foto: Getty Images)\"},{\"@type\":\"WebSite\",\"@id\":\"https:\\\/\\\/redenoticiaz.com.br\\\/ribeiraopreto-regiao\\\/#website\",\"url\":\"https:\\\/\\\/redenoticiaz.com.br\\\/ribeiraopreto-regiao\\\/\",\"name\":\"Ribeir\u00e3o Preto e Regi\u00e3o\",\"description\":\"Rede NoticiaZ - Ribeir\u00e3o Preto e regi\u00e3o\",\"publisher\":{\"@id\":\"https:\\\/\\\/redenoticiaz.com.br\\\/ribeiraopreto-regiao\\\/#organization\"},\"potentialAction\":[{\"@type\":\"SearchAction\",\"target\":{\"@type\":\"EntryPoint\",\"urlTemplate\":\"https:\\\/\\\/redenoticiaz.com.br\\\/ribeiraopreto-regiao\\\/?s={search_term_string}\"},\"query-input\":{\"@type\":\"PropertyValueSpecification\",\"valueRequired\":true,\"valueName\":\"search_term_string\"}}],\"inLanguage\":\"pt-BR\"},{\"@type\":\"Organization\",\"@id\":\"https:\\\/\\\/redenoticiaz.com.br\\\/ribeiraopreto-regiao\\\/#organization\",\"name\":\"Ribeir\u00e3o Preto e Regi\u00e3o\",\"url\":\"https:\\\/\\\/redenoticiaz.com.br\\\/ribeiraopreto-regiao\\\/\",\"logo\":{\"@type\":\"ImageObject\",\"inLanguage\":\"pt-BR\",\"@id\":\"https:\\\/\\\/redenoticiaz.com.br\\\/ribeiraopreto-regiao\\\/#\\\/schema\\\/logo\\\/image\\\/\",\"url\":\"https:\\\/\\\/redenoticiaz.com.br\\\/barretos-regiao\\\/wp-content\\\/uploads\\\/sites\\\/4\\\/2022\\\/02\\\/logo.jpg\",\"contentUrl\":\"https:\\\/\\\/redenoticiaz.com.br\\\/barretos-regiao\\\/wp-content\\\/uploads\\\/sites\\\/4\\\/2022\\\/02\\\/logo.jpg\",\"width\":400,\"height\":250,\"caption\":\"Ribeir\u00e3o Preto e Regi\u00e3o\"},\"image\":{\"@id\":\"https:\\\/\\\/redenoticiaz.com.br\\\/ribeiraopreto-regiao\\\/#\\\/schema\\\/logo\\\/image\\\/\"},\"sameAs\":[\"https:\\\/\\\/m.facebook.com\\\/redenoticiaz.barretos\",\"https:\\\/\\\/x.com\\\/RN_barretos\",\"https:\\\/\\\/www.instagram.com\\\/redenoticiaz.barretos\\\/?igshid=YmMyMTA2M2Y\",\"https:\\\/\\\/www.linkedin.com\\\/company\\\/rede-noticiaz-barretos-e-regio\\\/\"]},{\"@type\":\"Person\",\"@id\":\"\",\"url\":\"https:\\\/\\\/redenoticiaz.com.br\\\/ribeiraopreto-regiao\\\/sp\\\/author\"}]}<\/script>\n<!-- \/ Yoast SEO plugin. -->","yoast_head_json":{"title":"\u00cddolo da Col\u00f4mbia e do Corinthians, Rinc\u00f3n morre aos 55 anos - Ribeir\u00e3o Preto e Regi\u00e3o","description":"O ex-jogador de futebol Freddy Rinc\u00f3n morreu, na noite dessa quarta-feira (13), aos 55 anos, ao n\u00e3o resistir um grave acidente de carro.","robots":{"index":"index","follow":"follow","max-snippet":"max-snippet:-1","max-image-preview":"max-image-preview:large","max-video-preview":"max-video-preview:-1"},"canonical":"https:\/\/redenoticiaz.com.br\/ribeiraopreto-regiao\/sp\/2022\/04\/14\/idolo-da-colombia-e-do-corinthians-rincon-morre-aos-55-anos","og_locale":"pt_BR","og_type":"article","og_title":"\u00cddolo da Col\u00f4mbia e do Corinthians, Rinc\u00f3n morre aos 55 anos - Ribeir\u00e3o Preto e Regi\u00e3o","og_description":"O ex-jogador de futebol Freddy Rinc\u00f3n morreu, na noite dessa quarta-feira (13), aos 55 anos, ao n\u00e3o resistir um grave acidente de carro.","og_url":"https:\/\/redenoticiaz.com.br\/ribeiraopreto-regiao\/sp\/2022\/04\/14\/idolo-da-colombia-e-do-corinthians-rincon-morre-aos-55-anos","og_site_name":"Ribeir\u00e3o Preto e Regi\u00e3o","article_publisher":"https:\/\/m.facebook.com\/redenoticiaz.barretos","article_published_time":"2022-04-14T12:16:44+00:00","article_modified_time":"2022-04-14T12:17:39+00:00","og_image":[{"width":400,"height":250,"url":"https:\/\/redenoticiaz.com.br\/ribeiraopreto-regiao\/wp-content\/uploads\/sites\/4\/2022\/02\/logo.jpg","type":"image\/jpeg"}],"twitter_card":"summary_large_image","twitter_creator":"@RN_barretos","twitter_site":"@RN_barretos","twitter_misc":{"Escrito por":"","Est. tempo de leitura":"3 minutos"},"schema":{"@context":"https:\/\/schema.org","@graph":[{"@type":"Article","@id":"https:\/\/redenoticiaz.com.br\/ribeiraopreto-regiao\/sp\/2022\/04\/14\/idolo-da-colombia-e-do-corinthians-rincon-morre-aos-55-anos#article","isPartOf":{"@id":"https:\/\/redenoticiaz.com.br\/ribeiraopreto-regiao\/sp\/2022\/04\/14\/idolo-da-colombia-e-do-corinthians-rincon-morre-aos-55-anos"},"author":{"name":"","@id":""},"headline":"\u00cddolo da Col\u00f4mbia e do Corinthians, Rinc\u00f3n morre aos 55 anos","datePublished":"2022-04-14T12:16:44+00:00","dateModified":"2022-04-14T12:17:39+00:00","mainEntityOfPage":{"@id":"https:\/\/redenoticiaz.com.br\/ribeiraopreto-regiao\/sp\/2022\/04\/14\/idolo-da-colombia-e-do-corinthians-rincon-morre-aos-55-anos"},"wordCount":526,"commentCount":0,"publisher":{"@id":"https:\/\/redenoticiaz.com.br\/ribeiraopreto-regiao\/#organization"},"image":{"@id":"https:\/\/redenoticiaz.com.br\/ribeiraopreto-regiao\/sp\/2022\/04\/14\/idolo-da-colombia-e-do-corinthians-rincon-morre-aos-55-anos#primaryimage"},"thumbnailUrl":"https:\/\/redenoticiaz.com.br\/ribeiraopreto-regiao\/wp-content\/uploads\/sites\/4\/2022\/04\/sem-titulo-32.jpg?v=1649938468","keywords":["Col\u00f4","Corinthians","Jogador","mbia","MORTE","Ricon\u00f3n"],"articleSection":["Esporte"],"inLanguage":"pt-BR","potentialAction":[{"@type":"CommentAction","name":"Comment","target":["https:\/\/redenoticiaz.com.br\/ribeiraopreto-regiao\/sp\/2022\/04\/14\/idolo-da-colombia-e-do-corinthians-rincon-morre-aos-55-anos#respond"]}]},{"@type":"WebPage","@id":"https:\/\/redenoticiaz.com.br\/ribeiraopreto-regiao\/sp\/2022\/04\/14\/idolo-da-colombia-e-do-corinthians-rincon-morre-aos-55-anos","url":"https:\/\/redenoticiaz.com.br\/ribeiraopreto-regiao\/sp\/2022\/04\/14\/idolo-da-colombia-e-do-corinthians-rincon-morre-aos-55-anos","name":"\u00cddolo da Col\u00f4mbia e do Corinthians, Rinc\u00f3n morre aos 55 anos - Ribeir\u00e3o Preto e Regi\u00e3o","isPartOf":{"@id":"https:\/\/redenoticiaz.com.br\/ribeiraopreto-regiao\/#website"},"primaryImageOfPage":{"@id":"https:\/\/redenoticiaz.com.br\/ribeiraopreto-regiao\/sp\/2022\/04\/14\/idolo-da-colombia-e-do-corinthians-rincon-morre-aos-55-anos#primaryimage"},"image":{"@id":"https:\/\/redenoticiaz.com.br\/ribeiraopreto-regiao\/sp\/2022\/04\/14\/idolo-da-colombia-e-do-corinthians-rincon-morre-aos-55-anos#primaryimage"},"thumbnailUrl":"https:\/\/redenoticiaz.com.br\/ribeiraopreto-regiao\/wp-content\/uploads\/sites\/4\/2022\/04\/sem-titulo-32.jpg?v=1649938468","datePublished":"2022-04-14T12:16:44+00:00","dateModified":"2022-04-14T12:17:39+00:00","description":"O ex-jogador de futebol Freddy Rinc\u00f3n morreu, na noite dessa quarta-feira (13), aos 55 anos, ao n\u00e3o resistir um grave acidente de carro.","inLanguage":"pt-BR","potentialAction":[{"@type":"ReadAction","target":["https:\/\/redenoticiaz.com.br\/ribeiraopreto-regiao\/sp\/2022\/04\/14\/idolo-da-colombia-e-do-corinthians-rincon-morre-aos-55-anos"]}]},{"@type":"ImageObject","inLanguage":"pt-BR","@id":"https:\/\/redenoticiaz.com.br\/ribeiraopreto-regiao\/sp\/2022\/04\/14\/idolo-da-colombia-e-do-corinthians-rincon-morre-aos-55-anos#primaryimage","url":"https:\/\/redenoticiaz.com.br\/ribeiraopreto-regiao\/wp-content\/uploads\/sites\/4\/2022\/04\/sem-titulo-32.jpg?v=1649938468","contentUrl":"https:\/\/redenoticiaz.com.br\/ribeiraopreto-regiao\/wp-content\/uploads\/sites\/4\/2022\/04\/sem-titulo-32.jpg?v=1649938468","width":645,"height":406,"caption":"Rinc\u00f3n morre aos 55 anos, em Cali, na Col\u00f4mbia (Foto: Getty Images)"},{"@type":"WebSite","@id":"https:\/\/redenoticiaz.com.br\/ribeiraopreto-regiao\/#website","url":"https:\/\/redenoticiaz.com.br\/ribeiraopreto-regiao\/","name":"Ribeir\u00e3o Preto e Regi\u00e3o","description":"Rede NoticiaZ - Ribeir\u00e3o Preto e regi\u00e3o","publisher":{"@id":"https:\/\/redenoticiaz.com.br\/ribeiraopreto-regiao\/#organization"},"potentialAction":[{"@type":"SearchAction","target":{"@type":"EntryPoint","urlTemplate":"https:\/\/redenoticiaz.com.br\/ribeiraopreto-regiao\/?s={search_term_string}"},"query-input":{"@type":"PropertyValueSpecification","valueRequired":true,"valueName":"search_term_string"}}],"inLanguage":"pt-BR"},{"@type":"Organization","@id":"https:\/\/redenoticiaz.com.br\/ribeiraopreto-regiao\/#organization","name":"Ribeir\u00e3o Preto e Regi\u00e3o","url":"https:\/\/redenoticiaz.com.br\/ribeiraopreto-regiao\/","logo":{"@type":"ImageObject","inLanguage":"pt-BR","@id":"https:\/\/redenoticiaz.com.br\/ribeiraopreto-regiao\/#\/schema\/logo\/image\/","url":"https:\/\/redenoticiaz.com.br\/barretos-regiao\/wp-content\/uploads\/sites\/4\/2022\/02\/logo.jpg","contentUrl":"https:\/\/redenoticiaz.com.br\/barretos-regiao\/wp-content\/uploads\/sites\/4\/2022\/02\/logo.jpg","width":400,"height":250,"caption":"Ribeir\u00e3o Preto e Regi\u00e3o"},"image":{"@id":"https:\/\/redenoticiaz.com.br\/ribeiraopreto-regiao\/#\/schema\/logo\/image\/"},"sameAs":["https:\/\/m.facebook.com\/redenoticiaz.barretos","https:\/\/x.com\/RN_barretos","https:\/\/www.instagram.com\/redenoticiaz.barretos\/?igshid=YmMyMTA2M2Y","https:\/\/www.linkedin.com\/company\/rede-noticiaz-barretos-e-regio\/"]},{"@type":"Person","@id":"","url":"https:\/\/redenoticiaz.com.br\/ribeiraopreto-regiao\/sp\/author"}]}},"_links":{"self":[{"href":"https:\/\/redenoticiaz.com.br\/ribeiraopreto-regiao\/wp-json\/wp\/v2\/posts\/2488","targetHints":{"allow":["GET"]}}],"collection":[{"href":"https:\/\/redenoticiaz.com.br\/ribeiraopreto-regiao\/wp-json\/wp\/v2\/posts"}],"about":[{"href":"https:\/\/redenoticiaz.com.br\/ribeiraopreto-regiao\/wp-json\/wp\/v2\/types\/post"}],"author":[{"embeddable":true,"href":"https:\/\/redenoticiaz.com.br\/ribeiraopreto-regiao\/wp-json\/wp\/v2\/users\/15"}],"replies":[{"embeddable":true,"href":"https:\/\/redenoticiaz.com.br\/ribeiraopreto-regiao\/wp-json\/wp\/v2\/comments?post=2488"}],"version-history":[{"count":0,"href":"https:\/\/redenoticiaz.com.br\/ribeiraopreto-regiao\/wp-json\/wp\/v2\/posts\/2488\/revisions"}],"wp:featuredmedia":[{"embeddable":true,"href":"https:\/\/redenoticiaz.com.br\/ribeiraopreto-regiao\/wp-json\/wp\/v2\/media\/2489"}],"wp:attachment":[{"href":"https:\/\/redenoticiaz.com.br\/ribeiraopreto-regiao\/wp-json\/wp\/v2\/media?parent=2488"}],"wp:term":[{"taxonomy":"category","embeddable":true,"href":"https:\/\/redenoticiaz.com.br\/ribeiraopreto-regiao\/wp-json\/wp\/v2\/categories?post=2488"},{"taxonomy":"post_tag","embeddable":true,"href":"https:\/\/redenoticiaz.com.br\/ribeiraopreto-regiao\/wp-json\/wp\/v2\/tags?post=2488"}],"curies":[{"name":"wp","href":"https:\/\/api.w.org\/{rel}","templated":true}]}}