{"id":2532,"date":"2022-04-14T15:51:00","date_gmt":"2022-04-14T18:51:00","guid":{"rendered":"https:\/\/redenoticiaz.com.br\/barretos-regiao\/?p=2532"},"modified":"2022-04-14T15:51:00","modified_gmt":"2022-04-14T18:51:00","slug":"olimpia-estima-receber-cerca-de-150-mil-visitantes-durante-os-feriados","status":"publish","type":"post","link":"https:\/\/redenoticiaz.com.br\/ribeiraopreto-regiao\/sp\/2022\/04\/14\/olimpia-estima-receber-cerca-de-150-mil-visitantes-durante-os-feriados","title":{"rendered":"Ol\u00edmpia estima receber cerca de 150 mil visitantes durante os feriados"},"content":{"rendered":"<p>O Turismo \u00e9 o setor que movimenta a economia da <strong><em>Est\u00e2ncia Tur\u00edstica de Ol\u00edmpia,<\/em><\/strong> nesse sentido, o munic\u00edpio deve receber cerca de 150 mil visitantes somente durante os feriados deste m\u00eas de abril, expectativa de ocupa\u00e7\u00e3o realizadas pela secretaria de Turismo e Cultura junto aos meios de hospedagem, divulgadas nesta semana, apontando um cen\u00e1rio otimista para a hotelaria local.<\/p>\n<p>Segundo os\u00a0relat\u00f3rios, mais de\u00a071 mil visitantes\u00a0devem passar pela\u00a0cidade\u00a0neste\u00a0feriado prolongado\u00a0da P\u00e1scoa, em\u00a0tr\u00eas di\u00e1rias. J\u00e1 com rela\u00e7\u00e3o ao\u00a0feriado de Tiradentes, na\u00a0pr\u00f3xima semana, o\u00a0munic\u00edpio\u00a0estima receber quase\u00a076 mil turistas, referentes a\u00a0quatro di\u00e1rias.<\/p>\n<p>Os n\u00fameros representam um crescimento significativo da procura pelo destino nos \u00faltimos anos. Em 2019, por exemplo, ano antes da pandemia, o feriado de P\u00e1scoa foi celebrado na mesma data de Tiradentes. Al\u00e9m disso, sendo que a cidade registrou pouco mais de 20 mil turistas, em tr\u00eas dias, resultando em um aumento de 253% no total de visitantes recebidos, em rela\u00e7\u00e3o ao que \u00e9 esperado para a data neste ano.<\/p>\n<p>Vale ressaltar ainda que n\u00e3o \u00e9 poss\u00edvel fazer uma compara\u00e7\u00e3o com os dois \u00faltimos anos, tendo em vista que, em 2020 e 2021, os parques e atrativos tur\u00edsticos estavam fechados. Contudo, devido \u00e0 pandemia da Covid.<\/p>\n<h4>Retorno das atividades<\/h4>\n<p>Outro dado que mostra o bom desempenho do retorno das atividades tur\u00edsticas \u00e9 o grande fluxo de visita\u00e7\u00e3o registrado neste ano, com 100% do setor em funcionamento. Segundo levantamento do munic\u00edpio, Ol\u00edmpia j\u00e1 recebeu mais de 860 mil turistas no primeiro trimestre de 2022. Assim, representando cerca de 30% do total de visitantes de 2019, quando a cidade recebeu quase 3 milh\u00f5es de pessoas.<\/p>\n<p>O grande destaque foi o m\u00eas de\u00a0janeiro, \u00e9poca de alta temporada devido \u00e0s\u00a0f\u00e9rias escolares, no qual quase\u00a0450 mil turistas\u00a0passaram pela\u00a0cidade. J\u00e1 o\u00a0feriado de Carnaval\u00a0registrou mais de\u00a085 mil visitantes em quatro dias.<\/p>\n<p><em>\u201cEstamos retomando o cen\u00e1rio de normalidade e isso tem se refletido nos n\u00fameros do setor que \u00e9 o principal motor da economia de Ol\u00edmpia. O desempenho positivo deste ano j\u00e1 aponta para uma supera\u00e7\u00e3o dos \u00edndices registrados em 2019, antes da pandemia. Agora, com o crescimento da hotelaria, que conta com 34 mil leitos, e da ampla oferta de atrativos, a tend\u00eancia \u00e9 confirmar a expectativa. Tornando o munic\u00edpio cada vez mais um destino procurado em todo o pa\u00eds, fortalecimento o desenvolvimento, gerando renda e proporcionando qualidade de vida\u201d<\/em>, analisou o prefeito\u00a0Fernando Cunha.<\/p>\n<p><strong>LEIA TAMB\u00c9M:\u00a0<\/strong><a href=\"https:\/\/redenoticiaz.com.br\/barretos-regiao\/sp\/2022\/04\/13\/prefeitura-de-olimpia-proibe-pesca-no-rio-olhos-dagua-para-proteger-a-reproducao-de-peixes\">Prefeitura de Ol\u00edmpia pro\u00edbe pesca no rio Olhos D\u2019\u00c1gua para proteger a reprodu\u00e7\u00e3o de peixes<\/a><\/p>\n","protected":false},"excerpt":{"rendered":"<p>O Turismo \u00e9 o setor que movimenta a economia da Est\u00e2ncia Tur\u00edstica de Ol\u00edmpia, nesse sentido, o munic\u00edpio deve receber cerca de 150 mil visitantes somente durante os feriados deste m\u00eas de abril, expectativa de ocupa\u00e7\u00e3o realizadas pela secretaria de Turismo e Cultura junto aos meios de hospedagem, divulgadas nesta semana, apontando um cen\u00e1rio otimista &hellip;<\/p>\n","protected":false},"author":15,"featured_media":2533,"comment_status":"open","ping_status":"closed","sticky":false,"template":"","format":"standard","meta":{"footnotes":""},"categories":[1],"tags":[],"class_list":["post-2532","post","type-post","status-publish","format-standard","has-post-thumbnail","hentry","category-cidades"],"yoast_head":"<!-- This site is optimized with the Yoast SEO plugin v27.4 - https:\/\/yoast.com\/product\/yoast-seo-wordpress\/ -->\n<title>Ol\u00edmpia estima receber cerca de 150 mil visitantes durante os feriados - Ribeir\u00e3o Preto e Regi\u00e3o<\/title>\n<meta name=\"description\" content=\"O Turismo \u00e9 o setor que movimenta a economia de Ol\u00edmpia, nesse sentido, o munic\u00edpio deve receber cerca de 150 mil visitantes no m\u00eas de abril.\" \/>\n<meta name=\"robots\" content=\"index, follow, max-snippet:-1, max-image-preview:large, max-video-preview:-1\" \/>\n<link rel=\"canonical\" href=\"https:\/\/redenoticiaz.com.br\/ribeiraopreto-regiao\/sp\/2022\/04\/14\/olimpia-estima-receber-cerca-de-150-mil-visitantes-durante-os-feriados\" \/>\n<meta property=\"og:locale\" content=\"pt_BR\" \/>\n<meta property=\"og:type\" content=\"article\" \/>\n<meta property=\"og:title\" content=\"Ol\u00edmpia estima receber cerca de 150 mil visitantes durante os feriados - Ribeir\u00e3o Preto e Regi\u00e3o\" \/>\n<meta property=\"og:description\" content=\"O Turismo \u00e9 o setor que movimenta a economia de Ol\u00edmpia, nesse sentido, o munic\u00edpio deve receber cerca de 150 mil visitantes no m\u00eas de abril.\" \/>\n<meta property=\"og:url\" content=\"https:\/\/redenoticiaz.com.br\/ribeiraopreto-regiao\/sp\/2022\/04\/14\/olimpia-estima-receber-cerca-de-150-mil-visitantes-durante-os-feriados\" \/>\n<meta property=\"og:site_name\" content=\"Ribeir\u00e3o Preto e Regi\u00e3o\" \/>\n<meta property=\"article:publisher\" content=\"https:\/\/m.facebook.com\/redenoticiaz.barretos\" \/>\n<meta property=\"article:published_time\" content=\"2022-04-14T18:51:00+00:00\" \/>\n<meta property=\"og:image\" content=\"https:\/\/redenoticiaz.com.br\/ribeiraopreto-regiao\/wp-content\/uploads\/sites\/4\/2022\/04\/estancia-turistica-de-olimpia-copy.jpg\" \/>\n\t<meta property=\"og:image:width\" content=\"860\" \/>\n\t<meta property=\"og:image:height\" content=\"484\" \/>\n\t<meta property=\"og:image:type\" content=\"image\/jpeg\" \/>\n<meta name=\"twitter:card\" content=\"summary_large_image\" \/>\n<meta name=\"twitter:creator\" content=\"@RN_barretos\" \/>\n<meta name=\"twitter:site\" content=\"@RN_barretos\" \/>\n<meta name=\"twitter:label1\" content=\"Escrito por\" \/>\n\t<meta name=\"twitter:data1\" content=\"\" \/>\n\t<meta name=\"twitter:label2\" content=\"Est. tempo de leitura\" \/>\n\t<meta name=\"twitter:data2\" content=\"2 minutos\" \/>\n<script type=\"application\/ld+json\" class=\"yoast-schema-graph\">{\"@context\":\"https:\\\/\\\/schema.org\",\"@graph\":[{\"@type\":\"Article\",\"@id\":\"https:\\\/\\\/redenoticiaz.com.br\\\/ribeiraopreto-regiao\\\/sp\\\/2022\\\/04\\\/14\\\/olimpia-estima-receber-cerca-de-150-mil-visitantes-durante-os-feriados#article\",\"isPartOf\":{\"@id\":\"https:\\\/\\\/redenoticiaz.com.br\\\/ribeiraopreto-regiao\\\/sp\\\/2022\\\/04\\\/14\\\/olimpia-estima-receber-cerca-de-150-mil-visitantes-durante-os-feriados\"},\"author\":{\"name\":\"\",\"@id\":\"\"},\"headline\":\"Ol\u00edmpia estima receber cerca de 150 mil visitantes durante os feriados\",\"datePublished\":\"2022-04-14T18:51:00+00:00\",\"mainEntityOfPage\":{\"@id\":\"https:\\\/\\\/redenoticiaz.com.br\\\/ribeiraopreto-regiao\\\/sp\\\/2022\\\/04\\\/14\\\/olimpia-estima-receber-cerca-de-150-mil-visitantes-durante-os-feriados\"},\"wordCount\":453,\"commentCount\":0,\"publisher\":{\"@id\":\"https:\\\/\\\/redenoticiaz.com.br\\\/ribeiraopreto-regiao\\\/#organization\"},\"image\":{\"@id\":\"https:\\\/\\\/redenoticiaz.com.br\\\/ribeiraopreto-regiao\\\/sp\\\/2022\\\/04\\\/14\\\/olimpia-estima-receber-cerca-de-150-mil-visitantes-durante-os-feriados#primaryimage\"},\"thumbnailUrl\":\"https:\\\/\\\/redenoticiaz.com.br\\\/ribeiraopreto-regiao\\\/wp-content\\\/uploads\\\/sites\\\/4\\\/2022\\\/04\\\/estancia-turistica-de-olimpia-copy.jpg\",\"articleSection\":[\"Cidades\"],\"inLanguage\":\"pt-BR\",\"potentialAction\":[{\"@type\":\"CommentAction\",\"name\":\"Comment\",\"target\":[\"https:\\\/\\\/redenoticiaz.com.br\\\/ribeiraopreto-regiao\\\/sp\\\/2022\\\/04\\\/14\\\/olimpia-estima-receber-cerca-de-150-mil-visitantes-durante-os-feriados#respond\"]}]},{\"@type\":\"WebPage\",\"@id\":\"https:\\\/\\\/redenoticiaz.com.br\\\/ribeiraopreto-regiao\\\/sp\\\/2022\\\/04\\\/14\\\/olimpia-estima-receber-cerca-de-150-mil-visitantes-durante-os-feriados\",\"url\":\"https:\\\/\\\/redenoticiaz.com.br\\\/ribeiraopreto-regiao\\\/sp\\\/2022\\\/04\\\/14\\\/olimpia-estima-receber-cerca-de-150-mil-visitantes-durante-os-feriados\",\"name\":\"Ol\u00edmpia estima receber cerca de 150 mil visitantes durante os feriados - Ribeir\u00e3o Preto e Regi\u00e3o\",\"isPartOf\":{\"@id\":\"https:\\\/\\\/redenoticiaz.com.br\\\/ribeiraopreto-regiao\\\/#website\"},\"primaryImageOfPage\":{\"@id\":\"https:\\\/\\\/redenoticiaz.com.br\\\/ribeiraopreto-regiao\\\/sp\\\/2022\\\/04\\\/14\\\/olimpia-estima-receber-cerca-de-150-mil-visitantes-durante-os-feriados#primaryimage\"},\"image\":{\"@id\":\"https:\\\/\\\/redenoticiaz.com.br\\\/ribeiraopreto-regiao\\\/sp\\\/2022\\\/04\\\/14\\\/olimpia-estima-receber-cerca-de-150-mil-visitantes-durante-os-feriados#primaryimage\"},\"thumbnailUrl\":\"https:\\\/\\\/redenoticiaz.com.br\\\/ribeiraopreto-regiao\\\/wp-content\\\/uploads\\\/sites\\\/4\\\/2022\\\/04\\\/estancia-turistica-de-olimpia-copy.jpg\",\"datePublished\":\"2022-04-14T18:51:00+00:00\",\"description\":\"O Turismo \u00e9 o setor que movimenta a economia de Ol\u00edmpia, nesse sentido, o munic\u00edpio deve receber cerca de 150 mil visitantes no m\u00eas de abril.\",\"inLanguage\":\"pt-BR\",\"potentialAction\":[{\"@type\":\"ReadAction\",\"target\":[\"https:\\\/\\\/redenoticiaz.com.br\\\/ribeiraopreto-regiao\\\/sp\\\/2022\\\/04\\\/14\\\/olimpia-estima-receber-cerca-de-150-mil-visitantes-durante-os-feriados\"]}]},{\"@type\":\"ImageObject\",\"inLanguage\":\"pt-BR\",\"@id\":\"https:\\\/\\\/redenoticiaz.com.br\\\/ribeiraopreto-regiao\\\/sp\\\/2022\\\/04\\\/14\\\/olimpia-estima-receber-cerca-de-150-mil-visitantes-durante-os-feriados#primaryimage\",\"url\":\"https:\\\/\\\/redenoticiaz.com.br\\\/ribeiraopreto-regiao\\\/wp-content\\\/uploads\\\/sites\\\/4\\\/2022\\\/04\\\/estancia-turistica-de-olimpia-copy.jpg\",\"contentUrl\":\"https:\\\/\\\/redenoticiaz.com.br\\\/ribeiraopreto-regiao\\\/wp-content\\\/uploads\\\/sites\\\/4\\\/2022\\\/04\\\/estancia-turistica-de-olimpia-copy.jpg\",\"width\":860,\"height\":484,\"caption\":\"Ol\u00edmpia. Cr\u00e9dito: Reprodu\u00e7\u00e3o\"},{\"@type\":\"WebSite\",\"@id\":\"https:\\\/\\\/redenoticiaz.com.br\\\/ribeiraopreto-regiao\\\/#website\",\"url\":\"https:\\\/\\\/redenoticiaz.com.br\\\/ribeiraopreto-regiao\\\/\",\"name\":\"Ribeir\u00e3o Preto e Regi\u00e3o\",\"description\":\"Rede NoticiaZ - Ribeir\u00e3o Preto e regi\u00e3o\",\"publisher\":{\"@id\":\"https:\\\/\\\/redenoticiaz.com.br\\\/ribeiraopreto-regiao\\\/#organization\"},\"potentialAction\":[{\"@type\":\"SearchAction\",\"target\":{\"@type\":\"EntryPoint\",\"urlTemplate\":\"https:\\\/\\\/redenoticiaz.com.br\\\/ribeiraopreto-regiao\\\/?s={search_term_string}\"},\"query-input\":{\"@type\":\"PropertyValueSpecification\",\"valueRequired\":true,\"valueName\":\"search_term_string\"}}],\"inLanguage\":\"pt-BR\"},{\"@type\":\"Organization\",\"@id\":\"https:\\\/\\\/redenoticiaz.com.br\\\/ribeiraopreto-regiao\\\/#organization\",\"name\":\"Ribeir\u00e3o Preto e Regi\u00e3o\",\"url\":\"https:\\\/\\\/redenoticiaz.com.br\\\/ribeiraopreto-regiao\\\/\",\"logo\":{\"@type\":\"ImageObject\",\"inLanguage\":\"pt-BR\",\"@id\":\"https:\\\/\\\/redenoticiaz.com.br\\\/ribeiraopreto-regiao\\\/#\\\/schema\\\/logo\\\/image\\\/\",\"url\":\"https:\\\/\\\/redenoticiaz.com.br\\\/barretos-regiao\\\/wp-content\\\/uploads\\\/sites\\\/4\\\/2022\\\/02\\\/logo.jpg\",\"contentUrl\":\"https:\\\/\\\/redenoticiaz.com.br\\\/barretos-regiao\\\/wp-content\\\/uploads\\\/sites\\\/4\\\/2022\\\/02\\\/logo.jpg\",\"width\":400,\"height\":250,\"caption\":\"Ribeir\u00e3o Preto e Regi\u00e3o\"},\"image\":{\"@id\":\"https:\\\/\\\/redenoticiaz.com.br\\\/ribeiraopreto-regiao\\\/#\\\/schema\\\/logo\\\/image\\\/\"},\"sameAs\":[\"https:\\\/\\\/m.facebook.com\\\/redenoticiaz.barretos\",\"https:\\\/\\\/x.com\\\/RN_barretos\",\"https:\\\/\\\/www.instagram.com\\\/redenoticiaz.barretos\\\/?igshid=YmMyMTA2M2Y\",\"https:\\\/\\\/www.linkedin.com\\\/company\\\/rede-noticiaz-barretos-e-regio\\\/\"]},{\"@type\":\"Person\",\"@id\":\"\",\"url\":\"https:\\\/\\\/redenoticiaz.com.br\\\/ribeiraopreto-regiao\\\/sp\\\/author\"}]}<\/script>\n<!-- \/ Yoast SEO plugin. -->","yoast_head_json":{"title":"Ol\u00edmpia estima receber cerca de 150 mil visitantes durante os feriados - Ribeir\u00e3o Preto e Regi\u00e3o","description":"O Turismo \u00e9 o setor que movimenta a economia de Ol\u00edmpia, nesse sentido, o munic\u00edpio deve receber cerca de 150 mil visitantes no m\u00eas de abril.","robots":{"index":"index","follow":"follow","max-snippet":"max-snippet:-1","max-image-preview":"max-image-preview:large","max-video-preview":"max-video-preview:-1"},"canonical":"https:\/\/redenoticiaz.com.br\/ribeiraopreto-regiao\/sp\/2022\/04\/14\/olimpia-estima-receber-cerca-de-150-mil-visitantes-durante-os-feriados","og_locale":"pt_BR","og_type":"article","og_title":"Ol\u00edmpia estima receber cerca de 150 mil visitantes durante os feriados - Ribeir\u00e3o Preto e Regi\u00e3o","og_description":"O Turismo \u00e9 o setor que movimenta a economia de Ol\u00edmpia, nesse sentido, o munic\u00edpio deve receber cerca de 150 mil visitantes no m\u00eas de abril.","og_url":"https:\/\/redenoticiaz.com.br\/ribeiraopreto-regiao\/sp\/2022\/04\/14\/olimpia-estima-receber-cerca-de-150-mil-visitantes-durante-os-feriados","og_site_name":"Ribeir\u00e3o Preto e Regi\u00e3o","article_publisher":"https:\/\/m.facebook.com\/redenoticiaz.barretos","article_published_time":"2022-04-14T18:51:00+00:00","og_image":[{"width":860,"height":484,"url":"https:\/\/redenoticiaz.com.br\/ribeiraopreto-regiao\/wp-content\/uploads\/sites\/4\/2022\/04\/estancia-turistica-de-olimpia-copy.jpg","type":"image\/jpeg"}],"twitter_card":"summary_large_image","twitter_creator":"@RN_barretos","twitter_site":"@RN_barretos","twitter_misc":{"Escrito por":"","Est. tempo de leitura":"2 minutos"},"schema":{"@context":"https:\/\/schema.org","@graph":[{"@type":"Article","@id":"https:\/\/redenoticiaz.com.br\/ribeiraopreto-regiao\/sp\/2022\/04\/14\/olimpia-estima-receber-cerca-de-150-mil-visitantes-durante-os-feriados#article","isPartOf":{"@id":"https:\/\/redenoticiaz.com.br\/ribeiraopreto-regiao\/sp\/2022\/04\/14\/olimpia-estima-receber-cerca-de-150-mil-visitantes-durante-os-feriados"},"author":{"name":"","@id":""},"headline":"Ol\u00edmpia estima receber cerca de 150 mil visitantes durante os feriados","datePublished":"2022-04-14T18:51:00+00:00","mainEntityOfPage":{"@id":"https:\/\/redenoticiaz.com.br\/ribeiraopreto-regiao\/sp\/2022\/04\/14\/olimpia-estima-receber-cerca-de-150-mil-visitantes-durante-os-feriados"},"wordCount":453,"commentCount":0,"publisher":{"@id":"https:\/\/redenoticiaz.com.br\/ribeiraopreto-regiao\/#organization"},"image":{"@id":"https:\/\/redenoticiaz.com.br\/ribeiraopreto-regiao\/sp\/2022\/04\/14\/olimpia-estima-receber-cerca-de-150-mil-visitantes-durante-os-feriados#primaryimage"},"thumbnailUrl":"https:\/\/redenoticiaz.com.br\/ribeiraopreto-regiao\/wp-content\/uploads\/sites\/4\/2022\/04\/estancia-turistica-de-olimpia-copy.jpg","articleSection":["Cidades"],"inLanguage":"pt-BR","potentialAction":[{"@type":"CommentAction","name":"Comment","target":["https:\/\/redenoticiaz.com.br\/ribeiraopreto-regiao\/sp\/2022\/04\/14\/olimpia-estima-receber-cerca-de-150-mil-visitantes-durante-os-feriados#respond"]}]},{"@type":"WebPage","@id":"https:\/\/redenoticiaz.com.br\/ribeiraopreto-regiao\/sp\/2022\/04\/14\/olimpia-estima-receber-cerca-de-150-mil-visitantes-durante-os-feriados","url":"https:\/\/redenoticiaz.com.br\/ribeiraopreto-regiao\/sp\/2022\/04\/14\/olimpia-estima-receber-cerca-de-150-mil-visitantes-durante-os-feriados","name":"Ol\u00edmpia estima receber cerca de 150 mil visitantes durante os feriados - Ribeir\u00e3o Preto e Regi\u00e3o","isPartOf":{"@id":"https:\/\/redenoticiaz.com.br\/ribeiraopreto-regiao\/#website"},"primaryImageOfPage":{"@id":"https:\/\/redenoticiaz.com.br\/ribeiraopreto-regiao\/sp\/2022\/04\/14\/olimpia-estima-receber-cerca-de-150-mil-visitantes-durante-os-feriados#primaryimage"},"image":{"@id":"https:\/\/redenoticiaz.com.br\/ribeiraopreto-regiao\/sp\/2022\/04\/14\/olimpia-estima-receber-cerca-de-150-mil-visitantes-durante-os-feriados#primaryimage"},"thumbnailUrl":"https:\/\/redenoticiaz.com.br\/ribeiraopreto-regiao\/wp-content\/uploads\/sites\/4\/2022\/04\/estancia-turistica-de-olimpia-copy.jpg","datePublished":"2022-04-14T18:51:00+00:00","description":"O Turismo \u00e9 o setor que movimenta a economia de Ol\u00edmpia, nesse sentido, o munic\u00edpio deve receber cerca de 150 mil visitantes no m\u00eas de abril.","inLanguage":"pt-BR","potentialAction":[{"@type":"ReadAction","target":["https:\/\/redenoticiaz.com.br\/ribeiraopreto-regiao\/sp\/2022\/04\/14\/olimpia-estima-receber-cerca-de-150-mil-visitantes-durante-os-feriados"]}]},{"@type":"ImageObject","inLanguage":"pt-BR","@id":"https:\/\/redenoticiaz.com.br\/ribeiraopreto-regiao\/sp\/2022\/04\/14\/olimpia-estima-receber-cerca-de-150-mil-visitantes-durante-os-feriados#primaryimage","url":"https:\/\/redenoticiaz.com.br\/ribeiraopreto-regiao\/wp-content\/uploads\/sites\/4\/2022\/04\/estancia-turistica-de-olimpia-copy.jpg","contentUrl":"https:\/\/redenoticiaz.com.br\/ribeiraopreto-regiao\/wp-content\/uploads\/sites\/4\/2022\/04\/estancia-turistica-de-olimpia-copy.jpg","width":860,"height":484,"caption":"Ol\u00edmpia. Cr\u00e9dito: Reprodu\u00e7\u00e3o"},{"@type":"WebSite","@id":"https:\/\/redenoticiaz.com.br\/ribeiraopreto-regiao\/#website","url":"https:\/\/redenoticiaz.com.br\/ribeiraopreto-regiao\/","name":"Ribeir\u00e3o Preto e Regi\u00e3o","description":"Rede NoticiaZ - Ribeir\u00e3o Preto e regi\u00e3o","publisher":{"@id":"https:\/\/redenoticiaz.com.br\/ribeiraopreto-regiao\/#organization"},"potentialAction":[{"@type":"SearchAction","target":{"@type":"EntryPoint","urlTemplate":"https:\/\/redenoticiaz.com.br\/ribeiraopreto-regiao\/?s={search_term_string}"},"query-input":{"@type":"PropertyValueSpecification","valueRequired":true,"valueName":"search_term_string"}}],"inLanguage":"pt-BR"},{"@type":"Organization","@id":"https:\/\/redenoticiaz.com.br\/ribeiraopreto-regiao\/#organization","name":"Ribeir\u00e3o Preto e Regi\u00e3o","url":"https:\/\/redenoticiaz.com.br\/ribeiraopreto-regiao\/","logo":{"@type":"ImageObject","inLanguage":"pt-BR","@id":"https:\/\/redenoticiaz.com.br\/ribeiraopreto-regiao\/#\/schema\/logo\/image\/","url":"https:\/\/redenoticiaz.com.br\/barretos-regiao\/wp-content\/uploads\/sites\/4\/2022\/02\/logo.jpg","contentUrl":"https:\/\/redenoticiaz.com.br\/barretos-regiao\/wp-content\/uploads\/sites\/4\/2022\/02\/logo.jpg","width":400,"height":250,"caption":"Ribeir\u00e3o Preto e Regi\u00e3o"},"image":{"@id":"https:\/\/redenoticiaz.com.br\/ribeiraopreto-regiao\/#\/schema\/logo\/image\/"},"sameAs":["https:\/\/m.facebook.com\/redenoticiaz.barretos","https:\/\/x.com\/RN_barretos","https:\/\/www.instagram.com\/redenoticiaz.barretos\/?igshid=YmMyMTA2M2Y","https:\/\/www.linkedin.com\/company\/rede-noticiaz-barretos-e-regio\/"]},{"@type":"Person","@id":"","url":"https:\/\/redenoticiaz.com.br\/ribeiraopreto-regiao\/sp\/author"}]}},"_links":{"self":[{"href":"https:\/\/redenoticiaz.com.br\/ribeiraopreto-regiao\/wp-json\/wp\/v2\/posts\/2532","targetHints":{"allow":["GET"]}}],"collection":[{"href":"https:\/\/redenoticiaz.com.br\/ribeiraopreto-regiao\/wp-json\/wp\/v2\/posts"}],"about":[{"href":"https:\/\/redenoticiaz.com.br\/ribeiraopreto-regiao\/wp-json\/wp\/v2\/types\/post"}],"author":[{"embeddable":true,"href":"https:\/\/redenoticiaz.com.br\/ribeiraopreto-regiao\/wp-json\/wp\/v2\/users\/15"}],"replies":[{"embeddable":true,"href":"https:\/\/redenoticiaz.com.br\/ribeiraopreto-regiao\/wp-json\/wp\/v2\/comments?post=2532"}],"version-history":[{"count":1,"href":"https:\/\/redenoticiaz.com.br\/ribeiraopreto-regiao\/wp-json\/wp\/v2\/posts\/2532\/revisions"}],"predecessor-version":[{"id":2534,"href":"https:\/\/redenoticiaz.com.br\/ribeiraopreto-regiao\/wp-json\/wp\/v2\/posts\/2532\/revisions\/2534"}],"wp:featuredmedia":[{"embeddable":true,"href":"https:\/\/redenoticiaz.com.br\/ribeiraopreto-regiao\/wp-json\/wp\/v2\/media\/2533"}],"wp:attachment":[{"href":"https:\/\/redenoticiaz.com.br\/ribeiraopreto-regiao\/wp-json\/wp\/v2\/media?parent=2532"}],"wp:term":[{"taxonomy":"category","embeddable":true,"href":"https:\/\/redenoticiaz.com.br\/ribeiraopreto-regiao\/wp-json\/wp\/v2\/categories?post=2532"},{"taxonomy":"post_tag","embeddable":true,"href":"https:\/\/redenoticiaz.com.br\/ribeiraopreto-regiao\/wp-json\/wp\/v2\/tags?post=2532"}],"curies":[{"name":"wp","href":"https:\/\/api.w.org\/{rel}","templated":true}]}}