{"id":2548,"date":"2022-04-14T18:46:35","date_gmt":"2022-04-14T21:46:35","guid":{"rendered":"https:\/\/redenoticiaz.com.br\/barretos-regiao\/sp\/2022\/04\/14\/bolsonaro-participa-de-motociata-pelo-sistema-anhanguera-bandeirantes"},"modified":"2022-04-14T18:46:35","modified_gmt":"2022-04-14T21:46:35","slug":"bolsonaro-participa-de-motociata-pelo-sistema-anhanguera-bandeirantes","status":"publish","type":"post","link":"https:\/\/redenoticiaz.com.br\/ribeiraopreto-regiao\/sp\/2022\/04\/14\/bolsonaro-participa-de-motociata-pelo-sistema-anhanguera-bandeirantes","title":{"rendered":"Bolsonaro participa de &#8216;motociata&#8217; pelo Sistema Anhanguera-Bandeirantes"},"content":{"rendered":"<p>Nesta Sexta-Feira da Paix\u00e3o (15) o Sistema Anhanguera-Bandeirantes ter\u00e1 uma opera\u00e7\u00e3o especial a partir das 10h. Tudo por conta da <strong>motociata &#8220;Acelera para Cristo&#8221;<\/strong>, onde o presidente Jair Bolsonaro (PL) ir\u00e1 participar saindo do Samb\u00f3dromo do Anhembi e seguir\u00e1 at\u00e9 Americana, passando por Jundia\u00ed e as outras cidades da regi\u00e3o.<\/p>\n<p>Segundo a <a href=\"https:\/\/www.autoban.com.br\/\">AutoBAn<\/a>, concession\u00e1ria respons\u00e1vel pelo Sistema Anhanguera-Bandeirantes, a interdi\u00e7\u00e3o come\u00e7a no quil\u00f4metro 13 da Bandeirantes, pr\u00f3ximo da Marginal Tiet\u00ea e segue at\u00e9 o quil\u00f4metro 134, j\u00e1 na cidade de Americana. A libera\u00e7\u00e3o deve acontecer \u00e0s 15h.<\/p>\n<p>Pelas redes sociais, o presidente Bolsonaro confirmou a participa\u00e7\u00e3o na motociata, junto com o ex-ministro da Infraestrutura Tarc\u00edsio de Freitas (Republicanos). Ele \u00e9 pr\u00e9-candidato ao Governo de S\u00e3o Paulo. Por causa da motociata, a orienta\u00e7\u00e3o \u00e9 que os motoristas utilizem apenas a Via Anhanguera.<\/p>\n<h3>Opera\u00e7\u00e3o especial<\/h3>\n<p>O secret\u00e1rio Jo\u00e3o Octaviano Machado Neto (Log\u00edstica e Transportes) afirma que a pasta est\u00e1 em contato com a concession\u00e1ria CCR AutoBAn. A ideia \u00e9 avaliar medidas a serem tomadas durante o ato, como bloqueio total ou parcial das estradas. Dessa forma vai emitir boletins com rotas alternativas em caso de tr\u00e1fego intenso.<\/p>\n<p>Ele alerta que haver\u00e1 congestionamento na marginal Tiet\u00ea no fim da manh\u00e3 por conta da concentra\u00e7\u00e3o de ve\u00edculos participando da motociata e que isso deve ocorrer tamb\u00e9m pelo percurso.<\/p>\n<p>Ainda de acordo com o secret\u00e1rio, policiais militares acompanhar\u00e3o todo o percurso. O trajeto preliminar sugerido pela organiza\u00e7\u00e3o do evento \u00e9 que o grupo saia do samb\u00f3dromo em dire\u00e7\u00e3o \u00e0 Bandeirantes e, depois, siga pela Anhanguera at\u00e9 Americana, onde o evento se encerra com shows em um parque.<\/p>\n<p>O destino inicial da motociata era o Parque Ecol\u00f3gico de Campinas. Mas, segundo Vilar, o local n\u00e3o teria capacidade para atender ao evento. Isto for\u00e7ou \u00e0 mudan\u00e7a de munic\u00edpio.<\/p>\n<p><strong>LEIA TAMB\u00c9M<\/strong><\/p>\n<p><a href=\"https:\/\/redenoticiaz.com.br\/blog\/2022\/04\/14\/feriado-750-mil-veiculos-devem-passar-pelo-sistema-anhanguera-bandeirantes\">Feriado: 750 mil ve\u00edculos devem passar pelo sistema Anhanguera-Bandeirantes<\/a><\/p>\n","protected":false},"excerpt":{"rendered":"<p>Nesta Sexta-Feira da Paix\u00e3o (15) o Sistema Anhanguera-Bandeirantes ter\u00e1 uma opera\u00e7\u00e3o especial a partir das 10h. Tudo por conta da motociata &#8220;Acelera para Cristo&#8221;, onde o presidente Jair Bolsonaro (PL) ir\u00e1 participar saindo do Samb\u00f3dromo do Anhembi e seguir\u00e1 at\u00e9 Americana, passando por Jundia\u00ed e as outras cidades da regi\u00e3o. Segundo a AutoBAn, concession\u00e1ria respons\u00e1vel &hellip;<\/p>\n","protected":false},"author":6,"featured_media":2549,"comment_status":"open","ping_status":"closed","sticky":false,"template":"","format":"standard","meta":{"footnotes":""},"categories":[186,143],"tags":[10501,365,10502,2925,10503,10504],"class_list":["post-2548","post","type-post","status-publish","format-standard","has-post-thumbnail","hentry","category-politica","category-transito","tag-acelera-para-cristo","tag-jair-bolsonaro","tag-motociata","tag-rodovia-dos-bandeirantes","tag-sexta-feira-da-paixao","tag-sistema-anhanguera-bandeirantes"],"yoast_head":"<!-- This site is optimized with the Yoast SEO plugin v27.4 - https:\/\/yoast.com\/product\/yoast-seo-wordpress\/ -->\n<title>Bolsonaro participa de &#039;motociata&#039; pelo Sistema Anhanguera-Bandeirantes - Ribeir\u00e3o Preto e Regi\u00e3o<\/title>\n<meta name=\"description\" content=\"(15) o Sistema Anhanguera-Bandeirantes ter\u00e1 uma opera\u00e7\u00e3o especial a partir das 10h. Tudo por conta da motociata &quot;Acelera para Cristo&quot;,\" \/>\n<meta name=\"robots\" content=\"index, follow, max-snippet:-1, max-image-preview:large, max-video-preview:-1\" \/>\n<link rel=\"canonical\" href=\"https:\/\/redenoticiaz.com.br\/ribeiraopreto-regiao\/sp\/2022\/04\/14\/bolsonaro-participa-de-motociata-pelo-sistema-anhanguera-bandeirantes\" \/>\n<meta property=\"og:locale\" content=\"pt_BR\" \/>\n<meta property=\"og:type\" content=\"article\" \/>\n<meta property=\"og:title\" content=\"Bolsonaro participa de &#039;motociata&#039; pelo Sistema Anhanguera-Bandeirantes - Ribeir\u00e3o Preto e Regi\u00e3o\" \/>\n<meta property=\"og:description\" content=\"(15) o Sistema Anhanguera-Bandeirantes ter\u00e1 uma opera\u00e7\u00e3o especial a partir das 10h. Tudo por conta da motociata &quot;Acelera para Cristo&quot;,\" \/>\n<meta property=\"og:url\" content=\"https:\/\/redenoticiaz.com.br\/ribeiraopreto-regiao\/sp\/2022\/04\/14\/bolsonaro-participa-de-motociata-pelo-sistema-anhanguera-bandeirantes\" \/>\n<meta property=\"og:site_name\" content=\"Ribeir\u00e3o Preto e Regi\u00e3o\" \/>\n<meta property=\"article:publisher\" content=\"https:\/\/m.facebook.com\/redenoticiaz.barretos\" \/>\n<meta property=\"article:published_time\" content=\"2022-04-14T21:46:35+00:00\" \/>\n<meta property=\"og:image\" content=\"https:\/\/redenoticiaz.com.br\/ribeiraopreto-regiao\/wp-content\/uploads\/sites\/4\/2022\/02\/logo.jpg\" \/>\n\t<meta property=\"og:image:width\" content=\"400\" \/>\n\t<meta property=\"og:image:height\" content=\"250\" \/>\n\t<meta property=\"og:image:type\" content=\"image\/jpeg\" \/>\n<meta name=\"author\" content=\"Leonardo Francisco\" \/>\n<meta name=\"twitter:card\" content=\"summary_large_image\" \/>\n<meta name=\"twitter:creator\" content=\"@RN_barretos\" \/>\n<meta name=\"twitter:site\" content=\"@RN_barretos\" \/>\n<meta name=\"twitter:label1\" content=\"Escrito por\" \/>\n\t<meta name=\"twitter:data1\" content=\"Leonardo Francisco\" \/>\n\t<meta name=\"twitter:label2\" content=\"Est. tempo de leitura\" \/>\n\t<meta name=\"twitter:data2\" content=\"2 minutos\" \/>\n<script type=\"application\/ld+json\" class=\"yoast-schema-graph\">{\"@context\":\"https:\\\/\\\/schema.org\",\"@graph\":[{\"@type\":\"Article\",\"@id\":\"https:\\\/\\\/redenoticiaz.com.br\\\/ribeiraopreto-regiao\\\/sp\\\/2022\\\/04\\\/14\\\/bolsonaro-participa-de-motociata-pelo-sistema-anhanguera-bandeirantes#article\",\"isPartOf\":{\"@id\":\"https:\\\/\\\/redenoticiaz.com.br\\\/ribeiraopreto-regiao\\\/sp\\\/2022\\\/04\\\/14\\\/bolsonaro-participa-de-motociata-pelo-sistema-anhanguera-bandeirantes\"},\"author\":{\"name\":\"Leonardo Francisco\",\"@id\":\"https:\\\/\\\/redenoticiaz.com.br\\\/ribeiraopreto-regiao\\\/#\\\/schema\\\/person\\\/0f0b8a5bdafefe82841e07ae8d81ecb3\"},\"headline\":\"Bolsonaro participa de &#8216;motociata&#8217; pelo Sistema Anhanguera-Bandeirantes\",\"datePublished\":\"2022-04-14T21:46:35+00:00\",\"mainEntityOfPage\":{\"@id\":\"https:\\\/\\\/redenoticiaz.com.br\\\/ribeiraopreto-regiao\\\/sp\\\/2022\\\/04\\\/14\\\/bolsonaro-participa-de-motociata-pelo-sistema-anhanguera-bandeirantes\"},\"wordCount\":337,\"commentCount\":0,\"publisher\":{\"@id\":\"https:\\\/\\\/redenoticiaz.com.br\\\/ribeiraopreto-regiao\\\/#organization\"},\"image\":{\"@id\":\"https:\\\/\\\/redenoticiaz.com.br\\\/ribeiraopreto-regiao\\\/sp\\\/2022\\\/04\\\/14\\\/bolsonaro-participa-de-motociata-pelo-sistema-anhanguera-bandeirantes#primaryimage\"},\"thumbnailUrl\":\"https:\\\/\\\/redenoticiaz.com.br\\\/ribeiraopreto-regiao\\\/wp-content\\\/uploads\\\/sites\\\/4\\\/2022\\\/04\\\/motociata-1280x720-1.jpg?v=1649972717\",\"keywords\":[\"ACELERA PARA CRISTO\",\"Jair Bolsonaro\",\"MOTOCIATA\",\"rodovia dos bandeirantes\",\"SEXTA-FEIRA DA PAIX\u00c3O\",\"SISTEMA ANHANGUERA BANDEIRANTES\"],\"articleSection\":[\"Pol\u00edtica\",\"Tr\u00e2nsito\"],\"inLanguage\":\"pt-BR\",\"potentialAction\":[{\"@type\":\"CommentAction\",\"name\":\"Comment\",\"target\":[\"https:\\\/\\\/redenoticiaz.com.br\\\/ribeiraopreto-regiao\\\/sp\\\/2022\\\/04\\\/14\\\/bolsonaro-participa-de-motociata-pelo-sistema-anhanguera-bandeirantes#respond\"]}]},{\"@type\":\"WebPage\",\"@id\":\"https:\\\/\\\/redenoticiaz.com.br\\\/ribeiraopreto-regiao\\\/sp\\\/2022\\\/04\\\/14\\\/bolsonaro-participa-de-motociata-pelo-sistema-anhanguera-bandeirantes\",\"url\":\"https:\\\/\\\/redenoticiaz.com.br\\\/ribeiraopreto-regiao\\\/sp\\\/2022\\\/04\\\/14\\\/bolsonaro-participa-de-motociata-pelo-sistema-anhanguera-bandeirantes\",\"name\":\"Bolsonaro participa de 'motociata' pelo Sistema Anhanguera-Bandeirantes - Ribeir\u00e3o Preto e Regi\u00e3o\",\"isPartOf\":{\"@id\":\"https:\\\/\\\/redenoticiaz.com.br\\\/ribeiraopreto-regiao\\\/#website\"},\"primaryImageOfPage\":{\"@id\":\"https:\\\/\\\/redenoticiaz.com.br\\\/ribeiraopreto-regiao\\\/sp\\\/2022\\\/04\\\/14\\\/bolsonaro-participa-de-motociata-pelo-sistema-anhanguera-bandeirantes#primaryimage\"},\"image\":{\"@id\":\"https:\\\/\\\/redenoticiaz.com.br\\\/ribeiraopreto-regiao\\\/sp\\\/2022\\\/04\\\/14\\\/bolsonaro-participa-de-motociata-pelo-sistema-anhanguera-bandeirantes#primaryimage\"},\"thumbnailUrl\":\"https:\\\/\\\/redenoticiaz.com.br\\\/ribeiraopreto-regiao\\\/wp-content\\\/uploads\\\/sites\\\/4\\\/2022\\\/04\\\/motociata-1280x720-1.jpg?v=1649972717\",\"datePublished\":\"2022-04-14T21:46:35+00:00\",\"description\":\"(15) o Sistema Anhanguera-Bandeirantes ter\u00e1 uma opera\u00e7\u00e3o especial a partir das 10h. Tudo por conta da motociata \\\"Acelera para Cristo\\\",\",\"inLanguage\":\"pt-BR\",\"potentialAction\":[{\"@type\":\"ReadAction\",\"target\":[\"https:\\\/\\\/redenoticiaz.com.br\\\/ribeiraopreto-regiao\\\/sp\\\/2022\\\/04\\\/14\\\/bolsonaro-participa-de-motociata-pelo-sistema-anhanguera-bandeirantes\"]}]},{\"@type\":\"ImageObject\",\"inLanguage\":\"pt-BR\",\"@id\":\"https:\\\/\\\/redenoticiaz.com.br\\\/ribeiraopreto-regiao\\\/sp\\\/2022\\\/04\\\/14\\\/bolsonaro-participa-de-motociata-pelo-sistema-anhanguera-bandeirantes#primaryimage\",\"url\":\"https:\\\/\\\/redenoticiaz.com.br\\\/ribeiraopreto-regiao\\\/wp-content\\\/uploads\\\/sites\\\/4\\\/2022\\\/04\\\/motociata-1280x720-1.jpg?v=1649972717\",\"contentUrl\":\"https:\\\/\\\/redenoticiaz.com.br\\\/ribeiraopreto-regiao\\\/wp-content\\\/uploads\\\/sites\\\/4\\\/2022\\\/04\\\/motociata-1280x720-1.jpg?v=1649972717\",\"width\":1280,\"height\":720,\"caption\":\"Evento ir\u00e1 interditar o tr\u00e2nsito da Bandeirantes. A alternativa deve ser a Anhanguera. Cr\u00e9ditos: Reprodu\u00e7\u00e3o\"},{\"@type\":\"WebSite\",\"@id\":\"https:\\\/\\\/redenoticiaz.com.br\\\/ribeiraopreto-regiao\\\/#website\",\"url\":\"https:\\\/\\\/redenoticiaz.com.br\\\/ribeiraopreto-regiao\\\/\",\"name\":\"Ribeir\u00e3o Preto e Regi\u00e3o\",\"description\":\"Rede NoticiaZ - Ribeir\u00e3o Preto e regi\u00e3o\",\"publisher\":{\"@id\":\"https:\\\/\\\/redenoticiaz.com.br\\\/ribeiraopreto-regiao\\\/#organization\"},\"potentialAction\":[{\"@type\":\"SearchAction\",\"target\":{\"@type\":\"EntryPoint\",\"urlTemplate\":\"https:\\\/\\\/redenoticiaz.com.br\\\/ribeiraopreto-regiao\\\/?s={search_term_string}\"},\"query-input\":{\"@type\":\"PropertyValueSpecification\",\"valueRequired\":true,\"valueName\":\"search_term_string\"}}],\"inLanguage\":\"pt-BR\"},{\"@type\":\"Organization\",\"@id\":\"https:\\\/\\\/redenoticiaz.com.br\\\/ribeiraopreto-regiao\\\/#organization\",\"name\":\"Ribeir\u00e3o Preto e Regi\u00e3o\",\"url\":\"https:\\\/\\\/redenoticiaz.com.br\\\/ribeiraopreto-regiao\\\/\",\"logo\":{\"@type\":\"ImageObject\",\"inLanguage\":\"pt-BR\",\"@id\":\"https:\\\/\\\/redenoticiaz.com.br\\\/ribeiraopreto-regiao\\\/#\\\/schema\\\/logo\\\/image\\\/\",\"url\":\"https:\\\/\\\/redenoticiaz.com.br\\\/barretos-regiao\\\/wp-content\\\/uploads\\\/sites\\\/4\\\/2022\\\/02\\\/logo.jpg\",\"contentUrl\":\"https:\\\/\\\/redenoticiaz.com.br\\\/barretos-regiao\\\/wp-content\\\/uploads\\\/sites\\\/4\\\/2022\\\/02\\\/logo.jpg\",\"width\":400,\"height\":250,\"caption\":\"Ribeir\u00e3o Preto e Regi\u00e3o\"},\"image\":{\"@id\":\"https:\\\/\\\/redenoticiaz.com.br\\\/ribeiraopreto-regiao\\\/#\\\/schema\\\/logo\\\/image\\\/\"},\"sameAs\":[\"https:\\\/\\\/m.facebook.com\\\/redenoticiaz.barretos\",\"https:\\\/\\\/x.com\\\/RN_barretos\",\"https:\\\/\\\/www.instagram.com\\\/redenoticiaz.barretos\\\/?igshid=YmMyMTA2M2Y\",\"https:\\\/\\\/www.linkedin.com\\\/company\\\/rede-noticiaz-barretos-e-regio\\\/\"]},{\"@type\":\"Person\",\"@id\":\"https:\\\/\\\/redenoticiaz.com.br\\\/ribeiraopreto-regiao\\\/#\\\/schema\\\/person\\\/0f0b8a5bdafefe82841e07ae8d81ecb3\",\"name\":\"Leonardo Francisco\",\"image\":{\"@type\":\"ImageObject\",\"inLanguage\":\"pt-BR\",\"@id\":\"https:\\\/\\\/secure.gravatar.com\\\/avatar\\\/a7358cb406a99b682ec6df1e77e31ae82e63601f6784e8a3df411d72b37864da?s=96&d=mm&r=g\",\"url\":\"https:\\\/\\\/secure.gravatar.com\\\/avatar\\\/a7358cb406a99b682ec6df1e77e31ae82e63601f6784e8a3df411d72b37864da?s=96&d=mm&r=g\",\"contentUrl\":\"https:\\\/\\\/secure.gravatar.com\\\/avatar\\\/a7358cb406a99b682ec6df1e77e31ae82e63601f6784e8a3df411d72b37864da?s=96&d=mm&r=g\",\"caption\":\"Leonardo Francisco\"},\"url\":\"https:\\\/\\\/redenoticiaz.com.br\\\/ribeiraopreto-regiao\\\/sp\\\/author\\\/leonardo-francisco\"}]}<\/script>\n<!-- \/ Yoast SEO plugin. -->","yoast_head_json":{"title":"Bolsonaro participa de 'motociata' pelo Sistema Anhanguera-Bandeirantes - Ribeir\u00e3o Preto e Regi\u00e3o","description":"(15) o Sistema Anhanguera-Bandeirantes ter\u00e1 uma opera\u00e7\u00e3o especial a partir das 10h. Tudo por conta da motociata \"Acelera para Cristo\",","robots":{"index":"index","follow":"follow","max-snippet":"max-snippet:-1","max-image-preview":"max-image-preview:large","max-video-preview":"max-video-preview:-1"},"canonical":"https:\/\/redenoticiaz.com.br\/ribeiraopreto-regiao\/sp\/2022\/04\/14\/bolsonaro-participa-de-motociata-pelo-sistema-anhanguera-bandeirantes","og_locale":"pt_BR","og_type":"article","og_title":"Bolsonaro participa de 'motociata' pelo Sistema Anhanguera-Bandeirantes - Ribeir\u00e3o Preto e Regi\u00e3o","og_description":"(15) o Sistema Anhanguera-Bandeirantes ter\u00e1 uma opera\u00e7\u00e3o especial a partir das 10h. Tudo por conta da motociata \"Acelera para Cristo\",","og_url":"https:\/\/redenoticiaz.com.br\/ribeiraopreto-regiao\/sp\/2022\/04\/14\/bolsonaro-participa-de-motociata-pelo-sistema-anhanguera-bandeirantes","og_site_name":"Ribeir\u00e3o Preto e Regi\u00e3o","article_publisher":"https:\/\/m.facebook.com\/redenoticiaz.barretos","article_published_time":"2022-04-14T21:46:35+00:00","og_image":[{"width":400,"height":250,"url":"https:\/\/redenoticiaz.com.br\/ribeiraopreto-regiao\/wp-content\/uploads\/sites\/4\/2022\/02\/logo.jpg","type":"image\/jpeg"}],"author":"Leonardo Francisco","twitter_card":"summary_large_image","twitter_creator":"@RN_barretos","twitter_site":"@RN_barretos","twitter_misc":{"Escrito por":"Leonardo Francisco","Est. tempo de leitura":"2 minutos"},"schema":{"@context":"https:\/\/schema.org","@graph":[{"@type":"Article","@id":"https:\/\/redenoticiaz.com.br\/ribeiraopreto-regiao\/sp\/2022\/04\/14\/bolsonaro-participa-de-motociata-pelo-sistema-anhanguera-bandeirantes#article","isPartOf":{"@id":"https:\/\/redenoticiaz.com.br\/ribeiraopreto-regiao\/sp\/2022\/04\/14\/bolsonaro-participa-de-motociata-pelo-sistema-anhanguera-bandeirantes"},"author":{"name":"Leonardo Francisco","@id":"https:\/\/redenoticiaz.com.br\/ribeiraopreto-regiao\/#\/schema\/person\/0f0b8a5bdafefe82841e07ae8d81ecb3"},"headline":"Bolsonaro participa de &#8216;motociata&#8217; pelo Sistema Anhanguera-Bandeirantes","datePublished":"2022-04-14T21:46:35+00:00","mainEntityOfPage":{"@id":"https:\/\/redenoticiaz.com.br\/ribeiraopreto-regiao\/sp\/2022\/04\/14\/bolsonaro-participa-de-motociata-pelo-sistema-anhanguera-bandeirantes"},"wordCount":337,"commentCount":0,"publisher":{"@id":"https:\/\/redenoticiaz.com.br\/ribeiraopreto-regiao\/#organization"},"image":{"@id":"https:\/\/redenoticiaz.com.br\/ribeiraopreto-regiao\/sp\/2022\/04\/14\/bolsonaro-participa-de-motociata-pelo-sistema-anhanguera-bandeirantes#primaryimage"},"thumbnailUrl":"https:\/\/redenoticiaz.com.br\/ribeiraopreto-regiao\/wp-content\/uploads\/sites\/4\/2022\/04\/motociata-1280x720-1.jpg?v=1649972717","keywords":["ACELERA PARA CRISTO","Jair Bolsonaro","MOTOCIATA","rodovia dos bandeirantes","SEXTA-FEIRA DA PAIX\u00c3O","SISTEMA ANHANGUERA BANDEIRANTES"],"articleSection":["Pol\u00edtica","Tr\u00e2nsito"],"inLanguage":"pt-BR","potentialAction":[{"@type":"CommentAction","name":"Comment","target":["https:\/\/redenoticiaz.com.br\/ribeiraopreto-regiao\/sp\/2022\/04\/14\/bolsonaro-participa-de-motociata-pelo-sistema-anhanguera-bandeirantes#respond"]}]},{"@type":"WebPage","@id":"https:\/\/redenoticiaz.com.br\/ribeiraopreto-regiao\/sp\/2022\/04\/14\/bolsonaro-participa-de-motociata-pelo-sistema-anhanguera-bandeirantes","url":"https:\/\/redenoticiaz.com.br\/ribeiraopreto-regiao\/sp\/2022\/04\/14\/bolsonaro-participa-de-motociata-pelo-sistema-anhanguera-bandeirantes","name":"Bolsonaro participa de 'motociata' pelo Sistema Anhanguera-Bandeirantes - Ribeir\u00e3o Preto e Regi\u00e3o","isPartOf":{"@id":"https:\/\/redenoticiaz.com.br\/ribeiraopreto-regiao\/#website"},"primaryImageOfPage":{"@id":"https:\/\/redenoticiaz.com.br\/ribeiraopreto-regiao\/sp\/2022\/04\/14\/bolsonaro-participa-de-motociata-pelo-sistema-anhanguera-bandeirantes#primaryimage"},"image":{"@id":"https:\/\/redenoticiaz.com.br\/ribeiraopreto-regiao\/sp\/2022\/04\/14\/bolsonaro-participa-de-motociata-pelo-sistema-anhanguera-bandeirantes#primaryimage"},"thumbnailUrl":"https:\/\/redenoticiaz.com.br\/ribeiraopreto-regiao\/wp-content\/uploads\/sites\/4\/2022\/04\/motociata-1280x720-1.jpg?v=1649972717","datePublished":"2022-04-14T21:46:35+00:00","description":"(15) o Sistema Anhanguera-Bandeirantes ter\u00e1 uma opera\u00e7\u00e3o especial a partir das 10h. Tudo por conta da motociata \"Acelera para Cristo\",","inLanguage":"pt-BR","potentialAction":[{"@type":"ReadAction","target":["https:\/\/redenoticiaz.com.br\/ribeiraopreto-regiao\/sp\/2022\/04\/14\/bolsonaro-participa-de-motociata-pelo-sistema-anhanguera-bandeirantes"]}]},{"@type":"ImageObject","inLanguage":"pt-BR","@id":"https:\/\/redenoticiaz.com.br\/ribeiraopreto-regiao\/sp\/2022\/04\/14\/bolsonaro-participa-de-motociata-pelo-sistema-anhanguera-bandeirantes#primaryimage","url":"https:\/\/redenoticiaz.com.br\/ribeiraopreto-regiao\/wp-content\/uploads\/sites\/4\/2022\/04\/motociata-1280x720-1.jpg?v=1649972717","contentUrl":"https:\/\/redenoticiaz.com.br\/ribeiraopreto-regiao\/wp-content\/uploads\/sites\/4\/2022\/04\/motociata-1280x720-1.jpg?v=1649972717","width":1280,"height":720,"caption":"Evento ir\u00e1 interditar o tr\u00e2nsito da Bandeirantes. A alternativa deve ser a Anhanguera. Cr\u00e9ditos: Reprodu\u00e7\u00e3o"},{"@type":"WebSite","@id":"https:\/\/redenoticiaz.com.br\/ribeiraopreto-regiao\/#website","url":"https:\/\/redenoticiaz.com.br\/ribeiraopreto-regiao\/","name":"Ribeir\u00e3o Preto e Regi\u00e3o","description":"Rede NoticiaZ - Ribeir\u00e3o Preto e regi\u00e3o","publisher":{"@id":"https:\/\/redenoticiaz.com.br\/ribeiraopreto-regiao\/#organization"},"potentialAction":[{"@type":"SearchAction","target":{"@type":"EntryPoint","urlTemplate":"https:\/\/redenoticiaz.com.br\/ribeiraopreto-regiao\/?s={search_term_string}"},"query-input":{"@type":"PropertyValueSpecification","valueRequired":true,"valueName":"search_term_string"}}],"inLanguage":"pt-BR"},{"@type":"Organization","@id":"https:\/\/redenoticiaz.com.br\/ribeiraopreto-regiao\/#organization","name":"Ribeir\u00e3o Preto e Regi\u00e3o","url":"https:\/\/redenoticiaz.com.br\/ribeiraopreto-regiao\/","logo":{"@type":"ImageObject","inLanguage":"pt-BR","@id":"https:\/\/redenoticiaz.com.br\/ribeiraopreto-regiao\/#\/schema\/logo\/image\/","url":"https:\/\/redenoticiaz.com.br\/barretos-regiao\/wp-content\/uploads\/sites\/4\/2022\/02\/logo.jpg","contentUrl":"https:\/\/redenoticiaz.com.br\/barretos-regiao\/wp-content\/uploads\/sites\/4\/2022\/02\/logo.jpg","width":400,"height":250,"caption":"Ribeir\u00e3o Preto e Regi\u00e3o"},"image":{"@id":"https:\/\/redenoticiaz.com.br\/ribeiraopreto-regiao\/#\/schema\/logo\/image\/"},"sameAs":["https:\/\/m.facebook.com\/redenoticiaz.barretos","https:\/\/x.com\/RN_barretos","https:\/\/www.instagram.com\/redenoticiaz.barretos\/?igshid=YmMyMTA2M2Y","https:\/\/www.linkedin.com\/company\/rede-noticiaz-barretos-e-regio\/"]},{"@type":"Person","@id":"https:\/\/redenoticiaz.com.br\/ribeiraopreto-regiao\/#\/schema\/person\/0f0b8a5bdafefe82841e07ae8d81ecb3","name":"Leonardo Francisco","image":{"@type":"ImageObject","inLanguage":"pt-BR","@id":"https:\/\/secure.gravatar.com\/avatar\/a7358cb406a99b682ec6df1e77e31ae82e63601f6784e8a3df411d72b37864da?s=96&d=mm&r=g","url":"https:\/\/secure.gravatar.com\/avatar\/a7358cb406a99b682ec6df1e77e31ae82e63601f6784e8a3df411d72b37864da?s=96&d=mm&r=g","contentUrl":"https:\/\/secure.gravatar.com\/avatar\/a7358cb406a99b682ec6df1e77e31ae82e63601f6784e8a3df411d72b37864da?s=96&d=mm&r=g","caption":"Leonardo Francisco"},"url":"https:\/\/redenoticiaz.com.br\/ribeiraopreto-regiao\/sp\/author\/leonardo-francisco"}]}},"_links":{"self":[{"href":"https:\/\/redenoticiaz.com.br\/ribeiraopreto-regiao\/wp-json\/wp\/v2\/posts\/2548","targetHints":{"allow":["GET"]}}],"collection":[{"href":"https:\/\/redenoticiaz.com.br\/ribeiraopreto-regiao\/wp-json\/wp\/v2\/posts"}],"about":[{"href":"https:\/\/redenoticiaz.com.br\/ribeiraopreto-regiao\/wp-json\/wp\/v2\/types\/post"}],"author":[{"embeddable":true,"href":"https:\/\/redenoticiaz.com.br\/ribeiraopreto-regiao\/wp-json\/wp\/v2\/users\/6"}],"replies":[{"embeddable":true,"href":"https:\/\/redenoticiaz.com.br\/ribeiraopreto-regiao\/wp-json\/wp\/v2\/comments?post=2548"}],"version-history":[{"count":0,"href":"https:\/\/redenoticiaz.com.br\/ribeiraopreto-regiao\/wp-json\/wp\/v2\/posts\/2548\/revisions"}],"wp:featuredmedia":[{"embeddable":true,"href":"https:\/\/redenoticiaz.com.br\/ribeiraopreto-regiao\/wp-json\/wp\/v2\/media\/2549"}],"wp:attachment":[{"href":"https:\/\/redenoticiaz.com.br\/ribeiraopreto-regiao\/wp-json\/wp\/v2\/media?parent=2548"}],"wp:term":[{"taxonomy":"category","embeddable":true,"href":"https:\/\/redenoticiaz.com.br\/ribeiraopreto-regiao\/wp-json\/wp\/v2\/categories?post=2548"},{"taxonomy":"post_tag","embeddable":true,"href":"https:\/\/redenoticiaz.com.br\/ribeiraopreto-regiao\/wp-json\/wp\/v2\/tags?post=2548"}],"curies":[{"name":"wp","href":"https:\/\/api.w.org\/{rel}","templated":true}]}}