{"id":2552,"date":"2022-04-15T09:50:38","date_gmt":"2022-04-15T12:50:38","guid":{"rendered":"https:\/\/redenoticiaz.com.br\/barretos-regiao\/sp\/2022\/04\/15\/bragantino-arranca-empate-heroico-contra-o-velez-sarsfield-na-argentina-pela-libertadores"},"modified":"2022-04-15T09:50:38","modified_gmt":"2022-04-15T12:50:38","slug":"bragantino-arranca-empate-heroico-contra-o-velez-sarsfield-na-argentina-pela-libertadores","status":"publish","type":"post","link":"https:\/\/redenoticiaz.com.br\/ribeiraopreto-regiao\/sp\/2022\/04\/15\/bragantino-arranca-empate-heroico-contra-o-velez-sarsfield-na-argentina-pela-libertadores","title":{"rendered":"Bragantino arranca empate her\u00f3ico contra o V\u00e9lez Sarsfield na Argentina pela Libertadores"},"content":{"rendered":"<p>O nome do jogo e, por que n\u00e3o, salvador do <strong>Red Bull Bragantino<\/strong> na partida contra o <strong>V\u00e9lez Sarsfield<\/strong> na Argentina, sem d\u00favida foi Ytalo. Gra\u00e7as aos gols dele que os brasileiros arrancaram um empate her\u00f3ico jogando com um a menos nessa quinta-feira (14), pela segunda rodada da fase de grupos da <a href=\"https:\/\/www.conmebol.com\/pt-br\/\">Libertadores da Am\u00e9rica<\/a>.<\/p>\n<p>O jogo foi bem agitado e come\u00e7ou a mil por hora no est\u00e1dio Jos\u00e9 Amalfitani, quando o Bragantino abriu o placar logo no primeiro minuto. Ytalo aproveitou belo cruzamento e balan\u00e7ou as redes. Contudo, o V\u00e9lez n\u00e3o se abateu e arrancou o empate logo depois. De los Santos cabeceou sem chances para Cleiton.<\/p>\n<p>A partir da\u00ed, os jogadores brasileiros erraram muito, especialmente na sa\u00edda de bola, e tiveram apenas uma boa chance, com Hyoran que tentou surpreender Hoyos do meio campo. J\u00e1 os argentinos tiveram outras tr\u00eas boas oportunidades de ir \u00e0 frente no placar. Pratto e Orellano mandaram as chances pela linha de fundo. J\u00e1 Janson obrigou Cleiton a fazer uma defesa espetacular. Aos 33 minutos, recebeu cara a cara com o goleiro e bateu no contrap\u00e9. Cleiton abriu o compasso e salvou o Bragantino.<\/p>\n<h3 class=\"mtr-atomic mtr-atomic-backstage-photo backstage-photo-wrapper\">Segundo tempo<\/h3>\n<p>Se o primeiro foi bom, o segundo reservou fortes emo\u00e7\u00f5es para brasileiros e argentinos. O V\u00e9lez Sarsfield seguiu melhou e buscou se aproveitar dos erros do Bragantino. Com um minuto de jogo, ele saiu mal do gol, a bola bateu em Natan e foi parar nas redes.<\/p>\n<p>Com a vantagem no placar, os argentinos tomaram conta do jogo e seguiu confort\u00e1vel at\u00e9 os 17 minutos, quando Helinho encontrou Ytalo dentro da \u00e1rea para empatar o jogo. Mas apesar do empate, o Bragantino se complicou novamente pouco depois. Aos 21, Aderlan recebeu o segundo amarelo e foi expulso. A partir da\u00ed, o V\u00e9lez fez muita press\u00e3o em busca do terceiro gol, mas o Bragantino se fechou e conseguiu suportar as investidas dos argentinos para assegurar o empate em 2 a 2.<\/p>\n<p>Com o empate, o Bragantino divide a lideran\u00e7a do Grupo C com o Estudiantes, da Argentina, com quatro pontos. O V\u00e9lez soma seu primeiro tento e est\u00e1 na lanterna do grupo, com a mesma pontua\u00e7\u00e3o do Nacional, do Uruguai.<\/p>\n<p><strong>LEIA TAMB\u00c9M<\/strong><\/p>\n<p><a href=\"https:\/\/redenoticiaz.com.br\/blog\/2022\/04\/15\/sao-paulo-bate-o-everton-e-segue-com-100-de-aproveitamento-na-sul-americana\">S\u00e3o Paulo bate o Everton e segue com 100% de aproveitamento na Sul-Americana<\/a><\/p>\n","protected":false},"excerpt":{"rendered":"<p>O nome do jogo e, por que n\u00e3o, salvador do Red Bull Bragantino na partida contra o V\u00e9lez Sarsfield na Argentina, sem d\u00favida foi Ytalo. Gra\u00e7as aos gols dele que os brasileiros arrancaram um empate her\u00f3ico jogando com um a menos nessa quinta-feira (14), pela segunda rodada da fase de grupos da Libertadores da Am\u00e9rica. &hellip;<\/p>\n","protected":false},"author":6,"featured_media":2553,"comment_status":"open","ping_status":"closed","sticky":false,"template":"","format":"standard","meta":{"footnotes":""},"categories":[87],"tags":[8770,9051,10518,382,10519,10520],"class_list":["post-2552","post","type-post","status-publish","format-standard","has-post-thumbnail","hentry","category-esporte","tag-argentina","tag-copa-libertadores-da-america","tag-jose-amalfitani","tag-red-bull-bragantino","tag-velez-sarsfield","tag-ytalo"],"yoast_head":"<!-- This site is optimized with the Yoast SEO plugin v27.4 - https:\/\/yoast.com\/product\/yoast-seo-wordpress\/ -->\n<title>Bragantino arranca empate her\u00f3ico contra o V\u00e9lez Sarsfield na Argentina pela Libertadores - Ribeir\u00e3o Preto e Regi\u00e3o<\/title>\n<meta name=\"description\" content=\"O nome do jogo e, por que n\u00e3o, salvador do Red Bull Bragantino na partida contra o V\u00e9lez Sarsfield na Argentina, sem d\u00favida foi Ytalo\" \/>\n<meta name=\"robots\" content=\"index, follow, max-snippet:-1, max-image-preview:large, max-video-preview:-1\" \/>\n<link rel=\"canonical\" href=\"https:\/\/redenoticiaz.com.br\/ribeiraopreto-regiao\/sp\/2022\/04\/15\/bragantino-arranca-empate-heroico-contra-o-velez-sarsfield-na-argentina-pela-libertadores\" \/>\n<meta property=\"og:locale\" content=\"pt_BR\" \/>\n<meta property=\"og:type\" content=\"article\" \/>\n<meta property=\"og:title\" content=\"Bragantino arranca empate her\u00f3ico contra o V\u00e9lez Sarsfield na Argentina pela Libertadores - Ribeir\u00e3o Preto e Regi\u00e3o\" \/>\n<meta property=\"og:description\" content=\"O nome do jogo e, por que n\u00e3o, salvador do Red Bull Bragantino na partida contra o V\u00e9lez Sarsfield na Argentina, sem d\u00favida foi Ytalo\" \/>\n<meta property=\"og:url\" content=\"https:\/\/redenoticiaz.com.br\/ribeiraopreto-regiao\/sp\/2022\/04\/15\/bragantino-arranca-empate-heroico-contra-o-velez-sarsfield-na-argentina-pela-libertadores\" \/>\n<meta property=\"og:site_name\" content=\"Ribeir\u00e3o Preto e Regi\u00e3o\" \/>\n<meta property=\"article:publisher\" content=\"https:\/\/m.facebook.com\/redenoticiaz.barretos\" \/>\n<meta property=\"article:published_time\" content=\"2022-04-15T12:50:38+00:00\" \/>\n<meta property=\"og:image\" content=\"https:\/\/redenoticiaz.com.br\/ribeiraopreto-regiao\/wp-content\/uploads\/sites\/4\/2022\/02\/logo.jpg\" \/>\n\t<meta property=\"og:image:width\" content=\"400\" \/>\n\t<meta property=\"og:image:height\" content=\"250\" \/>\n\t<meta property=\"og:image:type\" content=\"image\/jpeg\" \/>\n<meta name=\"author\" content=\"Leonardo Francisco\" \/>\n<meta name=\"twitter:card\" content=\"summary_large_image\" \/>\n<meta name=\"twitter:creator\" content=\"@RN_barretos\" \/>\n<meta name=\"twitter:site\" content=\"@RN_barretos\" \/>\n<meta name=\"twitter:label1\" content=\"Escrito por\" \/>\n\t<meta name=\"twitter:data1\" content=\"Leonardo Francisco\" \/>\n\t<meta name=\"twitter:label2\" content=\"Est. tempo de leitura\" \/>\n\t<meta name=\"twitter:data2\" content=\"2 minutos\" \/>\n<script type=\"application\/ld+json\" class=\"yoast-schema-graph\">{\"@context\":\"https:\\\/\\\/schema.org\",\"@graph\":[{\"@type\":\"Article\",\"@id\":\"https:\\\/\\\/redenoticiaz.com.br\\\/ribeiraopreto-regiao\\\/sp\\\/2022\\\/04\\\/15\\\/bragantino-arranca-empate-heroico-contra-o-velez-sarsfield-na-argentina-pela-libertadores#article\",\"isPartOf\":{\"@id\":\"https:\\\/\\\/redenoticiaz.com.br\\\/ribeiraopreto-regiao\\\/sp\\\/2022\\\/04\\\/15\\\/bragantino-arranca-empate-heroico-contra-o-velez-sarsfield-na-argentina-pela-libertadores\"},\"author\":{\"name\":\"Leonardo Francisco\",\"@id\":\"https:\\\/\\\/redenoticiaz.com.br\\\/ribeiraopreto-regiao\\\/#\\\/schema\\\/person\\\/0f0b8a5bdafefe82841e07ae8d81ecb3\"},\"headline\":\"Bragantino arranca empate her\u00f3ico contra o V\u00e9lez Sarsfield na Argentina pela Libertadores\",\"datePublished\":\"2022-04-15T12:50:38+00:00\",\"mainEntityOfPage\":{\"@id\":\"https:\\\/\\\/redenoticiaz.com.br\\\/ribeiraopreto-regiao\\\/sp\\\/2022\\\/04\\\/15\\\/bragantino-arranca-empate-heroico-contra-o-velez-sarsfield-na-argentina-pela-libertadores\"},\"wordCount\":406,\"commentCount\":0,\"publisher\":{\"@id\":\"https:\\\/\\\/redenoticiaz.com.br\\\/ribeiraopreto-regiao\\\/#organization\"},\"image\":{\"@id\":\"https:\\\/\\\/redenoticiaz.com.br\\\/ribeiraopreto-regiao\\\/sp\\\/2022\\\/04\\\/15\\\/bragantino-arranca-empate-heroico-contra-o-velez-sarsfield-na-argentina-pela-libertadores#primaryimage\"},\"thumbnailUrl\":\"https:\\\/\\\/redenoticiaz.com.br\\\/ribeiraopreto-regiao\\\/wp-content\\\/uploads\\\/sites\\\/4\\\/2022\\\/04\\\/rb-x-velez.jpg?v=1650026961\",\"keywords\":[\"Argentina\",\"COPA LIBERTADORES DA AM\u00c9RICA\",\"JOS\u00c9 AMALFITANI\",\"RED BULL BRAGANTINO\",\"V\u00c9LEZ SARSFIELD\",\"YTALO\"],\"articleSection\":[\"Esporte\"],\"inLanguage\":\"pt-BR\",\"potentialAction\":[{\"@type\":\"CommentAction\",\"name\":\"Comment\",\"target\":[\"https:\\\/\\\/redenoticiaz.com.br\\\/ribeiraopreto-regiao\\\/sp\\\/2022\\\/04\\\/15\\\/bragantino-arranca-empate-heroico-contra-o-velez-sarsfield-na-argentina-pela-libertadores#respond\"]}]},{\"@type\":\"WebPage\",\"@id\":\"https:\\\/\\\/redenoticiaz.com.br\\\/ribeiraopreto-regiao\\\/sp\\\/2022\\\/04\\\/15\\\/bragantino-arranca-empate-heroico-contra-o-velez-sarsfield-na-argentina-pela-libertadores\",\"url\":\"https:\\\/\\\/redenoticiaz.com.br\\\/ribeiraopreto-regiao\\\/sp\\\/2022\\\/04\\\/15\\\/bragantino-arranca-empate-heroico-contra-o-velez-sarsfield-na-argentina-pela-libertadores\",\"name\":\"Bragantino arranca empate her\u00f3ico contra o V\u00e9lez Sarsfield na Argentina pela Libertadores - Ribeir\u00e3o Preto e Regi\u00e3o\",\"isPartOf\":{\"@id\":\"https:\\\/\\\/redenoticiaz.com.br\\\/ribeiraopreto-regiao\\\/#website\"},\"primaryImageOfPage\":{\"@id\":\"https:\\\/\\\/redenoticiaz.com.br\\\/ribeiraopreto-regiao\\\/sp\\\/2022\\\/04\\\/15\\\/bragantino-arranca-empate-heroico-contra-o-velez-sarsfield-na-argentina-pela-libertadores#primaryimage\"},\"image\":{\"@id\":\"https:\\\/\\\/redenoticiaz.com.br\\\/ribeiraopreto-regiao\\\/sp\\\/2022\\\/04\\\/15\\\/bragantino-arranca-empate-heroico-contra-o-velez-sarsfield-na-argentina-pela-libertadores#primaryimage\"},\"thumbnailUrl\":\"https:\\\/\\\/redenoticiaz.com.br\\\/ribeiraopreto-regiao\\\/wp-content\\\/uploads\\\/sites\\\/4\\\/2022\\\/04\\\/rb-x-velez.jpg?v=1650026961\",\"datePublished\":\"2022-04-15T12:50:38+00:00\",\"description\":\"O nome do jogo e, por que n\u00e3o, salvador do Red Bull Bragantino na partida contra o V\u00e9lez Sarsfield na Argentina, sem d\u00favida foi Ytalo\",\"inLanguage\":\"pt-BR\",\"potentialAction\":[{\"@type\":\"ReadAction\",\"target\":[\"https:\\\/\\\/redenoticiaz.com.br\\\/ribeiraopreto-regiao\\\/sp\\\/2022\\\/04\\\/15\\\/bragantino-arranca-empate-heroico-contra-o-velez-sarsfield-na-argentina-pela-libertadores\"]}]},{\"@type\":\"ImageObject\",\"inLanguage\":\"pt-BR\",\"@id\":\"https:\\\/\\\/redenoticiaz.com.br\\\/ribeiraopreto-regiao\\\/sp\\\/2022\\\/04\\\/15\\\/bragantino-arranca-empate-heroico-contra-o-velez-sarsfield-na-argentina-pela-libertadores#primaryimage\",\"url\":\"https:\\\/\\\/redenoticiaz.com.br\\\/ribeiraopreto-regiao\\\/wp-content\\\/uploads\\\/sites\\\/4\\\/2022\\\/04\\\/rb-x-velez.jpg?v=1650026961\",\"contentUrl\":\"https:\\\/\\\/redenoticiaz.com.br\\\/ribeiraopreto-regiao\\\/wp-content\\\/uploads\\\/sites\\\/4\\\/2022\\\/04\\\/rb-x-velez.jpg?v=1650026961\",\"width\":1620,\"height\":1080,\"caption\":\"Resultado mant\u00e9m os brasileiros na briga por classifica\u00e7\u00e3o. Foto: Juan Mabromata \\\/ AFP\"},{\"@type\":\"WebSite\",\"@id\":\"https:\\\/\\\/redenoticiaz.com.br\\\/ribeiraopreto-regiao\\\/#website\",\"url\":\"https:\\\/\\\/redenoticiaz.com.br\\\/ribeiraopreto-regiao\\\/\",\"name\":\"Ribeir\u00e3o Preto e Regi\u00e3o\",\"description\":\"Rede NoticiaZ - Ribeir\u00e3o Preto e regi\u00e3o\",\"publisher\":{\"@id\":\"https:\\\/\\\/redenoticiaz.com.br\\\/ribeiraopreto-regiao\\\/#organization\"},\"potentialAction\":[{\"@type\":\"SearchAction\",\"target\":{\"@type\":\"EntryPoint\",\"urlTemplate\":\"https:\\\/\\\/redenoticiaz.com.br\\\/ribeiraopreto-regiao\\\/?s={search_term_string}\"},\"query-input\":{\"@type\":\"PropertyValueSpecification\",\"valueRequired\":true,\"valueName\":\"search_term_string\"}}],\"inLanguage\":\"pt-BR\"},{\"@type\":\"Organization\",\"@id\":\"https:\\\/\\\/redenoticiaz.com.br\\\/ribeiraopreto-regiao\\\/#organization\",\"name\":\"Ribeir\u00e3o Preto e Regi\u00e3o\",\"url\":\"https:\\\/\\\/redenoticiaz.com.br\\\/ribeiraopreto-regiao\\\/\",\"logo\":{\"@type\":\"ImageObject\",\"inLanguage\":\"pt-BR\",\"@id\":\"https:\\\/\\\/redenoticiaz.com.br\\\/ribeiraopreto-regiao\\\/#\\\/schema\\\/logo\\\/image\\\/\",\"url\":\"https:\\\/\\\/redenoticiaz.com.br\\\/barretos-regiao\\\/wp-content\\\/uploads\\\/sites\\\/4\\\/2022\\\/02\\\/logo.jpg\",\"contentUrl\":\"https:\\\/\\\/redenoticiaz.com.br\\\/barretos-regiao\\\/wp-content\\\/uploads\\\/sites\\\/4\\\/2022\\\/02\\\/logo.jpg\",\"width\":400,\"height\":250,\"caption\":\"Ribeir\u00e3o Preto e Regi\u00e3o\"},\"image\":{\"@id\":\"https:\\\/\\\/redenoticiaz.com.br\\\/ribeiraopreto-regiao\\\/#\\\/schema\\\/logo\\\/image\\\/\"},\"sameAs\":[\"https:\\\/\\\/m.facebook.com\\\/redenoticiaz.barretos\",\"https:\\\/\\\/x.com\\\/RN_barretos\",\"https:\\\/\\\/www.instagram.com\\\/redenoticiaz.barretos\\\/?igshid=YmMyMTA2M2Y\",\"https:\\\/\\\/www.linkedin.com\\\/company\\\/rede-noticiaz-barretos-e-regio\\\/\"]},{\"@type\":\"Person\",\"@id\":\"https:\\\/\\\/redenoticiaz.com.br\\\/ribeiraopreto-regiao\\\/#\\\/schema\\\/person\\\/0f0b8a5bdafefe82841e07ae8d81ecb3\",\"name\":\"Leonardo Francisco\",\"image\":{\"@type\":\"ImageObject\",\"inLanguage\":\"pt-BR\",\"@id\":\"https:\\\/\\\/secure.gravatar.com\\\/avatar\\\/a7358cb406a99b682ec6df1e77e31ae82e63601f6784e8a3df411d72b37864da?s=96&d=mm&r=g\",\"url\":\"https:\\\/\\\/secure.gravatar.com\\\/avatar\\\/a7358cb406a99b682ec6df1e77e31ae82e63601f6784e8a3df411d72b37864da?s=96&d=mm&r=g\",\"contentUrl\":\"https:\\\/\\\/secure.gravatar.com\\\/avatar\\\/a7358cb406a99b682ec6df1e77e31ae82e63601f6784e8a3df411d72b37864da?s=96&d=mm&r=g\",\"caption\":\"Leonardo Francisco\"},\"url\":\"https:\\\/\\\/redenoticiaz.com.br\\\/ribeiraopreto-regiao\\\/sp\\\/author\\\/leonardo-francisco\"}]}<\/script>\n<!-- \/ Yoast SEO plugin. -->","yoast_head_json":{"title":"Bragantino arranca empate her\u00f3ico contra o V\u00e9lez Sarsfield na Argentina pela Libertadores - Ribeir\u00e3o Preto e Regi\u00e3o","description":"O nome do jogo e, por que n\u00e3o, salvador do Red Bull Bragantino na partida contra o V\u00e9lez Sarsfield na Argentina, sem d\u00favida foi Ytalo","robots":{"index":"index","follow":"follow","max-snippet":"max-snippet:-1","max-image-preview":"max-image-preview:large","max-video-preview":"max-video-preview:-1"},"canonical":"https:\/\/redenoticiaz.com.br\/ribeiraopreto-regiao\/sp\/2022\/04\/15\/bragantino-arranca-empate-heroico-contra-o-velez-sarsfield-na-argentina-pela-libertadores","og_locale":"pt_BR","og_type":"article","og_title":"Bragantino arranca empate her\u00f3ico contra o V\u00e9lez Sarsfield na Argentina pela Libertadores - Ribeir\u00e3o Preto e Regi\u00e3o","og_description":"O nome do jogo e, por que n\u00e3o, salvador do Red Bull Bragantino na partida contra o V\u00e9lez Sarsfield na Argentina, sem d\u00favida foi Ytalo","og_url":"https:\/\/redenoticiaz.com.br\/ribeiraopreto-regiao\/sp\/2022\/04\/15\/bragantino-arranca-empate-heroico-contra-o-velez-sarsfield-na-argentina-pela-libertadores","og_site_name":"Ribeir\u00e3o Preto e Regi\u00e3o","article_publisher":"https:\/\/m.facebook.com\/redenoticiaz.barretos","article_published_time":"2022-04-15T12:50:38+00:00","og_image":[{"width":400,"height":250,"url":"https:\/\/redenoticiaz.com.br\/ribeiraopreto-regiao\/wp-content\/uploads\/sites\/4\/2022\/02\/logo.jpg","type":"image\/jpeg"}],"author":"Leonardo Francisco","twitter_card":"summary_large_image","twitter_creator":"@RN_barretos","twitter_site":"@RN_barretos","twitter_misc":{"Escrito por":"Leonardo Francisco","Est. tempo de leitura":"2 minutos"},"schema":{"@context":"https:\/\/schema.org","@graph":[{"@type":"Article","@id":"https:\/\/redenoticiaz.com.br\/ribeiraopreto-regiao\/sp\/2022\/04\/15\/bragantino-arranca-empate-heroico-contra-o-velez-sarsfield-na-argentina-pela-libertadores#article","isPartOf":{"@id":"https:\/\/redenoticiaz.com.br\/ribeiraopreto-regiao\/sp\/2022\/04\/15\/bragantino-arranca-empate-heroico-contra-o-velez-sarsfield-na-argentina-pela-libertadores"},"author":{"name":"Leonardo Francisco","@id":"https:\/\/redenoticiaz.com.br\/ribeiraopreto-regiao\/#\/schema\/person\/0f0b8a5bdafefe82841e07ae8d81ecb3"},"headline":"Bragantino arranca empate her\u00f3ico contra o V\u00e9lez Sarsfield na Argentina pela Libertadores","datePublished":"2022-04-15T12:50:38+00:00","mainEntityOfPage":{"@id":"https:\/\/redenoticiaz.com.br\/ribeiraopreto-regiao\/sp\/2022\/04\/15\/bragantino-arranca-empate-heroico-contra-o-velez-sarsfield-na-argentina-pela-libertadores"},"wordCount":406,"commentCount":0,"publisher":{"@id":"https:\/\/redenoticiaz.com.br\/ribeiraopreto-regiao\/#organization"},"image":{"@id":"https:\/\/redenoticiaz.com.br\/ribeiraopreto-regiao\/sp\/2022\/04\/15\/bragantino-arranca-empate-heroico-contra-o-velez-sarsfield-na-argentina-pela-libertadores#primaryimage"},"thumbnailUrl":"https:\/\/redenoticiaz.com.br\/ribeiraopreto-regiao\/wp-content\/uploads\/sites\/4\/2022\/04\/rb-x-velez.jpg?v=1650026961","keywords":["Argentina","COPA LIBERTADORES DA AM\u00c9RICA","JOS\u00c9 AMALFITANI","RED BULL BRAGANTINO","V\u00c9LEZ SARSFIELD","YTALO"],"articleSection":["Esporte"],"inLanguage":"pt-BR","potentialAction":[{"@type":"CommentAction","name":"Comment","target":["https:\/\/redenoticiaz.com.br\/ribeiraopreto-regiao\/sp\/2022\/04\/15\/bragantino-arranca-empate-heroico-contra-o-velez-sarsfield-na-argentina-pela-libertadores#respond"]}]},{"@type":"WebPage","@id":"https:\/\/redenoticiaz.com.br\/ribeiraopreto-regiao\/sp\/2022\/04\/15\/bragantino-arranca-empate-heroico-contra-o-velez-sarsfield-na-argentina-pela-libertadores","url":"https:\/\/redenoticiaz.com.br\/ribeiraopreto-regiao\/sp\/2022\/04\/15\/bragantino-arranca-empate-heroico-contra-o-velez-sarsfield-na-argentina-pela-libertadores","name":"Bragantino arranca empate her\u00f3ico contra o V\u00e9lez Sarsfield na Argentina pela Libertadores - Ribeir\u00e3o Preto e Regi\u00e3o","isPartOf":{"@id":"https:\/\/redenoticiaz.com.br\/ribeiraopreto-regiao\/#website"},"primaryImageOfPage":{"@id":"https:\/\/redenoticiaz.com.br\/ribeiraopreto-regiao\/sp\/2022\/04\/15\/bragantino-arranca-empate-heroico-contra-o-velez-sarsfield-na-argentina-pela-libertadores#primaryimage"},"image":{"@id":"https:\/\/redenoticiaz.com.br\/ribeiraopreto-regiao\/sp\/2022\/04\/15\/bragantino-arranca-empate-heroico-contra-o-velez-sarsfield-na-argentina-pela-libertadores#primaryimage"},"thumbnailUrl":"https:\/\/redenoticiaz.com.br\/ribeiraopreto-regiao\/wp-content\/uploads\/sites\/4\/2022\/04\/rb-x-velez.jpg?v=1650026961","datePublished":"2022-04-15T12:50:38+00:00","description":"O nome do jogo e, por que n\u00e3o, salvador do Red Bull Bragantino na partida contra o V\u00e9lez Sarsfield na Argentina, sem d\u00favida foi Ytalo","inLanguage":"pt-BR","potentialAction":[{"@type":"ReadAction","target":["https:\/\/redenoticiaz.com.br\/ribeiraopreto-regiao\/sp\/2022\/04\/15\/bragantino-arranca-empate-heroico-contra-o-velez-sarsfield-na-argentina-pela-libertadores"]}]},{"@type":"ImageObject","inLanguage":"pt-BR","@id":"https:\/\/redenoticiaz.com.br\/ribeiraopreto-regiao\/sp\/2022\/04\/15\/bragantino-arranca-empate-heroico-contra-o-velez-sarsfield-na-argentina-pela-libertadores#primaryimage","url":"https:\/\/redenoticiaz.com.br\/ribeiraopreto-regiao\/wp-content\/uploads\/sites\/4\/2022\/04\/rb-x-velez.jpg?v=1650026961","contentUrl":"https:\/\/redenoticiaz.com.br\/ribeiraopreto-regiao\/wp-content\/uploads\/sites\/4\/2022\/04\/rb-x-velez.jpg?v=1650026961","width":1620,"height":1080,"caption":"Resultado mant\u00e9m os brasileiros na briga por classifica\u00e7\u00e3o. Foto: Juan Mabromata \/ AFP"},{"@type":"WebSite","@id":"https:\/\/redenoticiaz.com.br\/ribeiraopreto-regiao\/#website","url":"https:\/\/redenoticiaz.com.br\/ribeiraopreto-regiao\/","name":"Ribeir\u00e3o Preto e Regi\u00e3o","description":"Rede NoticiaZ - Ribeir\u00e3o Preto e regi\u00e3o","publisher":{"@id":"https:\/\/redenoticiaz.com.br\/ribeiraopreto-regiao\/#organization"},"potentialAction":[{"@type":"SearchAction","target":{"@type":"EntryPoint","urlTemplate":"https:\/\/redenoticiaz.com.br\/ribeiraopreto-regiao\/?s={search_term_string}"},"query-input":{"@type":"PropertyValueSpecification","valueRequired":true,"valueName":"search_term_string"}}],"inLanguage":"pt-BR"},{"@type":"Organization","@id":"https:\/\/redenoticiaz.com.br\/ribeiraopreto-regiao\/#organization","name":"Ribeir\u00e3o Preto e Regi\u00e3o","url":"https:\/\/redenoticiaz.com.br\/ribeiraopreto-regiao\/","logo":{"@type":"ImageObject","inLanguage":"pt-BR","@id":"https:\/\/redenoticiaz.com.br\/ribeiraopreto-regiao\/#\/schema\/logo\/image\/","url":"https:\/\/redenoticiaz.com.br\/barretos-regiao\/wp-content\/uploads\/sites\/4\/2022\/02\/logo.jpg","contentUrl":"https:\/\/redenoticiaz.com.br\/barretos-regiao\/wp-content\/uploads\/sites\/4\/2022\/02\/logo.jpg","width":400,"height":250,"caption":"Ribeir\u00e3o Preto e Regi\u00e3o"},"image":{"@id":"https:\/\/redenoticiaz.com.br\/ribeiraopreto-regiao\/#\/schema\/logo\/image\/"},"sameAs":["https:\/\/m.facebook.com\/redenoticiaz.barretos","https:\/\/x.com\/RN_barretos","https:\/\/www.instagram.com\/redenoticiaz.barretos\/?igshid=YmMyMTA2M2Y","https:\/\/www.linkedin.com\/company\/rede-noticiaz-barretos-e-regio\/"]},{"@type":"Person","@id":"https:\/\/redenoticiaz.com.br\/ribeiraopreto-regiao\/#\/schema\/person\/0f0b8a5bdafefe82841e07ae8d81ecb3","name":"Leonardo Francisco","image":{"@type":"ImageObject","inLanguage":"pt-BR","@id":"https:\/\/secure.gravatar.com\/avatar\/a7358cb406a99b682ec6df1e77e31ae82e63601f6784e8a3df411d72b37864da?s=96&d=mm&r=g","url":"https:\/\/secure.gravatar.com\/avatar\/a7358cb406a99b682ec6df1e77e31ae82e63601f6784e8a3df411d72b37864da?s=96&d=mm&r=g","contentUrl":"https:\/\/secure.gravatar.com\/avatar\/a7358cb406a99b682ec6df1e77e31ae82e63601f6784e8a3df411d72b37864da?s=96&d=mm&r=g","caption":"Leonardo Francisco"},"url":"https:\/\/redenoticiaz.com.br\/ribeiraopreto-regiao\/sp\/author\/leonardo-francisco"}]}},"_links":{"self":[{"href":"https:\/\/redenoticiaz.com.br\/ribeiraopreto-regiao\/wp-json\/wp\/v2\/posts\/2552","targetHints":{"allow":["GET"]}}],"collection":[{"href":"https:\/\/redenoticiaz.com.br\/ribeiraopreto-regiao\/wp-json\/wp\/v2\/posts"}],"about":[{"href":"https:\/\/redenoticiaz.com.br\/ribeiraopreto-regiao\/wp-json\/wp\/v2\/types\/post"}],"author":[{"embeddable":true,"href":"https:\/\/redenoticiaz.com.br\/ribeiraopreto-regiao\/wp-json\/wp\/v2\/users\/6"}],"replies":[{"embeddable":true,"href":"https:\/\/redenoticiaz.com.br\/ribeiraopreto-regiao\/wp-json\/wp\/v2\/comments?post=2552"}],"version-history":[{"count":0,"href":"https:\/\/redenoticiaz.com.br\/ribeiraopreto-regiao\/wp-json\/wp\/v2\/posts\/2552\/revisions"}],"wp:featuredmedia":[{"embeddable":true,"href":"https:\/\/redenoticiaz.com.br\/ribeiraopreto-regiao\/wp-json\/wp\/v2\/media\/2553"}],"wp:attachment":[{"href":"https:\/\/redenoticiaz.com.br\/ribeiraopreto-regiao\/wp-json\/wp\/v2\/media?parent=2552"}],"wp:term":[{"taxonomy":"category","embeddable":true,"href":"https:\/\/redenoticiaz.com.br\/ribeiraopreto-regiao\/wp-json\/wp\/v2\/categories?post=2552"},{"taxonomy":"post_tag","embeddable":true,"href":"https:\/\/redenoticiaz.com.br\/ribeiraopreto-regiao\/wp-json\/wp\/v2\/tags?post=2552"}],"curies":[{"name":"wp","href":"https:\/\/api.w.org\/{rel}","templated":true}]}}