{"id":2571,"date":"2022-04-15T14:31:19","date_gmt":"2022-04-15T17:31:19","guid":{"rendered":"https:\/\/redenoticiaz.com.br\/barretos-regiao\/sp\/2022\/04\/15\/sistema-anchieta-imigrantes-deve-ter-260-mil-veiculos-seguindo-para-a-baixada-santista-no-feriado-de-pascoa"},"modified":"2022-04-15T14:31:19","modified_gmt":"2022-04-15T17:31:19","slug":"sistema-anchieta-imigrantes-deve-ter-260-mil-veiculos-seguindo-para-a-baixada-santista-no-feriado-de-pascoa","status":"publish","type":"post","link":"https:\/\/redenoticiaz.com.br\/ribeiraopreto-regiao\/sp\/2022\/04\/15\/sistema-anchieta-imigrantes-deve-ter-260-mil-veiculos-seguindo-para-a-baixada-santista-no-feriado-de-pascoa","title":{"rendered":"Sistema Anchieta-Imigrantes deve ter 260 mil ve\u00edculos seguindo para a Baixada Santista no feriado de P\u00e1scoa"},"content":{"rendered":"<p>Mais um feriado chegou, desta vez o de P\u00e1scoa e a expectativa \u00e9 que o Sistema Anchieta-Imigrantes (SAI) receba at\u00e9 <strong>260 mil ve\u00edculos<\/strong> que v\u00e3o seguir para as cidades da Baixada Santista. Para atender a demanda, a <a href=\"https:\/\/www.ecovias.com.br\/\">Ecovias<\/a>, concession\u00e1ria respons\u00e1vel, vai implantar opera\u00e7\u00f5es especiais para evitar maiores transtornos no tr\u00e2nsito.<\/p>\n<p>De acordo com a Ecovias, os motoristas que seguem rumo \u00e0 Baixada Santista nesta sexta-feira (15) entre \u00e0s 7h e 13h, t\u00eam \u00e0 disposi\u00e7\u00e3o as pistas sul e norte da via Anchieta e a sul da Imigrantes. A subida \u00e9 realizada apenas pela pista norte da Imigrantes. Altera\u00e7\u00f5es nos sentidos fazem parte da Opera\u00e7\u00e3o Descida 7X3.<\/p>\n<p>As a\u00e7\u00f5es para amenizar os efeitos da quantidade de ve\u00edculos nas rodovias iniciaram na quarta-feira (14) e seguem at\u00e9 o final do feriado, na segunda-feira (18).<\/p>\n<div class=\"mc-column content-text active-extra-styles \" data-block-type=\"unstyled\" data-block-weight=\"57\" data-block-id=\"6\">\n<p class=\"content-text__container \" data-track-category=\"Link no Texto\" data-track-links=\"\">No domingo (17), quando a movimenta\u00e7\u00e3o de ve\u00edculos retornando \u00e0 S\u00e3o Pauloa aumenta, acontece a Opera\u00e7\u00e3o Subida 2X8. Ela ocorre na faixa das 10h \u00e0s 00h. As pistas sul e norte da Imigrantes e a pista norte da via Anchieta estar\u00e3o dispon\u00edveis para a subida da Serra. Mas a descida ser\u00e1 feita somente pela pista sul da Rodovia Anchieta.<\/p>\n<\/div>\n<div class=\"mc-column content-text active-extra-styles \" data-block-type=\"unstyled\" data-block-weight=\"52\" data-block-id=\"7\">\n<p class=\"content-text__container \" data-track-category=\"Link no Texto\" data-track-links=\"\">Em nota, a Ecovias explicou que a invers\u00e3o da m\u00e3o de dire\u00e7\u00e3o nas rodovias do SAI, durante as opera\u00e7\u00f5es especiais de tr\u00e1fego, ocorre apenas no trecho de Serra. Ser\u00e1 entre os km 40 e o km 55 da via Anchieta, e do km 40 ao km 57 da rodovia dos Imigrantes.<\/p>\n<div class=\"mc-column content-text active-extra-styles\" data-block-type=\"raw\" data-block-weight=\"3\" data-block-id=\"9\">\n<div class=\"content-intertitle\">\n<h3>Atendimento aos viajantes<\/h3>\n<\/div>\n<\/div>\n<div class=\"mc-column content-text active-extra-styles \" data-block-type=\"unstyled\" data-block-weight=\"36\" data-block-id=\"10\">\n<p class=\"content-text__container \" data-track-category=\"Link no Texto\" data-track-links=\"\">Durante o feriado da Semana Santa, a Ecovias disponibiliza 96 viaturas. Entre elas est\u00e3o: pick-ups e moto de inspe\u00e7\u00e3o de tr\u00e1fego, socorro mec\u00e2nico, ambul\u00e2ncia UTI, ambul\u00e2ncias de resgate, ve\u00edculos leves de atendimento r\u00e1pido e guinchos leves e pesados.<\/p>\n<\/div>\n<div class=\"mc-column content-text active-extra-styles \" data-block-type=\"unstyled\" data-block-weight=\"37\" data-block-id=\"11\">\n<p class=\"content-text__container \" data-track-category=\"Link no Texto\" data-track-links=\"\">A frota conta com um guincho 100% el\u00e9trico, destinado ao atendimento de ve\u00edculos leves, e de outros tr\u00eas. S\u00e3o eles: Rotator, Side Puller e Munk, guinchos superpesados que ajudam em ocorr\u00eancias com ve\u00edculos de grande porte.<\/p>\n<\/div>\n<div class=\"mc-column content-text active-extra-styles \" data-block-type=\"unstyled\" data-block-weight=\"70\" data-block-id=\"12\">\n<p class=\"content-text__container \" data-track-category=\"Link no Texto\" data-track-links=\"\">Al\u00e9m disso, os motoristas contam tamb\u00e9m com o atendimento de uma moto de inspe\u00e7\u00e3o. Ele d\u00e1 mais agilidade ao socorro mec\u00e2nico, especialmente em per\u00edodos de maior movimento nas estradas. O ve\u00edculo ser\u00e1 utilizado, especialmente, para inspecionar o trecho de Planalto da Anchieta e da Imigrantes. Assim, vistoria as pistas para identificar objetos que possam interferir no tr\u00e1fego dos usu\u00e1rios, como lixo ou peda\u00e7os de pneus soltos nas faixas de rolamento.<\/p>\n<\/div>\n<div class=\"mc-column content-text active-extra-styles\" data-block-type=\"raw\" data-block-weight=\"2\" data-block-id=\"13\">\n<div class=\"content-intertitle\">\n<h3>SOS Ecovias<\/h3>\n<\/div>\n<\/div>\n<div class=\"mc-column content-text active-extra-styles \" data-block-type=\"unstyled\" data-block-weight=\"30\" data-block-id=\"14\">\n<p class=\"content-text__container \" data-track-category=\"Link no Texto\" data-track-links=\"\">Para pedir socorro na pista, os usu\u00e1rios podem usar os telefones de emerg\u00eancia, localizados \u00e0s margens da rodovia a cada 1km. Mas tamb\u00e9m deve ligar para o telefone 0800 019 78 78.<\/p>\n<\/div>\n<div class=\"mc-column content-text active-extra-styles \" data-block-type=\"unstyled\" data-block-weight=\"49\" data-block-id=\"15\">\n<p class=\"content-text__container \" data-track-category=\"Link no Texto\" data-track-links=\"\">Se o motorista estiver na rodovia dos Imigrantes, tamb\u00e9m \u00e9 poss\u00edvel acionar o socorro pelo site sos.ecovias.com.br. A plataforma, que est\u00e1 em fase de testes, \u00e9 um servi\u00e7o gratuito, ou seja, o usu\u00e1rio n\u00e3o precisa utilizar o pacote de dados de internet do celular, tablet ou notebook.<\/p>\n<p data-track-category=\"Link no Texto\" data-track-links=\"\"><strong>LEIA TAMB\u00c9M<\/strong><\/p>\n<p data-track-category=\"Link no Texto\" data-track-links=\"\"><a href=\"https:\/\/redenoticiaz.com.br\/litoralsp\/2022\/04\/14\/rodovias-do-litoral-norte-devem-ter-grande-movimento-de-veiculos-no-feriado-de-pascoa\">Rodovias do Litoral Norte devem ter grande movimento de ve\u00edculos no feriado de P\u00e1scoa<\/a><\/p>\n<\/div>\n<\/div>\n","protected":false},"excerpt":{"rendered":"<p>Mais um feriado chegou, desta vez o de P\u00e1scoa e a expectativa \u00e9 que o Sistema Anchieta-Imigrantes (SAI) receba at\u00e9 260 mil ve\u00edculos que v\u00e3o seguir para as cidades da Baixada Santista. Para atender a demanda, a Ecovias, concession\u00e1ria respons\u00e1vel, vai implantar opera\u00e7\u00f5es especiais para evitar maiores transtornos no tr\u00e2nsito. De acordo com a Ecovias, &hellip;<\/p>\n","protected":false},"author":6,"featured_media":2572,"comment_status":"open","ping_status":"closed","sticky":false,"template":"","format":"standard","meta":{"footnotes":""},"categories":[143],"tags":[3522,10592,10593,4429],"class_list":["post-2571","post","type-post","status-publish","format-standard","has-post-thumbnail","hentry","category-transito","tag-ecovias","tag-feriado-da-pascoa","tag-sistema-anchieta-imigrantes","tag-transito"],"yoast_head":"<!-- This site is optimized with the Yoast SEO plugin v27.4 - https:\/\/yoast.com\/product\/yoast-seo-wordpress\/ -->\n<title>Sistema Anchieta-Imigrantes deve ter 260 mil ve\u00edculos seguindo para a Baixada Santista no feriado de P\u00e1scoa - Ribeir\u00e3o Preto e Regi\u00e3o<\/title>\n<meta name=\"description\" content=\"Mais um feriado chegou, desta vez o de P\u00e1scoa e a expectativa \u00e9 que o Sistema Anchieta-Imigrantes (SAI) receba at\u00e9 260 mil ve\u00edculos que\" \/>\n<meta name=\"robots\" content=\"index, follow, max-snippet:-1, max-image-preview:large, max-video-preview:-1\" \/>\n<link rel=\"canonical\" href=\"https:\/\/redenoticiaz.com.br\/ribeiraopreto-regiao\/sp\/2022\/04\/15\/sistema-anchieta-imigrantes-deve-ter-260-mil-veiculos-seguindo-para-a-baixada-santista-no-feriado-de-pascoa\" \/>\n<meta property=\"og:locale\" content=\"pt_BR\" \/>\n<meta property=\"og:type\" content=\"article\" \/>\n<meta property=\"og:title\" content=\"Sistema Anchieta-Imigrantes deve ter 260 mil ve\u00edculos seguindo para a Baixada Santista no feriado de P\u00e1scoa - Ribeir\u00e3o Preto e Regi\u00e3o\" \/>\n<meta property=\"og:description\" content=\"Mais um feriado chegou, desta vez o de P\u00e1scoa e a expectativa \u00e9 que o Sistema Anchieta-Imigrantes (SAI) receba at\u00e9 260 mil ve\u00edculos que\" \/>\n<meta property=\"og:url\" content=\"https:\/\/redenoticiaz.com.br\/ribeiraopreto-regiao\/sp\/2022\/04\/15\/sistema-anchieta-imigrantes-deve-ter-260-mil-veiculos-seguindo-para-a-baixada-santista-no-feriado-de-pascoa\" \/>\n<meta property=\"og:site_name\" content=\"Ribeir\u00e3o Preto e Regi\u00e3o\" \/>\n<meta property=\"article:publisher\" content=\"https:\/\/m.facebook.com\/redenoticiaz.barretos\" \/>\n<meta property=\"article:published_time\" content=\"2022-04-15T17:31:19+00:00\" \/>\n<meta property=\"og:image\" content=\"https:\/\/redenoticiaz.com.br\/ribeiraopreto-regiao\/wp-content\/uploads\/sites\/4\/2022\/02\/logo.jpg\" \/>\n\t<meta property=\"og:image:width\" content=\"400\" \/>\n\t<meta property=\"og:image:height\" content=\"250\" \/>\n\t<meta property=\"og:image:type\" content=\"image\/jpeg\" \/>\n<meta name=\"author\" content=\"Leonardo Francisco\" \/>\n<meta name=\"twitter:card\" content=\"summary_large_image\" \/>\n<meta name=\"twitter:creator\" content=\"@RN_barretos\" \/>\n<meta name=\"twitter:site\" content=\"@RN_barretos\" \/>\n<meta name=\"twitter:label1\" content=\"Escrito por\" \/>\n\t<meta name=\"twitter:data1\" content=\"Leonardo Francisco\" \/>\n\t<meta name=\"twitter:label2\" content=\"Est. tempo de leitura\" \/>\n\t<meta name=\"twitter:data2\" content=\"3 minutos\" \/>\n<script type=\"application\/ld+json\" class=\"yoast-schema-graph\">{\"@context\":\"https:\\\/\\\/schema.org\",\"@graph\":[{\"@type\":\"Article\",\"@id\":\"https:\\\/\\\/redenoticiaz.com.br\\\/ribeiraopreto-regiao\\\/sp\\\/2022\\\/04\\\/15\\\/sistema-anchieta-imigrantes-deve-ter-260-mil-veiculos-seguindo-para-a-baixada-santista-no-feriado-de-pascoa#article\",\"isPartOf\":{\"@id\":\"https:\\\/\\\/redenoticiaz.com.br\\\/ribeiraopreto-regiao\\\/sp\\\/2022\\\/04\\\/15\\\/sistema-anchieta-imigrantes-deve-ter-260-mil-veiculos-seguindo-para-a-baixada-santista-no-feriado-de-pascoa\"},\"author\":{\"name\":\"Leonardo Francisco\",\"@id\":\"https:\\\/\\\/redenoticiaz.com.br\\\/ribeiraopreto-regiao\\\/#\\\/schema\\\/person\\\/0f0b8a5bdafefe82841e07ae8d81ecb3\"},\"headline\":\"Sistema Anchieta-Imigrantes deve ter 260 mil ve\u00edculos seguindo para a Baixada Santista no feriado de P\u00e1scoa\",\"datePublished\":\"2022-04-15T17:31:19+00:00\",\"mainEntityOfPage\":{\"@id\":\"https:\\\/\\\/redenoticiaz.com.br\\\/ribeiraopreto-regiao\\\/sp\\\/2022\\\/04\\\/15\\\/sistema-anchieta-imigrantes-deve-ter-260-mil-veiculos-seguindo-para-a-baixada-santista-no-feriado-de-pascoa\"},\"wordCount\":542,\"commentCount\":0,\"publisher\":{\"@id\":\"https:\\\/\\\/redenoticiaz.com.br\\\/ribeiraopreto-regiao\\\/#organization\"},\"image\":{\"@id\":\"https:\\\/\\\/redenoticiaz.com.br\\\/ribeiraopreto-regiao\\\/sp\\\/2022\\\/04\\\/15\\\/sistema-anchieta-imigrantes-deve-ter-260-mil-veiculos-seguindo-para-a-baixada-santista-no-feriado-de-pascoa#primaryimage\"},\"thumbnailUrl\":\"https:\\\/\\\/redenoticiaz.com.br\\\/ribeiraopreto-regiao\\\/wp-content\\\/uploads\\\/sites\\\/4\\\/2022\\\/04\\\/estradas.jpg\",\"keywords\":[\"ECOVIAS\",\"FERIADO DA P\u00c1SCOA\",\"SISTEMA ANCHIETA-IMIGRANTES\",\"transito\"],\"articleSection\":[\"Tr\u00e2nsito\"],\"inLanguage\":\"pt-BR\",\"potentialAction\":[{\"@type\":\"CommentAction\",\"name\":\"Comment\",\"target\":[\"https:\\\/\\\/redenoticiaz.com.br\\\/ribeiraopreto-regiao\\\/sp\\\/2022\\\/04\\\/15\\\/sistema-anchieta-imigrantes-deve-ter-260-mil-veiculos-seguindo-para-a-baixada-santista-no-feriado-de-pascoa#respond\"]}]},{\"@type\":\"WebPage\",\"@id\":\"https:\\\/\\\/redenoticiaz.com.br\\\/ribeiraopreto-regiao\\\/sp\\\/2022\\\/04\\\/15\\\/sistema-anchieta-imigrantes-deve-ter-260-mil-veiculos-seguindo-para-a-baixada-santista-no-feriado-de-pascoa\",\"url\":\"https:\\\/\\\/redenoticiaz.com.br\\\/ribeiraopreto-regiao\\\/sp\\\/2022\\\/04\\\/15\\\/sistema-anchieta-imigrantes-deve-ter-260-mil-veiculos-seguindo-para-a-baixada-santista-no-feriado-de-pascoa\",\"name\":\"Sistema Anchieta-Imigrantes deve ter 260 mil ve\u00edculos seguindo para a Baixada Santista no feriado de P\u00e1scoa - Ribeir\u00e3o Preto e Regi\u00e3o\",\"isPartOf\":{\"@id\":\"https:\\\/\\\/redenoticiaz.com.br\\\/ribeiraopreto-regiao\\\/#website\"},\"primaryImageOfPage\":{\"@id\":\"https:\\\/\\\/redenoticiaz.com.br\\\/ribeiraopreto-regiao\\\/sp\\\/2022\\\/04\\\/15\\\/sistema-anchieta-imigrantes-deve-ter-260-mil-veiculos-seguindo-para-a-baixada-santista-no-feriado-de-pascoa#primaryimage\"},\"image\":{\"@id\":\"https:\\\/\\\/redenoticiaz.com.br\\\/ribeiraopreto-regiao\\\/sp\\\/2022\\\/04\\\/15\\\/sistema-anchieta-imigrantes-deve-ter-260-mil-veiculos-seguindo-para-a-baixada-santista-no-feriado-de-pascoa#primaryimage\"},\"thumbnailUrl\":\"https:\\\/\\\/redenoticiaz.com.br\\\/ribeiraopreto-regiao\\\/wp-content\\\/uploads\\\/sites\\\/4\\\/2022\\\/04\\\/estradas.jpg\",\"datePublished\":\"2022-04-15T17:31:19+00:00\",\"description\":\"Mais um feriado chegou, desta vez o de P\u00e1scoa e a expectativa \u00e9 que o Sistema Anchieta-Imigrantes (SAI) receba at\u00e9 260 mil ve\u00edculos que\",\"inLanguage\":\"pt-BR\",\"potentialAction\":[{\"@type\":\"ReadAction\",\"target\":[\"https:\\\/\\\/redenoticiaz.com.br\\\/ribeiraopreto-regiao\\\/sp\\\/2022\\\/04\\\/15\\\/sistema-anchieta-imigrantes-deve-ter-260-mil-veiculos-seguindo-para-a-baixada-santista-no-feriado-de-pascoa\"]}]},{\"@type\":\"ImageObject\",\"inLanguage\":\"pt-BR\",\"@id\":\"https:\\\/\\\/redenoticiaz.com.br\\\/ribeiraopreto-regiao\\\/sp\\\/2022\\\/04\\\/15\\\/sistema-anchieta-imigrantes-deve-ter-260-mil-veiculos-seguindo-para-a-baixada-santista-no-feriado-de-pascoa#primaryimage\",\"url\":\"https:\\\/\\\/redenoticiaz.com.br\\\/ribeiraopreto-regiao\\\/wp-content\\\/uploads\\\/sites\\\/4\\\/2022\\\/04\\\/estradas.jpg\",\"contentUrl\":\"https:\\\/\\\/redenoticiaz.com.br\\\/ribeiraopreto-regiao\\\/wp-content\\\/uploads\\\/sites\\\/4\\\/2022\\\/04\\\/estradas.jpg\",\"width\":900,\"height\":600,\"caption\":\"A opera\u00e7\u00e3o especial ser\u00e1 v\u00e1lida at\u00e9 segunda-feira. Cr\u00e9ditos: Ecovias.\"},{\"@type\":\"WebSite\",\"@id\":\"https:\\\/\\\/redenoticiaz.com.br\\\/ribeiraopreto-regiao\\\/#website\",\"url\":\"https:\\\/\\\/redenoticiaz.com.br\\\/ribeiraopreto-regiao\\\/\",\"name\":\"Ribeir\u00e3o Preto e Regi\u00e3o\",\"description\":\"Rede NoticiaZ - Ribeir\u00e3o Preto e regi\u00e3o\",\"publisher\":{\"@id\":\"https:\\\/\\\/redenoticiaz.com.br\\\/ribeiraopreto-regiao\\\/#organization\"},\"potentialAction\":[{\"@type\":\"SearchAction\",\"target\":{\"@type\":\"EntryPoint\",\"urlTemplate\":\"https:\\\/\\\/redenoticiaz.com.br\\\/ribeiraopreto-regiao\\\/?s={search_term_string}\"},\"query-input\":{\"@type\":\"PropertyValueSpecification\",\"valueRequired\":true,\"valueName\":\"search_term_string\"}}],\"inLanguage\":\"pt-BR\"},{\"@type\":\"Organization\",\"@id\":\"https:\\\/\\\/redenoticiaz.com.br\\\/ribeiraopreto-regiao\\\/#organization\",\"name\":\"Ribeir\u00e3o Preto e Regi\u00e3o\",\"url\":\"https:\\\/\\\/redenoticiaz.com.br\\\/ribeiraopreto-regiao\\\/\",\"logo\":{\"@type\":\"ImageObject\",\"inLanguage\":\"pt-BR\",\"@id\":\"https:\\\/\\\/redenoticiaz.com.br\\\/ribeiraopreto-regiao\\\/#\\\/schema\\\/logo\\\/image\\\/\",\"url\":\"https:\\\/\\\/redenoticiaz.com.br\\\/barretos-regiao\\\/wp-content\\\/uploads\\\/sites\\\/4\\\/2022\\\/02\\\/logo.jpg\",\"contentUrl\":\"https:\\\/\\\/redenoticiaz.com.br\\\/barretos-regiao\\\/wp-content\\\/uploads\\\/sites\\\/4\\\/2022\\\/02\\\/logo.jpg\",\"width\":400,\"height\":250,\"caption\":\"Ribeir\u00e3o Preto e Regi\u00e3o\"},\"image\":{\"@id\":\"https:\\\/\\\/redenoticiaz.com.br\\\/ribeiraopreto-regiao\\\/#\\\/schema\\\/logo\\\/image\\\/\"},\"sameAs\":[\"https:\\\/\\\/m.facebook.com\\\/redenoticiaz.barretos\",\"https:\\\/\\\/x.com\\\/RN_barretos\",\"https:\\\/\\\/www.instagram.com\\\/redenoticiaz.barretos\\\/?igshid=YmMyMTA2M2Y\",\"https:\\\/\\\/www.linkedin.com\\\/company\\\/rede-noticiaz-barretos-e-regio\\\/\"]},{\"@type\":\"Person\",\"@id\":\"https:\\\/\\\/redenoticiaz.com.br\\\/ribeiraopreto-regiao\\\/#\\\/schema\\\/person\\\/0f0b8a5bdafefe82841e07ae8d81ecb3\",\"name\":\"Leonardo Francisco\",\"image\":{\"@type\":\"ImageObject\",\"inLanguage\":\"pt-BR\",\"@id\":\"https:\\\/\\\/secure.gravatar.com\\\/avatar\\\/a7358cb406a99b682ec6df1e77e31ae82e63601f6784e8a3df411d72b37864da?s=96&d=mm&r=g\",\"url\":\"https:\\\/\\\/secure.gravatar.com\\\/avatar\\\/a7358cb406a99b682ec6df1e77e31ae82e63601f6784e8a3df411d72b37864da?s=96&d=mm&r=g\",\"contentUrl\":\"https:\\\/\\\/secure.gravatar.com\\\/avatar\\\/a7358cb406a99b682ec6df1e77e31ae82e63601f6784e8a3df411d72b37864da?s=96&d=mm&r=g\",\"caption\":\"Leonardo Francisco\"},\"url\":\"https:\\\/\\\/redenoticiaz.com.br\\\/ribeiraopreto-regiao\\\/sp\\\/author\\\/leonardo-francisco\"}]}<\/script>\n<!-- \/ Yoast SEO plugin. -->","yoast_head_json":{"title":"Sistema Anchieta-Imigrantes deve ter 260 mil ve\u00edculos seguindo para a Baixada Santista no feriado de P\u00e1scoa - Ribeir\u00e3o Preto e Regi\u00e3o","description":"Mais um feriado chegou, desta vez o de P\u00e1scoa e a expectativa \u00e9 que o Sistema Anchieta-Imigrantes (SAI) receba at\u00e9 260 mil ve\u00edculos que","robots":{"index":"index","follow":"follow","max-snippet":"max-snippet:-1","max-image-preview":"max-image-preview:large","max-video-preview":"max-video-preview:-1"},"canonical":"https:\/\/redenoticiaz.com.br\/ribeiraopreto-regiao\/sp\/2022\/04\/15\/sistema-anchieta-imigrantes-deve-ter-260-mil-veiculos-seguindo-para-a-baixada-santista-no-feriado-de-pascoa","og_locale":"pt_BR","og_type":"article","og_title":"Sistema Anchieta-Imigrantes deve ter 260 mil ve\u00edculos seguindo para a Baixada Santista no feriado de P\u00e1scoa - Ribeir\u00e3o Preto e Regi\u00e3o","og_description":"Mais um feriado chegou, desta vez o de P\u00e1scoa e a expectativa \u00e9 que o Sistema Anchieta-Imigrantes (SAI) receba at\u00e9 260 mil ve\u00edculos que","og_url":"https:\/\/redenoticiaz.com.br\/ribeiraopreto-regiao\/sp\/2022\/04\/15\/sistema-anchieta-imigrantes-deve-ter-260-mil-veiculos-seguindo-para-a-baixada-santista-no-feriado-de-pascoa","og_site_name":"Ribeir\u00e3o Preto e Regi\u00e3o","article_publisher":"https:\/\/m.facebook.com\/redenoticiaz.barretos","article_published_time":"2022-04-15T17:31:19+00:00","og_image":[{"width":400,"height":250,"url":"https:\/\/redenoticiaz.com.br\/ribeiraopreto-regiao\/wp-content\/uploads\/sites\/4\/2022\/02\/logo.jpg","type":"image\/jpeg"}],"author":"Leonardo Francisco","twitter_card":"summary_large_image","twitter_creator":"@RN_barretos","twitter_site":"@RN_barretos","twitter_misc":{"Escrito por":"Leonardo Francisco","Est. tempo de leitura":"3 minutos"},"schema":{"@context":"https:\/\/schema.org","@graph":[{"@type":"Article","@id":"https:\/\/redenoticiaz.com.br\/ribeiraopreto-regiao\/sp\/2022\/04\/15\/sistema-anchieta-imigrantes-deve-ter-260-mil-veiculos-seguindo-para-a-baixada-santista-no-feriado-de-pascoa#article","isPartOf":{"@id":"https:\/\/redenoticiaz.com.br\/ribeiraopreto-regiao\/sp\/2022\/04\/15\/sistema-anchieta-imigrantes-deve-ter-260-mil-veiculos-seguindo-para-a-baixada-santista-no-feriado-de-pascoa"},"author":{"name":"Leonardo Francisco","@id":"https:\/\/redenoticiaz.com.br\/ribeiraopreto-regiao\/#\/schema\/person\/0f0b8a5bdafefe82841e07ae8d81ecb3"},"headline":"Sistema Anchieta-Imigrantes deve ter 260 mil ve\u00edculos seguindo para a Baixada Santista no feriado de P\u00e1scoa","datePublished":"2022-04-15T17:31:19+00:00","mainEntityOfPage":{"@id":"https:\/\/redenoticiaz.com.br\/ribeiraopreto-regiao\/sp\/2022\/04\/15\/sistema-anchieta-imigrantes-deve-ter-260-mil-veiculos-seguindo-para-a-baixada-santista-no-feriado-de-pascoa"},"wordCount":542,"commentCount":0,"publisher":{"@id":"https:\/\/redenoticiaz.com.br\/ribeiraopreto-regiao\/#organization"},"image":{"@id":"https:\/\/redenoticiaz.com.br\/ribeiraopreto-regiao\/sp\/2022\/04\/15\/sistema-anchieta-imigrantes-deve-ter-260-mil-veiculos-seguindo-para-a-baixada-santista-no-feriado-de-pascoa#primaryimage"},"thumbnailUrl":"https:\/\/redenoticiaz.com.br\/ribeiraopreto-regiao\/wp-content\/uploads\/sites\/4\/2022\/04\/estradas.jpg","keywords":["ECOVIAS","FERIADO DA P\u00c1SCOA","SISTEMA ANCHIETA-IMIGRANTES","transito"],"articleSection":["Tr\u00e2nsito"],"inLanguage":"pt-BR","potentialAction":[{"@type":"CommentAction","name":"Comment","target":["https:\/\/redenoticiaz.com.br\/ribeiraopreto-regiao\/sp\/2022\/04\/15\/sistema-anchieta-imigrantes-deve-ter-260-mil-veiculos-seguindo-para-a-baixada-santista-no-feriado-de-pascoa#respond"]}]},{"@type":"WebPage","@id":"https:\/\/redenoticiaz.com.br\/ribeiraopreto-regiao\/sp\/2022\/04\/15\/sistema-anchieta-imigrantes-deve-ter-260-mil-veiculos-seguindo-para-a-baixada-santista-no-feriado-de-pascoa","url":"https:\/\/redenoticiaz.com.br\/ribeiraopreto-regiao\/sp\/2022\/04\/15\/sistema-anchieta-imigrantes-deve-ter-260-mil-veiculos-seguindo-para-a-baixada-santista-no-feriado-de-pascoa","name":"Sistema Anchieta-Imigrantes deve ter 260 mil ve\u00edculos seguindo para a Baixada Santista no feriado de P\u00e1scoa - Ribeir\u00e3o Preto e Regi\u00e3o","isPartOf":{"@id":"https:\/\/redenoticiaz.com.br\/ribeiraopreto-regiao\/#website"},"primaryImageOfPage":{"@id":"https:\/\/redenoticiaz.com.br\/ribeiraopreto-regiao\/sp\/2022\/04\/15\/sistema-anchieta-imigrantes-deve-ter-260-mil-veiculos-seguindo-para-a-baixada-santista-no-feriado-de-pascoa#primaryimage"},"image":{"@id":"https:\/\/redenoticiaz.com.br\/ribeiraopreto-regiao\/sp\/2022\/04\/15\/sistema-anchieta-imigrantes-deve-ter-260-mil-veiculos-seguindo-para-a-baixada-santista-no-feriado-de-pascoa#primaryimage"},"thumbnailUrl":"https:\/\/redenoticiaz.com.br\/ribeiraopreto-regiao\/wp-content\/uploads\/sites\/4\/2022\/04\/estradas.jpg","datePublished":"2022-04-15T17:31:19+00:00","description":"Mais um feriado chegou, desta vez o de P\u00e1scoa e a expectativa \u00e9 que o Sistema Anchieta-Imigrantes (SAI) receba at\u00e9 260 mil ve\u00edculos que","inLanguage":"pt-BR","potentialAction":[{"@type":"ReadAction","target":["https:\/\/redenoticiaz.com.br\/ribeiraopreto-regiao\/sp\/2022\/04\/15\/sistema-anchieta-imigrantes-deve-ter-260-mil-veiculos-seguindo-para-a-baixada-santista-no-feriado-de-pascoa"]}]},{"@type":"ImageObject","inLanguage":"pt-BR","@id":"https:\/\/redenoticiaz.com.br\/ribeiraopreto-regiao\/sp\/2022\/04\/15\/sistema-anchieta-imigrantes-deve-ter-260-mil-veiculos-seguindo-para-a-baixada-santista-no-feriado-de-pascoa#primaryimage","url":"https:\/\/redenoticiaz.com.br\/ribeiraopreto-regiao\/wp-content\/uploads\/sites\/4\/2022\/04\/estradas.jpg","contentUrl":"https:\/\/redenoticiaz.com.br\/ribeiraopreto-regiao\/wp-content\/uploads\/sites\/4\/2022\/04\/estradas.jpg","width":900,"height":600,"caption":"A opera\u00e7\u00e3o especial ser\u00e1 v\u00e1lida at\u00e9 segunda-feira. Cr\u00e9ditos: Ecovias."},{"@type":"WebSite","@id":"https:\/\/redenoticiaz.com.br\/ribeiraopreto-regiao\/#website","url":"https:\/\/redenoticiaz.com.br\/ribeiraopreto-regiao\/","name":"Ribeir\u00e3o Preto e Regi\u00e3o","description":"Rede NoticiaZ - Ribeir\u00e3o Preto e regi\u00e3o","publisher":{"@id":"https:\/\/redenoticiaz.com.br\/ribeiraopreto-regiao\/#organization"},"potentialAction":[{"@type":"SearchAction","target":{"@type":"EntryPoint","urlTemplate":"https:\/\/redenoticiaz.com.br\/ribeiraopreto-regiao\/?s={search_term_string}"},"query-input":{"@type":"PropertyValueSpecification","valueRequired":true,"valueName":"search_term_string"}}],"inLanguage":"pt-BR"},{"@type":"Organization","@id":"https:\/\/redenoticiaz.com.br\/ribeiraopreto-regiao\/#organization","name":"Ribeir\u00e3o Preto e Regi\u00e3o","url":"https:\/\/redenoticiaz.com.br\/ribeiraopreto-regiao\/","logo":{"@type":"ImageObject","inLanguage":"pt-BR","@id":"https:\/\/redenoticiaz.com.br\/ribeiraopreto-regiao\/#\/schema\/logo\/image\/","url":"https:\/\/redenoticiaz.com.br\/barretos-regiao\/wp-content\/uploads\/sites\/4\/2022\/02\/logo.jpg","contentUrl":"https:\/\/redenoticiaz.com.br\/barretos-regiao\/wp-content\/uploads\/sites\/4\/2022\/02\/logo.jpg","width":400,"height":250,"caption":"Ribeir\u00e3o Preto e Regi\u00e3o"},"image":{"@id":"https:\/\/redenoticiaz.com.br\/ribeiraopreto-regiao\/#\/schema\/logo\/image\/"},"sameAs":["https:\/\/m.facebook.com\/redenoticiaz.barretos","https:\/\/x.com\/RN_barretos","https:\/\/www.instagram.com\/redenoticiaz.barretos\/?igshid=YmMyMTA2M2Y","https:\/\/www.linkedin.com\/company\/rede-noticiaz-barretos-e-regio\/"]},{"@type":"Person","@id":"https:\/\/redenoticiaz.com.br\/ribeiraopreto-regiao\/#\/schema\/person\/0f0b8a5bdafefe82841e07ae8d81ecb3","name":"Leonardo Francisco","image":{"@type":"ImageObject","inLanguage":"pt-BR","@id":"https:\/\/secure.gravatar.com\/avatar\/a7358cb406a99b682ec6df1e77e31ae82e63601f6784e8a3df411d72b37864da?s=96&d=mm&r=g","url":"https:\/\/secure.gravatar.com\/avatar\/a7358cb406a99b682ec6df1e77e31ae82e63601f6784e8a3df411d72b37864da?s=96&d=mm&r=g","contentUrl":"https:\/\/secure.gravatar.com\/avatar\/a7358cb406a99b682ec6df1e77e31ae82e63601f6784e8a3df411d72b37864da?s=96&d=mm&r=g","caption":"Leonardo Francisco"},"url":"https:\/\/redenoticiaz.com.br\/ribeiraopreto-regiao\/sp\/author\/leonardo-francisco"}]}},"_links":{"self":[{"href":"https:\/\/redenoticiaz.com.br\/ribeiraopreto-regiao\/wp-json\/wp\/v2\/posts\/2571","targetHints":{"allow":["GET"]}}],"collection":[{"href":"https:\/\/redenoticiaz.com.br\/ribeiraopreto-regiao\/wp-json\/wp\/v2\/posts"}],"about":[{"href":"https:\/\/redenoticiaz.com.br\/ribeiraopreto-regiao\/wp-json\/wp\/v2\/types\/post"}],"author":[{"embeddable":true,"href":"https:\/\/redenoticiaz.com.br\/ribeiraopreto-regiao\/wp-json\/wp\/v2\/users\/6"}],"replies":[{"embeddable":true,"href":"https:\/\/redenoticiaz.com.br\/ribeiraopreto-regiao\/wp-json\/wp\/v2\/comments?post=2571"}],"version-history":[{"count":0,"href":"https:\/\/redenoticiaz.com.br\/ribeiraopreto-regiao\/wp-json\/wp\/v2\/posts\/2571\/revisions"}],"wp:featuredmedia":[{"embeddable":true,"href":"https:\/\/redenoticiaz.com.br\/ribeiraopreto-regiao\/wp-json\/wp\/v2\/media\/2572"}],"wp:attachment":[{"href":"https:\/\/redenoticiaz.com.br\/ribeiraopreto-regiao\/wp-json\/wp\/v2\/media?parent=2571"}],"wp:term":[{"taxonomy":"category","embeddable":true,"href":"https:\/\/redenoticiaz.com.br\/ribeiraopreto-regiao\/wp-json\/wp\/v2\/categories?post=2571"},{"taxonomy":"post_tag","embeddable":true,"href":"https:\/\/redenoticiaz.com.br\/ribeiraopreto-regiao\/wp-json\/wp\/v2\/tags?post=2571"}],"curies":[{"name":"wp","href":"https:\/\/api.w.org\/{rel}","templated":true}]}}