{"id":267,"date":"2022-03-06T08:00:15","date_gmt":"2022-03-06T11:00:15","guid":{"rendered":"https:\/\/redenoticiaz.com.br\/barretos-regiao\/?p=267"},"modified":"2022-03-01T19:53:05","modified_gmt":"2022-03-01T22:53:05","slug":"artigo-a-educacao-financeira-e-essencial-para-a-vida","status":"publish","type":"post","link":"https:\/\/redenoticiaz.com.br\/ribeiraopreto-regiao\/sp\/2022\/03\/06\/artigo-a-educacao-financeira-e-essencial-para-a-vida","title":{"rendered":"Artigo &#8211; A educa\u00e7\u00e3o financeira \u00e9 essencial para a vida"},"content":{"rendered":"<p><em>Por Ad\u00e9lia Glycerio<\/em><\/p>\n<p>As regras b\u00e1sicas da educa\u00e7\u00e3o financeira, apesar de simples, n\u00e3o s\u00e3o observadas pela maioria das fam\u00edlias brasileiras e a consequ\u00eancia imediata \u00e9 o endividamento de grande parte delas. A verdadeira base da <strong>educa\u00e7\u00e3o financeira<\/strong> \u00e9 o consumo consciente, ou seja, gastar menos que ganha e evitar compras por impulso. Consequentemente, isso ir\u00e1 evitar dividas absurdas no futuro.<\/p>\n<p>Outro ponto ignorado para quem deseja mudar de vida \u00e9 a busca pela renda extra. J\u00e1 parou para pensar qual o seu dom? Que habilidades voc\u00ea tem que poderiam te trazer mais dinheiro? \u00c9 importante ficar atento \u00e0s oportunidades que aparecem ao longo da vida e n\u00e3o as deixar escapar.<\/p>\n<p>Para manter a sa\u00fade de seu bolso em dia, procure primeiro investir para depois consumir. Assim voc\u00ea n\u00e3o contrai d\u00edvidas maiores do que aquelas que pode pagar. No entanto, se surgirem d\u00edvidas, trate de quit\u00e1-las o mais r\u00e1pido poss\u00edvel. Renegociar \u00e9 sempre uma boa op\u00e7\u00e3o, pois h\u00e1 a possibilidade de reduzir o valor.<\/p>\n<p>Com as contas em dia, passe a destinar de 10% a 30% dos seus ganhos para sua conta de investimentos. \u00c9 preciso aplicar de forma inteligente para que com o tempo seus investimentos cres\u00e7am sozinhos. Muitas pessoas acham que para investir necessitam de muito dinheiro, isto n\u00e3o \u00e9 verdade!<\/p>\n<p>Um importante passo para alcan\u00e7ar a liberdade financeira \u00e9 o planejamento! \u00c9 essencial ter uma base s\u00f3lida e estabelecer metas a curto, m\u00e9dio e longo prazo. Pense em como voc\u00ea quer estar financeiramente daqui a dois, cinco, 10 ou 20 anos e o que \u00e9 preciso fazer para chegar a este objetivo.<\/p>\n<p>O seu foco deve ser aprender a se pagar em primeiro lugar. Quando voc\u00ea receber a sua remunera\u00e7\u00e3o, antes de sair pagando quaisquer despesas e obriga\u00e7\u00f5es, primeiro pague-se. Por isso, indico que voc\u00ea destine separe um valor mensal para investimentos e aplique em renda fixa para come\u00e7ar.<\/p>\n<p>Se voc\u00ea n\u00e3o destinar uma parte do seu sal\u00e1rio para sua conta investimento todos os meses, voc\u00ea ficar\u00e1 mais pobre a cada m\u00eas que passa, pois n\u00e3o ter\u00e1 o dinheiro rendendo. Esse valor far\u00e1 falta quando voc\u00ea chegar na terceira idade, pois a tend\u00eancia \u00e9 que a sua aposentadoria seja menor do que os seus ganhos hoje.<\/p>\n<p>Al\u00e9m do mais, hoje n\u00e3o temos garantia alguma de que o <a href=\"https:\/\/meu.inss.gov.br\/#\/login\">INSS<\/a> continuar\u00e1 pagando as aposentadorias, tendo em vista o envelhecimento da popula\u00e7\u00e3o. Por isso, todo cuidado \u00e9 pouco.<\/p>\n<p>Voc\u00ea precisa cuidar das suas finan\u00e7as e come\u00e7ar uma conta investimento para ter um futuro tranquilo e seguro financeiramente. Isso \u00e9 muito importante para n\u00e3o depender de ningu\u00e9m no futuro, nem da fam\u00edlia, nem do governo. Fique atento!<\/p>\n<p><strong>LEIA TAMB\u00c9M<\/strong><\/p>\n<p><a href=\"https:\/\/redenoticiaz.com.br\/blog\/2022\/02\/26\/metaverso-devera-criar-novas-carreiras-diz-especialista\">Metaverso dever\u00e1 criar novas carreiras, diz especialista<\/a><\/p>\n","protected":false},"excerpt":{"rendered":"<p>Por Ad\u00e9lia Glycerio As regras b\u00e1sicas da educa\u00e7\u00e3o financeira, apesar de simples, n\u00e3o s\u00e3o observadas pela maioria das fam\u00edlias brasileiras e a consequ\u00eancia imediata \u00e9 o endividamento de grande parte delas. A verdadeira base da educa\u00e7\u00e3o financeira \u00e9 o consumo consciente, ou seja, gastar menos que ganha e evitar compras por impulso. Consequentemente, isso ir\u00e1 &hellip;<\/p>\n","protected":false},"author":6,"featured_media":268,"comment_status":"open","ping_status":"closed","sticky":false,"template":"","format":"standard","meta":{"footnotes":""},"categories":[820],"tags":[930,177,205,931],"class_list":["post-267","post","type-post","status-publish","format-standard","has-post-thumbnail","hentry","category-educacao","tag-conselhos","tag-dicas","tag-economia","tag-educacao-financeira"],"yoast_head":"<!-- This site is optimized with the Yoast SEO plugin v27.4 - https:\/\/yoast.com\/product\/yoast-seo-wordpress\/ -->\n<title>Artigo - A educa\u00e7\u00e3o financeira \u00e9 essencial para a vida - Ribeir\u00e3o Preto e Regi\u00e3o<\/title>\n<meta name=\"description\" content=\"brasileiras e a consequ\u00eancia imediata \u00e9 o endividamento de grande parte delas. A verdadeira base da educa\u00e7\u00e3o financeira \u00e9 o\" \/>\n<meta name=\"robots\" content=\"index, follow, max-snippet:-1, max-image-preview:large, max-video-preview:-1\" \/>\n<link rel=\"canonical\" href=\"https:\/\/redenoticiaz.com.br\/ribeiraopreto-regiao\/sp\/2022\/03\/06\/artigo-a-educacao-financeira-e-essencial-para-a-vida\" \/>\n<meta property=\"og:locale\" content=\"pt_BR\" \/>\n<meta property=\"og:type\" content=\"article\" \/>\n<meta property=\"og:title\" content=\"Artigo - A educa\u00e7\u00e3o financeira \u00e9 essencial para a vida - Ribeir\u00e3o Preto e Regi\u00e3o\" \/>\n<meta property=\"og:description\" content=\"brasileiras e a consequ\u00eancia imediata \u00e9 o endividamento de grande parte delas. A verdadeira base da educa\u00e7\u00e3o financeira \u00e9 o\" \/>\n<meta property=\"og:url\" content=\"https:\/\/redenoticiaz.com.br\/ribeiraopreto-regiao\/sp\/2022\/03\/06\/artigo-a-educacao-financeira-e-essencial-para-a-vida\" \/>\n<meta property=\"og:site_name\" content=\"Ribeir\u00e3o Preto e Regi\u00e3o\" \/>\n<meta property=\"article:publisher\" content=\"https:\/\/m.facebook.com\/redenoticiaz.barretos\" \/>\n<meta property=\"article:published_time\" content=\"2022-03-06T11:00:15+00:00\" \/>\n<meta property=\"og:image\" content=\"https:\/\/redenoticiaz.com.br\/ribeiraopreto-regiao\/wp-content\/uploads\/sites\/4\/2022\/02\/logo.jpg\" \/>\n\t<meta property=\"og:image:width\" content=\"400\" \/>\n\t<meta property=\"og:image:height\" content=\"250\" \/>\n\t<meta property=\"og:image:type\" content=\"image\/jpeg\" \/>\n<meta name=\"author\" content=\"Leonardo Francisco\" \/>\n<meta name=\"twitter:card\" content=\"summary_large_image\" \/>\n<meta name=\"twitter:creator\" content=\"@RN_barretos\" \/>\n<meta name=\"twitter:site\" content=\"@RN_barretos\" \/>\n<meta name=\"twitter:label1\" content=\"Escrito por\" \/>\n\t<meta name=\"twitter:data1\" content=\"Leonardo Francisco\" \/>\n\t<meta name=\"twitter:label2\" content=\"Est. tempo de leitura\" \/>\n\t<meta name=\"twitter:data2\" content=\"2 minutos\" \/>\n<script type=\"application\/ld+json\" class=\"yoast-schema-graph\">{\"@context\":\"https:\\\/\\\/schema.org\",\"@graph\":[{\"@type\":\"Article\",\"@id\":\"https:\\\/\\\/redenoticiaz.com.br\\\/ribeiraopreto-regiao\\\/sp\\\/2022\\\/03\\\/06\\\/artigo-a-educacao-financeira-e-essencial-para-a-vida#article\",\"isPartOf\":{\"@id\":\"https:\\\/\\\/redenoticiaz.com.br\\\/ribeiraopreto-regiao\\\/sp\\\/2022\\\/03\\\/06\\\/artigo-a-educacao-financeira-e-essencial-para-a-vida\"},\"author\":{\"name\":\"Leonardo Francisco\",\"@id\":\"https:\\\/\\\/redenoticiaz.com.br\\\/ribeiraopreto-regiao\\\/#\\\/schema\\\/person\\\/0f0b8a5bdafefe82841e07ae8d81ecb3\"},\"headline\":\"Artigo &#8211; A educa\u00e7\u00e3o financeira \u00e9 essencial para a vida\",\"datePublished\":\"2022-03-06T11:00:15+00:00\",\"mainEntityOfPage\":{\"@id\":\"https:\\\/\\\/redenoticiaz.com.br\\\/ribeiraopreto-regiao\\\/sp\\\/2022\\\/03\\\/06\\\/artigo-a-educacao-financeira-e-essencial-para-a-vida\"},\"wordCount\":476,\"commentCount\":0,\"publisher\":{\"@id\":\"https:\\\/\\\/redenoticiaz.com.br\\\/ribeiraopreto-regiao\\\/#organization\"},\"image\":{\"@id\":\"https:\\\/\\\/redenoticiaz.com.br\\\/ribeiraopreto-regiao\\\/sp\\\/2022\\\/03\\\/06\\\/artigo-a-educacao-financeira-e-essencial-para-a-vida#primaryimage\"},\"thumbnailUrl\":\"https:\\\/\\\/redenoticiaz.com.br\\\/ribeiraopreto-regiao\\\/wp-content\\\/uploads\\\/sites\\\/4\\\/2022\\\/03\\\/educacao-financeira-1536x1024-1.jpg?v=1646175087\",\"keywords\":[\"CONSELHOS\",\"DICAS\",\"economia\",\"EDUCA\u00c7\u00c3O FINANCEIRA\"],\"articleSection\":[\"Educa\u00e7\u00e3o\"],\"inLanguage\":\"pt-BR\",\"potentialAction\":[{\"@type\":\"CommentAction\",\"name\":\"Comment\",\"target\":[\"https:\\\/\\\/redenoticiaz.com.br\\\/ribeiraopreto-regiao\\\/sp\\\/2022\\\/03\\\/06\\\/artigo-a-educacao-financeira-e-essencial-para-a-vida#respond\"]}]},{\"@type\":\"WebPage\",\"@id\":\"https:\\\/\\\/redenoticiaz.com.br\\\/ribeiraopreto-regiao\\\/sp\\\/2022\\\/03\\\/06\\\/artigo-a-educacao-financeira-e-essencial-para-a-vida\",\"url\":\"https:\\\/\\\/redenoticiaz.com.br\\\/ribeiraopreto-regiao\\\/sp\\\/2022\\\/03\\\/06\\\/artigo-a-educacao-financeira-e-essencial-para-a-vida\",\"name\":\"Artigo - A educa\u00e7\u00e3o financeira \u00e9 essencial para a vida - Ribeir\u00e3o Preto e Regi\u00e3o\",\"isPartOf\":{\"@id\":\"https:\\\/\\\/redenoticiaz.com.br\\\/ribeiraopreto-regiao\\\/#website\"},\"primaryImageOfPage\":{\"@id\":\"https:\\\/\\\/redenoticiaz.com.br\\\/ribeiraopreto-regiao\\\/sp\\\/2022\\\/03\\\/06\\\/artigo-a-educacao-financeira-e-essencial-para-a-vida#primaryimage\"},\"image\":{\"@id\":\"https:\\\/\\\/redenoticiaz.com.br\\\/ribeiraopreto-regiao\\\/sp\\\/2022\\\/03\\\/06\\\/artigo-a-educacao-financeira-e-essencial-para-a-vida#primaryimage\"},\"thumbnailUrl\":\"https:\\\/\\\/redenoticiaz.com.br\\\/ribeiraopreto-regiao\\\/wp-content\\\/uploads\\\/sites\\\/4\\\/2022\\\/03\\\/educacao-financeira-1536x1024-1.jpg?v=1646175087\",\"datePublished\":\"2022-03-06T11:00:15+00:00\",\"description\":\"brasileiras e a consequ\u00eancia imediata \u00e9 o endividamento de grande parte delas. A verdadeira base da educa\u00e7\u00e3o financeira \u00e9 o\",\"inLanguage\":\"pt-BR\",\"potentialAction\":[{\"@type\":\"ReadAction\",\"target\":[\"https:\\\/\\\/redenoticiaz.com.br\\\/ribeiraopreto-regiao\\\/sp\\\/2022\\\/03\\\/06\\\/artigo-a-educacao-financeira-e-essencial-para-a-vida\"]}]},{\"@type\":\"ImageObject\",\"inLanguage\":\"pt-BR\",\"@id\":\"https:\\\/\\\/redenoticiaz.com.br\\\/ribeiraopreto-regiao\\\/sp\\\/2022\\\/03\\\/06\\\/artigo-a-educacao-financeira-e-essencial-para-a-vida#primaryimage\",\"url\":\"https:\\\/\\\/redenoticiaz.com.br\\\/ribeiraopreto-regiao\\\/wp-content\\\/uploads\\\/sites\\\/4\\\/2022\\\/03\\\/educacao-financeira-1536x1024-1.jpg?v=1646175087\",\"contentUrl\":\"https:\\\/\\\/redenoticiaz.com.br\\\/ribeiraopreto-regiao\\\/wp-content\\\/uploads\\\/sites\\\/4\\\/2022\\\/03\\\/educacao-financeira-1536x1024-1.jpg?v=1646175087\",\"width\":1536,\"height\":1024,\"caption\":\"Cr\u00e9ditos: Reprodu\u00e7\u00e3o\"},{\"@type\":\"WebSite\",\"@id\":\"https:\\\/\\\/redenoticiaz.com.br\\\/ribeiraopreto-regiao\\\/#website\",\"url\":\"https:\\\/\\\/redenoticiaz.com.br\\\/ribeiraopreto-regiao\\\/\",\"name\":\"Ribeir\u00e3o Preto e Regi\u00e3o\",\"description\":\"Rede NoticiaZ - Ribeir\u00e3o Preto e regi\u00e3o\",\"publisher\":{\"@id\":\"https:\\\/\\\/redenoticiaz.com.br\\\/ribeiraopreto-regiao\\\/#organization\"},\"potentialAction\":[{\"@type\":\"SearchAction\",\"target\":{\"@type\":\"EntryPoint\",\"urlTemplate\":\"https:\\\/\\\/redenoticiaz.com.br\\\/ribeiraopreto-regiao\\\/?s={search_term_string}\"},\"query-input\":{\"@type\":\"PropertyValueSpecification\",\"valueRequired\":true,\"valueName\":\"search_term_string\"}}],\"inLanguage\":\"pt-BR\"},{\"@type\":\"Organization\",\"@id\":\"https:\\\/\\\/redenoticiaz.com.br\\\/ribeiraopreto-regiao\\\/#organization\",\"name\":\"Ribeir\u00e3o Preto e Regi\u00e3o\",\"url\":\"https:\\\/\\\/redenoticiaz.com.br\\\/ribeiraopreto-regiao\\\/\",\"logo\":{\"@type\":\"ImageObject\",\"inLanguage\":\"pt-BR\",\"@id\":\"https:\\\/\\\/redenoticiaz.com.br\\\/ribeiraopreto-regiao\\\/#\\\/schema\\\/logo\\\/image\\\/\",\"url\":\"https:\\\/\\\/redenoticiaz.com.br\\\/barretos-regiao\\\/wp-content\\\/uploads\\\/sites\\\/4\\\/2022\\\/02\\\/logo.jpg\",\"contentUrl\":\"https:\\\/\\\/redenoticiaz.com.br\\\/barretos-regiao\\\/wp-content\\\/uploads\\\/sites\\\/4\\\/2022\\\/02\\\/logo.jpg\",\"width\":400,\"height\":250,\"caption\":\"Ribeir\u00e3o Preto e Regi\u00e3o\"},\"image\":{\"@id\":\"https:\\\/\\\/redenoticiaz.com.br\\\/ribeiraopreto-regiao\\\/#\\\/schema\\\/logo\\\/image\\\/\"},\"sameAs\":[\"https:\\\/\\\/m.facebook.com\\\/redenoticiaz.barretos\",\"https:\\\/\\\/x.com\\\/RN_barretos\",\"https:\\\/\\\/www.instagram.com\\\/redenoticiaz.barretos\\\/?igshid=YmMyMTA2M2Y\",\"https:\\\/\\\/www.linkedin.com\\\/company\\\/rede-noticiaz-barretos-e-regio\\\/\"]},{\"@type\":\"Person\",\"@id\":\"https:\\\/\\\/redenoticiaz.com.br\\\/ribeiraopreto-regiao\\\/#\\\/schema\\\/person\\\/0f0b8a5bdafefe82841e07ae8d81ecb3\",\"name\":\"Leonardo Francisco\",\"image\":{\"@type\":\"ImageObject\",\"inLanguage\":\"pt-BR\",\"@id\":\"https:\\\/\\\/secure.gravatar.com\\\/avatar\\\/a7358cb406a99b682ec6df1e77e31ae82e63601f6784e8a3df411d72b37864da?s=96&d=mm&r=g\",\"url\":\"https:\\\/\\\/secure.gravatar.com\\\/avatar\\\/a7358cb406a99b682ec6df1e77e31ae82e63601f6784e8a3df411d72b37864da?s=96&d=mm&r=g\",\"contentUrl\":\"https:\\\/\\\/secure.gravatar.com\\\/avatar\\\/a7358cb406a99b682ec6df1e77e31ae82e63601f6784e8a3df411d72b37864da?s=96&d=mm&r=g\",\"caption\":\"Leonardo Francisco\"},\"url\":\"https:\\\/\\\/redenoticiaz.com.br\\\/ribeiraopreto-regiao\\\/sp\\\/author\\\/leonardo-francisco\"}]}<\/script>\n<!-- \/ Yoast SEO plugin. -->","yoast_head_json":{"title":"Artigo - A educa\u00e7\u00e3o financeira \u00e9 essencial para a vida - Ribeir\u00e3o Preto e Regi\u00e3o","description":"brasileiras e a consequ\u00eancia imediata \u00e9 o endividamento de grande parte delas. A verdadeira base da educa\u00e7\u00e3o financeira \u00e9 o","robots":{"index":"index","follow":"follow","max-snippet":"max-snippet:-1","max-image-preview":"max-image-preview:large","max-video-preview":"max-video-preview:-1"},"canonical":"https:\/\/redenoticiaz.com.br\/ribeiraopreto-regiao\/sp\/2022\/03\/06\/artigo-a-educacao-financeira-e-essencial-para-a-vida","og_locale":"pt_BR","og_type":"article","og_title":"Artigo - A educa\u00e7\u00e3o financeira \u00e9 essencial para a vida - Ribeir\u00e3o Preto e Regi\u00e3o","og_description":"brasileiras e a consequ\u00eancia imediata \u00e9 o endividamento de grande parte delas. A verdadeira base da educa\u00e7\u00e3o financeira \u00e9 o","og_url":"https:\/\/redenoticiaz.com.br\/ribeiraopreto-regiao\/sp\/2022\/03\/06\/artigo-a-educacao-financeira-e-essencial-para-a-vida","og_site_name":"Ribeir\u00e3o Preto e Regi\u00e3o","article_publisher":"https:\/\/m.facebook.com\/redenoticiaz.barretos","article_published_time":"2022-03-06T11:00:15+00:00","og_image":[{"width":400,"height":250,"url":"https:\/\/redenoticiaz.com.br\/ribeiraopreto-regiao\/wp-content\/uploads\/sites\/4\/2022\/02\/logo.jpg","type":"image\/jpeg"}],"author":"Leonardo Francisco","twitter_card":"summary_large_image","twitter_creator":"@RN_barretos","twitter_site":"@RN_barretos","twitter_misc":{"Escrito por":"Leonardo Francisco","Est. tempo de leitura":"2 minutos"},"schema":{"@context":"https:\/\/schema.org","@graph":[{"@type":"Article","@id":"https:\/\/redenoticiaz.com.br\/ribeiraopreto-regiao\/sp\/2022\/03\/06\/artigo-a-educacao-financeira-e-essencial-para-a-vida#article","isPartOf":{"@id":"https:\/\/redenoticiaz.com.br\/ribeiraopreto-regiao\/sp\/2022\/03\/06\/artigo-a-educacao-financeira-e-essencial-para-a-vida"},"author":{"name":"Leonardo Francisco","@id":"https:\/\/redenoticiaz.com.br\/ribeiraopreto-regiao\/#\/schema\/person\/0f0b8a5bdafefe82841e07ae8d81ecb3"},"headline":"Artigo &#8211; A educa\u00e7\u00e3o financeira \u00e9 essencial para a vida","datePublished":"2022-03-06T11:00:15+00:00","mainEntityOfPage":{"@id":"https:\/\/redenoticiaz.com.br\/ribeiraopreto-regiao\/sp\/2022\/03\/06\/artigo-a-educacao-financeira-e-essencial-para-a-vida"},"wordCount":476,"commentCount":0,"publisher":{"@id":"https:\/\/redenoticiaz.com.br\/ribeiraopreto-regiao\/#organization"},"image":{"@id":"https:\/\/redenoticiaz.com.br\/ribeiraopreto-regiao\/sp\/2022\/03\/06\/artigo-a-educacao-financeira-e-essencial-para-a-vida#primaryimage"},"thumbnailUrl":"https:\/\/redenoticiaz.com.br\/ribeiraopreto-regiao\/wp-content\/uploads\/sites\/4\/2022\/03\/educacao-financeira-1536x1024-1.jpg?v=1646175087","keywords":["CONSELHOS","DICAS","economia","EDUCA\u00c7\u00c3O FINANCEIRA"],"articleSection":["Educa\u00e7\u00e3o"],"inLanguage":"pt-BR","potentialAction":[{"@type":"CommentAction","name":"Comment","target":["https:\/\/redenoticiaz.com.br\/ribeiraopreto-regiao\/sp\/2022\/03\/06\/artigo-a-educacao-financeira-e-essencial-para-a-vida#respond"]}]},{"@type":"WebPage","@id":"https:\/\/redenoticiaz.com.br\/ribeiraopreto-regiao\/sp\/2022\/03\/06\/artigo-a-educacao-financeira-e-essencial-para-a-vida","url":"https:\/\/redenoticiaz.com.br\/ribeiraopreto-regiao\/sp\/2022\/03\/06\/artigo-a-educacao-financeira-e-essencial-para-a-vida","name":"Artigo - A educa\u00e7\u00e3o financeira \u00e9 essencial para a vida - Ribeir\u00e3o Preto e Regi\u00e3o","isPartOf":{"@id":"https:\/\/redenoticiaz.com.br\/ribeiraopreto-regiao\/#website"},"primaryImageOfPage":{"@id":"https:\/\/redenoticiaz.com.br\/ribeiraopreto-regiao\/sp\/2022\/03\/06\/artigo-a-educacao-financeira-e-essencial-para-a-vida#primaryimage"},"image":{"@id":"https:\/\/redenoticiaz.com.br\/ribeiraopreto-regiao\/sp\/2022\/03\/06\/artigo-a-educacao-financeira-e-essencial-para-a-vida#primaryimage"},"thumbnailUrl":"https:\/\/redenoticiaz.com.br\/ribeiraopreto-regiao\/wp-content\/uploads\/sites\/4\/2022\/03\/educacao-financeira-1536x1024-1.jpg?v=1646175087","datePublished":"2022-03-06T11:00:15+00:00","description":"brasileiras e a consequ\u00eancia imediata \u00e9 o endividamento de grande parte delas. A verdadeira base da educa\u00e7\u00e3o financeira \u00e9 o","inLanguage":"pt-BR","potentialAction":[{"@type":"ReadAction","target":["https:\/\/redenoticiaz.com.br\/ribeiraopreto-regiao\/sp\/2022\/03\/06\/artigo-a-educacao-financeira-e-essencial-para-a-vida"]}]},{"@type":"ImageObject","inLanguage":"pt-BR","@id":"https:\/\/redenoticiaz.com.br\/ribeiraopreto-regiao\/sp\/2022\/03\/06\/artigo-a-educacao-financeira-e-essencial-para-a-vida#primaryimage","url":"https:\/\/redenoticiaz.com.br\/ribeiraopreto-regiao\/wp-content\/uploads\/sites\/4\/2022\/03\/educacao-financeira-1536x1024-1.jpg?v=1646175087","contentUrl":"https:\/\/redenoticiaz.com.br\/ribeiraopreto-regiao\/wp-content\/uploads\/sites\/4\/2022\/03\/educacao-financeira-1536x1024-1.jpg?v=1646175087","width":1536,"height":1024,"caption":"Cr\u00e9ditos: Reprodu\u00e7\u00e3o"},{"@type":"WebSite","@id":"https:\/\/redenoticiaz.com.br\/ribeiraopreto-regiao\/#website","url":"https:\/\/redenoticiaz.com.br\/ribeiraopreto-regiao\/","name":"Ribeir\u00e3o Preto e Regi\u00e3o","description":"Rede NoticiaZ - Ribeir\u00e3o Preto e regi\u00e3o","publisher":{"@id":"https:\/\/redenoticiaz.com.br\/ribeiraopreto-regiao\/#organization"},"potentialAction":[{"@type":"SearchAction","target":{"@type":"EntryPoint","urlTemplate":"https:\/\/redenoticiaz.com.br\/ribeiraopreto-regiao\/?s={search_term_string}"},"query-input":{"@type":"PropertyValueSpecification","valueRequired":true,"valueName":"search_term_string"}}],"inLanguage":"pt-BR"},{"@type":"Organization","@id":"https:\/\/redenoticiaz.com.br\/ribeiraopreto-regiao\/#organization","name":"Ribeir\u00e3o Preto e Regi\u00e3o","url":"https:\/\/redenoticiaz.com.br\/ribeiraopreto-regiao\/","logo":{"@type":"ImageObject","inLanguage":"pt-BR","@id":"https:\/\/redenoticiaz.com.br\/ribeiraopreto-regiao\/#\/schema\/logo\/image\/","url":"https:\/\/redenoticiaz.com.br\/barretos-regiao\/wp-content\/uploads\/sites\/4\/2022\/02\/logo.jpg","contentUrl":"https:\/\/redenoticiaz.com.br\/barretos-regiao\/wp-content\/uploads\/sites\/4\/2022\/02\/logo.jpg","width":400,"height":250,"caption":"Ribeir\u00e3o Preto e Regi\u00e3o"},"image":{"@id":"https:\/\/redenoticiaz.com.br\/ribeiraopreto-regiao\/#\/schema\/logo\/image\/"},"sameAs":["https:\/\/m.facebook.com\/redenoticiaz.barretos","https:\/\/x.com\/RN_barretos","https:\/\/www.instagram.com\/redenoticiaz.barretos\/?igshid=YmMyMTA2M2Y","https:\/\/www.linkedin.com\/company\/rede-noticiaz-barretos-e-regio\/"]},{"@type":"Person","@id":"https:\/\/redenoticiaz.com.br\/ribeiraopreto-regiao\/#\/schema\/person\/0f0b8a5bdafefe82841e07ae8d81ecb3","name":"Leonardo Francisco","image":{"@type":"ImageObject","inLanguage":"pt-BR","@id":"https:\/\/secure.gravatar.com\/avatar\/a7358cb406a99b682ec6df1e77e31ae82e63601f6784e8a3df411d72b37864da?s=96&d=mm&r=g","url":"https:\/\/secure.gravatar.com\/avatar\/a7358cb406a99b682ec6df1e77e31ae82e63601f6784e8a3df411d72b37864da?s=96&d=mm&r=g","contentUrl":"https:\/\/secure.gravatar.com\/avatar\/a7358cb406a99b682ec6df1e77e31ae82e63601f6784e8a3df411d72b37864da?s=96&d=mm&r=g","caption":"Leonardo Francisco"},"url":"https:\/\/redenoticiaz.com.br\/ribeiraopreto-regiao\/sp\/author\/leonardo-francisco"}]}},"_links":{"self":[{"href":"https:\/\/redenoticiaz.com.br\/ribeiraopreto-regiao\/wp-json\/wp\/v2\/posts\/267","targetHints":{"allow":["GET"]}}],"collection":[{"href":"https:\/\/redenoticiaz.com.br\/ribeiraopreto-regiao\/wp-json\/wp\/v2\/posts"}],"about":[{"href":"https:\/\/redenoticiaz.com.br\/ribeiraopreto-regiao\/wp-json\/wp\/v2\/types\/post"}],"author":[{"embeddable":true,"href":"https:\/\/redenoticiaz.com.br\/ribeiraopreto-regiao\/wp-json\/wp\/v2\/users\/6"}],"replies":[{"embeddable":true,"href":"https:\/\/redenoticiaz.com.br\/ribeiraopreto-regiao\/wp-json\/wp\/v2\/comments?post=267"}],"version-history":[{"count":0,"href":"https:\/\/redenoticiaz.com.br\/ribeiraopreto-regiao\/wp-json\/wp\/v2\/posts\/267\/revisions"}],"wp:featuredmedia":[{"embeddable":true,"href":"https:\/\/redenoticiaz.com.br\/ribeiraopreto-regiao\/wp-json\/wp\/v2\/media\/268"}],"wp:attachment":[{"href":"https:\/\/redenoticiaz.com.br\/ribeiraopreto-regiao\/wp-json\/wp\/v2\/media?parent=267"}],"wp:term":[{"taxonomy":"category","embeddable":true,"href":"https:\/\/redenoticiaz.com.br\/ribeiraopreto-regiao\/wp-json\/wp\/v2\/categories?post=267"},{"taxonomy":"post_tag","embeddable":true,"href":"https:\/\/redenoticiaz.com.br\/ribeiraopreto-regiao\/wp-json\/wp\/v2\/tags?post=267"}],"curies":[{"name":"wp","href":"https:\/\/api.w.org\/{rel}","templated":true}]}}