{"id":2690,"date":"2022-04-17T14:11:01","date_gmt":"2022-04-17T17:11:01","guid":{"rendered":"https:\/\/redenoticiaz.com.br\/barretos-regiao\/sp\/2022\/04\/17\/santos-vence-a-primeira-pelo-brasileirao"},"modified":"2022-04-17T14:11:43","modified_gmt":"2022-04-17T17:11:43","slug":"santos-vence-a-primeira-pelo-brasileirao","status":"publish","type":"post","link":"https:\/\/redenoticiaz.com.br\/ribeiraopreto-regiao\/sp\/2022\/04\/17\/santos-vence-a-primeira-pelo-brasileirao","title":{"rendered":"Santos vence a primeira pelo Brasileir\u00e3o"},"content":{"rendered":"<p>O <strong>Santos<\/strong> venceu o Coritiba, por 2&#215;1, na Vila Belmiro, pela segunda rodada do <a href=\"https:\/\/www.cbf.com.br\/\">Campeonato Brasileiro<\/a>, e conquistou sua primeira vit\u00f3ria na competi\u00e7\u00e3o. A vit\u00f3ria do Peixe foi constru\u00edda no primeiro tempo, que ali\u00e1s, foi a melhor parte do jogo, tendo em vista, que no segundo tempo, pouca coisa boa aconteceu, fora um ou outro lance mais perigoso,.<\/p>\n<p>O primeiro tempo foi de muita movimenta\u00e7\u00e3o em um jogo franco, com ambos os times buscando, o tempo todo a atacar e agredir o advers\u00e1rio. Para se ter ideia, s\u00f3 nos primeiros 45 minutos foram 19 finaliza\u00e7\u00f5es a gol, sendo 11 do Coritiba e 9 do Santos. J\u00e1 na parte final, pouco se viu os goleiros trabalharem.<\/p>\n<p>O jogo come\u00e7ou eletrizante e logo no primeiro minuto, o goleiro santista Jo\u00e3o Paulo trabalhou bem na primeira chance de jogo, em boa cabeceada coritibana. Aos 9 minutos, o troco santista veio com \u00c2ngelo\u00a0 aproveitando rebote de Muralha, mas, finalizou por cima do gol.<\/p>\n<p>J\u00e1 quando eram jogados 32 minutos, Leo Baptistao e \u00c2ngelo fizeram boa troca de passes para o camisa 92, sem goleiro, finalizar e abrir o placar na Vila Belmiro. Aos 16, quase que o Santos amplia o placar, mais uma vez com \u00c2ngelo, obrigando Muralha a fazer mais uma grande defesa no jogo. Aos 22, outra boa oportunidade do Peixe. Em bela cobran\u00e7a de falta, Marcos Leonardo balan\u00e7ou as redes para o lado de fora.<\/p>\n<h3><strong>Pol\u00eamica e vit\u00f3ria assegurada<\/strong><\/h3>\n<p>Ainda no primeiro tempo, um lance pol\u00eamico na Vila Belmiro. Andrey recebeu a bola na entrada da grande \u00e1rea, cortou o zagueiro que veio no carrinho, na tentativa de avan\u00e7ar, esbarrou nas costas do marcador, j\u00e1 ca\u00eddo, e o juiz sinalizou p\u00eanalti. Na cobran\u00e7a, Galhardo empatou o jogo para o Coritiba, aos 26 minutos de jogo.<\/p>\n<p>Por\u00e9m, aos 31 minutos, o Santos contou com a sorte para marcar o segundo gol, e que garantiria a vit\u00f3ria do Peixe. Em lance pela esquerda, Lucas Pires cruzou, e o zagueiro Henrique, na tentativa de desviar, empurrou a bola para o fundo das redes, quando eram jogados 31 minutos.<\/p>\n<h3><strong>Segundo tempo<\/strong><\/h3>\n<p>A etapa final de jogo foi morna, o oposto do primeiro tempo. O Santos buscava segurar o placar, enquanto o Coritiba tentava o empate, ainda que sem levar muitos sustos ao advers\u00e1rio. Somente aos 22 minutos, que o Peixe quase sacramentou a vit\u00f3ria em boa jogada santista, que o obrigou a fazer grande defesa.<\/p>\n<p>Aos 31, mais uma vez Muralha, evitou o terceiro gol do Peixe, fazendo uma bel\u00edssima defesa em cima da linha, Embora todo o esfor\u00e7o, nada foi incapaz de garantir a primeira vit\u00f3ria santista no Brasileir\u00e3o.<\/p>\n<h3>Pr\u00f3ximos jogos<\/h3>\n<p>Santos e Coritiba voltam a se enfrentar na pr\u00f3xima quarta-feira, mas no Couto Pereira e pela Copa do Brasil, \u00e0s 19h30, em jogo v\u00e1lido pela Copa do Brasil.<\/p>\n<p><strong>LEIA TAMB\u00c9M<\/strong><\/p>\n<p><a href=\"https:\/\/redenoticiaz.com.br\/blog\/2022\/04\/17\/corinthians-vence-convence-e-conta-com-noite-inspirada-de-roger-guedes\">Corinthians vence, convence e conta com noite inspirada de R\u00f3ger Guedes<\/a><\/p>\n","protected":false},"excerpt":{"rendered":"<p>O Santos venceu o Coritiba, por 2&#215;1, na Vila Belmiro, pela segunda rodada do Campeonato Brasileiro, e conquistou sua primeira vit\u00f3ria na competi\u00e7\u00e3o. A vit\u00f3ria do Peixe foi constru\u00edda no primeiro tempo, que ali\u00e1s, foi a melhor parte do jogo, tendo em vista, que no segundo tempo, pouca coisa boa aconteceu, fora um ou outro &hellip;<\/p>\n","protected":false},"author":15,"featured_media":2691,"comment_status":"open","ping_status":"closed","sticky":false,"template":"","format":"standard","meta":{"footnotes":""},"categories":[87],"tags":[11043,3655,11044,191],"class_list":["post-2690","post","type-post","status-publish","format-standard","has-post-thumbnail","hentry","category-esporte","tag-brasilieao","tag-campeonato-brasileiro","tag-coritiba","tag-santos"],"yoast_head":"<!-- This site is optimized with the Yoast SEO plugin v27.4 - https:\/\/yoast.com\/product\/yoast-seo-wordpress\/ -->\n<title>Santos vence a primeira pelo Brasileir\u00e3o - Ribeir\u00e3o Preto e Regi\u00e3o<\/title>\n<meta name=\"description\" content=\"O Santos venceu o Coritiba, por 2x1, na Vila Belmiro, pela segunda rodada do Campeonato Brasileiro, e conquistou sua primeira vit\u00f3ria na competi\u00e7\u00e3o.\" \/>\n<meta name=\"robots\" content=\"index, follow, max-snippet:-1, max-image-preview:large, max-video-preview:-1\" \/>\n<link rel=\"canonical\" href=\"https:\/\/redenoticiaz.com.br\/ribeiraopreto-regiao\/sp\/2022\/04\/17\/santos-vence-a-primeira-pelo-brasileirao\" \/>\n<meta property=\"og:locale\" content=\"pt_BR\" \/>\n<meta property=\"og:type\" content=\"article\" \/>\n<meta property=\"og:title\" content=\"Santos vence a primeira pelo Brasileir\u00e3o - Ribeir\u00e3o Preto e Regi\u00e3o\" \/>\n<meta property=\"og:description\" content=\"O Santos venceu o Coritiba, por 2x1, na Vila Belmiro, pela segunda rodada do Campeonato Brasileiro, e conquistou sua primeira vit\u00f3ria na competi\u00e7\u00e3o.\" \/>\n<meta property=\"og:url\" content=\"https:\/\/redenoticiaz.com.br\/ribeiraopreto-regiao\/sp\/2022\/04\/17\/santos-vence-a-primeira-pelo-brasileirao\" \/>\n<meta property=\"og:site_name\" content=\"Ribeir\u00e3o Preto e Regi\u00e3o\" \/>\n<meta property=\"article:publisher\" content=\"https:\/\/m.facebook.com\/redenoticiaz.barretos\" \/>\n<meta property=\"article:published_time\" content=\"2022-04-17T17:11:01+00:00\" \/>\n<meta property=\"article:modified_time\" content=\"2022-04-17T17:11:43+00:00\" \/>\n<meta property=\"og:image\" content=\"https:\/\/redenoticiaz.com.br\/ribeiraopreto-regiao\/wp-content\/uploads\/sites\/4\/2022\/02\/logo.jpg\" \/>\n\t<meta property=\"og:image:width\" content=\"400\" \/>\n\t<meta property=\"og:image:height\" content=\"250\" \/>\n\t<meta property=\"og:image:type\" content=\"image\/jpeg\" \/>\n<meta name=\"twitter:card\" content=\"summary_large_image\" \/>\n<meta name=\"twitter:creator\" content=\"@RN_barretos\" \/>\n<meta name=\"twitter:site\" content=\"@RN_barretos\" \/>\n<meta name=\"twitter:label1\" content=\"Escrito por\" \/>\n\t<meta name=\"twitter:data1\" content=\"\" \/>\n\t<meta name=\"twitter:label2\" content=\"Est. tempo de leitura\" \/>\n\t<meta name=\"twitter:data2\" content=\"2 minutos\" \/>\n<script type=\"application\/ld+json\" class=\"yoast-schema-graph\">{\"@context\":\"https:\\\/\\\/schema.org\",\"@graph\":[{\"@type\":\"Article\",\"@id\":\"https:\\\/\\\/redenoticiaz.com.br\\\/ribeiraopreto-regiao\\\/sp\\\/2022\\\/04\\\/17\\\/santos-vence-a-primeira-pelo-brasileirao#article\",\"isPartOf\":{\"@id\":\"https:\\\/\\\/redenoticiaz.com.br\\\/ribeiraopreto-regiao\\\/sp\\\/2022\\\/04\\\/17\\\/santos-vence-a-primeira-pelo-brasileirao\"},\"author\":{\"name\":\"\",\"@id\":\"\"},\"headline\":\"Santos vence a primeira pelo Brasileir\u00e3o\",\"datePublished\":\"2022-04-17T17:11:01+00:00\",\"dateModified\":\"2022-04-17T17:11:43+00:00\",\"mainEntityOfPage\":{\"@id\":\"https:\\\/\\\/redenoticiaz.com.br\\\/ribeiraopreto-regiao\\\/sp\\\/2022\\\/04\\\/17\\\/santos-vence-a-primeira-pelo-brasileirao\"},\"wordCount\":503,\"commentCount\":0,\"publisher\":{\"@id\":\"https:\\\/\\\/redenoticiaz.com.br\\\/ribeiraopreto-regiao\\\/#organization\"},\"image\":{\"@id\":\"https:\\\/\\\/redenoticiaz.com.br\\\/ribeiraopreto-regiao\\\/sp\\\/2022\\\/04\\\/17\\\/santos-vence-a-primeira-pelo-brasileirao#primaryimage\"},\"thumbnailUrl\":\"https:\\\/\\\/redenoticiaz.com.br\\\/ribeiraopreto-regiao\\\/wp-content\\\/uploads\\\/sites\\\/4\\\/2022\\\/04\\\/sem-titulo-36.jpg?v=1650215393\",\"keywords\":[\"Brasilie\u00e3o\",\"CAMPEONATO BRASILEIRO\",\"CORITIBA\",\"Santos\"],\"articleSection\":[\"Esporte\"],\"inLanguage\":\"pt-BR\",\"potentialAction\":[{\"@type\":\"CommentAction\",\"name\":\"Comment\",\"target\":[\"https:\\\/\\\/redenoticiaz.com.br\\\/ribeiraopreto-regiao\\\/sp\\\/2022\\\/04\\\/17\\\/santos-vence-a-primeira-pelo-brasileirao#respond\"]}]},{\"@type\":\"WebPage\",\"@id\":\"https:\\\/\\\/redenoticiaz.com.br\\\/ribeiraopreto-regiao\\\/sp\\\/2022\\\/04\\\/17\\\/santos-vence-a-primeira-pelo-brasileirao\",\"url\":\"https:\\\/\\\/redenoticiaz.com.br\\\/ribeiraopreto-regiao\\\/sp\\\/2022\\\/04\\\/17\\\/santos-vence-a-primeira-pelo-brasileirao\",\"name\":\"Santos vence a primeira pelo Brasileir\u00e3o - Ribeir\u00e3o Preto e Regi\u00e3o\",\"isPartOf\":{\"@id\":\"https:\\\/\\\/redenoticiaz.com.br\\\/ribeiraopreto-regiao\\\/#website\"},\"primaryImageOfPage\":{\"@id\":\"https:\\\/\\\/redenoticiaz.com.br\\\/ribeiraopreto-regiao\\\/sp\\\/2022\\\/04\\\/17\\\/santos-vence-a-primeira-pelo-brasileirao#primaryimage\"},\"image\":{\"@id\":\"https:\\\/\\\/redenoticiaz.com.br\\\/ribeiraopreto-regiao\\\/sp\\\/2022\\\/04\\\/17\\\/santos-vence-a-primeira-pelo-brasileirao#primaryimage\"},\"thumbnailUrl\":\"https:\\\/\\\/redenoticiaz.com.br\\\/ribeiraopreto-regiao\\\/wp-content\\\/uploads\\\/sites\\\/4\\\/2022\\\/04\\\/sem-titulo-36.jpg?v=1650215393\",\"datePublished\":\"2022-04-17T17:11:01+00:00\",\"dateModified\":\"2022-04-17T17:11:43+00:00\",\"description\":\"O Santos venceu o Coritiba, por 2x1, na Vila Belmiro, pela segunda rodada do Campeonato Brasileiro, e conquistou sua primeira vit\u00f3ria na competi\u00e7\u00e3o.\",\"inLanguage\":\"pt-BR\",\"potentialAction\":[{\"@type\":\"ReadAction\",\"target\":[\"https:\\\/\\\/redenoticiaz.com.br\\\/ribeiraopreto-regiao\\\/sp\\\/2022\\\/04\\\/17\\\/santos-vence-a-primeira-pelo-brasileirao\"]}]},{\"@type\":\"ImageObject\",\"inLanguage\":\"pt-BR\",\"@id\":\"https:\\\/\\\/redenoticiaz.com.br\\\/ribeiraopreto-regiao\\\/sp\\\/2022\\\/04\\\/17\\\/santos-vence-a-primeira-pelo-brasileirao#primaryimage\",\"url\":\"https:\\\/\\\/redenoticiaz.com.br\\\/ribeiraopreto-regiao\\\/wp-content\\\/uploads\\\/sites\\\/4\\\/2022\\\/04\\\/sem-titulo-36.jpg?v=1650215393\",\"contentUrl\":\"https:\\\/\\\/redenoticiaz.com.br\\\/ribeiraopreto-regiao\\\/wp-content\\\/uploads\\\/sites\\\/4\\\/2022\\\/04\\\/sem-titulo-36.jpg?v=1650215393\",\"width\":647,\"height\":364,\"caption\":\"LEo Baptista comemora o primeiro gol do Santos na Vila Belmiro (Foto: Santos FC)\"},{\"@type\":\"WebSite\",\"@id\":\"https:\\\/\\\/redenoticiaz.com.br\\\/ribeiraopreto-regiao\\\/#website\",\"url\":\"https:\\\/\\\/redenoticiaz.com.br\\\/ribeiraopreto-regiao\\\/\",\"name\":\"Ribeir\u00e3o Preto e Regi\u00e3o\",\"description\":\"Rede NoticiaZ - Ribeir\u00e3o Preto e regi\u00e3o\",\"publisher\":{\"@id\":\"https:\\\/\\\/redenoticiaz.com.br\\\/ribeiraopreto-regiao\\\/#organization\"},\"potentialAction\":[{\"@type\":\"SearchAction\",\"target\":{\"@type\":\"EntryPoint\",\"urlTemplate\":\"https:\\\/\\\/redenoticiaz.com.br\\\/ribeiraopreto-regiao\\\/?s={search_term_string}\"},\"query-input\":{\"@type\":\"PropertyValueSpecification\",\"valueRequired\":true,\"valueName\":\"search_term_string\"}}],\"inLanguage\":\"pt-BR\"},{\"@type\":\"Organization\",\"@id\":\"https:\\\/\\\/redenoticiaz.com.br\\\/ribeiraopreto-regiao\\\/#organization\",\"name\":\"Ribeir\u00e3o Preto e Regi\u00e3o\",\"url\":\"https:\\\/\\\/redenoticiaz.com.br\\\/ribeiraopreto-regiao\\\/\",\"logo\":{\"@type\":\"ImageObject\",\"inLanguage\":\"pt-BR\",\"@id\":\"https:\\\/\\\/redenoticiaz.com.br\\\/ribeiraopreto-regiao\\\/#\\\/schema\\\/logo\\\/image\\\/\",\"url\":\"https:\\\/\\\/redenoticiaz.com.br\\\/barretos-regiao\\\/wp-content\\\/uploads\\\/sites\\\/4\\\/2022\\\/02\\\/logo.jpg\",\"contentUrl\":\"https:\\\/\\\/redenoticiaz.com.br\\\/barretos-regiao\\\/wp-content\\\/uploads\\\/sites\\\/4\\\/2022\\\/02\\\/logo.jpg\",\"width\":400,\"height\":250,\"caption\":\"Ribeir\u00e3o Preto e Regi\u00e3o\"},\"image\":{\"@id\":\"https:\\\/\\\/redenoticiaz.com.br\\\/ribeiraopreto-regiao\\\/#\\\/schema\\\/logo\\\/image\\\/\"},\"sameAs\":[\"https:\\\/\\\/m.facebook.com\\\/redenoticiaz.barretos\",\"https:\\\/\\\/x.com\\\/RN_barretos\",\"https:\\\/\\\/www.instagram.com\\\/redenoticiaz.barretos\\\/?igshid=YmMyMTA2M2Y\",\"https:\\\/\\\/www.linkedin.com\\\/company\\\/rede-noticiaz-barretos-e-regio\\\/\"]},{\"@type\":\"Person\",\"@id\":\"\",\"url\":\"https:\\\/\\\/redenoticiaz.com.br\\\/ribeiraopreto-regiao\\\/sp\\\/author\"}]}<\/script>\n<!-- \/ Yoast SEO plugin. -->","yoast_head_json":{"title":"Santos vence a primeira pelo Brasileir\u00e3o - Ribeir\u00e3o Preto e Regi\u00e3o","description":"O Santos venceu o Coritiba, por 2x1, na Vila Belmiro, pela segunda rodada do Campeonato Brasileiro, e conquistou sua primeira vit\u00f3ria na competi\u00e7\u00e3o.","robots":{"index":"index","follow":"follow","max-snippet":"max-snippet:-1","max-image-preview":"max-image-preview:large","max-video-preview":"max-video-preview:-1"},"canonical":"https:\/\/redenoticiaz.com.br\/ribeiraopreto-regiao\/sp\/2022\/04\/17\/santos-vence-a-primeira-pelo-brasileirao","og_locale":"pt_BR","og_type":"article","og_title":"Santos vence a primeira pelo Brasileir\u00e3o - Ribeir\u00e3o Preto e Regi\u00e3o","og_description":"O Santos venceu o Coritiba, por 2x1, na Vila Belmiro, pela segunda rodada do Campeonato Brasileiro, e conquistou sua primeira vit\u00f3ria na competi\u00e7\u00e3o.","og_url":"https:\/\/redenoticiaz.com.br\/ribeiraopreto-regiao\/sp\/2022\/04\/17\/santos-vence-a-primeira-pelo-brasileirao","og_site_name":"Ribeir\u00e3o Preto e Regi\u00e3o","article_publisher":"https:\/\/m.facebook.com\/redenoticiaz.barretos","article_published_time":"2022-04-17T17:11:01+00:00","article_modified_time":"2022-04-17T17:11:43+00:00","og_image":[{"width":400,"height":250,"url":"https:\/\/redenoticiaz.com.br\/ribeiraopreto-regiao\/wp-content\/uploads\/sites\/4\/2022\/02\/logo.jpg","type":"image\/jpeg"}],"twitter_card":"summary_large_image","twitter_creator":"@RN_barretos","twitter_site":"@RN_barretos","twitter_misc":{"Escrito por":"","Est. tempo de leitura":"2 minutos"},"schema":{"@context":"https:\/\/schema.org","@graph":[{"@type":"Article","@id":"https:\/\/redenoticiaz.com.br\/ribeiraopreto-regiao\/sp\/2022\/04\/17\/santos-vence-a-primeira-pelo-brasileirao#article","isPartOf":{"@id":"https:\/\/redenoticiaz.com.br\/ribeiraopreto-regiao\/sp\/2022\/04\/17\/santos-vence-a-primeira-pelo-brasileirao"},"author":{"name":"","@id":""},"headline":"Santos vence a primeira pelo Brasileir\u00e3o","datePublished":"2022-04-17T17:11:01+00:00","dateModified":"2022-04-17T17:11:43+00:00","mainEntityOfPage":{"@id":"https:\/\/redenoticiaz.com.br\/ribeiraopreto-regiao\/sp\/2022\/04\/17\/santos-vence-a-primeira-pelo-brasileirao"},"wordCount":503,"commentCount":0,"publisher":{"@id":"https:\/\/redenoticiaz.com.br\/ribeiraopreto-regiao\/#organization"},"image":{"@id":"https:\/\/redenoticiaz.com.br\/ribeiraopreto-regiao\/sp\/2022\/04\/17\/santos-vence-a-primeira-pelo-brasileirao#primaryimage"},"thumbnailUrl":"https:\/\/redenoticiaz.com.br\/ribeiraopreto-regiao\/wp-content\/uploads\/sites\/4\/2022\/04\/sem-titulo-36.jpg?v=1650215393","keywords":["Brasilie\u00e3o","CAMPEONATO BRASILEIRO","CORITIBA","Santos"],"articleSection":["Esporte"],"inLanguage":"pt-BR","potentialAction":[{"@type":"CommentAction","name":"Comment","target":["https:\/\/redenoticiaz.com.br\/ribeiraopreto-regiao\/sp\/2022\/04\/17\/santos-vence-a-primeira-pelo-brasileirao#respond"]}]},{"@type":"WebPage","@id":"https:\/\/redenoticiaz.com.br\/ribeiraopreto-regiao\/sp\/2022\/04\/17\/santos-vence-a-primeira-pelo-brasileirao","url":"https:\/\/redenoticiaz.com.br\/ribeiraopreto-regiao\/sp\/2022\/04\/17\/santos-vence-a-primeira-pelo-brasileirao","name":"Santos vence a primeira pelo Brasileir\u00e3o - Ribeir\u00e3o Preto e Regi\u00e3o","isPartOf":{"@id":"https:\/\/redenoticiaz.com.br\/ribeiraopreto-regiao\/#website"},"primaryImageOfPage":{"@id":"https:\/\/redenoticiaz.com.br\/ribeiraopreto-regiao\/sp\/2022\/04\/17\/santos-vence-a-primeira-pelo-brasileirao#primaryimage"},"image":{"@id":"https:\/\/redenoticiaz.com.br\/ribeiraopreto-regiao\/sp\/2022\/04\/17\/santos-vence-a-primeira-pelo-brasileirao#primaryimage"},"thumbnailUrl":"https:\/\/redenoticiaz.com.br\/ribeiraopreto-regiao\/wp-content\/uploads\/sites\/4\/2022\/04\/sem-titulo-36.jpg?v=1650215393","datePublished":"2022-04-17T17:11:01+00:00","dateModified":"2022-04-17T17:11:43+00:00","description":"O Santos venceu o Coritiba, por 2x1, na Vila Belmiro, pela segunda rodada do Campeonato Brasileiro, e conquistou sua primeira vit\u00f3ria na competi\u00e7\u00e3o.","inLanguage":"pt-BR","potentialAction":[{"@type":"ReadAction","target":["https:\/\/redenoticiaz.com.br\/ribeiraopreto-regiao\/sp\/2022\/04\/17\/santos-vence-a-primeira-pelo-brasileirao"]}]},{"@type":"ImageObject","inLanguage":"pt-BR","@id":"https:\/\/redenoticiaz.com.br\/ribeiraopreto-regiao\/sp\/2022\/04\/17\/santos-vence-a-primeira-pelo-brasileirao#primaryimage","url":"https:\/\/redenoticiaz.com.br\/ribeiraopreto-regiao\/wp-content\/uploads\/sites\/4\/2022\/04\/sem-titulo-36.jpg?v=1650215393","contentUrl":"https:\/\/redenoticiaz.com.br\/ribeiraopreto-regiao\/wp-content\/uploads\/sites\/4\/2022\/04\/sem-titulo-36.jpg?v=1650215393","width":647,"height":364,"caption":"LEo Baptista comemora o primeiro gol do Santos na Vila Belmiro (Foto: Santos FC)"},{"@type":"WebSite","@id":"https:\/\/redenoticiaz.com.br\/ribeiraopreto-regiao\/#website","url":"https:\/\/redenoticiaz.com.br\/ribeiraopreto-regiao\/","name":"Ribeir\u00e3o Preto e Regi\u00e3o","description":"Rede NoticiaZ - Ribeir\u00e3o Preto e regi\u00e3o","publisher":{"@id":"https:\/\/redenoticiaz.com.br\/ribeiraopreto-regiao\/#organization"},"potentialAction":[{"@type":"SearchAction","target":{"@type":"EntryPoint","urlTemplate":"https:\/\/redenoticiaz.com.br\/ribeiraopreto-regiao\/?s={search_term_string}"},"query-input":{"@type":"PropertyValueSpecification","valueRequired":true,"valueName":"search_term_string"}}],"inLanguage":"pt-BR"},{"@type":"Organization","@id":"https:\/\/redenoticiaz.com.br\/ribeiraopreto-regiao\/#organization","name":"Ribeir\u00e3o Preto e Regi\u00e3o","url":"https:\/\/redenoticiaz.com.br\/ribeiraopreto-regiao\/","logo":{"@type":"ImageObject","inLanguage":"pt-BR","@id":"https:\/\/redenoticiaz.com.br\/ribeiraopreto-regiao\/#\/schema\/logo\/image\/","url":"https:\/\/redenoticiaz.com.br\/barretos-regiao\/wp-content\/uploads\/sites\/4\/2022\/02\/logo.jpg","contentUrl":"https:\/\/redenoticiaz.com.br\/barretos-regiao\/wp-content\/uploads\/sites\/4\/2022\/02\/logo.jpg","width":400,"height":250,"caption":"Ribeir\u00e3o Preto e Regi\u00e3o"},"image":{"@id":"https:\/\/redenoticiaz.com.br\/ribeiraopreto-regiao\/#\/schema\/logo\/image\/"},"sameAs":["https:\/\/m.facebook.com\/redenoticiaz.barretos","https:\/\/x.com\/RN_barretos","https:\/\/www.instagram.com\/redenoticiaz.barretos\/?igshid=YmMyMTA2M2Y","https:\/\/www.linkedin.com\/company\/rede-noticiaz-barretos-e-regio\/"]},{"@type":"Person","@id":"","url":"https:\/\/redenoticiaz.com.br\/ribeiraopreto-regiao\/sp\/author"}]}},"_links":{"self":[{"href":"https:\/\/redenoticiaz.com.br\/ribeiraopreto-regiao\/wp-json\/wp\/v2\/posts\/2690","targetHints":{"allow":["GET"]}}],"collection":[{"href":"https:\/\/redenoticiaz.com.br\/ribeiraopreto-regiao\/wp-json\/wp\/v2\/posts"}],"about":[{"href":"https:\/\/redenoticiaz.com.br\/ribeiraopreto-regiao\/wp-json\/wp\/v2\/types\/post"}],"author":[{"embeddable":true,"href":"https:\/\/redenoticiaz.com.br\/ribeiraopreto-regiao\/wp-json\/wp\/v2\/users\/15"}],"replies":[{"embeddable":true,"href":"https:\/\/redenoticiaz.com.br\/ribeiraopreto-regiao\/wp-json\/wp\/v2\/comments?post=2690"}],"version-history":[{"count":0,"href":"https:\/\/redenoticiaz.com.br\/ribeiraopreto-regiao\/wp-json\/wp\/v2\/posts\/2690\/revisions"}],"wp:featuredmedia":[{"embeddable":true,"href":"https:\/\/redenoticiaz.com.br\/ribeiraopreto-regiao\/wp-json\/wp\/v2\/media\/2691"}],"wp:attachment":[{"href":"https:\/\/redenoticiaz.com.br\/ribeiraopreto-regiao\/wp-json\/wp\/v2\/media?parent=2690"}],"wp:term":[{"taxonomy":"category","embeddable":true,"href":"https:\/\/redenoticiaz.com.br\/ribeiraopreto-regiao\/wp-json\/wp\/v2\/categories?post=2690"},{"taxonomy":"post_tag","embeddable":true,"href":"https:\/\/redenoticiaz.com.br\/ribeiraopreto-regiao\/wp-json\/wp\/v2\/tags?post=2690"}],"curies":[{"name":"wp","href":"https:\/\/api.w.org\/{rel}","templated":true}]}}