{"id":2708,"date":"2022-04-18T11:20:56","date_gmt":"2022-04-18T14:20:56","guid":{"rendered":"https:\/\/redenoticiaz.com.br\/barretos-regiao\/sp\/2022\/04\/18\/video-organizadas-provocam-confusao-e-depredam-unidade-de-saude"},"modified":"2022-04-18T11:30:48","modified_gmt":"2022-04-18T14:30:48","slug":"video-organizadas-do-santos-e-coritiba-provocam-confusao-e-depredam-unidade-de-saude","status":"publish","type":"post","link":"https:\/\/redenoticiaz.com.br\/ribeiraopreto-regiao\/sp\/2022\/04\/18\/video-organizadas-do-santos-e-coritiba-provocam-confusao-e-depredam-unidade-de-saude","title":{"rendered":"V\u00cdDEO &#8211; Organizadas do Santos e Coritiba provocam confus\u00e3o e depredam unidade de sa\u00fade"},"content":{"rendered":"<p>Santos e Coritiba se enfrentaram na Vila Belmiro pela segunda rodada do Campeonato Brasileiro nesse domingo (17). Mas o que infelizmente foi destaque, n\u00e3o foi a vit\u00f3ria santista e sim a <strong>confus\u00e3o promovida por organizadas<\/strong> das duas equipes nos arredores do Est\u00e1dio Urbano. A briga generalizada se arrastou at\u00e9 \u00e0 Unidade de Pronto Atendimento (UPA) Central, que foi depredada. Dezoito pessoas foram detidas.<\/p>\n<p>A confus\u00e3o aconteceu momentos antes do jogo come\u00e7ar. Os torcedores do Coritiba desembarcaram atr\u00e1s da Escola Estadual Primo Ferreira e seguiria para o acesso exclusivo \u00e0s visitantes. Mas integrantes da organizada do Santos prepararam uma emboscada aguardando no local e eles come\u00e7aram a confus\u00e3o.<\/p>\n<p>Nas imagens que circulam pelas redes sociais, a confus\u00e3o foi generalizada, diversos ve\u00edculos foram depredados. Pouco tempo depois, os integrantes da organizada do Santos foram informados que torcedores do Coritiba foram se abrigar na UPA Central e mais vandalismo aconteceu. A porta de entrada foi destru\u00edda e cadeiras foram arremessadas. Nas imagens, \u00e9 poss\u00edvel ver todos estes atos, que s\u00f3 encerraram com a chegada da Pol\u00edcia Militar,<\/p>\n<p>Dezoito pessoas foram detidas e levadas para o 7\u00ba Distrito Policial de Santos. Eles ir\u00e3o responder por agress\u00e3o e danos. Tamb\u00e9m foram apreendidos 11 artefatos explosivos improvisados de impacto.<\/p>\n<div class=\"mc-column content-text active-extra-styles \" data-block-type=\"unstyled\" data-block-weight=\"25\" data-block-id=\"14\">\n<p class=\"content-text__container \" data-track-category=\"Link no Texto\" data-track-links=\"\">Uma viatura da Pol\u00edcia Militar foi atingida e danificada por pedras, assim como alguns \u00f4nibus da torcida do Coritiba e ve\u00edculos estacionados nas vias pr\u00f3ximas. Ainda de acordo com a PM, a opera\u00e7\u00e3o pelas imedia\u00e7\u00f5es da Vila Belmiro v\u00e3o continuar. Assim, as rondas pr\u00f3ximo \u00e0s ruas do entorno do est\u00e1dio ser\u00e3o intensificadas, al\u00e9m de escoltar as delega\u00e7\u00f5es esportivas e os \u00e1rbitros. At\u00e9 o momento, n\u00e3o h\u00e1 informa\u00e7\u00f5es sobre feridos, policiais ou torcedores.<\/p>\n<h5 data-track-category=\"Link no Texto\">Veja os v\u00eddeos:<\/h5>\n<div class=\"wp-playlist wp-video-playlist wp-playlist-light\">\n\t\t<video controls=\"controls\" preload=\"none\" width=\"640\"\n\t\t height=\"352\"\t><\/video>\n\t<div class=\"wp-playlist-next\"><\/div>\n\t<div class=\"wp-playlist-prev\"><\/div>\n\t<noscript>\n\t<ol>\n\t\t<li><a href='https:\/\/redenoticiaz.com.br\/ribeiraopreto-regiao\/wp-content\/uploads\/sites\/4\/2022\/04\/whatsapp-video-2022-04-17-at-18-34-44-1.mp4'>Explosivos<\/a><\/li><li><a href='https:\/\/redenoticiaz.com.br\/ribeiraopreto-regiao\/wp-content\/uploads\/sites\/4\/2022\/04\/whatsapp-video-2022-04-17-at-18-34-43.mp4'>Briga na Vila Belmiro<\/a><\/li><li><a href='https:\/\/redenoticiaz.com.br\/ribeiraopreto-regiao\/wp-content\/uploads\/sites\/4\/2022\/04\/whatsapp-video-2022-04-17-at-18-34-45.mp4'>Confus\u00e3o Dom Pedro<\/a><\/li><li><a href='https:\/\/redenoticiaz.com.br\/ribeiraopreto-regiao\/wp-content\/uploads\/sites\/4\/2022\/04\/whatsapp-video-2022-04-17-at-18-34-44.mp4'>Briga<\/a><\/li><li><a href='https:\/\/redenoticiaz.com.br\/ribeiraopreto-regiao\/wp-content\/uploads\/sites\/4\/2022\/04\/whatsapp-video-2022-04-17-at-18-34-46.mp4'>UPA depredada<\/a><\/li>\t<\/ol>\n\t<\/noscript>\n\t<script type=\"application\/json\" class=\"wp-playlist-script\">{\"type\":\"video\",\"tracklist\":true,\"tracknumbers\":true,\"images\":true,\"artists\":true,\"tracks\":[{\"src\":\"https:\/\/redenoticiaz.com.br\/ribeiraopreto-regiao\/wp-content\/uploads\/sites\/4\/2022\/04\/whatsapp-video-2022-04-17-at-18-34-44-1.mp4\",\"type\":\"video\/mp4\",\"title\":\"Explosivos\",\"caption\":\"\",\"description\":\"\",\"meta\":{\"length_formatted\":\"0:07\"},\"dimensions\":{\"original\":{\"width\":640,\"height\":640},\"resized\":{\"width\":640,\"height\":640}},\"image\":{\"src\":\"https:\/\/redenoticiaz.com.br\/ribeiraopreto-regiao\/wp-includes\/images\/media\/video.svg\",\"width\":48,\"height\":64},\"thumb\":{\"src\":\"https:\/\/redenoticiaz.com.br\/ribeiraopreto-regiao\/wp-includes\/images\/media\/video.svg\",\"width\":48,\"height\":64}},{\"src\":\"https:\/\/redenoticiaz.com.br\/ribeiraopreto-regiao\/wp-content\/uploads\/sites\/4\/2022\/04\/whatsapp-video-2022-04-17-at-18-34-43.mp4\",\"type\":\"video\/mp4\",\"title\":\"Briga na Vila Belmiro\",\"caption\":\"\",\"description\":\"\",\"meta\":{\"length_formatted\":\"1:16\"},\"dimensions\":{\"original\":{\"width\":352,\"height\":640},\"resized\":{\"width\":640,\"height\":1164}},\"image\":{\"src\":\"https:\/\/redenoticiaz.com.br\/ribeiraopreto-regiao\/wp-includes\/images\/media\/video.svg\",\"width\":48,\"height\":64},\"thumb\":{\"src\":\"https:\/\/redenoticiaz.com.br\/ribeiraopreto-regiao\/wp-includes\/images\/media\/video.svg\",\"width\":48,\"height\":64}},{\"src\":\"https:\/\/redenoticiaz.com.br\/ribeiraopreto-regiao\/wp-content\/uploads\/sites\/4\/2022\/04\/whatsapp-video-2022-04-17-at-18-34-45.mp4\",\"type\":\"video\/mp4\",\"title\":\"Confus\\u00e3o Dom Pedro\",\"caption\":\"\",\"description\":\"\",\"meta\":{\"length_formatted\":\"0:15\"},\"dimensions\":{\"original\":{\"width\":640,\"height\":640},\"resized\":{\"width\":640,\"height\":640}},\"image\":{\"src\":\"https:\/\/redenoticiaz.com.br\/ribeiraopreto-regiao\/wp-includes\/images\/media\/video.svg\",\"width\":48,\"height\":64},\"thumb\":{\"src\":\"https:\/\/redenoticiaz.com.br\/ribeiraopreto-regiao\/wp-includes\/images\/media\/video.svg\",\"width\":48,\"height\":64}},{\"src\":\"https:\/\/redenoticiaz.com.br\/ribeiraopreto-regiao\/wp-content\/uploads\/sites\/4\/2022\/04\/whatsapp-video-2022-04-17-at-18-34-44.mp4\",\"type\":\"video\/mp4\",\"title\":\"Briga\",\"caption\":\"\",\"description\":\"\",\"meta\":{\"length_formatted\":\"0:15\"},\"dimensions\":{\"original\":{\"width\":288,\"height\":640},\"resized\":{\"width\":640,\"height\":1422}},\"image\":{\"src\":\"https:\/\/redenoticiaz.com.br\/ribeiraopreto-regiao\/wp-includes\/images\/media\/video.svg\",\"width\":48,\"height\":64},\"thumb\":{\"src\":\"https:\/\/redenoticiaz.com.br\/ribeiraopreto-regiao\/wp-includes\/images\/media\/video.svg\",\"width\":48,\"height\":64}},{\"src\":\"https:\/\/redenoticiaz.com.br\/ribeiraopreto-regiao\/wp-content\/uploads\/sites\/4\/2022\/04\/whatsapp-video-2022-04-17-at-18-34-46.mp4\",\"type\":\"video\/mp4\",\"title\":\"UPA depredada\",\"caption\":\"\",\"description\":\"\",\"meta\":{\"length_formatted\":\"0:33\"},\"dimensions\":{\"original\":{\"width\":640,\"height\":352},\"resized\":{\"width\":640,\"height\":352}},\"image\":{\"src\":\"https:\/\/redenoticiaz.com.br\/ribeiraopreto-regiao\/wp-includes\/images\/media\/video.svg\",\"width\":48,\"height\":64},\"thumb\":{\"src\":\"https:\/\/redenoticiaz.com.br\/ribeiraopreto-regiao\/wp-includes\/images\/media\/video.svg\",\"width\":48,\"height\":64}}]}<\/script>\n<\/div>\n\t\n<h3>Respostas<\/h3>\n<div class=\"mc-column content-text active-extra-styles \" data-block-type=\"unstyled\" data-block-weight=\"35\" data-block-id=\"18\">\n<figure id=\"attachment_2709\" aria-describedby=\"caption-attachment-2709\" style=\"width: 300px\" class=\"wp-caption alignleft\"><img loading=\"lazy\" decoding=\"async\" class=\"size-medium wp-image-2709\" src=\"https:\/\/redenoticiaz.com.br\/barretos-regiao\/wp-content\/uploads\/sites\/4\/2022\/04\/whatsapp-image-2022-04-18-at-11-10-19-300x225.jpeg\" alt=\"\" width=\"300\" height=\"225\" srcset=\"https:\/\/redenoticiaz.com.br\/ribeiraopreto-regiao\/wp-content\/uploads\/sites\/4\/2022\/04\/whatsapp-image-2022-04-18-at-11-10-19-300x225.jpeg 300w, https:\/\/redenoticiaz.com.br\/ribeiraopreto-regiao\/wp-content\/uploads\/sites\/4\/2022\/04\/whatsapp-image-2022-04-18-at-11-10-19-1024x768.jpeg 1024w, https:\/\/redenoticiaz.com.br\/ribeiraopreto-regiao\/wp-content\/uploads\/sites\/4\/2022\/04\/whatsapp-image-2022-04-18-at-11-10-19-768x576.jpeg 768w, https:\/\/redenoticiaz.com.br\/ribeiraopreto-regiao\/wp-content\/uploads\/sites\/4\/2022\/04\/whatsapp-image-2022-04-18-at-11-10-19.jpeg 1440w\" sizes=\"auto, (max-width: 300px) 100vw, 300px\" \/><figcaption id=\"caption-attachment-2709\" class=\"wp-caption-text\">Uma das portas ainda n\u00e3o foi reposta. O atendimento est\u00e1 normalizado. Cr\u00e9ditos: Leonardo Francisco<\/figcaption><\/figure>\n<p class=\"content-text__container \" data-track-category=\"Link no Texto\" data-track-links=\"\">Em nota, a <a href=\"https:\/\/www.santos.sp.gov.br\/\">Prefeitura de\u00a0Santos<\/a>\u00a0informou que a Guarda Civil Municipal (GCM) foi acionada pelo Centro de Controle Operacional (CCO) para dar apoio \u00e0 PM na UPA Central, que teve parte da fachada depredada.<\/p>\n<\/div>\n<div class=\"mc-column content-text active-extra-styles \" data-block-type=\"unstyled\" data-block-weight=\"30\" data-block-id=\"19\">\n<p class=\"content-text__container \" data-track-category=\"Link no Texto\" data-track-links=\"\">De acordo com a administra\u00e7\u00e3o municipal, o atendimento na unidade de sa\u00fade j\u00e1 foi normalizado. O Servi\u00e7o de Atendimento M\u00f3vel de Urg\u00eancia (Samu) n\u00e3o foi acionado para socorrer poss\u00edveis v\u00edtimas.<\/p>\n<div class=\"mc-column content-text active-extra-styles \" data-block-type=\"unstyled\" data-block-weight=\"28\" data-block-id=\"21\">\n<p class=\"content-text__container \" data-track-category=\"Link no Texto\" data-track-links=\"\">A GCM tamb\u00e9m deu apoio \u00e0 PM na condu\u00e7\u00e3o de cinco suspeitos envolvidos na ocorr\u00eancia da UPA Central. Os infratores foram conduzidos ao 7\u00ba Distrito Policial da cidade.<\/p>\n<\/div>\n<div class=\"mc-column content-text active-extra-styles \" data-block-type=\"unstyled\" data-block-weight=\"29\" data-block-id=\"22\">\n<p class=\"content-text__container \" data-track-category=\"Link no Texto\" data-track-links=\"\">Em nota, o\u00a0Santos\u00a0Futebol Clube lamentou o ocorrido e salientou que n\u00e3o compactua com esse tipo de comportamento. O clube espera que situa\u00e7\u00f5es como essa n\u00e3o se repitam.<\/p>\n<p data-track-category=\"Link no Texto\" data-track-links=\"\"><strong>LEIA TAMB\u00c9M<\/strong><\/p>\n<p data-track-category=\"Link no Texto\" data-track-links=\"\"><a href=\"https:\/\/redenoticiaz.com.br\/litoralsp\/2022\/04\/18\/video-quadrilha-fortemente-armada-aterroriza-guarapuava-pr\">V\u00cdDEO \u2013 Quadrilha fortemente armada aterroriza Guarapuava (PR)<\/a><\/p>\n<\/div>\n<\/div>\n<\/div>\n","protected":false},"excerpt":{"rendered":"<p>Santos e Coritiba se enfrentaram na Vila Belmiro pela segunda rodada do Campeonato Brasileiro nesse domingo (17). Mas o que infelizmente foi destaque, n\u00e3o foi a vit\u00f3ria santista e sim a confus\u00e3o promovida por organizadas das duas equipes nos arredores do Est\u00e1dio Urbano. A briga generalizada se arrastou at\u00e9 \u00e0 Unidade de Pronto Atendimento (UPA) &hellip;<\/p>\n","protected":false},"author":6,"featured_media":2710,"comment_status":"open","ping_status":"closed","sticky":false,"template":"","format":"standard","meta":{"footnotes":""},"categories":[88],"tags":[11051,11052,191,11053,11054,11055,10204],"class_list":["post-2708","post","type-post","status-publish","format-standard","has-post-thumbnail","hentry","category-policia","tag-confusao-generalizada","tag-depredacao","tag-santos","tag-torcidas-organizadas","tag-unidade-de-pronto-atendimento-central","tag-upa-central","tag-vila-belmiro"],"yoast_head":"<!-- This site is optimized with the Yoast SEO plugin v27.4 - https:\/\/yoast.com\/product\/yoast-seo-wordpress\/ -->\n<title>V\u00cdDEO - Organizadas do Santos e Coritiba provocam confus\u00e3o e depredam unidade de sa\u00fade - Ribeir\u00e3o Preto e Regi\u00e3o<\/title>\n<meta name=\"description\" content=\"domingo (17). Mas o que infelizmente foi destaque, n\u00e3o foi a vit\u00f3ria santista e sim a confus\u00e3o promovida por organizadas das duas equipes\" \/>\n<meta name=\"robots\" content=\"index, follow, max-snippet:-1, max-image-preview:large, max-video-preview:-1\" \/>\n<link rel=\"canonical\" href=\"https:\/\/redenoticiaz.com.br\/ribeiraopreto-regiao\/sp\/2022\/04\/18\/video-organizadas-do-santos-e-coritiba-provocam-confusao-e-depredam-unidade-de-saude\" \/>\n<meta property=\"og:locale\" content=\"pt_BR\" \/>\n<meta property=\"og:type\" content=\"article\" \/>\n<meta property=\"og:title\" content=\"V\u00cdDEO - Organizadas do Santos e Coritiba provocam confus\u00e3o e depredam unidade de sa\u00fade - Ribeir\u00e3o Preto e Regi\u00e3o\" \/>\n<meta property=\"og:description\" content=\"domingo (17). Mas o que infelizmente foi destaque, n\u00e3o foi a vit\u00f3ria santista e sim a confus\u00e3o promovida por organizadas das duas equipes\" \/>\n<meta property=\"og:url\" content=\"https:\/\/redenoticiaz.com.br\/ribeiraopreto-regiao\/sp\/2022\/04\/18\/video-organizadas-do-santos-e-coritiba-provocam-confusao-e-depredam-unidade-de-saude\" \/>\n<meta property=\"og:site_name\" content=\"Ribeir\u00e3o Preto e Regi\u00e3o\" \/>\n<meta property=\"article:publisher\" content=\"https:\/\/m.facebook.com\/redenoticiaz.barretos\" \/>\n<meta property=\"article:published_time\" content=\"2022-04-18T14:20:56+00:00\" \/>\n<meta property=\"article:modified_time\" content=\"2022-04-18T14:30:48+00:00\" \/>\n<meta property=\"og:image\" content=\"https:\/\/redenoticiaz.com.br\/ribeiraopreto-regiao\/wp-content\/uploads\/sites\/4\/2022\/02\/logo.jpg\" \/>\n\t<meta property=\"og:image:width\" content=\"400\" \/>\n\t<meta property=\"og:image:height\" content=\"250\" \/>\n\t<meta property=\"og:image:type\" content=\"image\/jpeg\" \/>\n<meta name=\"author\" content=\"Leonardo Francisco\" \/>\n<meta name=\"twitter:card\" content=\"summary_large_image\" \/>\n<meta name=\"twitter:creator\" content=\"@RN_barretos\" \/>\n<meta name=\"twitter:site\" content=\"@RN_barretos\" \/>\n<meta name=\"twitter:label1\" content=\"Escrito por\" \/>\n\t<meta name=\"twitter:data1\" content=\"Leonardo Francisco\" \/>\n\t<meta name=\"twitter:label2\" content=\"Est. tempo de leitura\" \/>\n\t<meta name=\"twitter:data2\" content=\"2 minutos\" \/>\n<script type=\"application\/ld+json\" class=\"yoast-schema-graph\">{\"@context\":\"https:\\\/\\\/schema.org\",\"@graph\":[{\"@type\":\"Article\",\"@id\":\"https:\\\/\\\/redenoticiaz.com.br\\\/ribeiraopreto-regiao\\\/sp\\\/2022\\\/04\\\/18\\\/video-organizadas-do-santos-e-coritiba-provocam-confusao-e-depredam-unidade-de-saude#article\",\"isPartOf\":{\"@id\":\"https:\\\/\\\/redenoticiaz.com.br\\\/ribeiraopreto-regiao\\\/sp\\\/2022\\\/04\\\/18\\\/video-organizadas-do-santos-e-coritiba-provocam-confusao-e-depredam-unidade-de-saude\"},\"author\":{\"name\":\"Leonardo Francisco\",\"@id\":\"https:\\\/\\\/redenoticiaz.com.br\\\/ribeiraopreto-regiao\\\/#\\\/schema\\\/person\\\/0f0b8a5bdafefe82841e07ae8d81ecb3\"},\"headline\":\"V\u00cdDEO &#8211; Organizadas do Santos e Coritiba provocam confus\u00e3o e depredam unidade de sa\u00fade\",\"datePublished\":\"2022-04-18T14:20:56+00:00\",\"dateModified\":\"2022-04-18T14:30:48+00:00\",\"mainEntityOfPage\":{\"@id\":\"https:\\\/\\\/redenoticiaz.com.br\\\/ribeiraopreto-regiao\\\/sp\\\/2022\\\/04\\\/18\\\/video-organizadas-do-santos-e-coritiba-provocam-confusao-e-depredam-unidade-de-saude\"},\"wordCount\":493,\"commentCount\":0,\"publisher\":{\"@id\":\"https:\\\/\\\/redenoticiaz.com.br\\\/ribeiraopreto-regiao\\\/#organization\"},\"image\":{\"@id\":\"https:\\\/\\\/redenoticiaz.com.br\\\/ribeiraopreto-regiao\\\/sp\\\/2022\\\/04\\\/18\\\/video-organizadas-do-santos-e-coritiba-provocam-confusao-e-depredam-unidade-de-saude#primaryimage\"},\"thumbnailUrl\":\"https:\\\/\\\/redenoticiaz.com.br\\\/ribeiraopreto-regiao\\\/wp-content\\\/uploads\\\/sites\\\/4\\\/2022\\\/04\\\/whatsapp-image-2022-04-17-at-12-52-14-e1650291563369.jpeg\",\"keywords\":[\"CONFUS\u00c3O GENERALIZADA\",\"DEPREDA\u00c7\u00c3O\",\"Santos\",\"TORCIDAS ORGANIZADAS\",\"UNIDADE DE PRONTO ATENDIMENTO CENTRAL\",\"UPA CENTRAL\",\"Vila Belmiro\"],\"articleSection\":[\"Pol\u00edcia\"],\"inLanguage\":\"pt-BR\",\"potentialAction\":[{\"@type\":\"CommentAction\",\"name\":\"Comment\",\"target\":[\"https:\\\/\\\/redenoticiaz.com.br\\\/ribeiraopreto-regiao\\\/sp\\\/2022\\\/04\\\/18\\\/video-organizadas-do-santos-e-coritiba-provocam-confusao-e-depredam-unidade-de-saude#respond\"]}]},{\"@type\":\"WebPage\",\"@id\":\"https:\\\/\\\/redenoticiaz.com.br\\\/ribeiraopreto-regiao\\\/sp\\\/2022\\\/04\\\/18\\\/video-organizadas-do-santos-e-coritiba-provocam-confusao-e-depredam-unidade-de-saude\",\"url\":\"https:\\\/\\\/redenoticiaz.com.br\\\/ribeiraopreto-regiao\\\/sp\\\/2022\\\/04\\\/18\\\/video-organizadas-do-santos-e-coritiba-provocam-confusao-e-depredam-unidade-de-saude\",\"name\":\"V\u00cdDEO - Organizadas do Santos e Coritiba provocam confus\u00e3o e depredam unidade de sa\u00fade - Ribeir\u00e3o Preto e Regi\u00e3o\",\"isPartOf\":{\"@id\":\"https:\\\/\\\/redenoticiaz.com.br\\\/ribeiraopreto-regiao\\\/#website\"},\"primaryImageOfPage\":{\"@id\":\"https:\\\/\\\/redenoticiaz.com.br\\\/ribeiraopreto-regiao\\\/sp\\\/2022\\\/04\\\/18\\\/video-organizadas-do-santos-e-coritiba-provocam-confusao-e-depredam-unidade-de-saude#primaryimage\"},\"image\":{\"@id\":\"https:\\\/\\\/redenoticiaz.com.br\\\/ribeiraopreto-regiao\\\/sp\\\/2022\\\/04\\\/18\\\/video-organizadas-do-santos-e-coritiba-provocam-confusao-e-depredam-unidade-de-saude#primaryimage\"},\"thumbnailUrl\":\"https:\\\/\\\/redenoticiaz.com.br\\\/ribeiraopreto-regiao\\\/wp-content\\\/uploads\\\/sites\\\/4\\\/2022\\\/04\\\/whatsapp-image-2022-04-17-at-12-52-14-e1650291563369.jpeg\",\"datePublished\":\"2022-04-18T14:20:56+00:00\",\"dateModified\":\"2022-04-18T14:30:48+00:00\",\"description\":\"domingo (17). Mas o que infelizmente foi destaque, n\u00e3o foi a vit\u00f3ria santista e sim a confus\u00e3o promovida por organizadas das duas equipes\",\"inLanguage\":\"pt-BR\",\"potentialAction\":[{\"@type\":\"ReadAction\",\"target\":[\"https:\\\/\\\/redenoticiaz.com.br\\\/ribeiraopreto-regiao\\\/sp\\\/2022\\\/04\\\/18\\\/video-organizadas-do-santos-e-coritiba-provocam-confusao-e-depredam-unidade-de-saude\"]}]},{\"@type\":\"ImageObject\",\"inLanguage\":\"pt-BR\",\"@id\":\"https:\\\/\\\/redenoticiaz.com.br\\\/ribeiraopreto-regiao\\\/sp\\\/2022\\\/04\\\/18\\\/video-organizadas-do-santos-e-coritiba-provocam-confusao-e-depredam-unidade-de-saude#primaryimage\",\"url\":\"https:\\\/\\\/redenoticiaz.com.br\\\/ribeiraopreto-regiao\\\/wp-content\\\/uploads\\\/sites\\\/4\\\/2022\\\/04\\\/whatsapp-image-2022-04-17-at-12-52-14-e1650291563369.jpeg\",\"contentUrl\":\"https:\\\/\\\/redenoticiaz.com.br\\\/ribeiraopreto-regiao\\\/wp-content\\\/uploads\\\/sites\\\/4\\\/2022\\\/04\\\/whatsapp-image-2022-04-17-at-12-52-14-e1650291563369.jpeg\",\"width\":607,\"height\":702,\"caption\":\"Cadeiras foram arremessadas e a porta da unidade foi destru\u00edda. Cr\u00e9ditos: Arquivo Pessoal.\"},{\"@type\":\"WebSite\",\"@id\":\"https:\\\/\\\/redenoticiaz.com.br\\\/ribeiraopreto-regiao\\\/#website\",\"url\":\"https:\\\/\\\/redenoticiaz.com.br\\\/ribeiraopreto-regiao\\\/\",\"name\":\"Ribeir\u00e3o Preto e Regi\u00e3o\",\"description\":\"Rede NoticiaZ - Ribeir\u00e3o Preto e regi\u00e3o\",\"publisher\":{\"@id\":\"https:\\\/\\\/redenoticiaz.com.br\\\/ribeiraopreto-regiao\\\/#organization\"},\"potentialAction\":[{\"@type\":\"SearchAction\",\"target\":{\"@type\":\"EntryPoint\",\"urlTemplate\":\"https:\\\/\\\/redenoticiaz.com.br\\\/ribeiraopreto-regiao\\\/?s={search_term_string}\"},\"query-input\":{\"@type\":\"PropertyValueSpecification\",\"valueRequired\":true,\"valueName\":\"search_term_string\"}}],\"inLanguage\":\"pt-BR\"},{\"@type\":\"Organization\",\"@id\":\"https:\\\/\\\/redenoticiaz.com.br\\\/ribeiraopreto-regiao\\\/#organization\",\"name\":\"Ribeir\u00e3o Preto e Regi\u00e3o\",\"url\":\"https:\\\/\\\/redenoticiaz.com.br\\\/ribeiraopreto-regiao\\\/\",\"logo\":{\"@type\":\"ImageObject\",\"inLanguage\":\"pt-BR\",\"@id\":\"https:\\\/\\\/redenoticiaz.com.br\\\/ribeiraopreto-regiao\\\/#\\\/schema\\\/logo\\\/image\\\/\",\"url\":\"https:\\\/\\\/redenoticiaz.com.br\\\/barretos-regiao\\\/wp-content\\\/uploads\\\/sites\\\/4\\\/2022\\\/02\\\/logo.jpg\",\"contentUrl\":\"https:\\\/\\\/redenoticiaz.com.br\\\/barretos-regiao\\\/wp-content\\\/uploads\\\/sites\\\/4\\\/2022\\\/02\\\/logo.jpg\",\"width\":400,\"height\":250,\"caption\":\"Ribeir\u00e3o Preto e Regi\u00e3o\"},\"image\":{\"@id\":\"https:\\\/\\\/redenoticiaz.com.br\\\/ribeiraopreto-regiao\\\/#\\\/schema\\\/logo\\\/image\\\/\"},\"sameAs\":[\"https:\\\/\\\/m.facebook.com\\\/redenoticiaz.barretos\",\"https:\\\/\\\/x.com\\\/RN_barretos\",\"https:\\\/\\\/www.instagram.com\\\/redenoticiaz.barretos\\\/?igshid=YmMyMTA2M2Y\",\"https:\\\/\\\/www.linkedin.com\\\/company\\\/rede-noticiaz-barretos-e-regio\\\/\"]},{\"@type\":\"Person\",\"@id\":\"https:\\\/\\\/redenoticiaz.com.br\\\/ribeiraopreto-regiao\\\/#\\\/schema\\\/person\\\/0f0b8a5bdafefe82841e07ae8d81ecb3\",\"name\":\"Leonardo Francisco\",\"image\":{\"@type\":\"ImageObject\",\"inLanguage\":\"pt-BR\",\"@id\":\"https:\\\/\\\/secure.gravatar.com\\\/avatar\\\/a7358cb406a99b682ec6df1e77e31ae82e63601f6784e8a3df411d72b37864da?s=96&d=mm&r=g\",\"url\":\"https:\\\/\\\/secure.gravatar.com\\\/avatar\\\/a7358cb406a99b682ec6df1e77e31ae82e63601f6784e8a3df411d72b37864da?s=96&d=mm&r=g\",\"contentUrl\":\"https:\\\/\\\/secure.gravatar.com\\\/avatar\\\/a7358cb406a99b682ec6df1e77e31ae82e63601f6784e8a3df411d72b37864da?s=96&d=mm&r=g\",\"caption\":\"Leonardo Francisco\"},\"url\":\"https:\\\/\\\/redenoticiaz.com.br\\\/ribeiraopreto-regiao\\\/sp\\\/author\\\/leonardo-francisco\"}]}<\/script>\n<!-- \/ Yoast SEO plugin. -->","yoast_head_json":{"title":"V\u00cdDEO - Organizadas do Santos e Coritiba provocam confus\u00e3o e depredam unidade de sa\u00fade - Ribeir\u00e3o Preto e Regi\u00e3o","description":"domingo (17). Mas o que infelizmente foi destaque, n\u00e3o foi a vit\u00f3ria santista e sim a confus\u00e3o promovida por organizadas das duas equipes","robots":{"index":"index","follow":"follow","max-snippet":"max-snippet:-1","max-image-preview":"max-image-preview:large","max-video-preview":"max-video-preview:-1"},"canonical":"https:\/\/redenoticiaz.com.br\/ribeiraopreto-regiao\/sp\/2022\/04\/18\/video-organizadas-do-santos-e-coritiba-provocam-confusao-e-depredam-unidade-de-saude","og_locale":"pt_BR","og_type":"article","og_title":"V\u00cdDEO - Organizadas do Santos e Coritiba provocam confus\u00e3o e depredam unidade de sa\u00fade - Ribeir\u00e3o Preto e Regi\u00e3o","og_description":"domingo (17). Mas o que infelizmente foi destaque, n\u00e3o foi a vit\u00f3ria santista e sim a confus\u00e3o promovida por organizadas das duas equipes","og_url":"https:\/\/redenoticiaz.com.br\/ribeiraopreto-regiao\/sp\/2022\/04\/18\/video-organizadas-do-santos-e-coritiba-provocam-confusao-e-depredam-unidade-de-saude","og_site_name":"Ribeir\u00e3o Preto e Regi\u00e3o","article_publisher":"https:\/\/m.facebook.com\/redenoticiaz.barretos","article_published_time":"2022-04-18T14:20:56+00:00","article_modified_time":"2022-04-18T14:30:48+00:00","og_image":[{"width":400,"height":250,"url":"https:\/\/redenoticiaz.com.br\/ribeiraopreto-regiao\/wp-content\/uploads\/sites\/4\/2022\/02\/logo.jpg","type":"image\/jpeg"}],"author":"Leonardo Francisco","twitter_card":"summary_large_image","twitter_creator":"@RN_barretos","twitter_site":"@RN_barretos","twitter_misc":{"Escrito por":"Leonardo Francisco","Est. tempo de leitura":"2 minutos"},"schema":{"@context":"https:\/\/schema.org","@graph":[{"@type":"Article","@id":"https:\/\/redenoticiaz.com.br\/ribeiraopreto-regiao\/sp\/2022\/04\/18\/video-organizadas-do-santos-e-coritiba-provocam-confusao-e-depredam-unidade-de-saude#article","isPartOf":{"@id":"https:\/\/redenoticiaz.com.br\/ribeiraopreto-regiao\/sp\/2022\/04\/18\/video-organizadas-do-santos-e-coritiba-provocam-confusao-e-depredam-unidade-de-saude"},"author":{"name":"Leonardo Francisco","@id":"https:\/\/redenoticiaz.com.br\/ribeiraopreto-regiao\/#\/schema\/person\/0f0b8a5bdafefe82841e07ae8d81ecb3"},"headline":"V\u00cdDEO &#8211; Organizadas do Santos e Coritiba provocam confus\u00e3o e depredam unidade de sa\u00fade","datePublished":"2022-04-18T14:20:56+00:00","dateModified":"2022-04-18T14:30:48+00:00","mainEntityOfPage":{"@id":"https:\/\/redenoticiaz.com.br\/ribeiraopreto-regiao\/sp\/2022\/04\/18\/video-organizadas-do-santos-e-coritiba-provocam-confusao-e-depredam-unidade-de-saude"},"wordCount":493,"commentCount":0,"publisher":{"@id":"https:\/\/redenoticiaz.com.br\/ribeiraopreto-regiao\/#organization"},"image":{"@id":"https:\/\/redenoticiaz.com.br\/ribeiraopreto-regiao\/sp\/2022\/04\/18\/video-organizadas-do-santos-e-coritiba-provocam-confusao-e-depredam-unidade-de-saude#primaryimage"},"thumbnailUrl":"https:\/\/redenoticiaz.com.br\/ribeiraopreto-regiao\/wp-content\/uploads\/sites\/4\/2022\/04\/whatsapp-image-2022-04-17-at-12-52-14-e1650291563369.jpeg","keywords":["CONFUS\u00c3O GENERALIZADA","DEPREDA\u00c7\u00c3O","Santos","TORCIDAS ORGANIZADAS","UNIDADE DE PRONTO ATENDIMENTO CENTRAL","UPA CENTRAL","Vila Belmiro"],"articleSection":["Pol\u00edcia"],"inLanguage":"pt-BR","potentialAction":[{"@type":"CommentAction","name":"Comment","target":["https:\/\/redenoticiaz.com.br\/ribeiraopreto-regiao\/sp\/2022\/04\/18\/video-organizadas-do-santos-e-coritiba-provocam-confusao-e-depredam-unidade-de-saude#respond"]}]},{"@type":"WebPage","@id":"https:\/\/redenoticiaz.com.br\/ribeiraopreto-regiao\/sp\/2022\/04\/18\/video-organizadas-do-santos-e-coritiba-provocam-confusao-e-depredam-unidade-de-saude","url":"https:\/\/redenoticiaz.com.br\/ribeiraopreto-regiao\/sp\/2022\/04\/18\/video-organizadas-do-santos-e-coritiba-provocam-confusao-e-depredam-unidade-de-saude","name":"V\u00cdDEO - Organizadas do Santos e Coritiba provocam confus\u00e3o e depredam unidade de sa\u00fade - Ribeir\u00e3o Preto e Regi\u00e3o","isPartOf":{"@id":"https:\/\/redenoticiaz.com.br\/ribeiraopreto-regiao\/#website"},"primaryImageOfPage":{"@id":"https:\/\/redenoticiaz.com.br\/ribeiraopreto-regiao\/sp\/2022\/04\/18\/video-organizadas-do-santos-e-coritiba-provocam-confusao-e-depredam-unidade-de-saude#primaryimage"},"image":{"@id":"https:\/\/redenoticiaz.com.br\/ribeiraopreto-regiao\/sp\/2022\/04\/18\/video-organizadas-do-santos-e-coritiba-provocam-confusao-e-depredam-unidade-de-saude#primaryimage"},"thumbnailUrl":"https:\/\/redenoticiaz.com.br\/ribeiraopreto-regiao\/wp-content\/uploads\/sites\/4\/2022\/04\/whatsapp-image-2022-04-17-at-12-52-14-e1650291563369.jpeg","datePublished":"2022-04-18T14:20:56+00:00","dateModified":"2022-04-18T14:30:48+00:00","description":"domingo (17). Mas o que infelizmente foi destaque, n\u00e3o foi a vit\u00f3ria santista e sim a confus\u00e3o promovida por organizadas das duas equipes","inLanguage":"pt-BR","potentialAction":[{"@type":"ReadAction","target":["https:\/\/redenoticiaz.com.br\/ribeiraopreto-regiao\/sp\/2022\/04\/18\/video-organizadas-do-santos-e-coritiba-provocam-confusao-e-depredam-unidade-de-saude"]}]},{"@type":"ImageObject","inLanguage":"pt-BR","@id":"https:\/\/redenoticiaz.com.br\/ribeiraopreto-regiao\/sp\/2022\/04\/18\/video-organizadas-do-santos-e-coritiba-provocam-confusao-e-depredam-unidade-de-saude#primaryimage","url":"https:\/\/redenoticiaz.com.br\/ribeiraopreto-regiao\/wp-content\/uploads\/sites\/4\/2022\/04\/whatsapp-image-2022-04-17-at-12-52-14-e1650291563369.jpeg","contentUrl":"https:\/\/redenoticiaz.com.br\/ribeiraopreto-regiao\/wp-content\/uploads\/sites\/4\/2022\/04\/whatsapp-image-2022-04-17-at-12-52-14-e1650291563369.jpeg","width":607,"height":702,"caption":"Cadeiras foram arremessadas e a porta da unidade foi destru\u00edda. Cr\u00e9ditos: Arquivo Pessoal."},{"@type":"WebSite","@id":"https:\/\/redenoticiaz.com.br\/ribeiraopreto-regiao\/#website","url":"https:\/\/redenoticiaz.com.br\/ribeiraopreto-regiao\/","name":"Ribeir\u00e3o Preto e Regi\u00e3o","description":"Rede NoticiaZ - Ribeir\u00e3o Preto e regi\u00e3o","publisher":{"@id":"https:\/\/redenoticiaz.com.br\/ribeiraopreto-regiao\/#organization"},"potentialAction":[{"@type":"SearchAction","target":{"@type":"EntryPoint","urlTemplate":"https:\/\/redenoticiaz.com.br\/ribeiraopreto-regiao\/?s={search_term_string}"},"query-input":{"@type":"PropertyValueSpecification","valueRequired":true,"valueName":"search_term_string"}}],"inLanguage":"pt-BR"},{"@type":"Organization","@id":"https:\/\/redenoticiaz.com.br\/ribeiraopreto-regiao\/#organization","name":"Ribeir\u00e3o Preto e Regi\u00e3o","url":"https:\/\/redenoticiaz.com.br\/ribeiraopreto-regiao\/","logo":{"@type":"ImageObject","inLanguage":"pt-BR","@id":"https:\/\/redenoticiaz.com.br\/ribeiraopreto-regiao\/#\/schema\/logo\/image\/","url":"https:\/\/redenoticiaz.com.br\/barretos-regiao\/wp-content\/uploads\/sites\/4\/2022\/02\/logo.jpg","contentUrl":"https:\/\/redenoticiaz.com.br\/barretos-regiao\/wp-content\/uploads\/sites\/4\/2022\/02\/logo.jpg","width":400,"height":250,"caption":"Ribeir\u00e3o Preto e Regi\u00e3o"},"image":{"@id":"https:\/\/redenoticiaz.com.br\/ribeiraopreto-regiao\/#\/schema\/logo\/image\/"},"sameAs":["https:\/\/m.facebook.com\/redenoticiaz.barretos","https:\/\/x.com\/RN_barretos","https:\/\/www.instagram.com\/redenoticiaz.barretos\/?igshid=YmMyMTA2M2Y","https:\/\/www.linkedin.com\/company\/rede-noticiaz-barretos-e-regio\/"]},{"@type":"Person","@id":"https:\/\/redenoticiaz.com.br\/ribeiraopreto-regiao\/#\/schema\/person\/0f0b8a5bdafefe82841e07ae8d81ecb3","name":"Leonardo Francisco","image":{"@type":"ImageObject","inLanguage":"pt-BR","@id":"https:\/\/secure.gravatar.com\/avatar\/a7358cb406a99b682ec6df1e77e31ae82e63601f6784e8a3df411d72b37864da?s=96&d=mm&r=g","url":"https:\/\/secure.gravatar.com\/avatar\/a7358cb406a99b682ec6df1e77e31ae82e63601f6784e8a3df411d72b37864da?s=96&d=mm&r=g","contentUrl":"https:\/\/secure.gravatar.com\/avatar\/a7358cb406a99b682ec6df1e77e31ae82e63601f6784e8a3df411d72b37864da?s=96&d=mm&r=g","caption":"Leonardo Francisco"},"url":"https:\/\/redenoticiaz.com.br\/ribeiraopreto-regiao\/sp\/author\/leonardo-francisco"}]}},"_links":{"self":[{"href":"https:\/\/redenoticiaz.com.br\/ribeiraopreto-regiao\/wp-json\/wp\/v2\/posts\/2708","targetHints":{"allow":["GET"]}}],"collection":[{"href":"https:\/\/redenoticiaz.com.br\/ribeiraopreto-regiao\/wp-json\/wp\/v2\/posts"}],"about":[{"href":"https:\/\/redenoticiaz.com.br\/ribeiraopreto-regiao\/wp-json\/wp\/v2\/types\/post"}],"author":[{"embeddable":true,"href":"https:\/\/redenoticiaz.com.br\/ribeiraopreto-regiao\/wp-json\/wp\/v2\/users\/6"}],"replies":[{"embeddable":true,"href":"https:\/\/redenoticiaz.com.br\/ribeiraopreto-regiao\/wp-json\/wp\/v2\/comments?post=2708"}],"version-history":[{"count":2,"href":"https:\/\/redenoticiaz.com.br\/ribeiraopreto-regiao\/wp-json\/wp\/v2\/posts\/2708\/revisions"}],"predecessor-version":[{"id":2720,"href":"https:\/\/redenoticiaz.com.br\/ribeiraopreto-regiao\/wp-json\/wp\/v2\/posts\/2708\/revisions\/2720"}],"wp:featuredmedia":[{"embeddable":true,"href":"https:\/\/redenoticiaz.com.br\/ribeiraopreto-regiao\/wp-json\/wp\/v2\/media\/2710"}],"wp:attachment":[{"href":"https:\/\/redenoticiaz.com.br\/ribeiraopreto-regiao\/wp-json\/wp\/v2\/media?parent=2708"}],"wp:term":[{"taxonomy":"category","embeddable":true,"href":"https:\/\/redenoticiaz.com.br\/ribeiraopreto-regiao\/wp-json\/wp\/v2\/categories?post=2708"},{"taxonomy":"post_tag","embeddable":true,"href":"https:\/\/redenoticiaz.com.br\/ribeiraopreto-regiao\/wp-json\/wp\/v2\/tags?post=2708"}],"curies":[{"name":"wp","href":"https:\/\/api.w.org\/{rel}","templated":true}]}}