{"id":2757,"date":"2022-04-18T18:54:12","date_gmt":"2022-04-18T21:54:12","guid":{"rendered":"https:\/\/redenoticiaz.com.br\/barretos-regiao\/sp\/2022\/04\/18\/gambas-gigantes-sao-encontrados-dentro-de-casa-e-tomam-conta-da-casa-no-litoral"},"modified":"2022-04-18T19:48:24","modified_gmt":"2022-04-18T22:48:24","slug":"gambas-gigantes-sao-apreendidos-dentro-de-uma-casa-no-litoral","status":"publish","type":"post","link":"https:\/\/redenoticiaz.com.br\/ribeiraopreto-regiao\/sp\/2022\/04\/18\/gambas-gigantes-sao-apreendidos-dentro-de-uma-casa-no-litoral","title":{"rendered":"Gamb\u00e1s &#8216;gigantes&#8217; s\u00e3o apreendidos dentro de uma casa no Litoral"},"content":{"rendered":"<p>Moradores de uma casa em <a href=\"http:\/\/www.peruibe.sp.gov.br\/\">Peru\u00edbe<\/a>, Litoral de S\u00e3o Paulo, foram surpreendidos com a presen\u00e7a de<strong> gamb\u00e1s-de-orelhas-pretas, tamb\u00e9m conhecidos como saru\u00eas<\/strong>. Os animais estavam com o tamanho acima do ideal e foram flagrados dormindo na resid\u00eancia e se alimentando com a ra\u00e7\u00e3o dos gatos. Os saru\u00eas foram resgatados por uma equipe de bi\u00f3logos.<\/p>\n<p>Segundo relatos dos familiares, os alimentos de gatos e da pr\u00f3pria fam\u00edlia come\u00e7ava a desaparecer rapidamente. Eles ainda viram um dos animais dormindo em um travesseiros.<\/p>\n<p>A Secretaria de Meio Ambiente de Peru\u00edbe foi acionada para ir at\u00e9 o local resgatar os gamb\u00e1s e dois deles foram capturados. Mas pouco tempo depois, outros saru\u00eas tamb\u00e9m foram vistos entrando no local. De acordo com o bi\u00f3logo Thiago Malpighi, a equipe se deparou com os saru\u00eas e ficou impressionada com o tamanho deles.<\/p>\n<p>\u201cEstavam bem robustos, bem grandes, com um tamanho maior do que costumamos encontrar\u201d, afirma. Segundo Malpighi, os animais devem ter &#8220;invadido&#8221; o local por se tratar de uma casa de veraneio, sem uma presen\u00e7a frequente de pessoas, e pela disponibilidade de alimento.<\/p>\n<p>O bi\u00f3logo afirma, tamb\u00e9m, que s\u00e3o necess\u00e1rios cuidados importantes para manter os saru\u00eas longe das resid\u00eancias. \u201c\u00c9 um animal silvestre, mas bem adaptado ao conv\u00edvio no ambiente urbano. S\u00e3o bem vers\u00e1teis, e conseguem desenvolver um bom desempenho na \u00e1rea urbana, principalmente no quesito alimentar\u201d.<\/p>\n<h3>Cuidados a serem tomados<\/h3>\n<div class=\"mc-column content-text active-extra-styles \" data-block-type=\"unstyled\" data-block-weight=\"37\" data-block-id=\"18\">\n<p class=\"content-text__container \" data-track-category=\"Link no Texto\" data-track-links=\"\">O especialista explica que restos de comida, disponibilidade de ra\u00e7\u00e3o para pets e m\u00f3veis abandonados s\u00e3o atrativos aos gamb\u00e1s, que muitas vezes passam a frequentar os im\u00f3veis pela disponibilidade de alimentos no quintal, principalmente no per\u00edodo noturno.<\/p>\n<\/div>\n<div class=\"mc-column content-text active-extra-styles \" data-block-type=\"unstyled\" data-block-weight=\"28\" data-block-id=\"19\">\n<p class=\"content-text__container \" data-track-category=\"Link no Texto\" data-track-links=\"\">\u201cAs pessoas devem se atentar ao lixo e \u00e0 ra\u00e7\u00e3o acess\u00edvel. Normalmente, eliminando essas possibilidades de alimento, j\u00e1 reduz a probabilidade de os saru\u00eas frequentarem as resid\u00eancias\u201d, esclarece.<\/p>\n<\/div>\n<div class=\"mc-column content-text active-extra-styles \" data-block-type=\"unstyled\" data-block-weight=\"33\" data-block-id=\"20\">\n<p class=\"content-text__container \" data-track-category=\"Link no Texto\" data-track-links=\"\">Malpighi informa que, antes de pedir o resgate dos gamb\u00e1s, a principal recomenda\u00e7\u00e3o \u00e9 que as pessoas fa\u00e7am o manejo do ambiente, pois, com essas a\u00e7\u00f5es, os animais, muitas vezes, n\u00e3o retornam mais.<\/p>\n<\/div>\n<div class=\"mc-column content-text active-extra-styles \" data-block-type=\"unstyled\" data-block-weight=\"27\" data-block-id=\"21\">\n<p class=\"content-text__container \" data-track-category=\"Link no Texto\" data-track-links=\"\">\u201cRever a quest\u00e3o do lixo, manter os res\u00edduos em sacos bem fechados, e tirar a ra\u00e7\u00e3o de animais dos potes, principalmente no per\u00edodo noturno, \u00e9 fundamental\u201d, conclui.<\/p>\n<\/div>\n<div class=\"block-podcast\"><strong>LEIA TAMB\u00c9M<\/strong><\/div>\n<div><\/div>\n<div><a href=\"https:\/\/redenoticiaz.com.br\/litoralsp\/2022\/04\/18\/corpo-de-homem-morto-e-encontrado-com-maos-amarradas-e-marcas-de-tiros\">Corpo de homem morto \u00e9 encontrado com m\u00e3os amarradas e marcas de tiros<\/a><\/div>\n","protected":false},"excerpt":{"rendered":"<p>Moradores de uma casa em Peru\u00edbe, Litoral de S\u00e3o Paulo, foram surpreendidos com a presen\u00e7a de gamb\u00e1s-de-orelhas-pretas, tamb\u00e9m conhecidos como saru\u00eas. Os animais estavam com o tamanho acima do ideal e foram flagrados dormindo na resid\u00eancia e se alimentando com a ra\u00e7\u00e3o dos gatos. Os saru\u00eas foram resgatados por uma equipe de bi\u00f3logos. Segundo relatos &hellip;<\/p>\n","protected":false},"author":6,"featured_media":2758,"comment_status":"open","ping_status":"closed","sticky":false,"template":"","format":"standard","meta":{"footnotes":""},"categories":[94],"tags":[11189,1860,11190,11191],"class_list":["post-2757","post","type-post","status-publish","format-standard","has-post-thumbnail","hentry","category-meio-ambiente","tag-gambas-de-orelhas-pretas","tag-meio-ambiente","tag-peruibe","tag-sarues"],"yoast_head":"<!-- This site is optimized with the Yoast SEO plugin v28.4 - https:\/\/yoast.com\/product\/yoast-seo-wordpress\/ -->\n<title>Gamb\u00e1s &#039;gigantes&#039; s\u00e3o apreendidos dentro de uma casa no Litoral - Ribeir\u00e3o Preto e Regi\u00e3o<\/title>\n<meta name=\"description\" content=\"casa em Peru\u00edbe, Litoral de S\u00e3o Paulo, foram surpreendidos com a presen\u00e7a de gamb\u00e1s-de-orelhas-pretas, tamb\u00e9m conhecidos como saru\u00eas. Os\" \/>\n<meta name=\"robots\" content=\"index, follow, max-snippet:-1, max-image-preview:large, max-video-preview:-1\" \/>\n<link rel=\"canonical\" href=\"https:\/\/redenoticiaz.com.br\/ribeiraopreto-regiao\/sp\/2022\/04\/18\/gambas-gigantes-sao-apreendidos-dentro-de-uma-casa-no-litoral\" \/>\n<meta property=\"og:locale\" content=\"pt_BR\" \/>\n<meta property=\"og:type\" content=\"article\" \/>\n<meta property=\"og:title\" content=\"Gamb\u00e1s &#039;gigantes&#039; s\u00e3o apreendidos dentro de uma casa no Litoral - Ribeir\u00e3o Preto e Regi\u00e3o\" \/>\n<meta property=\"og:description\" content=\"casa em Peru\u00edbe, Litoral de S\u00e3o Paulo, foram surpreendidos com a presen\u00e7a de gamb\u00e1s-de-orelhas-pretas, tamb\u00e9m conhecidos como saru\u00eas. Os\" \/>\n<meta property=\"og:url\" content=\"https:\/\/redenoticiaz.com.br\/ribeiraopreto-regiao\/sp\/2022\/04\/18\/gambas-gigantes-sao-apreendidos-dentro-de-uma-casa-no-litoral\" \/>\n<meta property=\"og:site_name\" content=\"Ribeir\u00e3o Preto e Regi\u00e3o\" \/>\n<meta property=\"article:publisher\" content=\"https:\/\/m.facebook.com\/redenoticiaz.barretos\" \/>\n<meta property=\"article:published_time\" content=\"2022-04-18T21:54:12+00:00\" \/>\n<meta property=\"article:modified_time\" content=\"2022-04-18T22:48:24+00:00\" \/>\n<meta property=\"og:image\" content=\"https:\/\/redenoticiaz.com.br\/ribeiraopreto-regiao\/wp-content\/uploads\/sites\/4\/2022\/02\/logo.jpg\" \/>\n\t<meta property=\"og:image:width\" content=\"400\" \/>\n\t<meta property=\"og:image:height\" content=\"250\" \/>\n\t<meta property=\"og:image:type\" content=\"image\/jpeg\" \/>\n<meta name=\"author\" content=\"Leonardo Francisco\" \/>\n<meta name=\"twitter:card\" content=\"summary_large_image\" \/>\n<meta name=\"twitter:creator\" content=\"@RN_barretos\" \/>\n<meta name=\"twitter:site\" content=\"@RN_barretos\" \/>\n<meta name=\"twitter:label1\" content=\"Escrito por\" \/>\n\t<meta name=\"twitter:data1\" content=\"Leonardo Francisco\" \/>\n\t<meta name=\"twitter:label2\" content=\"Est. tempo de leitura\" \/>\n\t<meta name=\"twitter:data2\" content=\"2 minutos\" \/>\n<script type=\"application\/ld+json\" class=\"yoast-schema-graph\">{\"@context\":\"https:\\\/\\\/schema.org\",\"@graph\":[{\"@type\":\"Article\",\"@id\":\"https:\\\/\\\/redenoticiaz.com.br\\\/ribeiraopreto-regiao\\\/sp\\\/2022\\\/04\\\/18\\\/gambas-gigantes-sao-apreendidos-dentro-de-uma-casa-no-litoral#article\",\"isPartOf\":{\"@id\":\"https:\\\/\\\/redenoticiaz.com.br\\\/ribeiraopreto-regiao\\\/sp\\\/2022\\\/04\\\/18\\\/gambas-gigantes-sao-apreendidos-dentro-de-uma-casa-no-litoral\"},\"author\":{\"name\":\"Leonardo Francisco\",\"@id\":\"https:\\\/\\\/redenoticiaz.com.br\\\/ribeiraopreto-regiao\\\/#\\\/schema\\\/person\\\/0f0b8a5bdafefe82841e07ae8d81ecb3\"},\"headline\":\"Gamb\u00e1s &#8216;gigantes&#8217; s\u00e3o apreendidos dentro de uma casa no Litoral\",\"datePublished\":\"2022-04-18T21:54:12+00:00\",\"dateModified\":\"2022-04-18T22:48:24+00:00\",\"mainEntityOfPage\":{\"@id\":\"https:\\\/\\\/redenoticiaz.com.br\\\/ribeiraopreto-regiao\\\/sp\\\/2022\\\/04\\\/18\\\/gambas-gigantes-sao-apreendidos-dentro-de-uma-casa-no-litoral\"},\"wordCount\":421,\"commentCount\":0,\"publisher\":{\"@id\":\"https:\\\/\\\/redenoticiaz.com.br\\\/ribeiraopreto-regiao\\\/#organization\"},\"image\":{\"@id\":\"https:\\\/\\\/redenoticiaz.com.br\\\/ribeiraopreto-regiao\\\/sp\\\/2022\\\/04\\\/18\\\/gambas-gigantes-sao-apreendidos-dentro-de-uma-casa-no-litoral#primaryimage\"},\"thumbnailUrl\":\"https:\\\/\\\/redenoticiaz.com.br\\\/ribeiraopreto-regiao\\\/wp-content\\\/uploads\\\/sites\\\/4\\\/2022\\\/04\\\/gamba.jpg\",\"keywords\":[\"GAMB\u00c1S-DE-ORELHAS-PRETAS\",\"MEIO AMBIENTE\",\"PERU\u00cdBE\",\"SARU\u00caS\"],\"articleSection\":[\"Meio Ambiente\"],\"inLanguage\":\"pt-BR\",\"potentialAction\":[{\"@type\":\"CommentAction\",\"name\":\"Comment\",\"target\":[\"https:\\\/\\\/redenoticiaz.com.br\\\/ribeiraopreto-regiao\\\/sp\\\/2022\\\/04\\\/18\\\/gambas-gigantes-sao-apreendidos-dentro-de-uma-casa-no-litoral#respond\"]}]},{\"@type\":\"WebPage\",\"@id\":\"https:\\\/\\\/redenoticiaz.com.br\\\/ribeiraopreto-regiao\\\/sp\\\/2022\\\/04\\\/18\\\/gambas-gigantes-sao-apreendidos-dentro-de-uma-casa-no-litoral\",\"url\":\"https:\\\/\\\/redenoticiaz.com.br\\\/ribeiraopreto-regiao\\\/sp\\\/2022\\\/04\\\/18\\\/gambas-gigantes-sao-apreendidos-dentro-de-uma-casa-no-litoral\",\"name\":\"Gamb\u00e1s 'gigantes' s\u00e3o apreendidos dentro de uma casa no Litoral - Ribeir\u00e3o Preto e Regi\u00e3o\",\"isPartOf\":{\"@id\":\"https:\\\/\\\/redenoticiaz.com.br\\\/ribeiraopreto-regiao\\\/#website\"},\"primaryImageOfPage\":{\"@id\":\"https:\\\/\\\/redenoticiaz.com.br\\\/ribeiraopreto-regiao\\\/sp\\\/2022\\\/04\\\/18\\\/gambas-gigantes-sao-apreendidos-dentro-de-uma-casa-no-litoral#primaryimage\"},\"image\":{\"@id\":\"https:\\\/\\\/redenoticiaz.com.br\\\/ribeiraopreto-regiao\\\/sp\\\/2022\\\/04\\\/18\\\/gambas-gigantes-sao-apreendidos-dentro-de-uma-casa-no-litoral#primaryimage\"},\"thumbnailUrl\":\"https:\\\/\\\/redenoticiaz.com.br\\\/ribeiraopreto-regiao\\\/wp-content\\\/uploads\\\/sites\\\/4\\\/2022\\\/04\\\/gamba.jpg\",\"datePublished\":\"2022-04-18T21:54:12+00:00\",\"dateModified\":\"2022-04-18T22:48:24+00:00\",\"description\":\"casa em Peru\u00edbe, Litoral de S\u00e3o Paulo, foram surpreendidos com a presen\u00e7a de gamb\u00e1s-de-orelhas-pretas, tamb\u00e9m conhecidos como saru\u00eas. Os\",\"inLanguage\":\"pt-BR\",\"potentialAction\":[{\"@type\":\"ReadAction\",\"target\":[\"https:\\\/\\\/redenoticiaz.com.br\\\/ribeiraopreto-regiao\\\/sp\\\/2022\\\/04\\\/18\\\/gambas-gigantes-sao-apreendidos-dentro-de-uma-casa-no-litoral\"]}]},{\"@type\":\"ImageObject\",\"inLanguage\":\"pt-BR\",\"@id\":\"https:\\\/\\\/redenoticiaz.com.br\\\/ribeiraopreto-regiao\\\/sp\\\/2022\\\/04\\\/18\\\/gambas-gigantes-sao-apreendidos-dentro-de-uma-casa-no-litoral#primaryimage\",\"url\":\"https:\\\/\\\/redenoticiaz.com.br\\\/ribeiraopreto-regiao\\\/wp-content\\\/uploads\\\/sites\\\/4\\\/2022\\\/04\\\/gamba.jpg\",\"contentUrl\":\"https:\\\/\\\/redenoticiaz.com.br\\\/ribeiraopreto-regiao\\\/wp-content\\\/uploads\\\/sites\\\/4\\\/2022\\\/04\\\/gamba.jpg\",\"width\":900,\"height\":600,\"caption\":\"Cr\u00e9ditos: Divulga\u00e7\u00e3o\\\/Prefeitura de Peru\u00edbe\"},{\"@type\":\"WebSite\",\"@id\":\"https:\\\/\\\/redenoticiaz.com.br\\\/ribeiraopreto-regiao\\\/#website\",\"url\":\"https:\\\/\\\/redenoticiaz.com.br\\\/ribeiraopreto-regiao\\\/\",\"name\":\"Ribeir\u00e3o Preto e Regi\u00e3o\",\"description\":\"Rede NoticiaZ - Ribeir\u00e3o Preto e regi\u00e3o\",\"publisher\":{\"@id\":\"https:\\\/\\\/redenoticiaz.com.br\\\/ribeiraopreto-regiao\\\/#organization\"},\"potentialAction\":[{\"@type\":\"SearchAction\",\"target\":{\"@type\":\"EntryPoint\",\"urlTemplate\":\"https:\\\/\\\/redenoticiaz.com.br\\\/ribeiraopreto-regiao\\\/?s={search_term_string}\"},\"query-input\":{\"@type\":\"PropertyValueSpecification\",\"valueRequired\":true,\"valueName\":\"search_term_string\"}}],\"inLanguage\":\"pt-BR\"},{\"@type\":\"Organization\",\"@id\":\"https:\\\/\\\/redenoticiaz.com.br\\\/ribeiraopreto-regiao\\\/#organization\",\"name\":\"Ribeir\u00e3o Preto e Regi\u00e3o\",\"url\":\"https:\\\/\\\/redenoticiaz.com.br\\\/ribeiraopreto-regiao\\\/\",\"logo\":{\"@type\":\"ImageObject\",\"inLanguage\":\"pt-BR\",\"@id\":\"https:\\\/\\\/redenoticiaz.com.br\\\/ribeiraopreto-regiao\\\/#\\\/schema\\\/logo\\\/image\\\/\",\"url\":\"https:\\\/\\\/redenoticiaz.com.br\\\/barretos-regiao\\\/wp-content\\\/uploads\\\/sites\\\/4\\\/2022\\\/02\\\/logo.jpg\",\"contentUrl\":\"https:\\\/\\\/redenoticiaz.com.br\\\/barretos-regiao\\\/wp-content\\\/uploads\\\/sites\\\/4\\\/2022\\\/02\\\/logo.jpg\",\"width\":400,\"height\":250,\"caption\":\"Ribeir\u00e3o Preto e Regi\u00e3o\"},\"image\":{\"@id\":\"https:\\\/\\\/redenoticiaz.com.br\\\/ribeiraopreto-regiao\\\/#\\\/schema\\\/logo\\\/image\\\/\"},\"sameAs\":[\"https:\\\/\\\/m.facebook.com\\\/redenoticiaz.barretos\",\"https:\\\/\\\/x.com\\\/RN_barretos\",\"https:\\\/\\\/www.instagram.com\\\/redenoticiaz.barretos\\\/?igshid=YmMyMTA2M2Y\",\"https:\\\/\\\/www.linkedin.com\\\/company\\\/rede-noticiaz-barretos-e-regio\\\/\"]},{\"@type\":\"Person\",\"@id\":\"https:\\\/\\\/redenoticiaz.com.br\\\/ribeiraopreto-regiao\\\/#\\\/schema\\\/person\\\/0f0b8a5bdafefe82841e07ae8d81ecb3\",\"name\":\"Leonardo Francisco\",\"image\":{\"@type\":\"ImageObject\",\"inLanguage\":\"pt-BR\",\"@id\":\"https:\\\/\\\/secure.gravatar.com\\\/avatar\\\/a7358cb406a99b682ec6df1e77e31ae82e63601f6784e8a3df411d72b37864da?s=96&d=mm&r=g\",\"url\":\"https:\\\/\\\/secure.gravatar.com\\\/avatar\\\/a7358cb406a99b682ec6df1e77e31ae82e63601f6784e8a3df411d72b37864da?s=96&d=mm&r=g\",\"contentUrl\":\"https:\\\/\\\/secure.gravatar.com\\\/avatar\\\/a7358cb406a99b682ec6df1e77e31ae82e63601f6784e8a3df411d72b37864da?s=96&d=mm&r=g\",\"caption\":\"Leonardo Francisco\"},\"url\":\"https:\\\/\\\/redenoticiaz.com.br\\\/ribeiraopreto-regiao\\\/sp\\\/author\\\/leonardo-francisco\"}]}<\/script>\n<!-- \/ Yoast SEO plugin. -->","yoast_head_json":{"title":"Gamb\u00e1s 'gigantes' s\u00e3o apreendidos dentro de uma casa no Litoral - Ribeir\u00e3o Preto e Regi\u00e3o","description":"casa em Peru\u00edbe, Litoral de S\u00e3o Paulo, foram surpreendidos com a presen\u00e7a de gamb\u00e1s-de-orelhas-pretas, tamb\u00e9m conhecidos como saru\u00eas. Os","robots":{"index":"index","follow":"follow","max-snippet":"max-snippet:-1","max-image-preview":"max-image-preview:large","max-video-preview":"max-video-preview:-1"},"canonical":"https:\/\/redenoticiaz.com.br\/ribeiraopreto-regiao\/sp\/2022\/04\/18\/gambas-gigantes-sao-apreendidos-dentro-de-uma-casa-no-litoral","og_locale":"pt_BR","og_type":"article","og_title":"Gamb\u00e1s 'gigantes' s\u00e3o apreendidos dentro de uma casa no Litoral - Ribeir\u00e3o Preto e Regi\u00e3o","og_description":"casa em Peru\u00edbe, Litoral de S\u00e3o Paulo, foram surpreendidos com a presen\u00e7a de gamb\u00e1s-de-orelhas-pretas, tamb\u00e9m conhecidos como saru\u00eas. Os","og_url":"https:\/\/redenoticiaz.com.br\/ribeiraopreto-regiao\/sp\/2022\/04\/18\/gambas-gigantes-sao-apreendidos-dentro-de-uma-casa-no-litoral","og_site_name":"Ribeir\u00e3o Preto e Regi\u00e3o","article_publisher":"https:\/\/m.facebook.com\/redenoticiaz.barretos","article_published_time":"2022-04-18T21:54:12+00:00","article_modified_time":"2022-04-18T22:48:24+00:00","og_image":[{"width":400,"height":250,"url":"https:\/\/redenoticiaz.com.br\/ribeiraopreto-regiao\/wp-content\/uploads\/sites\/4\/2022\/02\/logo.jpg","type":"image\/jpeg"}],"author":"Leonardo Francisco","twitter_card":"summary_large_image","twitter_creator":"@RN_barretos","twitter_site":"@RN_barretos","twitter_misc":{"Escrito por":"Leonardo Francisco","Est. tempo de leitura":"2 minutos"},"schema":{"@context":"https:\/\/schema.org","@graph":[{"@type":"Article","@id":"https:\/\/redenoticiaz.com.br\/ribeiraopreto-regiao\/sp\/2022\/04\/18\/gambas-gigantes-sao-apreendidos-dentro-de-uma-casa-no-litoral#article","isPartOf":{"@id":"https:\/\/redenoticiaz.com.br\/ribeiraopreto-regiao\/sp\/2022\/04\/18\/gambas-gigantes-sao-apreendidos-dentro-de-uma-casa-no-litoral"},"author":{"name":"Leonardo Francisco","@id":"https:\/\/redenoticiaz.com.br\/ribeiraopreto-regiao\/#\/schema\/person\/0f0b8a5bdafefe82841e07ae8d81ecb3"},"headline":"Gamb\u00e1s &#8216;gigantes&#8217; s\u00e3o apreendidos dentro de uma casa no Litoral","datePublished":"2022-04-18T21:54:12+00:00","dateModified":"2022-04-18T22:48:24+00:00","mainEntityOfPage":{"@id":"https:\/\/redenoticiaz.com.br\/ribeiraopreto-regiao\/sp\/2022\/04\/18\/gambas-gigantes-sao-apreendidos-dentro-de-uma-casa-no-litoral"},"wordCount":421,"commentCount":0,"publisher":{"@id":"https:\/\/redenoticiaz.com.br\/ribeiraopreto-regiao\/#organization"},"image":{"@id":"https:\/\/redenoticiaz.com.br\/ribeiraopreto-regiao\/sp\/2022\/04\/18\/gambas-gigantes-sao-apreendidos-dentro-de-uma-casa-no-litoral#primaryimage"},"thumbnailUrl":"https:\/\/redenoticiaz.com.br\/ribeiraopreto-regiao\/wp-content\/uploads\/sites\/4\/2022\/04\/gamba.jpg","keywords":["GAMB\u00c1S-DE-ORELHAS-PRETAS","MEIO AMBIENTE","PERU\u00cdBE","SARU\u00caS"],"articleSection":["Meio Ambiente"],"inLanguage":"pt-BR","potentialAction":[{"@type":"CommentAction","name":"Comment","target":["https:\/\/redenoticiaz.com.br\/ribeiraopreto-regiao\/sp\/2022\/04\/18\/gambas-gigantes-sao-apreendidos-dentro-de-uma-casa-no-litoral#respond"]}]},{"@type":"WebPage","@id":"https:\/\/redenoticiaz.com.br\/ribeiraopreto-regiao\/sp\/2022\/04\/18\/gambas-gigantes-sao-apreendidos-dentro-de-uma-casa-no-litoral","url":"https:\/\/redenoticiaz.com.br\/ribeiraopreto-regiao\/sp\/2022\/04\/18\/gambas-gigantes-sao-apreendidos-dentro-de-uma-casa-no-litoral","name":"Gamb\u00e1s 'gigantes' s\u00e3o apreendidos dentro de uma casa no Litoral - Ribeir\u00e3o Preto e Regi\u00e3o","isPartOf":{"@id":"https:\/\/redenoticiaz.com.br\/ribeiraopreto-regiao\/#website"},"primaryImageOfPage":{"@id":"https:\/\/redenoticiaz.com.br\/ribeiraopreto-regiao\/sp\/2022\/04\/18\/gambas-gigantes-sao-apreendidos-dentro-de-uma-casa-no-litoral#primaryimage"},"image":{"@id":"https:\/\/redenoticiaz.com.br\/ribeiraopreto-regiao\/sp\/2022\/04\/18\/gambas-gigantes-sao-apreendidos-dentro-de-uma-casa-no-litoral#primaryimage"},"thumbnailUrl":"https:\/\/redenoticiaz.com.br\/ribeiraopreto-regiao\/wp-content\/uploads\/sites\/4\/2022\/04\/gamba.jpg","datePublished":"2022-04-18T21:54:12+00:00","dateModified":"2022-04-18T22:48:24+00:00","description":"casa em Peru\u00edbe, Litoral de S\u00e3o Paulo, foram surpreendidos com a presen\u00e7a de gamb\u00e1s-de-orelhas-pretas, tamb\u00e9m conhecidos como saru\u00eas. Os","inLanguage":"pt-BR","potentialAction":[{"@type":"ReadAction","target":["https:\/\/redenoticiaz.com.br\/ribeiraopreto-regiao\/sp\/2022\/04\/18\/gambas-gigantes-sao-apreendidos-dentro-de-uma-casa-no-litoral"]}]},{"@type":"ImageObject","inLanguage":"pt-BR","@id":"https:\/\/redenoticiaz.com.br\/ribeiraopreto-regiao\/sp\/2022\/04\/18\/gambas-gigantes-sao-apreendidos-dentro-de-uma-casa-no-litoral#primaryimage","url":"https:\/\/redenoticiaz.com.br\/ribeiraopreto-regiao\/wp-content\/uploads\/sites\/4\/2022\/04\/gamba.jpg","contentUrl":"https:\/\/redenoticiaz.com.br\/ribeiraopreto-regiao\/wp-content\/uploads\/sites\/4\/2022\/04\/gamba.jpg","width":900,"height":600,"caption":"Cr\u00e9ditos: Divulga\u00e7\u00e3o\/Prefeitura de Peru\u00edbe"},{"@type":"WebSite","@id":"https:\/\/redenoticiaz.com.br\/ribeiraopreto-regiao\/#website","url":"https:\/\/redenoticiaz.com.br\/ribeiraopreto-regiao\/","name":"Ribeir\u00e3o Preto e Regi\u00e3o","description":"Rede NoticiaZ - Ribeir\u00e3o Preto e regi\u00e3o","publisher":{"@id":"https:\/\/redenoticiaz.com.br\/ribeiraopreto-regiao\/#organization"},"potentialAction":[{"@type":"SearchAction","target":{"@type":"EntryPoint","urlTemplate":"https:\/\/redenoticiaz.com.br\/ribeiraopreto-regiao\/?s={search_term_string}"},"query-input":{"@type":"PropertyValueSpecification","valueRequired":true,"valueName":"search_term_string"}}],"inLanguage":"pt-BR"},{"@type":"Organization","@id":"https:\/\/redenoticiaz.com.br\/ribeiraopreto-regiao\/#organization","name":"Ribeir\u00e3o Preto e Regi\u00e3o","url":"https:\/\/redenoticiaz.com.br\/ribeiraopreto-regiao\/","logo":{"@type":"ImageObject","inLanguage":"pt-BR","@id":"https:\/\/redenoticiaz.com.br\/ribeiraopreto-regiao\/#\/schema\/logo\/image\/","url":"https:\/\/redenoticiaz.com.br\/barretos-regiao\/wp-content\/uploads\/sites\/4\/2022\/02\/logo.jpg","contentUrl":"https:\/\/redenoticiaz.com.br\/barretos-regiao\/wp-content\/uploads\/sites\/4\/2022\/02\/logo.jpg","width":400,"height":250,"caption":"Ribeir\u00e3o Preto e Regi\u00e3o"},"image":{"@id":"https:\/\/redenoticiaz.com.br\/ribeiraopreto-regiao\/#\/schema\/logo\/image\/"},"sameAs":["https:\/\/m.facebook.com\/redenoticiaz.barretos","https:\/\/x.com\/RN_barretos","https:\/\/www.instagram.com\/redenoticiaz.barretos\/?igshid=YmMyMTA2M2Y","https:\/\/www.linkedin.com\/company\/rede-noticiaz-barretos-e-regio\/"]},{"@type":"Person","@id":"https:\/\/redenoticiaz.com.br\/ribeiraopreto-regiao\/#\/schema\/person\/0f0b8a5bdafefe82841e07ae8d81ecb3","name":"Leonardo Francisco","image":{"@type":"ImageObject","inLanguage":"pt-BR","@id":"https:\/\/secure.gravatar.com\/avatar\/a7358cb406a99b682ec6df1e77e31ae82e63601f6784e8a3df411d72b37864da?s=96&d=mm&r=g","url":"https:\/\/secure.gravatar.com\/avatar\/a7358cb406a99b682ec6df1e77e31ae82e63601f6784e8a3df411d72b37864da?s=96&d=mm&r=g","contentUrl":"https:\/\/secure.gravatar.com\/avatar\/a7358cb406a99b682ec6df1e77e31ae82e63601f6784e8a3df411d72b37864da?s=96&d=mm&r=g","caption":"Leonardo Francisco"},"url":"https:\/\/redenoticiaz.com.br\/ribeiraopreto-regiao\/sp\/author\/leonardo-francisco"}]}},"_links":{"self":[{"href":"https:\/\/redenoticiaz.com.br\/ribeiraopreto-regiao\/wp-json\/wp\/v2\/posts\/2757","targetHints":{"allow":["GET"]}}],"collection":[{"href":"https:\/\/redenoticiaz.com.br\/ribeiraopreto-regiao\/wp-json\/wp\/v2\/posts"}],"about":[{"href":"https:\/\/redenoticiaz.com.br\/ribeiraopreto-regiao\/wp-json\/wp\/v2\/types\/post"}],"author":[{"embeddable":true,"href":"https:\/\/redenoticiaz.com.br\/ribeiraopreto-regiao\/wp-json\/wp\/v2\/users\/6"}],"replies":[{"embeddable":true,"href":"https:\/\/redenoticiaz.com.br\/ribeiraopreto-regiao\/wp-json\/wp\/v2\/comments?post=2757"}],"version-history":[{"count":1,"href":"https:\/\/redenoticiaz.com.br\/ribeiraopreto-regiao\/wp-json\/wp\/v2\/posts\/2757\/revisions"}],"predecessor-version":[{"id":2759,"href":"https:\/\/redenoticiaz.com.br\/ribeiraopreto-regiao\/wp-json\/wp\/v2\/posts\/2757\/revisions\/2759"}],"wp:featuredmedia":[{"embeddable":true,"href":"https:\/\/redenoticiaz.com.br\/ribeiraopreto-regiao\/wp-json\/wp\/v2\/media\/2758"}],"wp:attachment":[{"href":"https:\/\/redenoticiaz.com.br\/ribeiraopreto-regiao\/wp-json\/wp\/v2\/media?parent=2757"}],"wp:term":[{"taxonomy":"category","embeddable":true,"href":"https:\/\/redenoticiaz.com.br\/ribeiraopreto-regiao\/wp-json\/wp\/v2\/categories?post=2757"},{"taxonomy":"post_tag","embeddable":true,"href":"https:\/\/redenoticiaz.com.br\/ribeiraopreto-regiao\/wp-json\/wp\/v2\/tags?post=2757"}],"curies":[{"name":"wp","href":"https:\/\/api.w.org\/{rel}","templated":true}]}}