{"id":3006,"date":"2022-04-22T09:49:19","date_gmt":"2022-04-22T12:49:19","guid":{"rendered":"https:\/\/redenoticiaz.com.br\/barretos-regiao\/?p=3006"},"modified":"2022-04-22T09:49:19","modified_gmt":"2022-04-22T12:49:19","slug":"roubo-em-residencia-no-bairro-cristiano-carvalho","status":"publish","type":"post","link":"https:\/\/redenoticiaz.com.br\/ribeiraopreto-regiao\/sp\/2022\/04\/22\/roubo-em-residencia-no-bairro-cristiano-carvalho","title":{"rendered":"Roubo em resid\u00eancia no bairro Cristiano Carvalho"},"content":{"rendered":"<div>\n<div>Em Barretos, dois indiv\u00edduos surpreenderam uma moradora ao adentrarem na resid\u00eancia pulando o muro pela lateral, na rua C-25. Os Pol\u00edcias Militares foram acionados pelo telefone 190 ao local.<\/div>\n<div><\/div>\n<\/div>\n<div>Na quinta-feira (21) por volta das 4h da manh\u00e3, dois indiv\u00edduos, escalaram pela lateral do muro de um im\u00f3vel em reforma entrando ao local. Ambos com rosto escondido por uma touca, mas pela voz era percept\u00edvel ser dois menores de idade. A v\u00edtima, por\u00e9m, estava deitada em seu leito, quando surpreendida e de imediato apontaram a arma e anunciaram o assalto perguntando <em>\u201conde estariam as joias\u201d<\/em>.<\/div>\n<div><\/div>\n<div>Mesmo, a v\u00edtima afirmando que n\u00e3o possu\u00eda os objetos mencionados, os indiv\u00edduos come\u00e7aram a vasculhar o im\u00f3vel. Os infratores, fugiram levando o celular da v\u00edtima, diversas joias e a chave do im\u00f3vel.<\/div>\n<div><\/div>\n<h4>Celular foi encontrado<\/h4>\n<div>A pol\u00edcia Militar encontrou o celular acionando o GPS, tendo a localiza\u00e7\u00e3o na rua C 24. Chegando ao local, abordaram uma mulher que trabalhava na coletora de produto recicl\u00e1veis, onde afirmou que encontrou o celular jogado no ch\u00e3o em via p\u00fablica pr\u00f3xima ao bairro de Santana.<\/div>\n<div><\/div>\n<div>O celular foi devolvido a v\u00edtima, a mesma entregou a pol\u00edcia duas muni\u00e7\u00f5es calibre 32 que foi deixado pelos infratores que cometeram o roubo.<\/div>\n<div><\/div>\n<div>LEIA TAMB\u00c9M:\u00a0<a href=\"https:\/\/redenoticiaz.com.br\/barretos-regiao\/sp\/2022\/04\/21\/aumento-de-casos-de-golpes-na-regiao-de-barretos\">Aumento nos casos de golpes na regi\u00e3o de Barretos<\/a><\/div>\n<div><\/div>\n<div><\/div>\n","protected":false},"excerpt":{"rendered":"<p>Em Barretos, dois indiv\u00edduos surpreenderam uma moradora ao adentrarem na resid\u00eancia pulando o muro pela lateral, na rua C-25. Os Pol\u00edcias Militares foram acionados pelo telefone 190 ao local. Na quinta-feira (21) por volta das 4h da manh\u00e3, dois indiv\u00edduos, escalaram pela lateral do muro de um im\u00f3vel em reforma entrando ao local. Ambos com &hellip;<\/p>\n","protected":false},"author":15,"featured_media":3009,"comment_status":"open","ping_status":"closed","sticky":false,"template":"","format":"standard","meta":{"footnotes":""},"categories":[88],"tags":[11937,64,11938,3437],"class_list":["post-3006","post","type-post","status-publish","format-standard","has-post-thumbnail","hentry","category-policia","tag-bairro-cristiano-carvalho","tag-barretos","tag-celular","tag-roubo"],"yoast_head":"<!-- This site is optimized with the Yoast SEO plugin v28.4 - https:\/\/yoast.com\/product\/yoast-seo-wordpress\/ -->\n<title>Roubo em resid\u00eancia no bairro Cristiano Carvalho - Ribeir\u00e3o Preto e Regi\u00e3o<\/title>\n<meta name=\"description\" content=\"Em Barretos, dois indiv\u00edduos surpreenderam uma moradora ao adentrarem na resid\u00eancia pulando o muro pela lateral, na rua C-25.\" \/>\n<meta name=\"robots\" content=\"index, follow, max-snippet:-1, max-image-preview:large, max-video-preview:-1\" \/>\n<link rel=\"canonical\" href=\"https:\/\/redenoticiaz.com.br\/ribeiraopreto-regiao\/sp\/2022\/04\/22\/roubo-em-residencia-no-bairro-cristiano-carvalho\" \/>\n<meta property=\"og:locale\" content=\"pt_BR\" \/>\n<meta property=\"og:type\" content=\"article\" \/>\n<meta property=\"og:title\" content=\"Roubo em resid\u00eancia no bairro Cristiano Carvalho - Ribeir\u00e3o Preto e Regi\u00e3o\" \/>\n<meta property=\"og:description\" content=\"Em Barretos, dois indiv\u00edduos surpreenderam uma moradora ao adentrarem na resid\u00eancia pulando o muro pela lateral, na rua C-25.\" \/>\n<meta property=\"og:url\" content=\"https:\/\/redenoticiaz.com.br\/ribeiraopreto-regiao\/sp\/2022\/04\/22\/roubo-em-residencia-no-bairro-cristiano-carvalho\" \/>\n<meta property=\"og:site_name\" content=\"Ribeir\u00e3o Preto e Regi\u00e3o\" \/>\n<meta property=\"article:publisher\" content=\"https:\/\/m.facebook.com\/redenoticiaz.barretos\" \/>\n<meta property=\"article:published_time\" content=\"2022-04-22T12:49:19+00:00\" \/>\n<meta property=\"og:image\" content=\"https:\/\/redenoticiaz.com.br\/ribeiraopreto-regiao\/wp-content\/uploads\/sites\/4\/2022\/04\/hooded-robber-hand-holding-a-pistol-blur-backgrou-2021-09-04-10-26-29-utc.jpg\" \/>\n\t<meta property=\"og:image:width\" content=\"1703\" \/>\n\t<meta property=\"og:image:height\" content=\"1080\" \/>\n\t<meta property=\"og:image:type\" content=\"image\/jpeg\" \/>\n<meta name=\"twitter:card\" content=\"summary_large_image\" \/>\n<meta name=\"twitter:creator\" content=\"@RN_barretos\" \/>\n<meta name=\"twitter:site\" content=\"@RN_barretos\" \/>\n<meta name=\"twitter:label1\" content=\"Escrito por\" \/>\n\t<meta name=\"twitter:data1\" content=\"\" \/>\n\t<meta name=\"twitter:label2\" content=\"Est. tempo de leitura\" \/>\n\t<meta name=\"twitter:data2\" content=\"1 minuto\" \/>\n<script type=\"application\/ld+json\" class=\"yoast-schema-graph\">{\"@context\":\"https:\\\/\\\/schema.org\",\"@graph\":[{\"@type\":\"Article\",\"@id\":\"https:\\\/\\\/redenoticiaz.com.br\\\/ribeiraopreto-regiao\\\/sp\\\/2022\\\/04\\\/22\\\/roubo-em-residencia-no-bairro-cristiano-carvalho#article\",\"isPartOf\":{\"@id\":\"https:\\\/\\\/redenoticiaz.com.br\\\/ribeiraopreto-regiao\\\/sp\\\/2022\\\/04\\\/22\\\/roubo-em-residencia-no-bairro-cristiano-carvalho\"},\"author\":{\"name\":\"\",\"@id\":\"\"},\"headline\":\"Roubo em resid\u00eancia no bairro Cristiano Carvalho\",\"datePublished\":\"2022-04-22T12:49:19+00:00\",\"mainEntityOfPage\":{\"@id\":\"https:\\\/\\\/redenoticiaz.com.br\\\/ribeiraopreto-regiao\\\/sp\\\/2022\\\/04\\\/22\\\/roubo-em-residencia-no-bairro-cristiano-carvalho\"},\"wordCount\":242,\"commentCount\":0,\"publisher\":{\"@id\":\"https:\\\/\\\/redenoticiaz.com.br\\\/ribeiraopreto-regiao\\\/#organization\"},\"image\":{\"@id\":\"https:\\\/\\\/redenoticiaz.com.br\\\/ribeiraopreto-regiao\\\/sp\\\/2022\\\/04\\\/22\\\/roubo-em-residencia-no-bairro-cristiano-carvalho#primaryimage\"},\"thumbnailUrl\":\"https:\\\/\\\/redenoticiaz.com.br\\\/ribeiraopreto-regiao\\\/wp-content\\\/uploads\\\/sites\\\/4\\\/2022\\\/04\\\/hooded-robber-hand-holding-a-pistol-blur-backgrou-2021-09-04-10-26-29-utc.jpg\",\"keywords\":[\"BAIRRO CRISTIANO CARVALHO\",\"BARRETOS\",\"CELULAR\",\"roubo\"],\"articleSection\":[\"Pol\u00edcia\"],\"inLanguage\":\"pt-BR\",\"potentialAction\":[{\"@type\":\"CommentAction\",\"name\":\"Comment\",\"target\":[\"https:\\\/\\\/redenoticiaz.com.br\\\/ribeiraopreto-regiao\\\/sp\\\/2022\\\/04\\\/22\\\/roubo-em-residencia-no-bairro-cristiano-carvalho#respond\"]}]},{\"@type\":\"WebPage\",\"@id\":\"https:\\\/\\\/redenoticiaz.com.br\\\/ribeiraopreto-regiao\\\/sp\\\/2022\\\/04\\\/22\\\/roubo-em-residencia-no-bairro-cristiano-carvalho\",\"url\":\"https:\\\/\\\/redenoticiaz.com.br\\\/ribeiraopreto-regiao\\\/sp\\\/2022\\\/04\\\/22\\\/roubo-em-residencia-no-bairro-cristiano-carvalho\",\"name\":\"Roubo em resid\u00eancia no bairro Cristiano Carvalho - Ribeir\u00e3o Preto e Regi\u00e3o\",\"isPartOf\":{\"@id\":\"https:\\\/\\\/redenoticiaz.com.br\\\/ribeiraopreto-regiao\\\/#website\"},\"primaryImageOfPage\":{\"@id\":\"https:\\\/\\\/redenoticiaz.com.br\\\/ribeiraopreto-regiao\\\/sp\\\/2022\\\/04\\\/22\\\/roubo-em-residencia-no-bairro-cristiano-carvalho#primaryimage\"},\"image\":{\"@id\":\"https:\\\/\\\/redenoticiaz.com.br\\\/ribeiraopreto-regiao\\\/sp\\\/2022\\\/04\\\/22\\\/roubo-em-residencia-no-bairro-cristiano-carvalho#primaryimage\"},\"thumbnailUrl\":\"https:\\\/\\\/redenoticiaz.com.br\\\/ribeiraopreto-regiao\\\/wp-content\\\/uploads\\\/sites\\\/4\\\/2022\\\/04\\\/hooded-robber-hand-holding-a-pistol-blur-backgrou-2021-09-04-10-26-29-utc.jpg\",\"datePublished\":\"2022-04-22T12:49:19+00:00\",\"description\":\"Em Barretos, dois indiv\u00edduos surpreenderam uma moradora ao adentrarem na resid\u00eancia pulando o muro pela lateral, na rua C-25.\",\"inLanguage\":\"pt-BR\",\"potentialAction\":[{\"@type\":\"ReadAction\",\"target\":[\"https:\\\/\\\/redenoticiaz.com.br\\\/ribeiraopreto-regiao\\\/sp\\\/2022\\\/04\\\/22\\\/roubo-em-residencia-no-bairro-cristiano-carvalho\"]}]},{\"@type\":\"ImageObject\",\"inLanguage\":\"pt-BR\",\"@id\":\"https:\\\/\\\/redenoticiaz.com.br\\\/ribeiraopreto-regiao\\\/sp\\\/2022\\\/04\\\/22\\\/roubo-em-residencia-no-bairro-cristiano-carvalho#primaryimage\",\"url\":\"https:\\\/\\\/redenoticiaz.com.br\\\/ribeiraopreto-regiao\\\/wp-content\\\/uploads\\\/sites\\\/4\\\/2022\\\/04\\\/hooded-robber-hand-holding-a-pistol-blur-backgrou-2021-09-04-10-26-29-utc.jpg\",\"contentUrl\":\"https:\\\/\\\/redenoticiaz.com.br\\\/ribeiraopreto-regiao\\\/wp-content\\\/uploads\\\/sites\\\/4\\\/2022\\\/04\\\/hooded-robber-hand-holding-a-pistol-blur-backgrou-2021-09-04-10-26-29-utc.jpg\",\"width\":1703,\"height\":1080,\"caption\":\"Roubo a m\u00e3o armada em Barretos. Cr\u00e9dito: Reprodu\u00e7\u00e3o\"},{\"@type\":\"WebSite\",\"@id\":\"https:\\\/\\\/redenoticiaz.com.br\\\/ribeiraopreto-regiao\\\/#website\",\"url\":\"https:\\\/\\\/redenoticiaz.com.br\\\/ribeiraopreto-regiao\\\/\",\"name\":\"Ribeir\u00e3o Preto e Regi\u00e3o\",\"description\":\"Rede NoticiaZ - Ribeir\u00e3o Preto e regi\u00e3o\",\"publisher\":{\"@id\":\"https:\\\/\\\/redenoticiaz.com.br\\\/ribeiraopreto-regiao\\\/#organization\"},\"potentialAction\":[{\"@type\":\"SearchAction\",\"target\":{\"@type\":\"EntryPoint\",\"urlTemplate\":\"https:\\\/\\\/redenoticiaz.com.br\\\/ribeiraopreto-regiao\\\/?s={search_term_string}\"},\"query-input\":{\"@type\":\"PropertyValueSpecification\",\"valueRequired\":true,\"valueName\":\"search_term_string\"}}],\"inLanguage\":\"pt-BR\"},{\"@type\":\"Organization\",\"@id\":\"https:\\\/\\\/redenoticiaz.com.br\\\/ribeiraopreto-regiao\\\/#organization\",\"name\":\"Ribeir\u00e3o Preto e Regi\u00e3o\",\"url\":\"https:\\\/\\\/redenoticiaz.com.br\\\/ribeiraopreto-regiao\\\/\",\"logo\":{\"@type\":\"ImageObject\",\"inLanguage\":\"pt-BR\",\"@id\":\"https:\\\/\\\/redenoticiaz.com.br\\\/ribeiraopreto-regiao\\\/#\\\/schema\\\/logo\\\/image\\\/\",\"url\":\"https:\\\/\\\/redenoticiaz.com.br\\\/barretos-regiao\\\/wp-content\\\/uploads\\\/sites\\\/4\\\/2022\\\/02\\\/logo.jpg\",\"contentUrl\":\"https:\\\/\\\/redenoticiaz.com.br\\\/barretos-regiao\\\/wp-content\\\/uploads\\\/sites\\\/4\\\/2022\\\/02\\\/logo.jpg\",\"width\":400,\"height\":250,\"caption\":\"Ribeir\u00e3o Preto e Regi\u00e3o\"},\"image\":{\"@id\":\"https:\\\/\\\/redenoticiaz.com.br\\\/ribeiraopreto-regiao\\\/#\\\/schema\\\/logo\\\/image\\\/\"},\"sameAs\":[\"https:\\\/\\\/m.facebook.com\\\/redenoticiaz.barretos\",\"https:\\\/\\\/x.com\\\/RN_barretos\",\"https:\\\/\\\/www.instagram.com\\\/redenoticiaz.barretos\\\/?igshid=YmMyMTA2M2Y\",\"https:\\\/\\\/www.linkedin.com\\\/company\\\/rede-noticiaz-barretos-e-regio\\\/\"]},{\"@type\":\"Person\",\"@id\":\"\",\"url\":\"https:\\\/\\\/redenoticiaz.com.br\\\/ribeiraopreto-regiao\\\/sp\\\/author\"}]}<\/script>\n<!-- \/ Yoast SEO plugin. -->","yoast_head_json":{"title":"Roubo em resid\u00eancia no bairro Cristiano Carvalho - Ribeir\u00e3o Preto e Regi\u00e3o","description":"Em Barretos, dois indiv\u00edduos surpreenderam uma moradora ao adentrarem na resid\u00eancia pulando o muro pela lateral, na rua C-25.","robots":{"index":"index","follow":"follow","max-snippet":"max-snippet:-1","max-image-preview":"max-image-preview:large","max-video-preview":"max-video-preview:-1"},"canonical":"https:\/\/redenoticiaz.com.br\/ribeiraopreto-regiao\/sp\/2022\/04\/22\/roubo-em-residencia-no-bairro-cristiano-carvalho","og_locale":"pt_BR","og_type":"article","og_title":"Roubo em resid\u00eancia no bairro Cristiano Carvalho - Ribeir\u00e3o Preto e Regi\u00e3o","og_description":"Em Barretos, dois indiv\u00edduos surpreenderam uma moradora ao adentrarem na resid\u00eancia pulando o muro pela lateral, na rua C-25.","og_url":"https:\/\/redenoticiaz.com.br\/ribeiraopreto-regiao\/sp\/2022\/04\/22\/roubo-em-residencia-no-bairro-cristiano-carvalho","og_site_name":"Ribeir\u00e3o Preto e Regi\u00e3o","article_publisher":"https:\/\/m.facebook.com\/redenoticiaz.barretos","article_published_time":"2022-04-22T12:49:19+00:00","og_image":[{"width":1703,"height":1080,"url":"https:\/\/redenoticiaz.com.br\/ribeiraopreto-regiao\/wp-content\/uploads\/sites\/4\/2022\/04\/hooded-robber-hand-holding-a-pistol-blur-backgrou-2021-09-04-10-26-29-utc.jpg","type":"image\/jpeg"}],"twitter_card":"summary_large_image","twitter_creator":"@RN_barretos","twitter_site":"@RN_barretos","twitter_misc":{"Escrito por":"","Est. tempo de leitura":"1 minuto"},"schema":{"@context":"https:\/\/schema.org","@graph":[{"@type":"Article","@id":"https:\/\/redenoticiaz.com.br\/ribeiraopreto-regiao\/sp\/2022\/04\/22\/roubo-em-residencia-no-bairro-cristiano-carvalho#article","isPartOf":{"@id":"https:\/\/redenoticiaz.com.br\/ribeiraopreto-regiao\/sp\/2022\/04\/22\/roubo-em-residencia-no-bairro-cristiano-carvalho"},"author":{"name":"","@id":""},"headline":"Roubo em resid\u00eancia no bairro Cristiano Carvalho","datePublished":"2022-04-22T12:49:19+00:00","mainEntityOfPage":{"@id":"https:\/\/redenoticiaz.com.br\/ribeiraopreto-regiao\/sp\/2022\/04\/22\/roubo-em-residencia-no-bairro-cristiano-carvalho"},"wordCount":242,"commentCount":0,"publisher":{"@id":"https:\/\/redenoticiaz.com.br\/ribeiraopreto-regiao\/#organization"},"image":{"@id":"https:\/\/redenoticiaz.com.br\/ribeiraopreto-regiao\/sp\/2022\/04\/22\/roubo-em-residencia-no-bairro-cristiano-carvalho#primaryimage"},"thumbnailUrl":"https:\/\/redenoticiaz.com.br\/ribeiraopreto-regiao\/wp-content\/uploads\/sites\/4\/2022\/04\/hooded-robber-hand-holding-a-pistol-blur-backgrou-2021-09-04-10-26-29-utc.jpg","keywords":["BAIRRO CRISTIANO CARVALHO","BARRETOS","CELULAR","roubo"],"articleSection":["Pol\u00edcia"],"inLanguage":"pt-BR","potentialAction":[{"@type":"CommentAction","name":"Comment","target":["https:\/\/redenoticiaz.com.br\/ribeiraopreto-regiao\/sp\/2022\/04\/22\/roubo-em-residencia-no-bairro-cristiano-carvalho#respond"]}]},{"@type":"WebPage","@id":"https:\/\/redenoticiaz.com.br\/ribeiraopreto-regiao\/sp\/2022\/04\/22\/roubo-em-residencia-no-bairro-cristiano-carvalho","url":"https:\/\/redenoticiaz.com.br\/ribeiraopreto-regiao\/sp\/2022\/04\/22\/roubo-em-residencia-no-bairro-cristiano-carvalho","name":"Roubo em resid\u00eancia no bairro Cristiano Carvalho - Ribeir\u00e3o Preto e Regi\u00e3o","isPartOf":{"@id":"https:\/\/redenoticiaz.com.br\/ribeiraopreto-regiao\/#website"},"primaryImageOfPage":{"@id":"https:\/\/redenoticiaz.com.br\/ribeiraopreto-regiao\/sp\/2022\/04\/22\/roubo-em-residencia-no-bairro-cristiano-carvalho#primaryimage"},"image":{"@id":"https:\/\/redenoticiaz.com.br\/ribeiraopreto-regiao\/sp\/2022\/04\/22\/roubo-em-residencia-no-bairro-cristiano-carvalho#primaryimage"},"thumbnailUrl":"https:\/\/redenoticiaz.com.br\/ribeiraopreto-regiao\/wp-content\/uploads\/sites\/4\/2022\/04\/hooded-robber-hand-holding-a-pistol-blur-backgrou-2021-09-04-10-26-29-utc.jpg","datePublished":"2022-04-22T12:49:19+00:00","description":"Em Barretos, dois indiv\u00edduos surpreenderam uma moradora ao adentrarem na resid\u00eancia pulando o muro pela lateral, na rua C-25.","inLanguage":"pt-BR","potentialAction":[{"@type":"ReadAction","target":["https:\/\/redenoticiaz.com.br\/ribeiraopreto-regiao\/sp\/2022\/04\/22\/roubo-em-residencia-no-bairro-cristiano-carvalho"]}]},{"@type":"ImageObject","inLanguage":"pt-BR","@id":"https:\/\/redenoticiaz.com.br\/ribeiraopreto-regiao\/sp\/2022\/04\/22\/roubo-em-residencia-no-bairro-cristiano-carvalho#primaryimage","url":"https:\/\/redenoticiaz.com.br\/ribeiraopreto-regiao\/wp-content\/uploads\/sites\/4\/2022\/04\/hooded-robber-hand-holding-a-pistol-blur-backgrou-2021-09-04-10-26-29-utc.jpg","contentUrl":"https:\/\/redenoticiaz.com.br\/ribeiraopreto-regiao\/wp-content\/uploads\/sites\/4\/2022\/04\/hooded-robber-hand-holding-a-pistol-blur-backgrou-2021-09-04-10-26-29-utc.jpg","width":1703,"height":1080,"caption":"Roubo a m\u00e3o armada em Barretos. Cr\u00e9dito: Reprodu\u00e7\u00e3o"},{"@type":"WebSite","@id":"https:\/\/redenoticiaz.com.br\/ribeiraopreto-regiao\/#website","url":"https:\/\/redenoticiaz.com.br\/ribeiraopreto-regiao\/","name":"Ribeir\u00e3o Preto e Regi\u00e3o","description":"Rede NoticiaZ - Ribeir\u00e3o Preto e regi\u00e3o","publisher":{"@id":"https:\/\/redenoticiaz.com.br\/ribeiraopreto-regiao\/#organization"},"potentialAction":[{"@type":"SearchAction","target":{"@type":"EntryPoint","urlTemplate":"https:\/\/redenoticiaz.com.br\/ribeiraopreto-regiao\/?s={search_term_string}"},"query-input":{"@type":"PropertyValueSpecification","valueRequired":true,"valueName":"search_term_string"}}],"inLanguage":"pt-BR"},{"@type":"Organization","@id":"https:\/\/redenoticiaz.com.br\/ribeiraopreto-regiao\/#organization","name":"Ribeir\u00e3o Preto e Regi\u00e3o","url":"https:\/\/redenoticiaz.com.br\/ribeiraopreto-regiao\/","logo":{"@type":"ImageObject","inLanguage":"pt-BR","@id":"https:\/\/redenoticiaz.com.br\/ribeiraopreto-regiao\/#\/schema\/logo\/image\/","url":"https:\/\/redenoticiaz.com.br\/barretos-regiao\/wp-content\/uploads\/sites\/4\/2022\/02\/logo.jpg","contentUrl":"https:\/\/redenoticiaz.com.br\/barretos-regiao\/wp-content\/uploads\/sites\/4\/2022\/02\/logo.jpg","width":400,"height":250,"caption":"Ribeir\u00e3o Preto e Regi\u00e3o"},"image":{"@id":"https:\/\/redenoticiaz.com.br\/ribeiraopreto-regiao\/#\/schema\/logo\/image\/"},"sameAs":["https:\/\/m.facebook.com\/redenoticiaz.barretos","https:\/\/x.com\/RN_barretos","https:\/\/www.instagram.com\/redenoticiaz.barretos\/?igshid=YmMyMTA2M2Y","https:\/\/www.linkedin.com\/company\/rede-noticiaz-barretos-e-regio\/"]},{"@type":"Person","@id":"","url":"https:\/\/redenoticiaz.com.br\/ribeiraopreto-regiao\/sp\/author"}]}},"_links":{"self":[{"href":"https:\/\/redenoticiaz.com.br\/ribeiraopreto-regiao\/wp-json\/wp\/v2\/posts\/3006","targetHints":{"allow":["GET"]}}],"collection":[{"href":"https:\/\/redenoticiaz.com.br\/ribeiraopreto-regiao\/wp-json\/wp\/v2\/posts"}],"about":[{"href":"https:\/\/redenoticiaz.com.br\/ribeiraopreto-regiao\/wp-json\/wp\/v2\/types\/post"}],"author":[{"embeddable":true,"href":"https:\/\/redenoticiaz.com.br\/ribeiraopreto-regiao\/wp-json\/wp\/v2\/users\/15"}],"replies":[{"embeddable":true,"href":"https:\/\/redenoticiaz.com.br\/ribeiraopreto-regiao\/wp-json\/wp\/v2\/comments?post=3006"}],"version-history":[{"count":1,"href":"https:\/\/redenoticiaz.com.br\/ribeiraopreto-regiao\/wp-json\/wp\/v2\/posts\/3006\/revisions"}],"predecessor-version":[{"id":3010,"href":"https:\/\/redenoticiaz.com.br\/ribeiraopreto-regiao\/wp-json\/wp\/v2\/posts\/3006\/revisions\/3010"}],"wp:featuredmedia":[{"embeddable":true,"href":"https:\/\/redenoticiaz.com.br\/ribeiraopreto-regiao\/wp-json\/wp\/v2\/media\/3009"}],"wp:attachment":[{"href":"https:\/\/redenoticiaz.com.br\/ribeiraopreto-regiao\/wp-json\/wp\/v2\/media?parent=3006"}],"wp:term":[{"taxonomy":"category","embeddable":true,"href":"https:\/\/redenoticiaz.com.br\/ribeiraopreto-regiao\/wp-json\/wp\/v2\/categories?post=3006"},{"taxonomy":"post_tag","embeddable":true,"href":"https:\/\/redenoticiaz.com.br\/ribeiraopreto-regiao\/wp-json\/wp\/v2\/tags?post=3006"}],"curies":[{"name":"wp","href":"https:\/\/api.w.org\/{rel}","templated":true}]}}