{"id":3124,"date":"2022-04-25T15:09:59","date_gmt":"2022-04-25T18:09:59","guid":{"rendered":"https:\/\/redenoticiaz.com.br\/barretos-regiao\/sp\/2022\/04\/25\/video-homem-executado-dentro-de-hospital-tambem-foi-baleado-em-rodovia-do-litoral"},"modified":"2022-04-25T15:09:59","modified_gmt":"2022-04-25T18:09:59","slug":"video-homem-executado-dentro-de-hospital-tambem-foi-baleado-em-rodovia-do-litoral","status":"publish","type":"post","link":"https:\/\/redenoticiaz.com.br\/ribeiraopreto-regiao\/sp\/2022\/04\/25\/video-homem-executado-dentro-de-hospital-tambem-foi-baleado-em-rodovia-do-litoral","title":{"rendered":"V\u00cdDEO &#8211; Homem executado dentro de hospital tamb\u00e9m foi baleado em rodovia do Litoral"},"content":{"rendered":"<p>Seguem as investiga\u00e7\u00f5es para encontrar os acusados de <strong>matarem o paciente<\/strong> Gilianderson dos Santos, de 37 anos, dentro do Hospital Santo Amaro (HSA), em <a href=\"https:\/\/www.guaruja.sp.gov.br\/\">Guaruj\u00e1<\/a>, Litoral de S\u00e3o Paulo. Ele j\u00e1 tinha sido baleado anteriormente durante assalto na ciclovia da Rodovia C\u00f4nego Dom\u00eanico Rangoni. O crime aconteceu na sexta-feira (22) e no domingo (24) teria alta m\u00e9dica, quando foi executado.<\/p>\n<p>Ap\u00f3s ser baleado na rodovia na sexta, a v\u00edtima contou que pedalava na ciclovia por volta das 20h, quando foi abordado por criminosos. Al\u00e9m de ser baleado, tamb\u00e9m teve a bicicleta e uma mochila roubada. Ele ainda caminhou at\u00e9 a Avenida Bento Pedro da Costa, no Jardim Concei\u00e7\u00e3ozinha, quando o Servi\u00e7o de Atendimento M\u00f3vel de Urg\u00eancia (SAMU) foi acionado e resgatou a v\u00edtima.<\/p>\n<p>Na ocasi\u00e3o, os disparos acertaram as costas, saindo pelo abd\u00f4men, a coxa e ficaram nas n\u00e1degas. De acordo com o delegado de Guaruj\u00e1, Caio Azevedo de Menezes, na primeira ocorr\u00eancia houve tentatriva de latroc\u00ednio e a Pol\u00edcia Civil iri\u00e1 ouvir a v\u00edtima para desvendar o crime. Contudo no domingo, os bandidos descobriram quando haveria a alta hospitalar e o executaram.<\/p>\n<h5><strong>Veja o v\u00eddeo:<\/strong><\/h5>\n<div style=\"width: 640px;\" class=\"wp-video\"><video class=\"wp-video-shortcode\" id=\"video-3124-1\" width=\"640\" height=\"352\" preload=\"metadata\" controls=\"controls\"><source type=\"video\/mp4\" src=\"https:\/\/redenoticiaz.com.br\/barretos-regiao\/wp-content\/uploads\/sites\/4\/2022\/04\/whatsapp-video-2022-04-25-at-13-29-23-1.mp4?_=1\" \/><a href=\"https:\/\/redenoticiaz.com.br\/barretos-regiao\/wp-content\/uploads\/sites\/4\/2022\/04\/whatsapp-video-2022-04-25-at-13-29-23-1.mp4\">https:\/\/redenoticiaz.com.br\/barretos-regiao\/wp-content\/uploads\/sites\/4\/2022\/04\/whatsapp-video-2022-04-25-at-13-29-23-1.mp4<\/a><\/video><\/div>\n<p>Segundo as informa\u00e7\u00f5es, os policiais descobriram que os autores da execu\u00e7\u00e3o vieram em duas motos Honda, sendo um modelo XRE e outra Twister e usaram capacetes. Ao entrarem na sala, abiramfogo na v\u00edtima, que estava em cadeira de rodas.<\/p>\n<p>Enquanto isso, um funcion\u00e1rio do Hospital Santo Amaro, que n\u00e3o quis se identificar, contou que o clima ap\u00f3s o crime foi de p\u00e2nico e desespero.<\/p>\n<p>\u201cO paciente ficou internado em um quarto e eu estava em outro. Teve um momento que cheguei a entrar no local para ajudar a auxiliar de enfermagem que cuidava dele e ele parecia tranquilo durante toda a noite\u201d, lembra.<\/p>\n<p>Segundo o HSA, o hospital conta com 30 funcion\u00e1rios da seguran\u00e7a. No momento do ataque, havia dois deles na ala onde ocorreu a execu\u00e7\u00e3o. Al\u00e9m disso, o Hospital ainda informou que, na ocasi\u00e3o em que o paciente chegou ao Pronto Socorro na \u00faltima sexta-feira, a pol\u00edcia foi acionada e realizou um boletim de ocorr\u00eancia.<\/p>\n<p>O corpo da v\u00edtima s\u00f3 foi liberado do HSA por volta de 16h30, quando o local foi liberado pela per\u00edcia e pelos investigadores. A Pol\u00edcia Civil investiga o homic\u00eddio. O caso foi registrado pela Delegacia de Guaruj\u00e1 que acionou a 3\u00aa Delegacia do DEIC.<\/p>\n<p><strong>LEIA TAMB\u00c9M<\/strong><\/p>\n<p><a href=\"https:\/\/redenoticiaz.com.br\/litoralsp\/2022\/04\/24\/paciente-e-executado-dentro-de-hospital-de-sp-na-frente-de-equipe-medica\">Paciente \u00e9 executado dentro de hospital de SP na frente de equipe m\u00e9dica<\/a><\/p>\n","protected":false},"excerpt":{"rendered":"<p>Seguem as investiga\u00e7\u00f5es para encontrar os acusados de matarem o paciente Gilianderson dos Santos, de 37 anos, dentro do Hospital Santo Amaro (HSA), em Guaruj\u00e1, Litoral de S\u00e3o Paulo. Ele j\u00e1 tinha sido baleado anteriormente durante assalto na ciclovia da Rodovia C\u00f4nego Dom\u00eanico Rangoni. O crime aconteceu na sexta-feira (22) e no domingo (24) teria &hellip;<\/p>\n","protected":false},"author":6,"featured_media":3085,"comment_status":"open","ping_status":"closed","sticky":false,"template":"","format":"standard","meta":{"footnotes":""},"categories":[88],"tags":[364,12343,12345,673],"class_list":["post-3124","post","type-post","status-publish","format-standard","has-post-thumbnail","hentry","category-policia","tag-guaruja","tag-hospital-santo-amaro","tag-paciente-executado","tag-policia-civil"],"yoast_head":"<!-- This site is optimized with the Yoast SEO plugin v27.4 - https:\/\/yoast.com\/product\/yoast-seo-wordpress\/ -->\n<title>V\u00cdDEO - Homem executado dentro de hospital tamb\u00e9m foi baleado em rodovia do Litoral - Ribeir\u00e3o Preto e Regi\u00e3o<\/title>\n<meta name=\"description\" content=\"para encontrar os acusados de matarem o paciente Gilianderson dos Santos, de 37 anos, dentro do Hospital Santo Amaro (HSA), em Guaruj\u00e1, Litoral\" \/>\n<meta name=\"robots\" content=\"index, follow, max-snippet:-1, max-image-preview:large, max-video-preview:-1\" \/>\n<link rel=\"canonical\" href=\"https:\/\/redenoticiaz.com.br\/ribeiraopreto-regiao\/sp\/2022\/04\/25\/video-homem-executado-dentro-de-hospital-tambem-foi-baleado-em-rodovia-do-litoral\" \/>\n<meta property=\"og:locale\" content=\"pt_BR\" \/>\n<meta property=\"og:type\" content=\"article\" \/>\n<meta property=\"og:title\" content=\"V\u00cdDEO - Homem executado dentro de hospital tamb\u00e9m foi baleado em rodovia do Litoral - Ribeir\u00e3o Preto e Regi\u00e3o\" \/>\n<meta property=\"og:description\" content=\"para encontrar os acusados de matarem o paciente Gilianderson dos Santos, de 37 anos, dentro do Hospital Santo Amaro (HSA), em Guaruj\u00e1, Litoral\" \/>\n<meta property=\"og:url\" content=\"https:\/\/redenoticiaz.com.br\/ribeiraopreto-regiao\/sp\/2022\/04\/25\/video-homem-executado-dentro-de-hospital-tambem-foi-baleado-em-rodovia-do-litoral\" \/>\n<meta property=\"og:site_name\" content=\"Ribeir\u00e3o Preto e Regi\u00e3o\" \/>\n<meta property=\"article:publisher\" content=\"https:\/\/m.facebook.com\/redenoticiaz.barretos\" \/>\n<meta property=\"article:published_time\" content=\"2022-04-25T18:09:59+00:00\" \/>\n<meta property=\"og:image\" content=\"https:\/\/redenoticiaz.com.br\/ribeiraopreto-regiao\/wp-content\/uploads\/sites\/4\/2022\/02\/logo.jpg\" \/>\n\t<meta property=\"og:image:width\" content=\"400\" \/>\n\t<meta property=\"og:image:height\" content=\"250\" \/>\n\t<meta property=\"og:image:type\" content=\"image\/jpeg\" \/>\n<meta name=\"author\" content=\"Leonardo Francisco\" \/>\n<meta name=\"twitter:card\" content=\"summary_large_image\" \/>\n<meta name=\"twitter:creator\" content=\"@RN_barretos\" \/>\n<meta name=\"twitter:site\" content=\"@RN_barretos\" \/>\n<meta name=\"twitter:label1\" content=\"Escrito por\" \/>\n\t<meta name=\"twitter:data1\" content=\"Leonardo Francisco\" \/>\n\t<meta name=\"twitter:label2\" content=\"Est. tempo de leitura\" \/>\n\t<meta name=\"twitter:data2\" content=\"2 minutos\" \/>\n<script type=\"application\/ld+json\" class=\"yoast-schema-graph\">{\"@context\":\"https:\\\/\\\/schema.org\",\"@graph\":[{\"@type\":\"Article\",\"@id\":\"https:\\\/\\\/redenoticiaz.com.br\\\/ribeiraopreto-regiao\\\/sp\\\/2022\\\/04\\\/25\\\/video-homem-executado-dentro-de-hospital-tambem-foi-baleado-em-rodovia-do-litoral#article\",\"isPartOf\":{\"@id\":\"https:\\\/\\\/redenoticiaz.com.br\\\/ribeiraopreto-regiao\\\/sp\\\/2022\\\/04\\\/25\\\/video-homem-executado-dentro-de-hospital-tambem-foi-baleado-em-rodovia-do-litoral\"},\"author\":{\"name\":\"Leonardo Francisco\",\"@id\":\"https:\\\/\\\/redenoticiaz.com.br\\\/ribeiraopreto-regiao\\\/#\\\/schema\\\/person\\\/0f0b8a5bdafefe82841e07ae8d81ecb3\"},\"headline\":\"V\u00cdDEO &#8211; Homem executado dentro de hospital tamb\u00e9m foi baleado em rodovia do Litoral\",\"datePublished\":\"2022-04-25T18:09:59+00:00\",\"mainEntityOfPage\":{\"@id\":\"https:\\\/\\\/redenoticiaz.com.br\\\/ribeiraopreto-regiao\\\/sp\\\/2022\\\/04\\\/25\\\/video-homem-executado-dentro-de-hospital-tambem-foi-baleado-em-rodovia-do-litoral\"},\"wordCount\":475,\"commentCount\":0,\"publisher\":{\"@id\":\"https:\\\/\\\/redenoticiaz.com.br\\\/ribeiraopreto-regiao\\\/#organization\"},\"image\":{\"@id\":\"https:\\\/\\\/redenoticiaz.com.br\\\/ribeiraopreto-regiao\\\/sp\\\/2022\\\/04\\\/25\\\/video-homem-executado-dentro-de-hospital-tambem-foi-baleado-em-rodovia-do-litoral#primaryimage\"},\"thumbnailUrl\":\"https:\\\/\\\/redenoticiaz.com.br\\\/ribeiraopreto-regiao\\\/wp-content\\\/uploads\\\/sites\\\/4\\\/2022\\\/04\\\/mortesantoamaro-e1650819317888.jpg\",\"keywords\":[\"GUARUJ\u00c1\",\"HOSPITAL SANTO AMARO\",\"PACIENTE EXECUTADO\",\"POL\u00cdCIA CIVIL\"],\"articleSection\":[\"Pol\u00edcia\"],\"inLanguage\":\"pt-BR\",\"potentialAction\":[{\"@type\":\"CommentAction\",\"name\":\"Comment\",\"target\":[\"https:\\\/\\\/redenoticiaz.com.br\\\/ribeiraopreto-regiao\\\/sp\\\/2022\\\/04\\\/25\\\/video-homem-executado-dentro-de-hospital-tambem-foi-baleado-em-rodovia-do-litoral#respond\"]}]},{\"@type\":\"WebPage\",\"@id\":\"https:\\\/\\\/redenoticiaz.com.br\\\/ribeiraopreto-regiao\\\/sp\\\/2022\\\/04\\\/25\\\/video-homem-executado-dentro-de-hospital-tambem-foi-baleado-em-rodovia-do-litoral\",\"url\":\"https:\\\/\\\/redenoticiaz.com.br\\\/ribeiraopreto-regiao\\\/sp\\\/2022\\\/04\\\/25\\\/video-homem-executado-dentro-de-hospital-tambem-foi-baleado-em-rodovia-do-litoral\",\"name\":\"V\u00cdDEO - Homem executado dentro de hospital tamb\u00e9m foi baleado em rodovia do Litoral - Ribeir\u00e3o Preto e Regi\u00e3o\",\"isPartOf\":{\"@id\":\"https:\\\/\\\/redenoticiaz.com.br\\\/ribeiraopreto-regiao\\\/#website\"},\"primaryImageOfPage\":{\"@id\":\"https:\\\/\\\/redenoticiaz.com.br\\\/ribeiraopreto-regiao\\\/sp\\\/2022\\\/04\\\/25\\\/video-homem-executado-dentro-de-hospital-tambem-foi-baleado-em-rodovia-do-litoral#primaryimage\"},\"image\":{\"@id\":\"https:\\\/\\\/redenoticiaz.com.br\\\/ribeiraopreto-regiao\\\/sp\\\/2022\\\/04\\\/25\\\/video-homem-executado-dentro-de-hospital-tambem-foi-baleado-em-rodovia-do-litoral#primaryimage\"},\"thumbnailUrl\":\"https:\\\/\\\/redenoticiaz.com.br\\\/ribeiraopreto-regiao\\\/wp-content\\\/uploads\\\/sites\\\/4\\\/2022\\\/04\\\/mortesantoamaro-e1650819317888.jpg\",\"datePublished\":\"2022-04-25T18:09:59+00:00\",\"description\":\"para encontrar os acusados de matarem o paciente Gilianderson dos Santos, de 37 anos, dentro do Hospital Santo Amaro (HSA), em Guaruj\u00e1, Litoral\",\"inLanguage\":\"pt-BR\",\"potentialAction\":[{\"@type\":\"ReadAction\",\"target\":[\"https:\\\/\\\/redenoticiaz.com.br\\\/ribeiraopreto-regiao\\\/sp\\\/2022\\\/04\\\/25\\\/video-homem-executado-dentro-de-hospital-tambem-foi-baleado-em-rodovia-do-litoral\"]}]},{\"@type\":\"ImageObject\",\"inLanguage\":\"pt-BR\",\"@id\":\"https:\\\/\\\/redenoticiaz.com.br\\\/ribeiraopreto-regiao\\\/sp\\\/2022\\\/04\\\/25\\\/video-homem-executado-dentro-de-hospital-tambem-foi-baleado-em-rodovia-do-litoral#primaryimage\",\"url\":\"https:\\\/\\\/redenoticiaz.com.br\\\/ribeiraopreto-regiao\\\/wp-content\\\/uploads\\\/sites\\\/4\\\/2022\\\/04\\\/mortesantoamaro-e1650819317888.jpg\",\"contentUrl\":\"https:\\\/\\\/redenoticiaz.com.br\\\/ribeiraopreto-regiao\\\/wp-content\\\/uploads\\\/sites\\\/4\\\/2022\\\/04\\\/mortesantoamaro-e1650819317888.jpg\",\"width\":900,\"height\":587,\"caption\":\"Cr\u00e9ditos: Reprodu\u00e7\u00e3o.\"},{\"@type\":\"WebSite\",\"@id\":\"https:\\\/\\\/redenoticiaz.com.br\\\/ribeiraopreto-regiao\\\/#website\",\"url\":\"https:\\\/\\\/redenoticiaz.com.br\\\/ribeiraopreto-regiao\\\/\",\"name\":\"Ribeir\u00e3o Preto e Regi\u00e3o\",\"description\":\"Rede NoticiaZ - Ribeir\u00e3o Preto e regi\u00e3o\",\"publisher\":{\"@id\":\"https:\\\/\\\/redenoticiaz.com.br\\\/ribeiraopreto-regiao\\\/#organization\"},\"potentialAction\":[{\"@type\":\"SearchAction\",\"target\":{\"@type\":\"EntryPoint\",\"urlTemplate\":\"https:\\\/\\\/redenoticiaz.com.br\\\/ribeiraopreto-regiao\\\/?s={search_term_string}\"},\"query-input\":{\"@type\":\"PropertyValueSpecification\",\"valueRequired\":true,\"valueName\":\"search_term_string\"}}],\"inLanguage\":\"pt-BR\"},{\"@type\":\"Organization\",\"@id\":\"https:\\\/\\\/redenoticiaz.com.br\\\/ribeiraopreto-regiao\\\/#organization\",\"name\":\"Ribeir\u00e3o Preto e Regi\u00e3o\",\"url\":\"https:\\\/\\\/redenoticiaz.com.br\\\/ribeiraopreto-regiao\\\/\",\"logo\":{\"@type\":\"ImageObject\",\"inLanguage\":\"pt-BR\",\"@id\":\"https:\\\/\\\/redenoticiaz.com.br\\\/ribeiraopreto-regiao\\\/#\\\/schema\\\/logo\\\/image\\\/\",\"url\":\"https:\\\/\\\/redenoticiaz.com.br\\\/barretos-regiao\\\/wp-content\\\/uploads\\\/sites\\\/4\\\/2022\\\/02\\\/logo.jpg\",\"contentUrl\":\"https:\\\/\\\/redenoticiaz.com.br\\\/barretos-regiao\\\/wp-content\\\/uploads\\\/sites\\\/4\\\/2022\\\/02\\\/logo.jpg\",\"width\":400,\"height\":250,\"caption\":\"Ribeir\u00e3o Preto e Regi\u00e3o\"},\"image\":{\"@id\":\"https:\\\/\\\/redenoticiaz.com.br\\\/ribeiraopreto-regiao\\\/#\\\/schema\\\/logo\\\/image\\\/\"},\"sameAs\":[\"https:\\\/\\\/m.facebook.com\\\/redenoticiaz.barretos\",\"https:\\\/\\\/x.com\\\/RN_barretos\",\"https:\\\/\\\/www.instagram.com\\\/redenoticiaz.barretos\\\/?igshid=YmMyMTA2M2Y\",\"https:\\\/\\\/www.linkedin.com\\\/company\\\/rede-noticiaz-barretos-e-regio\\\/\"]},{\"@type\":\"Person\",\"@id\":\"https:\\\/\\\/redenoticiaz.com.br\\\/ribeiraopreto-regiao\\\/#\\\/schema\\\/person\\\/0f0b8a5bdafefe82841e07ae8d81ecb3\",\"name\":\"Leonardo Francisco\",\"image\":{\"@type\":\"ImageObject\",\"inLanguage\":\"pt-BR\",\"@id\":\"https:\\\/\\\/secure.gravatar.com\\\/avatar\\\/a7358cb406a99b682ec6df1e77e31ae82e63601f6784e8a3df411d72b37864da?s=96&d=mm&r=g\",\"url\":\"https:\\\/\\\/secure.gravatar.com\\\/avatar\\\/a7358cb406a99b682ec6df1e77e31ae82e63601f6784e8a3df411d72b37864da?s=96&d=mm&r=g\",\"contentUrl\":\"https:\\\/\\\/secure.gravatar.com\\\/avatar\\\/a7358cb406a99b682ec6df1e77e31ae82e63601f6784e8a3df411d72b37864da?s=96&d=mm&r=g\",\"caption\":\"Leonardo Francisco\"},\"url\":\"https:\\\/\\\/redenoticiaz.com.br\\\/ribeiraopreto-regiao\\\/sp\\\/author\\\/leonardo-francisco\"}]}<\/script>\n<!-- \/ Yoast SEO plugin. -->","yoast_head_json":{"title":"V\u00cdDEO - Homem executado dentro de hospital tamb\u00e9m foi baleado em rodovia do Litoral - Ribeir\u00e3o Preto e Regi\u00e3o","description":"para encontrar os acusados de matarem o paciente Gilianderson dos Santos, de 37 anos, dentro do Hospital Santo Amaro (HSA), em Guaruj\u00e1, Litoral","robots":{"index":"index","follow":"follow","max-snippet":"max-snippet:-1","max-image-preview":"max-image-preview:large","max-video-preview":"max-video-preview:-1"},"canonical":"https:\/\/redenoticiaz.com.br\/ribeiraopreto-regiao\/sp\/2022\/04\/25\/video-homem-executado-dentro-de-hospital-tambem-foi-baleado-em-rodovia-do-litoral","og_locale":"pt_BR","og_type":"article","og_title":"V\u00cdDEO - Homem executado dentro de hospital tamb\u00e9m foi baleado em rodovia do Litoral - Ribeir\u00e3o Preto e Regi\u00e3o","og_description":"para encontrar os acusados de matarem o paciente Gilianderson dos Santos, de 37 anos, dentro do Hospital Santo Amaro (HSA), em Guaruj\u00e1, Litoral","og_url":"https:\/\/redenoticiaz.com.br\/ribeiraopreto-regiao\/sp\/2022\/04\/25\/video-homem-executado-dentro-de-hospital-tambem-foi-baleado-em-rodovia-do-litoral","og_site_name":"Ribeir\u00e3o Preto e Regi\u00e3o","article_publisher":"https:\/\/m.facebook.com\/redenoticiaz.barretos","article_published_time":"2022-04-25T18:09:59+00:00","og_image":[{"width":400,"height":250,"url":"https:\/\/redenoticiaz.com.br\/ribeiraopreto-regiao\/wp-content\/uploads\/sites\/4\/2022\/02\/logo.jpg","type":"image\/jpeg"}],"author":"Leonardo Francisco","twitter_card":"summary_large_image","twitter_creator":"@RN_barretos","twitter_site":"@RN_barretos","twitter_misc":{"Escrito por":"Leonardo Francisco","Est. tempo de leitura":"2 minutos"},"schema":{"@context":"https:\/\/schema.org","@graph":[{"@type":"Article","@id":"https:\/\/redenoticiaz.com.br\/ribeiraopreto-regiao\/sp\/2022\/04\/25\/video-homem-executado-dentro-de-hospital-tambem-foi-baleado-em-rodovia-do-litoral#article","isPartOf":{"@id":"https:\/\/redenoticiaz.com.br\/ribeiraopreto-regiao\/sp\/2022\/04\/25\/video-homem-executado-dentro-de-hospital-tambem-foi-baleado-em-rodovia-do-litoral"},"author":{"name":"Leonardo Francisco","@id":"https:\/\/redenoticiaz.com.br\/ribeiraopreto-regiao\/#\/schema\/person\/0f0b8a5bdafefe82841e07ae8d81ecb3"},"headline":"V\u00cdDEO &#8211; Homem executado dentro de hospital tamb\u00e9m foi baleado em rodovia do Litoral","datePublished":"2022-04-25T18:09:59+00:00","mainEntityOfPage":{"@id":"https:\/\/redenoticiaz.com.br\/ribeiraopreto-regiao\/sp\/2022\/04\/25\/video-homem-executado-dentro-de-hospital-tambem-foi-baleado-em-rodovia-do-litoral"},"wordCount":475,"commentCount":0,"publisher":{"@id":"https:\/\/redenoticiaz.com.br\/ribeiraopreto-regiao\/#organization"},"image":{"@id":"https:\/\/redenoticiaz.com.br\/ribeiraopreto-regiao\/sp\/2022\/04\/25\/video-homem-executado-dentro-de-hospital-tambem-foi-baleado-em-rodovia-do-litoral#primaryimage"},"thumbnailUrl":"https:\/\/redenoticiaz.com.br\/ribeiraopreto-regiao\/wp-content\/uploads\/sites\/4\/2022\/04\/mortesantoamaro-e1650819317888.jpg","keywords":["GUARUJ\u00c1","HOSPITAL SANTO AMARO","PACIENTE EXECUTADO","POL\u00cdCIA CIVIL"],"articleSection":["Pol\u00edcia"],"inLanguage":"pt-BR","potentialAction":[{"@type":"CommentAction","name":"Comment","target":["https:\/\/redenoticiaz.com.br\/ribeiraopreto-regiao\/sp\/2022\/04\/25\/video-homem-executado-dentro-de-hospital-tambem-foi-baleado-em-rodovia-do-litoral#respond"]}]},{"@type":"WebPage","@id":"https:\/\/redenoticiaz.com.br\/ribeiraopreto-regiao\/sp\/2022\/04\/25\/video-homem-executado-dentro-de-hospital-tambem-foi-baleado-em-rodovia-do-litoral","url":"https:\/\/redenoticiaz.com.br\/ribeiraopreto-regiao\/sp\/2022\/04\/25\/video-homem-executado-dentro-de-hospital-tambem-foi-baleado-em-rodovia-do-litoral","name":"V\u00cdDEO - Homem executado dentro de hospital tamb\u00e9m foi baleado em rodovia do Litoral - Ribeir\u00e3o Preto e Regi\u00e3o","isPartOf":{"@id":"https:\/\/redenoticiaz.com.br\/ribeiraopreto-regiao\/#website"},"primaryImageOfPage":{"@id":"https:\/\/redenoticiaz.com.br\/ribeiraopreto-regiao\/sp\/2022\/04\/25\/video-homem-executado-dentro-de-hospital-tambem-foi-baleado-em-rodovia-do-litoral#primaryimage"},"image":{"@id":"https:\/\/redenoticiaz.com.br\/ribeiraopreto-regiao\/sp\/2022\/04\/25\/video-homem-executado-dentro-de-hospital-tambem-foi-baleado-em-rodovia-do-litoral#primaryimage"},"thumbnailUrl":"https:\/\/redenoticiaz.com.br\/ribeiraopreto-regiao\/wp-content\/uploads\/sites\/4\/2022\/04\/mortesantoamaro-e1650819317888.jpg","datePublished":"2022-04-25T18:09:59+00:00","description":"para encontrar os acusados de matarem o paciente Gilianderson dos Santos, de 37 anos, dentro do Hospital Santo Amaro (HSA), em Guaruj\u00e1, Litoral","inLanguage":"pt-BR","potentialAction":[{"@type":"ReadAction","target":["https:\/\/redenoticiaz.com.br\/ribeiraopreto-regiao\/sp\/2022\/04\/25\/video-homem-executado-dentro-de-hospital-tambem-foi-baleado-em-rodovia-do-litoral"]}]},{"@type":"ImageObject","inLanguage":"pt-BR","@id":"https:\/\/redenoticiaz.com.br\/ribeiraopreto-regiao\/sp\/2022\/04\/25\/video-homem-executado-dentro-de-hospital-tambem-foi-baleado-em-rodovia-do-litoral#primaryimage","url":"https:\/\/redenoticiaz.com.br\/ribeiraopreto-regiao\/wp-content\/uploads\/sites\/4\/2022\/04\/mortesantoamaro-e1650819317888.jpg","contentUrl":"https:\/\/redenoticiaz.com.br\/ribeiraopreto-regiao\/wp-content\/uploads\/sites\/4\/2022\/04\/mortesantoamaro-e1650819317888.jpg","width":900,"height":587,"caption":"Cr\u00e9ditos: Reprodu\u00e7\u00e3o."},{"@type":"WebSite","@id":"https:\/\/redenoticiaz.com.br\/ribeiraopreto-regiao\/#website","url":"https:\/\/redenoticiaz.com.br\/ribeiraopreto-regiao\/","name":"Ribeir\u00e3o Preto e Regi\u00e3o","description":"Rede NoticiaZ - Ribeir\u00e3o Preto e regi\u00e3o","publisher":{"@id":"https:\/\/redenoticiaz.com.br\/ribeiraopreto-regiao\/#organization"},"potentialAction":[{"@type":"SearchAction","target":{"@type":"EntryPoint","urlTemplate":"https:\/\/redenoticiaz.com.br\/ribeiraopreto-regiao\/?s={search_term_string}"},"query-input":{"@type":"PropertyValueSpecification","valueRequired":true,"valueName":"search_term_string"}}],"inLanguage":"pt-BR"},{"@type":"Organization","@id":"https:\/\/redenoticiaz.com.br\/ribeiraopreto-regiao\/#organization","name":"Ribeir\u00e3o Preto e Regi\u00e3o","url":"https:\/\/redenoticiaz.com.br\/ribeiraopreto-regiao\/","logo":{"@type":"ImageObject","inLanguage":"pt-BR","@id":"https:\/\/redenoticiaz.com.br\/ribeiraopreto-regiao\/#\/schema\/logo\/image\/","url":"https:\/\/redenoticiaz.com.br\/barretos-regiao\/wp-content\/uploads\/sites\/4\/2022\/02\/logo.jpg","contentUrl":"https:\/\/redenoticiaz.com.br\/barretos-regiao\/wp-content\/uploads\/sites\/4\/2022\/02\/logo.jpg","width":400,"height":250,"caption":"Ribeir\u00e3o Preto e Regi\u00e3o"},"image":{"@id":"https:\/\/redenoticiaz.com.br\/ribeiraopreto-regiao\/#\/schema\/logo\/image\/"},"sameAs":["https:\/\/m.facebook.com\/redenoticiaz.barretos","https:\/\/x.com\/RN_barretos","https:\/\/www.instagram.com\/redenoticiaz.barretos\/?igshid=YmMyMTA2M2Y","https:\/\/www.linkedin.com\/company\/rede-noticiaz-barretos-e-regio\/"]},{"@type":"Person","@id":"https:\/\/redenoticiaz.com.br\/ribeiraopreto-regiao\/#\/schema\/person\/0f0b8a5bdafefe82841e07ae8d81ecb3","name":"Leonardo Francisco","image":{"@type":"ImageObject","inLanguage":"pt-BR","@id":"https:\/\/secure.gravatar.com\/avatar\/a7358cb406a99b682ec6df1e77e31ae82e63601f6784e8a3df411d72b37864da?s=96&d=mm&r=g","url":"https:\/\/secure.gravatar.com\/avatar\/a7358cb406a99b682ec6df1e77e31ae82e63601f6784e8a3df411d72b37864da?s=96&d=mm&r=g","contentUrl":"https:\/\/secure.gravatar.com\/avatar\/a7358cb406a99b682ec6df1e77e31ae82e63601f6784e8a3df411d72b37864da?s=96&d=mm&r=g","caption":"Leonardo Francisco"},"url":"https:\/\/redenoticiaz.com.br\/ribeiraopreto-regiao\/sp\/author\/leonardo-francisco"}]}},"_links":{"self":[{"href":"https:\/\/redenoticiaz.com.br\/ribeiraopreto-regiao\/wp-json\/wp\/v2\/posts\/3124","targetHints":{"allow":["GET"]}}],"collection":[{"href":"https:\/\/redenoticiaz.com.br\/ribeiraopreto-regiao\/wp-json\/wp\/v2\/posts"}],"about":[{"href":"https:\/\/redenoticiaz.com.br\/ribeiraopreto-regiao\/wp-json\/wp\/v2\/types\/post"}],"author":[{"embeddable":true,"href":"https:\/\/redenoticiaz.com.br\/ribeiraopreto-regiao\/wp-json\/wp\/v2\/users\/6"}],"replies":[{"embeddable":true,"href":"https:\/\/redenoticiaz.com.br\/ribeiraopreto-regiao\/wp-json\/wp\/v2\/comments?post=3124"}],"version-history":[{"count":1,"href":"https:\/\/redenoticiaz.com.br\/ribeiraopreto-regiao\/wp-json\/wp\/v2\/posts\/3124\/revisions"}],"predecessor-version":[{"id":3126,"href":"https:\/\/redenoticiaz.com.br\/ribeiraopreto-regiao\/wp-json\/wp\/v2\/posts\/3124\/revisions\/3126"}],"wp:featuredmedia":[{"embeddable":true,"href":"https:\/\/redenoticiaz.com.br\/ribeiraopreto-regiao\/wp-json\/wp\/v2\/media\/3085"}],"wp:attachment":[{"href":"https:\/\/redenoticiaz.com.br\/ribeiraopreto-regiao\/wp-json\/wp\/v2\/media?parent=3124"}],"wp:term":[{"taxonomy":"category","embeddable":true,"href":"https:\/\/redenoticiaz.com.br\/ribeiraopreto-regiao\/wp-json\/wp\/v2\/categories?post=3124"},{"taxonomy":"post_tag","embeddable":true,"href":"https:\/\/redenoticiaz.com.br\/ribeiraopreto-regiao\/wp-json\/wp\/v2\/tags?post=3124"}],"curies":[{"name":"wp","href":"https:\/\/api.w.org\/{rel}","templated":true}]}}