{"id":3164,"date":"2022-04-26T14:27:14","date_gmt":"2022-04-26T17:27:14","guid":{"rendered":"https:\/\/redenoticiaz.com.br\/barretos-regiao\/?p=3164"},"modified":"2022-04-26T14:27:14","modified_gmt":"2022-04-26T17:27:14","slug":"curso-de-capacitacao-gratuito-destinado-a-mulheres-empreendedoras","status":"publish","type":"post","link":"https:\/\/redenoticiaz.com.br\/ribeiraopreto-regiao\/sp\/2022\/04\/26\/curso-de-capacitacao-gratuito-destinado-a-mulheres-empreendedoras","title":{"rendered":"Curso de capacita\u00e7\u00e3o gratuito destinado a mulheres empreendedoras"},"content":{"rendered":"<p>O <strong>Sebrae Barretos<\/strong> com o apoio da Prefeitura da Est\u00e2ncia Tur\u00edstica de Barretos, por meio da Secretaria de Desenvolvimento Econ\u00f4mico, promove mais um curso gratuito de capacita\u00e7\u00e3o exclusivo para as<strong> mulheres<\/strong> <strong>empreendedoras<\/strong> que desejam <strong><em>abrir um neg\u00f3cio<\/em><\/strong> e necessitam conhecer o passo a passo para o planejamento de uma empresa de sucesso.<\/p>\n<p><strong>ELAS REALIZAM<\/strong> (Sebrae Delas) \u00e9 um movimento que tem o objetivo de promover o empreendedorismo feminino, despertar para o autoconhecimento, possibilitar o aumento de rede de contatos, aumentar a competitividade dos neg\u00f3cios liderados por mulheres e facilitar acesso ao mercado e a cr\u00e9dito orientado.<\/p>\n<h4>Ser\u00e3o discutidos tamb\u00e9m:<\/h4>\n<p>&#8211; Aspectos comportamentais da mulher por meio da Intelig\u00eancia Emocional;<br \/>\n&#8211; Provocar e despertar na mulher o autoconhecimento e a gest\u00e3o de suas emo\u00e7\u00f5es para que ela se conhe\u00e7a um pouco mais e se sinta mais segura em ser como \u00e9 e fazer o que mais a motiva;<br \/>\n&#8211; Desenvolver novos comportamentos, coragem e autoconfian\u00e7a para tomada de decis\u00f5es que a leva ao caminho da autonomia financeira;<\/p>\n<p>Na programa\u00e7\u00e3o de conte\u00fados do curso est\u00e3o:<\/p>\n<ul>\n<li>Sua ideia de neg\u00f3cio;<\/li>\n<li>Como se formalizar;<\/li>\n<li>A import\u00e2ncia do controle financeiro do seu neg\u00f3cio;<\/li>\n<li>A import\u00e2ncia das a\u00e7\u00f5es de marketing para o desenvolvimento do seu neg\u00f3cio;<\/li>\n<\/ul>\n<p>As inscri\u00e7\u00f5es s\u00e3o gratuitas e devem ser feitas at\u00e9 o dia 6 de maio, atrav\u00e9s do link\u00a0<a href=\"https:\/\/emktenv.com.br\/index.php\/campaigns\/re51263z0le6e\/track-url\/sg211yrpooa15\/58207135fe3d829dfdf8aa4f16d2198c840a04f2\" target=\"_blank\" rel=\"noopener noreferrer\">https:\/\/forms.office.com\/r\/CxZZwZLFfW<\/a>.<\/p>\n<p>As aulas ser\u00e3o online, ao vivo, de 09 a 11 de maio\/22, das 18h30 \u00e0s 22h30. Podem se inscrever mulheres com mais de 18 anos e n\u00e3o \u00e9 necess\u00e1rio ter CNPJ.<\/p>\n<p>LEIA TAMB\u00c9M:\u00a0<a href=\"https:\/\/redenoticiaz.com.br\/barretos-regiao\/sp\/2022\/04\/23\/faculdade-dos-eua-oferece-cursos-de-tecnologia-gratuitos-para-brasileiros\">Faculdade dos EUA oferece cursos de tecnologia gratuitos para brasileiros<\/a><\/p>\n","protected":false},"excerpt":{"rendered":"<p>O Sebrae Barretos com o apoio da Prefeitura da Est\u00e2ncia Tur\u00edstica de Barretos, por meio da Secretaria de Desenvolvimento Econ\u00f4mico, promove mais um curso gratuito de capacita\u00e7\u00e3o exclusivo para as mulheres empreendedoras que desejam abrir um neg\u00f3cio e necessitam conhecer o passo a passo para o planejamento de uma empresa de sucesso. ELAS REALIZAM (Sebrae &hellip;<\/p>\n","protected":false},"author":15,"featured_media":3165,"comment_status":"open","ping_status":"closed","sticky":false,"template":"","format":"standard","meta":{"footnotes":""},"categories":[820],"tags":[1426,12728,2353,12727],"class_list":["post-3164","post","type-post","status-publish","format-standard","has-post-thumbnail","hentry","category-educacao","tag-curso-gratuito","tag-empreendedoras","tag-mulheres","tag-sebrae-barretos"],"yoast_head":"<!-- This site is optimized with the Yoast SEO plugin v27.4 - https:\/\/yoast.com\/product\/yoast-seo-wordpress\/ -->\n<title>Curso de capacita\u00e7\u00e3o gratuito destinado a mulheres empreendedoras - Ribeir\u00e3o Preto e Regi\u00e3o<\/title>\n<meta name=\"description\" content=\"Curso gratuito de capacita\u00e7\u00e3o exclusivo para as mulheres empreendedoras que desejam abrir um neg\u00f3cio e necessitam conhecer o planejamento de uma empresa.\" \/>\n<meta name=\"robots\" content=\"index, follow, max-snippet:-1, max-image-preview:large, max-video-preview:-1\" \/>\n<link rel=\"canonical\" href=\"https:\/\/redenoticiaz.com.br\/ribeiraopreto-regiao\/sp\/2022\/04\/26\/curso-de-capacitacao-gratuito-destinado-a-mulheres-empreendedoras\" \/>\n<meta property=\"og:locale\" content=\"pt_BR\" \/>\n<meta property=\"og:type\" content=\"article\" \/>\n<meta property=\"og:title\" content=\"Curso de capacita\u00e7\u00e3o gratuito destinado a mulheres empreendedoras - Ribeir\u00e3o Preto e Regi\u00e3o\" \/>\n<meta property=\"og:description\" content=\"Curso gratuito de capacita\u00e7\u00e3o exclusivo para as mulheres empreendedoras que desejam abrir um neg\u00f3cio e necessitam conhecer o planejamento de uma empresa.\" \/>\n<meta property=\"og:url\" content=\"https:\/\/redenoticiaz.com.br\/ribeiraopreto-regiao\/sp\/2022\/04\/26\/curso-de-capacitacao-gratuito-destinado-a-mulheres-empreendedoras\" \/>\n<meta property=\"og:site_name\" content=\"Ribeir\u00e3o Preto e Regi\u00e3o\" \/>\n<meta property=\"article:publisher\" content=\"https:\/\/m.facebook.com\/redenoticiaz.barretos\" \/>\n<meta property=\"article:published_time\" content=\"2022-04-26T17:27:14+00:00\" \/>\n<meta property=\"og:image\" content=\"https:\/\/redenoticiaz.com.br\/ribeiraopreto-regiao\/wp-content\/uploads\/sites\/4\/2022\/04\/elasrealizam.jpeg\" \/>\n\t<meta property=\"og:image:width\" content=\"1080\" \/>\n\t<meta property=\"og:image:height\" content=\"1080\" \/>\n\t<meta property=\"og:image:type\" content=\"image\/jpeg\" \/>\n<meta name=\"twitter:card\" content=\"summary_large_image\" \/>\n<meta name=\"twitter:creator\" content=\"@RN_barretos\" \/>\n<meta name=\"twitter:site\" content=\"@RN_barretos\" \/>\n<meta name=\"twitter:label1\" content=\"Escrito por\" \/>\n\t<meta name=\"twitter:data1\" content=\"\" \/>\n\t<meta name=\"twitter:label2\" content=\"Est. tempo de leitura\" \/>\n\t<meta name=\"twitter:data2\" content=\"1 minuto\" \/>\n<script type=\"application\/ld+json\" class=\"yoast-schema-graph\">{\"@context\":\"https:\\\/\\\/schema.org\",\"@graph\":[{\"@type\":\"Article\",\"@id\":\"https:\\\/\\\/redenoticiaz.com.br\\\/ribeiraopreto-regiao\\\/sp\\\/2022\\\/04\\\/26\\\/curso-de-capacitacao-gratuito-destinado-a-mulheres-empreendedoras#article\",\"isPartOf\":{\"@id\":\"https:\\\/\\\/redenoticiaz.com.br\\\/ribeiraopreto-regiao\\\/sp\\\/2022\\\/04\\\/26\\\/curso-de-capacitacao-gratuito-destinado-a-mulheres-empreendedoras\"},\"author\":{\"name\":\"\",\"@id\":\"\"},\"headline\":\"Curso de capacita\u00e7\u00e3o gratuito destinado a mulheres empreendedoras\",\"datePublished\":\"2022-04-26T17:27:14+00:00\",\"mainEntityOfPage\":{\"@id\":\"https:\\\/\\\/redenoticiaz.com.br\\\/ribeiraopreto-regiao\\\/sp\\\/2022\\\/04\\\/26\\\/curso-de-capacitacao-gratuito-destinado-a-mulheres-empreendedoras\"},\"wordCount\":299,\"commentCount\":0,\"publisher\":{\"@id\":\"https:\\\/\\\/redenoticiaz.com.br\\\/ribeiraopreto-regiao\\\/#organization\"},\"image\":{\"@id\":\"https:\\\/\\\/redenoticiaz.com.br\\\/ribeiraopreto-regiao\\\/sp\\\/2022\\\/04\\\/26\\\/curso-de-capacitacao-gratuito-destinado-a-mulheres-empreendedoras#primaryimage\"},\"thumbnailUrl\":\"https:\\\/\\\/redenoticiaz.com.br\\\/ribeiraopreto-regiao\\\/wp-content\\\/uploads\\\/sites\\\/4\\\/2022\\\/04\\\/elasrealizam.jpeg\",\"keywords\":[\"CURSO GRATUITO\",\"EMPREENDEDORAS\",\"MULHERES\",\"SEBRAE BARRETOS\"],\"articleSection\":[\"Educa\u00e7\u00e3o\"],\"inLanguage\":\"pt-BR\",\"potentialAction\":[{\"@type\":\"CommentAction\",\"name\":\"Comment\",\"target\":[\"https:\\\/\\\/redenoticiaz.com.br\\\/ribeiraopreto-regiao\\\/sp\\\/2022\\\/04\\\/26\\\/curso-de-capacitacao-gratuito-destinado-a-mulheres-empreendedoras#respond\"]}]},{\"@type\":\"WebPage\",\"@id\":\"https:\\\/\\\/redenoticiaz.com.br\\\/ribeiraopreto-regiao\\\/sp\\\/2022\\\/04\\\/26\\\/curso-de-capacitacao-gratuito-destinado-a-mulheres-empreendedoras\",\"url\":\"https:\\\/\\\/redenoticiaz.com.br\\\/ribeiraopreto-regiao\\\/sp\\\/2022\\\/04\\\/26\\\/curso-de-capacitacao-gratuito-destinado-a-mulheres-empreendedoras\",\"name\":\"Curso de capacita\u00e7\u00e3o gratuito destinado a mulheres empreendedoras - Ribeir\u00e3o Preto e Regi\u00e3o\",\"isPartOf\":{\"@id\":\"https:\\\/\\\/redenoticiaz.com.br\\\/ribeiraopreto-regiao\\\/#website\"},\"primaryImageOfPage\":{\"@id\":\"https:\\\/\\\/redenoticiaz.com.br\\\/ribeiraopreto-regiao\\\/sp\\\/2022\\\/04\\\/26\\\/curso-de-capacitacao-gratuito-destinado-a-mulheres-empreendedoras#primaryimage\"},\"image\":{\"@id\":\"https:\\\/\\\/redenoticiaz.com.br\\\/ribeiraopreto-regiao\\\/sp\\\/2022\\\/04\\\/26\\\/curso-de-capacitacao-gratuito-destinado-a-mulheres-empreendedoras#primaryimage\"},\"thumbnailUrl\":\"https:\\\/\\\/redenoticiaz.com.br\\\/ribeiraopreto-regiao\\\/wp-content\\\/uploads\\\/sites\\\/4\\\/2022\\\/04\\\/elasrealizam.jpeg\",\"datePublished\":\"2022-04-26T17:27:14+00:00\",\"description\":\"Curso gratuito de capacita\u00e7\u00e3o exclusivo para as mulheres empreendedoras que desejam abrir um neg\u00f3cio e necessitam conhecer o planejamento de uma empresa.\",\"inLanguage\":\"pt-BR\",\"potentialAction\":[{\"@type\":\"ReadAction\",\"target\":[\"https:\\\/\\\/redenoticiaz.com.br\\\/ribeiraopreto-regiao\\\/sp\\\/2022\\\/04\\\/26\\\/curso-de-capacitacao-gratuito-destinado-a-mulheres-empreendedoras\"]}]},{\"@type\":\"ImageObject\",\"inLanguage\":\"pt-BR\",\"@id\":\"https:\\\/\\\/redenoticiaz.com.br\\\/ribeiraopreto-regiao\\\/sp\\\/2022\\\/04\\\/26\\\/curso-de-capacitacao-gratuito-destinado-a-mulheres-empreendedoras#primaryimage\",\"url\":\"https:\\\/\\\/redenoticiaz.com.br\\\/ribeiraopreto-regiao\\\/wp-content\\\/uploads\\\/sites\\\/4\\\/2022\\\/04\\\/elasrealizam.jpeg\",\"contentUrl\":\"https:\\\/\\\/redenoticiaz.com.br\\\/ribeiraopreto-regiao\\\/wp-content\\\/uploads\\\/sites\\\/4\\\/2022\\\/04\\\/elasrealizam.jpeg\",\"width\":1080,\"height\":1080,\"caption\":\"Elas Realizam. Cr\u00e9dito: Reprodu\u00e7\u00e3o\"},{\"@type\":\"WebSite\",\"@id\":\"https:\\\/\\\/redenoticiaz.com.br\\\/ribeiraopreto-regiao\\\/#website\",\"url\":\"https:\\\/\\\/redenoticiaz.com.br\\\/ribeiraopreto-regiao\\\/\",\"name\":\"Ribeir\u00e3o Preto e Regi\u00e3o\",\"description\":\"Rede NoticiaZ - Ribeir\u00e3o Preto e regi\u00e3o\",\"publisher\":{\"@id\":\"https:\\\/\\\/redenoticiaz.com.br\\\/ribeiraopreto-regiao\\\/#organization\"},\"potentialAction\":[{\"@type\":\"SearchAction\",\"target\":{\"@type\":\"EntryPoint\",\"urlTemplate\":\"https:\\\/\\\/redenoticiaz.com.br\\\/ribeiraopreto-regiao\\\/?s={search_term_string}\"},\"query-input\":{\"@type\":\"PropertyValueSpecification\",\"valueRequired\":true,\"valueName\":\"search_term_string\"}}],\"inLanguage\":\"pt-BR\"},{\"@type\":\"Organization\",\"@id\":\"https:\\\/\\\/redenoticiaz.com.br\\\/ribeiraopreto-regiao\\\/#organization\",\"name\":\"Ribeir\u00e3o Preto e Regi\u00e3o\",\"url\":\"https:\\\/\\\/redenoticiaz.com.br\\\/ribeiraopreto-regiao\\\/\",\"logo\":{\"@type\":\"ImageObject\",\"inLanguage\":\"pt-BR\",\"@id\":\"https:\\\/\\\/redenoticiaz.com.br\\\/ribeiraopreto-regiao\\\/#\\\/schema\\\/logo\\\/image\\\/\",\"url\":\"https:\\\/\\\/redenoticiaz.com.br\\\/barretos-regiao\\\/wp-content\\\/uploads\\\/sites\\\/4\\\/2022\\\/02\\\/logo.jpg\",\"contentUrl\":\"https:\\\/\\\/redenoticiaz.com.br\\\/barretos-regiao\\\/wp-content\\\/uploads\\\/sites\\\/4\\\/2022\\\/02\\\/logo.jpg\",\"width\":400,\"height\":250,\"caption\":\"Ribeir\u00e3o Preto e Regi\u00e3o\"},\"image\":{\"@id\":\"https:\\\/\\\/redenoticiaz.com.br\\\/ribeiraopreto-regiao\\\/#\\\/schema\\\/logo\\\/image\\\/\"},\"sameAs\":[\"https:\\\/\\\/m.facebook.com\\\/redenoticiaz.barretos\",\"https:\\\/\\\/x.com\\\/RN_barretos\",\"https:\\\/\\\/www.instagram.com\\\/redenoticiaz.barretos\\\/?igshid=YmMyMTA2M2Y\",\"https:\\\/\\\/www.linkedin.com\\\/company\\\/rede-noticiaz-barretos-e-regio\\\/\"]},{\"@type\":\"Person\",\"@id\":\"\",\"url\":\"https:\\\/\\\/redenoticiaz.com.br\\\/ribeiraopreto-regiao\\\/sp\\\/author\"}]}<\/script>\n<!-- \/ Yoast SEO plugin. -->","yoast_head_json":{"title":"Curso de capacita\u00e7\u00e3o gratuito destinado a mulheres empreendedoras - Ribeir\u00e3o Preto e Regi\u00e3o","description":"Curso gratuito de capacita\u00e7\u00e3o exclusivo para as mulheres empreendedoras que desejam abrir um neg\u00f3cio e necessitam conhecer o planejamento de uma empresa.","robots":{"index":"index","follow":"follow","max-snippet":"max-snippet:-1","max-image-preview":"max-image-preview:large","max-video-preview":"max-video-preview:-1"},"canonical":"https:\/\/redenoticiaz.com.br\/ribeiraopreto-regiao\/sp\/2022\/04\/26\/curso-de-capacitacao-gratuito-destinado-a-mulheres-empreendedoras","og_locale":"pt_BR","og_type":"article","og_title":"Curso de capacita\u00e7\u00e3o gratuito destinado a mulheres empreendedoras - Ribeir\u00e3o Preto e Regi\u00e3o","og_description":"Curso gratuito de capacita\u00e7\u00e3o exclusivo para as mulheres empreendedoras que desejam abrir um neg\u00f3cio e necessitam conhecer o planejamento de uma empresa.","og_url":"https:\/\/redenoticiaz.com.br\/ribeiraopreto-regiao\/sp\/2022\/04\/26\/curso-de-capacitacao-gratuito-destinado-a-mulheres-empreendedoras","og_site_name":"Ribeir\u00e3o Preto e Regi\u00e3o","article_publisher":"https:\/\/m.facebook.com\/redenoticiaz.barretos","article_published_time":"2022-04-26T17:27:14+00:00","og_image":[{"width":1080,"height":1080,"url":"https:\/\/redenoticiaz.com.br\/ribeiraopreto-regiao\/wp-content\/uploads\/sites\/4\/2022\/04\/elasrealizam.jpeg","type":"image\/jpeg"}],"twitter_card":"summary_large_image","twitter_creator":"@RN_barretos","twitter_site":"@RN_barretos","twitter_misc":{"Escrito por":"","Est. tempo de leitura":"1 minuto"},"schema":{"@context":"https:\/\/schema.org","@graph":[{"@type":"Article","@id":"https:\/\/redenoticiaz.com.br\/ribeiraopreto-regiao\/sp\/2022\/04\/26\/curso-de-capacitacao-gratuito-destinado-a-mulheres-empreendedoras#article","isPartOf":{"@id":"https:\/\/redenoticiaz.com.br\/ribeiraopreto-regiao\/sp\/2022\/04\/26\/curso-de-capacitacao-gratuito-destinado-a-mulheres-empreendedoras"},"author":{"name":"","@id":""},"headline":"Curso de capacita\u00e7\u00e3o gratuito destinado a mulheres empreendedoras","datePublished":"2022-04-26T17:27:14+00:00","mainEntityOfPage":{"@id":"https:\/\/redenoticiaz.com.br\/ribeiraopreto-regiao\/sp\/2022\/04\/26\/curso-de-capacitacao-gratuito-destinado-a-mulheres-empreendedoras"},"wordCount":299,"commentCount":0,"publisher":{"@id":"https:\/\/redenoticiaz.com.br\/ribeiraopreto-regiao\/#organization"},"image":{"@id":"https:\/\/redenoticiaz.com.br\/ribeiraopreto-regiao\/sp\/2022\/04\/26\/curso-de-capacitacao-gratuito-destinado-a-mulheres-empreendedoras#primaryimage"},"thumbnailUrl":"https:\/\/redenoticiaz.com.br\/ribeiraopreto-regiao\/wp-content\/uploads\/sites\/4\/2022\/04\/elasrealizam.jpeg","keywords":["CURSO GRATUITO","EMPREENDEDORAS","MULHERES","SEBRAE BARRETOS"],"articleSection":["Educa\u00e7\u00e3o"],"inLanguage":"pt-BR","potentialAction":[{"@type":"CommentAction","name":"Comment","target":["https:\/\/redenoticiaz.com.br\/ribeiraopreto-regiao\/sp\/2022\/04\/26\/curso-de-capacitacao-gratuito-destinado-a-mulheres-empreendedoras#respond"]}]},{"@type":"WebPage","@id":"https:\/\/redenoticiaz.com.br\/ribeiraopreto-regiao\/sp\/2022\/04\/26\/curso-de-capacitacao-gratuito-destinado-a-mulheres-empreendedoras","url":"https:\/\/redenoticiaz.com.br\/ribeiraopreto-regiao\/sp\/2022\/04\/26\/curso-de-capacitacao-gratuito-destinado-a-mulheres-empreendedoras","name":"Curso de capacita\u00e7\u00e3o gratuito destinado a mulheres empreendedoras - Ribeir\u00e3o Preto e Regi\u00e3o","isPartOf":{"@id":"https:\/\/redenoticiaz.com.br\/ribeiraopreto-regiao\/#website"},"primaryImageOfPage":{"@id":"https:\/\/redenoticiaz.com.br\/ribeiraopreto-regiao\/sp\/2022\/04\/26\/curso-de-capacitacao-gratuito-destinado-a-mulheres-empreendedoras#primaryimage"},"image":{"@id":"https:\/\/redenoticiaz.com.br\/ribeiraopreto-regiao\/sp\/2022\/04\/26\/curso-de-capacitacao-gratuito-destinado-a-mulheres-empreendedoras#primaryimage"},"thumbnailUrl":"https:\/\/redenoticiaz.com.br\/ribeiraopreto-regiao\/wp-content\/uploads\/sites\/4\/2022\/04\/elasrealizam.jpeg","datePublished":"2022-04-26T17:27:14+00:00","description":"Curso gratuito de capacita\u00e7\u00e3o exclusivo para as mulheres empreendedoras que desejam abrir um neg\u00f3cio e necessitam conhecer o planejamento de uma empresa.","inLanguage":"pt-BR","potentialAction":[{"@type":"ReadAction","target":["https:\/\/redenoticiaz.com.br\/ribeiraopreto-regiao\/sp\/2022\/04\/26\/curso-de-capacitacao-gratuito-destinado-a-mulheres-empreendedoras"]}]},{"@type":"ImageObject","inLanguage":"pt-BR","@id":"https:\/\/redenoticiaz.com.br\/ribeiraopreto-regiao\/sp\/2022\/04\/26\/curso-de-capacitacao-gratuito-destinado-a-mulheres-empreendedoras#primaryimage","url":"https:\/\/redenoticiaz.com.br\/ribeiraopreto-regiao\/wp-content\/uploads\/sites\/4\/2022\/04\/elasrealizam.jpeg","contentUrl":"https:\/\/redenoticiaz.com.br\/ribeiraopreto-regiao\/wp-content\/uploads\/sites\/4\/2022\/04\/elasrealizam.jpeg","width":1080,"height":1080,"caption":"Elas Realizam. Cr\u00e9dito: Reprodu\u00e7\u00e3o"},{"@type":"WebSite","@id":"https:\/\/redenoticiaz.com.br\/ribeiraopreto-regiao\/#website","url":"https:\/\/redenoticiaz.com.br\/ribeiraopreto-regiao\/","name":"Ribeir\u00e3o Preto e Regi\u00e3o","description":"Rede NoticiaZ - Ribeir\u00e3o Preto e regi\u00e3o","publisher":{"@id":"https:\/\/redenoticiaz.com.br\/ribeiraopreto-regiao\/#organization"},"potentialAction":[{"@type":"SearchAction","target":{"@type":"EntryPoint","urlTemplate":"https:\/\/redenoticiaz.com.br\/ribeiraopreto-regiao\/?s={search_term_string}"},"query-input":{"@type":"PropertyValueSpecification","valueRequired":true,"valueName":"search_term_string"}}],"inLanguage":"pt-BR"},{"@type":"Organization","@id":"https:\/\/redenoticiaz.com.br\/ribeiraopreto-regiao\/#organization","name":"Ribeir\u00e3o Preto e Regi\u00e3o","url":"https:\/\/redenoticiaz.com.br\/ribeiraopreto-regiao\/","logo":{"@type":"ImageObject","inLanguage":"pt-BR","@id":"https:\/\/redenoticiaz.com.br\/ribeiraopreto-regiao\/#\/schema\/logo\/image\/","url":"https:\/\/redenoticiaz.com.br\/barretos-regiao\/wp-content\/uploads\/sites\/4\/2022\/02\/logo.jpg","contentUrl":"https:\/\/redenoticiaz.com.br\/barretos-regiao\/wp-content\/uploads\/sites\/4\/2022\/02\/logo.jpg","width":400,"height":250,"caption":"Ribeir\u00e3o Preto e Regi\u00e3o"},"image":{"@id":"https:\/\/redenoticiaz.com.br\/ribeiraopreto-regiao\/#\/schema\/logo\/image\/"},"sameAs":["https:\/\/m.facebook.com\/redenoticiaz.barretos","https:\/\/x.com\/RN_barretos","https:\/\/www.instagram.com\/redenoticiaz.barretos\/?igshid=YmMyMTA2M2Y","https:\/\/www.linkedin.com\/company\/rede-noticiaz-barretos-e-regio\/"]},{"@type":"Person","@id":"","url":"https:\/\/redenoticiaz.com.br\/ribeiraopreto-regiao\/sp\/author"}]}},"_links":{"self":[{"href":"https:\/\/redenoticiaz.com.br\/ribeiraopreto-regiao\/wp-json\/wp\/v2\/posts\/3164","targetHints":{"allow":["GET"]}}],"collection":[{"href":"https:\/\/redenoticiaz.com.br\/ribeiraopreto-regiao\/wp-json\/wp\/v2\/posts"}],"about":[{"href":"https:\/\/redenoticiaz.com.br\/ribeiraopreto-regiao\/wp-json\/wp\/v2\/types\/post"}],"author":[{"embeddable":true,"href":"https:\/\/redenoticiaz.com.br\/ribeiraopreto-regiao\/wp-json\/wp\/v2\/users\/15"}],"replies":[{"embeddable":true,"href":"https:\/\/redenoticiaz.com.br\/ribeiraopreto-regiao\/wp-json\/wp\/v2\/comments?post=3164"}],"version-history":[{"count":1,"href":"https:\/\/redenoticiaz.com.br\/ribeiraopreto-regiao\/wp-json\/wp\/v2\/posts\/3164\/revisions"}],"predecessor-version":[{"id":3166,"href":"https:\/\/redenoticiaz.com.br\/ribeiraopreto-regiao\/wp-json\/wp\/v2\/posts\/3164\/revisions\/3166"}],"wp:featuredmedia":[{"embeddable":true,"href":"https:\/\/redenoticiaz.com.br\/ribeiraopreto-regiao\/wp-json\/wp\/v2\/media\/3165"}],"wp:attachment":[{"href":"https:\/\/redenoticiaz.com.br\/ribeiraopreto-regiao\/wp-json\/wp\/v2\/media?parent=3164"}],"wp:term":[{"taxonomy":"category","embeddable":true,"href":"https:\/\/redenoticiaz.com.br\/ribeiraopreto-regiao\/wp-json\/wp\/v2\/categories?post=3164"},{"taxonomy":"post_tag","embeddable":true,"href":"https:\/\/redenoticiaz.com.br\/ribeiraopreto-regiao\/wp-json\/wp\/v2\/tags?post=3164"}],"curies":[{"name":"wp","href":"https:\/\/api.w.org\/{rel}","templated":true}]}}