{"id":3198,"date":"2022-04-30T12:00:56","date_gmt":"2022-04-30T15:00:56","guid":{"rendered":"https:\/\/redenoticiaz.com.br\/barretos-regiao\/?p=3198"},"modified":"2022-04-26T20:55:55","modified_gmt":"2022-04-26T23:55:55","slug":"artigo-as-mudancas-do-data-center-durante-a-pandemia-do-coronavirus","status":"publish","type":"post","link":"https:\/\/redenoticiaz.com.br\/ribeiraopreto-regiao\/sp\/2022\/04\/30\/artigo-as-mudancas-do-data-center-durante-a-pandemia-do-coronavirus","title":{"rendered":"Artigo &#8211; As mudan\u00e7as do data center durante a pandemia do coronav\u00edrus"},"content":{"rendered":"<p><em>Por J\u00falio Prieto Coordenador de Projetos de Implanta\u00e7\u00e3o da ODATA<\/em><\/p>\n<p>O moving de ativos, como \u00e9 mais conhecida a migra\u00e7\u00e3o de <strong>data center<\/strong>, n\u00e3o \u00e9 somente uma mudan\u00e7a de endere\u00e7o, exige todo um planejamento com estrat\u00e9gias de seguran\u00e7a que garantem a integridade dos equipamentos e das informa\u00e7\u00f5es do data center. Quando uma empresa, que sempre teve os seus ativos muito pr\u00f3ximos, decide migrar para um outro local, ela passa a confiar a sua infraestrutura a uma outra companhia, todo esse processo exige um planejamento assertivo.<\/p>\n<p>Apesar disso, manter uma infraestrutura dentro da pr\u00f3pria empresa de forma \u00edntegra e redundante custa muito caro.\u00a0 No fim, migrar faz todo o sentido, principalmente durante a pandemia, onde a demanda por esse tipo de infraestrutura aumentou. A previs\u00e3o \u00e9 que essa procura continue aumentando. Segundo a\u00a0<a href=\"https:\/\/store.frost.com\/global-data-centre-investment-and-technology-trends-forecast-to-2022.html\" target=\"_blank\" rel=\"noopener noreferrer\">Frost &amp; Sullivan<\/a>, espera-se que em 2022 a receita em data center cres\u00e7a em at\u00e9 16%.<\/p>\n<p>O processo de transfer\u00eancia de equipamentos de TI \u2013 servidores, roteadores, switches, blades, storage \u2013 que j\u00e1 est\u00e3o em opera\u00e7\u00e3o no site da empresa, para migr\u00e1-los para algum outro lugar j\u00e1 demandava tempo, planejamento e uma execu\u00e7\u00e3o calculada. Durante a pandemia de Covid-19, quando houve uma redu\u00e7\u00e3o de equipes e aumento nos protocolos e restri\u00e7\u00f5es, o moving de data center se tornou um desafio ainda maior.<\/p>\n<h3>As li\u00e7\u00f5es<\/h3>\n<p>Mas, passado o per\u00edodo mais conturbado da pandemia, qual li\u00e7\u00e3o podemos tirar para facilitar o processo de moving de ativos? Foi uma fase dif\u00edcil sim, mas tamb\u00e9m de muito aprendizado. Houve uma adapta\u00e7\u00e3o intensa para os dois lados, pois tivemos que ilustrar por chamadas de v\u00eddeo, por exemplo, o que antes era feito de forma presencial, ou seja, todo o planejamento foi feito \u00e0 dist\u00e2ncia.<\/p>\n<p>Eu diria que o sucesso do moving \u00e9 90% planejamento e 10% execu\u00e7\u00e3o. Portanto, se voc\u00ea fizer um planejamento assertivo e que cubra a maioria das vari\u00e1veis, a chance de sucesso nos dias previstos para a migra\u00e7\u00e3o \u00e9 muito grande. Do contr\u00e1rio, se o moving do data center for feito \u00e0s cegas, sem muito planejamento, a tend\u00eancia \u00e9 que se tenha gargalos no processo.<\/p>\n<p>Portanto, toda essa conversa antes da migra\u00e7\u00e3o \u00e9 de extrema import\u00e2ncia. Aprendemos durante a pandemia que\u00a0os\u00a0processos bem definidos n\u00e3o necessitam da presen\u00e7a f\u00edsica para que as demandas possam ocorrer de forma correta. Esta foi uma das li\u00e7\u00f5es que ficou e que tornou o trabalho mais pr\u00e1tico.<\/p>\n<h3>Avan\u00e7os<\/h3>\n<p>A ado\u00e7\u00e3o de v\u00eddeos ilustrativos e intuitivos, novas ferramentas de acesso remoto, a necessidade de conhecer mais a fundo a estrutura do cliente\u00a0sem estar presencialmente no local da migra\u00e7\u00e3o fez com que as chamadas de v\u00eddeo e quantidade de banda de Internet fosse intensificada, atividades que mesmo com a volta de visitas ao data center continuam no dia a dia.<\/p>\n<p>A entrada e sa\u00edda de equipamentos de forma online, o envio de carta de transporte ou nota fiscal pelo portal da empresa, s\u00e3o a\u00e7\u00f5es simples, mas, que facilitaram a vida de quem est\u00e1 no dia a dia do moving de ativos. Al\u00e9m disso, o tour virtual pelo data center, que de forma r\u00e1pida e pr\u00e1tica define os locais por onde os clientes ir\u00e3o passar e assim j\u00e1 terem uma vis\u00e3o do local antes da visita f\u00edsica foi uma a\u00e7\u00e3o que continua at\u00e9 hoje. Por\u00e9m, \u00e9 importante frisar que o cliente \u00e9 quem decide. A op\u00e7\u00e3o de atendimento presencial dentro do data center deve continuar, mas, quando n\u00e3o for poss\u00edvel por qualquer motivo \u00e9 importante contar com a tecnologia e com o atendimento \u00e0 dist\u00e2ncia.<\/p>\n<p><strong>LEIA TAMB\u00c9M<\/strong><\/p>\n<p><a href=\"https:\/\/redenoticiaz.com.br\/blog\/2022\/04\/24\/lgpd-ajuda-a-proteger-empresas-de-vazamento-de-dados\">LGPD ajuda a proteger empresas de vazamento de dados<\/a><\/p>\n","protected":false},"excerpt":{"rendered":"<p>Por J\u00falio Prieto Coordenador de Projetos de Implanta\u00e7\u00e3o da ODATA O moving de ativos, como \u00e9 mais conhecida a migra\u00e7\u00e3o de data center, n\u00e3o \u00e9 somente uma mudan\u00e7a de endere\u00e7o, exige todo um planejamento com estrat\u00e9gias de seguran\u00e7a que garantem a integridade dos equipamentos e das informa\u00e7\u00f5es do data center. Quando uma empresa, que sempre &hellip;<\/p>\n","protected":false},"author":6,"featured_media":3199,"comment_status":"open","ping_status":"closed","sticky":false,"template":"","format":"standard","meta":{"footnotes":""},"categories":[1561],"tags":[12922,12923,12924,1312,935],"class_list":["post-3198","post","type-post","status-publish","format-standard","has-post-thumbnail","hentry","category-tecnologia","tag-data-center","tag-influencia-da-pandemia","tag-mudancas","tag-mundo","tag-tecnologia"],"yoast_head":"<!-- This site is optimized with the Yoast SEO plugin v27.5 - https:\/\/yoast.com\/product\/yoast-seo-wordpress\/ -->\n<title>Artigo - As mudan\u00e7as do data center durante a pandemia do coronav\u00edrus - Ribeir\u00e3o Preto e Regi\u00e3o<\/title>\n<meta name=\"description\" content=\"O moving de ativos, como \u00e9 mais conhecida a migra\u00e7\u00e3o de data center, n\u00e3o \u00e9 somente uma mudan\u00e7a de endere\u00e7o, exige todo\" \/>\n<meta name=\"robots\" content=\"index, follow, max-snippet:-1, max-image-preview:large, max-video-preview:-1\" \/>\n<link rel=\"canonical\" href=\"https:\/\/redenoticiaz.com.br\/ribeiraopreto-regiao\/sp\/2022\/04\/30\/artigo-as-mudancas-do-data-center-durante-a-pandemia-do-coronavirus\" \/>\n<meta property=\"og:locale\" content=\"pt_BR\" \/>\n<meta property=\"og:type\" content=\"article\" \/>\n<meta property=\"og:title\" content=\"Artigo - As mudan\u00e7as do data center durante a pandemia do coronav\u00edrus - Ribeir\u00e3o Preto e Regi\u00e3o\" \/>\n<meta property=\"og:description\" content=\"O moving de ativos, como \u00e9 mais conhecida a migra\u00e7\u00e3o de data center, n\u00e3o \u00e9 somente uma mudan\u00e7a de endere\u00e7o, exige todo\" \/>\n<meta property=\"og:url\" content=\"https:\/\/redenoticiaz.com.br\/ribeiraopreto-regiao\/sp\/2022\/04\/30\/artigo-as-mudancas-do-data-center-durante-a-pandemia-do-coronavirus\" \/>\n<meta property=\"og:site_name\" content=\"Ribeir\u00e3o Preto e Regi\u00e3o\" \/>\n<meta property=\"article:publisher\" content=\"https:\/\/m.facebook.com\/redenoticiaz.barretos\" \/>\n<meta property=\"article:published_time\" content=\"2022-04-30T15:00:56+00:00\" \/>\n<meta property=\"og:image\" content=\"https:\/\/redenoticiaz.com.br\/ribeiraopreto-regiao\/wp-content\/uploads\/sites\/4\/2022\/02\/logo.jpg\" \/>\n\t<meta property=\"og:image:width\" content=\"400\" \/>\n\t<meta property=\"og:image:height\" content=\"250\" \/>\n\t<meta property=\"og:image:type\" content=\"image\/jpeg\" \/>\n<meta name=\"author\" content=\"Leonardo Francisco\" \/>\n<meta name=\"twitter:card\" content=\"summary_large_image\" \/>\n<meta name=\"twitter:creator\" content=\"@RN_barretos\" \/>\n<meta name=\"twitter:site\" content=\"@RN_barretos\" \/>\n<meta name=\"twitter:label1\" content=\"Escrito por\" \/>\n\t<meta name=\"twitter:data1\" content=\"Leonardo Francisco\" \/>\n\t<meta name=\"twitter:label2\" content=\"Est. tempo de leitura\" \/>\n\t<meta name=\"twitter:data2\" content=\"3 minutos\" \/>\n<script type=\"application\/ld+json\" class=\"yoast-schema-graph\">{\"@context\":\"https:\\\/\\\/schema.org\",\"@graph\":[{\"@type\":\"Article\",\"@id\":\"https:\\\/\\\/redenoticiaz.com.br\\\/ribeiraopreto-regiao\\\/sp\\\/2022\\\/04\\\/30\\\/artigo-as-mudancas-do-data-center-durante-a-pandemia-do-coronavirus#article\",\"isPartOf\":{\"@id\":\"https:\\\/\\\/redenoticiaz.com.br\\\/ribeiraopreto-regiao\\\/sp\\\/2022\\\/04\\\/30\\\/artigo-as-mudancas-do-data-center-durante-a-pandemia-do-coronavirus\"},\"author\":{\"name\":\"Leonardo Francisco\",\"@id\":\"https:\\\/\\\/redenoticiaz.com.br\\\/ribeiraopreto-regiao\\\/#\\\/schema\\\/person\\\/0f0b8a5bdafefe82841e07ae8d81ecb3\"},\"headline\":\"Artigo &#8211; As mudan\u00e7as do data center durante a pandemia do coronav\u00edrus\",\"datePublished\":\"2022-04-30T15:00:56+00:00\",\"mainEntityOfPage\":{\"@id\":\"https:\\\/\\\/redenoticiaz.com.br\\\/ribeiraopreto-regiao\\\/sp\\\/2022\\\/04\\\/30\\\/artigo-as-mudancas-do-data-center-durante-a-pandemia-do-coronavirus\"},\"wordCount\":647,\"commentCount\":0,\"publisher\":{\"@id\":\"https:\\\/\\\/redenoticiaz.com.br\\\/ribeiraopreto-regiao\\\/#organization\"},\"image\":{\"@id\":\"https:\\\/\\\/redenoticiaz.com.br\\\/ribeiraopreto-regiao\\\/sp\\\/2022\\\/04\\\/30\\\/artigo-as-mudancas-do-data-center-durante-a-pandemia-do-coronavirus#primaryimage\"},\"thumbnailUrl\":\"https:\\\/\\\/redenoticiaz.com.br\\\/ribeiraopreto-regiao\\\/wp-content\\\/uploads\\\/sites\\\/4\\\/2022\\\/04\\\/dsc04051.jpg?v=1651017295\",\"keywords\":[\"DATA CENTER\",\"INFLU\u00caNCIA DA PANDEMIA\",\"MUDAN\u00c7AS\",\"mundo\",\"tecnologia\"],\"articleSection\":[\"Tecnologia\"],\"inLanguage\":\"pt-BR\",\"potentialAction\":[{\"@type\":\"CommentAction\",\"name\":\"Comment\",\"target\":[\"https:\\\/\\\/redenoticiaz.com.br\\\/ribeiraopreto-regiao\\\/sp\\\/2022\\\/04\\\/30\\\/artigo-as-mudancas-do-data-center-durante-a-pandemia-do-coronavirus#respond\"]}]},{\"@type\":\"WebPage\",\"@id\":\"https:\\\/\\\/redenoticiaz.com.br\\\/ribeiraopreto-regiao\\\/sp\\\/2022\\\/04\\\/30\\\/artigo-as-mudancas-do-data-center-durante-a-pandemia-do-coronavirus\",\"url\":\"https:\\\/\\\/redenoticiaz.com.br\\\/ribeiraopreto-regiao\\\/sp\\\/2022\\\/04\\\/30\\\/artigo-as-mudancas-do-data-center-durante-a-pandemia-do-coronavirus\",\"name\":\"Artigo - As mudan\u00e7as do data center durante a pandemia do coronav\u00edrus - Ribeir\u00e3o Preto e Regi\u00e3o\",\"isPartOf\":{\"@id\":\"https:\\\/\\\/redenoticiaz.com.br\\\/ribeiraopreto-regiao\\\/#website\"},\"primaryImageOfPage\":{\"@id\":\"https:\\\/\\\/redenoticiaz.com.br\\\/ribeiraopreto-regiao\\\/sp\\\/2022\\\/04\\\/30\\\/artigo-as-mudancas-do-data-center-durante-a-pandemia-do-coronavirus#primaryimage\"},\"image\":{\"@id\":\"https:\\\/\\\/redenoticiaz.com.br\\\/ribeiraopreto-regiao\\\/sp\\\/2022\\\/04\\\/30\\\/artigo-as-mudancas-do-data-center-durante-a-pandemia-do-coronavirus#primaryimage\"},\"thumbnailUrl\":\"https:\\\/\\\/redenoticiaz.com.br\\\/ribeiraopreto-regiao\\\/wp-content\\\/uploads\\\/sites\\\/4\\\/2022\\\/04\\\/dsc04051.jpg?v=1651017295\",\"datePublished\":\"2022-04-30T15:00:56+00:00\",\"description\":\"O moving de ativos, como \u00e9 mais conhecida a migra\u00e7\u00e3o de data center, n\u00e3o \u00e9 somente uma mudan\u00e7a de endere\u00e7o, exige todo\",\"inLanguage\":\"pt-BR\",\"potentialAction\":[{\"@type\":\"ReadAction\",\"target\":[\"https:\\\/\\\/redenoticiaz.com.br\\\/ribeiraopreto-regiao\\\/sp\\\/2022\\\/04\\\/30\\\/artigo-as-mudancas-do-data-center-durante-a-pandemia-do-coronavirus\"]}]},{\"@type\":\"ImageObject\",\"inLanguage\":\"pt-BR\",\"@id\":\"https:\\\/\\\/redenoticiaz.com.br\\\/ribeiraopreto-regiao\\\/sp\\\/2022\\\/04\\\/30\\\/artigo-as-mudancas-do-data-center-durante-a-pandemia-do-coronavirus#primaryimage\",\"url\":\"https:\\\/\\\/redenoticiaz.com.br\\\/ribeiraopreto-regiao\\\/wp-content\\\/uploads\\\/sites\\\/4\\\/2022\\\/04\\\/dsc04051.jpg?v=1651017295\",\"contentUrl\":\"https:\\\/\\\/redenoticiaz.com.br\\\/ribeiraopreto-regiao\\\/wp-content\\\/uploads\\\/sites\\\/4\\\/2022\\\/04\\\/dsc04051.jpg?v=1651017295\",\"width\":1920,\"height\":1080,\"caption\":\"Cr\u00e9ditos: Divulga\u00e7\u00e3o\"},{\"@type\":\"WebSite\",\"@id\":\"https:\\\/\\\/redenoticiaz.com.br\\\/ribeiraopreto-regiao\\\/#website\",\"url\":\"https:\\\/\\\/redenoticiaz.com.br\\\/ribeiraopreto-regiao\\\/\",\"name\":\"Ribeir\u00e3o Preto e Regi\u00e3o\",\"description\":\"Rede NoticiaZ - Ribeir\u00e3o Preto e regi\u00e3o\",\"publisher\":{\"@id\":\"https:\\\/\\\/redenoticiaz.com.br\\\/ribeiraopreto-regiao\\\/#organization\"},\"potentialAction\":[{\"@type\":\"SearchAction\",\"target\":{\"@type\":\"EntryPoint\",\"urlTemplate\":\"https:\\\/\\\/redenoticiaz.com.br\\\/ribeiraopreto-regiao\\\/?s={search_term_string}\"},\"query-input\":{\"@type\":\"PropertyValueSpecification\",\"valueRequired\":true,\"valueName\":\"search_term_string\"}}],\"inLanguage\":\"pt-BR\"},{\"@type\":\"Organization\",\"@id\":\"https:\\\/\\\/redenoticiaz.com.br\\\/ribeiraopreto-regiao\\\/#organization\",\"name\":\"Ribeir\u00e3o Preto e Regi\u00e3o\",\"url\":\"https:\\\/\\\/redenoticiaz.com.br\\\/ribeiraopreto-regiao\\\/\",\"logo\":{\"@type\":\"ImageObject\",\"inLanguage\":\"pt-BR\",\"@id\":\"https:\\\/\\\/redenoticiaz.com.br\\\/ribeiraopreto-regiao\\\/#\\\/schema\\\/logo\\\/image\\\/\",\"url\":\"https:\\\/\\\/redenoticiaz.com.br\\\/barretos-regiao\\\/wp-content\\\/uploads\\\/sites\\\/4\\\/2022\\\/02\\\/logo.jpg\",\"contentUrl\":\"https:\\\/\\\/redenoticiaz.com.br\\\/barretos-regiao\\\/wp-content\\\/uploads\\\/sites\\\/4\\\/2022\\\/02\\\/logo.jpg\",\"width\":400,\"height\":250,\"caption\":\"Ribeir\u00e3o Preto e Regi\u00e3o\"},\"image\":{\"@id\":\"https:\\\/\\\/redenoticiaz.com.br\\\/ribeiraopreto-regiao\\\/#\\\/schema\\\/logo\\\/image\\\/\"},\"sameAs\":[\"https:\\\/\\\/m.facebook.com\\\/redenoticiaz.barretos\",\"https:\\\/\\\/x.com\\\/RN_barretos\",\"https:\\\/\\\/www.instagram.com\\\/redenoticiaz.barretos\\\/?igshid=YmMyMTA2M2Y\",\"https:\\\/\\\/www.linkedin.com\\\/company\\\/rede-noticiaz-barretos-e-regio\\\/\"]},{\"@type\":\"Person\",\"@id\":\"https:\\\/\\\/redenoticiaz.com.br\\\/ribeiraopreto-regiao\\\/#\\\/schema\\\/person\\\/0f0b8a5bdafefe82841e07ae8d81ecb3\",\"name\":\"Leonardo Francisco\",\"image\":{\"@type\":\"ImageObject\",\"inLanguage\":\"pt-BR\",\"@id\":\"https:\\\/\\\/secure.gravatar.com\\\/avatar\\\/a7358cb406a99b682ec6df1e77e31ae82e63601f6784e8a3df411d72b37864da?s=96&d=mm&r=g\",\"url\":\"https:\\\/\\\/secure.gravatar.com\\\/avatar\\\/a7358cb406a99b682ec6df1e77e31ae82e63601f6784e8a3df411d72b37864da?s=96&d=mm&r=g\",\"contentUrl\":\"https:\\\/\\\/secure.gravatar.com\\\/avatar\\\/a7358cb406a99b682ec6df1e77e31ae82e63601f6784e8a3df411d72b37864da?s=96&d=mm&r=g\",\"caption\":\"Leonardo Francisco\"},\"url\":\"https:\\\/\\\/redenoticiaz.com.br\\\/ribeiraopreto-regiao\\\/sp\\\/author\\\/leonardo-francisco\"}]}<\/script>\n<!-- \/ Yoast SEO plugin. -->","yoast_head_json":{"title":"Artigo - As mudan\u00e7as do data center durante a pandemia do coronav\u00edrus - Ribeir\u00e3o Preto e Regi\u00e3o","description":"O moving de ativos, como \u00e9 mais conhecida a migra\u00e7\u00e3o de data center, n\u00e3o \u00e9 somente uma mudan\u00e7a de endere\u00e7o, exige todo","robots":{"index":"index","follow":"follow","max-snippet":"max-snippet:-1","max-image-preview":"max-image-preview:large","max-video-preview":"max-video-preview:-1"},"canonical":"https:\/\/redenoticiaz.com.br\/ribeiraopreto-regiao\/sp\/2022\/04\/30\/artigo-as-mudancas-do-data-center-durante-a-pandemia-do-coronavirus","og_locale":"pt_BR","og_type":"article","og_title":"Artigo - As mudan\u00e7as do data center durante a pandemia do coronav\u00edrus - Ribeir\u00e3o Preto e Regi\u00e3o","og_description":"O moving de ativos, como \u00e9 mais conhecida a migra\u00e7\u00e3o de data center, n\u00e3o \u00e9 somente uma mudan\u00e7a de endere\u00e7o, exige todo","og_url":"https:\/\/redenoticiaz.com.br\/ribeiraopreto-regiao\/sp\/2022\/04\/30\/artigo-as-mudancas-do-data-center-durante-a-pandemia-do-coronavirus","og_site_name":"Ribeir\u00e3o Preto e Regi\u00e3o","article_publisher":"https:\/\/m.facebook.com\/redenoticiaz.barretos","article_published_time":"2022-04-30T15:00:56+00:00","og_image":[{"width":400,"height":250,"url":"https:\/\/redenoticiaz.com.br\/ribeiraopreto-regiao\/wp-content\/uploads\/sites\/4\/2022\/02\/logo.jpg","type":"image\/jpeg"}],"author":"Leonardo Francisco","twitter_card":"summary_large_image","twitter_creator":"@RN_barretos","twitter_site":"@RN_barretos","twitter_misc":{"Escrito por":"Leonardo Francisco","Est. tempo de leitura":"3 minutos"},"schema":{"@context":"https:\/\/schema.org","@graph":[{"@type":"Article","@id":"https:\/\/redenoticiaz.com.br\/ribeiraopreto-regiao\/sp\/2022\/04\/30\/artigo-as-mudancas-do-data-center-durante-a-pandemia-do-coronavirus#article","isPartOf":{"@id":"https:\/\/redenoticiaz.com.br\/ribeiraopreto-regiao\/sp\/2022\/04\/30\/artigo-as-mudancas-do-data-center-durante-a-pandemia-do-coronavirus"},"author":{"name":"Leonardo Francisco","@id":"https:\/\/redenoticiaz.com.br\/ribeiraopreto-regiao\/#\/schema\/person\/0f0b8a5bdafefe82841e07ae8d81ecb3"},"headline":"Artigo &#8211; As mudan\u00e7as do data center durante a pandemia do coronav\u00edrus","datePublished":"2022-04-30T15:00:56+00:00","mainEntityOfPage":{"@id":"https:\/\/redenoticiaz.com.br\/ribeiraopreto-regiao\/sp\/2022\/04\/30\/artigo-as-mudancas-do-data-center-durante-a-pandemia-do-coronavirus"},"wordCount":647,"commentCount":0,"publisher":{"@id":"https:\/\/redenoticiaz.com.br\/ribeiraopreto-regiao\/#organization"},"image":{"@id":"https:\/\/redenoticiaz.com.br\/ribeiraopreto-regiao\/sp\/2022\/04\/30\/artigo-as-mudancas-do-data-center-durante-a-pandemia-do-coronavirus#primaryimage"},"thumbnailUrl":"https:\/\/redenoticiaz.com.br\/ribeiraopreto-regiao\/wp-content\/uploads\/sites\/4\/2022\/04\/dsc04051.jpg?v=1651017295","keywords":["DATA CENTER","INFLU\u00caNCIA DA PANDEMIA","MUDAN\u00c7AS","mundo","tecnologia"],"articleSection":["Tecnologia"],"inLanguage":"pt-BR","potentialAction":[{"@type":"CommentAction","name":"Comment","target":["https:\/\/redenoticiaz.com.br\/ribeiraopreto-regiao\/sp\/2022\/04\/30\/artigo-as-mudancas-do-data-center-durante-a-pandemia-do-coronavirus#respond"]}]},{"@type":"WebPage","@id":"https:\/\/redenoticiaz.com.br\/ribeiraopreto-regiao\/sp\/2022\/04\/30\/artigo-as-mudancas-do-data-center-durante-a-pandemia-do-coronavirus","url":"https:\/\/redenoticiaz.com.br\/ribeiraopreto-regiao\/sp\/2022\/04\/30\/artigo-as-mudancas-do-data-center-durante-a-pandemia-do-coronavirus","name":"Artigo - As mudan\u00e7as do data center durante a pandemia do coronav\u00edrus - Ribeir\u00e3o Preto e Regi\u00e3o","isPartOf":{"@id":"https:\/\/redenoticiaz.com.br\/ribeiraopreto-regiao\/#website"},"primaryImageOfPage":{"@id":"https:\/\/redenoticiaz.com.br\/ribeiraopreto-regiao\/sp\/2022\/04\/30\/artigo-as-mudancas-do-data-center-durante-a-pandemia-do-coronavirus#primaryimage"},"image":{"@id":"https:\/\/redenoticiaz.com.br\/ribeiraopreto-regiao\/sp\/2022\/04\/30\/artigo-as-mudancas-do-data-center-durante-a-pandemia-do-coronavirus#primaryimage"},"thumbnailUrl":"https:\/\/redenoticiaz.com.br\/ribeiraopreto-regiao\/wp-content\/uploads\/sites\/4\/2022\/04\/dsc04051.jpg?v=1651017295","datePublished":"2022-04-30T15:00:56+00:00","description":"O moving de ativos, como \u00e9 mais conhecida a migra\u00e7\u00e3o de data center, n\u00e3o \u00e9 somente uma mudan\u00e7a de endere\u00e7o, exige todo","inLanguage":"pt-BR","potentialAction":[{"@type":"ReadAction","target":["https:\/\/redenoticiaz.com.br\/ribeiraopreto-regiao\/sp\/2022\/04\/30\/artigo-as-mudancas-do-data-center-durante-a-pandemia-do-coronavirus"]}]},{"@type":"ImageObject","inLanguage":"pt-BR","@id":"https:\/\/redenoticiaz.com.br\/ribeiraopreto-regiao\/sp\/2022\/04\/30\/artigo-as-mudancas-do-data-center-durante-a-pandemia-do-coronavirus#primaryimage","url":"https:\/\/redenoticiaz.com.br\/ribeiraopreto-regiao\/wp-content\/uploads\/sites\/4\/2022\/04\/dsc04051.jpg?v=1651017295","contentUrl":"https:\/\/redenoticiaz.com.br\/ribeiraopreto-regiao\/wp-content\/uploads\/sites\/4\/2022\/04\/dsc04051.jpg?v=1651017295","width":1920,"height":1080,"caption":"Cr\u00e9ditos: Divulga\u00e7\u00e3o"},{"@type":"WebSite","@id":"https:\/\/redenoticiaz.com.br\/ribeiraopreto-regiao\/#website","url":"https:\/\/redenoticiaz.com.br\/ribeiraopreto-regiao\/","name":"Ribeir\u00e3o Preto e Regi\u00e3o","description":"Rede NoticiaZ - Ribeir\u00e3o Preto e regi\u00e3o","publisher":{"@id":"https:\/\/redenoticiaz.com.br\/ribeiraopreto-regiao\/#organization"},"potentialAction":[{"@type":"SearchAction","target":{"@type":"EntryPoint","urlTemplate":"https:\/\/redenoticiaz.com.br\/ribeiraopreto-regiao\/?s={search_term_string}"},"query-input":{"@type":"PropertyValueSpecification","valueRequired":true,"valueName":"search_term_string"}}],"inLanguage":"pt-BR"},{"@type":"Organization","@id":"https:\/\/redenoticiaz.com.br\/ribeiraopreto-regiao\/#organization","name":"Ribeir\u00e3o Preto e Regi\u00e3o","url":"https:\/\/redenoticiaz.com.br\/ribeiraopreto-regiao\/","logo":{"@type":"ImageObject","inLanguage":"pt-BR","@id":"https:\/\/redenoticiaz.com.br\/ribeiraopreto-regiao\/#\/schema\/logo\/image\/","url":"https:\/\/redenoticiaz.com.br\/barretos-regiao\/wp-content\/uploads\/sites\/4\/2022\/02\/logo.jpg","contentUrl":"https:\/\/redenoticiaz.com.br\/barretos-regiao\/wp-content\/uploads\/sites\/4\/2022\/02\/logo.jpg","width":400,"height":250,"caption":"Ribeir\u00e3o Preto e Regi\u00e3o"},"image":{"@id":"https:\/\/redenoticiaz.com.br\/ribeiraopreto-regiao\/#\/schema\/logo\/image\/"},"sameAs":["https:\/\/m.facebook.com\/redenoticiaz.barretos","https:\/\/x.com\/RN_barretos","https:\/\/www.instagram.com\/redenoticiaz.barretos\/?igshid=YmMyMTA2M2Y","https:\/\/www.linkedin.com\/company\/rede-noticiaz-barretos-e-regio\/"]},{"@type":"Person","@id":"https:\/\/redenoticiaz.com.br\/ribeiraopreto-regiao\/#\/schema\/person\/0f0b8a5bdafefe82841e07ae8d81ecb3","name":"Leonardo Francisco","image":{"@type":"ImageObject","inLanguage":"pt-BR","@id":"https:\/\/secure.gravatar.com\/avatar\/a7358cb406a99b682ec6df1e77e31ae82e63601f6784e8a3df411d72b37864da?s=96&d=mm&r=g","url":"https:\/\/secure.gravatar.com\/avatar\/a7358cb406a99b682ec6df1e77e31ae82e63601f6784e8a3df411d72b37864da?s=96&d=mm&r=g","contentUrl":"https:\/\/secure.gravatar.com\/avatar\/a7358cb406a99b682ec6df1e77e31ae82e63601f6784e8a3df411d72b37864da?s=96&d=mm&r=g","caption":"Leonardo Francisco"},"url":"https:\/\/redenoticiaz.com.br\/ribeiraopreto-regiao\/sp\/author\/leonardo-francisco"}]}},"_links":{"self":[{"href":"https:\/\/redenoticiaz.com.br\/ribeiraopreto-regiao\/wp-json\/wp\/v2\/posts\/3198","targetHints":{"allow":["GET"]}}],"collection":[{"href":"https:\/\/redenoticiaz.com.br\/ribeiraopreto-regiao\/wp-json\/wp\/v2\/posts"}],"about":[{"href":"https:\/\/redenoticiaz.com.br\/ribeiraopreto-regiao\/wp-json\/wp\/v2\/types\/post"}],"author":[{"embeddable":true,"href":"https:\/\/redenoticiaz.com.br\/ribeiraopreto-regiao\/wp-json\/wp\/v2\/users\/6"}],"replies":[{"embeddable":true,"href":"https:\/\/redenoticiaz.com.br\/ribeiraopreto-regiao\/wp-json\/wp\/v2\/comments?post=3198"}],"version-history":[{"count":0,"href":"https:\/\/redenoticiaz.com.br\/ribeiraopreto-regiao\/wp-json\/wp\/v2\/posts\/3198\/revisions"}],"wp:featuredmedia":[{"embeddable":true,"href":"https:\/\/redenoticiaz.com.br\/ribeiraopreto-regiao\/wp-json\/wp\/v2\/media\/3199"}],"wp:attachment":[{"href":"https:\/\/redenoticiaz.com.br\/ribeiraopreto-regiao\/wp-json\/wp\/v2\/media?parent=3198"}],"wp:term":[{"taxonomy":"category","embeddable":true,"href":"https:\/\/redenoticiaz.com.br\/ribeiraopreto-regiao\/wp-json\/wp\/v2\/categories?post=3198"},{"taxonomy":"post_tag","embeddable":true,"href":"https:\/\/redenoticiaz.com.br\/ribeiraopreto-regiao\/wp-json\/wp\/v2\/tags?post=3198"}],"curies":[{"name":"wp","href":"https:\/\/api.w.org\/{rel}","templated":true}]}}