{"id":3271,"date":"2022-04-28T08:40:29","date_gmt":"2022-04-28T11:40:29","guid":{"rendered":"https:\/\/redenoticiaz.com.br\/barretos-regiao\/sp\/2022\/04\/28\/palmeiras-vence-mais-uma-na-libertadores-e-segue-100-na-competicao"},"modified":"2022-04-28T08:42:24","modified_gmt":"2022-04-28T11:42:24","slug":"palmeiras-vence-mais-uma-na-libertadores-e-segue-100-na-competicao","status":"publish","type":"post","link":"https:\/\/redenoticiaz.com.br\/ribeiraopreto-regiao\/sp\/2022\/04\/28\/palmeiras-vence-mais-uma-na-libertadores-e-segue-100-na-competicao","title":{"rendered":"Palmeiras vence mais uma na Libertadores e segue 100% na competi\u00e7\u00e3o"},"content":{"rendered":"<p>O <strong>Palmeiras<\/strong> venceu mais uma na <a href=\"https:\/\/www.conmebol.com\/pt-br\/\">Copa Libertadores<\/a> e segue com 100% de aproveitamento, ap\u00f3s tr\u00eas jogos. O Verd\u00e3o \u00e9 o l\u00edder do Grupo A da competi\u00e7\u00e3o, com nove pontos. A v\u00edtima da vez foi o Emelec (EQU), que mesmo jogando em casa, n\u00e3o conseguiu encarar a superioridade Alviverde. A vit\u00f3ria foi de 3&#215;1, mas poderia ter sido de mais, n\u00e3o fossem algumas chances incr\u00edveis desperdi\u00e7adas.<\/p>\n<p>Uma dessas oportunidades aconteceu logo aos oito minutos. O jogo estava zero a zero quando uma falha da zaga do Emelec deixou Rony sozinho e de frente para o gol. O atacante, entretanto, finalizou mal e o goleiro Ortiz fez defesa tranquila. Tr\u00eas minutos depois, foi a vez de Gustavo Scarpa quase abrir o placar, em chute dentro da grande \u00e1rea, mas a bola explodiu na trave.<\/p>\n<p>A forte press\u00e3o inicial do Palmeiras, que dominou os primeiros 20 minutos de jogo, resultou no primeiro gol da partida, quando eram jogados 18 minutos da etapa inicial. Ap\u00f3s excelente invers\u00e3o de jogo da direita para a esquerda, Wesley cruzou de primeira, e Rony cabeceou com estilo, mandando a bola para o fundo das redes. Este gol teve um gostinho ainda mais especial para o atacante. Agora, ele tem 21 gols com a camisa do Palmeiras na competi\u00e7\u00e3o, e \u00e9 o maior artilheiro do Verd\u00e3o na Libertadores.<\/p>\n<p>Aos 24 minutos, um gola\u00e7o no est\u00e1dio George Capwell. O jovem Gabriel Veron avan\u00e7ou com a bola desde antes do meio de campo, passou pelos advers\u00e1rios, e cara a cara com o goleiro, mandou no cantinho, sem chances de defesa. Ainda no primeiro tempo, quase o terceiro gol. Rony recebeu a bola de dentro da \u00e1rea, e chutou. O zagueiro advers\u00e1rio salvou em cima da linha.<\/p>\n<p>Os 2&#215;0 no placar mostravam que o Palmeiras teria mais um jogo tranquilo na Libertadores, mas da\u00ed&#8230;<\/p>\n<h3><strong>Veio o segundo tempo<\/strong><\/h3>\n<p>O Emelec voltou mais disposto para a etapa final. Ap\u00f3s ser dominado no primeiro tempo, os equatorianos come\u00e7aram com tudo o segundo. J\u00e1 aos seis minutos, Zapata arriscou de fora da \u00e1rea, mas Weverton espalmou para escanteio.<\/p>\n<p>Aos 11, ap\u00f3s cobran\u00e7a de escanteio, Weverton mais uma vez entrou em a\u00e7\u00e3o, ap\u00f3s cabeceio perigoso de Arroyo.<\/p>\n<p>O Palmeiras, entretanto, teve a chance de matar o jogo. Aos 16 minutos, Ver\u00f3n cruzou a bola, que encontrou Rony, sozinho, sem goleiro, praticamente debaixo da trave, finalizar de cabe\u00e7a \u2013 a melhor op\u00e7\u00e3o seria com o p\u00e9 -, e perder um gol inacredit\u00e1vel.<\/p>\n<p>E isso custou caro. No lance seguinte, em ataque de Emelec, o zagueiro Mayke falhou feio, perdeu a bola para Rojas, que ficou cara a cara com Weveton e, com categoria, mandou para a bola para o fundo das redes. O que estava tranquilo, come\u00e7ou a ganhar ares de tens\u00e3o.<\/p>\n<p>O empate equatoriano quase veio aos 22 minutos. Ap\u00f3s cruzamento pela esquerda, o zagueiro Kuscevic cortou e a bola passou raspando pelo travess\u00e3o. J\u00e1 aos 30, Weverton fez milagre. Em cobran\u00e7a de escanteio e bate e rebate na \u00e1rea, a bola sobrou para Quintero, que arrematou com for\u00e7a para o gol palmeirense, mas o goleiro, em puro reflexo, conseguiu espalmar e evitar o empate.<\/p>\n<p>Mas, a sorte estava ao lado do Palmeiras. J\u00e1 nos acr\u00e9scimos, quando eram jogados 46 minutos, Breno Lopes numa tentativa de cruzamento, conseguiu colocar um efeito incr\u00edvel na bola, que enganou todo mundo, sobretudo o goleiro Ortiz, para morrer no \u00e2ngulo, em um gol incr\u00edvel e para colocar n\u00fameros finais na partida.<\/p>\n<h3><strong>Pr\u00f3ximos jogos do Palmeiras<\/strong><\/h3>\n<p>O Palmeiras volta a campo neste s\u00e1bado (30), \u00e0s 21h, contra o Juazeirense, em jogo v\u00e1lido pela terceira fase da Copa do Brasil, no Allianz Parque. Pela Libertadores, o pr\u00f3ximo compromisso ser\u00e1 contra o Petrolero, na pr\u00f3xima ter\u00e7a-feira (30, \u00e0s 21h30, fora de casa.<\/p>\n<p><strong>LEIA TAMB\u00c9M<\/strong><\/p>\n<p><a href=\"https:\/\/redenoticiaz.com.br\/blog\/2022\/04\/26\/bragantino-perde-para-o-estudiantes-e-se-complica-na-libertadores\">Bragantino perde para o Estudiantes e se complica na Libertadores<\/a><\/p>\n","protected":false},"excerpt":{"rendered":"<p>O Palmeiras venceu mais uma na Copa Libertadores e segue com 100% de aproveitamento, ap\u00f3s tr\u00eas jogos. O Verd\u00e3o \u00e9 o l\u00edder do Grupo A da competi\u00e7\u00e3o, com nove pontos. A v\u00edtima da vez foi o Emelec (EQU), que mesmo jogando em casa, n\u00e3o conseguiu encarar a superioridade Alviverde. A vit\u00f3ria foi de 3&#215;1, mas &hellip;<\/p>\n","protected":false},"author":15,"featured_media":3272,"comment_status":"open","ping_status":"closed","sticky":false,"template":"","format":"standard","meta":{"footnotes":""},"categories":[87],"tags":[387,5953,161,13287],"class_list":["post-3271","post","type-post","status-publish","format-standard","has-post-thumbnail","hentry","category-esporte","tag-futebol","tag-libertadores","tag-palmeiras","tag-verdao"],"yoast_head":"<!-- This site is optimized with the Yoast SEO plugin v27.4 - https:\/\/yoast.com\/product\/yoast-seo-wordpress\/ -->\n<title>Palmeiras vence mais uma na Libertadores e segue 100% na competi\u00e7\u00e3o - Ribeir\u00e3o Preto e Regi\u00e3o<\/title>\n<meta name=\"description\" content=\"O Palmeiras venceu mais uma na Copa Libertadores, segue com 100% de aproveitamento, ap\u00f3s tr\u00eas jogos, e l\u00edder do Grupo A da competi\u00e7\u00e3o.\" \/>\n<meta name=\"robots\" content=\"index, follow, max-snippet:-1, max-image-preview:large, max-video-preview:-1\" \/>\n<link rel=\"canonical\" href=\"https:\/\/redenoticiaz.com.br\/ribeiraopreto-regiao\/sp\/2022\/04\/28\/palmeiras-vence-mais-uma-na-libertadores-e-segue-100-na-competicao\" \/>\n<meta property=\"og:locale\" content=\"pt_BR\" \/>\n<meta property=\"og:type\" content=\"article\" \/>\n<meta property=\"og:title\" content=\"Palmeiras vence mais uma na Libertadores e segue 100% na competi\u00e7\u00e3o - Ribeir\u00e3o Preto e Regi\u00e3o\" \/>\n<meta property=\"og:description\" content=\"O Palmeiras venceu mais uma na Copa Libertadores, segue com 100% de aproveitamento, ap\u00f3s tr\u00eas jogos, e l\u00edder do Grupo A da competi\u00e7\u00e3o.\" \/>\n<meta property=\"og:url\" content=\"https:\/\/redenoticiaz.com.br\/ribeiraopreto-regiao\/sp\/2022\/04\/28\/palmeiras-vence-mais-uma-na-libertadores-e-segue-100-na-competicao\" \/>\n<meta property=\"og:site_name\" content=\"Ribeir\u00e3o Preto e Regi\u00e3o\" \/>\n<meta property=\"article:publisher\" content=\"https:\/\/m.facebook.com\/redenoticiaz.barretos\" \/>\n<meta property=\"article:published_time\" content=\"2022-04-28T11:40:29+00:00\" \/>\n<meta property=\"article:modified_time\" content=\"2022-04-28T11:42:24+00:00\" \/>\n<meta property=\"og:image\" content=\"https:\/\/redenoticiaz.com.br\/ribeiraopreto-regiao\/wp-content\/uploads\/sites\/4\/2022\/02\/logo.jpg\" \/>\n\t<meta property=\"og:image:width\" content=\"400\" \/>\n\t<meta property=\"og:image:height\" content=\"250\" \/>\n\t<meta property=\"og:image:type\" content=\"image\/jpeg\" \/>\n<meta name=\"twitter:card\" content=\"summary_large_image\" \/>\n<meta name=\"twitter:creator\" content=\"@RN_barretos\" \/>\n<meta name=\"twitter:site\" content=\"@RN_barretos\" \/>\n<meta name=\"twitter:label1\" content=\"Escrito por\" \/>\n\t<meta name=\"twitter:data1\" content=\"\" \/>\n\t<meta name=\"twitter:label2\" content=\"Est. tempo de leitura\" \/>\n\t<meta name=\"twitter:data2\" content=\"3 minutos\" \/>\n<script type=\"application\/ld+json\" class=\"yoast-schema-graph\">{\"@context\":\"https:\\\/\\\/schema.org\",\"@graph\":[{\"@type\":\"Article\",\"@id\":\"https:\\\/\\\/redenoticiaz.com.br\\\/ribeiraopreto-regiao\\\/sp\\\/2022\\\/04\\\/28\\\/palmeiras-vence-mais-uma-na-libertadores-e-segue-100-na-competicao#article\",\"isPartOf\":{\"@id\":\"https:\\\/\\\/redenoticiaz.com.br\\\/ribeiraopreto-regiao\\\/sp\\\/2022\\\/04\\\/28\\\/palmeiras-vence-mais-uma-na-libertadores-e-segue-100-na-competicao\"},\"author\":{\"name\":\"\",\"@id\":\"\"},\"headline\":\"Palmeiras vence mais uma na Libertadores e segue 100% na competi\u00e7\u00e3o\",\"datePublished\":\"2022-04-28T11:40:29+00:00\",\"dateModified\":\"2022-04-28T11:42:24+00:00\",\"mainEntityOfPage\":{\"@id\":\"https:\\\/\\\/redenoticiaz.com.br\\\/ribeiraopreto-regiao\\\/sp\\\/2022\\\/04\\\/28\\\/palmeiras-vence-mais-uma-na-libertadores-e-segue-100-na-competicao\"},\"wordCount\":677,\"commentCount\":0,\"publisher\":{\"@id\":\"https:\\\/\\\/redenoticiaz.com.br\\\/ribeiraopreto-regiao\\\/#organization\"},\"image\":{\"@id\":\"https:\\\/\\\/redenoticiaz.com.br\\\/ribeiraopreto-regiao\\\/sp\\\/2022\\\/04\\\/28\\\/palmeiras-vence-mais-uma-na-libertadores-e-segue-100-na-competicao#primaryimage\"},\"thumbnailUrl\":\"https:\\\/\\\/redenoticiaz.com.br\\\/ribeiraopreto-regiao\\\/wp-content\\\/uploads\\\/sites\\\/4\\\/2022\\\/04\\\/sem-titulo-67.jpg?v=1651145543\",\"keywords\":[\"FUTEBOL\",\"LIBERTADORES\",\"Palmeiras\",\"Verd\u00e3o\"],\"articleSection\":[\"Esporte\"],\"inLanguage\":\"pt-BR\",\"potentialAction\":[{\"@type\":\"CommentAction\",\"name\":\"Comment\",\"target\":[\"https:\\\/\\\/redenoticiaz.com.br\\\/ribeiraopreto-regiao\\\/sp\\\/2022\\\/04\\\/28\\\/palmeiras-vence-mais-uma-na-libertadores-e-segue-100-na-competicao#respond\"]}]},{\"@type\":\"WebPage\",\"@id\":\"https:\\\/\\\/redenoticiaz.com.br\\\/ribeiraopreto-regiao\\\/sp\\\/2022\\\/04\\\/28\\\/palmeiras-vence-mais-uma-na-libertadores-e-segue-100-na-competicao\",\"url\":\"https:\\\/\\\/redenoticiaz.com.br\\\/ribeiraopreto-regiao\\\/sp\\\/2022\\\/04\\\/28\\\/palmeiras-vence-mais-uma-na-libertadores-e-segue-100-na-competicao\",\"name\":\"Palmeiras vence mais uma na Libertadores e segue 100% na competi\u00e7\u00e3o - Ribeir\u00e3o Preto e Regi\u00e3o\",\"isPartOf\":{\"@id\":\"https:\\\/\\\/redenoticiaz.com.br\\\/ribeiraopreto-regiao\\\/#website\"},\"primaryImageOfPage\":{\"@id\":\"https:\\\/\\\/redenoticiaz.com.br\\\/ribeiraopreto-regiao\\\/sp\\\/2022\\\/04\\\/28\\\/palmeiras-vence-mais-uma-na-libertadores-e-segue-100-na-competicao#primaryimage\"},\"image\":{\"@id\":\"https:\\\/\\\/redenoticiaz.com.br\\\/ribeiraopreto-regiao\\\/sp\\\/2022\\\/04\\\/28\\\/palmeiras-vence-mais-uma-na-libertadores-e-segue-100-na-competicao#primaryimage\"},\"thumbnailUrl\":\"https:\\\/\\\/redenoticiaz.com.br\\\/ribeiraopreto-regiao\\\/wp-content\\\/uploads\\\/sites\\\/4\\\/2022\\\/04\\\/sem-titulo-67.jpg?v=1651145543\",\"datePublished\":\"2022-04-28T11:40:29+00:00\",\"dateModified\":\"2022-04-28T11:42:24+00:00\",\"description\":\"O Palmeiras venceu mais uma na Copa Libertadores, segue com 100% de aproveitamento, ap\u00f3s tr\u00eas jogos, e l\u00edder do Grupo A da competi\u00e7\u00e3o.\",\"inLanguage\":\"pt-BR\",\"potentialAction\":[{\"@type\":\"ReadAction\",\"target\":[\"https:\\\/\\\/redenoticiaz.com.br\\\/ribeiraopreto-regiao\\\/sp\\\/2022\\\/04\\\/28\\\/palmeiras-vence-mais-uma-na-libertadores-e-segue-100-na-competicao\"]}]},{\"@type\":\"ImageObject\",\"inLanguage\":\"pt-BR\",\"@id\":\"https:\\\/\\\/redenoticiaz.com.br\\\/ribeiraopreto-regiao\\\/sp\\\/2022\\\/04\\\/28\\\/palmeiras-vence-mais-uma-na-libertadores-e-segue-100-na-competicao#primaryimage\",\"url\":\"https:\\\/\\\/redenoticiaz.com.br\\\/ribeiraopreto-regiao\\\/wp-content\\\/uploads\\\/sites\\\/4\\\/2022\\\/04\\\/sem-titulo-67.jpg?v=1651145543\",\"contentUrl\":\"https:\\\/\\\/redenoticiaz.com.br\\\/ribeiraopreto-regiao\\\/wp-content\\\/uploads\\\/sites\\\/4\\\/2022\\\/04\\\/sem-titulo-67.jpg?v=1651145543\",\"width\":1087,\"height\":542,\"caption\":\"Palmeiras vence mais uma na Libertadores e segue 100% na competi\u00e7\u00e3o (Foto: Staff Images\\\/Conmebol)\"},{\"@type\":\"WebSite\",\"@id\":\"https:\\\/\\\/redenoticiaz.com.br\\\/ribeiraopreto-regiao\\\/#website\",\"url\":\"https:\\\/\\\/redenoticiaz.com.br\\\/ribeiraopreto-regiao\\\/\",\"name\":\"Ribeir\u00e3o Preto e Regi\u00e3o\",\"description\":\"Rede NoticiaZ - Ribeir\u00e3o Preto e regi\u00e3o\",\"publisher\":{\"@id\":\"https:\\\/\\\/redenoticiaz.com.br\\\/ribeiraopreto-regiao\\\/#organization\"},\"potentialAction\":[{\"@type\":\"SearchAction\",\"target\":{\"@type\":\"EntryPoint\",\"urlTemplate\":\"https:\\\/\\\/redenoticiaz.com.br\\\/ribeiraopreto-regiao\\\/?s={search_term_string}\"},\"query-input\":{\"@type\":\"PropertyValueSpecification\",\"valueRequired\":true,\"valueName\":\"search_term_string\"}}],\"inLanguage\":\"pt-BR\"},{\"@type\":\"Organization\",\"@id\":\"https:\\\/\\\/redenoticiaz.com.br\\\/ribeiraopreto-regiao\\\/#organization\",\"name\":\"Ribeir\u00e3o Preto e Regi\u00e3o\",\"url\":\"https:\\\/\\\/redenoticiaz.com.br\\\/ribeiraopreto-regiao\\\/\",\"logo\":{\"@type\":\"ImageObject\",\"inLanguage\":\"pt-BR\",\"@id\":\"https:\\\/\\\/redenoticiaz.com.br\\\/ribeiraopreto-regiao\\\/#\\\/schema\\\/logo\\\/image\\\/\",\"url\":\"https:\\\/\\\/redenoticiaz.com.br\\\/barretos-regiao\\\/wp-content\\\/uploads\\\/sites\\\/4\\\/2022\\\/02\\\/logo.jpg\",\"contentUrl\":\"https:\\\/\\\/redenoticiaz.com.br\\\/barretos-regiao\\\/wp-content\\\/uploads\\\/sites\\\/4\\\/2022\\\/02\\\/logo.jpg\",\"width\":400,\"height\":250,\"caption\":\"Ribeir\u00e3o Preto e Regi\u00e3o\"},\"image\":{\"@id\":\"https:\\\/\\\/redenoticiaz.com.br\\\/ribeiraopreto-regiao\\\/#\\\/schema\\\/logo\\\/image\\\/\"},\"sameAs\":[\"https:\\\/\\\/m.facebook.com\\\/redenoticiaz.barretos\",\"https:\\\/\\\/x.com\\\/RN_barretos\",\"https:\\\/\\\/www.instagram.com\\\/redenoticiaz.barretos\\\/?igshid=YmMyMTA2M2Y\",\"https:\\\/\\\/www.linkedin.com\\\/company\\\/rede-noticiaz-barretos-e-regio\\\/\"]},{\"@type\":\"Person\",\"@id\":\"\",\"url\":\"https:\\\/\\\/redenoticiaz.com.br\\\/ribeiraopreto-regiao\\\/sp\\\/author\"}]}<\/script>\n<!-- \/ Yoast SEO plugin. -->","yoast_head_json":{"title":"Palmeiras vence mais uma na Libertadores e segue 100% na competi\u00e7\u00e3o - Ribeir\u00e3o Preto e Regi\u00e3o","description":"O Palmeiras venceu mais uma na Copa Libertadores, segue com 100% de aproveitamento, ap\u00f3s tr\u00eas jogos, e l\u00edder do Grupo A da competi\u00e7\u00e3o.","robots":{"index":"index","follow":"follow","max-snippet":"max-snippet:-1","max-image-preview":"max-image-preview:large","max-video-preview":"max-video-preview:-1"},"canonical":"https:\/\/redenoticiaz.com.br\/ribeiraopreto-regiao\/sp\/2022\/04\/28\/palmeiras-vence-mais-uma-na-libertadores-e-segue-100-na-competicao","og_locale":"pt_BR","og_type":"article","og_title":"Palmeiras vence mais uma na Libertadores e segue 100% na competi\u00e7\u00e3o - Ribeir\u00e3o Preto e Regi\u00e3o","og_description":"O Palmeiras venceu mais uma na Copa Libertadores, segue com 100% de aproveitamento, ap\u00f3s tr\u00eas jogos, e l\u00edder do Grupo A da competi\u00e7\u00e3o.","og_url":"https:\/\/redenoticiaz.com.br\/ribeiraopreto-regiao\/sp\/2022\/04\/28\/palmeiras-vence-mais-uma-na-libertadores-e-segue-100-na-competicao","og_site_name":"Ribeir\u00e3o Preto e Regi\u00e3o","article_publisher":"https:\/\/m.facebook.com\/redenoticiaz.barretos","article_published_time":"2022-04-28T11:40:29+00:00","article_modified_time":"2022-04-28T11:42:24+00:00","og_image":[{"width":400,"height":250,"url":"https:\/\/redenoticiaz.com.br\/ribeiraopreto-regiao\/wp-content\/uploads\/sites\/4\/2022\/02\/logo.jpg","type":"image\/jpeg"}],"twitter_card":"summary_large_image","twitter_creator":"@RN_barretos","twitter_site":"@RN_barretos","twitter_misc":{"Escrito por":"","Est. tempo de leitura":"3 minutos"},"schema":{"@context":"https:\/\/schema.org","@graph":[{"@type":"Article","@id":"https:\/\/redenoticiaz.com.br\/ribeiraopreto-regiao\/sp\/2022\/04\/28\/palmeiras-vence-mais-uma-na-libertadores-e-segue-100-na-competicao#article","isPartOf":{"@id":"https:\/\/redenoticiaz.com.br\/ribeiraopreto-regiao\/sp\/2022\/04\/28\/palmeiras-vence-mais-uma-na-libertadores-e-segue-100-na-competicao"},"author":{"name":"","@id":""},"headline":"Palmeiras vence mais uma na Libertadores e segue 100% na competi\u00e7\u00e3o","datePublished":"2022-04-28T11:40:29+00:00","dateModified":"2022-04-28T11:42:24+00:00","mainEntityOfPage":{"@id":"https:\/\/redenoticiaz.com.br\/ribeiraopreto-regiao\/sp\/2022\/04\/28\/palmeiras-vence-mais-uma-na-libertadores-e-segue-100-na-competicao"},"wordCount":677,"commentCount":0,"publisher":{"@id":"https:\/\/redenoticiaz.com.br\/ribeiraopreto-regiao\/#organization"},"image":{"@id":"https:\/\/redenoticiaz.com.br\/ribeiraopreto-regiao\/sp\/2022\/04\/28\/palmeiras-vence-mais-uma-na-libertadores-e-segue-100-na-competicao#primaryimage"},"thumbnailUrl":"https:\/\/redenoticiaz.com.br\/ribeiraopreto-regiao\/wp-content\/uploads\/sites\/4\/2022\/04\/sem-titulo-67.jpg?v=1651145543","keywords":["FUTEBOL","LIBERTADORES","Palmeiras","Verd\u00e3o"],"articleSection":["Esporte"],"inLanguage":"pt-BR","potentialAction":[{"@type":"CommentAction","name":"Comment","target":["https:\/\/redenoticiaz.com.br\/ribeiraopreto-regiao\/sp\/2022\/04\/28\/palmeiras-vence-mais-uma-na-libertadores-e-segue-100-na-competicao#respond"]}]},{"@type":"WebPage","@id":"https:\/\/redenoticiaz.com.br\/ribeiraopreto-regiao\/sp\/2022\/04\/28\/palmeiras-vence-mais-uma-na-libertadores-e-segue-100-na-competicao","url":"https:\/\/redenoticiaz.com.br\/ribeiraopreto-regiao\/sp\/2022\/04\/28\/palmeiras-vence-mais-uma-na-libertadores-e-segue-100-na-competicao","name":"Palmeiras vence mais uma na Libertadores e segue 100% na competi\u00e7\u00e3o - Ribeir\u00e3o Preto e Regi\u00e3o","isPartOf":{"@id":"https:\/\/redenoticiaz.com.br\/ribeiraopreto-regiao\/#website"},"primaryImageOfPage":{"@id":"https:\/\/redenoticiaz.com.br\/ribeiraopreto-regiao\/sp\/2022\/04\/28\/palmeiras-vence-mais-uma-na-libertadores-e-segue-100-na-competicao#primaryimage"},"image":{"@id":"https:\/\/redenoticiaz.com.br\/ribeiraopreto-regiao\/sp\/2022\/04\/28\/palmeiras-vence-mais-uma-na-libertadores-e-segue-100-na-competicao#primaryimage"},"thumbnailUrl":"https:\/\/redenoticiaz.com.br\/ribeiraopreto-regiao\/wp-content\/uploads\/sites\/4\/2022\/04\/sem-titulo-67.jpg?v=1651145543","datePublished":"2022-04-28T11:40:29+00:00","dateModified":"2022-04-28T11:42:24+00:00","description":"O Palmeiras venceu mais uma na Copa Libertadores, segue com 100% de aproveitamento, ap\u00f3s tr\u00eas jogos, e l\u00edder do Grupo A da competi\u00e7\u00e3o.","inLanguage":"pt-BR","potentialAction":[{"@type":"ReadAction","target":["https:\/\/redenoticiaz.com.br\/ribeiraopreto-regiao\/sp\/2022\/04\/28\/palmeiras-vence-mais-uma-na-libertadores-e-segue-100-na-competicao"]}]},{"@type":"ImageObject","inLanguage":"pt-BR","@id":"https:\/\/redenoticiaz.com.br\/ribeiraopreto-regiao\/sp\/2022\/04\/28\/palmeiras-vence-mais-uma-na-libertadores-e-segue-100-na-competicao#primaryimage","url":"https:\/\/redenoticiaz.com.br\/ribeiraopreto-regiao\/wp-content\/uploads\/sites\/4\/2022\/04\/sem-titulo-67.jpg?v=1651145543","contentUrl":"https:\/\/redenoticiaz.com.br\/ribeiraopreto-regiao\/wp-content\/uploads\/sites\/4\/2022\/04\/sem-titulo-67.jpg?v=1651145543","width":1087,"height":542,"caption":"Palmeiras vence mais uma na Libertadores e segue 100% na competi\u00e7\u00e3o (Foto: Staff Images\/Conmebol)"},{"@type":"WebSite","@id":"https:\/\/redenoticiaz.com.br\/ribeiraopreto-regiao\/#website","url":"https:\/\/redenoticiaz.com.br\/ribeiraopreto-regiao\/","name":"Ribeir\u00e3o Preto e Regi\u00e3o","description":"Rede NoticiaZ - Ribeir\u00e3o Preto e regi\u00e3o","publisher":{"@id":"https:\/\/redenoticiaz.com.br\/ribeiraopreto-regiao\/#organization"},"potentialAction":[{"@type":"SearchAction","target":{"@type":"EntryPoint","urlTemplate":"https:\/\/redenoticiaz.com.br\/ribeiraopreto-regiao\/?s={search_term_string}"},"query-input":{"@type":"PropertyValueSpecification","valueRequired":true,"valueName":"search_term_string"}}],"inLanguage":"pt-BR"},{"@type":"Organization","@id":"https:\/\/redenoticiaz.com.br\/ribeiraopreto-regiao\/#organization","name":"Ribeir\u00e3o Preto e Regi\u00e3o","url":"https:\/\/redenoticiaz.com.br\/ribeiraopreto-regiao\/","logo":{"@type":"ImageObject","inLanguage":"pt-BR","@id":"https:\/\/redenoticiaz.com.br\/ribeiraopreto-regiao\/#\/schema\/logo\/image\/","url":"https:\/\/redenoticiaz.com.br\/barretos-regiao\/wp-content\/uploads\/sites\/4\/2022\/02\/logo.jpg","contentUrl":"https:\/\/redenoticiaz.com.br\/barretos-regiao\/wp-content\/uploads\/sites\/4\/2022\/02\/logo.jpg","width":400,"height":250,"caption":"Ribeir\u00e3o Preto e Regi\u00e3o"},"image":{"@id":"https:\/\/redenoticiaz.com.br\/ribeiraopreto-regiao\/#\/schema\/logo\/image\/"},"sameAs":["https:\/\/m.facebook.com\/redenoticiaz.barretos","https:\/\/x.com\/RN_barretos","https:\/\/www.instagram.com\/redenoticiaz.barretos\/?igshid=YmMyMTA2M2Y","https:\/\/www.linkedin.com\/company\/rede-noticiaz-barretos-e-regio\/"]},{"@type":"Person","@id":"","url":"https:\/\/redenoticiaz.com.br\/ribeiraopreto-regiao\/sp\/author"}]}},"_links":{"self":[{"href":"https:\/\/redenoticiaz.com.br\/ribeiraopreto-regiao\/wp-json\/wp\/v2\/posts\/3271","targetHints":{"allow":["GET"]}}],"collection":[{"href":"https:\/\/redenoticiaz.com.br\/ribeiraopreto-regiao\/wp-json\/wp\/v2\/posts"}],"about":[{"href":"https:\/\/redenoticiaz.com.br\/ribeiraopreto-regiao\/wp-json\/wp\/v2\/types\/post"}],"author":[{"embeddable":true,"href":"https:\/\/redenoticiaz.com.br\/ribeiraopreto-regiao\/wp-json\/wp\/v2\/users\/15"}],"replies":[{"embeddable":true,"href":"https:\/\/redenoticiaz.com.br\/ribeiraopreto-regiao\/wp-json\/wp\/v2\/comments?post=3271"}],"version-history":[{"count":0,"href":"https:\/\/redenoticiaz.com.br\/ribeiraopreto-regiao\/wp-json\/wp\/v2\/posts\/3271\/revisions"}],"wp:featuredmedia":[{"embeddable":true,"href":"https:\/\/redenoticiaz.com.br\/ribeiraopreto-regiao\/wp-json\/wp\/v2\/media\/3272"}],"wp:attachment":[{"href":"https:\/\/redenoticiaz.com.br\/ribeiraopreto-regiao\/wp-json\/wp\/v2\/media?parent=3271"}],"wp:term":[{"taxonomy":"category","embeddable":true,"href":"https:\/\/redenoticiaz.com.br\/ribeiraopreto-regiao\/wp-json\/wp\/v2\/categories?post=3271"},{"taxonomy":"post_tag","embeddable":true,"href":"https:\/\/redenoticiaz.com.br\/ribeiraopreto-regiao\/wp-json\/wp\/v2\/tags?post=3271"}],"curies":[{"name":"wp","href":"https:\/\/api.w.org\/{rel}","templated":true}]}}