{"id":3362,"date":"2022-04-29T15:40:39","date_gmt":"2022-04-29T18:40:39","guid":{"rendered":"https:\/\/redenoticiaz.com.br\/barretos-regiao\/?p=3362"},"modified":"2022-04-29T15:40:39","modified_gmt":"2022-04-29T18:40:39","slug":"1a-violeira-pela-vida-acontece-no-recinto-em-barretos","status":"publish","type":"post","link":"https:\/\/redenoticiaz.com.br\/ribeiraopreto-regiao\/sp\/2022\/04\/29\/1a-violeira-pela-vida-acontece-no-recinto-em-barretos","title":{"rendered":"1\u00aa Violeira pela Vida acontece no Recinto em Barretos"},"content":{"rendered":"<p>O Hospital de Amor, com apoio da Prefeitura da Est\u00e2ncia Tur\u00edstica de Barretos, por meio da Secretaria Municipal de Cultura, realiza dias 30\/04 e 01\/05\/ 2022\u00a0 a partir das 12h no Recinto Paulo de Lima Corr\u00eaa, a 1\u00aa Violeira Pela Vida.\u00a0 O concurso musical busca manter vivas as ra\u00edzes e a cultura sertaneja de raiz na cidade e dar oportunidade aos novos talentos do universo sertanejo. A entrada \u00e9 gratuita.<\/p>\n<p>A Violeira ser\u00e1 realizada em duas fases: classificat\u00f3ria e final. Os candidatos dever\u00e3o apresentar apenas m\u00fasicas sertanejas raiz ou caipira, que sigam a tradi\u00e7\u00e3o original do g\u00eanero, sendo obrigat\u00f3ria a apresenta\u00e7\u00e3o somente instrumental ao vivo (viola, viol\u00e3o e\/ou acordeom).<\/p>\n<p>Na premia\u00e7\u00e3o est\u00e3o previstos: 1\u00ba lugar \u2013 R$ 1.500,00 em dinheiro; 2\u00ba. lugar \u2013 R$ 1.000,00 em dinheiro; 3\u00ba. lugar \u2013 R$ 800,00 em dinheiro; 4\u00ba. lugar ; R$ 700,00 em dinheiro; 5\u00ba lugar \u2013 R$ 500,00 em dinheiro; do 6\u00ba. ao 10\u00ba. Lugar \u2013 R$ 100,00 (como ajuda de custo).<\/p>\n<p>Para o secret\u00e1rio municipal de cultura, Rog\u00e9rio Teod\u00f3sio, a 1\u00aa Violeira Pela Vida \u00e9 uma oportunidade de resgate e manuten\u00e7\u00e3o das nossas tradi\u00e7\u00f5es <em>&#8220;As violeiras s\u00e3o genu\u00ednas express\u00f5es das nossas ra\u00edzes. O evento em parceria com o Hospital de Amor nos permite garantir e dar continuidade \u00e0s pr\u00e1ticas que contribuem para nossa identidade&#8221;<\/em>, diz.<\/p>\n<p>Jos\u00e9 Uilson, organizador do evento, tamb\u00e9m valoriza a tradi\u00e7\u00e3o. <em>&#8220;Fiz o convite para amigos e teremos importantes nomes do meio aqui conosco, seja como jurado, seja como participante da Violeira pela Vida&#8221;<\/em>, afirmou.<\/p>\n<p>&nbsp;<\/p>\n<h4>\n1\u00aa Cavalgada pela Vida<\/h4>\n<p>&nbsp;<\/p>\n<p>No domingo, 1\u00ba de maio, a 1\u00aa Cavalgada pela Vida dever\u00e1 reunir comitivas de diversas cidades. Com sa\u00edda marcada para as 8h do Recinto, a Cavalgada percorrer\u00e1 um percurso de aproximadamente 10 km, passando pelos principais pontos tur\u00edsticos de Barretos, incluindo o Hospital de Amor e retorna ao Recinto Paulo de Lima Correa, onde a final da Violeira estar\u00e1 aguardando para confraterniza\u00e7\u00e3o de todos os participantes e o lan\u00e7amento oficial do 2\u00ba Rodeio pela Vida. Para participar ser\u00e1 necess\u00e1ria a apresenta\u00e7\u00e3o de exames obrigat\u00f3rios aos animais (mormo e AIE) e GTA.<\/p>\n<p>LEIA TAMB\u00c9M:\u00a0<a href=\"https:\/\/redenoticiaz.com.br\/barretos-regiao\/sp\/2022\/04\/29\/north-shopping-recebe-duas-feiras-de-adocao-de-pets\">North Shopping recebe duas feiras de ado\u00e7\u00e3o de &#8220;Pets&#8221;<\/a><\/p>\n","protected":false},"excerpt":{"rendered":"<p>O Hospital de Amor, com apoio da Prefeitura da Est\u00e2ncia Tur\u00edstica de Barretos, por meio da Secretaria Municipal de Cultura, realiza dias 30\/04 e 01\/05\/ 2022\u00a0 a partir das 12h no Recinto Paulo de Lima Corr\u00eaa, a 1\u00aa Violeira Pela Vida.\u00a0 O concurso musical busca manter vivas as ra\u00edzes e a cultura sertaneja de raiz &hellip;<\/p>\n","protected":false},"author":15,"featured_media":3363,"comment_status":"open","ping_status":"closed","sticky":false,"template":"","format":"standard","meta":{"footnotes":""},"categories":[815],"tags":[13667,64,13665,13666,8815],"class_list":["post-3362","post","type-post","status-publish","format-standard","has-post-thumbnail","hentry","category-cultura-e-musica","tag-1-violeira","tag-barretos","tag-cavalgada-pela-vida","tag-evento-gratuito","tag-hospital-de-amor"],"yoast_head":"<!-- This site is optimized with the Yoast SEO plugin v27.5 - https:\/\/yoast.com\/product\/yoast-seo-wordpress\/ -->\n<title>1\u00aa Violeira pela Vida acontece no Recinto em Barretos - Ribeir\u00e3o Preto e Regi\u00e3o<\/title>\n<meta name=\"description\" content=\"1\u00aa Violeira Pela Vida, concurso musical busca manter vivas as ra\u00edzes e a cultura sertaneja de raiz na cidade e dar oportunidade aos novos talentos.\" \/>\n<meta name=\"robots\" content=\"index, follow, max-snippet:-1, max-image-preview:large, max-video-preview:-1\" \/>\n<link rel=\"canonical\" href=\"https:\/\/redenoticiaz.com.br\/ribeiraopreto-regiao\/sp\/2022\/04\/29\/1a-violeira-pela-vida-acontece-no-recinto-em-barretos\" \/>\n<meta property=\"og:locale\" content=\"pt_BR\" \/>\n<meta property=\"og:type\" content=\"article\" \/>\n<meta property=\"og:title\" content=\"1\u00aa Violeira pela Vida acontece no Recinto em Barretos - Ribeir\u00e3o Preto e Regi\u00e3o\" \/>\n<meta property=\"og:description\" content=\"1\u00aa Violeira Pela Vida, concurso musical busca manter vivas as ra\u00edzes e a cultura sertaneja de raiz na cidade e dar oportunidade aos novos talentos.\" \/>\n<meta property=\"og:url\" content=\"https:\/\/redenoticiaz.com.br\/ribeiraopreto-regiao\/sp\/2022\/04\/29\/1a-violeira-pela-vida-acontece-no-recinto-em-barretos\" \/>\n<meta property=\"og:site_name\" content=\"Ribeir\u00e3o Preto e Regi\u00e3o\" \/>\n<meta property=\"article:publisher\" content=\"https:\/\/m.facebook.com\/redenoticiaz.barretos\" \/>\n<meta property=\"article:published_time\" content=\"2022-04-29T18:40:39+00:00\" \/>\n<meta property=\"og:image\" content=\"https:\/\/redenoticiaz.com.br\/ribeiraopreto-regiao\/wp-content\/uploads\/sites\/4\/2022\/04\/violeira-2.jpeg\" \/>\n\t<meta property=\"og:image:width\" content=\"1080\" \/>\n\t<meta property=\"og:image:height\" content=\"1080\" \/>\n\t<meta property=\"og:image:type\" content=\"image\/jpeg\" \/>\n<meta name=\"twitter:card\" content=\"summary_large_image\" \/>\n<meta name=\"twitter:creator\" content=\"@RN_barretos\" \/>\n<meta name=\"twitter:site\" content=\"@RN_barretos\" \/>\n<meta name=\"twitter:label1\" content=\"Escrito por\" \/>\n\t<meta name=\"twitter:data1\" content=\"\" \/>\n\t<meta name=\"twitter:label2\" content=\"Est. tempo de leitura\" \/>\n\t<meta name=\"twitter:data2\" content=\"2 minutos\" \/>\n<script type=\"application\/ld+json\" class=\"yoast-schema-graph\">{\"@context\":\"https:\\\/\\\/schema.org\",\"@graph\":[{\"@type\":\"Article\",\"@id\":\"https:\\\/\\\/redenoticiaz.com.br\\\/ribeiraopreto-regiao\\\/sp\\\/2022\\\/04\\\/29\\\/1a-violeira-pela-vida-acontece-no-recinto-em-barretos#article\",\"isPartOf\":{\"@id\":\"https:\\\/\\\/redenoticiaz.com.br\\\/ribeiraopreto-regiao\\\/sp\\\/2022\\\/04\\\/29\\\/1a-violeira-pela-vida-acontece-no-recinto-em-barretos\"},\"author\":{\"name\":\"\",\"@id\":\"\"},\"headline\":\"1\u00aa Violeira pela Vida acontece no Recinto em Barretos\",\"datePublished\":\"2022-04-29T18:40:39+00:00\",\"mainEntityOfPage\":{\"@id\":\"https:\\\/\\\/redenoticiaz.com.br\\\/ribeiraopreto-regiao\\\/sp\\\/2022\\\/04\\\/29\\\/1a-violeira-pela-vida-acontece-no-recinto-em-barretos\"},\"wordCount\":368,\"commentCount\":0,\"publisher\":{\"@id\":\"https:\\\/\\\/redenoticiaz.com.br\\\/ribeiraopreto-regiao\\\/#organization\"},\"image\":{\"@id\":\"https:\\\/\\\/redenoticiaz.com.br\\\/ribeiraopreto-regiao\\\/sp\\\/2022\\\/04\\\/29\\\/1a-violeira-pela-vida-acontece-no-recinto-em-barretos#primaryimage\"},\"thumbnailUrl\":\"https:\\\/\\\/redenoticiaz.com.br\\\/ribeiraopreto-regiao\\\/wp-content\\\/uploads\\\/sites\\\/4\\\/2022\\\/04\\\/violeira-2.jpeg\",\"keywords\":[\"1\u00b0 VIOLEIRA\",\"BARRETOS\",\"CAVALGADA PELA VIDA\",\"EVENTO GRATUITO\",\"HOSPITAL DE AMOR\"],\"articleSection\":[\"Cultura e M\u00fasica\"],\"inLanguage\":\"pt-BR\",\"potentialAction\":[{\"@type\":\"CommentAction\",\"name\":\"Comment\",\"target\":[\"https:\\\/\\\/redenoticiaz.com.br\\\/ribeiraopreto-regiao\\\/sp\\\/2022\\\/04\\\/29\\\/1a-violeira-pela-vida-acontece-no-recinto-em-barretos#respond\"]}]},{\"@type\":\"WebPage\",\"@id\":\"https:\\\/\\\/redenoticiaz.com.br\\\/ribeiraopreto-regiao\\\/sp\\\/2022\\\/04\\\/29\\\/1a-violeira-pela-vida-acontece-no-recinto-em-barretos\",\"url\":\"https:\\\/\\\/redenoticiaz.com.br\\\/ribeiraopreto-regiao\\\/sp\\\/2022\\\/04\\\/29\\\/1a-violeira-pela-vida-acontece-no-recinto-em-barretos\",\"name\":\"1\u00aa Violeira pela Vida acontece no Recinto em Barretos - Ribeir\u00e3o Preto e Regi\u00e3o\",\"isPartOf\":{\"@id\":\"https:\\\/\\\/redenoticiaz.com.br\\\/ribeiraopreto-regiao\\\/#website\"},\"primaryImageOfPage\":{\"@id\":\"https:\\\/\\\/redenoticiaz.com.br\\\/ribeiraopreto-regiao\\\/sp\\\/2022\\\/04\\\/29\\\/1a-violeira-pela-vida-acontece-no-recinto-em-barretos#primaryimage\"},\"image\":{\"@id\":\"https:\\\/\\\/redenoticiaz.com.br\\\/ribeiraopreto-regiao\\\/sp\\\/2022\\\/04\\\/29\\\/1a-violeira-pela-vida-acontece-no-recinto-em-barretos#primaryimage\"},\"thumbnailUrl\":\"https:\\\/\\\/redenoticiaz.com.br\\\/ribeiraopreto-regiao\\\/wp-content\\\/uploads\\\/sites\\\/4\\\/2022\\\/04\\\/violeira-2.jpeg\",\"datePublished\":\"2022-04-29T18:40:39+00:00\",\"description\":\"1\u00aa Violeira Pela Vida, concurso musical busca manter vivas as ra\u00edzes e a cultura sertaneja de raiz na cidade e dar oportunidade aos novos talentos.\",\"inLanguage\":\"pt-BR\",\"potentialAction\":[{\"@type\":\"ReadAction\",\"target\":[\"https:\\\/\\\/redenoticiaz.com.br\\\/ribeiraopreto-regiao\\\/sp\\\/2022\\\/04\\\/29\\\/1a-violeira-pela-vida-acontece-no-recinto-em-barretos\"]}]},{\"@type\":\"ImageObject\",\"inLanguage\":\"pt-BR\",\"@id\":\"https:\\\/\\\/redenoticiaz.com.br\\\/ribeiraopreto-regiao\\\/sp\\\/2022\\\/04\\\/29\\\/1a-violeira-pela-vida-acontece-no-recinto-em-barretos#primaryimage\",\"url\":\"https:\\\/\\\/redenoticiaz.com.br\\\/ribeiraopreto-regiao\\\/wp-content\\\/uploads\\\/sites\\\/4\\\/2022\\\/04\\\/violeira-2.jpeg\",\"contentUrl\":\"https:\\\/\\\/redenoticiaz.com.br\\\/ribeiraopreto-regiao\\\/wp-content\\\/uploads\\\/sites\\\/4\\\/2022\\\/04\\\/violeira-2.jpeg\",\"width\":1080,\"height\":1080,\"caption\":\"Evento pagar\u00e1 R$ 5 mil em premia\u00e7\u00e3o. Cr\u00e9dito: Divulga\u00e7\u00e3o\"},{\"@type\":\"WebSite\",\"@id\":\"https:\\\/\\\/redenoticiaz.com.br\\\/ribeiraopreto-regiao\\\/#website\",\"url\":\"https:\\\/\\\/redenoticiaz.com.br\\\/ribeiraopreto-regiao\\\/\",\"name\":\"Ribeir\u00e3o Preto e Regi\u00e3o\",\"description\":\"Rede NoticiaZ - Ribeir\u00e3o Preto e regi\u00e3o\",\"publisher\":{\"@id\":\"https:\\\/\\\/redenoticiaz.com.br\\\/ribeiraopreto-regiao\\\/#organization\"},\"potentialAction\":[{\"@type\":\"SearchAction\",\"target\":{\"@type\":\"EntryPoint\",\"urlTemplate\":\"https:\\\/\\\/redenoticiaz.com.br\\\/ribeiraopreto-regiao\\\/?s={search_term_string}\"},\"query-input\":{\"@type\":\"PropertyValueSpecification\",\"valueRequired\":true,\"valueName\":\"search_term_string\"}}],\"inLanguage\":\"pt-BR\"},{\"@type\":\"Organization\",\"@id\":\"https:\\\/\\\/redenoticiaz.com.br\\\/ribeiraopreto-regiao\\\/#organization\",\"name\":\"Ribeir\u00e3o Preto e Regi\u00e3o\",\"url\":\"https:\\\/\\\/redenoticiaz.com.br\\\/ribeiraopreto-regiao\\\/\",\"logo\":{\"@type\":\"ImageObject\",\"inLanguage\":\"pt-BR\",\"@id\":\"https:\\\/\\\/redenoticiaz.com.br\\\/ribeiraopreto-regiao\\\/#\\\/schema\\\/logo\\\/image\\\/\",\"url\":\"https:\\\/\\\/redenoticiaz.com.br\\\/barretos-regiao\\\/wp-content\\\/uploads\\\/sites\\\/4\\\/2022\\\/02\\\/logo.jpg\",\"contentUrl\":\"https:\\\/\\\/redenoticiaz.com.br\\\/barretos-regiao\\\/wp-content\\\/uploads\\\/sites\\\/4\\\/2022\\\/02\\\/logo.jpg\",\"width\":400,\"height\":250,\"caption\":\"Ribeir\u00e3o Preto e Regi\u00e3o\"},\"image\":{\"@id\":\"https:\\\/\\\/redenoticiaz.com.br\\\/ribeiraopreto-regiao\\\/#\\\/schema\\\/logo\\\/image\\\/\"},\"sameAs\":[\"https:\\\/\\\/m.facebook.com\\\/redenoticiaz.barretos\",\"https:\\\/\\\/x.com\\\/RN_barretos\",\"https:\\\/\\\/www.instagram.com\\\/redenoticiaz.barretos\\\/?igshid=YmMyMTA2M2Y\",\"https:\\\/\\\/www.linkedin.com\\\/company\\\/rede-noticiaz-barretos-e-regio\\\/\"]},{\"@type\":\"Person\",\"@id\":\"\",\"url\":\"https:\\\/\\\/redenoticiaz.com.br\\\/ribeiraopreto-regiao\\\/sp\\\/author\"}]}<\/script>\n<!-- \/ Yoast SEO plugin. -->","yoast_head_json":{"title":"1\u00aa Violeira pela Vida acontece no Recinto em Barretos - Ribeir\u00e3o Preto e Regi\u00e3o","description":"1\u00aa Violeira Pela Vida, concurso musical busca manter vivas as ra\u00edzes e a cultura sertaneja de raiz na cidade e dar oportunidade aos novos talentos.","robots":{"index":"index","follow":"follow","max-snippet":"max-snippet:-1","max-image-preview":"max-image-preview:large","max-video-preview":"max-video-preview:-1"},"canonical":"https:\/\/redenoticiaz.com.br\/ribeiraopreto-regiao\/sp\/2022\/04\/29\/1a-violeira-pela-vida-acontece-no-recinto-em-barretos","og_locale":"pt_BR","og_type":"article","og_title":"1\u00aa Violeira pela Vida acontece no Recinto em Barretos - Ribeir\u00e3o Preto e Regi\u00e3o","og_description":"1\u00aa Violeira Pela Vida, concurso musical busca manter vivas as ra\u00edzes e a cultura sertaneja de raiz na cidade e dar oportunidade aos novos talentos.","og_url":"https:\/\/redenoticiaz.com.br\/ribeiraopreto-regiao\/sp\/2022\/04\/29\/1a-violeira-pela-vida-acontece-no-recinto-em-barretos","og_site_name":"Ribeir\u00e3o Preto e Regi\u00e3o","article_publisher":"https:\/\/m.facebook.com\/redenoticiaz.barretos","article_published_time":"2022-04-29T18:40:39+00:00","og_image":[{"width":1080,"height":1080,"url":"https:\/\/redenoticiaz.com.br\/ribeiraopreto-regiao\/wp-content\/uploads\/sites\/4\/2022\/04\/violeira-2.jpeg","type":"image\/jpeg"}],"twitter_card":"summary_large_image","twitter_creator":"@RN_barretos","twitter_site":"@RN_barretos","twitter_misc":{"Escrito por":"","Est. tempo de leitura":"2 minutos"},"schema":{"@context":"https:\/\/schema.org","@graph":[{"@type":"Article","@id":"https:\/\/redenoticiaz.com.br\/ribeiraopreto-regiao\/sp\/2022\/04\/29\/1a-violeira-pela-vida-acontece-no-recinto-em-barretos#article","isPartOf":{"@id":"https:\/\/redenoticiaz.com.br\/ribeiraopreto-regiao\/sp\/2022\/04\/29\/1a-violeira-pela-vida-acontece-no-recinto-em-barretos"},"author":{"name":"","@id":""},"headline":"1\u00aa Violeira pela Vida acontece no Recinto em Barretos","datePublished":"2022-04-29T18:40:39+00:00","mainEntityOfPage":{"@id":"https:\/\/redenoticiaz.com.br\/ribeiraopreto-regiao\/sp\/2022\/04\/29\/1a-violeira-pela-vida-acontece-no-recinto-em-barretos"},"wordCount":368,"commentCount":0,"publisher":{"@id":"https:\/\/redenoticiaz.com.br\/ribeiraopreto-regiao\/#organization"},"image":{"@id":"https:\/\/redenoticiaz.com.br\/ribeiraopreto-regiao\/sp\/2022\/04\/29\/1a-violeira-pela-vida-acontece-no-recinto-em-barretos#primaryimage"},"thumbnailUrl":"https:\/\/redenoticiaz.com.br\/ribeiraopreto-regiao\/wp-content\/uploads\/sites\/4\/2022\/04\/violeira-2.jpeg","keywords":["1\u00b0 VIOLEIRA","BARRETOS","CAVALGADA PELA VIDA","EVENTO GRATUITO","HOSPITAL DE AMOR"],"articleSection":["Cultura e M\u00fasica"],"inLanguage":"pt-BR","potentialAction":[{"@type":"CommentAction","name":"Comment","target":["https:\/\/redenoticiaz.com.br\/ribeiraopreto-regiao\/sp\/2022\/04\/29\/1a-violeira-pela-vida-acontece-no-recinto-em-barretos#respond"]}]},{"@type":"WebPage","@id":"https:\/\/redenoticiaz.com.br\/ribeiraopreto-regiao\/sp\/2022\/04\/29\/1a-violeira-pela-vida-acontece-no-recinto-em-barretos","url":"https:\/\/redenoticiaz.com.br\/ribeiraopreto-regiao\/sp\/2022\/04\/29\/1a-violeira-pela-vida-acontece-no-recinto-em-barretos","name":"1\u00aa Violeira pela Vida acontece no Recinto em Barretos - Ribeir\u00e3o Preto e Regi\u00e3o","isPartOf":{"@id":"https:\/\/redenoticiaz.com.br\/ribeiraopreto-regiao\/#website"},"primaryImageOfPage":{"@id":"https:\/\/redenoticiaz.com.br\/ribeiraopreto-regiao\/sp\/2022\/04\/29\/1a-violeira-pela-vida-acontece-no-recinto-em-barretos#primaryimage"},"image":{"@id":"https:\/\/redenoticiaz.com.br\/ribeiraopreto-regiao\/sp\/2022\/04\/29\/1a-violeira-pela-vida-acontece-no-recinto-em-barretos#primaryimage"},"thumbnailUrl":"https:\/\/redenoticiaz.com.br\/ribeiraopreto-regiao\/wp-content\/uploads\/sites\/4\/2022\/04\/violeira-2.jpeg","datePublished":"2022-04-29T18:40:39+00:00","description":"1\u00aa Violeira Pela Vida, concurso musical busca manter vivas as ra\u00edzes e a cultura sertaneja de raiz na cidade e dar oportunidade aos novos talentos.","inLanguage":"pt-BR","potentialAction":[{"@type":"ReadAction","target":["https:\/\/redenoticiaz.com.br\/ribeiraopreto-regiao\/sp\/2022\/04\/29\/1a-violeira-pela-vida-acontece-no-recinto-em-barretos"]}]},{"@type":"ImageObject","inLanguage":"pt-BR","@id":"https:\/\/redenoticiaz.com.br\/ribeiraopreto-regiao\/sp\/2022\/04\/29\/1a-violeira-pela-vida-acontece-no-recinto-em-barretos#primaryimage","url":"https:\/\/redenoticiaz.com.br\/ribeiraopreto-regiao\/wp-content\/uploads\/sites\/4\/2022\/04\/violeira-2.jpeg","contentUrl":"https:\/\/redenoticiaz.com.br\/ribeiraopreto-regiao\/wp-content\/uploads\/sites\/4\/2022\/04\/violeira-2.jpeg","width":1080,"height":1080,"caption":"Evento pagar\u00e1 R$ 5 mil em premia\u00e7\u00e3o. Cr\u00e9dito: Divulga\u00e7\u00e3o"},{"@type":"WebSite","@id":"https:\/\/redenoticiaz.com.br\/ribeiraopreto-regiao\/#website","url":"https:\/\/redenoticiaz.com.br\/ribeiraopreto-regiao\/","name":"Ribeir\u00e3o Preto e Regi\u00e3o","description":"Rede NoticiaZ - Ribeir\u00e3o Preto e regi\u00e3o","publisher":{"@id":"https:\/\/redenoticiaz.com.br\/ribeiraopreto-regiao\/#organization"},"potentialAction":[{"@type":"SearchAction","target":{"@type":"EntryPoint","urlTemplate":"https:\/\/redenoticiaz.com.br\/ribeiraopreto-regiao\/?s={search_term_string}"},"query-input":{"@type":"PropertyValueSpecification","valueRequired":true,"valueName":"search_term_string"}}],"inLanguage":"pt-BR"},{"@type":"Organization","@id":"https:\/\/redenoticiaz.com.br\/ribeiraopreto-regiao\/#organization","name":"Ribeir\u00e3o Preto e Regi\u00e3o","url":"https:\/\/redenoticiaz.com.br\/ribeiraopreto-regiao\/","logo":{"@type":"ImageObject","inLanguage":"pt-BR","@id":"https:\/\/redenoticiaz.com.br\/ribeiraopreto-regiao\/#\/schema\/logo\/image\/","url":"https:\/\/redenoticiaz.com.br\/barretos-regiao\/wp-content\/uploads\/sites\/4\/2022\/02\/logo.jpg","contentUrl":"https:\/\/redenoticiaz.com.br\/barretos-regiao\/wp-content\/uploads\/sites\/4\/2022\/02\/logo.jpg","width":400,"height":250,"caption":"Ribeir\u00e3o Preto e Regi\u00e3o"},"image":{"@id":"https:\/\/redenoticiaz.com.br\/ribeiraopreto-regiao\/#\/schema\/logo\/image\/"},"sameAs":["https:\/\/m.facebook.com\/redenoticiaz.barretos","https:\/\/x.com\/RN_barretos","https:\/\/www.instagram.com\/redenoticiaz.barretos\/?igshid=YmMyMTA2M2Y","https:\/\/www.linkedin.com\/company\/rede-noticiaz-barretos-e-regio\/"]},{"@type":"Person","@id":"","url":"https:\/\/redenoticiaz.com.br\/ribeiraopreto-regiao\/sp\/author"}]}},"_links":{"self":[{"href":"https:\/\/redenoticiaz.com.br\/ribeiraopreto-regiao\/wp-json\/wp\/v2\/posts\/3362","targetHints":{"allow":["GET"]}}],"collection":[{"href":"https:\/\/redenoticiaz.com.br\/ribeiraopreto-regiao\/wp-json\/wp\/v2\/posts"}],"about":[{"href":"https:\/\/redenoticiaz.com.br\/ribeiraopreto-regiao\/wp-json\/wp\/v2\/types\/post"}],"author":[{"embeddable":true,"href":"https:\/\/redenoticiaz.com.br\/ribeiraopreto-regiao\/wp-json\/wp\/v2\/users\/15"}],"replies":[{"embeddable":true,"href":"https:\/\/redenoticiaz.com.br\/ribeiraopreto-regiao\/wp-json\/wp\/v2\/comments?post=3362"}],"version-history":[{"count":1,"href":"https:\/\/redenoticiaz.com.br\/ribeiraopreto-regiao\/wp-json\/wp\/v2\/posts\/3362\/revisions"}],"predecessor-version":[{"id":3364,"href":"https:\/\/redenoticiaz.com.br\/ribeiraopreto-regiao\/wp-json\/wp\/v2\/posts\/3362\/revisions\/3364"}],"wp:featuredmedia":[{"embeddable":true,"href":"https:\/\/redenoticiaz.com.br\/ribeiraopreto-regiao\/wp-json\/wp\/v2\/media\/3363"}],"wp:attachment":[{"href":"https:\/\/redenoticiaz.com.br\/ribeiraopreto-regiao\/wp-json\/wp\/v2\/media?parent=3362"}],"wp:term":[{"taxonomy":"category","embeddable":true,"href":"https:\/\/redenoticiaz.com.br\/ribeiraopreto-regiao\/wp-json\/wp\/v2\/categories?post=3362"},{"taxonomy":"post_tag","embeddable":true,"href":"https:\/\/redenoticiaz.com.br\/ribeiraopreto-regiao\/wp-json\/wp\/v2\/tags?post=3362"}],"curies":[{"name":"wp","href":"https:\/\/api.w.org\/{rel}","templated":true}]}}