{"id":3371,"date":"2022-04-01T11:00:45","date_gmt":"2022-04-01T14:00:45","guid":{"rendered":"https:\/\/redenoticiaz.com.br\/barretos-regiao\/?p=3371"},"modified":"2022-04-29T18:10:21","modified_gmt":"2022-04-29T21:10:21","slug":"veja-as-novas-regras-para-carteira-nacional-de-habilitacao","status":"publish","type":"post","link":"https:\/\/redenoticiaz.com.br\/ribeiraopreto-regiao\/sp\/2022\/04\/01\/veja-as-novas-regras-para-carteira-nacional-de-habilitacao","title":{"rendered":"Veja as novas regras para Carteira Nacional de Habilita\u00e7\u00e3o"},"content":{"rendered":"<p>Recentemente o governo alterou as normas do C\u00f3digo de Tr\u00e2nsito Brasileiro (CTB), que conta com algumas novidades. Nesse sentido, as novas regras mudam para quem vai tirar ou renovar a <strong>Carteira Nacional de Habilita\u00e7\u00e3o (CNH).<\/strong><\/p>\n<p>As novas normas j\u00e1 est\u00e3o vig\u00eancia e dever\u00e3o afetar os motoristas durante a renova\u00e7\u00e3o. Agora, veja\u00a0 o tempo de validade, valores e como fazer a CNH.<\/p>\n<h4>Novidades na CNH 2022<\/h4>\n<p>A princ\u00edpio para quem tem at\u00e9 50 anos, a CNH ter\u00e1\u00a0 validade de 10 anos. J\u00e1 para condutores entre 50 e 70 anos, a validade ser\u00e1 de 5 anos. Contudo, para quem possui acima de 70 anos, o prazo ser\u00e1 de 3 anos.<\/p>\n<p>Outra novidade no momento de renovar a carta \u00e9 a notifica\u00e7\u00e3o que motorista receber\u00e1 do Detran 30 dias antes do fim da validade do documento. Al\u00e9m disso, os motoristas s\u00e3o obrigados a quitar todos os d\u00e9bitos que tiverem pendentes quanto ao\u00a0ve\u00edculo antes da renova\u00e7\u00e3o.<\/p>\n<p><strong>O novo c\u00f3digo manteve cinco categorias de documento. Veja as caracter\u00edsticas:<\/strong><\/p>\n<ul>\n<li>Categoria A: ve\u00edculo com motor de duas a tr\u00eas rodas;<\/li>\n<li>Categoria B: ve\u00edculo com motor, que n\u00e3o fa\u00e7a parte da categoria A e que tenha at\u00e9 3,5 toneladas \u00e9 preciso ter no m\u00e1ximo nove lugares;<\/li>\n<li>Categoria C: ve\u00edculo para transporte de carga com mais de 3,5 toneladas;<\/li>\n<li>Categoria D: ve\u00edculo para transporte de passageiros com mais de nove lugares (motorista incluso), com ao menos 21 anos, dois anos de categoria B e um de categoria C;<\/li>\n<li>Categoria E: ve\u00edculos dentro das categorias B, C ou D com mais de 6 toneladas (reboque, semirreboque, trailer) ou lota\u00e7\u00e3o maior do que oito lugares.<\/li>\n<\/ul>\n<h4>Carteira Nacional de Habilita\u00e7\u00e3o eletr\u00f4nica<\/h4>\n<p>&nbsp;<\/p>\n<p>A <strong>CNH digital<\/strong> \u00e9 a vers\u00e3o digitalizada da CNH f\u00edsica, que pode ser gerada em um celular smartphone ou outro dispositivo m\u00f3vel, por meio do aplicativo gratuito do governo para <a href=\"https:\/\/play.google.com\/store\/apps\/details?id=br.gov.serpro.cnhe&amp;hl=pt_BR&amp;gl=US\">Android<\/a> ou <a href=\"https:\/\/apps.apple.com\/br\/app\/carteira-digital-de-tr%C3%A2nsito\/id1275057217\">Iphone<\/a>.<\/p>\n<p>Al\u00e9m de ser aceita em todo territ\u00f3rio nacional, todas as informa\u00e7\u00f5es da carteira impressa, estar\u00e3o no aplicativo, trazendo assim, praticidade, seguran\u00e7a e comodidade para condutor. Essas s\u00e3o algumas vantagens da vers\u00e3o digital, lembrando ser\u00a0poss\u00edvel gerar o documento digital antes mesmo do recebimento do documento impresso.<\/p>\n<p>LEIA TAMB\u00c9M:\u00a0<a href=\"https:\/\/redenoticiaz.com.br\/barretos-regiao\/sp\/2022\/02\/27\/compra-de-carro-pcd-tem-novas-regras-em-2022\">Compra de carro PCD tem novas regras em 2022<\/a><\/p>\n<p>&nbsp;<\/p>\n<p>&nbsp;<\/p>\n<p>&nbsp;<\/p>\n","protected":false},"excerpt":{"rendered":"<p>Recentemente o governo alterou as normas do C\u00f3digo de Tr\u00e2nsito Brasileiro (CTB), que conta com algumas novidades. Nesse sentido, as novas regras mudam para quem vai tirar ou renovar a Carteira Nacional de Habilita\u00e7\u00e3o (CNH). As novas normas j\u00e1 est\u00e3o vig\u00eancia e dever\u00e3o afetar os motoristas durante a renova\u00e7\u00e3o. Agora, veja\u00a0 o tempo de validade, &hellip;<\/p>\n","protected":false},"author":15,"featured_media":3376,"comment_status":"open","ping_status":"closed","sticky":false,"template":"","format":"standard","meta":{"footnotes":""},"categories":[2921],"tags":[13813,13810,13811,13812],"class_list":["post-3371","post","type-post","status-publish","format-standard","has-post-thumbnail","hentry","category-transportes","tag-carteira-nacional-digital","tag-cnh","tag-habilitacao","tag-novas-regras"],"yoast_head":"<!-- This site is optimized with the Yoast SEO plugin v27.4 - https:\/\/yoast.com\/product\/yoast-seo-wordpress\/ -->\n<title>Veja as novas regras para Carteira Nacional de Habilita\u00e7\u00e3o - Ribeir\u00e3o Preto e Regi\u00e3o<\/title>\n<meta name=\"description\" content=\"C\u00f3digo de Tr\u00e2nsito Brasileiro (CTB), conta com algumas novidades. Nesse sentido, as novas regras mudam para quem vai tirar ou renovar a Carteira Nacional de Habilita\u00e7\u00e3o (CNH).\" \/>\n<meta name=\"robots\" content=\"index, follow, max-snippet:-1, max-image-preview:large, max-video-preview:-1\" \/>\n<link rel=\"canonical\" href=\"https:\/\/redenoticiaz.com.br\/ribeiraopreto-regiao\/sp\/2022\/04\/01\/veja-as-novas-regras-para-carteira-nacional-de-habilitacao\" \/>\n<meta property=\"og:locale\" content=\"pt_BR\" \/>\n<meta property=\"og:type\" content=\"article\" \/>\n<meta property=\"og:title\" content=\"Veja as novas regras para Carteira Nacional de Habilita\u00e7\u00e3o - Ribeir\u00e3o Preto e Regi\u00e3o\" \/>\n<meta property=\"og:description\" content=\"C\u00f3digo de Tr\u00e2nsito Brasileiro (CTB), conta com algumas novidades. Nesse sentido, as novas regras mudam para quem vai tirar ou renovar a Carteira Nacional de Habilita\u00e7\u00e3o (CNH).\" \/>\n<meta property=\"og:url\" content=\"https:\/\/redenoticiaz.com.br\/ribeiraopreto-regiao\/sp\/2022\/04\/01\/veja-as-novas-regras-para-carteira-nacional-de-habilitacao\" \/>\n<meta property=\"og:site_name\" content=\"Ribeir\u00e3o Preto e Regi\u00e3o\" \/>\n<meta property=\"article:publisher\" content=\"https:\/\/m.facebook.com\/redenoticiaz.barretos\" \/>\n<meta property=\"article:published_time\" content=\"2022-04-01T14:00:45+00:00\" \/>\n<meta property=\"article:modified_time\" content=\"2022-04-29T21:10:21+00:00\" \/>\n<meta property=\"og:image\" content=\"https:\/\/redenoticiaz.com.br\/ribeiraopreto-regiao\/wp-content\/uploads\/sites\/4\/2022\/04\/cnh-1024x576.png\" \/>\n\t<meta property=\"og:image:width\" content=\"1024\" \/>\n\t<meta property=\"og:image:height\" content=\"576\" \/>\n\t<meta property=\"og:image:type\" content=\"image\/png\" \/>\n<meta name=\"twitter:card\" content=\"summary_large_image\" \/>\n<meta name=\"twitter:creator\" content=\"@RN_barretos\" \/>\n<meta name=\"twitter:site\" content=\"@RN_barretos\" \/>\n<meta name=\"twitter:label1\" content=\"Escrito por\" \/>\n\t<meta name=\"twitter:data1\" content=\"\" \/>\n\t<meta name=\"twitter:label2\" content=\"Est. tempo de leitura\" \/>\n\t<meta name=\"twitter:data2\" content=\"2 minutos\" \/>\n<script type=\"application\/ld+json\" class=\"yoast-schema-graph\">{\"@context\":\"https:\\\/\\\/schema.org\",\"@graph\":[{\"@type\":\"Article\",\"@id\":\"https:\\\/\\\/redenoticiaz.com.br\\\/ribeiraopreto-regiao\\\/sp\\\/2022\\\/04\\\/01\\\/veja-as-novas-regras-para-carteira-nacional-de-habilitacao#article\",\"isPartOf\":{\"@id\":\"https:\\\/\\\/redenoticiaz.com.br\\\/ribeiraopreto-regiao\\\/sp\\\/2022\\\/04\\\/01\\\/veja-as-novas-regras-para-carteira-nacional-de-habilitacao\"},\"author\":{\"name\":\"\",\"@id\":\"\"},\"headline\":\"Veja as novas regras para Carteira Nacional de Habilita\u00e7\u00e3o\",\"datePublished\":\"2022-04-01T14:00:45+00:00\",\"dateModified\":\"2022-04-29T21:10:21+00:00\",\"mainEntityOfPage\":{\"@id\":\"https:\\\/\\\/redenoticiaz.com.br\\\/ribeiraopreto-regiao\\\/sp\\\/2022\\\/04\\\/01\\\/veja-as-novas-regras-para-carteira-nacional-de-habilitacao\"},\"wordCount\":397,\"commentCount\":0,\"publisher\":{\"@id\":\"https:\\\/\\\/redenoticiaz.com.br\\\/ribeiraopreto-regiao\\\/#organization\"},\"image\":{\"@id\":\"https:\\\/\\\/redenoticiaz.com.br\\\/ribeiraopreto-regiao\\\/sp\\\/2022\\\/04\\\/01\\\/veja-as-novas-regras-para-carteira-nacional-de-habilitacao#primaryimage\"},\"thumbnailUrl\":\"https:\\\/\\\/redenoticiaz.com.br\\\/ribeiraopreto-regiao\\\/wp-content\\\/uploads\\\/sites\\\/4\\\/2022\\\/04\\\/cnh.png\",\"keywords\":[\"CARTEIRA NACIONAL DIGITAL\",\"CNH\",\"HABILITA\u00c7\u00c3O\",\"NOVAS REGRAS\"],\"articleSection\":[\"Transportes\"],\"inLanguage\":\"pt-BR\",\"potentialAction\":[{\"@type\":\"CommentAction\",\"name\":\"Comment\",\"target\":[\"https:\\\/\\\/redenoticiaz.com.br\\\/ribeiraopreto-regiao\\\/sp\\\/2022\\\/04\\\/01\\\/veja-as-novas-regras-para-carteira-nacional-de-habilitacao#respond\"]}]},{\"@type\":\"WebPage\",\"@id\":\"https:\\\/\\\/redenoticiaz.com.br\\\/ribeiraopreto-regiao\\\/sp\\\/2022\\\/04\\\/01\\\/veja-as-novas-regras-para-carteira-nacional-de-habilitacao\",\"url\":\"https:\\\/\\\/redenoticiaz.com.br\\\/ribeiraopreto-regiao\\\/sp\\\/2022\\\/04\\\/01\\\/veja-as-novas-regras-para-carteira-nacional-de-habilitacao\",\"name\":\"Veja as novas regras para Carteira Nacional de Habilita\u00e7\u00e3o - Ribeir\u00e3o Preto e Regi\u00e3o\",\"isPartOf\":{\"@id\":\"https:\\\/\\\/redenoticiaz.com.br\\\/ribeiraopreto-regiao\\\/#website\"},\"primaryImageOfPage\":{\"@id\":\"https:\\\/\\\/redenoticiaz.com.br\\\/ribeiraopreto-regiao\\\/sp\\\/2022\\\/04\\\/01\\\/veja-as-novas-regras-para-carteira-nacional-de-habilitacao#primaryimage\"},\"image\":{\"@id\":\"https:\\\/\\\/redenoticiaz.com.br\\\/ribeiraopreto-regiao\\\/sp\\\/2022\\\/04\\\/01\\\/veja-as-novas-regras-para-carteira-nacional-de-habilitacao#primaryimage\"},\"thumbnailUrl\":\"https:\\\/\\\/redenoticiaz.com.br\\\/ribeiraopreto-regiao\\\/wp-content\\\/uploads\\\/sites\\\/4\\\/2022\\\/04\\\/cnh.png\",\"datePublished\":\"2022-04-01T14:00:45+00:00\",\"dateModified\":\"2022-04-29T21:10:21+00:00\",\"description\":\"C\u00f3digo de Tr\u00e2nsito Brasileiro (CTB), conta com algumas novidades. Nesse sentido, as novas regras mudam para quem vai tirar ou renovar a Carteira Nacional de Habilita\u00e7\u00e3o (CNH).\",\"inLanguage\":\"pt-BR\",\"potentialAction\":[{\"@type\":\"ReadAction\",\"target\":[\"https:\\\/\\\/redenoticiaz.com.br\\\/ribeiraopreto-regiao\\\/sp\\\/2022\\\/04\\\/01\\\/veja-as-novas-regras-para-carteira-nacional-de-habilitacao\"]}]},{\"@type\":\"ImageObject\",\"inLanguage\":\"pt-BR\",\"@id\":\"https:\\\/\\\/redenoticiaz.com.br\\\/ribeiraopreto-regiao\\\/sp\\\/2022\\\/04\\\/01\\\/veja-as-novas-regras-para-carteira-nacional-de-habilitacao#primaryimage\",\"url\":\"https:\\\/\\\/redenoticiaz.com.br\\\/ribeiraopreto-regiao\\\/wp-content\\\/uploads\\\/sites\\\/4\\\/2022\\\/04\\\/cnh.png\",\"contentUrl\":\"https:\\\/\\\/redenoticiaz.com.br\\\/ribeiraopreto-regiao\\\/wp-content\\\/uploads\\\/sites\\\/4\\\/2022\\\/04\\\/cnh.png\",\"width\":1920,\"height\":1080,\"caption\":\"CNH falsa. Cr\u00e9dito: Reprodu\u00e7\u00e3o\"},{\"@type\":\"WebSite\",\"@id\":\"https:\\\/\\\/redenoticiaz.com.br\\\/ribeiraopreto-regiao\\\/#website\",\"url\":\"https:\\\/\\\/redenoticiaz.com.br\\\/ribeiraopreto-regiao\\\/\",\"name\":\"Ribeir\u00e3o Preto e Regi\u00e3o\",\"description\":\"Rede NoticiaZ - Ribeir\u00e3o Preto e regi\u00e3o\",\"publisher\":{\"@id\":\"https:\\\/\\\/redenoticiaz.com.br\\\/ribeiraopreto-regiao\\\/#organization\"},\"potentialAction\":[{\"@type\":\"SearchAction\",\"target\":{\"@type\":\"EntryPoint\",\"urlTemplate\":\"https:\\\/\\\/redenoticiaz.com.br\\\/ribeiraopreto-regiao\\\/?s={search_term_string}\"},\"query-input\":{\"@type\":\"PropertyValueSpecification\",\"valueRequired\":true,\"valueName\":\"search_term_string\"}}],\"inLanguage\":\"pt-BR\"},{\"@type\":\"Organization\",\"@id\":\"https:\\\/\\\/redenoticiaz.com.br\\\/ribeiraopreto-regiao\\\/#organization\",\"name\":\"Ribeir\u00e3o Preto e Regi\u00e3o\",\"url\":\"https:\\\/\\\/redenoticiaz.com.br\\\/ribeiraopreto-regiao\\\/\",\"logo\":{\"@type\":\"ImageObject\",\"inLanguage\":\"pt-BR\",\"@id\":\"https:\\\/\\\/redenoticiaz.com.br\\\/ribeiraopreto-regiao\\\/#\\\/schema\\\/logo\\\/image\\\/\",\"url\":\"https:\\\/\\\/redenoticiaz.com.br\\\/barretos-regiao\\\/wp-content\\\/uploads\\\/sites\\\/4\\\/2022\\\/02\\\/logo.jpg\",\"contentUrl\":\"https:\\\/\\\/redenoticiaz.com.br\\\/barretos-regiao\\\/wp-content\\\/uploads\\\/sites\\\/4\\\/2022\\\/02\\\/logo.jpg\",\"width\":400,\"height\":250,\"caption\":\"Ribeir\u00e3o Preto e Regi\u00e3o\"},\"image\":{\"@id\":\"https:\\\/\\\/redenoticiaz.com.br\\\/ribeiraopreto-regiao\\\/#\\\/schema\\\/logo\\\/image\\\/\"},\"sameAs\":[\"https:\\\/\\\/m.facebook.com\\\/redenoticiaz.barretos\",\"https:\\\/\\\/x.com\\\/RN_barretos\",\"https:\\\/\\\/www.instagram.com\\\/redenoticiaz.barretos\\\/?igshid=YmMyMTA2M2Y\",\"https:\\\/\\\/www.linkedin.com\\\/company\\\/rede-noticiaz-barretos-e-regio\\\/\"]},{\"@type\":\"Person\",\"@id\":\"\",\"url\":\"https:\\\/\\\/redenoticiaz.com.br\\\/ribeiraopreto-regiao\\\/sp\\\/author\"}]}<\/script>\n<!-- \/ Yoast SEO plugin. -->","yoast_head_json":{"title":"Veja as novas regras para Carteira Nacional de Habilita\u00e7\u00e3o - Ribeir\u00e3o Preto e Regi\u00e3o","description":"C\u00f3digo de Tr\u00e2nsito Brasileiro (CTB), conta com algumas novidades. Nesse sentido, as novas regras mudam para quem vai tirar ou renovar a Carteira Nacional de Habilita\u00e7\u00e3o (CNH).","robots":{"index":"index","follow":"follow","max-snippet":"max-snippet:-1","max-image-preview":"max-image-preview:large","max-video-preview":"max-video-preview:-1"},"canonical":"https:\/\/redenoticiaz.com.br\/ribeiraopreto-regiao\/sp\/2022\/04\/01\/veja-as-novas-regras-para-carteira-nacional-de-habilitacao","og_locale":"pt_BR","og_type":"article","og_title":"Veja as novas regras para Carteira Nacional de Habilita\u00e7\u00e3o - Ribeir\u00e3o Preto e Regi\u00e3o","og_description":"C\u00f3digo de Tr\u00e2nsito Brasileiro (CTB), conta com algumas novidades. Nesse sentido, as novas regras mudam para quem vai tirar ou renovar a Carteira Nacional de Habilita\u00e7\u00e3o (CNH).","og_url":"https:\/\/redenoticiaz.com.br\/ribeiraopreto-regiao\/sp\/2022\/04\/01\/veja-as-novas-regras-para-carteira-nacional-de-habilitacao","og_site_name":"Ribeir\u00e3o Preto e Regi\u00e3o","article_publisher":"https:\/\/m.facebook.com\/redenoticiaz.barretos","article_published_time":"2022-04-01T14:00:45+00:00","article_modified_time":"2022-04-29T21:10:21+00:00","og_image":[{"width":1024,"height":576,"url":"https:\/\/redenoticiaz.com.br\/ribeiraopreto-regiao\/wp-content\/uploads\/sites\/4\/2022\/04\/cnh-1024x576.png","type":"image\/png"}],"twitter_card":"summary_large_image","twitter_creator":"@RN_barretos","twitter_site":"@RN_barretos","twitter_misc":{"Escrito por":"","Est. tempo de leitura":"2 minutos"},"schema":{"@context":"https:\/\/schema.org","@graph":[{"@type":"Article","@id":"https:\/\/redenoticiaz.com.br\/ribeiraopreto-regiao\/sp\/2022\/04\/01\/veja-as-novas-regras-para-carteira-nacional-de-habilitacao#article","isPartOf":{"@id":"https:\/\/redenoticiaz.com.br\/ribeiraopreto-regiao\/sp\/2022\/04\/01\/veja-as-novas-regras-para-carteira-nacional-de-habilitacao"},"author":{"name":"","@id":""},"headline":"Veja as novas regras para Carteira Nacional de Habilita\u00e7\u00e3o","datePublished":"2022-04-01T14:00:45+00:00","dateModified":"2022-04-29T21:10:21+00:00","mainEntityOfPage":{"@id":"https:\/\/redenoticiaz.com.br\/ribeiraopreto-regiao\/sp\/2022\/04\/01\/veja-as-novas-regras-para-carteira-nacional-de-habilitacao"},"wordCount":397,"commentCount":0,"publisher":{"@id":"https:\/\/redenoticiaz.com.br\/ribeiraopreto-regiao\/#organization"},"image":{"@id":"https:\/\/redenoticiaz.com.br\/ribeiraopreto-regiao\/sp\/2022\/04\/01\/veja-as-novas-regras-para-carteira-nacional-de-habilitacao#primaryimage"},"thumbnailUrl":"https:\/\/redenoticiaz.com.br\/ribeiraopreto-regiao\/wp-content\/uploads\/sites\/4\/2022\/04\/cnh.png","keywords":["CARTEIRA NACIONAL DIGITAL","CNH","HABILITA\u00c7\u00c3O","NOVAS REGRAS"],"articleSection":["Transportes"],"inLanguage":"pt-BR","potentialAction":[{"@type":"CommentAction","name":"Comment","target":["https:\/\/redenoticiaz.com.br\/ribeiraopreto-regiao\/sp\/2022\/04\/01\/veja-as-novas-regras-para-carteira-nacional-de-habilitacao#respond"]}]},{"@type":"WebPage","@id":"https:\/\/redenoticiaz.com.br\/ribeiraopreto-regiao\/sp\/2022\/04\/01\/veja-as-novas-regras-para-carteira-nacional-de-habilitacao","url":"https:\/\/redenoticiaz.com.br\/ribeiraopreto-regiao\/sp\/2022\/04\/01\/veja-as-novas-regras-para-carteira-nacional-de-habilitacao","name":"Veja as novas regras para Carteira Nacional de Habilita\u00e7\u00e3o - Ribeir\u00e3o Preto e Regi\u00e3o","isPartOf":{"@id":"https:\/\/redenoticiaz.com.br\/ribeiraopreto-regiao\/#website"},"primaryImageOfPage":{"@id":"https:\/\/redenoticiaz.com.br\/ribeiraopreto-regiao\/sp\/2022\/04\/01\/veja-as-novas-regras-para-carteira-nacional-de-habilitacao#primaryimage"},"image":{"@id":"https:\/\/redenoticiaz.com.br\/ribeiraopreto-regiao\/sp\/2022\/04\/01\/veja-as-novas-regras-para-carteira-nacional-de-habilitacao#primaryimage"},"thumbnailUrl":"https:\/\/redenoticiaz.com.br\/ribeiraopreto-regiao\/wp-content\/uploads\/sites\/4\/2022\/04\/cnh.png","datePublished":"2022-04-01T14:00:45+00:00","dateModified":"2022-04-29T21:10:21+00:00","description":"C\u00f3digo de Tr\u00e2nsito Brasileiro (CTB), conta com algumas novidades. Nesse sentido, as novas regras mudam para quem vai tirar ou renovar a Carteira Nacional de Habilita\u00e7\u00e3o (CNH).","inLanguage":"pt-BR","potentialAction":[{"@type":"ReadAction","target":["https:\/\/redenoticiaz.com.br\/ribeiraopreto-regiao\/sp\/2022\/04\/01\/veja-as-novas-regras-para-carteira-nacional-de-habilitacao"]}]},{"@type":"ImageObject","inLanguage":"pt-BR","@id":"https:\/\/redenoticiaz.com.br\/ribeiraopreto-regiao\/sp\/2022\/04\/01\/veja-as-novas-regras-para-carteira-nacional-de-habilitacao#primaryimage","url":"https:\/\/redenoticiaz.com.br\/ribeiraopreto-regiao\/wp-content\/uploads\/sites\/4\/2022\/04\/cnh.png","contentUrl":"https:\/\/redenoticiaz.com.br\/ribeiraopreto-regiao\/wp-content\/uploads\/sites\/4\/2022\/04\/cnh.png","width":1920,"height":1080,"caption":"CNH falsa. Cr\u00e9dito: Reprodu\u00e7\u00e3o"},{"@type":"WebSite","@id":"https:\/\/redenoticiaz.com.br\/ribeiraopreto-regiao\/#website","url":"https:\/\/redenoticiaz.com.br\/ribeiraopreto-regiao\/","name":"Ribeir\u00e3o Preto e Regi\u00e3o","description":"Rede NoticiaZ - Ribeir\u00e3o Preto e regi\u00e3o","publisher":{"@id":"https:\/\/redenoticiaz.com.br\/ribeiraopreto-regiao\/#organization"},"potentialAction":[{"@type":"SearchAction","target":{"@type":"EntryPoint","urlTemplate":"https:\/\/redenoticiaz.com.br\/ribeiraopreto-regiao\/?s={search_term_string}"},"query-input":{"@type":"PropertyValueSpecification","valueRequired":true,"valueName":"search_term_string"}}],"inLanguage":"pt-BR"},{"@type":"Organization","@id":"https:\/\/redenoticiaz.com.br\/ribeiraopreto-regiao\/#organization","name":"Ribeir\u00e3o Preto e Regi\u00e3o","url":"https:\/\/redenoticiaz.com.br\/ribeiraopreto-regiao\/","logo":{"@type":"ImageObject","inLanguage":"pt-BR","@id":"https:\/\/redenoticiaz.com.br\/ribeiraopreto-regiao\/#\/schema\/logo\/image\/","url":"https:\/\/redenoticiaz.com.br\/barretos-regiao\/wp-content\/uploads\/sites\/4\/2022\/02\/logo.jpg","contentUrl":"https:\/\/redenoticiaz.com.br\/barretos-regiao\/wp-content\/uploads\/sites\/4\/2022\/02\/logo.jpg","width":400,"height":250,"caption":"Ribeir\u00e3o Preto e Regi\u00e3o"},"image":{"@id":"https:\/\/redenoticiaz.com.br\/ribeiraopreto-regiao\/#\/schema\/logo\/image\/"},"sameAs":["https:\/\/m.facebook.com\/redenoticiaz.barretos","https:\/\/x.com\/RN_barretos","https:\/\/www.instagram.com\/redenoticiaz.barretos\/?igshid=YmMyMTA2M2Y","https:\/\/www.linkedin.com\/company\/rede-noticiaz-barretos-e-regio\/"]},{"@type":"Person","@id":"","url":"https:\/\/redenoticiaz.com.br\/ribeiraopreto-regiao\/sp\/author"}]}},"_links":{"self":[{"href":"https:\/\/redenoticiaz.com.br\/ribeiraopreto-regiao\/wp-json\/wp\/v2\/posts\/3371","targetHints":{"allow":["GET"]}}],"collection":[{"href":"https:\/\/redenoticiaz.com.br\/ribeiraopreto-regiao\/wp-json\/wp\/v2\/posts"}],"about":[{"href":"https:\/\/redenoticiaz.com.br\/ribeiraopreto-regiao\/wp-json\/wp\/v2\/types\/post"}],"author":[{"embeddable":true,"href":"https:\/\/redenoticiaz.com.br\/ribeiraopreto-regiao\/wp-json\/wp\/v2\/users\/15"}],"replies":[{"embeddable":true,"href":"https:\/\/redenoticiaz.com.br\/ribeiraopreto-regiao\/wp-json\/wp\/v2\/comments?post=3371"}],"version-history":[{"count":1,"href":"https:\/\/redenoticiaz.com.br\/ribeiraopreto-regiao\/wp-json\/wp\/v2\/posts\/3371\/revisions"}],"predecessor-version":[{"id":3377,"href":"https:\/\/redenoticiaz.com.br\/ribeiraopreto-regiao\/wp-json\/wp\/v2\/posts\/3371\/revisions\/3377"}],"wp:featuredmedia":[{"embeddable":true,"href":"https:\/\/redenoticiaz.com.br\/ribeiraopreto-regiao\/wp-json\/wp\/v2\/media\/3376"}],"wp:attachment":[{"href":"https:\/\/redenoticiaz.com.br\/ribeiraopreto-regiao\/wp-json\/wp\/v2\/media?parent=3371"}],"wp:term":[{"taxonomy":"category","embeddable":true,"href":"https:\/\/redenoticiaz.com.br\/ribeiraopreto-regiao\/wp-json\/wp\/v2\/categories?post=3371"},{"taxonomy":"post_tag","embeddable":true,"href":"https:\/\/redenoticiaz.com.br\/ribeiraopreto-regiao\/wp-json\/wp\/v2\/tags?post=3371"}],"curies":[{"name":"wp","href":"https:\/\/api.w.org\/{rel}","templated":true}]}}