{"id":3472,"date":"2022-05-02T16:09:33","date_gmt":"2022-05-02T19:09:33","guid":{"rendered":"https:\/\/redenoticiaz.com.br\/barretos-regiao\/?p=3472"},"modified":"2022-05-02T16:10:08","modified_gmt":"2022-05-02T19:10:08","slug":"prefeitura-faz-limpeza-de-lixao-a-ceu-aberto-em-barretos","status":"publish","type":"post","link":"https:\/\/redenoticiaz.com.br\/ribeiraopreto-regiao\/sp\/2022\/05\/02\/prefeitura-faz-limpeza-de-lixao-a-ceu-aberto-em-barretos","title":{"rendered":"Prefeitura faz limpeza de lix\u00e3o a c\u00e9u aberto em Barretos"},"content":{"rendered":"<p>Um lix\u00e3o a c\u00e9u aberto foi denunciado na chegada da cidade de Barretos. Indiv\u00edduos estavam jogando lixo de maneira ilegal, logo na entrada da cidade, na Avenida Fraternidade Paulista. No entanto, uma empresa fez a remo\u00e7\u00e3o do lixo no local.<\/p>\n<p>Nesse sentido, devido o grande acumulo de objetos, jogado no acostamento. A empresa precisou de uma p\u00e1 carregadeira para fazer a remo\u00e7\u00e3o, junto com coletores. Assim, foram dois dias de trabalho e muito lixo, inclusive, lixo domestico foi retirado do local.<\/p>\n<p>Ap\u00f3s a limpeza efetuada na quinta-feira (28)\u00a0 foi colocada duas ca\u00e7ambas para que os moradores possam fazer o descarte do lixo de maneira correta. Entretanto, no dia seguinte j\u00e1 houve den\u00fancias de casos de descarte irregular novamente.<\/p>\n<p>Lamentavelmente, o lixo encontrado no ch\u00e3o estava do lado de uma ca\u00e7amba.<\/p>\n<p>LEIA TAMB\u00c9M:\u00a0<a href=\"https:\/\/redenoticiaz.com.br\/barretos-regiao\/sp\/2022\/04\/30\/prefeitura-de-barretos-disponibiliza-metodos-contraceptivos-para-mulheres-em-situacao-de-vulnerabilidade\">Prefeitura de Barretos disponibiliza m\u00e9todos contraceptivos para mulheres em situa\u00e7\u00e3o de vulnerabilidade<\/a><\/p>\n","protected":false},"excerpt":{"rendered":"<p>Um lix\u00e3o a c\u00e9u aberto foi denunciado na chegada da cidade de Barretos. Indiv\u00edduos estavam jogando lixo de maneira ilegal, logo na entrada da cidade, na Avenida Fraternidade Paulista. No entanto, uma empresa fez a remo\u00e7\u00e3o do lixo no local. Nesse sentido, devido o grande acumulo de objetos, jogado no acostamento. A empresa precisou de &hellip;<\/p>\n","protected":false},"author":15,"featured_media":3475,"comment_status":"open","ping_status":"closed","sticky":false,"template":"","format":"standard","meta":{"footnotes":""},"categories":[94],"tags":[64,14236,14235],"class_list":["post-3472","post","type-post","status-publish","format-standard","has-post-thumbnail","hentry","category-meio-ambiente","tag-barretos","tag-esvavadeira","tag-lixao-a-ceu-aberto"],"yoast_head":"<!-- This site is optimized with the Yoast SEO plugin v27.4 - https:\/\/yoast.com\/product\/yoast-seo-wordpress\/ -->\n<title>Prefeitura faz limpeza de lix\u00e3o a c\u00e9u aberto em Barretos - Ribeir\u00e3o Preto e Regi\u00e3o<\/title>\n<meta name=\"description\" content=\"Indiv\u00edduos estavam jogando lixo de maneira ilegal, logo na entrada da cidade, na Avenida Fraternidade Paulista. No entanto, uma empresa fez a limpeza no local.\u00a0\" \/>\n<meta name=\"robots\" content=\"index, follow, max-snippet:-1, max-image-preview:large, max-video-preview:-1\" \/>\n<link rel=\"canonical\" href=\"https:\/\/redenoticiaz.com.br\/ribeiraopreto-regiao\/sp\/2022\/05\/02\/prefeitura-faz-limpeza-de-lixao-a-ceu-aberto-em-barretos\" \/>\n<meta property=\"og:locale\" content=\"pt_BR\" \/>\n<meta property=\"og:type\" content=\"article\" \/>\n<meta property=\"og:title\" content=\"Prefeitura faz limpeza de lix\u00e3o a c\u00e9u aberto em Barretos - Ribeir\u00e3o Preto e Regi\u00e3o\" \/>\n<meta property=\"og:description\" content=\"Indiv\u00edduos estavam jogando lixo de maneira ilegal, logo na entrada da cidade, na Avenida Fraternidade Paulista. No entanto, uma empresa fez a limpeza no local.\u00a0\" \/>\n<meta property=\"og:url\" content=\"https:\/\/redenoticiaz.com.br\/ribeiraopreto-regiao\/sp\/2022\/05\/02\/prefeitura-faz-limpeza-de-lixao-a-ceu-aberto-em-barretos\" \/>\n<meta property=\"og:site_name\" content=\"Ribeir\u00e3o Preto e Regi\u00e3o\" \/>\n<meta property=\"article:publisher\" content=\"https:\/\/m.facebook.com\/redenoticiaz.barretos\" \/>\n<meta property=\"article:published_time\" content=\"2022-05-02T19:09:33+00:00\" \/>\n<meta property=\"article:modified_time\" content=\"2022-05-02T19:10:08+00:00\" \/>\n<meta property=\"og:image\" content=\"https:\/\/redenoticiaz.com.br\/ribeiraopreto-regiao\/wp-content\/uploads\/sites\/4\/2022\/05\/captura-de-tela-112.png\" \/>\n\t<meta property=\"og:image:width\" content=\"890\" \/>\n\t<meta property=\"og:image:height\" content=\"488\" \/>\n\t<meta property=\"og:image:type\" content=\"image\/png\" \/>\n<meta name=\"twitter:card\" content=\"summary_large_image\" \/>\n<meta name=\"twitter:creator\" content=\"@RN_barretos\" \/>\n<meta name=\"twitter:site\" content=\"@RN_barretos\" \/>\n<meta name=\"twitter:label1\" content=\"Escrito por\" \/>\n\t<meta name=\"twitter:data1\" content=\"\" \/>\n\t<meta name=\"twitter:label2\" content=\"Est. tempo de leitura\" \/>\n\t<meta name=\"twitter:data2\" content=\"1 minuto\" \/>\n<script type=\"application\/ld+json\" class=\"yoast-schema-graph\">{\"@context\":\"https:\\\/\\\/schema.org\",\"@graph\":[{\"@type\":\"Article\",\"@id\":\"https:\\\/\\\/redenoticiaz.com.br\\\/ribeiraopreto-regiao\\\/sp\\\/2022\\\/05\\\/02\\\/prefeitura-faz-limpeza-de-lixao-a-ceu-aberto-em-barretos#article\",\"isPartOf\":{\"@id\":\"https:\\\/\\\/redenoticiaz.com.br\\\/ribeiraopreto-regiao\\\/sp\\\/2022\\\/05\\\/02\\\/prefeitura-faz-limpeza-de-lixao-a-ceu-aberto-em-barretos\"},\"author\":{\"name\":\"\",\"@id\":\"\"},\"headline\":\"Prefeitura faz limpeza de lix\u00e3o a c\u00e9u aberto em Barretos\",\"datePublished\":\"2022-05-02T19:09:33+00:00\",\"dateModified\":\"2022-05-02T19:10:08+00:00\",\"mainEntityOfPage\":{\"@id\":\"https:\\\/\\\/redenoticiaz.com.br\\\/ribeiraopreto-regiao\\\/sp\\\/2022\\\/05\\\/02\\\/prefeitura-faz-limpeza-de-lixao-a-ceu-aberto-em-barretos\"},\"wordCount\":168,\"commentCount\":0,\"publisher\":{\"@id\":\"https:\\\/\\\/redenoticiaz.com.br\\\/ribeiraopreto-regiao\\\/#organization\"},\"image\":{\"@id\":\"https:\\\/\\\/redenoticiaz.com.br\\\/ribeiraopreto-regiao\\\/sp\\\/2022\\\/05\\\/02\\\/prefeitura-faz-limpeza-de-lixao-a-ceu-aberto-em-barretos#primaryimage\"},\"thumbnailUrl\":\"https:\\\/\\\/redenoticiaz.com.br\\\/ribeiraopreto-regiao\\\/wp-content\\\/uploads\\\/sites\\\/4\\\/2022\\\/05\\\/captura-de-tela-112.png\",\"keywords\":[\"BARRETOS\",\"ESVAVADEIRA\",\"LIX\u00c3O A C\u00c9U ABERTO\"],\"articleSection\":[\"Meio Ambiente\"],\"inLanguage\":\"pt-BR\",\"potentialAction\":[{\"@type\":\"CommentAction\",\"name\":\"Comment\",\"target\":[\"https:\\\/\\\/redenoticiaz.com.br\\\/ribeiraopreto-regiao\\\/sp\\\/2022\\\/05\\\/02\\\/prefeitura-faz-limpeza-de-lixao-a-ceu-aberto-em-barretos#respond\"]}]},{\"@type\":\"WebPage\",\"@id\":\"https:\\\/\\\/redenoticiaz.com.br\\\/ribeiraopreto-regiao\\\/sp\\\/2022\\\/05\\\/02\\\/prefeitura-faz-limpeza-de-lixao-a-ceu-aberto-em-barretos\",\"url\":\"https:\\\/\\\/redenoticiaz.com.br\\\/ribeiraopreto-regiao\\\/sp\\\/2022\\\/05\\\/02\\\/prefeitura-faz-limpeza-de-lixao-a-ceu-aberto-em-barretos\",\"name\":\"Prefeitura faz limpeza de lix\u00e3o a c\u00e9u aberto em Barretos - Ribeir\u00e3o Preto e Regi\u00e3o\",\"isPartOf\":{\"@id\":\"https:\\\/\\\/redenoticiaz.com.br\\\/ribeiraopreto-regiao\\\/#website\"},\"primaryImageOfPage\":{\"@id\":\"https:\\\/\\\/redenoticiaz.com.br\\\/ribeiraopreto-regiao\\\/sp\\\/2022\\\/05\\\/02\\\/prefeitura-faz-limpeza-de-lixao-a-ceu-aberto-em-barretos#primaryimage\"},\"image\":{\"@id\":\"https:\\\/\\\/redenoticiaz.com.br\\\/ribeiraopreto-regiao\\\/sp\\\/2022\\\/05\\\/02\\\/prefeitura-faz-limpeza-de-lixao-a-ceu-aberto-em-barretos#primaryimage\"},\"thumbnailUrl\":\"https:\\\/\\\/redenoticiaz.com.br\\\/ribeiraopreto-regiao\\\/wp-content\\\/uploads\\\/sites\\\/4\\\/2022\\\/05\\\/captura-de-tela-112.png\",\"datePublished\":\"2022-05-02T19:09:33+00:00\",\"dateModified\":\"2022-05-02T19:10:08+00:00\",\"description\":\"Indiv\u00edduos estavam jogando lixo de maneira ilegal, logo na entrada da cidade, na Avenida Fraternidade Paulista. No entanto, uma empresa fez a limpeza no local.\u00a0\",\"inLanguage\":\"pt-BR\",\"potentialAction\":[{\"@type\":\"ReadAction\",\"target\":[\"https:\\\/\\\/redenoticiaz.com.br\\\/ribeiraopreto-regiao\\\/sp\\\/2022\\\/05\\\/02\\\/prefeitura-faz-limpeza-de-lixao-a-ceu-aberto-em-barretos\"]}]},{\"@type\":\"ImageObject\",\"inLanguage\":\"pt-BR\",\"@id\":\"https:\\\/\\\/redenoticiaz.com.br\\\/ribeiraopreto-regiao\\\/sp\\\/2022\\\/05\\\/02\\\/prefeitura-faz-limpeza-de-lixao-a-ceu-aberto-em-barretos#primaryimage\",\"url\":\"https:\\\/\\\/redenoticiaz.com.br\\\/ribeiraopreto-regiao\\\/wp-content\\\/uploads\\\/sites\\\/4\\\/2022\\\/05\\\/captura-de-tela-112.png\",\"contentUrl\":\"https:\\\/\\\/redenoticiaz.com.br\\\/ribeiraopreto-regiao\\\/wp-content\\\/uploads\\\/sites\\\/4\\\/2022\\\/05\\\/captura-de-tela-112.png\",\"width\":890,\"height\":488,\"caption\":\"Lix\u00e3o a c\u00e9u aberto. Cr\u00e9dito: Reprodu\u00e7\u00e3o\"},{\"@type\":\"WebSite\",\"@id\":\"https:\\\/\\\/redenoticiaz.com.br\\\/ribeiraopreto-regiao\\\/#website\",\"url\":\"https:\\\/\\\/redenoticiaz.com.br\\\/ribeiraopreto-regiao\\\/\",\"name\":\"Ribeir\u00e3o Preto e Regi\u00e3o\",\"description\":\"Rede NoticiaZ - Ribeir\u00e3o Preto e regi\u00e3o\",\"publisher\":{\"@id\":\"https:\\\/\\\/redenoticiaz.com.br\\\/ribeiraopreto-regiao\\\/#organization\"},\"potentialAction\":[{\"@type\":\"SearchAction\",\"target\":{\"@type\":\"EntryPoint\",\"urlTemplate\":\"https:\\\/\\\/redenoticiaz.com.br\\\/ribeiraopreto-regiao\\\/?s={search_term_string}\"},\"query-input\":{\"@type\":\"PropertyValueSpecification\",\"valueRequired\":true,\"valueName\":\"search_term_string\"}}],\"inLanguage\":\"pt-BR\"},{\"@type\":\"Organization\",\"@id\":\"https:\\\/\\\/redenoticiaz.com.br\\\/ribeiraopreto-regiao\\\/#organization\",\"name\":\"Ribeir\u00e3o Preto e Regi\u00e3o\",\"url\":\"https:\\\/\\\/redenoticiaz.com.br\\\/ribeiraopreto-regiao\\\/\",\"logo\":{\"@type\":\"ImageObject\",\"inLanguage\":\"pt-BR\",\"@id\":\"https:\\\/\\\/redenoticiaz.com.br\\\/ribeiraopreto-regiao\\\/#\\\/schema\\\/logo\\\/image\\\/\",\"url\":\"https:\\\/\\\/redenoticiaz.com.br\\\/barretos-regiao\\\/wp-content\\\/uploads\\\/sites\\\/4\\\/2022\\\/02\\\/logo.jpg\",\"contentUrl\":\"https:\\\/\\\/redenoticiaz.com.br\\\/barretos-regiao\\\/wp-content\\\/uploads\\\/sites\\\/4\\\/2022\\\/02\\\/logo.jpg\",\"width\":400,\"height\":250,\"caption\":\"Ribeir\u00e3o Preto e Regi\u00e3o\"},\"image\":{\"@id\":\"https:\\\/\\\/redenoticiaz.com.br\\\/ribeiraopreto-regiao\\\/#\\\/schema\\\/logo\\\/image\\\/\"},\"sameAs\":[\"https:\\\/\\\/m.facebook.com\\\/redenoticiaz.barretos\",\"https:\\\/\\\/x.com\\\/RN_barretos\",\"https:\\\/\\\/www.instagram.com\\\/redenoticiaz.barretos\\\/?igshid=YmMyMTA2M2Y\",\"https:\\\/\\\/www.linkedin.com\\\/company\\\/rede-noticiaz-barretos-e-regio\\\/\"]},{\"@type\":\"Person\",\"@id\":\"\",\"url\":\"https:\\\/\\\/redenoticiaz.com.br\\\/ribeiraopreto-regiao\\\/sp\\\/author\"}]}<\/script>\n<!-- \/ Yoast SEO plugin. -->","yoast_head_json":{"title":"Prefeitura faz limpeza de lix\u00e3o a c\u00e9u aberto em Barretos - Ribeir\u00e3o Preto e Regi\u00e3o","description":"Indiv\u00edduos estavam jogando lixo de maneira ilegal, logo na entrada da cidade, na Avenida Fraternidade Paulista. No entanto, uma empresa fez a limpeza no local.\u00a0","robots":{"index":"index","follow":"follow","max-snippet":"max-snippet:-1","max-image-preview":"max-image-preview:large","max-video-preview":"max-video-preview:-1"},"canonical":"https:\/\/redenoticiaz.com.br\/ribeiraopreto-regiao\/sp\/2022\/05\/02\/prefeitura-faz-limpeza-de-lixao-a-ceu-aberto-em-barretos","og_locale":"pt_BR","og_type":"article","og_title":"Prefeitura faz limpeza de lix\u00e3o a c\u00e9u aberto em Barretos - Ribeir\u00e3o Preto e Regi\u00e3o","og_description":"Indiv\u00edduos estavam jogando lixo de maneira ilegal, logo na entrada da cidade, na Avenida Fraternidade Paulista. No entanto, uma empresa fez a limpeza no local.\u00a0","og_url":"https:\/\/redenoticiaz.com.br\/ribeiraopreto-regiao\/sp\/2022\/05\/02\/prefeitura-faz-limpeza-de-lixao-a-ceu-aberto-em-barretos","og_site_name":"Ribeir\u00e3o Preto e Regi\u00e3o","article_publisher":"https:\/\/m.facebook.com\/redenoticiaz.barretos","article_published_time":"2022-05-02T19:09:33+00:00","article_modified_time":"2022-05-02T19:10:08+00:00","og_image":[{"width":890,"height":488,"url":"https:\/\/redenoticiaz.com.br\/ribeiraopreto-regiao\/wp-content\/uploads\/sites\/4\/2022\/05\/captura-de-tela-112.png","type":"image\/png"}],"twitter_card":"summary_large_image","twitter_creator":"@RN_barretos","twitter_site":"@RN_barretos","twitter_misc":{"Escrito por":"","Est. tempo de leitura":"1 minuto"},"schema":{"@context":"https:\/\/schema.org","@graph":[{"@type":"Article","@id":"https:\/\/redenoticiaz.com.br\/ribeiraopreto-regiao\/sp\/2022\/05\/02\/prefeitura-faz-limpeza-de-lixao-a-ceu-aberto-em-barretos#article","isPartOf":{"@id":"https:\/\/redenoticiaz.com.br\/ribeiraopreto-regiao\/sp\/2022\/05\/02\/prefeitura-faz-limpeza-de-lixao-a-ceu-aberto-em-barretos"},"author":{"name":"","@id":""},"headline":"Prefeitura faz limpeza de lix\u00e3o a c\u00e9u aberto em Barretos","datePublished":"2022-05-02T19:09:33+00:00","dateModified":"2022-05-02T19:10:08+00:00","mainEntityOfPage":{"@id":"https:\/\/redenoticiaz.com.br\/ribeiraopreto-regiao\/sp\/2022\/05\/02\/prefeitura-faz-limpeza-de-lixao-a-ceu-aberto-em-barretos"},"wordCount":168,"commentCount":0,"publisher":{"@id":"https:\/\/redenoticiaz.com.br\/ribeiraopreto-regiao\/#organization"},"image":{"@id":"https:\/\/redenoticiaz.com.br\/ribeiraopreto-regiao\/sp\/2022\/05\/02\/prefeitura-faz-limpeza-de-lixao-a-ceu-aberto-em-barretos#primaryimage"},"thumbnailUrl":"https:\/\/redenoticiaz.com.br\/ribeiraopreto-regiao\/wp-content\/uploads\/sites\/4\/2022\/05\/captura-de-tela-112.png","keywords":["BARRETOS","ESVAVADEIRA","LIX\u00c3O A C\u00c9U ABERTO"],"articleSection":["Meio Ambiente"],"inLanguage":"pt-BR","potentialAction":[{"@type":"CommentAction","name":"Comment","target":["https:\/\/redenoticiaz.com.br\/ribeiraopreto-regiao\/sp\/2022\/05\/02\/prefeitura-faz-limpeza-de-lixao-a-ceu-aberto-em-barretos#respond"]}]},{"@type":"WebPage","@id":"https:\/\/redenoticiaz.com.br\/ribeiraopreto-regiao\/sp\/2022\/05\/02\/prefeitura-faz-limpeza-de-lixao-a-ceu-aberto-em-barretos","url":"https:\/\/redenoticiaz.com.br\/ribeiraopreto-regiao\/sp\/2022\/05\/02\/prefeitura-faz-limpeza-de-lixao-a-ceu-aberto-em-barretos","name":"Prefeitura faz limpeza de lix\u00e3o a c\u00e9u aberto em Barretos - Ribeir\u00e3o Preto e Regi\u00e3o","isPartOf":{"@id":"https:\/\/redenoticiaz.com.br\/ribeiraopreto-regiao\/#website"},"primaryImageOfPage":{"@id":"https:\/\/redenoticiaz.com.br\/ribeiraopreto-regiao\/sp\/2022\/05\/02\/prefeitura-faz-limpeza-de-lixao-a-ceu-aberto-em-barretos#primaryimage"},"image":{"@id":"https:\/\/redenoticiaz.com.br\/ribeiraopreto-regiao\/sp\/2022\/05\/02\/prefeitura-faz-limpeza-de-lixao-a-ceu-aberto-em-barretos#primaryimage"},"thumbnailUrl":"https:\/\/redenoticiaz.com.br\/ribeiraopreto-regiao\/wp-content\/uploads\/sites\/4\/2022\/05\/captura-de-tela-112.png","datePublished":"2022-05-02T19:09:33+00:00","dateModified":"2022-05-02T19:10:08+00:00","description":"Indiv\u00edduos estavam jogando lixo de maneira ilegal, logo na entrada da cidade, na Avenida Fraternidade Paulista. No entanto, uma empresa fez a limpeza no local.\u00a0","inLanguage":"pt-BR","potentialAction":[{"@type":"ReadAction","target":["https:\/\/redenoticiaz.com.br\/ribeiraopreto-regiao\/sp\/2022\/05\/02\/prefeitura-faz-limpeza-de-lixao-a-ceu-aberto-em-barretos"]}]},{"@type":"ImageObject","inLanguage":"pt-BR","@id":"https:\/\/redenoticiaz.com.br\/ribeiraopreto-regiao\/sp\/2022\/05\/02\/prefeitura-faz-limpeza-de-lixao-a-ceu-aberto-em-barretos#primaryimage","url":"https:\/\/redenoticiaz.com.br\/ribeiraopreto-regiao\/wp-content\/uploads\/sites\/4\/2022\/05\/captura-de-tela-112.png","contentUrl":"https:\/\/redenoticiaz.com.br\/ribeiraopreto-regiao\/wp-content\/uploads\/sites\/4\/2022\/05\/captura-de-tela-112.png","width":890,"height":488,"caption":"Lix\u00e3o a c\u00e9u aberto. Cr\u00e9dito: Reprodu\u00e7\u00e3o"},{"@type":"WebSite","@id":"https:\/\/redenoticiaz.com.br\/ribeiraopreto-regiao\/#website","url":"https:\/\/redenoticiaz.com.br\/ribeiraopreto-regiao\/","name":"Ribeir\u00e3o Preto e Regi\u00e3o","description":"Rede NoticiaZ - Ribeir\u00e3o Preto e regi\u00e3o","publisher":{"@id":"https:\/\/redenoticiaz.com.br\/ribeiraopreto-regiao\/#organization"},"potentialAction":[{"@type":"SearchAction","target":{"@type":"EntryPoint","urlTemplate":"https:\/\/redenoticiaz.com.br\/ribeiraopreto-regiao\/?s={search_term_string}"},"query-input":{"@type":"PropertyValueSpecification","valueRequired":true,"valueName":"search_term_string"}}],"inLanguage":"pt-BR"},{"@type":"Organization","@id":"https:\/\/redenoticiaz.com.br\/ribeiraopreto-regiao\/#organization","name":"Ribeir\u00e3o Preto e Regi\u00e3o","url":"https:\/\/redenoticiaz.com.br\/ribeiraopreto-regiao\/","logo":{"@type":"ImageObject","inLanguage":"pt-BR","@id":"https:\/\/redenoticiaz.com.br\/ribeiraopreto-regiao\/#\/schema\/logo\/image\/","url":"https:\/\/redenoticiaz.com.br\/barretos-regiao\/wp-content\/uploads\/sites\/4\/2022\/02\/logo.jpg","contentUrl":"https:\/\/redenoticiaz.com.br\/barretos-regiao\/wp-content\/uploads\/sites\/4\/2022\/02\/logo.jpg","width":400,"height":250,"caption":"Ribeir\u00e3o Preto e Regi\u00e3o"},"image":{"@id":"https:\/\/redenoticiaz.com.br\/ribeiraopreto-regiao\/#\/schema\/logo\/image\/"},"sameAs":["https:\/\/m.facebook.com\/redenoticiaz.barretos","https:\/\/x.com\/RN_barretos","https:\/\/www.instagram.com\/redenoticiaz.barretos\/?igshid=YmMyMTA2M2Y","https:\/\/www.linkedin.com\/company\/rede-noticiaz-barretos-e-regio\/"]},{"@type":"Person","@id":"","url":"https:\/\/redenoticiaz.com.br\/ribeiraopreto-regiao\/sp\/author"}]}},"_links":{"self":[{"href":"https:\/\/redenoticiaz.com.br\/ribeiraopreto-regiao\/wp-json\/wp\/v2\/posts\/3472","targetHints":{"allow":["GET"]}}],"collection":[{"href":"https:\/\/redenoticiaz.com.br\/ribeiraopreto-regiao\/wp-json\/wp\/v2\/posts"}],"about":[{"href":"https:\/\/redenoticiaz.com.br\/ribeiraopreto-regiao\/wp-json\/wp\/v2\/types\/post"}],"author":[{"embeddable":true,"href":"https:\/\/redenoticiaz.com.br\/ribeiraopreto-regiao\/wp-json\/wp\/v2\/users\/15"}],"replies":[{"embeddable":true,"href":"https:\/\/redenoticiaz.com.br\/ribeiraopreto-regiao\/wp-json\/wp\/v2\/comments?post=3472"}],"version-history":[{"count":1,"href":"https:\/\/redenoticiaz.com.br\/ribeiraopreto-regiao\/wp-json\/wp\/v2\/posts\/3472\/revisions"}],"predecessor-version":[{"id":3476,"href":"https:\/\/redenoticiaz.com.br\/ribeiraopreto-regiao\/wp-json\/wp\/v2\/posts\/3472\/revisions\/3476"}],"wp:featuredmedia":[{"embeddable":true,"href":"https:\/\/redenoticiaz.com.br\/ribeiraopreto-regiao\/wp-json\/wp\/v2\/media\/3475"}],"wp:attachment":[{"href":"https:\/\/redenoticiaz.com.br\/ribeiraopreto-regiao\/wp-json\/wp\/v2\/media?parent=3472"}],"wp:term":[{"taxonomy":"category","embeddable":true,"href":"https:\/\/redenoticiaz.com.br\/ribeiraopreto-regiao\/wp-json\/wp\/v2\/categories?post=3472"},{"taxonomy":"post_tag","embeddable":true,"href":"https:\/\/redenoticiaz.com.br\/ribeiraopreto-regiao\/wp-json\/wp\/v2\/tags?post=3472"}],"curies":[{"name":"wp","href":"https:\/\/api.w.org\/{rel}","templated":true}]}}