{"id":3522,"date":"2022-05-03T16:11:18","date_gmt":"2022-05-03T19:11:18","guid":{"rendered":"https:\/\/redenoticiaz.com.br\/barretos-regiao\/?p=3522"},"modified":"2022-05-03T16:17:22","modified_gmt":"2022-05-03T19:17:22","slug":"rapaz-e-preso-apos-roubar-loja-de-roupa-em-barretos","status":"publish","type":"post","link":"https:\/\/redenoticiaz.com.br\/ribeiraopreto-regiao\/sp\/2022\/05\/03\/rapaz-e-preso-apos-roubar-loja-de-roupa-em-barretos","title":{"rendered":"Rapaz \u00e9 preso ap\u00f3s roubar loja de roupa em Barretos"},"content":{"rendered":"<p>Em patrulhamento feito pelos policiais Militares, os cabos Roberta e Fermino, foram abordados por uma mulher de 50 anos que contou, ter notado a falta de duas bermudas na loja, ap\u00f3s a sa\u00edda de um indiv\u00edduo que estava observando a pe\u00e7a.<\/p>\n<p>Atrav\u00e9s das medidas cab\u00edveis, os policiais rondaram pr\u00f3ximo ao local e na Via Conselheiro Ant\u00f4nio Prado, rotat\u00f3ria com a Avenida Jo\u00e3o Cavalini. Eles avistaram um indiv\u00edduo de 29 anos com caracter\u00edsticas muito semelhantes \u00e0 descrita pela v\u00edtima. Atrav\u00e9s da abordagem, foi constatado que na sacola carregada pelo indiv\u00edduo, estavam \u00e0s duas permudas. No entanto, o rapaz disse que se necess\u00e1rio faria assim, o pagamento na loja. Contudo, confirmando que o indiv\u00edduo esteve no local.<\/p>\n<p>J\u00e1 na delegacia, foi dada voz de pris\u00e3o, por\u00e9m constatado que mesmo realizou um assalto ao supermercado, \u00a0tendo sido agredido por funcion\u00e1rios do local, estando com les\u00f5es aparentes.<\/p>\n<p>Ap\u00f3s validada uma fian\u00e7a no valor de R$1.300,00 e n\u00e3o sendo efetuada. O rapaz foi levado a cadeia na cidade de Colina.<\/p>\n<p>LEIA TAMB\u00c9M:\u00a0<a href=\"https:\/\/redenoticiaz.com.br\/barretos-regiao\/sp\/2022\/05\/03\/rapaz-e-preso-apos-roubar-loja-de-roupa-em-barretos\">Rapaz \u00e9 preso ap\u00f3s roubar loja de roupa em Barretos<\/a><\/p>\n","protected":false},"excerpt":{"rendered":"<p>Em patrulhamento feito pelos policiais Militares, os cabos Roberta e Fermino, foram abordados por uma mulher de 50 anos que contou, ter notado a falta de duas bermudas na loja, ap\u00f3s a sa\u00edda de um indiv\u00edduo que estava observando a pe\u00e7a. Atrav\u00e9s das medidas cab\u00edveis, os policiais rondaram pr\u00f3ximo ao local e na Via Conselheiro &hellip;<\/p>\n","protected":false},"author":15,"featured_media":3523,"comment_status":"open","ping_status":"closed","sticky":false,"template":"","format":"standard","meta":{"footnotes":""},"categories":[88],"tags":[64,1149,10137,3437],"class_list":["post-3522","post","type-post","status-publish","format-standard","has-post-thumbnail","hentry","category-policia","tag-barretos","tag-colina","tag-loja","tag-roubo"],"yoast_head":"<!-- This site is optimized with the Yoast SEO plugin v27.5 - https:\/\/yoast.com\/product\/yoast-seo-wordpress\/ -->\n<title>Rapaz \u00e9 preso ap\u00f3s roubar loja de roupa em Barretos - Ribeir\u00e3o Preto e Regi\u00e3o<\/title>\n<meta name=\"description\" content=\"Os Militares, os cabos Roberta e Fermino, foram abordados por uma mulher de 50 anos que contou, ter notado a falta de duas bermudas na loja.\" \/>\n<meta name=\"robots\" content=\"index, follow, max-snippet:-1, max-image-preview:large, max-video-preview:-1\" \/>\n<link rel=\"canonical\" href=\"https:\/\/redenoticiaz.com.br\/ribeiraopreto-regiao\/sp\/2022\/05\/03\/rapaz-e-preso-apos-roubar-loja-de-roupa-em-barretos\" \/>\n<meta property=\"og:locale\" content=\"pt_BR\" \/>\n<meta property=\"og:type\" content=\"article\" \/>\n<meta property=\"og:title\" content=\"Rapaz \u00e9 preso ap\u00f3s roubar loja de roupa em Barretos - Ribeir\u00e3o Preto e Regi\u00e3o\" \/>\n<meta property=\"og:description\" content=\"Os Militares, os cabos Roberta e Fermino, foram abordados por uma mulher de 50 anos que contou, ter notado a falta de duas bermudas na loja.\" \/>\n<meta property=\"og:url\" content=\"https:\/\/redenoticiaz.com.br\/ribeiraopreto-regiao\/sp\/2022\/05\/03\/rapaz-e-preso-apos-roubar-loja-de-roupa-em-barretos\" \/>\n<meta property=\"og:site_name\" content=\"Ribeir\u00e3o Preto e Regi\u00e3o\" \/>\n<meta property=\"article:publisher\" content=\"https:\/\/m.facebook.com\/redenoticiaz.barretos\" \/>\n<meta property=\"article:published_time\" content=\"2022-05-03T19:11:18+00:00\" \/>\n<meta property=\"article:modified_time\" content=\"2022-05-03T19:17:22+00:00\" \/>\n<meta property=\"og:image\" content=\"https:\/\/redenoticiaz.com.br\/ribeiraopreto-regiao\/wp-content\/uploads\/sites\/4\/2022\/05\/police-officer-puts-handcuffs-on-a-car-thief-2021-08-26-16-26-45-utc-1.jpg\" \/>\n\t<meta property=\"og:image:width\" content=\"1618\" \/>\n\t<meta property=\"og:image:height\" content=\"1080\" \/>\n\t<meta property=\"og:image:type\" content=\"image\/jpeg\" \/>\n<meta name=\"twitter:card\" content=\"summary_large_image\" \/>\n<meta name=\"twitter:creator\" content=\"@RN_barretos\" \/>\n<meta name=\"twitter:site\" content=\"@RN_barretos\" \/>\n<meta name=\"twitter:label1\" content=\"Escrito por\" \/>\n\t<meta name=\"twitter:data1\" content=\"\" \/>\n\t<meta name=\"twitter:label2\" content=\"Est. tempo de leitura\" \/>\n\t<meta name=\"twitter:data2\" content=\"1 minuto\" \/>\n<script type=\"application\/ld+json\" class=\"yoast-schema-graph\">{\"@context\":\"https:\\\/\\\/schema.org\",\"@graph\":[{\"@type\":\"Article\",\"@id\":\"https:\\\/\\\/redenoticiaz.com.br\\\/ribeiraopreto-regiao\\\/sp\\\/2022\\\/05\\\/03\\\/rapaz-e-preso-apos-roubar-loja-de-roupa-em-barretos#article\",\"isPartOf\":{\"@id\":\"https:\\\/\\\/redenoticiaz.com.br\\\/ribeiraopreto-regiao\\\/sp\\\/2022\\\/05\\\/03\\\/rapaz-e-preso-apos-roubar-loja-de-roupa-em-barretos\"},\"author\":{\"name\":\"\",\"@id\":\"\"},\"headline\":\"Rapaz \u00e9 preso ap\u00f3s roubar loja de roupa em Barretos\",\"datePublished\":\"2022-05-03T19:11:18+00:00\",\"dateModified\":\"2022-05-03T19:17:22+00:00\",\"mainEntityOfPage\":{\"@id\":\"https:\\\/\\\/redenoticiaz.com.br\\\/ribeiraopreto-regiao\\\/sp\\\/2022\\\/05\\\/03\\\/rapaz-e-preso-apos-roubar-loja-de-roupa-em-barretos\"},\"wordCount\":209,\"commentCount\":0,\"publisher\":{\"@id\":\"https:\\\/\\\/redenoticiaz.com.br\\\/ribeiraopreto-regiao\\\/#organization\"},\"image\":{\"@id\":\"https:\\\/\\\/redenoticiaz.com.br\\\/ribeiraopreto-regiao\\\/sp\\\/2022\\\/05\\\/03\\\/rapaz-e-preso-apos-roubar-loja-de-roupa-em-barretos#primaryimage\"},\"thumbnailUrl\":\"https:\\\/\\\/redenoticiaz.com.br\\\/ribeiraopreto-regiao\\\/wp-content\\\/uploads\\\/sites\\\/4\\\/2022\\\/05\\\/police-officer-puts-handcuffs-on-a-car-thief-2021-08-26-16-26-45-utc-1.jpg\",\"keywords\":[\"BARRETOS\",\"colina\",\"LOJA\",\"roubo\"],\"articleSection\":[\"Pol\u00edcia\"],\"inLanguage\":\"pt-BR\",\"potentialAction\":[{\"@type\":\"CommentAction\",\"name\":\"Comment\",\"target\":[\"https:\\\/\\\/redenoticiaz.com.br\\\/ribeiraopreto-regiao\\\/sp\\\/2022\\\/05\\\/03\\\/rapaz-e-preso-apos-roubar-loja-de-roupa-em-barretos#respond\"]}]},{\"@type\":\"WebPage\",\"@id\":\"https:\\\/\\\/redenoticiaz.com.br\\\/ribeiraopreto-regiao\\\/sp\\\/2022\\\/05\\\/03\\\/rapaz-e-preso-apos-roubar-loja-de-roupa-em-barretos\",\"url\":\"https:\\\/\\\/redenoticiaz.com.br\\\/ribeiraopreto-regiao\\\/sp\\\/2022\\\/05\\\/03\\\/rapaz-e-preso-apos-roubar-loja-de-roupa-em-barretos\",\"name\":\"Rapaz \u00e9 preso ap\u00f3s roubar loja de roupa em Barretos - Ribeir\u00e3o Preto e Regi\u00e3o\",\"isPartOf\":{\"@id\":\"https:\\\/\\\/redenoticiaz.com.br\\\/ribeiraopreto-regiao\\\/#website\"},\"primaryImageOfPage\":{\"@id\":\"https:\\\/\\\/redenoticiaz.com.br\\\/ribeiraopreto-regiao\\\/sp\\\/2022\\\/05\\\/03\\\/rapaz-e-preso-apos-roubar-loja-de-roupa-em-barretos#primaryimage\"},\"image\":{\"@id\":\"https:\\\/\\\/redenoticiaz.com.br\\\/ribeiraopreto-regiao\\\/sp\\\/2022\\\/05\\\/03\\\/rapaz-e-preso-apos-roubar-loja-de-roupa-em-barretos#primaryimage\"},\"thumbnailUrl\":\"https:\\\/\\\/redenoticiaz.com.br\\\/ribeiraopreto-regiao\\\/wp-content\\\/uploads\\\/sites\\\/4\\\/2022\\\/05\\\/police-officer-puts-handcuffs-on-a-car-thief-2021-08-26-16-26-45-utc-1.jpg\",\"datePublished\":\"2022-05-03T19:11:18+00:00\",\"dateModified\":\"2022-05-03T19:17:22+00:00\",\"description\":\"Os Militares, os cabos Roberta e Fermino, foram abordados por uma mulher de 50 anos que contou, ter notado a falta de duas bermudas na loja.\",\"inLanguage\":\"pt-BR\",\"potentialAction\":[{\"@type\":\"ReadAction\",\"target\":[\"https:\\\/\\\/redenoticiaz.com.br\\\/ribeiraopreto-regiao\\\/sp\\\/2022\\\/05\\\/03\\\/rapaz-e-preso-apos-roubar-loja-de-roupa-em-barretos\"]}]},{\"@type\":\"ImageObject\",\"inLanguage\":\"pt-BR\",\"@id\":\"https:\\\/\\\/redenoticiaz.com.br\\\/ribeiraopreto-regiao\\\/sp\\\/2022\\\/05\\\/03\\\/rapaz-e-preso-apos-roubar-loja-de-roupa-em-barretos#primaryimage\",\"url\":\"https:\\\/\\\/redenoticiaz.com.br\\\/ribeiraopreto-regiao\\\/wp-content\\\/uploads\\\/sites\\\/4\\\/2022\\\/05\\\/police-officer-puts-handcuffs-on-a-car-thief-2021-08-26-16-26-45-utc-1.jpg\",\"contentUrl\":\"https:\\\/\\\/redenoticiaz.com.br\\\/ribeiraopreto-regiao\\\/wp-content\\\/uploads\\\/sites\\\/4\\\/2022\\\/05\\\/police-officer-puts-handcuffs-on-a-car-thief-2021-08-26-16-26-45-utc-1.jpg\",\"width\":1618,\"height\":1080,\"caption\":\"Rapaz \u00e9 preso por roubo em loja de roupa. Cr\u00e9dito: Reprodu\u00e7\u00e3o\"},{\"@type\":\"WebSite\",\"@id\":\"https:\\\/\\\/redenoticiaz.com.br\\\/ribeiraopreto-regiao\\\/#website\",\"url\":\"https:\\\/\\\/redenoticiaz.com.br\\\/ribeiraopreto-regiao\\\/\",\"name\":\"Ribeir\u00e3o Preto e Regi\u00e3o\",\"description\":\"Rede NoticiaZ - Ribeir\u00e3o Preto e regi\u00e3o\",\"publisher\":{\"@id\":\"https:\\\/\\\/redenoticiaz.com.br\\\/ribeiraopreto-regiao\\\/#organization\"},\"potentialAction\":[{\"@type\":\"SearchAction\",\"target\":{\"@type\":\"EntryPoint\",\"urlTemplate\":\"https:\\\/\\\/redenoticiaz.com.br\\\/ribeiraopreto-regiao\\\/?s={search_term_string}\"},\"query-input\":{\"@type\":\"PropertyValueSpecification\",\"valueRequired\":true,\"valueName\":\"search_term_string\"}}],\"inLanguage\":\"pt-BR\"},{\"@type\":\"Organization\",\"@id\":\"https:\\\/\\\/redenoticiaz.com.br\\\/ribeiraopreto-regiao\\\/#organization\",\"name\":\"Ribeir\u00e3o Preto e Regi\u00e3o\",\"url\":\"https:\\\/\\\/redenoticiaz.com.br\\\/ribeiraopreto-regiao\\\/\",\"logo\":{\"@type\":\"ImageObject\",\"inLanguage\":\"pt-BR\",\"@id\":\"https:\\\/\\\/redenoticiaz.com.br\\\/ribeiraopreto-regiao\\\/#\\\/schema\\\/logo\\\/image\\\/\",\"url\":\"https:\\\/\\\/redenoticiaz.com.br\\\/barretos-regiao\\\/wp-content\\\/uploads\\\/sites\\\/4\\\/2022\\\/02\\\/logo.jpg\",\"contentUrl\":\"https:\\\/\\\/redenoticiaz.com.br\\\/barretos-regiao\\\/wp-content\\\/uploads\\\/sites\\\/4\\\/2022\\\/02\\\/logo.jpg\",\"width\":400,\"height\":250,\"caption\":\"Ribeir\u00e3o Preto e Regi\u00e3o\"},\"image\":{\"@id\":\"https:\\\/\\\/redenoticiaz.com.br\\\/ribeiraopreto-regiao\\\/#\\\/schema\\\/logo\\\/image\\\/\"},\"sameAs\":[\"https:\\\/\\\/m.facebook.com\\\/redenoticiaz.barretos\",\"https:\\\/\\\/x.com\\\/RN_barretos\",\"https:\\\/\\\/www.instagram.com\\\/redenoticiaz.barretos\\\/?igshid=YmMyMTA2M2Y\",\"https:\\\/\\\/www.linkedin.com\\\/company\\\/rede-noticiaz-barretos-e-regio\\\/\"]},{\"@type\":\"Person\",\"@id\":\"\",\"url\":\"https:\\\/\\\/redenoticiaz.com.br\\\/ribeiraopreto-regiao\\\/sp\\\/author\"}]}<\/script>\n<!-- \/ Yoast SEO plugin. -->","yoast_head_json":{"title":"Rapaz \u00e9 preso ap\u00f3s roubar loja de roupa em Barretos - Ribeir\u00e3o Preto e Regi\u00e3o","description":"Os Militares, os cabos Roberta e Fermino, foram abordados por uma mulher de 50 anos que contou, ter notado a falta de duas bermudas na loja.","robots":{"index":"index","follow":"follow","max-snippet":"max-snippet:-1","max-image-preview":"max-image-preview:large","max-video-preview":"max-video-preview:-1"},"canonical":"https:\/\/redenoticiaz.com.br\/ribeiraopreto-regiao\/sp\/2022\/05\/03\/rapaz-e-preso-apos-roubar-loja-de-roupa-em-barretos","og_locale":"pt_BR","og_type":"article","og_title":"Rapaz \u00e9 preso ap\u00f3s roubar loja de roupa em Barretos - Ribeir\u00e3o Preto e Regi\u00e3o","og_description":"Os Militares, os cabos Roberta e Fermino, foram abordados por uma mulher de 50 anos que contou, ter notado a falta de duas bermudas na loja.","og_url":"https:\/\/redenoticiaz.com.br\/ribeiraopreto-regiao\/sp\/2022\/05\/03\/rapaz-e-preso-apos-roubar-loja-de-roupa-em-barretos","og_site_name":"Ribeir\u00e3o Preto e Regi\u00e3o","article_publisher":"https:\/\/m.facebook.com\/redenoticiaz.barretos","article_published_time":"2022-05-03T19:11:18+00:00","article_modified_time":"2022-05-03T19:17:22+00:00","og_image":[{"width":1618,"height":1080,"url":"https:\/\/redenoticiaz.com.br\/ribeiraopreto-regiao\/wp-content\/uploads\/sites\/4\/2022\/05\/police-officer-puts-handcuffs-on-a-car-thief-2021-08-26-16-26-45-utc-1.jpg","type":"image\/jpeg"}],"twitter_card":"summary_large_image","twitter_creator":"@RN_barretos","twitter_site":"@RN_barretos","twitter_misc":{"Escrito por":"","Est. tempo de leitura":"1 minuto"},"schema":{"@context":"https:\/\/schema.org","@graph":[{"@type":"Article","@id":"https:\/\/redenoticiaz.com.br\/ribeiraopreto-regiao\/sp\/2022\/05\/03\/rapaz-e-preso-apos-roubar-loja-de-roupa-em-barretos#article","isPartOf":{"@id":"https:\/\/redenoticiaz.com.br\/ribeiraopreto-regiao\/sp\/2022\/05\/03\/rapaz-e-preso-apos-roubar-loja-de-roupa-em-barretos"},"author":{"name":"","@id":""},"headline":"Rapaz \u00e9 preso ap\u00f3s roubar loja de roupa em Barretos","datePublished":"2022-05-03T19:11:18+00:00","dateModified":"2022-05-03T19:17:22+00:00","mainEntityOfPage":{"@id":"https:\/\/redenoticiaz.com.br\/ribeiraopreto-regiao\/sp\/2022\/05\/03\/rapaz-e-preso-apos-roubar-loja-de-roupa-em-barretos"},"wordCount":209,"commentCount":0,"publisher":{"@id":"https:\/\/redenoticiaz.com.br\/ribeiraopreto-regiao\/#organization"},"image":{"@id":"https:\/\/redenoticiaz.com.br\/ribeiraopreto-regiao\/sp\/2022\/05\/03\/rapaz-e-preso-apos-roubar-loja-de-roupa-em-barretos#primaryimage"},"thumbnailUrl":"https:\/\/redenoticiaz.com.br\/ribeiraopreto-regiao\/wp-content\/uploads\/sites\/4\/2022\/05\/police-officer-puts-handcuffs-on-a-car-thief-2021-08-26-16-26-45-utc-1.jpg","keywords":["BARRETOS","colina","LOJA","roubo"],"articleSection":["Pol\u00edcia"],"inLanguage":"pt-BR","potentialAction":[{"@type":"CommentAction","name":"Comment","target":["https:\/\/redenoticiaz.com.br\/ribeiraopreto-regiao\/sp\/2022\/05\/03\/rapaz-e-preso-apos-roubar-loja-de-roupa-em-barretos#respond"]}]},{"@type":"WebPage","@id":"https:\/\/redenoticiaz.com.br\/ribeiraopreto-regiao\/sp\/2022\/05\/03\/rapaz-e-preso-apos-roubar-loja-de-roupa-em-barretos","url":"https:\/\/redenoticiaz.com.br\/ribeiraopreto-regiao\/sp\/2022\/05\/03\/rapaz-e-preso-apos-roubar-loja-de-roupa-em-barretos","name":"Rapaz \u00e9 preso ap\u00f3s roubar loja de roupa em Barretos - Ribeir\u00e3o Preto e Regi\u00e3o","isPartOf":{"@id":"https:\/\/redenoticiaz.com.br\/ribeiraopreto-regiao\/#website"},"primaryImageOfPage":{"@id":"https:\/\/redenoticiaz.com.br\/ribeiraopreto-regiao\/sp\/2022\/05\/03\/rapaz-e-preso-apos-roubar-loja-de-roupa-em-barretos#primaryimage"},"image":{"@id":"https:\/\/redenoticiaz.com.br\/ribeiraopreto-regiao\/sp\/2022\/05\/03\/rapaz-e-preso-apos-roubar-loja-de-roupa-em-barretos#primaryimage"},"thumbnailUrl":"https:\/\/redenoticiaz.com.br\/ribeiraopreto-regiao\/wp-content\/uploads\/sites\/4\/2022\/05\/police-officer-puts-handcuffs-on-a-car-thief-2021-08-26-16-26-45-utc-1.jpg","datePublished":"2022-05-03T19:11:18+00:00","dateModified":"2022-05-03T19:17:22+00:00","description":"Os Militares, os cabos Roberta e Fermino, foram abordados por uma mulher de 50 anos que contou, ter notado a falta de duas bermudas na loja.","inLanguage":"pt-BR","potentialAction":[{"@type":"ReadAction","target":["https:\/\/redenoticiaz.com.br\/ribeiraopreto-regiao\/sp\/2022\/05\/03\/rapaz-e-preso-apos-roubar-loja-de-roupa-em-barretos"]}]},{"@type":"ImageObject","inLanguage":"pt-BR","@id":"https:\/\/redenoticiaz.com.br\/ribeiraopreto-regiao\/sp\/2022\/05\/03\/rapaz-e-preso-apos-roubar-loja-de-roupa-em-barretos#primaryimage","url":"https:\/\/redenoticiaz.com.br\/ribeiraopreto-regiao\/wp-content\/uploads\/sites\/4\/2022\/05\/police-officer-puts-handcuffs-on-a-car-thief-2021-08-26-16-26-45-utc-1.jpg","contentUrl":"https:\/\/redenoticiaz.com.br\/ribeiraopreto-regiao\/wp-content\/uploads\/sites\/4\/2022\/05\/police-officer-puts-handcuffs-on-a-car-thief-2021-08-26-16-26-45-utc-1.jpg","width":1618,"height":1080,"caption":"Rapaz \u00e9 preso por roubo em loja de roupa. Cr\u00e9dito: Reprodu\u00e7\u00e3o"},{"@type":"WebSite","@id":"https:\/\/redenoticiaz.com.br\/ribeiraopreto-regiao\/#website","url":"https:\/\/redenoticiaz.com.br\/ribeiraopreto-regiao\/","name":"Ribeir\u00e3o Preto e Regi\u00e3o","description":"Rede NoticiaZ - Ribeir\u00e3o Preto e regi\u00e3o","publisher":{"@id":"https:\/\/redenoticiaz.com.br\/ribeiraopreto-regiao\/#organization"},"potentialAction":[{"@type":"SearchAction","target":{"@type":"EntryPoint","urlTemplate":"https:\/\/redenoticiaz.com.br\/ribeiraopreto-regiao\/?s={search_term_string}"},"query-input":{"@type":"PropertyValueSpecification","valueRequired":true,"valueName":"search_term_string"}}],"inLanguage":"pt-BR"},{"@type":"Organization","@id":"https:\/\/redenoticiaz.com.br\/ribeiraopreto-regiao\/#organization","name":"Ribeir\u00e3o Preto e Regi\u00e3o","url":"https:\/\/redenoticiaz.com.br\/ribeiraopreto-regiao\/","logo":{"@type":"ImageObject","inLanguage":"pt-BR","@id":"https:\/\/redenoticiaz.com.br\/ribeiraopreto-regiao\/#\/schema\/logo\/image\/","url":"https:\/\/redenoticiaz.com.br\/barretos-regiao\/wp-content\/uploads\/sites\/4\/2022\/02\/logo.jpg","contentUrl":"https:\/\/redenoticiaz.com.br\/barretos-regiao\/wp-content\/uploads\/sites\/4\/2022\/02\/logo.jpg","width":400,"height":250,"caption":"Ribeir\u00e3o Preto e Regi\u00e3o"},"image":{"@id":"https:\/\/redenoticiaz.com.br\/ribeiraopreto-regiao\/#\/schema\/logo\/image\/"},"sameAs":["https:\/\/m.facebook.com\/redenoticiaz.barretos","https:\/\/x.com\/RN_barretos","https:\/\/www.instagram.com\/redenoticiaz.barretos\/?igshid=YmMyMTA2M2Y","https:\/\/www.linkedin.com\/company\/rede-noticiaz-barretos-e-regio\/"]},{"@type":"Person","@id":"","url":"https:\/\/redenoticiaz.com.br\/ribeiraopreto-regiao\/sp\/author"}]}},"_links":{"self":[{"href":"https:\/\/redenoticiaz.com.br\/ribeiraopreto-regiao\/wp-json\/wp\/v2\/posts\/3522","targetHints":{"allow":["GET"]}}],"collection":[{"href":"https:\/\/redenoticiaz.com.br\/ribeiraopreto-regiao\/wp-json\/wp\/v2\/posts"}],"about":[{"href":"https:\/\/redenoticiaz.com.br\/ribeiraopreto-regiao\/wp-json\/wp\/v2\/types\/post"}],"author":[{"embeddable":true,"href":"https:\/\/redenoticiaz.com.br\/ribeiraopreto-regiao\/wp-json\/wp\/v2\/users\/15"}],"replies":[{"embeddable":true,"href":"https:\/\/redenoticiaz.com.br\/ribeiraopreto-regiao\/wp-json\/wp\/v2\/comments?post=3522"}],"version-history":[{"count":2,"href":"https:\/\/redenoticiaz.com.br\/ribeiraopreto-regiao\/wp-json\/wp\/v2\/posts\/3522\/revisions"}],"predecessor-version":[{"id":3525,"href":"https:\/\/redenoticiaz.com.br\/ribeiraopreto-regiao\/wp-json\/wp\/v2\/posts\/3522\/revisions\/3525"}],"wp:featuredmedia":[{"embeddable":true,"href":"https:\/\/redenoticiaz.com.br\/ribeiraopreto-regiao\/wp-json\/wp\/v2\/media\/3523"}],"wp:attachment":[{"href":"https:\/\/redenoticiaz.com.br\/ribeiraopreto-regiao\/wp-json\/wp\/v2\/media?parent=3522"}],"wp:term":[{"taxonomy":"category","embeddable":true,"href":"https:\/\/redenoticiaz.com.br\/ribeiraopreto-regiao\/wp-json\/wp\/v2\/categories?post=3522"},{"taxonomy":"post_tag","embeddable":true,"href":"https:\/\/redenoticiaz.com.br\/ribeiraopreto-regiao\/wp-json\/wp\/v2\/tags?post=3522"}],"curies":[{"name":"wp","href":"https:\/\/api.w.org\/{rel}","templated":true}]}}