{"id":3571,"date":"2022-05-04T15:37:22","date_gmt":"2022-05-04T18:37:22","guid":{"rendered":"https:\/\/redenoticiaz.com.br\/barretos-regiao\/?p=3571"},"modified":"2022-05-04T15:37:22","modified_gmt":"2022-05-04T18:37:22","slug":"forca-tatica-prende-homem-por-trafico-de-drogas-e-furtos-na-cidade-de-barretos","status":"publish","type":"post","link":"https:\/\/redenoticiaz.com.br\/ribeiraopreto-regiao\/sp\/2022\/05\/04\/forca-tatica-prende-homem-por-trafico-de-drogas-e-furtos-na-cidade-de-barretos","title":{"rendered":"For\u00e7a T\u00e1tica prende homem por tr\u00e1fico de drogas e furtos na cidade de Barretos"},"content":{"rendered":"<p>Um homem conhecido como \u201cDedinho\u201d com cerca de 24 passagens pela pol\u00edcia. Sendo assim, j\u00e1 furtou casa de apoio para pessoas com tratamento de c\u00e2ncer entre uma s\u00e9rie de ocorr\u00eancia e passagem como tr\u00e1fico de drogas e furtos.<\/p>\n<p>Durante o patrulhamento pela avenida Abdo Daher, a equipe da For\u00e7a T\u00e1tica deparou com um indiv\u00edduo que estava caminhando por um lugar j\u00e1 conhecido como um ponto de tr\u00e1fico de drogas. O individuo por sua vez, ao avistar a pol\u00edcia tentou se esconder abaixando de um ve\u00edculo, dispensando uma sacola no mesmo local. O indiv\u00edduo, por\u00e9m foi abordado, contudo, na sacola havia 30 pinos de coca\u00edna e mais R$137,00 em notas. Al\u00e9m disso, foi constatado que ele estava envolvido com alguns furtos que estavam acontecendo na cidade.<\/p>\n<p>Questionado sobre o fato, ele confessou estar traficando, mas alegou, estar envolvido com tr\u00e1fico por estar passando necessidade e tamb\u00e9m para sustentar o v\u00edcio em drogas. No entanto, confessou tamb\u00e9m alguns furtos que ocorreu na cidade de Barretos, que subtraiu alguns objetos, mas os mesmo j\u00e1 haviam sido repassados a outros traficantes daquele bairro.<\/p>\n<p>Foi dado voz de pris\u00e3o ao indiv\u00edduo, que j\u00e1 teve mais de 20 passagens por furto e 1 de tr\u00e1fico de drogas.<\/p>\n<p>LEIA TAMB\u00c9M:\u00a0<a href=\"https:\/\/redenoticiaz.com.br\/barretos-regiao\/sp\/2022\/04\/28\/pm-prende-suspeito-de-trafico-de-drogas-em-olimpia\">PM prende suspeito de tr\u00e1fico de drogas em Ol\u00edmpia<\/a><\/p>\n","protected":false},"excerpt":{"rendered":"<p>Um homem conhecido como \u201cDedinho\u201d com cerca de 24 passagens pela pol\u00edcia. Sendo assim, j\u00e1 furtou casa de apoio para pessoas com tratamento de c\u00e2ncer entre uma s\u00e9rie de ocorr\u00eancia e passagem como tr\u00e1fico de drogas e furtos. Durante o patrulhamento pela avenida Abdo Daher, a equipe da For\u00e7a T\u00e1tica deparou com um indiv\u00edduo que &hellip;<\/p>\n","protected":false},"author":15,"featured_media":3572,"comment_status":"open","ping_status":"closed","sticky":false,"template":"","format":"standard","meta":{"footnotes":""},"categories":[88],"tags":[64,10499,14633,6674],"class_list":["post-3571","post","type-post","status-publish","format-standard","has-post-thumbnail","hentry","category-policia","tag-barretos","tag-forca-tatica","tag-furtos","tag-trafico-de-drogas"],"yoast_head":"<!-- This site is optimized with the Yoast SEO plugin v27.5 - https:\/\/yoast.com\/product\/yoast-seo-wordpress\/ -->\n<title>For\u00e7a T\u00e1tica prende homem por tr\u00e1fico de drogas e furtos na cidade de Barretos - Ribeir\u00e3o Preto e Regi\u00e3o<\/title>\n<meta name=\"description\" content=\"Um homem conhecido como &quot;Dedinho&quot; com cerca de 24 passagens pela pol\u00edcia. Sendo assim, j\u00e1 furtou casa de apoio para pessoas com tratamento de c\u00e2ncer...\" \/>\n<meta name=\"robots\" content=\"index, follow, max-snippet:-1, max-image-preview:large, max-video-preview:-1\" \/>\n<link rel=\"canonical\" href=\"https:\/\/redenoticiaz.com.br\/ribeiraopreto-regiao\/sp\/2022\/05\/04\/forca-tatica-prende-homem-por-trafico-de-drogas-e-furtos-na-cidade-de-barretos\" \/>\n<meta property=\"og:locale\" content=\"pt_BR\" \/>\n<meta property=\"og:type\" content=\"article\" \/>\n<meta property=\"og:title\" content=\"For\u00e7a T\u00e1tica prende homem por tr\u00e1fico de drogas e furtos na cidade de Barretos - Ribeir\u00e3o Preto e Regi\u00e3o\" \/>\n<meta property=\"og:description\" content=\"Um homem conhecido como &quot;Dedinho&quot; com cerca de 24 passagens pela pol\u00edcia. Sendo assim, j\u00e1 furtou casa de apoio para pessoas com tratamento de c\u00e2ncer...\" \/>\n<meta property=\"og:url\" content=\"https:\/\/redenoticiaz.com.br\/ribeiraopreto-regiao\/sp\/2022\/05\/04\/forca-tatica-prende-homem-por-trafico-de-drogas-e-furtos-na-cidade-de-barretos\" \/>\n<meta property=\"og:site_name\" content=\"Ribeir\u00e3o Preto e Regi\u00e3o\" \/>\n<meta property=\"article:publisher\" content=\"https:\/\/m.facebook.com\/redenoticiaz.barretos\" \/>\n<meta property=\"article:published_time\" content=\"2022-05-04T18:37:22+00:00\" \/>\n<meta property=\"og:image\" content=\"https:\/\/redenoticiaz.com.br\/ribeiraopreto-regiao\/wp-content\/uploads\/sites\/4\/2022\/05\/captura-de-tela-115.png\" \/>\n\t<meta property=\"og:image:width\" content=\"496\" \/>\n\t<meta property=\"og:image:height\" content=\"362\" \/>\n\t<meta property=\"og:image:type\" content=\"image\/png\" \/>\n<meta name=\"twitter:card\" content=\"summary_large_image\" \/>\n<meta name=\"twitter:creator\" content=\"@RN_barretos\" \/>\n<meta name=\"twitter:site\" content=\"@RN_barretos\" \/>\n<meta name=\"twitter:label1\" content=\"Escrito por\" \/>\n\t<meta name=\"twitter:data1\" content=\"\" \/>\n\t<meta name=\"twitter:label2\" content=\"Est. tempo de leitura\" \/>\n\t<meta name=\"twitter:data2\" content=\"1 minuto\" \/>\n<script type=\"application\/ld+json\" class=\"yoast-schema-graph\">{\"@context\":\"https:\\\/\\\/schema.org\",\"@graph\":[{\"@type\":\"Article\",\"@id\":\"https:\\\/\\\/redenoticiaz.com.br\\\/ribeiraopreto-regiao\\\/sp\\\/2022\\\/05\\\/04\\\/forca-tatica-prende-homem-por-trafico-de-drogas-e-furtos-na-cidade-de-barretos#article\",\"isPartOf\":{\"@id\":\"https:\\\/\\\/redenoticiaz.com.br\\\/ribeiraopreto-regiao\\\/sp\\\/2022\\\/05\\\/04\\\/forca-tatica-prende-homem-por-trafico-de-drogas-e-furtos-na-cidade-de-barretos\"},\"author\":{\"name\":\"\",\"@id\":\"\"},\"headline\":\"For\u00e7a T\u00e1tica prende homem por tr\u00e1fico de drogas e furtos na cidade de Barretos\",\"datePublished\":\"2022-05-04T18:37:22+00:00\",\"mainEntityOfPage\":{\"@id\":\"https:\\\/\\\/redenoticiaz.com.br\\\/ribeiraopreto-regiao\\\/sp\\\/2022\\\/05\\\/04\\\/forca-tatica-prende-homem-por-trafico-de-drogas-e-furtos-na-cidade-de-barretos\"},\"wordCount\":250,\"commentCount\":0,\"publisher\":{\"@id\":\"https:\\\/\\\/redenoticiaz.com.br\\\/ribeiraopreto-regiao\\\/#organization\"},\"image\":{\"@id\":\"https:\\\/\\\/redenoticiaz.com.br\\\/ribeiraopreto-regiao\\\/sp\\\/2022\\\/05\\\/04\\\/forca-tatica-prende-homem-por-trafico-de-drogas-e-furtos-na-cidade-de-barretos#primaryimage\"},\"thumbnailUrl\":\"https:\\\/\\\/redenoticiaz.com.br\\\/ribeiraopreto-regiao\\\/wp-content\\\/uploads\\\/sites\\\/4\\\/2022\\\/05\\\/captura-de-tela-115.png\",\"keywords\":[\"BARRETOS\",\"FOR\u00c7A T\u00c1TICA\",\"FURTOS\",\"TR\u00c1FICO DE DROGAS\"],\"articleSection\":[\"Pol\u00edcia\"],\"inLanguage\":\"pt-BR\",\"potentialAction\":[{\"@type\":\"CommentAction\",\"name\":\"Comment\",\"target\":[\"https:\\\/\\\/redenoticiaz.com.br\\\/ribeiraopreto-regiao\\\/sp\\\/2022\\\/05\\\/04\\\/forca-tatica-prende-homem-por-trafico-de-drogas-e-furtos-na-cidade-de-barretos#respond\"]}]},{\"@type\":\"WebPage\",\"@id\":\"https:\\\/\\\/redenoticiaz.com.br\\\/ribeiraopreto-regiao\\\/sp\\\/2022\\\/05\\\/04\\\/forca-tatica-prende-homem-por-trafico-de-drogas-e-furtos-na-cidade-de-barretos\",\"url\":\"https:\\\/\\\/redenoticiaz.com.br\\\/ribeiraopreto-regiao\\\/sp\\\/2022\\\/05\\\/04\\\/forca-tatica-prende-homem-por-trafico-de-drogas-e-furtos-na-cidade-de-barretos\",\"name\":\"For\u00e7a T\u00e1tica prende homem por tr\u00e1fico de drogas e furtos na cidade de Barretos - Ribeir\u00e3o Preto e Regi\u00e3o\",\"isPartOf\":{\"@id\":\"https:\\\/\\\/redenoticiaz.com.br\\\/ribeiraopreto-regiao\\\/#website\"},\"primaryImageOfPage\":{\"@id\":\"https:\\\/\\\/redenoticiaz.com.br\\\/ribeiraopreto-regiao\\\/sp\\\/2022\\\/05\\\/04\\\/forca-tatica-prende-homem-por-trafico-de-drogas-e-furtos-na-cidade-de-barretos#primaryimage\"},\"image\":{\"@id\":\"https:\\\/\\\/redenoticiaz.com.br\\\/ribeiraopreto-regiao\\\/sp\\\/2022\\\/05\\\/04\\\/forca-tatica-prende-homem-por-trafico-de-drogas-e-furtos-na-cidade-de-barretos#primaryimage\"},\"thumbnailUrl\":\"https:\\\/\\\/redenoticiaz.com.br\\\/ribeiraopreto-regiao\\\/wp-content\\\/uploads\\\/sites\\\/4\\\/2022\\\/05\\\/captura-de-tela-115.png\",\"datePublished\":\"2022-05-04T18:37:22+00:00\",\"description\":\"Um homem conhecido como \\\"Dedinho\\\" com cerca de 24 passagens pela pol\u00edcia. Sendo assim, j\u00e1 furtou casa de apoio para pessoas com tratamento de c\u00e2ncer...\",\"inLanguage\":\"pt-BR\",\"potentialAction\":[{\"@type\":\"ReadAction\",\"target\":[\"https:\\\/\\\/redenoticiaz.com.br\\\/ribeiraopreto-regiao\\\/sp\\\/2022\\\/05\\\/04\\\/forca-tatica-prende-homem-por-trafico-de-drogas-e-furtos-na-cidade-de-barretos\"]}]},{\"@type\":\"ImageObject\",\"inLanguage\":\"pt-BR\",\"@id\":\"https:\\\/\\\/redenoticiaz.com.br\\\/ribeiraopreto-regiao\\\/sp\\\/2022\\\/05\\\/04\\\/forca-tatica-prende-homem-por-trafico-de-drogas-e-furtos-na-cidade-de-barretos#primaryimage\",\"url\":\"https:\\\/\\\/redenoticiaz.com.br\\\/ribeiraopreto-regiao\\\/wp-content\\\/uploads\\\/sites\\\/4\\\/2022\\\/05\\\/captura-de-tela-115.png\",\"contentUrl\":\"https:\\\/\\\/redenoticiaz.com.br\\\/ribeiraopreto-regiao\\\/wp-content\\\/uploads\\\/sites\\\/4\\\/2022\\\/05\\\/captura-de-tela-115.png\",\"width\":496,\"height\":362,\"caption\":\"For\u00e7a T\u00e1tica prende homem por tr\u00e1fico de drogas. Cr\u00e9dito: Reprodu\u00e7\u00e3o\"},{\"@type\":\"WebSite\",\"@id\":\"https:\\\/\\\/redenoticiaz.com.br\\\/ribeiraopreto-regiao\\\/#website\",\"url\":\"https:\\\/\\\/redenoticiaz.com.br\\\/ribeiraopreto-regiao\\\/\",\"name\":\"Ribeir\u00e3o Preto e Regi\u00e3o\",\"description\":\"Rede NoticiaZ - Ribeir\u00e3o Preto e regi\u00e3o\",\"publisher\":{\"@id\":\"https:\\\/\\\/redenoticiaz.com.br\\\/ribeiraopreto-regiao\\\/#organization\"},\"potentialAction\":[{\"@type\":\"SearchAction\",\"target\":{\"@type\":\"EntryPoint\",\"urlTemplate\":\"https:\\\/\\\/redenoticiaz.com.br\\\/ribeiraopreto-regiao\\\/?s={search_term_string}\"},\"query-input\":{\"@type\":\"PropertyValueSpecification\",\"valueRequired\":true,\"valueName\":\"search_term_string\"}}],\"inLanguage\":\"pt-BR\"},{\"@type\":\"Organization\",\"@id\":\"https:\\\/\\\/redenoticiaz.com.br\\\/ribeiraopreto-regiao\\\/#organization\",\"name\":\"Ribeir\u00e3o Preto e Regi\u00e3o\",\"url\":\"https:\\\/\\\/redenoticiaz.com.br\\\/ribeiraopreto-regiao\\\/\",\"logo\":{\"@type\":\"ImageObject\",\"inLanguage\":\"pt-BR\",\"@id\":\"https:\\\/\\\/redenoticiaz.com.br\\\/ribeiraopreto-regiao\\\/#\\\/schema\\\/logo\\\/image\\\/\",\"url\":\"https:\\\/\\\/redenoticiaz.com.br\\\/barretos-regiao\\\/wp-content\\\/uploads\\\/sites\\\/4\\\/2022\\\/02\\\/logo.jpg\",\"contentUrl\":\"https:\\\/\\\/redenoticiaz.com.br\\\/barretos-regiao\\\/wp-content\\\/uploads\\\/sites\\\/4\\\/2022\\\/02\\\/logo.jpg\",\"width\":400,\"height\":250,\"caption\":\"Ribeir\u00e3o Preto e Regi\u00e3o\"},\"image\":{\"@id\":\"https:\\\/\\\/redenoticiaz.com.br\\\/ribeiraopreto-regiao\\\/#\\\/schema\\\/logo\\\/image\\\/\"},\"sameAs\":[\"https:\\\/\\\/m.facebook.com\\\/redenoticiaz.barretos\",\"https:\\\/\\\/x.com\\\/RN_barretos\",\"https:\\\/\\\/www.instagram.com\\\/redenoticiaz.barretos\\\/?igshid=YmMyMTA2M2Y\",\"https:\\\/\\\/www.linkedin.com\\\/company\\\/rede-noticiaz-barretos-e-regio\\\/\"]},{\"@type\":\"Person\",\"@id\":\"\",\"url\":\"https:\\\/\\\/redenoticiaz.com.br\\\/ribeiraopreto-regiao\\\/sp\\\/author\"}]}<\/script>\n<!-- \/ Yoast SEO plugin. -->","yoast_head_json":{"title":"For\u00e7a T\u00e1tica prende homem por tr\u00e1fico de drogas e furtos na cidade de Barretos - Ribeir\u00e3o Preto e Regi\u00e3o","description":"Um homem conhecido como \"Dedinho\" com cerca de 24 passagens pela pol\u00edcia. Sendo assim, j\u00e1 furtou casa de apoio para pessoas com tratamento de c\u00e2ncer...","robots":{"index":"index","follow":"follow","max-snippet":"max-snippet:-1","max-image-preview":"max-image-preview:large","max-video-preview":"max-video-preview:-1"},"canonical":"https:\/\/redenoticiaz.com.br\/ribeiraopreto-regiao\/sp\/2022\/05\/04\/forca-tatica-prende-homem-por-trafico-de-drogas-e-furtos-na-cidade-de-barretos","og_locale":"pt_BR","og_type":"article","og_title":"For\u00e7a T\u00e1tica prende homem por tr\u00e1fico de drogas e furtos na cidade de Barretos - Ribeir\u00e3o Preto e Regi\u00e3o","og_description":"Um homem conhecido como \"Dedinho\" com cerca de 24 passagens pela pol\u00edcia. Sendo assim, j\u00e1 furtou casa de apoio para pessoas com tratamento de c\u00e2ncer...","og_url":"https:\/\/redenoticiaz.com.br\/ribeiraopreto-regiao\/sp\/2022\/05\/04\/forca-tatica-prende-homem-por-trafico-de-drogas-e-furtos-na-cidade-de-barretos","og_site_name":"Ribeir\u00e3o Preto e Regi\u00e3o","article_publisher":"https:\/\/m.facebook.com\/redenoticiaz.barretos","article_published_time":"2022-05-04T18:37:22+00:00","og_image":[{"width":496,"height":362,"url":"https:\/\/redenoticiaz.com.br\/ribeiraopreto-regiao\/wp-content\/uploads\/sites\/4\/2022\/05\/captura-de-tela-115.png","type":"image\/png"}],"twitter_card":"summary_large_image","twitter_creator":"@RN_barretos","twitter_site":"@RN_barretos","twitter_misc":{"Escrito por":"","Est. tempo de leitura":"1 minuto"},"schema":{"@context":"https:\/\/schema.org","@graph":[{"@type":"Article","@id":"https:\/\/redenoticiaz.com.br\/ribeiraopreto-regiao\/sp\/2022\/05\/04\/forca-tatica-prende-homem-por-trafico-de-drogas-e-furtos-na-cidade-de-barretos#article","isPartOf":{"@id":"https:\/\/redenoticiaz.com.br\/ribeiraopreto-regiao\/sp\/2022\/05\/04\/forca-tatica-prende-homem-por-trafico-de-drogas-e-furtos-na-cidade-de-barretos"},"author":{"name":"","@id":""},"headline":"For\u00e7a T\u00e1tica prende homem por tr\u00e1fico de drogas e furtos na cidade de Barretos","datePublished":"2022-05-04T18:37:22+00:00","mainEntityOfPage":{"@id":"https:\/\/redenoticiaz.com.br\/ribeiraopreto-regiao\/sp\/2022\/05\/04\/forca-tatica-prende-homem-por-trafico-de-drogas-e-furtos-na-cidade-de-barretos"},"wordCount":250,"commentCount":0,"publisher":{"@id":"https:\/\/redenoticiaz.com.br\/ribeiraopreto-regiao\/#organization"},"image":{"@id":"https:\/\/redenoticiaz.com.br\/ribeiraopreto-regiao\/sp\/2022\/05\/04\/forca-tatica-prende-homem-por-trafico-de-drogas-e-furtos-na-cidade-de-barretos#primaryimage"},"thumbnailUrl":"https:\/\/redenoticiaz.com.br\/ribeiraopreto-regiao\/wp-content\/uploads\/sites\/4\/2022\/05\/captura-de-tela-115.png","keywords":["BARRETOS","FOR\u00c7A T\u00c1TICA","FURTOS","TR\u00c1FICO DE DROGAS"],"articleSection":["Pol\u00edcia"],"inLanguage":"pt-BR","potentialAction":[{"@type":"CommentAction","name":"Comment","target":["https:\/\/redenoticiaz.com.br\/ribeiraopreto-regiao\/sp\/2022\/05\/04\/forca-tatica-prende-homem-por-trafico-de-drogas-e-furtos-na-cidade-de-barretos#respond"]}]},{"@type":"WebPage","@id":"https:\/\/redenoticiaz.com.br\/ribeiraopreto-regiao\/sp\/2022\/05\/04\/forca-tatica-prende-homem-por-trafico-de-drogas-e-furtos-na-cidade-de-barretos","url":"https:\/\/redenoticiaz.com.br\/ribeiraopreto-regiao\/sp\/2022\/05\/04\/forca-tatica-prende-homem-por-trafico-de-drogas-e-furtos-na-cidade-de-barretos","name":"For\u00e7a T\u00e1tica prende homem por tr\u00e1fico de drogas e furtos na cidade de Barretos - Ribeir\u00e3o Preto e Regi\u00e3o","isPartOf":{"@id":"https:\/\/redenoticiaz.com.br\/ribeiraopreto-regiao\/#website"},"primaryImageOfPage":{"@id":"https:\/\/redenoticiaz.com.br\/ribeiraopreto-regiao\/sp\/2022\/05\/04\/forca-tatica-prende-homem-por-trafico-de-drogas-e-furtos-na-cidade-de-barretos#primaryimage"},"image":{"@id":"https:\/\/redenoticiaz.com.br\/ribeiraopreto-regiao\/sp\/2022\/05\/04\/forca-tatica-prende-homem-por-trafico-de-drogas-e-furtos-na-cidade-de-barretos#primaryimage"},"thumbnailUrl":"https:\/\/redenoticiaz.com.br\/ribeiraopreto-regiao\/wp-content\/uploads\/sites\/4\/2022\/05\/captura-de-tela-115.png","datePublished":"2022-05-04T18:37:22+00:00","description":"Um homem conhecido como \"Dedinho\" com cerca de 24 passagens pela pol\u00edcia. Sendo assim, j\u00e1 furtou casa de apoio para pessoas com tratamento de c\u00e2ncer...","inLanguage":"pt-BR","potentialAction":[{"@type":"ReadAction","target":["https:\/\/redenoticiaz.com.br\/ribeiraopreto-regiao\/sp\/2022\/05\/04\/forca-tatica-prende-homem-por-trafico-de-drogas-e-furtos-na-cidade-de-barretos"]}]},{"@type":"ImageObject","inLanguage":"pt-BR","@id":"https:\/\/redenoticiaz.com.br\/ribeiraopreto-regiao\/sp\/2022\/05\/04\/forca-tatica-prende-homem-por-trafico-de-drogas-e-furtos-na-cidade-de-barretos#primaryimage","url":"https:\/\/redenoticiaz.com.br\/ribeiraopreto-regiao\/wp-content\/uploads\/sites\/4\/2022\/05\/captura-de-tela-115.png","contentUrl":"https:\/\/redenoticiaz.com.br\/ribeiraopreto-regiao\/wp-content\/uploads\/sites\/4\/2022\/05\/captura-de-tela-115.png","width":496,"height":362,"caption":"For\u00e7a T\u00e1tica prende homem por tr\u00e1fico de drogas. Cr\u00e9dito: Reprodu\u00e7\u00e3o"},{"@type":"WebSite","@id":"https:\/\/redenoticiaz.com.br\/ribeiraopreto-regiao\/#website","url":"https:\/\/redenoticiaz.com.br\/ribeiraopreto-regiao\/","name":"Ribeir\u00e3o Preto e Regi\u00e3o","description":"Rede NoticiaZ - Ribeir\u00e3o Preto e regi\u00e3o","publisher":{"@id":"https:\/\/redenoticiaz.com.br\/ribeiraopreto-regiao\/#organization"},"potentialAction":[{"@type":"SearchAction","target":{"@type":"EntryPoint","urlTemplate":"https:\/\/redenoticiaz.com.br\/ribeiraopreto-regiao\/?s={search_term_string}"},"query-input":{"@type":"PropertyValueSpecification","valueRequired":true,"valueName":"search_term_string"}}],"inLanguage":"pt-BR"},{"@type":"Organization","@id":"https:\/\/redenoticiaz.com.br\/ribeiraopreto-regiao\/#organization","name":"Ribeir\u00e3o Preto e Regi\u00e3o","url":"https:\/\/redenoticiaz.com.br\/ribeiraopreto-regiao\/","logo":{"@type":"ImageObject","inLanguage":"pt-BR","@id":"https:\/\/redenoticiaz.com.br\/ribeiraopreto-regiao\/#\/schema\/logo\/image\/","url":"https:\/\/redenoticiaz.com.br\/barretos-regiao\/wp-content\/uploads\/sites\/4\/2022\/02\/logo.jpg","contentUrl":"https:\/\/redenoticiaz.com.br\/barretos-regiao\/wp-content\/uploads\/sites\/4\/2022\/02\/logo.jpg","width":400,"height":250,"caption":"Ribeir\u00e3o Preto e Regi\u00e3o"},"image":{"@id":"https:\/\/redenoticiaz.com.br\/ribeiraopreto-regiao\/#\/schema\/logo\/image\/"},"sameAs":["https:\/\/m.facebook.com\/redenoticiaz.barretos","https:\/\/x.com\/RN_barretos","https:\/\/www.instagram.com\/redenoticiaz.barretos\/?igshid=YmMyMTA2M2Y","https:\/\/www.linkedin.com\/company\/rede-noticiaz-barretos-e-regio\/"]},{"@type":"Person","@id":"","url":"https:\/\/redenoticiaz.com.br\/ribeiraopreto-regiao\/sp\/author"}]}},"_links":{"self":[{"href":"https:\/\/redenoticiaz.com.br\/ribeiraopreto-regiao\/wp-json\/wp\/v2\/posts\/3571","targetHints":{"allow":["GET"]}}],"collection":[{"href":"https:\/\/redenoticiaz.com.br\/ribeiraopreto-regiao\/wp-json\/wp\/v2\/posts"}],"about":[{"href":"https:\/\/redenoticiaz.com.br\/ribeiraopreto-regiao\/wp-json\/wp\/v2\/types\/post"}],"author":[{"embeddable":true,"href":"https:\/\/redenoticiaz.com.br\/ribeiraopreto-regiao\/wp-json\/wp\/v2\/users\/15"}],"replies":[{"embeddable":true,"href":"https:\/\/redenoticiaz.com.br\/ribeiraopreto-regiao\/wp-json\/wp\/v2\/comments?post=3571"}],"version-history":[{"count":1,"href":"https:\/\/redenoticiaz.com.br\/ribeiraopreto-regiao\/wp-json\/wp\/v2\/posts\/3571\/revisions"}],"predecessor-version":[{"id":3573,"href":"https:\/\/redenoticiaz.com.br\/ribeiraopreto-regiao\/wp-json\/wp\/v2\/posts\/3571\/revisions\/3573"}],"wp:featuredmedia":[{"embeddable":true,"href":"https:\/\/redenoticiaz.com.br\/ribeiraopreto-regiao\/wp-json\/wp\/v2\/media\/3572"}],"wp:attachment":[{"href":"https:\/\/redenoticiaz.com.br\/ribeiraopreto-regiao\/wp-json\/wp\/v2\/media?parent=3571"}],"wp:term":[{"taxonomy":"category","embeddable":true,"href":"https:\/\/redenoticiaz.com.br\/ribeiraopreto-regiao\/wp-json\/wp\/v2\/categories?post=3571"},{"taxonomy":"post_tag","embeddable":true,"href":"https:\/\/redenoticiaz.com.br\/ribeiraopreto-regiao\/wp-json\/wp\/v2\/tags?post=3571"}],"curies":[{"name":"wp","href":"https:\/\/api.w.org\/{rel}","templated":true}]}}