{"id":3591,"date":"2022-05-04T16:52:44","date_gmt":"2022-05-04T19:52:44","guid":{"rendered":"https:\/\/redenoticiaz.com.br\/barretos-regiao\/?p=3591"},"modified":"2022-05-04T16:52:44","modified_gmt":"2022-05-04T19:52:44","slug":"departamento-de-transito-promove-conscientizacao-para-jovens-e-criancas","status":"publish","type":"post","link":"https:\/\/redenoticiaz.com.br\/ribeiraopreto-regiao\/sp\/2022\/05\/04\/departamento-de-transito-promove-conscientizacao-para-jovens-e-criancas","title":{"rendered":"Departamento de Tr\u00e2nsito promove conscientiza\u00e7\u00e3o para jovens e crian\u00e7as"},"content":{"rendered":"<p>A<a href=\"https:\/\/barretos.sp.gov.br\/\"> prefeitura da Est\u00e2ncia Tur\u00edstica de Barretos<\/a>, por meio do Departamento de Tr\u00e2nsito da Secretaria Municipal de Ordem P\u00fablica, realizou trabalho de conscientiza\u00e7\u00e3o para o p\u00fablico infantil e jovem no evento <strong>&#8220;Dia do SOS do Tr\u00e2nsito&#8221;,<\/strong> no Conjunto Habitacional Leda Silveira Am\u00eandola, pelo Instituto de Desenvolvimento Pessoal Ltda (INDEP).<\/p>\n<p>Para que as crian\u00e7as pudessem experimentar na pr\u00e1tica como \u00e9 ser um condutor de ve\u00edculos, foi montado um circuito com cones e placas de sinaliza\u00e7\u00e3o e a orienta\u00e7\u00e3o de um agente de tr\u00e2nsito.<em>&#8220;Foi executada uma din\u00e2mica para ensinar de forma pedag\u00f3gica. Nesse sentido, a import\u00e2ncia do respeito \u00e0s leis do C\u00f3digo de Tr\u00e2nsito Brasileiro e promover o conhecimento da sinaliza\u00e7\u00e3o horizontal e vertical.<\/em> Al\u00e9m de estimular a paci\u00eancia e a dire\u00e7\u00e3o defensiva, seja o cidad\u00e3o pedestre ou condutor&#8221;, explicou Vinissios Vettorazzo Balbino, Coordenador do Projeto de Educa\u00e7\u00e3o de Tr\u00e2nsito nas Escolas Municipais.<\/p>\n<p>LEIA TAMB\u00c9M:\u00a0<a href=\"https:\/\/redenoticiaz.com.br\/barretos-regiao\/sp\/2022\/04\/11\/capotamento-na-rodovia-paulo-borges-em-guaira-deixa-feridos\">Capotamento na rodovia Paulo Borges em Gua\u00edra deixa feridos\u00a0<\/a><\/p>\n","protected":false},"excerpt":{"rendered":"<p>A prefeitura da Est\u00e2ncia Tur\u00edstica de Barretos, por meio do Departamento de Tr\u00e2nsito da Secretaria Municipal de Ordem P\u00fablica, realizou trabalho de conscientiza\u00e7\u00e3o para o p\u00fablico infantil e jovem no evento &#8220;Dia do SOS do Tr\u00e2nsito&#8221;, no Conjunto Habitacional Leda Silveira Am\u00eandola, pelo Instituto de Desenvolvimento Pessoal Ltda (INDEP). Para que as crian\u00e7as pudessem experimentar &hellip;<\/p>\n","protected":false},"author":15,"featured_media":3592,"comment_status":"open","ping_status":"closed","sticky":false,"template":"","format":"standard","meta":{"footnotes":""},"categories":[252,143],"tags":[9835,64,2115,6416,14698],"class_list":["post-3591","post","type-post","status-publish","format-standard","has-post-thumbnail","hentry","category-acao-social","category-transito","tag-acao","tag-barretos","tag-criancas","tag-jovens","tag-regras-de-transito"],"yoast_head":"<!-- This site is optimized with the Yoast SEO plugin v27.4 - https:\/\/yoast.com\/product\/yoast-seo-wordpress\/ -->\n<title>Departamento de Tr\u00e2nsito promove conscientiza\u00e7\u00e3o para jovens e crian\u00e7as - Ribeir\u00e3o Preto e Regi\u00e3o<\/title>\n<meta name=\"description\" content=\"Departamento de Tr\u00e2nsito da Secretaria Municipal de Ordem P\u00fablica, realizou trabalho de conscientiza\u00e7\u00e3o para o p\u00fablico infantil e jovem no evento.\" \/>\n<meta name=\"robots\" content=\"index, follow, max-snippet:-1, max-image-preview:large, max-video-preview:-1\" \/>\n<link rel=\"canonical\" href=\"https:\/\/redenoticiaz.com.br\/ribeiraopreto-regiao\/sp\/2022\/05\/04\/departamento-de-transito-promove-conscientizacao-para-jovens-e-criancas\" \/>\n<meta property=\"og:locale\" content=\"pt_BR\" \/>\n<meta property=\"og:type\" content=\"article\" \/>\n<meta property=\"og:title\" content=\"Departamento de Tr\u00e2nsito promove conscientiza\u00e7\u00e3o para jovens e crian\u00e7as - Ribeir\u00e3o Preto e Regi\u00e3o\" \/>\n<meta property=\"og:description\" content=\"Departamento de Tr\u00e2nsito da Secretaria Municipal de Ordem P\u00fablica, realizou trabalho de conscientiza\u00e7\u00e3o para o p\u00fablico infantil e jovem no evento.\" \/>\n<meta property=\"og:url\" content=\"https:\/\/redenoticiaz.com.br\/ribeiraopreto-regiao\/sp\/2022\/05\/04\/departamento-de-transito-promove-conscientizacao-para-jovens-e-criancas\" \/>\n<meta property=\"og:site_name\" content=\"Ribeir\u00e3o Preto e Regi\u00e3o\" \/>\n<meta property=\"article:publisher\" content=\"https:\/\/m.facebook.com\/redenoticiaz.barretos\" \/>\n<meta property=\"article:published_time\" content=\"2022-05-04T19:52:44+00:00\" \/>\n<meta property=\"og:image\" content=\"https:\/\/redenoticiaz.com.br\/ribeiraopreto-regiao\/wp-content\/uploads\/sites\/4\/2022\/05\/img-20220430-wa0022.jpg\" \/>\n\t<meta property=\"og:image:width\" content=\"1280\" \/>\n\t<meta property=\"og:image:height\" content=\"1062\" \/>\n\t<meta property=\"og:image:type\" content=\"image\/jpeg\" \/>\n<meta name=\"twitter:card\" content=\"summary_large_image\" \/>\n<meta name=\"twitter:creator\" content=\"@RN_barretos\" \/>\n<meta name=\"twitter:site\" content=\"@RN_barretos\" \/>\n<meta name=\"twitter:label1\" content=\"Escrito por\" \/>\n\t<meta name=\"twitter:data1\" content=\"\" \/>\n\t<meta name=\"twitter:label2\" content=\"Est. tempo de leitura\" \/>\n\t<meta name=\"twitter:data2\" content=\"1 minuto\" \/>\n<script type=\"application\/ld+json\" class=\"yoast-schema-graph\">{\"@context\":\"https:\\\/\\\/schema.org\",\"@graph\":[{\"@type\":\"Article\",\"@id\":\"https:\\\/\\\/redenoticiaz.com.br\\\/ribeiraopreto-regiao\\\/sp\\\/2022\\\/05\\\/04\\\/departamento-de-transito-promove-conscientizacao-para-jovens-e-criancas#article\",\"isPartOf\":{\"@id\":\"https:\\\/\\\/redenoticiaz.com.br\\\/ribeiraopreto-regiao\\\/sp\\\/2022\\\/05\\\/04\\\/departamento-de-transito-promove-conscientizacao-para-jovens-e-criancas\"},\"author\":{\"name\":\"\",\"@id\":\"\"},\"headline\":\"Departamento de Tr\u00e2nsito promove conscientiza\u00e7\u00e3o para jovens e crian\u00e7as\",\"datePublished\":\"2022-05-04T19:52:44+00:00\",\"mainEntityOfPage\":{\"@id\":\"https:\\\/\\\/redenoticiaz.com.br\\\/ribeiraopreto-regiao\\\/sp\\\/2022\\\/05\\\/04\\\/departamento-de-transito-promove-conscientizacao-para-jovens-e-criancas\"},\"wordCount\":192,\"commentCount\":0,\"publisher\":{\"@id\":\"https:\\\/\\\/redenoticiaz.com.br\\\/ribeiraopreto-regiao\\\/#organization\"},\"image\":{\"@id\":\"https:\\\/\\\/redenoticiaz.com.br\\\/ribeiraopreto-regiao\\\/sp\\\/2022\\\/05\\\/04\\\/departamento-de-transito-promove-conscientizacao-para-jovens-e-criancas#primaryimage\"},\"thumbnailUrl\":\"https:\\\/\\\/redenoticiaz.com.br\\\/ribeiraopreto-regiao\\\/wp-content\\\/uploads\\\/sites\\\/4\\\/2022\\\/05\\\/img-20220430-wa0022.jpg\",\"keywords\":[\"A\u00c7\u00c3O\",\"BARRETOS\",\"Crian\u00e7as\",\"JOVENS\",\"REGRAS DE TR\u00c2NSITO\"],\"articleSection\":[\"A\u00e7\u00e3o Social\",\"Tr\u00e2nsito\"],\"inLanguage\":\"pt-BR\",\"potentialAction\":[{\"@type\":\"CommentAction\",\"name\":\"Comment\",\"target\":[\"https:\\\/\\\/redenoticiaz.com.br\\\/ribeiraopreto-regiao\\\/sp\\\/2022\\\/05\\\/04\\\/departamento-de-transito-promove-conscientizacao-para-jovens-e-criancas#respond\"]}]},{\"@type\":\"WebPage\",\"@id\":\"https:\\\/\\\/redenoticiaz.com.br\\\/ribeiraopreto-regiao\\\/sp\\\/2022\\\/05\\\/04\\\/departamento-de-transito-promove-conscientizacao-para-jovens-e-criancas\",\"url\":\"https:\\\/\\\/redenoticiaz.com.br\\\/ribeiraopreto-regiao\\\/sp\\\/2022\\\/05\\\/04\\\/departamento-de-transito-promove-conscientizacao-para-jovens-e-criancas\",\"name\":\"Departamento de Tr\u00e2nsito promove conscientiza\u00e7\u00e3o para jovens e crian\u00e7as - Ribeir\u00e3o Preto e Regi\u00e3o\",\"isPartOf\":{\"@id\":\"https:\\\/\\\/redenoticiaz.com.br\\\/ribeiraopreto-regiao\\\/#website\"},\"primaryImageOfPage\":{\"@id\":\"https:\\\/\\\/redenoticiaz.com.br\\\/ribeiraopreto-regiao\\\/sp\\\/2022\\\/05\\\/04\\\/departamento-de-transito-promove-conscientizacao-para-jovens-e-criancas#primaryimage\"},\"image\":{\"@id\":\"https:\\\/\\\/redenoticiaz.com.br\\\/ribeiraopreto-regiao\\\/sp\\\/2022\\\/05\\\/04\\\/departamento-de-transito-promove-conscientizacao-para-jovens-e-criancas#primaryimage\"},\"thumbnailUrl\":\"https:\\\/\\\/redenoticiaz.com.br\\\/ribeiraopreto-regiao\\\/wp-content\\\/uploads\\\/sites\\\/4\\\/2022\\\/05\\\/img-20220430-wa0022.jpg\",\"datePublished\":\"2022-05-04T19:52:44+00:00\",\"description\":\"Departamento de Tr\u00e2nsito da Secretaria Municipal de Ordem P\u00fablica, realizou trabalho de conscientiza\u00e7\u00e3o para o p\u00fablico infantil e jovem no evento.\",\"inLanguage\":\"pt-BR\",\"potentialAction\":[{\"@type\":\"ReadAction\",\"target\":[\"https:\\\/\\\/redenoticiaz.com.br\\\/ribeiraopreto-regiao\\\/sp\\\/2022\\\/05\\\/04\\\/departamento-de-transito-promove-conscientizacao-para-jovens-e-criancas\"]}]},{\"@type\":\"ImageObject\",\"inLanguage\":\"pt-BR\",\"@id\":\"https:\\\/\\\/redenoticiaz.com.br\\\/ribeiraopreto-regiao\\\/sp\\\/2022\\\/05\\\/04\\\/departamento-de-transito-promove-conscientizacao-para-jovens-e-criancas#primaryimage\",\"url\":\"https:\\\/\\\/redenoticiaz.com.br\\\/ribeiraopreto-regiao\\\/wp-content\\\/uploads\\\/sites\\\/4\\\/2022\\\/05\\\/img-20220430-wa0022.jpg\",\"contentUrl\":\"https:\\\/\\\/redenoticiaz.com.br\\\/ribeiraopreto-regiao\\\/wp-content\\\/uploads\\\/sites\\\/4\\\/2022\\\/05\\\/img-20220430-wa0022.jpg\",\"width\":1280,\"height\":1062,\"caption\":\"SOS Tr\u00e2nsito. Cr\u00e9dito: Reprodu\u00e7\u00e3o\"},{\"@type\":\"WebSite\",\"@id\":\"https:\\\/\\\/redenoticiaz.com.br\\\/ribeiraopreto-regiao\\\/#website\",\"url\":\"https:\\\/\\\/redenoticiaz.com.br\\\/ribeiraopreto-regiao\\\/\",\"name\":\"Ribeir\u00e3o Preto e Regi\u00e3o\",\"description\":\"Rede NoticiaZ - Ribeir\u00e3o Preto e regi\u00e3o\",\"publisher\":{\"@id\":\"https:\\\/\\\/redenoticiaz.com.br\\\/ribeiraopreto-regiao\\\/#organization\"},\"potentialAction\":[{\"@type\":\"SearchAction\",\"target\":{\"@type\":\"EntryPoint\",\"urlTemplate\":\"https:\\\/\\\/redenoticiaz.com.br\\\/ribeiraopreto-regiao\\\/?s={search_term_string}\"},\"query-input\":{\"@type\":\"PropertyValueSpecification\",\"valueRequired\":true,\"valueName\":\"search_term_string\"}}],\"inLanguage\":\"pt-BR\"},{\"@type\":\"Organization\",\"@id\":\"https:\\\/\\\/redenoticiaz.com.br\\\/ribeiraopreto-regiao\\\/#organization\",\"name\":\"Ribeir\u00e3o Preto e Regi\u00e3o\",\"url\":\"https:\\\/\\\/redenoticiaz.com.br\\\/ribeiraopreto-regiao\\\/\",\"logo\":{\"@type\":\"ImageObject\",\"inLanguage\":\"pt-BR\",\"@id\":\"https:\\\/\\\/redenoticiaz.com.br\\\/ribeiraopreto-regiao\\\/#\\\/schema\\\/logo\\\/image\\\/\",\"url\":\"https:\\\/\\\/redenoticiaz.com.br\\\/barretos-regiao\\\/wp-content\\\/uploads\\\/sites\\\/4\\\/2022\\\/02\\\/logo.jpg\",\"contentUrl\":\"https:\\\/\\\/redenoticiaz.com.br\\\/barretos-regiao\\\/wp-content\\\/uploads\\\/sites\\\/4\\\/2022\\\/02\\\/logo.jpg\",\"width\":400,\"height\":250,\"caption\":\"Ribeir\u00e3o Preto e Regi\u00e3o\"},\"image\":{\"@id\":\"https:\\\/\\\/redenoticiaz.com.br\\\/ribeiraopreto-regiao\\\/#\\\/schema\\\/logo\\\/image\\\/\"},\"sameAs\":[\"https:\\\/\\\/m.facebook.com\\\/redenoticiaz.barretos\",\"https:\\\/\\\/x.com\\\/RN_barretos\",\"https:\\\/\\\/www.instagram.com\\\/redenoticiaz.barretos\\\/?igshid=YmMyMTA2M2Y\",\"https:\\\/\\\/www.linkedin.com\\\/company\\\/rede-noticiaz-barretos-e-regio\\\/\"]},{\"@type\":\"Person\",\"@id\":\"\",\"url\":\"https:\\\/\\\/redenoticiaz.com.br\\\/ribeiraopreto-regiao\\\/sp\\\/author\"}]}<\/script>\n<!-- \/ Yoast SEO plugin. -->","yoast_head_json":{"title":"Departamento de Tr\u00e2nsito promove conscientiza\u00e7\u00e3o para jovens e crian\u00e7as - Ribeir\u00e3o Preto e Regi\u00e3o","description":"Departamento de Tr\u00e2nsito da Secretaria Municipal de Ordem P\u00fablica, realizou trabalho de conscientiza\u00e7\u00e3o para o p\u00fablico infantil e jovem no evento.","robots":{"index":"index","follow":"follow","max-snippet":"max-snippet:-1","max-image-preview":"max-image-preview:large","max-video-preview":"max-video-preview:-1"},"canonical":"https:\/\/redenoticiaz.com.br\/ribeiraopreto-regiao\/sp\/2022\/05\/04\/departamento-de-transito-promove-conscientizacao-para-jovens-e-criancas","og_locale":"pt_BR","og_type":"article","og_title":"Departamento de Tr\u00e2nsito promove conscientiza\u00e7\u00e3o para jovens e crian\u00e7as - Ribeir\u00e3o Preto e Regi\u00e3o","og_description":"Departamento de Tr\u00e2nsito da Secretaria Municipal de Ordem P\u00fablica, realizou trabalho de conscientiza\u00e7\u00e3o para o p\u00fablico infantil e jovem no evento.","og_url":"https:\/\/redenoticiaz.com.br\/ribeiraopreto-regiao\/sp\/2022\/05\/04\/departamento-de-transito-promove-conscientizacao-para-jovens-e-criancas","og_site_name":"Ribeir\u00e3o Preto e Regi\u00e3o","article_publisher":"https:\/\/m.facebook.com\/redenoticiaz.barretos","article_published_time":"2022-05-04T19:52:44+00:00","og_image":[{"width":1280,"height":1062,"url":"https:\/\/redenoticiaz.com.br\/ribeiraopreto-regiao\/wp-content\/uploads\/sites\/4\/2022\/05\/img-20220430-wa0022.jpg","type":"image\/jpeg"}],"twitter_card":"summary_large_image","twitter_creator":"@RN_barretos","twitter_site":"@RN_barretos","twitter_misc":{"Escrito por":"","Est. tempo de leitura":"1 minuto"},"schema":{"@context":"https:\/\/schema.org","@graph":[{"@type":"Article","@id":"https:\/\/redenoticiaz.com.br\/ribeiraopreto-regiao\/sp\/2022\/05\/04\/departamento-de-transito-promove-conscientizacao-para-jovens-e-criancas#article","isPartOf":{"@id":"https:\/\/redenoticiaz.com.br\/ribeiraopreto-regiao\/sp\/2022\/05\/04\/departamento-de-transito-promove-conscientizacao-para-jovens-e-criancas"},"author":{"name":"","@id":""},"headline":"Departamento de Tr\u00e2nsito promove conscientiza\u00e7\u00e3o para jovens e crian\u00e7as","datePublished":"2022-05-04T19:52:44+00:00","mainEntityOfPage":{"@id":"https:\/\/redenoticiaz.com.br\/ribeiraopreto-regiao\/sp\/2022\/05\/04\/departamento-de-transito-promove-conscientizacao-para-jovens-e-criancas"},"wordCount":192,"commentCount":0,"publisher":{"@id":"https:\/\/redenoticiaz.com.br\/ribeiraopreto-regiao\/#organization"},"image":{"@id":"https:\/\/redenoticiaz.com.br\/ribeiraopreto-regiao\/sp\/2022\/05\/04\/departamento-de-transito-promove-conscientizacao-para-jovens-e-criancas#primaryimage"},"thumbnailUrl":"https:\/\/redenoticiaz.com.br\/ribeiraopreto-regiao\/wp-content\/uploads\/sites\/4\/2022\/05\/img-20220430-wa0022.jpg","keywords":["A\u00c7\u00c3O","BARRETOS","Crian\u00e7as","JOVENS","REGRAS DE TR\u00c2NSITO"],"articleSection":["A\u00e7\u00e3o Social","Tr\u00e2nsito"],"inLanguage":"pt-BR","potentialAction":[{"@type":"CommentAction","name":"Comment","target":["https:\/\/redenoticiaz.com.br\/ribeiraopreto-regiao\/sp\/2022\/05\/04\/departamento-de-transito-promove-conscientizacao-para-jovens-e-criancas#respond"]}]},{"@type":"WebPage","@id":"https:\/\/redenoticiaz.com.br\/ribeiraopreto-regiao\/sp\/2022\/05\/04\/departamento-de-transito-promove-conscientizacao-para-jovens-e-criancas","url":"https:\/\/redenoticiaz.com.br\/ribeiraopreto-regiao\/sp\/2022\/05\/04\/departamento-de-transito-promove-conscientizacao-para-jovens-e-criancas","name":"Departamento de Tr\u00e2nsito promove conscientiza\u00e7\u00e3o para jovens e crian\u00e7as - Ribeir\u00e3o Preto e Regi\u00e3o","isPartOf":{"@id":"https:\/\/redenoticiaz.com.br\/ribeiraopreto-regiao\/#website"},"primaryImageOfPage":{"@id":"https:\/\/redenoticiaz.com.br\/ribeiraopreto-regiao\/sp\/2022\/05\/04\/departamento-de-transito-promove-conscientizacao-para-jovens-e-criancas#primaryimage"},"image":{"@id":"https:\/\/redenoticiaz.com.br\/ribeiraopreto-regiao\/sp\/2022\/05\/04\/departamento-de-transito-promove-conscientizacao-para-jovens-e-criancas#primaryimage"},"thumbnailUrl":"https:\/\/redenoticiaz.com.br\/ribeiraopreto-regiao\/wp-content\/uploads\/sites\/4\/2022\/05\/img-20220430-wa0022.jpg","datePublished":"2022-05-04T19:52:44+00:00","description":"Departamento de Tr\u00e2nsito da Secretaria Municipal de Ordem P\u00fablica, realizou trabalho de conscientiza\u00e7\u00e3o para o p\u00fablico infantil e jovem no evento.","inLanguage":"pt-BR","potentialAction":[{"@type":"ReadAction","target":["https:\/\/redenoticiaz.com.br\/ribeiraopreto-regiao\/sp\/2022\/05\/04\/departamento-de-transito-promove-conscientizacao-para-jovens-e-criancas"]}]},{"@type":"ImageObject","inLanguage":"pt-BR","@id":"https:\/\/redenoticiaz.com.br\/ribeiraopreto-regiao\/sp\/2022\/05\/04\/departamento-de-transito-promove-conscientizacao-para-jovens-e-criancas#primaryimage","url":"https:\/\/redenoticiaz.com.br\/ribeiraopreto-regiao\/wp-content\/uploads\/sites\/4\/2022\/05\/img-20220430-wa0022.jpg","contentUrl":"https:\/\/redenoticiaz.com.br\/ribeiraopreto-regiao\/wp-content\/uploads\/sites\/4\/2022\/05\/img-20220430-wa0022.jpg","width":1280,"height":1062,"caption":"SOS Tr\u00e2nsito. Cr\u00e9dito: Reprodu\u00e7\u00e3o"},{"@type":"WebSite","@id":"https:\/\/redenoticiaz.com.br\/ribeiraopreto-regiao\/#website","url":"https:\/\/redenoticiaz.com.br\/ribeiraopreto-regiao\/","name":"Ribeir\u00e3o Preto e Regi\u00e3o","description":"Rede NoticiaZ - Ribeir\u00e3o Preto e regi\u00e3o","publisher":{"@id":"https:\/\/redenoticiaz.com.br\/ribeiraopreto-regiao\/#organization"},"potentialAction":[{"@type":"SearchAction","target":{"@type":"EntryPoint","urlTemplate":"https:\/\/redenoticiaz.com.br\/ribeiraopreto-regiao\/?s={search_term_string}"},"query-input":{"@type":"PropertyValueSpecification","valueRequired":true,"valueName":"search_term_string"}}],"inLanguage":"pt-BR"},{"@type":"Organization","@id":"https:\/\/redenoticiaz.com.br\/ribeiraopreto-regiao\/#organization","name":"Ribeir\u00e3o Preto e Regi\u00e3o","url":"https:\/\/redenoticiaz.com.br\/ribeiraopreto-regiao\/","logo":{"@type":"ImageObject","inLanguage":"pt-BR","@id":"https:\/\/redenoticiaz.com.br\/ribeiraopreto-regiao\/#\/schema\/logo\/image\/","url":"https:\/\/redenoticiaz.com.br\/barretos-regiao\/wp-content\/uploads\/sites\/4\/2022\/02\/logo.jpg","contentUrl":"https:\/\/redenoticiaz.com.br\/barretos-regiao\/wp-content\/uploads\/sites\/4\/2022\/02\/logo.jpg","width":400,"height":250,"caption":"Ribeir\u00e3o Preto e Regi\u00e3o"},"image":{"@id":"https:\/\/redenoticiaz.com.br\/ribeiraopreto-regiao\/#\/schema\/logo\/image\/"},"sameAs":["https:\/\/m.facebook.com\/redenoticiaz.barretos","https:\/\/x.com\/RN_barretos","https:\/\/www.instagram.com\/redenoticiaz.barretos\/?igshid=YmMyMTA2M2Y","https:\/\/www.linkedin.com\/company\/rede-noticiaz-barretos-e-regio\/"]},{"@type":"Person","@id":"","url":"https:\/\/redenoticiaz.com.br\/ribeiraopreto-regiao\/sp\/author"}]}},"_links":{"self":[{"href":"https:\/\/redenoticiaz.com.br\/ribeiraopreto-regiao\/wp-json\/wp\/v2\/posts\/3591","targetHints":{"allow":["GET"]}}],"collection":[{"href":"https:\/\/redenoticiaz.com.br\/ribeiraopreto-regiao\/wp-json\/wp\/v2\/posts"}],"about":[{"href":"https:\/\/redenoticiaz.com.br\/ribeiraopreto-regiao\/wp-json\/wp\/v2\/types\/post"}],"author":[{"embeddable":true,"href":"https:\/\/redenoticiaz.com.br\/ribeiraopreto-regiao\/wp-json\/wp\/v2\/users\/15"}],"replies":[{"embeddable":true,"href":"https:\/\/redenoticiaz.com.br\/ribeiraopreto-regiao\/wp-json\/wp\/v2\/comments?post=3591"}],"version-history":[{"count":1,"href":"https:\/\/redenoticiaz.com.br\/ribeiraopreto-regiao\/wp-json\/wp\/v2\/posts\/3591\/revisions"}],"predecessor-version":[{"id":3593,"href":"https:\/\/redenoticiaz.com.br\/ribeiraopreto-regiao\/wp-json\/wp\/v2\/posts\/3591\/revisions\/3593"}],"wp:featuredmedia":[{"embeddable":true,"href":"https:\/\/redenoticiaz.com.br\/ribeiraopreto-regiao\/wp-json\/wp\/v2\/media\/3592"}],"wp:attachment":[{"href":"https:\/\/redenoticiaz.com.br\/ribeiraopreto-regiao\/wp-json\/wp\/v2\/media?parent=3591"}],"wp:term":[{"taxonomy":"category","embeddable":true,"href":"https:\/\/redenoticiaz.com.br\/ribeiraopreto-regiao\/wp-json\/wp\/v2\/categories?post=3591"},{"taxonomy":"post_tag","embeddable":true,"href":"https:\/\/redenoticiaz.com.br\/ribeiraopreto-regiao\/wp-json\/wp\/v2\/tags?post=3591"}],"curies":[{"name":"wp","href":"https:\/\/api.w.org\/{rel}","templated":true}]}}