{"id":3680,"date":"2022-05-06T11:08:41","date_gmt":"2022-05-06T14:08:41","guid":{"rendered":"https:\/\/redenoticiaz.com.br\/barretos-regiao\/sp\/2022\/05\/06\/sul-americana-sao-paulo-joga-mal-e-fica-apenas-no-empate-com-o-everton"},"modified":"2022-05-06T11:08:41","modified_gmt":"2022-05-06T14:08:41","slug":"sul-americana-sao-paulo-joga-mal-e-fica-apenas-no-empate-com-o-everton","status":"publish","type":"post","link":"https:\/\/redenoticiaz.com.br\/ribeiraopreto-regiao\/sp\/2022\/05\/06\/sul-americana-sao-paulo-joga-mal-e-fica-apenas-no-empate-com-o-everton","title":{"rendered":"Sul-Americana: S\u00e3o Paulo joga mal e fica apenas no empate com o Everton"},"content":{"rendered":"<p>O <strong>S\u00e3o Paulo<\/strong> tinha tudo e mais um pouco para garantir de vez a vaga nas oitavas de final da <a href=\"https:\/\/www.conmebol.com\/pt-br\/\">Copa Sul-Americana<\/a>. Nessa quinta (5), mesmo com time reserva, o Tricolor enfrentou o <strong>Everton<\/strong>, no Chile e ficou em um empate sem gols. Assim, adiou por mais uma vaga a classifica\u00e7\u00e3o.<\/p>\n<p>De todo o elenco considerado titular de Rog\u00e9rio Ceni, somente Pablo Maia, Marquinhos, Miranda, Patrick, Rigoni e Luciano foram relacionados. S\u00f3 que o primeiro tempo foi digno de ser esquecido pelo torcedor s\u00e3o-paulino. Praticamente n\u00e3o se viu cria\u00e7\u00e3o de jogadas de gol. O \u00fanico lance de perigo que aconteceu foi quando Luciano recebeu na \u00e1rea e mandou para o gol. No entanto, o lance foi anulado por impedimento.<\/p>\n<p>O Everton ainda chegou a pressionar e a assustar Jandrei. O goleiro teve que fazer grande defesa em chute de Madrid. Os chilenos reclamaram de um p\u00eanalti ap\u00f3s toque na m\u00e3o de Miranda. contudo como n\u00e3o h\u00e1 \u00e1rbitro de v\u00eddeo na fase de grupos, nada foi marcado.<\/p>\n<p>Veio o segundo tempo, mas o S\u00e3o Paulo continuou sofrendo com os erros coletivos e individuais. A equipe teve in\u00fameras dificuldades e n\u00e3o conseguiu pressionar o advers\u00e1rio em nenhum momento. O Everton, ent\u00e3o, se aproveitou da fragilidade do Tricolor e acumulou chances claras de gol. Jandrei, em uma noite inspirada, salvou a equipe de uma derrota com pelo menos tr\u00eas boas defesas. A falta de pontaria tamb\u00e9m impediu que os chilenos sa\u00edssem com a vit\u00f3ria.<\/p>\n<h3>E agora?<\/h3>\n<p>O empate leva o S\u00e3o Paulo aos 10 pontos, na lideran\u00e7a absoluta do Grupo D da Copa Sul-Americana. O Everton vai a cinco, enquanto Ayacucho, com quatro e Jorge Wilstermann, com dois completam a chave.<\/p>\n<p>O S\u00e3o Paulo tem agora uma longa viagem at\u00e9 o Cear\u00e1, onde enfrenta o Fortaleza, domingo (8), \u00e0s 19h, pela quinta rodada do Campeonato Brasileiro.<\/p>\n<p><strong>LEIA TAMB\u00c9M<\/strong><\/p>\n<p><a href=\"https:\/\/redenoticiaz.com.br\/blog\/2022\/05\/06\/santos-conquista-vitoria-no-ultimo-minuto-sobre-a-universidad-de-quito-e-segue-vivo-na-copa-sul-americana\">Santos conquista vit\u00f3ria sobre a Universidad de Quito no \u00faltimo minuto e segue vivo na Copa Sul-Americana<\/a><\/p>\n","protected":false},"excerpt":{"rendered":"<p>O S\u00e3o Paulo tinha tudo e mais um pouco para garantir de vez a vaga nas oitavas de final da Copa Sul-Americana. Nessa quinta (5), mesmo com time reserva, o Tricolor enfrentou o Everton, no Chile e ficou em um empate sem gols. Assim, adiou por mais uma vaga a classifica\u00e7\u00e3o. De todo o elenco &hellip;<\/p>\n","protected":false},"author":6,"featured_media":3681,"comment_status":"open","ping_status":"closed","sticky":false,"template":"","format":"standard","meta":{"footnotes":""},"categories":[87],"tags":[2986,6205,14991,671,14992],"class_list":["post-3680","post","type-post","status-publish","format-standard","has-post-thumbnail","hentry","category-esporte","tag-chile","tag-copa-sul-americana","tag-everton","tag-sao-paulo-fc","tag-vina-del-mar"],"yoast_head":"<!-- This site is optimized with the Yoast SEO plugin v27.4 - https:\/\/yoast.com\/product\/yoast-seo-wordpress\/ -->\n<title>Sul-Americana: S\u00e3o Paulo joga mal e fica apenas no empate com o Everton - Ribeir\u00e3o Preto e Regi\u00e3o<\/title>\n<meta name=\"description\" content=\"O S\u00e3o Paulo tinha tudo e mais um pouco para garantir de vez a vaga nas oitavas de final da Copa Sul-Americana. Nessa quinta\" \/>\n<meta name=\"robots\" content=\"index, follow, max-snippet:-1, max-image-preview:large, max-video-preview:-1\" \/>\n<link rel=\"canonical\" href=\"https:\/\/redenoticiaz.com.br\/ribeiraopreto-regiao\/sp\/2022\/05\/06\/sul-americana-sao-paulo-joga-mal-e-fica-apenas-no-empate-com-o-everton\" \/>\n<meta property=\"og:locale\" content=\"pt_BR\" \/>\n<meta property=\"og:type\" content=\"article\" \/>\n<meta property=\"og:title\" content=\"Sul-Americana: S\u00e3o Paulo joga mal e fica apenas no empate com o Everton - Ribeir\u00e3o Preto e Regi\u00e3o\" \/>\n<meta property=\"og:description\" content=\"O S\u00e3o Paulo tinha tudo e mais um pouco para garantir de vez a vaga nas oitavas de final da Copa Sul-Americana. Nessa quinta\" \/>\n<meta property=\"og:url\" content=\"https:\/\/redenoticiaz.com.br\/ribeiraopreto-regiao\/sp\/2022\/05\/06\/sul-americana-sao-paulo-joga-mal-e-fica-apenas-no-empate-com-o-everton\" \/>\n<meta property=\"og:site_name\" content=\"Ribeir\u00e3o Preto e Regi\u00e3o\" \/>\n<meta property=\"article:publisher\" content=\"https:\/\/m.facebook.com\/redenoticiaz.barretos\" \/>\n<meta property=\"article:published_time\" content=\"2022-05-06T14:08:41+00:00\" \/>\n<meta property=\"og:image\" content=\"https:\/\/redenoticiaz.com.br\/ribeiraopreto-regiao\/wp-content\/uploads\/sites\/4\/2022\/02\/logo.jpg\" \/>\n\t<meta property=\"og:image:width\" content=\"400\" \/>\n\t<meta property=\"og:image:height\" content=\"250\" \/>\n\t<meta property=\"og:image:type\" content=\"image\/jpeg\" \/>\n<meta name=\"author\" content=\"Leonardo Francisco\" \/>\n<meta name=\"twitter:card\" content=\"summary_large_image\" \/>\n<meta name=\"twitter:creator\" content=\"@RN_barretos\" \/>\n<meta name=\"twitter:site\" content=\"@RN_barretos\" \/>\n<meta name=\"twitter:label1\" content=\"Escrito por\" \/>\n\t<meta name=\"twitter:data1\" content=\"Leonardo Francisco\" \/>\n\t<meta name=\"twitter:label2\" content=\"Est. tempo de leitura\" \/>\n\t<meta name=\"twitter:data2\" content=\"2 minutos\" \/>\n<script type=\"application\/ld+json\" class=\"yoast-schema-graph\">{\"@context\":\"https:\\\/\\\/schema.org\",\"@graph\":[{\"@type\":\"Article\",\"@id\":\"https:\\\/\\\/redenoticiaz.com.br\\\/ribeiraopreto-regiao\\\/sp\\\/2022\\\/05\\\/06\\\/sul-americana-sao-paulo-joga-mal-e-fica-apenas-no-empate-com-o-everton#article\",\"isPartOf\":{\"@id\":\"https:\\\/\\\/redenoticiaz.com.br\\\/ribeiraopreto-regiao\\\/sp\\\/2022\\\/05\\\/06\\\/sul-americana-sao-paulo-joga-mal-e-fica-apenas-no-empate-com-o-everton\"},\"author\":{\"name\":\"Leonardo Francisco\",\"@id\":\"https:\\\/\\\/redenoticiaz.com.br\\\/ribeiraopreto-regiao\\\/#\\\/schema\\\/person\\\/0f0b8a5bdafefe82841e07ae8d81ecb3\"},\"headline\":\"Sul-Americana: S\u00e3o Paulo joga mal e fica apenas no empate com o Everton\",\"datePublished\":\"2022-05-06T14:08:41+00:00\",\"mainEntityOfPage\":{\"@id\":\"https:\\\/\\\/redenoticiaz.com.br\\\/ribeiraopreto-regiao\\\/sp\\\/2022\\\/05\\\/06\\\/sul-americana-sao-paulo-joga-mal-e-fica-apenas-no-empate-com-o-everton\"},\"wordCount\":358,\"commentCount\":0,\"publisher\":{\"@id\":\"https:\\\/\\\/redenoticiaz.com.br\\\/ribeiraopreto-regiao\\\/#organization\"},\"image\":{\"@id\":\"https:\\\/\\\/redenoticiaz.com.br\\\/ribeiraopreto-regiao\\\/sp\\\/2022\\\/05\\\/06\\\/sul-americana-sao-paulo-joga-mal-e-fica-apenas-no-empate-com-o-everton#primaryimage\"},\"thumbnailUrl\":\"https:\\\/\\\/redenoticiaz.com.br\\\/ribeiraopreto-regiao\\\/wp-content\\\/uploads\\\/sites\\\/4\\\/2022\\\/05\\\/sao-paulo-everton-6-681x454-1.jpg?v=1651846081\",\"keywords\":[\"CHILE\",\"COPA SUL-AMERICANA\",\"EVERTON\",\"S\u00c3O PAULO FC\",\"VI\u00d1A DEL MAR\"],\"articleSection\":[\"Esporte\"],\"inLanguage\":\"pt-BR\",\"potentialAction\":[{\"@type\":\"CommentAction\",\"name\":\"Comment\",\"target\":[\"https:\\\/\\\/redenoticiaz.com.br\\\/ribeiraopreto-regiao\\\/sp\\\/2022\\\/05\\\/06\\\/sul-americana-sao-paulo-joga-mal-e-fica-apenas-no-empate-com-o-everton#respond\"]}]},{\"@type\":\"WebPage\",\"@id\":\"https:\\\/\\\/redenoticiaz.com.br\\\/ribeiraopreto-regiao\\\/sp\\\/2022\\\/05\\\/06\\\/sul-americana-sao-paulo-joga-mal-e-fica-apenas-no-empate-com-o-everton\",\"url\":\"https:\\\/\\\/redenoticiaz.com.br\\\/ribeiraopreto-regiao\\\/sp\\\/2022\\\/05\\\/06\\\/sul-americana-sao-paulo-joga-mal-e-fica-apenas-no-empate-com-o-everton\",\"name\":\"Sul-Americana: S\u00e3o Paulo joga mal e fica apenas no empate com o Everton - Ribeir\u00e3o Preto e Regi\u00e3o\",\"isPartOf\":{\"@id\":\"https:\\\/\\\/redenoticiaz.com.br\\\/ribeiraopreto-regiao\\\/#website\"},\"primaryImageOfPage\":{\"@id\":\"https:\\\/\\\/redenoticiaz.com.br\\\/ribeiraopreto-regiao\\\/sp\\\/2022\\\/05\\\/06\\\/sul-americana-sao-paulo-joga-mal-e-fica-apenas-no-empate-com-o-everton#primaryimage\"},\"image\":{\"@id\":\"https:\\\/\\\/redenoticiaz.com.br\\\/ribeiraopreto-regiao\\\/sp\\\/2022\\\/05\\\/06\\\/sul-americana-sao-paulo-joga-mal-e-fica-apenas-no-empate-com-o-everton#primaryimage\"},\"thumbnailUrl\":\"https:\\\/\\\/redenoticiaz.com.br\\\/ribeiraopreto-regiao\\\/wp-content\\\/uploads\\\/sites\\\/4\\\/2022\\\/05\\\/sao-paulo-everton-6-681x454-1.jpg?v=1651846081\",\"datePublished\":\"2022-05-06T14:08:41+00:00\",\"description\":\"O S\u00e3o Paulo tinha tudo e mais um pouco para garantir de vez a vaga nas oitavas de final da Copa Sul-Americana. Nessa quinta\",\"inLanguage\":\"pt-BR\",\"potentialAction\":[{\"@type\":\"ReadAction\",\"target\":[\"https:\\\/\\\/redenoticiaz.com.br\\\/ribeiraopreto-regiao\\\/sp\\\/2022\\\/05\\\/06\\\/sul-americana-sao-paulo-joga-mal-e-fica-apenas-no-empate-com-o-everton\"]}]},{\"@type\":\"ImageObject\",\"inLanguage\":\"pt-BR\",\"@id\":\"https:\\\/\\\/redenoticiaz.com.br\\\/ribeiraopreto-regiao\\\/sp\\\/2022\\\/05\\\/06\\\/sul-americana-sao-paulo-joga-mal-e-fica-apenas-no-empate-com-o-everton#primaryimage\",\"url\":\"https:\\\/\\\/redenoticiaz.com.br\\\/ribeiraopreto-regiao\\\/wp-content\\\/uploads\\\/sites\\\/4\\\/2022\\\/05\\\/sao-paulo-everton-6-681x454-1.jpg?v=1651846081\",\"contentUrl\":\"https:\\\/\\\/redenoticiaz.com.br\\\/ribeiraopreto-regiao\\\/wp-content\\\/uploads\\\/sites\\\/4\\\/2022\\\/05\\\/sao-paulo-everton-6-681x454-1.jpg?v=1651846081\",\"width\":681,\"height\":454,\"caption\":\"Cr\u00e9ditos: Divulga\u00e7\u00e3o\\\/Conmebol\"},{\"@type\":\"WebSite\",\"@id\":\"https:\\\/\\\/redenoticiaz.com.br\\\/ribeiraopreto-regiao\\\/#website\",\"url\":\"https:\\\/\\\/redenoticiaz.com.br\\\/ribeiraopreto-regiao\\\/\",\"name\":\"Ribeir\u00e3o Preto e Regi\u00e3o\",\"description\":\"Rede NoticiaZ - Ribeir\u00e3o Preto e regi\u00e3o\",\"publisher\":{\"@id\":\"https:\\\/\\\/redenoticiaz.com.br\\\/ribeiraopreto-regiao\\\/#organization\"},\"potentialAction\":[{\"@type\":\"SearchAction\",\"target\":{\"@type\":\"EntryPoint\",\"urlTemplate\":\"https:\\\/\\\/redenoticiaz.com.br\\\/ribeiraopreto-regiao\\\/?s={search_term_string}\"},\"query-input\":{\"@type\":\"PropertyValueSpecification\",\"valueRequired\":true,\"valueName\":\"search_term_string\"}}],\"inLanguage\":\"pt-BR\"},{\"@type\":\"Organization\",\"@id\":\"https:\\\/\\\/redenoticiaz.com.br\\\/ribeiraopreto-regiao\\\/#organization\",\"name\":\"Ribeir\u00e3o Preto e Regi\u00e3o\",\"url\":\"https:\\\/\\\/redenoticiaz.com.br\\\/ribeiraopreto-regiao\\\/\",\"logo\":{\"@type\":\"ImageObject\",\"inLanguage\":\"pt-BR\",\"@id\":\"https:\\\/\\\/redenoticiaz.com.br\\\/ribeiraopreto-regiao\\\/#\\\/schema\\\/logo\\\/image\\\/\",\"url\":\"https:\\\/\\\/redenoticiaz.com.br\\\/barretos-regiao\\\/wp-content\\\/uploads\\\/sites\\\/4\\\/2022\\\/02\\\/logo.jpg\",\"contentUrl\":\"https:\\\/\\\/redenoticiaz.com.br\\\/barretos-regiao\\\/wp-content\\\/uploads\\\/sites\\\/4\\\/2022\\\/02\\\/logo.jpg\",\"width\":400,\"height\":250,\"caption\":\"Ribeir\u00e3o Preto e Regi\u00e3o\"},\"image\":{\"@id\":\"https:\\\/\\\/redenoticiaz.com.br\\\/ribeiraopreto-regiao\\\/#\\\/schema\\\/logo\\\/image\\\/\"},\"sameAs\":[\"https:\\\/\\\/m.facebook.com\\\/redenoticiaz.barretos\",\"https:\\\/\\\/x.com\\\/RN_barretos\",\"https:\\\/\\\/www.instagram.com\\\/redenoticiaz.barretos\\\/?igshid=YmMyMTA2M2Y\",\"https:\\\/\\\/www.linkedin.com\\\/company\\\/rede-noticiaz-barretos-e-regio\\\/\"]},{\"@type\":\"Person\",\"@id\":\"https:\\\/\\\/redenoticiaz.com.br\\\/ribeiraopreto-regiao\\\/#\\\/schema\\\/person\\\/0f0b8a5bdafefe82841e07ae8d81ecb3\",\"name\":\"Leonardo Francisco\",\"image\":{\"@type\":\"ImageObject\",\"inLanguage\":\"pt-BR\",\"@id\":\"https:\\\/\\\/secure.gravatar.com\\\/avatar\\\/a7358cb406a99b682ec6df1e77e31ae82e63601f6784e8a3df411d72b37864da?s=96&d=mm&r=g\",\"url\":\"https:\\\/\\\/secure.gravatar.com\\\/avatar\\\/a7358cb406a99b682ec6df1e77e31ae82e63601f6784e8a3df411d72b37864da?s=96&d=mm&r=g\",\"contentUrl\":\"https:\\\/\\\/secure.gravatar.com\\\/avatar\\\/a7358cb406a99b682ec6df1e77e31ae82e63601f6784e8a3df411d72b37864da?s=96&d=mm&r=g\",\"caption\":\"Leonardo Francisco\"},\"url\":\"https:\\\/\\\/redenoticiaz.com.br\\\/ribeiraopreto-regiao\\\/sp\\\/author\\\/leonardo-francisco\"}]}<\/script>\n<!-- \/ Yoast SEO plugin. -->","yoast_head_json":{"title":"Sul-Americana: S\u00e3o Paulo joga mal e fica apenas no empate com o Everton - Ribeir\u00e3o Preto e Regi\u00e3o","description":"O S\u00e3o Paulo tinha tudo e mais um pouco para garantir de vez a vaga nas oitavas de final da Copa Sul-Americana. Nessa quinta","robots":{"index":"index","follow":"follow","max-snippet":"max-snippet:-1","max-image-preview":"max-image-preview:large","max-video-preview":"max-video-preview:-1"},"canonical":"https:\/\/redenoticiaz.com.br\/ribeiraopreto-regiao\/sp\/2022\/05\/06\/sul-americana-sao-paulo-joga-mal-e-fica-apenas-no-empate-com-o-everton","og_locale":"pt_BR","og_type":"article","og_title":"Sul-Americana: S\u00e3o Paulo joga mal e fica apenas no empate com o Everton - Ribeir\u00e3o Preto e Regi\u00e3o","og_description":"O S\u00e3o Paulo tinha tudo e mais um pouco para garantir de vez a vaga nas oitavas de final da Copa Sul-Americana. Nessa quinta","og_url":"https:\/\/redenoticiaz.com.br\/ribeiraopreto-regiao\/sp\/2022\/05\/06\/sul-americana-sao-paulo-joga-mal-e-fica-apenas-no-empate-com-o-everton","og_site_name":"Ribeir\u00e3o Preto e Regi\u00e3o","article_publisher":"https:\/\/m.facebook.com\/redenoticiaz.barretos","article_published_time":"2022-05-06T14:08:41+00:00","og_image":[{"width":400,"height":250,"url":"https:\/\/redenoticiaz.com.br\/ribeiraopreto-regiao\/wp-content\/uploads\/sites\/4\/2022\/02\/logo.jpg","type":"image\/jpeg"}],"author":"Leonardo Francisco","twitter_card":"summary_large_image","twitter_creator":"@RN_barretos","twitter_site":"@RN_barretos","twitter_misc":{"Escrito por":"Leonardo Francisco","Est. tempo de leitura":"2 minutos"},"schema":{"@context":"https:\/\/schema.org","@graph":[{"@type":"Article","@id":"https:\/\/redenoticiaz.com.br\/ribeiraopreto-regiao\/sp\/2022\/05\/06\/sul-americana-sao-paulo-joga-mal-e-fica-apenas-no-empate-com-o-everton#article","isPartOf":{"@id":"https:\/\/redenoticiaz.com.br\/ribeiraopreto-regiao\/sp\/2022\/05\/06\/sul-americana-sao-paulo-joga-mal-e-fica-apenas-no-empate-com-o-everton"},"author":{"name":"Leonardo Francisco","@id":"https:\/\/redenoticiaz.com.br\/ribeiraopreto-regiao\/#\/schema\/person\/0f0b8a5bdafefe82841e07ae8d81ecb3"},"headline":"Sul-Americana: S\u00e3o Paulo joga mal e fica apenas no empate com o Everton","datePublished":"2022-05-06T14:08:41+00:00","mainEntityOfPage":{"@id":"https:\/\/redenoticiaz.com.br\/ribeiraopreto-regiao\/sp\/2022\/05\/06\/sul-americana-sao-paulo-joga-mal-e-fica-apenas-no-empate-com-o-everton"},"wordCount":358,"commentCount":0,"publisher":{"@id":"https:\/\/redenoticiaz.com.br\/ribeiraopreto-regiao\/#organization"},"image":{"@id":"https:\/\/redenoticiaz.com.br\/ribeiraopreto-regiao\/sp\/2022\/05\/06\/sul-americana-sao-paulo-joga-mal-e-fica-apenas-no-empate-com-o-everton#primaryimage"},"thumbnailUrl":"https:\/\/redenoticiaz.com.br\/ribeiraopreto-regiao\/wp-content\/uploads\/sites\/4\/2022\/05\/sao-paulo-everton-6-681x454-1.jpg?v=1651846081","keywords":["CHILE","COPA SUL-AMERICANA","EVERTON","S\u00c3O PAULO FC","VI\u00d1A DEL MAR"],"articleSection":["Esporte"],"inLanguage":"pt-BR","potentialAction":[{"@type":"CommentAction","name":"Comment","target":["https:\/\/redenoticiaz.com.br\/ribeiraopreto-regiao\/sp\/2022\/05\/06\/sul-americana-sao-paulo-joga-mal-e-fica-apenas-no-empate-com-o-everton#respond"]}]},{"@type":"WebPage","@id":"https:\/\/redenoticiaz.com.br\/ribeiraopreto-regiao\/sp\/2022\/05\/06\/sul-americana-sao-paulo-joga-mal-e-fica-apenas-no-empate-com-o-everton","url":"https:\/\/redenoticiaz.com.br\/ribeiraopreto-regiao\/sp\/2022\/05\/06\/sul-americana-sao-paulo-joga-mal-e-fica-apenas-no-empate-com-o-everton","name":"Sul-Americana: S\u00e3o Paulo joga mal e fica apenas no empate com o Everton - Ribeir\u00e3o Preto e Regi\u00e3o","isPartOf":{"@id":"https:\/\/redenoticiaz.com.br\/ribeiraopreto-regiao\/#website"},"primaryImageOfPage":{"@id":"https:\/\/redenoticiaz.com.br\/ribeiraopreto-regiao\/sp\/2022\/05\/06\/sul-americana-sao-paulo-joga-mal-e-fica-apenas-no-empate-com-o-everton#primaryimage"},"image":{"@id":"https:\/\/redenoticiaz.com.br\/ribeiraopreto-regiao\/sp\/2022\/05\/06\/sul-americana-sao-paulo-joga-mal-e-fica-apenas-no-empate-com-o-everton#primaryimage"},"thumbnailUrl":"https:\/\/redenoticiaz.com.br\/ribeiraopreto-regiao\/wp-content\/uploads\/sites\/4\/2022\/05\/sao-paulo-everton-6-681x454-1.jpg?v=1651846081","datePublished":"2022-05-06T14:08:41+00:00","description":"O S\u00e3o Paulo tinha tudo e mais um pouco para garantir de vez a vaga nas oitavas de final da Copa Sul-Americana. Nessa quinta","inLanguage":"pt-BR","potentialAction":[{"@type":"ReadAction","target":["https:\/\/redenoticiaz.com.br\/ribeiraopreto-regiao\/sp\/2022\/05\/06\/sul-americana-sao-paulo-joga-mal-e-fica-apenas-no-empate-com-o-everton"]}]},{"@type":"ImageObject","inLanguage":"pt-BR","@id":"https:\/\/redenoticiaz.com.br\/ribeiraopreto-regiao\/sp\/2022\/05\/06\/sul-americana-sao-paulo-joga-mal-e-fica-apenas-no-empate-com-o-everton#primaryimage","url":"https:\/\/redenoticiaz.com.br\/ribeiraopreto-regiao\/wp-content\/uploads\/sites\/4\/2022\/05\/sao-paulo-everton-6-681x454-1.jpg?v=1651846081","contentUrl":"https:\/\/redenoticiaz.com.br\/ribeiraopreto-regiao\/wp-content\/uploads\/sites\/4\/2022\/05\/sao-paulo-everton-6-681x454-1.jpg?v=1651846081","width":681,"height":454,"caption":"Cr\u00e9ditos: Divulga\u00e7\u00e3o\/Conmebol"},{"@type":"WebSite","@id":"https:\/\/redenoticiaz.com.br\/ribeiraopreto-regiao\/#website","url":"https:\/\/redenoticiaz.com.br\/ribeiraopreto-regiao\/","name":"Ribeir\u00e3o Preto e Regi\u00e3o","description":"Rede NoticiaZ - Ribeir\u00e3o Preto e regi\u00e3o","publisher":{"@id":"https:\/\/redenoticiaz.com.br\/ribeiraopreto-regiao\/#organization"},"potentialAction":[{"@type":"SearchAction","target":{"@type":"EntryPoint","urlTemplate":"https:\/\/redenoticiaz.com.br\/ribeiraopreto-regiao\/?s={search_term_string}"},"query-input":{"@type":"PropertyValueSpecification","valueRequired":true,"valueName":"search_term_string"}}],"inLanguage":"pt-BR"},{"@type":"Organization","@id":"https:\/\/redenoticiaz.com.br\/ribeiraopreto-regiao\/#organization","name":"Ribeir\u00e3o Preto e Regi\u00e3o","url":"https:\/\/redenoticiaz.com.br\/ribeiraopreto-regiao\/","logo":{"@type":"ImageObject","inLanguage":"pt-BR","@id":"https:\/\/redenoticiaz.com.br\/ribeiraopreto-regiao\/#\/schema\/logo\/image\/","url":"https:\/\/redenoticiaz.com.br\/barretos-regiao\/wp-content\/uploads\/sites\/4\/2022\/02\/logo.jpg","contentUrl":"https:\/\/redenoticiaz.com.br\/barretos-regiao\/wp-content\/uploads\/sites\/4\/2022\/02\/logo.jpg","width":400,"height":250,"caption":"Ribeir\u00e3o Preto e Regi\u00e3o"},"image":{"@id":"https:\/\/redenoticiaz.com.br\/ribeiraopreto-regiao\/#\/schema\/logo\/image\/"},"sameAs":["https:\/\/m.facebook.com\/redenoticiaz.barretos","https:\/\/x.com\/RN_barretos","https:\/\/www.instagram.com\/redenoticiaz.barretos\/?igshid=YmMyMTA2M2Y","https:\/\/www.linkedin.com\/company\/rede-noticiaz-barretos-e-regio\/"]},{"@type":"Person","@id":"https:\/\/redenoticiaz.com.br\/ribeiraopreto-regiao\/#\/schema\/person\/0f0b8a5bdafefe82841e07ae8d81ecb3","name":"Leonardo Francisco","image":{"@type":"ImageObject","inLanguage":"pt-BR","@id":"https:\/\/secure.gravatar.com\/avatar\/a7358cb406a99b682ec6df1e77e31ae82e63601f6784e8a3df411d72b37864da?s=96&d=mm&r=g","url":"https:\/\/secure.gravatar.com\/avatar\/a7358cb406a99b682ec6df1e77e31ae82e63601f6784e8a3df411d72b37864da?s=96&d=mm&r=g","contentUrl":"https:\/\/secure.gravatar.com\/avatar\/a7358cb406a99b682ec6df1e77e31ae82e63601f6784e8a3df411d72b37864da?s=96&d=mm&r=g","caption":"Leonardo Francisco"},"url":"https:\/\/redenoticiaz.com.br\/ribeiraopreto-regiao\/sp\/author\/leonardo-francisco"}]}},"_links":{"self":[{"href":"https:\/\/redenoticiaz.com.br\/ribeiraopreto-regiao\/wp-json\/wp\/v2\/posts\/3680","targetHints":{"allow":["GET"]}}],"collection":[{"href":"https:\/\/redenoticiaz.com.br\/ribeiraopreto-regiao\/wp-json\/wp\/v2\/posts"}],"about":[{"href":"https:\/\/redenoticiaz.com.br\/ribeiraopreto-regiao\/wp-json\/wp\/v2\/types\/post"}],"author":[{"embeddable":true,"href":"https:\/\/redenoticiaz.com.br\/ribeiraopreto-regiao\/wp-json\/wp\/v2\/users\/6"}],"replies":[{"embeddable":true,"href":"https:\/\/redenoticiaz.com.br\/ribeiraopreto-regiao\/wp-json\/wp\/v2\/comments?post=3680"}],"version-history":[{"count":0,"href":"https:\/\/redenoticiaz.com.br\/ribeiraopreto-regiao\/wp-json\/wp\/v2\/posts\/3680\/revisions"}],"wp:featuredmedia":[{"embeddable":true,"href":"https:\/\/redenoticiaz.com.br\/ribeiraopreto-regiao\/wp-json\/wp\/v2\/media\/3681"}],"wp:attachment":[{"href":"https:\/\/redenoticiaz.com.br\/ribeiraopreto-regiao\/wp-json\/wp\/v2\/media?parent=3680"}],"wp:term":[{"taxonomy":"category","embeddable":true,"href":"https:\/\/redenoticiaz.com.br\/ribeiraopreto-regiao\/wp-json\/wp\/v2\/categories?post=3680"},{"taxonomy":"post_tag","embeddable":true,"href":"https:\/\/redenoticiaz.com.br\/ribeiraopreto-regiao\/wp-json\/wp\/v2\/tags?post=3680"}],"curies":[{"name":"wp","href":"https:\/\/api.w.org\/{rel}","templated":true}]}}