{"id":3740,"date":"2022-05-08T12:51:47","date_gmt":"2022-05-08T15:51:47","guid":{"rendered":"https:\/\/redenoticiaz.com.br\/barretos-regiao\/sp\/2022\/05\/08\/video-show-do-matue-acaba-em-tiroteio-e-com-uma-pessoa-ferida-na-plateia"},"modified":"2022-05-08T12:51:47","modified_gmt":"2022-05-08T15:51:47","slug":"video-show-do-matue-acaba-em-tiroteio-e-com-uma-pessoa-ferida-na-plateia","status":"publish","type":"post","link":"https:\/\/redenoticiaz.com.br\/ribeiraopreto-regiao\/sp\/2022\/05\/08\/video-show-do-matue-acaba-em-tiroteio-e-com-uma-pessoa-ferida-na-plateia","title":{"rendered":"V\u00cdDEO &#8211; Show do Matu\u00ea acaba em tiroteio e com uma pessoa ferida na plateia"},"content":{"rendered":"<p>Era para ser um domingo (8) animado e de muita alegria com o <strong>show do cantor Matu\u00ea<\/strong> em uma casa noturna do Centro de <a href=\"https:\/\/www.santos.sp.gov.br\/\">Santos<\/a>, Litoral de S\u00e3o Paulo. Mas ele foi trocado por um <strong>tiroteio<\/strong> no meio do show. Uma pessoa ficou ferida da plateia e o show teve que parar.<\/p>\n<p>As imagens circularam pelas redes sociais e nas imagens \u00e9 poss\u00edvel ver o Matu\u00ea cantando e o show rolando normalmente. Mas de repente, barulhos de disparos foram ouvidos. A Pol\u00edcia Militar estava pr\u00f3xima da casa noturna e compareceu ao local. Uma pessoa ficou ferida e o show foi interrompido.<\/p>\n<p>Por causa do tiroteio, o p\u00fablico foi embora imediatamente e contaram \u00e0 PM que viram um rapaz baleado e com a cor p\u00e1lida.<\/p>\n<h5>Veja o v\u00eddeo:<\/h5>\n<div style=\"width: 720px;\" class=\"wp-video\"><video class=\"wp-video-shortcode\" id=\"video-3740-1\" width=\"720\" height=\"1280\" preload=\"metadata\" controls=\"controls\"><source type=\"video\/mp4\" src=\"https:\/\/redenoticiaz.com.br\/barretos-regiao\/wp-content\/uploads\/sites\/4\/2022\/05\/ga4trth0lpu298pg.mp4?_=1\" \/><a href=\"https:\/\/redenoticiaz.com.br\/barretos-regiao\/wp-content\/uploads\/sites\/4\/2022\/05\/ga4trth0lpu298pg.mp4\">https:\/\/redenoticiaz.com.br\/barretos-regiao\/wp-content\/uploads\/sites\/4\/2022\/05\/ga4trth0lpu298pg.mp4<\/a><\/video><\/div>\n<p>Pelas redes sociais, o cantor Matu\u00ea se manifestou sobre o tiroteio e garantiu que est\u00e1 bem. &#8220;A gente saiu da festa de boa. Para quem n\u00e3o sabe, n\u00f3s fomos fazer um show agora h\u00e1 pouco e rolou tiroteio, maior confus\u00e3o. N\u00e3o sei exatamente por que, nem como foi, nem quem foi. Mas a gente teve que sair poque a situa\u00e7\u00e3o.<\/p>\n<p>Ainda de acordo com o cantor, dise que n\u00e3o ouviu o barulho dos tiros, devido ao alto volume da m\u00fasica e s\u00f3 descobriu a ocorr\u00eancia, proque foi avisado pela produ\u00e7\u00e3o. &#8220;\u00c9 bizarro, aparentemente teve um sujeito que rolou uma desaven\u00e7a e o cara estragou o rol\u00ea de todo mundo. O show estava incr\u00edvel, a vibe muit massa, estava todfo mundo bem, e uma pessoa foi l\u00e1 e estragou o rol\u00ea inteiro&#8221;.<\/p>\n<p>Matu\u00ea fez quest\u00e3o de desejar for\u00e7a \u00e0 v\u00edtima e ainda elogiou Santos. &#8220;N\u00e3o \u00e9 isso que vai mudar o meu carinho por Santos. Ainda vou voltar a\u00ed e estou mandando for\u00e7a para o mano que foi baleado. N\u00e3o tenho informa\u00e7\u00e3o, mas estou mandando for\u00e7a e espero que d\u00ea tudo certo&#8221;.<\/p>\n<h3>Respostas<\/h3>\n<p>A Prefeitura de Santos informou em nota que o SAMU n\u00e3o foi acionada e a Pol\u00edcia Militar atendeu a ocorr\u00eancia. J\u00e1 a DZ9 Eventos, produtora do show informou que o show e o tiroteio ocorreu na casa noturna Vallum Garden. O estabelecimento funcionava dentro dos requisitos legais e que ap\u00f3s o tiroteio, a v\u00edtima foi socorrida e a \u00e1rea foi evacuada.<\/p>\n<h5>Confira na \u00edntegra:<\/h5>\n<p><em>&#8220;Gostar\u00edamos de informar a todos que, no momento, estamos esclarecendo os fatos perante as autoridades policiais, recolhendo informa\u00e7\u00f5es para levar aos mesmos. Ao serem apuradas e conclu\u00eddas as investiga\u00e7\u00f5es, traremos \u00e0 tona o ocorrido. Portanto, n\u00e3o conseguimos dar muitas informa\u00e7\u00f5es.<\/em><\/p>\n<p><em>Importante esclarecer que a casa tinha alvar\u00e1 de funcionamento e localiza\u00e7\u00e3o, preenchendo os requisitos necess\u00e1rios. Saliente-se que em pouco tempo realizamos a evacua\u00e7\u00e3o total da casa, junto a sa\u00eddas de emerg\u00eancia. A ambul\u00e2ncia contratada para permanecer no local prestou os primeiros socorros, e em poucos minutos a v\u00edtima j\u00e1 estava no hospital, os bombeiros e os enfermeiros que estavam na casa orientaram a todos e realizaram os primeiros procedimentos com a v\u00edtima. Os seguran\u00e7as agiram no momento do disparo e estavam todos capacitados para o trabalgo e em grande quantidade.<\/em><\/p>\n<p><em>Os disparos vieram, provavelmente, d euma poss\u00edvel briga envolvendo um policial que estava na condi\u00e7\u00e3o de frequentador do evento. Por\u00e9m n\u00e3o podemos dar mais informa\u00e7\u00f5es por ainda estarem sendo apurados os fatos. Mas a casa estava com seguran\u00e7as, bombeiros, enfermeiros e a UTI M\u00d3VEL e tudo para garantir um evento tranquilo. Por\u00e9m, por lei, n\u00e3o podemos impedir um policial de entrar armado. Ficamos \u00e0 disposi\u00e7\u00e3o para maiores esclarecimentos e continuaremos contribuindo com as autoridades para obter a mais r\u00e1pida apura\u00e7\u00e3o e solu\u00e7\u00e3o do caso.&#8221;<\/em><\/p>\n<p><strong>LEIA TAMB\u00c9M<\/strong><\/p>\n<p><a href=\"https:\/\/redenoticiaz.com.br\/litoralsp\/2022\/05\/07\/homem-pega-20-anos-de-condenacao-por-matar-colega-com-golpes-de-bambu\">Homem pega 20 anos de condena\u00e7\u00e3o por matar colega com golpes de bambu<\/a><\/p>\n","protected":false},"excerpt":{"rendered":"<p>Era para ser um domingo (8) animado e de muita alegria com o show do cantor Matu\u00ea em uma casa noturna do Centro de Santos, Litoral de S\u00e3o Paulo. Mas ele foi trocado por um tiroteio no meio do show. Uma pessoa ficou ferida da plateia e o show teve que parar. As imagens circularam &hellip;<\/p>\n","protected":false},"author":6,"featured_media":3741,"comment_status":"open","ping_status":"closed","sticky":false,"template":"","format":"standard","meta":{"footnotes":""},"categories":[815,88],"tags":[6223,11634,15159,15160,191,664,9793],"class_list":["post-3740","post","type-post","status-publish","format-standard","has-post-thumbnail","hentry","category-cultura-e-musica","category-policia","tag-casa-noturna","tag-centro-de-santos","tag-matue","tag-pessoa-baleada","tag-santos","tag-show","tag-tiroteio"],"yoast_head":"<!-- This site is optimized with the Yoast SEO plugin v27.4 - https:\/\/yoast.com\/product\/yoast-seo-wordpress\/ -->\n<title>V\u00cdDEO - Show do Matu\u00ea acaba em tiroteio e com uma pessoa ferida na plateia - Ribeir\u00e3o Preto e Regi\u00e3o<\/title>\n<meta name=\"description\" content=\"com o show do cantor Matu\u00ea em uma casa noturna do Centro de Santos, Litoral de S\u00e3o Paulo. Mas ele foi trocado por um tiroteio no meio\" \/>\n<meta name=\"robots\" content=\"index, follow, max-snippet:-1, max-image-preview:large, max-video-preview:-1\" \/>\n<link rel=\"canonical\" href=\"https:\/\/redenoticiaz.com.br\/ribeiraopreto-regiao\/sp\/2022\/05\/08\/video-show-do-matue-acaba-em-tiroteio-e-com-uma-pessoa-ferida-na-plateia\" \/>\n<meta property=\"og:locale\" content=\"pt_BR\" \/>\n<meta property=\"og:type\" content=\"article\" \/>\n<meta property=\"og:title\" content=\"V\u00cdDEO - Show do Matu\u00ea acaba em tiroteio e com uma pessoa ferida na plateia - Ribeir\u00e3o Preto e Regi\u00e3o\" \/>\n<meta property=\"og:description\" content=\"com o show do cantor Matu\u00ea em uma casa noturna do Centro de Santos, Litoral de S\u00e3o Paulo. Mas ele foi trocado por um tiroteio no meio\" \/>\n<meta property=\"og:url\" content=\"https:\/\/redenoticiaz.com.br\/ribeiraopreto-regiao\/sp\/2022\/05\/08\/video-show-do-matue-acaba-em-tiroteio-e-com-uma-pessoa-ferida-na-plateia\" \/>\n<meta property=\"og:site_name\" content=\"Ribeir\u00e3o Preto e Regi\u00e3o\" \/>\n<meta property=\"article:publisher\" content=\"https:\/\/m.facebook.com\/redenoticiaz.barretos\" \/>\n<meta property=\"article:published_time\" content=\"2022-05-08T15:51:47+00:00\" \/>\n<meta property=\"og:image\" content=\"https:\/\/redenoticiaz.com.br\/ribeiraopreto-regiao\/wp-content\/uploads\/sites\/4\/2022\/02\/logo.jpg\" \/>\n\t<meta property=\"og:image:width\" content=\"400\" \/>\n\t<meta property=\"og:image:height\" content=\"250\" \/>\n\t<meta property=\"og:image:type\" content=\"image\/jpeg\" \/>\n<meta name=\"author\" content=\"Leonardo Francisco\" \/>\n<meta name=\"twitter:card\" content=\"summary_large_image\" \/>\n<meta name=\"twitter:creator\" content=\"@RN_barretos\" \/>\n<meta name=\"twitter:site\" content=\"@RN_barretos\" \/>\n<meta name=\"twitter:label1\" content=\"Escrito por\" \/>\n\t<meta name=\"twitter:data1\" content=\"Leonardo Francisco\" \/>\n\t<meta name=\"twitter:label2\" content=\"Est. tempo de leitura\" \/>\n\t<meta name=\"twitter:data2\" content=\"3 minutos\" \/>\n<script type=\"application\/ld+json\" class=\"yoast-schema-graph\">{\"@context\":\"https:\\\/\\\/schema.org\",\"@graph\":[{\"@type\":\"Article\",\"@id\":\"https:\\\/\\\/redenoticiaz.com.br\\\/ribeiraopreto-regiao\\\/sp\\\/2022\\\/05\\\/08\\\/video-show-do-matue-acaba-em-tiroteio-e-com-uma-pessoa-ferida-na-plateia#article\",\"isPartOf\":{\"@id\":\"https:\\\/\\\/redenoticiaz.com.br\\\/ribeiraopreto-regiao\\\/sp\\\/2022\\\/05\\\/08\\\/video-show-do-matue-acaba-em-tiroteio-e-com-uma-pessoa-ferida-na-plateia\"},\"author\":{\"name\":\"Leonardo Francisco\",\"@id\":\"https:\\\/\\\/redenoticiaz.com.br\\\/ribeiraopreto-regiao\\\/#\\\/schema\\\/person\\\/0f0b8a5bdafefe82841e07ae8d81ecb3\"},\"headline\":\"V\u00cdDEO &#8211; Show do Matu\u00ea acaba em tiroteio e com uma pessoa ferida na plateia\",\"datePublished\":\"2022-05-08T15:51:47+00:00\",\"mainEntityOfPage\":{\"@id\":\"https:\\\/\\\/redenoticiaz.com.br\\\/ribeiraopreto-regiao\\\/sp\\\/2022\\\/05\\\/08\\\/video-show-do-matue-acaba-em-tiroteio-e-com-uma-pessoa-ferida-na-plateia\"},\"wordCount\":688,\"commentCount\":0,\"publisher\":{\"@id\":\"https:\\\/\\\/redenoticiaz.com.br\\\/ribeiraopreto-regiao\\\/#organization\"},\"image\":{\"@id\":\"https:\\\/\\\/redenoticiaz.com.br\\\/ribeiraopreto-regiao\\\/sp\\\/2022\\\/05\\\/08\\\/video-show-do-matue-acaba-em-tiroteio-e-com-uma-pessoa-ferida-na-plateia#primaryimage\"},\"thumbnailUrl\":\"https:\\\/\\\/redenoticiaz.com.br\\\/ribeiraopreto-regiao\\\/wp-content\\\/uploads\\\/sites\\\/4\\\/2022\\\/05\\\/matue.jpg\",\"keywords\":[\"CASA NOTURNA\",\"CENTRO DE SANTOS\",\"MATU\u00ca\",\"PESSOA BALEADA\",\"Santos\",\"SHOW\",\"TIROTEIO\"],\"articleSection\":[\"Cultura e M\u00fasica\",\"Pol\u00edcia\"],\"inLanguage\":\"pt-BR\",\"potentialAction\":[{\"@type\":\"CommentAction\",\"name\":\"Comment\",\"target\":[\"https:\\\/\\\/redenoticiaz.com.br\\\/ribeiraopreto-regiao\\\/sp\\\/2022\\\/05\\\/08\\\/video-show-do-matue-acaba-em-tiroteio-e-com-uma-pessoa-ferida-na-plateia#respond\"]}]},{\"@type\":\"WebPage\",\"@id\":\"https:\\\/\\\/redenoticiaz.com.br\\\/ribeiraopreto-regiao\\\/sp\\\/2022\\\/05\\\/08\\\/video-show-do-matue-acaba-em-tiroteio-e-com-uma-pessoa-ferida-na-plateia\",\"url\":\"https:\\\/\\\/redenoticiaz.com.br\\\/ribeiraopreto-regiao\\\/sp\\\/2022\\\/05\\\/08\\\/video-show-do-matue-acaba-em-tiroteio-e-com-uma-pessoa-ferida-na-plateia\",\"name\":\"V\u00cdDEO - Show do Matu\u00ea acaba em tiroteio e com uma pessoa ferida na plateia - Ribeir\u00e3o Preto e Regi\u00e3o\",\"isPartOf\":{\"@id\":\"https:\\\/\\\/redenoticiaz.com.br\\\/ribeiraopreto-regiao\\\/#website\"},\"primaryImageOfPage\":{\"@id\":\"https:\\\/\\\/redenoticiaz.com.br\\\/ribeiraopreto-regiao\\\/sp\\\/2022\\\/05\\\/08\\\/video-show-do-matue-acaba-em-tiroteio-e-com-uma-pessoa-ferida-na-plateia#primaryimage\"},\"image\":{\"@id\":\"https:\\\/\\\/redenoticiaz.com.br\\\/ribeiraopreto-regiao\\\/sp\\\/2022\\\/05\\\/08\\\/video-show-do-matue-acaba-em-tiroteio-e-com-uma-pessoa-ferida-na-plateia#primaryimage\"},\"thumbnailUrl\":\"https:\\\/\\\/redenoticiaz.com.br\\\/ribeiraopreto-regiao\\\/wp-content\\\/uploads\\\/sites\\\/4\\\/2022\\\/05\\\/matue.jpg\",\"datePublished\":\"2022-05-08T15:51:47+00:00\",\"description\":\"com o show do cantor Matu\u00ea em uma casa noturna do Centro de Santos, Litoral de S\u00e3o Paulo. Mas ele foi trocado por um tiroteio no meio\",\"inLanguage\":\"pt-BR\",\"potentialAction\":[{\"@type\":\"ReadAction\",\"target\":[\"https:\\\/\\\/redenoticiaz.com.br\\\/ribeiraopreto-regiao\\\/sp\\\/2022\\\/05\\\/08\\\/video-show-do-matue-acaba-em-tiroteio-e-com-uma-pessoa-ferida-na-plateia\"]}]},{\"@type\":\"ImageObject\",\"inLanguage\":\"pt-BR\",\"@id\":\"https:\\\/\\\/redenoticiaz.com.br\\\/ribeiraopreto-regiao\\\/sp\\\/2022\\\/05\\\/08\\\/video-show-do-matue-acaba-em-tiroteio-e-com-uma-pessoa-ferida-na-plateia#primaryimage\",\"url\":\"https:\\\/\\\/redenoticiaz.com.br\\\/ribeiraopreto-regiao\\\/wp-content\\\/uploads\\\/sites\\\/4\\\/2022\\\/05\\\/matue.jpg\",\"contentUrl\":\"https:\\\/\\\/redenoticiaz.com.br\\\/ribeiraopreto-regiao\\\/wp-content\\\/uploads\\\/sites\\\/4\\\/2022\\\/05\\\/matue.jpg\",\"width\":900,\"height\":600,\"caption\":\"Cr\u00e9ditos: Reprodu\u00e7\u00e3o\\\/Twitter\"},{\"@type\":\"WebSite\",\"@id\":\"https:\\\/\\\/redenoticiaz.com.br\\\/ribeiraopreto-regiao\\\/#website\",\"url\":\"https:\\\/\\\/redenoticiaz.com.br\\\/ribeiraopreto-regiao\\\/\",\"name\":\"Ribeir\u00e3o Preto e Regi\u00e3o\",\"description\":\"Rede NoticiaZ - Ribeir\u00e3o Preto e regi\u00e3o\",\"publisher\":{\"@id\":\"https:\\\/\\\/redenoticiaz.com.br\\\/ribeiraopreto-regiao\\\/#organization\"},\"potentialAction\":[{\"@type\":\"SearchAction\",\"target\":{\"@type\":\"EntryPoint\",\"urlTemplate\":\"https:\\\/\\\/redenoticiaz.com.br\\\/ribeiraopreto-regiao\\\/?s={search_term_string}\"},\"query-input\":{\"@type\":\"PropertyValueSpecification\",\"valueRequired\":true,\"valueName\":\"search_term_string\"}}],\"inLanguage\":\"pt-BR\"},{\"@type\":\"Organization\",\"@id\":\"https:\\\/\\\/redenoticiaz.com.br\\\/ribeiraopreto-regiao\\\/#organization\",\"name\":\"Ribeir\u00e3o Preto e Regi\u00e3o\",\"url\":\"https:\\\/\\\/redenoticiaz.com.br\\\/ribeiraopreto-regiao\\\/\",\"logo\":{\"@type\":\"ImageObject\",\"inLanguage\":\"pt-BR\",\"@id\":\"https:\\\/\\\/redenoticiaz.com.br\\\/ribeiraopreto-regiao\\\/#\\\/schema\\\/logo\\\/image\\\/\",\"url\":\"https:\\\/\\\/redenoticiaz.com.br\\\/barretos-regiao\\\/wp-content\\\/uploads\\\/sites\\\/4\\\/2022\\\/02\\\/logo.jpg\",\"contentUrl\":\"https:\\\/\\\/redenoticiaz.com.br\\\/barretos-regiao\\\/wp-content\\\/uploads\\\/sites\\\/4\\\/2022\\\/02\\\/logo.jpg\",\"width\":400,\"height\":250,\"caption\":\"Ribeir\u00e3o Preto e Regi\u00e3o\"},\"image\":{\"@id\":\"https:\\\/\\\/redenoticiaz.com.br\\\/ribeiraopreto-regiao\\\/#\\\/schema\\\/logo\\\/image\\\/\"},\"sameAs\":[\"https:\\\/\\\/m.facebook.com\\\/redenoticiaz.barretos\",\"https:\\\/\\\/x.com\\\/RN_barretos\",\"https:\\\/\\\/www.instagram.com\\\/redenoticiaz.barretos\\\/?igshid=YmMyMTA2M2Y\",\"https:\\\/\\\/www.linkedin.com\\\/company\\\/rede-noticiaz-barretos-e-regio\\\/\"]},{\"@type\":\"Person\",\"@id\":\"https:\\\/\\\/redenoticiaz.com.br\\\/ribeiraopreto-regiao\\\/#\\\/schema\\\/person\\\/0f0b8a5bdafefe82841e07ae8d81ecb3\",\"name\":\"Leonardo Francisco\",\"image\":{\"@type\":\"ImageObject\",\"inLanguage\":\"pt-BR\",\"@id\":\"https:\\\/\\\/secure.gravatar.com\\\/avatar\\\/a7358cb406a99b682ec6df1e77e31ae82e63601f6784e8a3df411d72b37864da?s=96&d=mm&r=g\",\"url\":\"https:\\\/\\\/secure.gravatar.com\\\/avatar\\\/a7358cb406a99b682ec6df1e77e31ae82e63601f6784e8a3df411d72b37864da?s=96&d=mm&r=g\",\"contentUrl\":\"https:\\\/\\\/secure.gravatar.com\\\/avatar\\\/a7358cb406a99b682ec6df1e77e31ae82e63601f6784e8a3df411d72b37864da?s=96&d=mm&r=g\",\"caption\":\"Leonardo Francisco\"},\"url\":\"https:\\\/\\\/redenoticiaz.com.br\\\/ribeiraopreto-regiao\\\/sp\\\/author\\\/leonardo-francisco\"}]}<\/script>\n<!-- \/ Yoast SEO plugin. -->","yoast_head_json":{"title":"V\u00cdDEO - Show do Matu\u00ea acaba em tiroteio e com uma pessoa ferida na plateia - Ribeir\u00e3o Preto e Regi\u00e3o","description":"com o show do cantor Matu\u00ea em uma casa noturna do Centro de Santos, Litoral de S\u00e3o Paulo. Mas ele foi trocado por um tiroteio no meio","robots":{"index":"index","follow":"follow","max-snippet":"max-snippet:-1","max-image-preview":"max-image-preview:large","max-video-preview":"max-video-preview:-1"},"canonical":"https:\/\/redenoticiaz.com.br\/ribeiraopreto-regiao\/sp\/2022\/05\/08\/video-show-do-matue-acaba-em-tiroteio-e-com-uma-pessoa-ferida-na-plateia","og_locale":"pt_BR","og_type":"article","og_title":"V\u00cdDEO - Show do Matu\u00ea acaba em tiroteio e com uma pessoa ferida na plateia - Ribeir\u00e3o Preto e Regi\u00e3o","og_description":"com o show do cantor Matu\u00ea em uma casa noturna do Centro de Santos, Litoral de S\u00e3o Paulo. Mas ele foi trocado por um tiroteio no meio","og_url":"https:\/\/redenoticiaz.com.br\/ribeiraopreto-regiao\/sp\/2022\/05\/08\/video-show-do-matue-acaba-em-tiroteio-e-com-uma-pessoa-ferida-na-plateia","og_site_name":"Ribeir\u00e3o Preto e Regi\u00e3o","article_publisher":"https:\/\/m.facebook.com\/redenoticiaz.barretos","article_published_time":"2022-05-08T15:51:47+00:00","og_image":[{"width":400,"height":250,"url":"https:\/\/redenoticiaz.com.br\/ribeiraopreto-regiao\/wp-content\/uploads\/sites\/4\/2022\/02\/logo.jpg","type":"image\/jpeg"}],"author":"Leonardo Francisco","twitter_card":"summary_large_image","twitter_creator":"@RN_barretos","twitter_site":"@RN_barretos","twitter_misc":{"Escrito por":"Leonardo Francisco","Est. tempo de leitura":"3 minutos"},"schema":{"@context":"https:\/\/schema.org","@graph":[{"@type":"Article","@id":"https:\/\/redenoticiaz.com.br\/ribeiraopreto-regiao\/sp\/2022\/05\/08\/video-show-do-matue-acaba-em-tiroteio-e-com-uma-pessoa-ferida-na-plateia#article","isPartOf":{"@id":"https:\/\/redenoticiaz.com.br\/ribeiraopreto-regiao\/sp\/2022\/05\/08\/video-show-do-matue-acaba-em-tiroteio-e-com-uma-pessoa-ferida-na-plateia"},"author":{"name":"Leonardo Francisco","@id":"https:\/\/redenoticiaz.com.br\/ribeiraopreto-regiao\/#\/schema\/person\/0f0b8a5bdafefe82841e07ae8d81ecb3"},"headline":"V\u00cdDEO &#8211; Show do Matu\u00ea acaba em tiroteio e com uma pessoa ferida na plateia","datePublished":"2022-05-08T15:51:47+00:00","mainEntityOfPage":{"@id":"https:\/\/redenoticiaz.com.br\/ribeiraopreto-regiao\/sp\/2022\/05\/08\/video-show-do-matue-acaba-em-tiroteio-e-com-uma-pessoa-ferida-na-plateia"},"wordCount":688,"commentCount":0,"publisher":{"@id":"https:\/\/redenoticiaz.com.br\/ribeiraopreto-regiao\/#organization"},"image":{"@id":"https:\/\/redenoticiaz.com.br\/ribeiraopreto-regiao\/sp\/2022\/05\/08\/video-show-do-matue-acaba-em-tiroteio-e-com-uma-pessoa-ferida-na-plateia#primaryimage"},"thumbnailUrl":"https:\/\/redenoticiaz.com.br\/ribeiraopreto-regiao\/wp-content\/uploads\/sites\/4\/2022\/05\/matue.jpg","keywords":["CASA NOTURNA","CENTRO DE SANTOS","MATU\u00ca","PESSOA BALEADA","Santos","SHOW","TIROTEIO"],"articleSection":["Cultura e M\u00fasica","Pol\u00edcia"],"inLanguage":"pt-BR","potentialAction":[{"@type":"CommentAction","name":"Comment","target":["https:\/\/redenoticiaz.com.br\/ribeiraopreto-regiao\/sp\/2022\/05\/08\/video-show-do-matue-acaba-em-tiroteio-e-com-uma-pessoa-ferida-na-plateia#respond"]}]},{"@type":"WebPage","@id":"https:\/\/redenoticiaz.com.br\/ribeiraopreto-regiao\/sp\/2022\/05\/08\/video-show-do-matue-acaba-em-tiroteio-e-com-uma-pessoa-ferida-na-plateia","url":"https:\/\/redenoticiaz.com.br\/ribeiraopreto-regiao\/sp\/2022\/05\/08\/video-show-do-matue-acaba-em-tiroteio-e-com-uma-pessoa-ferida-na-plateia","name":"V\u00cdDEO - Show do Matu\u00ea acaba em tiroteio e com uma pessoa ferida na plateia - Ribeir\u00e3o Preto e Regi\u00e3o","isPartOf":{"@id":"https:\/\/redenoticiaz.com.br\/ribeiraopreto-regiao\/#website"},"primaryImageOfPage":{"@id":"https:\/\/redenoticiaz.com.br\/ribeiraopreto-regiao\/sp\/2022\/05\/08\/video-show-do-matue-acaba-em-tiroteio-e-com-uma-pessoa-ferida-na-plateia#primaryimage"},"image":{"@id":"https:\/\/redenoticiaz.com.br\/ribeiraopreto-regiao\/sp\/2022\/05\/08\/video-show-do-matue-acaba-em-tiroteio-e-com-uma-pessoa-ferida-na-plateia#primaryimage"},"thumbnailUrl":"https:\/\/redenoticiaz.com.br\/ribeiraopreto-regiao\/wp-content\/uploads\/sites\/4\/2022\/05\/matue.jpg","datePublished":"2022-05-08T15:51:47+00:00","description":"com o show do cantor Matu\u00ea em uma casa noturna do Centro de Santos, Litoral de S\u00e3o Paulo. Mas ele foi trocado por um tiroteio no meio","inLanguage":"pt-BR","potentialAction":[{"@type":"ReadAction","target":["https:\/\/redenoticiaz.com.br\/ribeiraopreto-regiao\/sp\/2022\/05\/08\/video-show-do-matue-acaba-em-tiroteio-e-com-uma-pessoa-ferida-na-plateia"]}]},{"@type":"ImageObject","inLanguage":"pt-BR","@id":"https:\/\/redenoticiaz.com.br\/ribeiraopreto-regiao\/sp\/2022\/05\/08\/video-show-do-matue-acaba-em-tiroteio-e-com-uma-pessoa-ferida-na-plateia#primaryimage","url":"https:\/\/redenoticiaz.com.br\/ribeiraopreto-regiao\/wp-content\/uploads\/sites\/4\/2022\/05\/matue.jpg","contentUrl":"https:\/\/redenoticiaz.com.br\/ribeiraopreto-regiao\/wp-content\/uploads\/sites\/4\/2022\/05\/matue.jpg","width":900,"height":600,"caption":"Cr\u00e9ditos: Reprodu\u00e7\u00e3o\/Twitter"},{"@type":"WebSite","@id":"https:\/\/redenoticiaz.com.br\/ribeiraopreto-regiao\/#website","url":"https:\/\/redenoticiaz.com.br\/ribeiraopreto-regiao\/","name":"Ribeir\u00e3o Preto e Regi\u00e3o","description":"Rede NoticiaZ - Ribeir\u00e3o Preto e regi\u00e3o","publisher":{"@id":"https:\/\/redenoticiaz.com.br\/ribeiraopreto-regiao\/#organization"},"potentialAction":[{"@type":"SearchAction","target":{"@type":"EntryPoint","urlTemplate":"https:\/\/redenoticiaz.com.br\/ribeiraopreto-regiao\/?s={search_term_string}"},"query-input":{"@type":"PropertyValueSpecification","valueRequired":true,"valueName":"search_term_string"}}],"inLanguage":"pt-BR"},{"@type":"Organization","@id":"https:\/\/redenoticiaz.com.br\/ribeiraopreto-regiao\/#organization","name":"Ribeir\u00e3o Preto e Regi\u00e3o","url":"https:\/\/redenoticiaz.com.br\/ribeiraopreto-regiao\/","logo":{"@type":"ImageObject","inLanguage":"pt-BR","@id":"https:\/\/redenoticiaz.com.br\/ribeiraopreto-regiao\/#\/schema\/logo\/image\/","url":"https:\/\/redenoticiaz.com.br\/barretos-regiao\/wp-content\/uploads\/sites\/4\/2022\/02\/logo.jpg","contentUrl":"https:\/\/redenoticiaz.com.br\/barretos-regiao\/wp-content\/uploads\/sites\/4\/2022\/02\/logo.jpg","width":400,"height":250,"caption":"Ribeir\u00e3o Preto e Regi\u00e3o"},"image":{"@id":"https:\/\/redenoticiaz.com.br\/ribeiraopreto-regiao\/#\/schema\/logo\/image\/"},"sameAs":["https:\/\/m.facebook.com\/redenoticiaz.barretos","https:\/\/x.com\/RN_barretos","https:\/\/www.instagram.com\/redenoticiaz.barretos\/?igshid=YmMyMTA2M2Y","https:\/\/www.linkedin.com\/company\/rede-noticiaz-barretos-e-regio\/"]},{"@type":"Person","@id":"https:\/\/redenoticiaz.com.br\/ribeiraopreto-regiao\/#\/schema\/person\/0f0b8a5bdafefe82841e07ae8d81ecb3","name":"Leonardo Francisco","image":{"@type":"ImageObject","inLanguage":"pt-BR","@id":"https:\/\/secure.gravatar.com\/avatar\/a7358cb406a99b682ec6df1e77e31ae82e63601f6784e8a3df411d72b37864da?s=96&d=mm&r=g","url":"https:\/\/secure.gravatar.com\/avatar\/a7358cb406a99b682ec6df1e77e31ae82e63601f6784e8a3df411d72b37864da?s=96&d=mm&r=g","contentUrl":"https:\/\/secure.gravatar.com\/avatar\/a7358cb406a99b682ec6df1e77e31ae82e63601f6784e8a3df411d72b37864da?s=96&d=mm&r=g","caption":"Leonardo Francisco"},"url":"https:\/\/redenoticiaz.com.br\/ribeiraopreto-regiao\/sp\/author\/leonardo-francisco"}]}},"_links":{"self":[{"href":"https:\/\/redenoticiaz.com.br\/ribeiraopreto-regiao\/wp-json\/wp\/v2\/posts\/3740","targetHints":{"allow":["GET"]}}],"collection":[{"href":"https:\/\/redenoticiaz.com.br\/ribeiraopreto-regiao\/wp-json\/wp\/v2\/posts"}],"about":[{"href":"https:\/\/redenoticiaz.com.br\/ribeiraopreto-regiao\/wp-json\/wp\/v2\/types\/post"}],"author":[{"embeddable":true,"href":"https:\/\/redenoticiaz.com.br\/ribeiraopreto-regiao\/wp-json\/wp\/v2\/users\/6"}],"replies":[{"embeddable":true,"href":"https:\/\/redenoticiaz.com.br\/ribeiraopreto-regiao\/wp-json\/wp\/v2\/comments?post=3740"}],"version-history":[{"count":1,"href":"https:\/\/redenoticiaz.com.br\/ribeiraopreto-regiao\/wp-json\/wp\/v2\/posts\/3740\/revisions"}],"predecessor-version":[{"id":3743,"href":"https:\/\/redenoticiaz.com.br\/ribeiraopreto-regiao\/wp-json\/wp\/v2\/posts\/3740\/revisions\/3743"}],"wp:featuredmedia":[{"embeddable":true,"href":"https:\/\/redenoticiaz.com.br\/ribeiraopreto-regiao\/wp-json\/wp\/v2\/media\/3741"}],"wp:attachment":[{"href":"https:\/\/redenoticiaz.com.br\/ribeiraopreto-regiao\/wp-json\/wp\/v2\/media?parent=3740"}],"wp:term":[{"taxonomy":"category","embeddable":true,"href":"https:\/\/redenoticiaz.com.br\/ribeiraopreto-regiao\/wp-json\/wp\/v2\/categories?post=3740"},{"taxonomy":"post_tag","embeddable":true,"href":"https:\/\/redenoticiaz.com.br\/ribeiraopreto-regiao\/wp-json\/wp\/v2\/tags?post=3740"}],"curies":[{"name":"wp","href":"https:\/\/api.w.org\/{rel}","templated":true}]}}