{"id":3837,"date":"2022-05-14T10:00:03","date_gmt":"2022-05-14T13:00:03","guid":{"rendered":"https:\/\/redenoticiaz.com.br\/barretos-regiao\/?p=3837"},"modified":"2022-05-10T17:27:23","modified_gmt":"2022-05-10T20:27:23","slug":"trailer-conheca-as-protagonistas-de-maldivas-serie-brasileira-da-netflix","status":"publish","type":"post","link":"https:\/\/redenoticiaz.com.br\/ribeiraopreto-regiao\/sp\/2022\/05\/14\/trailer-conheca-as-protagonistas-de-maldivas-serie-brasileira-da-netflix","title":{"rendered":"Trailer: Conhe\u00e7a as protagonistas de Maldivas, s\u00e9rie brasileira da Netflix"},"content":{"rendered":"<p>Escrita por Natalia Klein, a produ\u00e7\u00e3o brasileira \u00e9 ambientada em um condom\u00ednio na Barra da Tijuca, no Rio de Janeiro. A atmosfera solar e agitada do condom\u00ednio <a href=\"http:\/\/www.netflix.com\">Maldivas<\/a>, esconde muitos segredos e um deles vai ser revelado agora: a data de quando come\u00e7a uma misteriosa hist\u00f3ria envolvendo seus moradores.<\/p>\n<p>Protagonizada por Bruna Marquezine, Manu Gavassi, Sheron Menezzes, Carol Castro, Vanessa Gerbelli e Natalia Klein, tamb\u00e9m criadora e roteirista, a s\u00e9rie\u00a0<strong><em>Maldivas<\/em><\/strong>\u00a0finalmente chega \u00e0 Netflix no dia 15 de junho.<\/p>\n<p><em>&#8220;Eu estou super emocionada com a proximidade da estreia de\u00a0Maldivas. Eu sinto como se estivesse fazendo cardio todo dia sem precisar ir \u00e0 academia \u2014 cora\u00e7\u00e3o acelerad\u00edssimo. E, por falar em cora\u00e7\u00e3o, preparem a\u00ed o de voc\u00eas porque o que n\u00e3o falta nessa s\u00e9rie \u00e9 reviravolta na trama. Nossas personagens vivem uma realidade exc\u00eantrica, mas, ao mesmo tempo, s\u00e3o muito reais e humanas. Vamos torcer por elas, ter raiva delas, sentir medo por elas&#8230; vai ser uma jornada divertida e bem intensa&#8221;<\/em>, comenta a roteirista e atriz Natalia Klein.<\/p>\n<h4>Assista ao trailer:<\/h4>\n<div class=\"wp-playlist wp-video-playlist wp-playlist-light\">\n\t\t<video controls=\"controls\" preload=\"none\" width=\"640\"\n\t\t height=\"360\"\t><\/video>\n\t<div class=\"wp-playlist-next\"><\/div>\n\t<div class=\"wp-playlist-prev\"><\/div>\n\t<noscript>\n\t<ol>\n\t\t<li><a href='https:\/\/redenoticiaz.com.br\/ribeiraopreto-regiao\/wp-content\/uploads\/sites\/4\/2022\/05\/maldivas-_-apresentacao-de-personagens-_-netflix-brasil.mp4'>Maldivas _ Apresenta\u00e7\u00e3o de Personagens _ Netflix Brasil<\/a><\/li>\t<\/ol>\n\t<\/noscript>\n\t<script type=\"application\/json\" class=\"wp-playlist-script\">{\"type\":\"video\",\"tracklist\":true,\"tracknumbers\":true,\"images\":true,\"artists\":true,\"tracks\":[{\"src\":\"https:\/\/redenoticiaz.com.br\/ribeiraopreto-regiao\/wp-content\/uploads\/sites\/4\/2022\/05\/maldivas-_-apresentacao-de-personagens-_-netflix-brasil.mp4\",\"type\":\"video\/mp4\",\"title\":\"Maldivas _ Apresenta\\u00e7\\u00e3o de Personagens _ Netflix Brasil\",\"caption\":\"Trailer: Conhe\\u00e7a as protagonistas de Maldivas, s\\u00e9rie brasileira da Netflix\",\"description\":\"\",\"meta\":{\"length_formatted\":\"1:09\"},\"dimensions\":{\"original\":{\"width\":1280,\"height\":720},\"resized\":{\"width\":640,\"height\":360}},\"image\":{\"src\":\"https:\/\/redenoticiaz.com.br\/ribeiraopreto-regiao\/wp-includes\/images\/media\/video.svg\",\"width\":48,\"height\":64},\"thumb\":{\"src\":\"https:\/\/redenoticiaz.com.br\/ribeiraopreto-regiao\/wp-includes\/images\/media\/video.svg\",\"width\":48,\"height\":64}}]}<\/script>\n<\/div>\n\t\n<h4>Sinopese:<\/h4>\n<p><em>Na dram\u00e9dia de tom sarc\u00e1stico regada a muitos drinks \u00e0 beira da piscina, os vizinhos do Maldivas fazem de tudo para manter as apar\u00eancias, enquanto Liz (Bruna Marquezine), que acaba de chegar de Goi\u00e1s, tenta desvendar os reais motivos por tr\u00e1s de um suspeito inc\u00eandio que matou sua m\u00e3e, L\u00e9ia (Vanessa Gerbelli). Atr\u00e1s de respostas, ela ter\u00e1 que se esquivar da investiga\u00e7\u00e3o policial e se infiltrar em um universo cheio de personagens peculiares. Entre eles, a s\u00edndica Milene (Manu Gavassi); Rayssa (Sheron Menezzes), uma ex-cantora de ax\u00e9 convertida em empres\u00e1ria de sucesso; Kat (Carol Castro), uma dona de casa e m\u00e3e de dois filhos que acoberta as falcatruas do marido; e Ver\u00f4nica (Natalia Klein), vizinha e melhor amiga de L\u00e9ia.<\/em><\/p>\n<p>LEIA TAMB\u00c9M:\u00a0<a href=\"https:\/\/redenoticiaz.com.br\/barretos-regiao\/sp\/2022\/04\/24\/todos-os-lancamentos-da-netflix-em-maio\">Todos os lan\u00e7amentos da Netflix em maio<\/a><\/p>\n","protected":false},"excerpt":{"rendered":"<p>Escrita por Natalia Klein, a produ\u00e7\u00e3o brasileira \u00e9 ambientada em um condom\u00ednio na Barra da Tijuca, no Rio de Janeiro. A atmosfera solar e agitada do condom\u00ednio Maldivas, esconde muitos segredos e um deles vai ser revelado agora: a data de quando come\u00e7a uma misteriosa hist\u00f3ria envolvendo seus moradores. Protagonizada por Bruna Marquezine, Manu Gavassi, &hellip;<\/p>\n","protected":false},"author":15,"featured_media":3839,"comment_status":"open","ping_status":"closed","sticky":false,"template":"","format":"standard","meta":{"footnotes":""},"categories":[469],"tags":[14953,15527,5887,15528,9943],"class_list":["post-3837","post","type-post","status-publish","format-standard","has-post-thumbnail","hentry","category-cultura","tag-lancamento","tag-maldivas","tag-netflix","tag-serie-brasileira","tag-trailer"],"yoast_head":"<!-- This site is optimized with the Yoast SEO plugin v27.4 - https:\/\/yoast.com\/product\/yoast-seo-wordpress\/ -->\n<title>Trailer: Conhe\u00e7a as protagonistas de Maldivas, s\u00e9rie brasileira da Netflix - Ribeir\u00e3o Preto e Regi\u00e3o<\/title>\n<meta name=\"description\" content=\"A nova s\u00e9rie Maldivas \u00e9 escrita por Natalia Klein, a produ\u00e7\u00e3o brasileira \u00e9 ambientada em um condom\u00ednio na Barra da Tijuca, no Rio de Janeiro.\" \/>\n<meta name=\"robots\" content=\"index, follow, max-snippet:-1, max-image-preview:large, max-video-preview:-1\" \/>\n<link rel=\"canonical\" href=\"https:\/\/redenoticiaz.com.br\/ribeiraopreto-regiao\/sp\/2022\/05\/14\/trailer-conheca-as-protagonistas-de-maldivas-serie-brasileira-da-netflix\" \/>\n<meta property=\"og:locale\" content=\"pt_BR\" \/>\n<meta property=\"og:type\" content=\"article\" \/>\n<meta property=\"og:title\" content=\"Trailer: Conhe\u00e7a as protagonistas de Maldivas, s\u00e9rie brasileira da Netflix - Ribeir\u00e3o Preto e Regi\u00e3o\" \/>\n<meta property=\"og:description\" content=\"A nova s\u00e9rie Maldivas \u00e9 escrita por Natalia Klein, a produ\u00e7\u00e3o brasileira \u00e9 ambientada em um condom\u00ednio na Barra da Tijuca, no Rio de Janeiro.\" \/>\n<meta property=\"og:url\" content=\"https:\/\/redenoticiaz.com.br\/ribeiraopreto-regiao\/sp\/2022\/05\/14\/trailer-conheca-as-protagonistas-de-maldivas-serie-brasileira-da-netflix\" \/>\n<meta property=\"og:site_name\" content=\"Ribeir\u00e3o Preto e Regi\u00e3o\" \/>\n<meta property=\"article:publisher\" content=\"https:\/\/m.facebook.com\/redenoticiaz.barretos\" \/>\n<meta property=\"article:published_time\" content=\"2022-05-14T13:00:03+00:00\" \/>\n<meta property=\"og:image\" content=\"https:\/\/redenoticiaz.com.br\/ribeiraopreto-regiao\/wp-content\/uploads\/sites\/4\/2022\/05\/design-sem-nome-4.png\" \/>\n\t<meta property=\"og:image:width\" content=\"300\" \/>\n\t<meta property=\"og:image:height\" content=\"200\" \/>\n\t<meta property=\"og:image:type\" content=\"image\/png\" \/>\n<meta name=\"twitter:card\" content=\"summary_large_image\" \/>\n<meta name=\"twitter:creator\" content=\"@RN_barretos\" \/>\n<meta name=\"twitter:site\" content=\"@RN_barretos\" \/>\n<meta name=\"twitter:label1\" content=\"Escrito por\" \/>\n\t<meta name=\"twitter:data1\" content=\"\" \/>\n\t<meta name=\"twitter:label2\" content=\"Est. tempo de leitura\" \/>\n\t<meta name=\"twitter:data2\" content=\"2 minutos\" \/>\n<script type=\"application\/ld+json\" class=\"yoast-schema-graph\">{\"@context\":\"https:\\\/\\\/schema.org\",\"@graph\":[{\"@type\":\"Article\",\"@id\":\"https:\\\/\\\/redenoticiaz.com.br\\\/ribeiraopreto-regiao\\\/sp\\\/2022\\\/05\\\/14\\\/trailer-conheca-as-protagonistas-de-maldivas-serie-brasileira-da-netflix#article\",\"isPartOf\":{\"@id\":\"https:\\\/\\\/redenoticiaz.com.br\\\/ribeiraopreto-regiao\\\/sp\\\/2022\\\/05\\\/14\\\/trailer-conheca-as-protagonistas-de-maldivas-serie-brasileira-da-netflix\"},\"author\":{\"name\":\"\",\"@id\":\"\"},\"headline\":\"Trailer: Conhe\u00e7a as protagonistas de Maldivas, s\u00e9rie brasileira da Netflix\",\"datePublished\":\"2022-05-14T13:00:03+00:00\",\"mainEntityOfPage\":{\"@id\":\"https:\\\/\\\/redenoticiaz.com.br\\\/ribeiraopreto-regiao\\\/sp\\\/2022\\\/05\\\/14\\\/trailer-conheca-as-protagonistas-de-maldivas-serie-brasileira-da-netflix\"},\"wordCount\":344,\"commentCount\":0,\"publisher\":{\"@id\":\"https:\\\/\\\/redenoticiaz.com.br\\\/ribeiraopreto-regiao\\\/#organization\"},\"image\":{\"@id\":\"https:\\\/\\\/redenoticiaz.com.br\\\/ribeiraopreto-regiao\\\/sp\\\/2022\\\/05\\\/14\\\/trailer-conheca-as-protagonistas-de-maldivas-serie-brasileira-da-netflix#primaryimage\"},\"thumbnailUrl\":\"https:\\\/\\\/redenoticiaz.com.br\\\/ribeiraopreto-regiao\\\/wp-content\\\/uploads\\\/sites\\\/4\\\/2022\\\/05\\\/design-sem-nome-4.png\",\"keywords\":[\"LAN\u00c7AMENTO\",\"MALDIVAS\",\"NETFLIX\",\"S\u00c9RIE BRASILEIRA\",\"TRAILER\"],\"articleSection\":[\"Cultura\"],\"inLanguage\":\"pt-BR\",\"potentialAction\":[{\"@type\":\"CommentAction\",\"name\":\"Comment\",\"target\":[\"https:\\\/\\\/redenoticiaz.com.br\\\/ribeiraopreto-regiao\\\/sp\\\/2022\\\/05\\\/14\\\/trailer-conheca-as-protagonistas-de-maldivas-serie-brasileira-da-netflix#respond\"]}]},{\"@type\":\"WebPage\",\"@id\":\"https:\\\/\\\/redenoticiaz.com.br\\\/ribeiraopreto-regiao\\\/sp\\\/2022\\\/05\\\/14\\\/trailer-conheca-as-protagonistas-de-maldivas-serie-brasileira-da-netflix\",\"url\":\"https:\\\/\\\/redenoticiaz.com.br\\\/ribeiraopreto-regiao\\\/sp\\\/2022\\\/05\\\/14\\\/trailer-conheca-as-protagonistas-de-maldivas-serie-brasileira-da-netflix\",\"name\":\"Trailer: Conhe\u00e7a as protagonistas de Maldivas, s\u00e9rie brasileira da Netflix - Ribeir\u00e3o Preto e Regi\u00e3o\",\"isPartOf\":{\"@id\":\"https:\\\/\\\/redenoticiaz.com.br\\\/ribeiraopreto-regiao\\\/#website\"},\"primaryImageOfPage\":{\"@id\":\"https:\\\/\\\/redenoticiaz.com.br\\\/ribeiraopreto-regiao\\\/sp\\\/2022\\\/05\\\/14\\\/trailer-conheca-as-protagonistas-de-maldivas-serie-brasileira-da-netflix#primaryimage\"},\"image\":{\"@id\":\"https:\\\/\\\/redenoticiaz.com.br\\\/ribeiraopreto-regiao\\\/sp\\\/2022\\\/05\\\/14\\\/trailer-conheca-as-protagonistas-de-maldivas-serie-brasileira-da-netflix#primaryimage\"},\"thumbnailUrl\":\"https:\\\/\\\/redenoticiaz.com.br\\\/ribeiraopreto-regiao\\\/wp-content\\\/uploads\\\/sites\\\/4\\\/2022\\\/05\\\/design-sem-nome-4.png\",\"datePublished\":\"2022-05-14T13:00:03+00:00\",\"description\":\"A nova s\u00e9rie Maldivas \u00e9 escrita por Natalia Klein, a produ\u00e7\u00e3o brasileira \u00e9 ambientada em um condom\u00ednio na Barra da Tijuca, no Rio de Janeiro.\",\"inLanguage\":\"pt-BR\",\"potentialAction\":[{\"@type\":\"ReadAction\",\"target\":[\"https:\\\/\\\/redenoticiaz.com.br\\\/ribeiraopreto-regiao\\\/sp\\\/2022\\\/05\\\/14\\\/trailer-conheca-as-protagonistas-de-maldivas-serie-brasileira-da-netflix\"]}]},{\"@type\":\"ImageObject\",\"inLanguage\":\"pt-BR\",\"@id\":\"https:\\\/\\\/redenoticiaz.com.br\\\/ribeiraopreto-regiao\\\/sp\\\/2022\\\/05\\\/14\\\/trailer-conheca-as-protagonistas-de-maldivas-serie-brasileira-da-netflix#primaryimage\",\"url\":\"https:\\\/\\\/redenoticiaz.com.br\\\/ribeiraopreto-regiao\\\/wp-content\\\/uploads\\\/sites\\\/4\\\/2022\\\/05\\\/design-sem-nome-4.png\",\"contentUrl\":\"https:\\\/\\\/redenoticiaz.com.br\\\/ribeiraopreto-regiao\\\/wp-content\\\/uploads\\\/sites\\\/4\\\/2022\\\/05\\\/design-sem-nome-4.png\",\"width\":300,\"height\":200,\"caption\":\"Confira ao trailer da nova s\u00e9rie brasileira da Netflix. Cr\u00e9dito: Reprodu\u00e7\u00e3o\"},{\"@type\":\"WebSite\",\"@id\":\"https:\\\/\\\/redenoticiaz.com.br\\\/ribeiraopreto-regiao\\\/#website\",\"url\":\"https:\\\/\\\/redenoticiaz.com.br\\\/ribeiraopreto-regiao\\\/\",\"name\":\"Ribeir\u00e3o Preto e Regi\u00e3o\",\"description\":\"Rede NoticiaZ - Ribeir\u00e3o Preto e regi\u00e3o\",\"publisher\":{\"@id\":\"https:\\\/\\\/redenoticiaz.com.br\\\/ribeiraopreto-regiao\\\/#organization\"},\"potentialAction\":[{\"@type\":\"SearchAction\",\"target\":{\"@type\":\"EntryPoint\",\"urlTemplate\":\"https:\\\/\\\/redenoticiaz.com.br\\\/ribeiraopreto-regiao\\\/?s={search_term_string}\"},\"query-input\":{\"@type\":\"PropertyValueSpecification\",\"valueRequired\":true,\"valueName\":\"search_term_string\"}}],\"inLanguage\":\"pt-BR\"},{\"@type\":\"Organization\",\"@id\":\"https:\\\/\\\/redenoticiaz.com.br\\\/ribeiraopreto-regiao\\\/#organization\",\"name\":\"Ribeir\u00e3o Preto e Regi\u00e3o\",\"url\":\"https:\\\/\\\/redenoticiaz.com.br\\\/ribeiraopreto-regiao\\\/\",\"logo\":{\"@type\":\"ImageObject\",\"inLanguage\":\"pt-BR\",\"@id\":\"https:\\\/\\\/redenoticiaz.com.br\\\/ribeiraopreto-regiao\\\/#\\\/schema\\\/logo\\\/image\\\/\",\"url\":\"https:\\\/\\\/redenoticiaz.com.br\\\/barretos-regiao\\\/wp-content\\\/uploads\\\/sites\\\/4\\\/2022\\\/02\\\/logo.jpg\",\"contentUrl\":\"https:\\\/\\\/redenoticiaz.com.br\\\/barretos-regiao\\\/wp-content\\\/uploads\\\/sites\\\/4\\\/2022\\\/02\\\/logo.jpg\",\"width\":400,\"height\":250,\"caption\":\"Ribeir\u00e3o Preto e Regi\u00e3o\"},\"image\":{\"@id\":\"https:\\\/\\\/redenoticiaz.com.br\\\/ribeiraopreto-regiao\\\/#\\\/schema\\\/logo\\\/image\\\/\"},\"sameAs\":[\"https:\\\/\\\/m.facebook.com\\\/redenoticiaz.barretos\",\"https:\\\/\\\/x.com\\\/RN_barretos\",\"https:\\\/\\\/www.instagram.com\\\/redenoticiaz.barretos\\\/?igshid=YmMyMTA2M2Y\",\"https:\\\/\\\/www.linkedin.com\\\/company\\\/rede-noticiaz-barretos-e-regio\\\/\"]},{\"@type\":\"Person\",\"@id\":\"\",\"url\":\"https:\\\/\\\/redenoticiaz.com.br\\\/ribeiraopreto-regiao\\\/sp\\\/author\"}]}<\/script>\n<!-- \/ Yoast SEO plugin. -->","yoast_head_json":{"title":"Trailer: Conhe\u00e7a as protagonistas de Maldivas, s\u00e9rie brasileira da Netflix - Ribeir\u00e3o Preto e Regi\u00e3o","description":"A nova s\u00e9rie Maldivas \u00e9 escrita por Natalia Klein, a produ\u00e7\u00e3o brasileira \u00e9 ambientada em um condom\u00ednio na Barra da Tijuca, no Rio de Janeiro.","robots":{"index":"index","follow":"follow","max-snippet":"max-snippet:-1","max-image-preview":"max-image-preview:large","max-video-preview":"max-video-preview:-1"},"canonical":"https:\/\/redenoticiaz.com.br\/ribeiraopreto-regiao\/sp\/2022\/05\/14\/trailer-conheca-as-protagonistas-de-maldivas-serie-brasileira-da-netflix","og_locale":"pt_BR","og_type":"article","og_title":"Trailer: Conhe\u00e7a as protagonistas de Maldivas, s\u00e9rie brasileira da Netflix - Ribeir\u00e3o Preto e Regi\u00e3o","og_description":"A nova s\u00e9rie Maldivas \u00e9 escrita por Natalia Klein, a produ\u00e7\u00e3o brasileira \u00e9 ambientada em um condom\u00ednio na Barra da Tijuca, no Rio de Janeiro.","og_url":"https:\/\/redenoticiaz.com.br\/ribeiraopreto-regiao\/sp\/2022\/05\/14\/trailer-conheca-as-protagonistas-de-maldivas-serie-brasileira-da-netflix","og_site_name":"Ribeir\u00e3o Preto e Regi\u00e3o","article_publisher":"https:\/\/m.facebook.com\/redenoticiaz.barretos","article_published_time":"2022-05-14T13:00:03+00:00","og_image":[{"width":300,"height":200,"url":"https:\/\/redenoticiaz.com.br\/ribeiraopreto-regiao\/wp-content\/uploads\/sites\/4\/2022\/05\/design-sem-nome-4.png","type":"image\/png"}],"twitter_card":"summary_large_image","twitter_creator":"@RN_barretos","twitter_site":"@RN_barretos","twitter_misc":{"Escrito por":"","Est. tempo de leitura":"2 minutos"},"schema":{"@context":"https:\/\/schema.org","@graph":[{"@type":"Article","@id":"https:\/\/redenoticiaz.com.br\/ribeiraopreto-regiao\/sp\/2022\/05\/14\/trailer-conheca-as-protagonistas-de-maldivas-serie-brasileira-da-netflix#article","isPartOf":{"@id":"https:\/\/redenoticiaz.com.br\/ribeiraopreto-regiao\/sp\/2022\/05\/14\/trailer-conheca-as-protagonistas-de-maldivas-serie-brasileira-da-netflix"},"author":{"name":"","@id":""},"headline":"Trailer: Conhe\u00e7a as protagonistas de Maldivas, s\u00e9rie brasileira da Netflix","datePublished":"2022-05-14T13:00:03+00:00","mainEntityOfPage":{"@id":"https:\/\/redenoticiaz.com.br\/ribeiraopreto-regiao\/sp\/2022\/05\/14\/trailer-conheca-as-protagonistas-de-maldivas-serie-brasileira-da-netflix"},"wordCount":344,"commentCount":0,"publisher":{"@id":"https:\/\/redenoticiaz.com.br\/ribeiraopreto-regiao\/#organization"},"image":{"@id":"https:\/\/redenoticiaz.com.br\/ribeiraopreto-regiao\/sp\/2022\/05\/14\/trailer-conheca-as-protagonistas-de-maldivas-serie-brasileira-da-netflix#primaryimage"},"thumbnailUrl":"https:\/\/redenoticiaz.com.br\/ribeiraopreto-regiao\/wp-content\/uploads\/sites\/4\/2022\/05\/design-sem-nome-4.png","keywords":["LAN\u00c7AMENTO","MALDIVAS","NETFLIX","S\u00c9RIE BRASILEIRA","TRAILER"],"articleSection":["Cultura"],"inLanguage":"pt-BR","potentialAction":[{"@type":"CommentAction","name":"Comment","target":["https:\/\/redenoticiaz.com.br\/ribeiraopreto-regiao\/sp\/2022\/05\/14\/trailer-conheca-as-protagonistas-de-maldivas-serie-brasileira-da-netflix#respond"]}]},{"@type":"WebPage","@id":"https:\/\/redenoticiaz.com.br\/ribeiraopreto-regiao\/sp\/2022\/05\/14\/trailer-conheca-as-protagonistas-de-maldivas-serie-brasileira-da-netflix","url":"https:\/\/redenoticiaz.com.br\/ribeiraopreto-regiao\/sp\/2022\/05\/14\/trailer-conheca-as-protagonistas-de-maldivas-serie-brasileira-da-netflix","name":"Trailer: Conhe\u00e7a as protagonistas de Maldivas, s\u00e9rie brasileira da Netflix - Ribeir\u00e3o Preto e Regi\u00e3o","isPartOf":{"@id":"https:\/\/redenoticiaz.com.br\/ribeiraopreto-regiao\/#website"},"primaryImageOfPage":{"@id":"https:\/\/redenoticiaz.com.br\/ribeiraopreto-regiao\/sp\/2022\/05\/14\/trailer-conheca-as-protagonistas-de-maldivas-serie-brasileira-da-netflix#primaryimage"},"image":{"@id":"https:\/\/redenoticiaz.com.br\/ribeiraopreto-regiao\/sp\/2022\/05\/14\/trailer-conheca-as-protagonistas-de-maldivas-serie-brasileira-da-netflix#primaryimage"},"thumbnailUrl":"https:\/\/redenoticiaz.com.br\/ribeiraopreto-regiao\/wp-content\/uploads\/sites\/4\/2022\/05\/design-sem-nome-4.png","datePublished":"2022-05-14T13:00:03+00:00","description":"A nova s\u00e9rie Maldivas \u00e9 escrita por Natalia Klein, a produ\u00e7\u00e3o brasileira \u00e9 ambientada em um condom\u00ednio na Barra da Tijuca, no Rio de Janeiro.","inLanguage":"pt-BR","potentialAction":[{"@type":"ReadAction","target":["https:\/\/redenoticiaz.com.br\/ribeiraopreto-regiao\/sp\/2022\/05\/14\/trailer-conheca-as-protagonistas-de-maldivas-serie-brasileira-da-netflix"]}]},{"@type":"ImageObject","inLanguage":"pt-BR","@id":"https:\/\/redenoticiaz.com.br\/ribeiraopreto-regiao\/sp\/2022\/05\/14\/trailer-conheca-as-protagonistas-de-maldivas-serie-brasileira-da-netflix#primaryimage","url":"https:\/\/redenoticiaz.com.br\/ribeiraopreto-regiao\/wp-content\/uploads\/sites\/4\/2022\/05\/design-sem-nome-4.png","contentUrl":"https:\/\/redenoticiaz.com.br\/ribeiraopreto-regiao\/wp-content\/uploads\/sites\/4\/2022\/05\/design-sem-nome-4.png","width":300,"height":200,"caption":"Confira ao trailer da nova s\u00e9rie brasileira da Netflix. Cr\u00e9dito: Reprodu\u00e7\u00e3o"},{"@type":"WebSite","@id":"https:\/\/redenoticiaz.com.br\/ribeiraopreto-regiao\/#website","url":"https:\/\/redenoticiaz.com.br\/ribeiraopreto-regiao\/","name":"Ribeir\u00e3o Preto e Regi\u00e3o","description":"Rede NoticiaZ - Ribeir\u00e3o Preto e regi\u00e3o","publisher":{"@id":"https:\/\/redenoticiaz.com.br\/ribeiraopreto-regiao\/#organization"},"potentialAction":[{"@type":"SearchAction","target":{"@type":"EntryPoint","urlTemplate":"https:\/\/redenoticiaz.com.br\/ribeiraopreto-regiao\/?s={search_term_string}"},"query-input":{"@type":"PropertyValueSpecification","valueRequired":true,"valueName":"search_term_string"}}],"inLanguage":"pt-BR"},{"@type":"Organization","@id":"https:\/\/redenoticiaz.com.br\/ribeiraopreto-regiao\/#organization","name":"Ribeir\u00e3o Preto e Regi\u00e3o","url":"https:\/\/redenoticiaz.com.br\/ribeiraopreto-regiao\/","logo":{"@type":"ImageObject","inLanguage":"pt-BR","@id":"https:\/\/redenoticiaz.com.br\/ribeiraopreto-regiao\/#\/schema\/logo\/image\/","url":"https:\/\/redenoticiaz.com.br\/barretos-regiao\/wp-content\/uploads\/sites\/4\/2022\/02\/logo.jpg","contentUrl":"https:\/\/redenoticiaz.com.br\/barretos-regiao\/wp-content\/uploads\/sites\/4\/2022\/02\/logo.jpg","width":400,"height":250,"caption":"Ribeir\u00e3o Preto e Regi\u00e3o"},"image":{"@id":"https:\/\/redenoticiaz.com.br\/ribeiraopreto-regiao\/#\/schema\/logo\/image\/"},"sameAs":["https:\/\/m.facebook.com\/redenoticiaz.barretos","https:\/\/x.com\/RN_barretos","https:\/\/www.instagram.com\/redenoticiaz.barretos\/?igshid=YmMyMTA2M2Y","https:\/\/www.linkedin.com\/company\/rede-noticiaz-barretos-e-regio\/"]},{"@type":"Person","@id":"","url":"https:\/\/redenoticiaz.com.br\/ribeiraopreto-regiao\/sp\/author"}]}},"_links":{"self":[{"href":"https:\/\/redenoticiaz.com.br\/ribeiraopreto-regiao\/wp-json\/wp\/v2\/posts\/3837","targetHints":{"allow":["GET"]}}],"collection":[{"href":"https:\/\/redenoticiaz.com.br\/ribeiraopreto-regiao\/wp-json\/wp\/v2\/posts"}],"about":[{"href":"https:\/\/redenoticiaz.com.br\/ribeiraopreto-regiao\/wp-json\/wp\/v2\/types\/post"}],"author":[{"embeddable":true,"href":"https:\/\/redenoticiaz.com.br\/ribeiraopreto-regiao\/wp-json\/wp\/v2\/users\/15"}],"replies":[{"embeddable":true,"href":"https:\/\/redenoticiaz.com.br\/ribeiraopreto-regiao\/wp-json\/wp\/v2\/comments?post=3837"}],"version-history":[{"count":1,"href":"https:\/\/redenoticiaz.com.br\/ribeiraopreto-regiao\/wp-json\/wp\/v2\/posts\/3837\/revisions"}],"predecessor-version":[{"id":3840,"href":"https:\/\/redenoticiaz.com.br\/ribeiraopreto-regiao\/wp-json\/wp\/v2\/posts\/3837\/revisions\/3840"}],"wp:featuredmedia":[{"embeddable":true,"href":"https:\/\/redenoticiaz.com.br\/ribeiraopreto-regiao\/wp-json\/wp\/v2\/media\/3839"}],"wp:attachment":[{"href":"https:\/\/redenoticiaz.com.br\/ribeiraopreto-regiao\/wp-json\/wp\/v2\/media?parent=3837"}],"wp:term":[{"taxonomy":"category","embeddable":true,"href":"https:\/\/redenoticiaz.com.br\/ribeiraopreto-regiao\/wp-json\/wp\/v2\/categories?post=3837"},{"taxonomy":"post_tag","embeddable":true,"href":"https:\/\/redenoticiaz.com.br\/ribeiraopreto-regiao\/wp-json\/wp\/v2\/tags?post=3837"}],"curies":[{"name":"wp","href":"https:\/\/api.w.org\/{rel}","templated":true}]}}