{"id":3921,"date":"2022-05-12T09:26:33","date_gmt":"2022-05-12T12:26:33","guid":{"rendered":"https:\/\/redenoticiaz.com.br\/barretos-regiao\/sp\/2022\/05\/12\/bragantino-e-atletico-mg-ficam-no-empate-em-rodada-antecipada-do-brasileirao"},"modified":"2022-05-12T09:26:33","modified_gmt":"2022-05-12T12:26:33","slug":"bragantino-e-atletico-mg-ficam-no-empate-em-rodada-antecipada-do-brasileirao","status":"publish","type":"post","link":"https:\/\/redenoticiaz.com.br\/ribeiraopreto-regiao\/sp\/2022\/05\/12\/bragantino-e-atletico-mg-ficam-no-empate-em-rodada-antecipada-do-brasileirao","title":{"rendered":"Bragantino e Atl\u00e9tico-MG ficam no empate em rodada antecipada do Brasileir\u00e3o"},"content":{"rendered":"<p>O <strong>Red Bull Bragantino<\/strong> entrou em campo nessa quarta-feira (11) para antecipar a s\u00e9tima rodada do <a href=\"https:\/\/www.cbf.com.br\/\">Campeonato Brasileiro<\/a> contra o <strong>Atl\u00e9tico-MG<\/strong>. No Nabi Abi Chedid, ambos buscaram a vit\u00f3ria para se aproximar do l\u00edder Corinthians, mas ficaram no empate.<\/p>\n<p>O primeiro tempo come\u00e7ou movimentado e com pol\u00eamica. Aos 18 minutos, houve a marca\u00e7\u00e3o de p\u00eanalti a favor do Galo ap\u00f3s o toque de m\u00e3o na bola, que gerou a expuls\u00e3o do zagueiro L\u00e9o Ortiz. Mas a\u00ed o \u00e1rbitro de v\u00eddeo foi acionado e o lance e a expuls\u00e3o foram anulados. Antes disso, aos 12, o Braga j\u00e1 abriu o placara com Ytalo, que finalizou.<\/p>\n<p>Depois disso, o Atl\u00e9tico-MG veio para cima e passou a sair para o jogo. S\u00f3 que o Massa Bruta tamb\u00e9m criou boas chancesm dessa vez com Helinho e Sorriso, mas n\u00e3o conseguiu ampliar o placar. Depois, aos 38, Allan acertou um bala\u00e7o de fora da \u00e1rea, mas parou em Cleiton.<\/p>\n<h3>Rea\u00e7\u00e3o do Galo<\/h3>\n<p>O segundo tempo come\u00e7ou com o Bragantino n\u00e3o deixando o Galo jogar e pressionou com uma forte marca\u00e7\u00e3o. Contudo o t\u00e9cnico El Turco Mohammed ajudou os mineiros a melhorarem e criou mais chances de gol. A press\u00e3o deu resultado e aos 20 minutos, Nacho Fern\u00e1ndez cobrou bem uma falta e empatou. O jogo seguiu equilibrado, mas quem chegava com mais perigo era o Atl\u00e9tico. A bola, entretanto, n\u00e3o encontrou mais as redes.<\/p>\n<p>Bragantino e Atl\u00e9tico-MG seguem juntos na classifica\u00e7\u00e3o do Campeonato Brasileiro. Os dois times somam nove pontos. O Massa Bruta \u00e9 o quinto colocado, e o Galo fica na sexta posi\u00e7\u00e3o por menor saldo de gols (quatro contra dois).<\/p>\n<p>No fim de semana, o Bragantino visita o Palmeiras, no s\u00e1bado (14) \u00e0s 16h30, no Allianz Parque. O Atl\u00e9tico-MG joga no mesmo dia, mas \u00e0s 19h, contra o Atl\u00e9tico-GO, no Independ\u00eancia.<\/p>\n<p><strong>LEIA TAMB\u00c9M<\/strong><\/p>\n<p><a href=\"https:\/\/redenoticiaz.com.br\/blog\/2022\/05\/12\/corinthians-e-palmeiras-confirmam-favoritismo-e-avancam-na-copa-do-brasil\">Corinthians e Palmeiras confirmam favoritismo e avan\u00e7am na Copa do Brasil<\/a><\/p>\n","protected":false},"excerpt":{"rendered":"<p>O Red Bull Bragantino entrou em campo nessa quarta-feira (11) para antecipar a s\u00e9tima rodada do Campeonato Brasileiro contra o Atl\u00e9tico-MG. No Nabi Abi Chedid, ambos buscaram a vit\u00f3ria para se aproximar do l\u00edder Corinthians, mas ficaram no empate. O primeiro tempo come\u00e7ou movimentado e com pol\u00eamica. Aos 18 minutos, houve a marca\u00e7\u00e3o de p\u00eanalti &hellip;<\/p>\n","protected":false},"author":6,"featured_media":3922,"comment_status":"open","ping_status":"closed","sticky":false,"template":"","format":"standard","meta":{"footnotes":""},"categories":[87],"tags":[2099,9428,3655,5482,382],"class_list":["post-3921","post","type-post","status-publish","format-standard","has-post-thumbnail","hentry","category-esporte","tag-atletico-mg","tag-brasileirao-2022","tag-campeonato-brasileiro","tag-nabi-abi-chedid","tag-red-bull-bragantino"],"yoast_head":"<!-- This site is optimized with the Yoast SEO plugin v28.3 - https:\/\/yoast.com\/product\/yoast-seo-wordpress\/ -->\n<title>Bragantino e Atl\u00e9tico-MG ficam no empate em rodada antecipada do Brasileir\u00e3o - Ribeir\u00e3o Preto e Regi\u00e3o<\/title>\n<meta name=\"description\" content=\"O Red Bull Bragantino entrou em campo nessa quarta-feira (11) para antecipar a s\u00e9tima rodada do Campeonato Brasileiro contra\" \/>\n<meta name=\"robots\" content=\"index, follow, max-snippet:-1, max-image-preview:large, max-video-preview:-1\" \/>\n<link rel=\"canonical\" href=\"https:\/\/redenoticiaz.com.br\/ribeiraopreto-regiao\/sp\/2022\/05\/12\/bragantino-e-atletico-mg-ficam-no-empate-em-rodada-antecipada-do-brasileirao\" \/>\n<meta property=\"og:locale\" content=\"pt_BR\" \/>\n<meta property=\"og:type\" content=\"article\" \/>\n<meta property=\"og:title\" content=\"Bragantino e Atl\u00e9tico-MG ficam no empate em rodada antecipada do Brasileir\u00e3o - Ribeir\u00e3o Preto e Regi\u00e3o\" \/>\n<meta property=\"og:description\" content=\"O Red Bull Bragantino entrou em campo nessa quarta-feira (11) para antecipar a s\u00e9tima rodada do Campeonato Brasileiro contra\" \/>\n<meta property=\"og:url\" content=\"https:\/\/redenoticiaz.com.br\/ribeiraopreto-regiao\/sp\/2022\/05\/12\/bragantino-e-atletico-mg-ficam-no-empate-em-rodada-antecipada-do-brasileirao\" \/>\n<meta property=\"og:site_name\" content=\"Ribeir\u00e3o Preto e Regi\u00e3o\" \/>\n<meta property=\"article:publisher\" content=\"https:\/\/m.facebook.com\/redenoticiaz.barretos\" \/>\n<meta property=\"article:published_time\" content=\"2022-05-12T12:26:33+00:00\" \/>\n<meta property=\"og:image\" content=\"https:\/\/redenoticiaz.com.br\/ribeiraopreto-regiao\/wp-content\/uploads\/sites\/4\/2022\/02\/logo.jpg\" \/>\n\t<meta property=\"og:image:width\" content=\"400\" \/>\n\t<meta property=\"og:image:height\" content=\"250\" \/>\n\t<meta property=\"og:image:type\" content=\"image\/jpeg\" \/>\n<meta name=\"author\" content=\"Leonardo Francisco\" \/>\n<meta name=\"twitter:card\" content=\"summary_large_image\" \/>\n<meta name=\"twitter:creator\" content=\"@RN_barretos\" \/>\n<meta name=\"twitter:site\" content=\"@RN_barretos\" \/>\n<meta name=\"twitter:label1\" content=\"Escrito por\" \/>\n\t<meta name=\"twitter:data1\" content=\"Leonardo Francisco\" \/>\n\t<meta name=\"twitter:label2\" content=\"Est. tempo de leitura\" \/>\n\t<meta name=\"twitter:data2\" content=\"2 minutos\" \/>\n<script type=\"application\/ld+json\" class=\"yoast-schema-graph\">{\"@context\":\"https:\\\/\\\/schema.org\",\"@graph\":[{\"@type\":\"Article\",\"@id\":\"https:\\\/\\\/redenoticiaz.com.br\\\/ribeiraopreto-regiao\\\/sp\\\/2022\\\/05\\\/12\\\/bragantino-e-atletico-mg-ficam-no-empate-em-rodada-antecipada-do-brasileirao#article\",\"isPartOf\":{\"@id\":\"https:\\\/\\\/redenoticiaz.com.br\\\/ribeiraopreto-regiao\\\/sp\\\/2022\\\/05\\\/12\\\/bragantino-e-atletico-mg-ficam-no-empate-em-rodada-antecipada-do-brasileirao\"},\"author\":{\"name\":\"Leonardo Francisco\",\"@id\":\"https:\\\/\\\/redenoticiaz.com.br\\\/ribeiraopreto-regiao\\\/#\\\/schema\\\/person\\\/0f0b8a5bdafefe82841e07ae8d81ecb3\"},\"headline\":\"Bragantino e Atl\u00e9tico-MG ficam no empate em rodada antecipada do Brasileir\u00e3o\",\"datePublished\":\"2022-05-12T12:26:33+00:00\",\"mainEntityOfPage\":{\"@id\":\"https:\\\/\\\/redenoticiaz.com.br\\\/ribeiraopreto-regiao\\\/sp\\\/2022\\\/05\\\/12\\\/bragantino-e-atletico-mg-ficam-no-empate-em-rodada-antecipada-do-brasileirao\"},\"wordCount\":353,\"commentCount\":0,\"publisher\":{\"@id\":\"https:\\\/\\\/redenoticiaz.com.br\\\/ribeiraopreto-regiao\\\/#organization\"},\"image\":{\"@id\":\"https:\\\/\\\/redenoticiaz.com.br\\\/ribeiraopreto-regiao\\\/sp\\\/2022\\\/05\\\/12\\\/bragantino-e-atletico-mg-ficam-no-empate-em-rodada-antecipada-do-brasileirao#primaryimage\"},\"thumbnailUrl\":\"https:\\\/\\\/redenoticiaz.com.br\\\/ribeiraopreto-regiao\\\/wp-content\\\/uploads\\\/sites\\\/4\\\/2022\\\/05\\\/rb.jpeg?v=1652358346\",\"keywords\":[\"ATL\u00c9TICO-MG\",\"BRASILEIR\u00c3O 2022\",\"CAMPEONATO BRASILEIRO\",\"NABI ABI CHEDID\",\"RED BULL BRAGANTINO\"],\"articleSection\":[\"Esporte\"],\"inLanguage\":\"pt-BR\",\"potentialAction\":[{\"@type\":\"CommentAction\",\"name\":\"Comment\",\"target\":[\"https:\\\/\\\/redenoticiaz.com.br\\\/ribeiraopreto-regiao\\\/sp\\\/2022\\\/05\\\/12\\\/bragantino-e-atletico-mg-ficam-no-empate-em-rodada-antecipada-do-brasileirao#respond\"]}]},{\"@type\":\"WebPage\",\"@id\":\"https:\\\/\\\/redenoticiaz.com.br\\\/ribeiraopreto-regiao\\\/sp\\\/2022\\\/05\\\/12\\\/bragantino-e-atletico-mg-ficam-no-empate-em-rodada-antecipada-do-brasileirao\",\"url\":\"https:\\\/\\\/redenoticiaz.com.br\\\/ribeiraopreto-regiao\\\/sp\\\/2022\\\/05\\\/12\\\/bragantino-e-atletico-mg-ficam-no-empate-em-rodada-antecipada-do-brasileirao\",\"name\":\"Bragantino e Atl\u00e9tico-MG ficam no empate em rodada antecipada do Brasileir\u00e3o - Ribeir\u00e3o Preto e Regi\u00e3o\",\"isPartOf\":{\"@id\":\"https:\\\/\\\/redenoticiaz.com.br\\\/ribeiraopreto-regiao\\\/#website\"},\"primaryImageOfPage\":{\"@id\":\"https:\\\/\\\/redenoticiaz.com.br\\\/ribeiraopreto-regiao\\\/sp\\\/2022\\\/05\\\/12\\\/bragantino-e-atletico-mg-ficam-no-empate-em-rodada-antecipada-do-brasileirao#primaryimage\"},\"image\":{\"@id\":\"https:\\\/\\\/redenoticiaz.com.br\\\/ribeiraopreto-regiao\\\/sp\\\/2022\\\/05\\\/12\\\/bragantino-e-atletico-mg-ficam-no-empate-em-rodada-antecipada-do-brasileirao#primaryimage\"},\"thumbnailUrl\":\"https:\\\/\\\/redenoticiaz.com.br\\\/ribeiraopreto-regiao\\\/wp-content\\\/uploads\\\/sites\\\/4\\\/2022\\\/05\\\/rb.jpeg?v=1652358346\",\"datePublished\":\"2022-05-12T12:26:33+00:00\",\"description\":\"O Red Bull Bragantino entrou em campo nessa quarta-feira (11) para antecipar a s\u00e9tima rodada do Campeonato Brasileiro contra\",\"inLanguage\":\"pt-BR\",\"potentialAction\":[{\"@type\":\"ReadAction\",\"target\":[\"https:\\\/\\\/redenoticiaz.com.br\\\/ribeiraopreto-regiao\\\/sp\\\/2022\\\/05\\\/12\\\/bragantino-e-atletico-mg-ficam-no-empate-em-rodada-antecipada-do-brasileirao\"]}]},{\"@type\":\"ImageObject\",\"inLanguage\":\"pt-BR\",\"@id\":\"https:\\\/\\\/redenoticiaz.com.br\\\/ribeiraopreto-regiao\\\/sp\\\/2022\\\/05\\\/12\\\/bragantino-e-atletico-mg-ficam-no-empate-em-rodada-antecipada-do-brasileirao#primaryimage\",\"url\":\"https:\\\/\\\/redenoticiaz.com.br\\\/ribeiraopreto-regiao\\\/wp-content\\\/uploads\\\/sites\\\/4\\\/2022\\\/05\\\/rb.jpeg?v=1652358346\",\"contentUrl\":\"https:\\\/\\\/redenoticiaz.com.br\\\/ribeiraopreto-regiao\\\/wp-content\\\/uploads\\\/sites\\\/4\\\/2022\\\/05\\\/rb.jpeg?v=1652358346\",\"width\":910,\"height\":607,\"caption\":\"Cr\u00e9ditos: Divulga\u00e7\u00e3o\\\/AGIF\"},{\"@type\":\"WebSite\",\"@id\":\"https:\\\/\\\/redenoticiaz.com.br\\\/ribeiraopreto-regiao\\\/#website\",\"url\":\"https:\\\/\\\/redenoticiaz.com.br\\\/ribeiraopreto-regiao\\\/\",\"name\":\"Ribeir\u00e3o Preto e Regi\u00e3o\",\"description\":\"Rede NoticiaZ - Ribeir\u00e3o Preto e regi\u00e3o\",\"publisher\":{\"@id\":\"https:\\\/\\\/redenoticiaz.com.br\\\/ribeiraopreto-regiao\\\/#organization\"},\"potentialAction\":[{\"@type\":\"SearchAction\",\"target\":{\"@type\":\"EntryPoint\",\"urlTemplate\":\"https:\\\/\\\/redenoticiaz.com.br\\\/ribeiraopreto-regiao\\\/?s={search_term_string}\"},\"query-input\":{\"@type\":\"PropertyValueSpecification\",\"valueRequired\":true,\"valueName\":\"search_term_string\"}}],\"inLanguage\":\"pt-BR\"},{\"@type\":\"Organization\",\"@id\":\"https:\\\/\\\/redenoticiaz.com.br\\\/ribeiraopreto-regiao\\\/#organization\",\"name\":\"Ribeir\u00e3o Preto e Regi\u00e3o\",\"url\":\"https:\\\/\\\/redenoticiaz.com.br\\\/ribeiraopreto-regiao\\\/\",\"logo\":{\"@type\":\"ImageObject\",\"inLanguage\":\"pt-BR\",\"@id\":\"https:\\\/\\\/redenoticiaz.com.br\\\/ribeiraopreto-regiao\\\/#\\\/schema\\\/logo\\\/image\\\/\",\"url\":\"https:\\\/\\\/redenoticiaz.com.br\\\/barretos-regiao\\\/wp-content\\\/uploads\\\/sites\\\/4\\\/2022\\\/02\\\/logo.jpg\",\"contentUrl\":\"https:\\\/\\\/redenoticiaz.com.br\\\/barretos-regiao\\\/wp-content\\\/uploads\\\/sites\\\/4\\\/2022\\\/02\\\/logo.jpg\",\"width\":400,\"height\":250,\"caption\":\"Ribeir\u00e3o Preto e Regi\u00e3o\"},\"image\":{\"@id\":\"https:\\\/\\\/redenoticiaz.com.br\\\/ribeiraopreto-regiao\\\/#\\\/schema\\\/logo\\\/image\\\/\"},\"sameAs\":[\"https:\\\/\\\/m.facebook.com\\\/redenoticiaz.barretos\",\"https:\\\/\\\/x.com\\\/RN_barretos\",\"https:\\\/\\\/www.instagram.com\\\/redenoticiaz.barretos\\\/?igshid=YmMyMTA2M2Y\",\"https:\\\/\\\/www.linkedin.com\\\/company\\\/rede-noticiaz-barretos-e-regio\\\/\"]},{\"@type\":\"Person\",\"@id\":\"https:\\\/\\\/redenoticiaz.com.br\\\/ribeiraopreto-regiao\\\/#\\\/schema\\\/person\\\/0f0b8a5bdafefe82841e07ae8d81ecb3\",\"name\":\"Leonardo Francisco\",\"image\":{\"@type\":\"ImageObject\",\"inLanguage\":\"pt-BR\",\"@id\":\"https:\\\/\\\/secure.gravatar.com\\\/avatar\\\/a7358cb406a99b682ec6df1e77e31ae82e63601f6784e8a3df411d72b37864da?s=96&d=mm&r=g\",\"url\":\"https:\\\/\\\/secure.gravatar.com\\\/avatar\\\/a7358cb406a99b682ec6df1e77e31ae82e63601f6784e8a3df411d72b37864da?s=96&d=mm&r=g\",\"contentUrl\":\"https:\\\/\\\/secure.gravatar.com\\\/avatar\\\/a7358cb406a99b682ec6df1e77e31ae82e63601f6784e8a3df411d72b37864da?s=96&d=mm&r=g\",\"caption\":\"Leonardo Francisco\"},\"url\":\"https:\\\/\\\/redenoticiaz.com.br\\\/ribeiraopreto-regiao\\\/sp\\\/author\\\/leonardo-francisco\"}]}<\/script>\n<!-- \/ Yoast SEO plugin. -->","yoast_head_json":{"title":"Bragantino e Atl\u00e9tico-MG ficam no empate em rodada antecipada do Brasileir\u00e3o - Ribeir\u00e3o Preto e Regi\u00e3o","description":"O Red Bull Bragantino entrou em campo nessa quarta-feira (11) para antecipar a s\u00e9tima rodada do Campeonato Brasileiro contra","robots":{"index":"index","follow":"follow","max-snippet":"max-snippet:-1","max-image-preview":"max-image-preview:large","max-video-preview":"max-video-preview:-1"},"canonical":"https:\/\/redenoticiaz.com.br\/ribeiraopreto-regiao\/sp\/2022\/05\/12\/bragantino-e-atletico-mg-ficam-no-empate-em-rodada-antecipada-do-brasileirao","og_locale":"pt_BR","og_type":"article","og_title":"Bragantino e Atl\u00e9tico-MG ficam no empate em rodada antecipada do Brasileir\u00e3o - Ribeir\u00e3o Preto e Regi\u00e3o","og_description":"O Red Bull Bragantino entrou em campo nessa quarta-feira (11) para antecipar a s\u00e9tima rodada do Campeonato Brasileiro contra","og_url":"https:\/\/redenoticiaz.com.br\/ribeiraopreto-regiao\/sp\/2022\/05\/12\/bragantino-e-atletico-mg-ficam-no-empate-em-rodada-antecipada-do-brasileirao","og_site_name":"Ribeir\u00e3o Preto e Regi\u00e3o","article_publisher":"https:\/\/m.facebook.com\/redenoticiaz.barretos","article_published_time":"2022-05-12T12:26:33+00:00","og_image":[{"width":400,"height":250,"url":"https:\/\/redenoticiaz.com.br\/ribeiraopreto-regiao\/wp-content\/uploads\/sites\/4\/2022\/02\/logo.jpg","type":"image\/jpeg"}],"author":"Leonardo Francisco","twitter_card":"summary_large_image","twitter_creator":"@RN_barretos","twitter_site":"@RN_barretos","twitter_misc":{"Escrito por":"Leonardo Francisco","Est. tempo de leitura":"2 minutos"},"schema":{"@context":"https:\/\/schema.org","@graph":[{"@type":"Article","@id":"https:\/\/redenoticiaz.com.br\/ribeiraopreto-regiao\/sp\/2022\/05\/12\/bragantino-e-atletico-mg-ficam-no-empate-em-rodada-antecipada-do-brasileirao#article","isPartOf":{"@id":"https:\/\/redenoticiaz.com.br\/ribeiraopreto-regiao\/sp\/2022\/05\/12\/bragantino-e-atletico-mg-ficam-no-empate-em-rodada-antecipada-do-brasileirao"},"author":{"name":"Leonardo Francisco","@id":"https:\/\/redenoticiaz.com.br\/ribeiraopreto-regiao\/#\/schema\/person\/0f0b8a5bdafefe82841e07ae8d81ecb3"},"headline":"Bragantino e Atl\u00e9tico-MG ficam no empate em rodada antecipada do Brasileir\u00e3o","datePublished":"2022-05-12T12:26:33+00:00","mainEntityOfPage":{"@id":"https:\/\/redenoticiaz.com.br\/ribeiraopreto-regiao\/sp\/2022\/05\/12\/bragantino-e-atletico-mg-ficam-no-empate-em-rodada-antecipada-do-brasileirao"},"wordCount":353,"commentCount":0,"publisher":{"@id":"https:\/\/redenoticiaz.com.br\/ribeiraopreto-regiao\/#organization"},"image":{"@id":"https:\/\/redenoticiaz.com.br\/ribeiraopreto-regiao\/sp\/2022\/05\/12\/bragantino-e-atletico-mg-ficam-no-empate-em-rodada-antecipada-do-brasileirao#primaryimage"},"thumbnailUrl":"https:\/\/redenoticiaz.com.br\/ribeiraopreto-regiao\/wp-content\/uploads\/sites\/4\/2022\/05\/rb.jpeg?v=1652358346","keywords":["ATL\u00c9TICO-MG","BRASILEIR\u00c3O 2022","CAMPEONATO BRASILEIRO","NABI ABI CHEDID","RED BULL BRAGANTINO"],"articleSection":["Esporte"],"inLanguage":"pt-BR","potentialAction":[{"@type":"CommentAction","name":"Comment","target":["https:\/\/redenoticiaz.com.br\/ribeiraopreto-regiao\/sp\/2022\/05\/12\/bragantino-e-atletico-mg-ficam-no-empate-em-rodada-antecipada-do-brasileirao#respond"]}]},{"@type":"WebPage","@id":"https:\/\/redenoticiaz.com.br\/ribeiraopreto-regiao\/sp\/2022\/05\/12\/bragantino-e-atletico-mg-ficam-no-empate-em-rodada-antecipada-do-brasileirao","url":"https:\/\/redenoticiaz.com.br\/ribeiraopreto-regiao\/sp\/2022\/05\/12\/bragantino-e-atletico-mg-ficam-no-empate-em-rodada-antecipada-do-brasileirao","name":"Bragantino e Atl\u00e9tico-MG ficam no empate em rodada antecipada do Brasileir\u00e3o - Ribeir\u00e3o Preto e Regi\u00e3o","isPartOf":{"@id":"https:\/\/redenoticiaz.com.br\/ribeiraopreto-regiao\/#website"},"primaryImageOfPage":{"@id":"https:\/\/redenoticiaz.com.br\/ribeiraopreto-regiao\/sp\/2022\/05\/12\/bragantino-e-atletico-mg-ficam-no-empate-em-rodada-antecipada-do-brasileirao#primaryimage"},"image":{"@id":"https:\/\/redenoticiaz.com.br\/ribeiraopreto-regiao\/sp\/2022\/05\/12\/bragantino-e-atletico-mg-ficam-no-empate-em-rodada-antecipada-do-brasileirao#primaryimage"},"thumbnailUrl":"https:\/\/redenoticiaz.com.br\/ribeiraopreto-regiao\/wp-content\/uploads\/sites\/4\/2022\/05\/rb.jpeg?v=1652358346","datePublished":"2022-05-12T12:26:33+00:00","description":"O Red Bull Bragantino entrou em campo nessa quarta-feira (11) para antecipar a s\u00e9tima rodada do Campeonato Brasileiro contra","inLanguage":"pt-BR","potentialAction":[{"@type":"ReadAction","target":["https:\/\/redenoticiaz.com.br\/ribeiraopreto-regiao\/sp\/2022\/05\/12\/bragantino-e-atletico-mg-ficam-no-empate-em-rodada-antecipada-do-brasileirao"]}]},{"@type":"ImageObject","inLanguage":"pt-BR","@id":"https:\/\/redenoticiaz.com.br\/ribeiraopreto-regiao\/sp\/2022\/05\/12\/bragantino-e-atletico-mg-ficam-no-empate-em-rodada-antecipada-do-brasileirao#primaryimage","url":"https:\/\/redenoticiaz.com.br\/ribeiraopreto-regiao\/wp-content\/uploads\/sites\/4\/2022\/05\/rb.jpeg?v=1652358346","contentUrl":"https:\/\/redenoticiaz.com.br\/ribeiraopreto-regiao\/wp-content\/uploads\/sites\/4\/2022\/05\/rb.jpeg?v=1652358346","width":910,"height":607,"caption":"Cr\u00e9ditos: Divulga\u00e7\u00e3o\/AGIF"},{"@type":"WebSite","@id":"https:\/\/redenoticiaz.com.br\/ribeiraopreto-regiao\/#website","url":"https:\/\/redenoticiaz.com.br\/ribeiraopreto-regiao\/","name":"Ribeir\u00e3o Preto e Regi\u00e3o","description":"Rede NoticiaZ - Ribeir\u00e3o Preto e regi\u00e3o","publisher":{"@id":"https:\/\/redenoticiaz.com.br\/ribeiraopreto-regiao\/#organization"},"potentialAction":[{"@type":"SearchAction","target":{"@type":"EntryPoint","urlTemplate":"https:\/\/redenoticiaz.com.br\/ribeiraopreto-regiao\/?s={search_term_string}"},"query-input":{"@type":"PropertyValueSpecification","valueRequired":true,"valueName":"search_term_string"}}],"inLanguage":"pt-BR"},{"@type":"Organization","@id":"https:\/\/redenoticiaz.com.br\/ribeiraopreto-regiao\/#organization","name":"Ribeir\u00e3o Preto e Regi\u00e3o","url":"https:\/\/redenoticiaz.com.br\/ribeiraopreto-regiao\/","logo":{"@type":"ImageObject","inLanguage":"pt-BR","@id":"https:\/\/redenoticiaz.com.br\/ribeiraopreto-regiao\/#\/schema\/logo\/image\/","url":"https:\/\/redenoticiaz.com.br\/barretos-regiao\/wp-content\/uploads\/sites\/4\/2022\/02\/logo.jpg","contentUrl":"https:\/\/redenoticiaz.com.br\/barretos-regiao\/wp-content\/uploads\/sites\/4\/2022\/02\/logo.jpg","width":400,"height":250,"caption":"Ribeir\u00e3o Preto e Regi\u00e3o"},"image":{"@id":"https:\/\/redenoticiaz.com.br\/ribeiraopreto-regiao\/#\/schema\/logo\/image\/"},"sameAs":["https:\/\/m.facebook.com\/redenoticiaz.barretos","https:\/\/x.com\/RN_barretos","https:\/\/www.instagram.com\/redenoticiaz.barretos\/?igshid=YmMyMTA2M2Y","https:\/\/www.linkedin.com\/company\/rede-noticiaz-barretos-e-regio\/"]},{"@type":"Person","@id":"https:\/\/redenoticiaz.com.br\/ribeiraopreto-regiao\/#\/schema\/person\/0f0b8a5bdafefe82841e07ae8d81ecb3","name":"Leonardo Francisco","image":{"@type":"ImageObject","inLanguage":"pt-BR","@id":"https:\/\/secure.gravatar.com\/avatar\/a7358cb406a99b682ec6df1e77e31ae82e63601f6784e8a3df411d72b37864da?s=96&d=mm&r=g","url":"https:\/\/secure.gravatar.com\/avatar\/a7358cb406a99b682ec6df1e77e31ae82e63601f6784e8a3df411d72b37864da?s=96&d=mm&r=g","contentUrl":"https:\/\/secure.gravatar.com\/avatar\/a7358cb406a99b682ec6df1e77e31ae82e63601f6784e8a3df411d72b37864da?s=96&d=mm&r=g","caption":"Leonardo Francisco"},"url":"https:\/\/redenoticiaz.com.br\/ribeiraopreto-regiao\/sp\/author\/leonardo-francisco"}]}},"_links":{"self":[{"href":"https:\/\/redenoticiaz.com.br\/ribeiraopreto-regiao\/wp-json\/wp\/v2\/posts\/3921","targetHints":{"allow":["GET"]}}],"collection":[{"href":"https:\/\/redenoticiaz.com.br\/ribeiraopreto-regiao\/wp-json\/wp\/v2\/posts"}],"about":[{"href":"https:\/\/redenoticiaz.com.br\/ribeiraopreto-regiao\/wp-json\/wp\/v2\/types\/post"}],"author":[{"embeddable":true,"href":"https:\/\/redenoticiaz.com.br\/ribeiraopreto-regiao\/wp-json\/wp\/v2\/users\/6"}],"replies":[{"embeddable":true,"href":"https:\/\/redenoticiaz.com.br\/ribeiraopreto-regiao\/wp-json\/wp\/v2\/comments?post=3921"}],"version-history":[{"count":0,"href":"https:\/\/redenoticiaz.com.br\/ribeiraopreto-regiao\/wp-json\/wp\/v2\/posts\/3921\/revisions"}],"wp:featuredmedia":[{"embeddable":true,"href":"https:\/\/redenoticiaz.com.br\/ribeiraopreto-regiao\/wp-json\/wp\/v2\/media\/3922"}],"wp:attachment":[{"href":"https:\/\/redenoticiaz.com.br\/ribeiraopreto-regiao\/wp-json\/wp\/v2\/media?parent=3921"}],"wp:term":[{"taxonomy":"category","embeddable":true,"href":"https:\/\/redenoticiaz.com.br\/ribeiraopreto-regiao\/wp-json\/wp\/v2\/categories?post=3921"},{"taxonomy":"post_tag","embeddable":true,"href":"https:\/\/redenoticiaz.com.br\/ribeiraopreto-regiao\/wp-json\/wp\/v2\/tags?post=3921"}],"curies":[{"name":"wp","href":"https:\/\/api.w.org\/{rel}","templated":true}]}}