{"id":3923,"date":"2022-05-14T15:00:08","date_gmt":"2022-05-14T18:00:08","guid":{"rendered":"https:\/\/redenoticiaz.com.br\/barretos-regiao\/?p=3923"},"modified":"2022-05-14T15:00:08","modified_gmt":"2022-05-14T18:00:08","slug":"entenda-as-razoes-sobre-os-conflitos-entre-a-russia-e-a-ucrania","status":"publish","type":"post","link":"https:\/\/redenoticiaz.com.br\/ribeiraopreto-regiao\/sp\/2022\/05\/14\/entenda-as-razoes-sobre-os-conflitos-entre-a-russia-e-a-ucrania","title":{"rendered":"Entenda as raz\u00f5es sobre os conflitos entre a R\u00fassia e a Ucr\u00e2nia"},"content":{"rendered":"<p>Se n\u00e3o bastasse o duro momento vivido pelo mundo, ainda em raz\u00e3o da pandemia do coronav\u00edrus, o ano de 2022 est\u00e1 sendo marcado pela <strong>guerra provocada pela R\u00fassia contra a Ucr\u00e2nia<\/strong>. Quase tr\u00eas meses de dura\u00e7\u00e3o dos conflitos e a invas\u00e3o russa em alguns pontos da Ucr\u00e2nia deixaram v\u00e1rios rastros de destrui\u00e7\u00e3o, al\u00e9m de milhares de pessoas mortas, envolvendo integrantes dos ex\u00e9rcitos, mas principalmente as pessoas comum.<\/p>\n<p>O resultado \u00e9 ver o pa\u00eds ucraniano devastado e muita gente buscando ref\u00fagio em diversos pa\u00edses da Europa, \u00c1sia e na Am\u00e9rica, especialmente o Brasil. Mas afinal, porque a guerra acontece e qual o motivo dela existir?<\/p>\n<p>A <strong><em>Rede Noticiaz<\/em><\/strong> ouviu o advogado especialista em Direito Internacional, <a href=\"https:\/\/www.facebook.com\/betinicomunicao\/\">Leonardo Le\u00e3o<\/a>. A seguir ele explica as raz\u00f5es do conflito, a hist\u00f3ria e se h\u00e1 perspectivas de t\u00e9rmino. Acompanhe:<\/p>\n<figure id=\"attachment_3925\" aria-describedby=\"caption-attachment-3925\" style=\"width: 330px\" class=\"wp-caption alignleft\"><img loading=\"lazy\" decoding=\"async\" class=\"size-medium wp-image-3925\" src=\"https:\/\/redenoticiaz.com.br\/barretos-regiao\/wp-content\/uploads\/sites\/4\/2022\/05\/leonardo-leao-330x220.jpg\" alt=\"\" width=\"330\" height=\"220\" \/><figcaption id=\"caption-attachment-3925\" class=\"wp-caption-text\">Cr\u00e9ditos: Divulga\u00e7\u00e3o<\/figcaption><\/figure>\n<h5 class=\"v1MsoNormal\">1 &#8211; Conte a hist\u00f3ria dos dois pa\u00edses.<\/h5>\n<p class=\"v1MsoNormal\">A hist\u00f3ria de R\u00fassia e Ucr\u00e2nia est\u00e1 ligada h\u00e1 s\u00e9culos. Como outras na\u00e7\u00f5es vizinhas, os dois pa\u00edses t\u00eam tanto la\u00e7os hist\u00f3ricos e culturais que em desde o s\u00e9culo 9, quando Kiev, a atual capital ucraniana, era centro do primeiro Estado eslavo, criado por um povo que se autodenominava &#8220;rus&#8221;. Foi esse grande Estado medieval, que os historiadores chamam de Rus de Kiev, que deu origem \u00e0 Ucr\u00e2nia e \u00e0 R\u00fassia.<\/p>\n<p class=\"v1MsoNormal\">A cidade de Moscou, atual capital da R\u00fassia, surgiu tr\u00eas s\u00e9culos depois (S\u00e9c 12). Diante desse fato hist\u00f3rico, o presidente Vladimir Putin costumava dizer que os povos russos e ucranianos seriam apenas um povo. \u00c9 importante citar que ao longo dos s\u00e9culos, Kiev j\u00e1 pertenceu a diferentes estados, j\u00e1 foi parte do reino mongol, parte do territ\u00f3rio ucraniano j\u00e1 esteve sob dom\u00ednio Polaco-Lituano.<\/p>\n<p class=\"v1MsoNormal\">Al\u00e9m disso, chegou a ser governada por um longo per\u00edodo pela dinastia dos Habsburgo, conhecida por estar \u00e0 frente dos imp\u00e9rios Austr\u00edaco e Austro-H\u00fangaro, isso na regi\u00e3o oeste. Ela acabou ao longo do tempo sendo mais &#8220;ocidental&#8221; que o leste que era mais pr\u00f3ximo da R\u00fassia. A pr\u00f3pria regi\u00e3o da Crim\u00e9ia, que foi anexada pela R\u00fassia em 2014, mas que era parte da Ucr\u00e2nia, foi parte do imp\u00e9rio otomano e russo.<\/p>\n<h6>S\u00e9culo 20<\/h6>\n<p class=\"v1MsoNormal\">Com o s\u00e9culo 20, veio a Revolu\u00e7\u00e3o Russa e a cria\u00e7\u00e3o da Uni\u00e3o Sovi\u00e9tica, Durante o per\u00edodo de domina\u00e7\u00e3o sovi\u00e9tica, a tentativa de submeter a Ucr\u00e2nia \u00e0 influ\u00eancia russa se intensificou, muitas vezes a um custo humano elevado.<\/p>\n<p class=\"v1MsoNormal\">Milh\u00f5es de ucranianos que j\u00e1 faziam parte da Uni\u00e3o Sovi\u00e9tica na d\u00e9cada de 1930 morreram em uma grande fome. Ela foi causada de prop\u00f3sito, como forma de for\u00e7ar os camponeses a se unirem \u00e0 pol\u00edtica de fazendas coletivas sovi\u00e9ticas. Russos foram enviados nessa \u00e9poca para povoar o territ\u00f3rio ucraniano. Mas mesmo assim, a Moscou sovi\u00e9tica nunca dominou culturalmente a Ucr\u00e2nia. Com o fim da Uni\u00e3o Sovi\u00e9tica em 1991, a Ucr\u00e2nia voltou a ser uma rep\u00fablica independente.<\/p>\n<h5 class=\"v1MsoNormal\">2) Por que esse interesse da R\u00fassia em ter &#8220;posse&#8221; da Ucr\u00e2nia?<\/h5>\n<p class=\"v1MsoNormal\">Na verdade, a alega\u00e7\u00e3o do presidente Vladimir Putin \u00e9 que as regi\u00f5es ao leste da Ucr\u00e2nia, Donetsk\u00a0 e Lugansk que s\u00e3o separatistas, ou s\u00e3o independentes, o que o governo ucraniano n\u00e3o aceitava, mas o que acabou ficando claro depois de quase tr\u00eas meses de conflito foi que a expans\u00e3o da Otan pelo Leste Europeu, com a possibilidade de ades\u00e3o da Ucr\u00e2nia \u00e0 alian\u00e7a militar, acabou sendo o grande estopim para o in\u00edcio do conflito.<\/p>\n<p class=\"v1MsoNormal\">Al\u00e9m da poss\u00edvel ades\u00e3o da Ucr\u00e2nia a Otan, Putin tamb\u00e9m acusa o governo ucraniano de genoc\u00eddio contra ucranianos de origem \u00e9tnica russa que vivem nas regi\u00f5es separatistas de Donetsk e Lugansk.\u00a0Por outro lado, a Ucr\u00e2nia e outros observadores veem na guerra uma tentativa da R\u00fassia restabelecer a zona de controle e influ\u00eancia da antiga Uni\u00e3o Sovi\u00e9tica, algo visto como desrespeito \u00e0 soberania da Ucr\u00e2nia.<\/p>\n<h5 class=\"v1MsoNormal\">3) Al\u00e9m das vidas que lamentavelmente vem sendo perdidas, quais os impactos que a guerra vem trazendo?<\/h5>\n<p class=\"v1MsoNormal\">S\u00e3o in\u00fameros os impactos desse conflito, economicamente a R\u00fassia est\u00e1 isolada, mesmo sendo uma grande produtora de g\u00e1s, os l\u00edderes dos pa\u00edses ocidentais adotaram san\u00e7\u00f5es econ\u00f4micas sem precedentes contra a R\u00fassia.<\/p>\n<p class=\"v1MsoNormal\">Os bancos do pa\u00eds foram exclu\u00eddos da plataforma financeira mundial Swift, o espa\u00e7o a\u00e9reo da Uni\u00e3o Europeia est\u00e1 fechado para avi\u00f5es russos, o Banco Central da R\u00fassia teve acesso bloqueado a suas reservas financeiras. A guerra produz tamb\u00e9m pessoas que acabam fugindo de suas cidades e viram refugiadas, na Europa toda s\u00e3o mais de 5,3 milh\u00f5es de refugiados, segundo n\u00fameros da ONU.<\/p>\n<p class=\"v1MsoNormal\">A Ucr\u00e2nia resiste, mas est\u00e1 estruturalmente destru\u00edda, Mariupol, cidade s\u00edmbolo desta guerra est\u00e1 arrasada, a conta dessa guerra ser\u00e1 paga por muitos anos, por todos, principalmente russos e ucranianos.<\/p>\n<h5 class=\"v1MsoNormal\">4) Mesmo com as san\u00e7\u00f5es financeiras e cancelamentos de empresas e servi\u00e7os da R\u00fassia, porque o pa\u00eds n\u00e3o se &#8220;rende&#8221; e continua com a ofensiva?<\/h5>\n<p class=\"v1MsoNormal\">R: A R\u00fassia historicamente nunca perdeu uma guerra, e para Putin, o perigo de ter a Otan em suas fronteiras \u00e9 maior que qualquer san\u00e7\u00e3o ou amea\u00e7a. A R\u00fassia ainda possui um arsenal b\u00e9lico nuclear, tem um poss\u00edvel apoio chin\u00eas.<\/p>\n<p class=\"v1MsoNormal\">Mesmo diante de tantas san\u00e7\u00f5es, deve seguir sua campanha de guerra, mesmo com uma enorme press\u00e3o externa e at\u00e9 interna contra Putin, at\u00e9 conseguir seu objetivo, que \u00e9 derrubar o atual governo ucraniano e afastar a possibilidade de um acordo entre ucranianos e Otan.<\/p>\n<h5 class=\"v1MsoNormal\">5) Qual o impacto que a guerra influenciou no Brasil?<\/h5>\n<p class=\"v1MsoNormal\">A guerra entre russos e ucranianos pressiona o pre\u00e7o de commodities como o petr\u00f3leo, g\u00e1s natural, trigo e milho, a infla\u00e7\u00e3o no pre\u00e7o dos alimentos no Brasil e no mundo j\u00e1 est\u00e1 aumentando. Alguns economistas acreditam que com a infla\u00e7\u00e3o acelerada, o Banco Central do Brasil possa aumentar tamb\u00e9m as taxas de juros, gerando um crescimento econ\u00f4mico ainda menor.<\/p>\n<p class=\"v1MsoNormal\">Na quest\u00e3o dos commodities, o trigo por exemplo que \u00e9 importado pelo Brasil, a R\u00fassia e a Ucr\u00e2nia produzem juntas cerca de 30% da safra mundial, somos importadores. O pre\u00e7o do p\u00e3o, do macarr\u00e3o, por exemplo, j\u00e1 est\u00e1 mais alto.<\/p>\n<p class=\"v1MsoNormal\">A nossa ind\u00fastria agr\u00edcola tamb\u00e9m depende de fertilizantes que s\u00e3o fabricados na R\u00fassia. Com isso, o pre\u00e7o do adubo j\u00e1 est\u00e1 subindo e consequentemente quem acaba sempre pagando a conta \u00e9 o consumidor final. Uma guerra, seja onde for, ainda mais com duas na\u00e7\u00f5es grandes como R\u00fassia e Ucr\u00e2nia, acaba influindo economicamente em todo o mundo, e o Brasil tamb\u00e9m acaba sofrendo com esse conflito.<\/p>\n<h5 class=\"v1MsoNormal\">6) Existe alguma perspectiva para a guerra terminar?<\/h5>\n<p class=\"v1MsoNormal\">Hoje ainda n\u00e3o h\u00e1 como vislumbrar um fim do conflito. As negocia\u00e7\u00f5es de paz entre representantes russos e ucranianos est\u00e3o cada vez mais frias e distantes.<\/p>\n<p class=\"v1MsoNormal\">A Ucr\u00e2nia resiste mais do que os russos imaginaram. Mas o poder b\u00e9lico russo \u00e9 maior, na\u00e7\u00f5es europeias como a Alemanha j\u00e1 est\u00e1 fornecendo armas aos ucranianos, os Estados unidos e a Gr\u00e3-Bretanha tamb\u00e9m est\u00e3o financiando a resist\u00eancia da Ucr\u00e2nia. Hoje infelizmente, acredito que ainda estamos bem distantes do fim desse conflito.<\/p>\n<p><strong>LEIA TAMB\u00c9M<\/strong><\/p>\n<p><a href=\"https:\/\/redenoticiaz.com.br\/blog\/2022\/03\/13\/jornalista-ex-new-york-times-e-assassinado-por-tropas-da-russia\">Jornalista ex-New York Times \u00e9 assassinado por tropas da R\u00fassia<\/a><\/p>\n","protected":false},"excerpt":{"rendered":"<p>Se n\u00e3o bastasse o duro momento vivido pelo mundo, ainda em raz\u00e3o da pandemia do coronav\u00edrus, o ano de 2022 est\u00e1 sendo marcado pela guerra provocada pela R\u00fassia contra a Ucr\u00e2nia. Quase tr\u00eas meses de dura\u00e7\u00e3o dos conflitos e a invas\u00e3o russa em alguns pontos da Ucr\u00e2nia deixaram v\u00e1rios rastros de destrui\u00e7\u00e3o, al\u00e9m de milhares &hellip;<\/p>\n","protected":false},"author":6,"featured_media":3924,"comment_status":"open","ping_status":"closed","sticky":false,"template":"","format":"standard","meta":{"footnotes":""},"categories":[68],"tags":[15793,103,5592,104,75],"class_list":["post-3923","post","type-post","status-publish","format-standard","has-post-thumbnail","hentry","category-mundo","tag-consequencias","tag-guerra","tag-historia","tag-russia","tag-ucrania"],"yoast_head":"<!-- This site is optimized with the Yoast SEO plugin v27.4 - https:\/\/yoast.com\/product\/yoast-seo-wordpress\/ -->\n<title>Entenda as raz\u00f5es sobre os conflitos entre a R\u00fassia e a Ucr\u00e2nia - Ribeir\u00e3o Preto e Regi\u00e3o<\/title>\n<meta name=\"description\" content=\"2022 est\u00e1 sendo marcado pela guerra provocada pela R\u00fassia contra a Ucr\u00e2nia. Quase tr\u00eas meses de dura\u00e7\u00e3o dos conflitos\" \/>\n<meta name=\"robots\" content=\"index, follow, max-snippet:-1, max-image-preview:large, max-video-preview:-1\" \/>\n<link rel=\"canonical\" href=\"https:\/\/redenoticiaz.com.br\/ribeiraopreto-regiao\/sp\/2022\/05\/14\/entenda-as-razoes-sobre-os-conflitos-entre-a-russia-e-a-ucrania\" \/>\n<meta property=\"og:locale\" content=\"pt_BR\" \/>\n<meta property=\"og:type\" content=\"article\" \/>\n<meta property=\"og:title\" content=\"Entenda as raz\u00f5es sobre os conflitos entre a R\u00fassia e a Ucr\u00e2nia - Ribeir\u00e3o Preto e Regi\u00e3o\" \/>\n<meta property=\"og:description\" content=\"2022 est\u00e1 sendo marcado pela guerra provocada pela R\u00fassia contra a Ucr\u00e2nia. Quase tr\u00eas meses de dura\u00e7\u00e3o dos conflitos\" \/>\n<meta property=\"og:url\" content=\"https:\/\/redenoticiaz.com.br\/ribeiraopreto-regiao\/sp\/2022\/05\/14\/entenda-as-razoes-sobre-os-conflitos-entre-a-russia-e-a-ucrania\" \/>\n<meta property=\"og:site_name\" content=\"Ribeir\u00e3o Preto e Regi\u00e3o\" \/>\n<meta property=\"article:publisher\" content=\"https:\/\/m.facebook.com\/redenoticiaz.barretos\" \/>\n<meta property=\"article:published_time\" content=\"2022-05-14T18:00:08+00:00\" \/>\n<meta property=\"og:image\" content=\"https:\/\/redenoticiaz.com.br\/ribeiraopreto-regiao\/wp-content\/uploads\/sites\/4\/2022\/02\/logo.jpg\" \/>\n\t<meta property=\"og:image:width\" content=\"400\" \/>\n\t<meta property=\"og:image:height\" content=\"250\" \/>\n\t<meta property=\"og:image:type\" content=\"image\/jpeg\" \/>\n<meta name=\"author\" content=\"Leonardo Francisco\" \/>\n<meta name=\"twitter:card\" content=\"summary_large_image\" \/>\n<meta name=\"twitter:creator\" content=\"@RN_barretos\" \/>\n<meta name=\"twitter:site\" content=\"@RN_barretos\" \/>\n<meta name=\"twitter:label1\" content=\"Escrito por\" \/>\n\t<meta name=\"twitter:data1\" content=\"Leonardo Francisco\" \/>\n\t<meta name=\"twitter:label2\" content=\"Est. tempo de leitura\" \/>\n\t<meta name=\"twitter:data2\" content=\"6 minutos\" \/>\n<script type=\"application\/ld+json\" class=\"yoast-schema-graph\">{\"@context\":\"https:\\\/\\\/schema.org\",\"@graph\":[{\"@type\":\"Article\",\"@id\":\"https:\\\/\\\/redenoticiaz.com.br\\\/ribeiraopreto-regiao\\\/sp\\\/2022\\\/05\\\/14\\\/entenda-as-razoes-sobre-os-conflitos-entre-a-russia-e-a-ucrania#article\",\"isPartOf\":{\"@id\":\"https:\\\/\\\/redenoticiaz.com.br\\\/ribeiraopreto-regiao\\\/sp\\\/2022\\\/05\\\/14\\\/entenda-as-razoes-sobre-os-conflitos-entre-a-russia-e-a-ucrania\"},\"author\":{\"name\":\"Leonardo Francisco\",\"@id\":\"https:\\\/\\\/redenoticiaz.com.br\\\/ribeiraopreto-regiao\\\/#\\\/schema\\\/person\\\/0f0b8a5bdafefe82841e07ae8d81ecb3\"},\"headline\":\"Entenda as raz\u00f5es sobre os conflitos entre a R\u00fassia e a Ucr\u00e2nia\",\"datePublished\":\"2022-05-14T18:00:08+00:00\",\"mainEntityOfPage\":{\"@id\":\"https:\\\/\\\/redenoticiaz.com.br\\\/ribeiraopreto-regiao\\\/sp\\\/2022\\\/05\\\/14\\\/entenda-as-razoes-sobre-os-conflitos-entre-a-russia-e-a-ucrania\"},\"wordCount\":1311,\"commentCount\":0,\"publisher\":{\"@id\":\"https:\\\/\\\/redenoticiaz.com.br\\\/ribeiraopreto-regiao\\\/#organization\"},\"image\":{\"@id\":\"https:\\\/\\\/redenoticiaz.com.br\\\/ribeiraopreto-regiao\\\/sp\\\/2022\\\/05\\\/14\\\/entenda-as-razoes-sobre-os-conflitos-entre-a-russia-e-a-ucrania#primaryimage\"},\"thumbnailUrl\":\"https:\\\/\\\/redenoticiaz.com.br\\\/ribeiraopreto-regiao\\\/wp-content\\\/uploads\\\/sites\\\/4\\\/2022\\\/05\\\/ucrania_russia_george-mdivanian-eyeem-getty.jpg?v=1652360092\",\"keywords\":[\"CONSEQU\u00caNCIAS\",\"GUERRA\",\"HIST\u00d3RIA\",\"R\u00fassia\",\"UCR\u00c2NIA\"],\"articleSection\":[\"Mundo\"],\"inLanguage\":\"pt-BR\",\"potentialAction\":[{\"@type\":\"CommentAction\",\"name\":\"Comment\",\"target\":[\"https:\\\/\\\/redenoticiaz.com.br\\\/ribeiraopreto-regiao\\\/sp\\\/2022\\\/05\\\/14\\\/entenda-as-razoes-sobre-os-conflitos-entre-a-russia-e-a-ucrania#respond\"]}]},{\"@type\":\"WebPage\",\"@id\":\"https:\\\/\\\/redenoticiaz.com.br\\\/ribeiraopreto-regiao\\\/sp\\\/2022\\\/05\\\/14\\\/entenda-as-razoes-sobre-os-conflitos-entre-a-russia-e-a-ucrania\",\"url\":\"https:\\\/\\\/redenoticiaz.com.br\\\/ribeiraopreto-regiao\\\/sp\\\/2022\\\/05\\\/14\\\/entenda-as-razoes-sobre-os-conflitos-entre-a-russia-e-a-ucrania\",\"name\":\"Entenda as raz\u00f5es sobre os conflitos entre a R\u00fassia e a Ucr\u00e2nia - Ribeir\u00e3o Preto e Regi\u00e3o\",\"isPartOf\":{\"@id\":\"https:\\\/\\\/redenoticiaz.com.br\\\/ribeiraopreto-regiao\\\/#website\"},\"primaryImageOfPage\":{\"@id\":\"https:\\\/\\\/redenoticiaz.com.br\\\/ribeiraopreto-regiao\\\/sp\\\/2022\\\/05\\\/14\\\/entenda-as-razoes-sobre-os-conflitos-entre-a-russia-e-a-ucrania#primaryimage\"},\"image\":{\"@id\":\"https:\\\/\\\/redenoticiaz.com.br\\\/ribeiraopreto-regiao\\\/sp\\\/2022\\\/05\\\/14\\\/entenda-as-razoes-sobre-os-conflitos-entre-a-russia-e-a-ucrania#primaryimage\"},\"thumbnailUrl\":\"https:\\\/\\\/redenoticiaz.com.br\\\/ribeiraopreto-regiao\\\/wp-content\\\/uploads\\\/sites\\\/4\\\/2022\\\/05\\\/ucrania_russia_george-mdivanian-eyeem-getty.jpg?v=1652360092\",\"datePublished\":\"2022-05-14T18:00:08+00:00\",\"description\":\"2022 est\u00e1 sendo marcado pela guerra provocada pela R\u00fassia contra a Ucr\u00e2nia. Quase tr\u00eas meses de dura\u00e7\u00e3o dos conflitos\",\"inLanguage\":\"pt-BR\",\"potentialAction\":[{\"@type\":\"ReadAction\",\"target\":[\"https:\\\/\\\/redenoticiaz.com.br\\\/ribeiraopreto-regiao\\\/sp\\\/2022\\\/05\\\/14\\\/entenda-as-razoes-sobre-os-conflitos-entre-a-russia-e-a-ucrania\"]}]},{\"@type\":\"ImageObject\",\"inLanguage\":\"pt-BR\",\"@id\":\"https:\\\/\\\/redenoticiaz.com.br\\\/ribeiraopreto-regiao\\\/sp\\\/2022\\\/05\\\/14\\\/entenda-as-razoes-sobre-os-conflitos-entre-a-russia-e-a-ucrania#primaryimage\",\"url\":\"https:\\\/\\\/redenoticiaz.com.br\\\/ribeiraopreto-regiao\\\/wp-content\\\/uploads\\\/sites\\\/4\\\/2022\\\/05\\\/ucrania_russia_george-mdivanian-eyeem-getty.jpg?v=1652360092\",\"contentUrl\":\"https:\\\/\\\/redenoticiaz.com.br\\\/ribeiraopreto-regiao\\\/wp-content\\\/uploads\\\/sites\\\/4\\\/2022\\\/05\\\/ucrania_russia_george-mdivanian-eyeem-getty.jpg?v=1652360092\",\"width\":1500,\"height\":1000,\"caption\":\"Cr\u00e9ditos: Reprodu\u00e7\u00e3o\"},{\"@type\":\"WebSite\",\"@id\":\"https:\\\/\\\/redenoticiaz.com.br\\\/ribeiraopreto-regiao\\\/#website\",\"url\":\"https:\\\/\\\/redenoticiaz.com.br\\\/ribeiraopreto-regiao\\\/\",\"name\":\"Ribeir\u00e3o Preto e Regi\u00e3o\",\"description\":\"Rede NoticiaZ - Ribeir\u00e3o Preto e regi\u00e3o\",\"publisher\":{\"@id\":\"https:\\\/\\\/redenoticiaz.com.br\\\/ribeiraopreto-regiao\\\/#organization\"},\"potentialAction\":[{\"@type\":\"SearchAction\",\"target\":{\"@type\":\"EntryPoint\",\"urlTemplate\":\"https:\\\/\\\/redenoticiaz.com.br\\\/ribeiraopreto-regiao\\\/?s={search_term_string}\"},\"query-input\":{\"@type\":\"PropertyValueSpecification\",\"valueRequired\":true,\"valueName\":\"search_term_string\"}}],\"inLanguage\":\"pt-BR\"},{\"@type\":\"Organization\",\"@id\":\"https:\\\/\\\/redenoticiaz.com.br\\\/ribeiraopreto-regiao\\\/#organization\",\"name\":\"Ribeir\u00e3o Preto e Regi\u00e3o\",\"url\":\"https:\\\/\\\/redenoticiaz.com.br\\\/ribeiraopreto-regiao\\\/\",\"logo\":{\"@type\":\"ImageObject\",\"inLanguage\":\"pt-BR\",\"@id\":\"https:\\\/\\\/redenoticiaz.com.br\\\/ribeiraopreto-regiao\\\/#\\\/schema\\\/logo\\\/image\\\/\",\"url\":\"https:\\\/\\\/redenoticiaz.com.br\\\/barretos-regiao\\\/wp-content\\\/uploads\\\/sites\\\/4\\\/2022\\\/02\\\/logo.jpg\",\"contentUrl\":\"https:\\\/\\\/redenoticiaz.com.br\\\/barretos-regiao\\\/wp-content\\\/uploads\\\/sites\\\/4\\\/2022\\\/02\\\/logo.jpg\",\"width\":400,\"height\":250,\"caption\":\"Ribeir\u00e3o Preto e Regi\u00e3o\"},\"image\":{\"@id\":\"https:\\\/\\\/redenoticiaz.com.br\\\/ribeiraopreto-regiao\\\/#\\\/schema\\\/logo\\\/image\\\/\"},\"sameAs\":[\"https:\\\/\\\/m.facebook.com\\\/redenoticiaz.barretos\",\"https:\\\/\\\/x.com\\\/RN_barretos\",\"https:\\\/\\\/www.instagram.com\\\/redenoticiaz.barretos\\\/?igshid=YmMyMTA2M2Y\",\"https:\\\/\\\/www.linkedin.com\\\/company\\\/rede-noticiaz-barretos-e-regio\\\/\"]},{\"@type\":\"Person\",\"@id\":\"https:\\\/\\\/redenoticiaz.com.br\\\/ribeiraopreto-regiao\\\/#\\\/schema\\\/person\\\/0f0b8a5bdafefe82841e07ae8d81ecb3\",\"name\":\"Leonardo Francisco\",\"image\":{\"@type\":\"ImageObject\",\"inLanguage\":\"pt-BR\",\"@id\":\"https:\\\/\\\/secure.gravatar.com\\\/avatar\\\/a7358cb406a99b682ec6df1e77e31ae82e63601f6784e8a3df411d72b37864da?s=96&d=mm&r=g\",\"url\":\"https:\\\/\\\/secure.gravatar.com\\\/avatar\\\/a7358cb406a99b682ec6df1e77e31ae82e63601f6784e8a3df411d72b37864da?s=96&d=mm&r=g\",\"contentUrl\":\"https:\\\/\\\/secure.gravatar.com\\\/avatar\\\/a7358cb406a99b682ec6df1e77e31ae82e63601f6784e8a3df411d72b37864da?s=96&d=mm&r=g\",\"caption\":\"Leonardo Francisco\"},\"url\":\"https:\\\/\\\/redenoticiaz.com.br\\\/ribeiraopreto-regiao\\\/sp\\\/author\\\/leonardo-francisco\"}]}<\/script>\n<!-- \/ Yoast SEO plugin. -->","yoast_head_json":{"title":"Entenda as raz\u00f5es sobre os conflitos entre a R\u00fassia e a Ucr\u00e2nia - Ribeir\u00e3o Preto e Regi\u00e3o","description":"2022 est\u00e1 sendo marcado pela guerra provocada pela R\u00fassia contra a Ucr\u00e2nia. Quase tr\u00eas meses de dura\u00e7\u00e3o dos conflitos","robots":{"index":"index","follow":"follow","max-snippet":"max-snippet:-1","max-image-preview":"max-image-preview:large","max-video-preview":"max-video-preview:-1"},"canonical":"https:\/\/redenoticiaz.com.br\/ribeiraopreto-regiao\/sp\/2022\/05\/14\/entenda-as-razoes-sobre-os-conflitos-entre-a-russia-e-a-ucrania","og_locale":"pt_BR","og_type":"article","og_title":"Entenda as raz\u00f5es sobre os conflitos entre a R\u00fassia e a Ucr\u00e2nia - Ribeir\u00e3o Preto e Regi\u00e3o","og_description":"2022 est\u00e1 sendo marcado pela guerra provocada pela R\u00fassia contra a Ucr\u00e2nia. Quase tr\u00eas meses de dura\u00e7\u00e3o dos conflitos","og_url":"https:\/\/redenoticiaz.com.br\/ribeiraopreto-regiao\/sp\/2022\/05\/14\/entenda-as-razoes-sobre-os-conflitos-entre-a-russia-e-a-ucrania","og_site_name":"Ribeir\u00e3o Preto e Regi\u00e3o","article_publisher":"https:\/\/m.facebook.com\/redenoticiaz.barretos","article_published_time":"2022-05-14T18:00:08+00:00","og_image":[{"width":400,"height":250,"url":"https:\/\/redenoticiaz.com.br\/ribeiraopreto-regiao\/wp-content\/uploads\/sites\/4\/2022\/02\/logo.jpg","type":"image\/jpeg"}],"author":"Leonardo Francisco","twitter_card":"summary_large_image","twitter_creator":"@RN_barretos","twitter_site":"@RN_barretos","twitter_misc":{"Escrito por":"Leonardo Francisco","Est. tempo de leitura":"6 minutos"},"schema":{"@context":"https:\/\/schema.org","@graph":[{"@type":"Article","@id":"https:\/\/redenoticiaz.com.br\/ribeiraopreto-regiao\/sp\/2022\/05\/14\/entenda-as-razoes-sobre-os-conflitos-entre-a-russia-e-a-ucrania#article","isPartOf":{"@id":"https:\/\/redenoticiaz.com.br\/ribeiraopreto-regiao\/sp\/2022\/05\/14\/entenda-as-razoes-sobre-os-conflitos-entre-a-russia-e-a-ucrania"},"author":{"name":"Leonardo Francisco","@id":"https:\/\/redenoticiaz.com.br\/ribeiraopreto-regiao\/#\/schema\/person\/0f0b8a5bdafefe82841e07ae8d81ecb3"},"headline":"Entenda as raz\u00f5es sobre os conflitos entre a R\u00fassia e a Ucr\u00e2nia","datePublished":"2022-05-14T18:00:08+00:00","mainEntityOfPage":{"@id":"https:\/\/redenoticiaz.com.br\/ribeiraopreto-regiao\/sp\/2022\/05\/14\/entenda-as-razoes-sobre-os-conflitos-entre-a-russia-e-a-ucrania"},"wordCount":1311,"commentCount":0,"publisher":{"@id":"https:\/\/redenoticiaz.com.br\/ribeiraopreto-regiao\/#organization"},"image":{"@id":"https:\/\/redenoticiaz.com.br\/ribeiraopreto-regiao\/sp\/2022\/05\/14\/entenda-as-razoes-sobre-os-conflitos-entre-a-russia-e-a-ucrania#primaryimage"},"thumbnailUrl":"https:\/\/redenoticiaz.com.br\/ribeiraopreto-regiao\/wp-content\/uploads\/sites\/4\/2022\/05\/ucrania_russia_george-mdivanian-eyeem-getty.jpg?v=1652360092","keywords":["CONSEQU\u00caNCIAS","GUERRA","HIST\u00d3RIA","R\u00fassia","UCR\u00c2NIA"],"articleSection":["Mundo"],"inLanguage":"pt-BR","potentialAction":[{"@type":"CommentAction","name":"Comment","target":["https:\/\/redenoticiaz.com.br\/ribeiraopreto-regiao\/sp\/2022\/05\/14\/entenda-as-razoes-sobre-os-conflitos-entre-a-russia-e-a-ucrania#respond"]}]},{"@type":"WebPage","@id":"https:\/\/redenoticiaz.com.br\/ribeiraopreto-regiao\/sp\/2022\/05\/14\/entenda-as-razoes-sobre-os-conflitos-entre-a-russia-e-a-ucrania","url":"https:\/\/redenoticiaz.com.br\/ribeiraopreto-regiao\/sp\/2022\/05\/14\/entenda-as-razoes-sobre-os-conflitos-entre-a-russia-e-a-ucrania","name":"Entenda as raz\u00f5es sobre os conflitos entre a R\u00fassia e a Ucr\u00e2nia - Ribeir\u00e3o Preto e Regi\u00e3o","isPartOf":{"@id":"https:\/\/redenoticiaz.com.br\/ribeiraopreto-regiao\/#website"},"primaryImageOfPage":{"@id":"https:\/\/redenoticiaz.com.br\/ribeiraopreto-regiao\/sp\/2022\/05\/14\/entenda-as-razoes-sobre-os-conflitos-entre-a-russia-e-a-ucrania#primaryimage"},"image":{"@id":"https:\/\/redenoticiaz.com.br\/ribeiraopreto-regiao\/sp\/2022\/05\/14\/entenda-as-razoes-sobre-os-conflitos-entre-a-russia-e-a-ucrania#primaryimage"},"thumbnailUrl":"https:\/\/redenoticiaz.com.br\/ribeiraopreto-regiao\/wp-content\/uploads\/sites\/4\/2022\/05\/ucrania_russia_george-mdivanian-eyeem-getty.jpg?v=1652360092","datePublished":"2022-05-14T18:00:08+00:00","description":"2022 est\u00e1 sendo marcado pela guerra provocada pela R\u00fassia contra a Ucr\u00e2nia. Quase tr\u00eas meses de dura\u00e7\u00e3o dos conflitos","inLanguage":"pt-BR","potentialAction":[{"@type":"ReadAction","target":["https:\/\/redenoticiaz.com.br\/ribeiraopreto-regiao\/sp\/2022\/05\/14\/entenda-as-razoes-sobre-os-conflitos-entre-a-russia-e-a-ucrania"]}]},{"@type":"ImageObject","inLanguage":"pt-BR","@id":"https:\/\/redenoticiaz.com.br\/ribeiraopreto-regiao\/sp\/2022\/05\/14\/entenda-as-razoes-sobre-os-conflitos-entre-a-russia-e-a-ucrania#primaryimage","url":"https:\/\/redenoticiaz.com.br\/ribeiraopreto-regiao\/wp-content\/uploads\/sites\/4\/2022\/05\/ucrania_russia_george-mdivanian-eyeem-getty.jpg?v=1652360092","contentUrl":"https:\/\/redenoticiaz.com.br\/ribeiraopreto-regiao\/wp-content\/uploads\/sites\/4\/2022\/05\/ucrania_russia_george-mdivanian-eyeem-getty.jpg?v=1652360092","width":1500,"height":1000,"caption":"Cr\u00e9ditos: Reprodu\u00e7\u00e3o"},{"@type":"WebSite","@id":"https:\/\/redenoticiaz.com.br\/ribeiraopreto-regiao\/#website","url":"https:\/\/redenoticiaz.com.br\/ribeiraopreto-regiao\/","name":"Ribeir\u00e3o Preto e Regi\u00e3o","description":"Rede NoticiaZ - Ribeir\u00e3o Preto e regi\u00e3o","publisher":{"@id":"https:\/\/redenoticiaz.com.br\/ribeiraopreto-regiao\/#organization"},"potentialAction":[{"@type":"SearchAction","target":{"@type":"EntryPoint","urlTemplate":"https:\/\/redenoticiaz.com.br\/ribeiraopreto-regiao\/?s={search_term_string}"},"query-input":{"@type":"PropertyValueSpecification","valueRequired":true,"valueName":"search_term_string"}}],"inLanguage":"pt-BR"},{"@type":"Organization","@id":"https:\/\/redenoticiaz.com.br\/ribeiraopreto-regiao\/#organization","name":"Ribeir\u00e3o Preto e Regi\u00e3o","url":"https:\/\/redenoticiaz.com.br\/ribeiraopreto-regiao\/","logo":{"@type":"ImageObject","inLanguage":"pt-BR","@id":"https:\/\/redenoticiaz.com.br\/ribeiraopreto-regiao\/#\/schema\/logo\/image\/","url":"https:\/\/redenoticiaz.com.br\/barretos-regiao\/wp-content\/uploads\/sites\/4\/2022\/02\/logo.jpg","contentUrl":"https:\/\/redenoticiaz.com.br\/barretos-regiao\/wp-content\/uploads\/sites\/4\/2022\/02\/logo.jpg","width":400,"height":250,"caption":"Ribeir\u00e3o Preto e Regi\u00e3o"},"image":{"@id":"https:\/\/redenoticiaz.com.br\/ribeiraopreto-regiao\/#\/schema\/logo\/image\/"},"sameAs":["https:\/\/m.facebook.com\/redenoticiaz.barretos","https:\/\/x.com\/RN_barretos","https:\/\/www.instagram.com\/redenoticiaz.barretos\/?igshid=YmMyMTA2M2Y","https:\/\/www.linkedin.com\/company\/rede-noticiaz-barretos-e-regio\/"]},{"@type":"Person","@id":"https:\/\/redenoticiaz.com.br\/ribeiraopreto-regiao\/#\/schema\/person\/0f0b8a5bdafefe82841e07ae8d81ecb3","name":"Leonardo Francisco","image":{"@type":"ImageObject","inLanguage":"pt-BR","@id":"https:\/\/secure.gravatar.com\/avatar\/a7358cb406a99b682ec6df1e77e31ae82e63601f6784e8a3df411d72b37864da?s=96&d=mm&r=g","url":"https:\/\/secure.gravatar.com\/avatar\/a7358cb406a99b682ec6df1e77e31ae82e63601f6784e8a3df411d72b37864da?s=96&d=mm&r=g","contentUrl":"https:\/\/secure.gravatar.com\/avatar\/a7358cb406a99b682ec6df1e77e31ae82e63601f6784e8a3df411d72b37864da?s=96&d=mm&r=g","caption":"Leonardo Francisco"},"url":"https:\/\/redenoticiaz.com.br\/ribeiraopreto-regiao\/sp\/author\/leonardo-francisco"}]}},"_links":{"self":[{"href":"https:\/\/redenoticiaz.com.br\/ribeiraopreto-regiao\/wp-json\/wp\/v2\/posts\/3923","targetHints":{"allow":["GET"]}}],"collection":[{"href":"https:\/\/redenoticiaz.com.br\/ribeiraopreto-regiao\/wp-json\/wp\/v2\/posts"}],"about":[{"href":"https:\/\/redenoticiaz.com.br\/ribeiraopreto-regiao\/wp-json\/wp\/v2\/types\/post"}],"author":[{"embeddable":true,"href":"https:\/\/redenoticiaz.com.br\/ribeiraopreto-regiao\/wp-json\/wp\/v2\/users\/6"}],"replies":[{"embeddable":true,"href":"https:\/\/redenoticiaz.com.br\/ribeiraopreto-regiao\/wp-json\/wp\/v2\/comments?post=3923"}],"version-history":[{"count":1,"href":"https:\/\/redenoticiaz.com.br\/ribeiraopreto-regiao\/wp-json\/wp\/v2\/posts\/3923\/revisions"}],"predecessor-version":[{"id":3926,"href":"https:\/\/redenoticiaz.com.br\/ribeiraopreto-regiao\/wp-json\/wp\/v2\/posts\/3923\/revisions\/3926"}],"wp:featuredmedia":[{"embeddable":true,"href":"https:\/\/redenoticiaz.com.br\/ribeiraopreto-regiao\/wp-json\/wp\/v2\/media\/3924"}],"wp:attachment":[{"href":"https:\/\/redenoticiaz.com.br\/ribeiraopreto-regiao\/wp-json\/wp\/v2\/media?parent=3923"}],"wp:term":[{"taxonomy":"category","embeddable":true,"href":"https:\/\/redenoticiaz.com.br\/ribeiraopreto-regiao\/wp-json\/wp\/v2\/categories?post=3923"},{"taxonomy":"post_tag","embeddable":true,"href":"https:\/\/redenoticiaz.com.br\/ribeiraopreto-regiao\/wp-json\/wp\/v2\/tags?post=3923"}],"curies":[{"name":"wp","href":"https:\/\/api.w.org\/{rel}","templated":true}]}}