{"id":3929,"date":"2022-05-15T08:00:01","date_gmt":"2022-05-15T11:00:01","guid":{"rendered":"https:\/\/redenoticiaz.com.br\/barretos-regiao\/sp\/2022\/05\/12\/artigo-seguro-de-vida-principais-tendencias-para-mudar-o-setor"},"modified":"2022-05-12T10:29:33","modified_gmt":"2022-05-12T13:29:33","slug":"artigo-seguro-de-vida-principais-tendencias-para-mudar-o-setor","status":"publish","type":"post","link":"https:\/\/redenoticiaz.com.br\/ribeiraopreto-regiao\/sp\/2022\/05\/15\/artigo-seguro-de-vida-principais-tendencias-para-mudar-o-setor","title":{"rendered":"Artigo &#8211; Seguro de vida: principais tend\u00eancias para mudar o setor"},"content":{"rendered":"<p><em>Por Lu\u00edsa Cherobim<\/em><\/p>\n<p>Empatia e personaliza\u00e7\u00e3o ser\u00e3o duas palavras presentes nos neg\u00f3cios da nova economia. Estes termos, t\u00e3o poderosos na vida social, tamb\u00e9m ter\u00e3o importantes pap\u00e9is no \u00e2mbito corporativo no que diz respeito \u00e0 constru\u00e7\u00e3o de novos neg\u00f3cios e de novos ecossistemas daqui para frente. \u00c9 o que vale para o <strong>seguro de vida<\/strong>.<\/p>\n<p>No mercado de seguros, em especial na \u00e1rea de segmento de vida, n\u00e3o ser\u00e1 diferente. Tecnologias, pessoas e processos ditar\u00e3o o desenvolvimento de um subsetor que, s\u00f3 entre janeiro e abril de 2021, experimentou um crescimento de 11,5% em compara\u00e7\u00e3o com 2020. Assim, conseguiu conquistar um faturamento em torno de R$ 15,8 bilh\u00f5es. Os dados s\u00e3o da Superintend\u00eancia de Seguros Privados (Susep).<\/p>\n<p>O desafio das seguradoras, principalmente para aquelas que lidam no setor de vida, ser\u00e1 embarcar todos esses conceitos e a\u00e7\u00f5es em pr\u00e1ticas voltadas para conhecer cada vez mais as minuciosidades dos clientes. Saber quem s\u00e3o, como vivem, o que projetam, o que valorizam e o que buscam ser\u00e3o questionamentos essenciais para o planejamento de metas. Mas tamb\u00e9m para a disponibiliza\u00e7\u00e3o de servi\u00e7os personalizados aos compradores.<\/p>\n<p>Em meio \u00e0s tantas marcas deixadas pela pandemia, vimos, por exemplo, uma maior aten\u00e7\u00e3o das pessoas em estarem mais preparadas para imprevistos. Isso afetou diretamente o mercado de seguros de vida que, segundo a Susep, registrou alta de 16,7% at\u00e9 setembro de 2021 em rela\u00e7\u00e3o aos primeiros nove meses de 2020. Dessa forma correspondeu a um aumento de R$ 2,43 bilh\u00f5es na arrecada\u00e7\u00e3o de pr\u00eamios.<\/p>\n<h3>Mudan\u00e7as<\/h3>\n<p>Esse movimento gerou um novo olhar de aten\u00e7\u00e3o \u00e0s seguradoras n\u00e3o s\u00f3 por conta do aumento da demanda, como tamb\u00e9m, da entrada de novos perfis no mercado. Com isso, surgem duas necessidades: avaliar melhor esses novos consumidores e rentabilizar a carteira dos que j\u00e1 tinham seguro. Este cen\u00e1rio, t\u00e3o distinto e complementar ao mesmo tempo, mostra ao segmento o quanto a economia ser\u00e1 circular e fundamentada nos elos da inova\u00e7\u00e3o no futuro. Em linhas gerais, conhecer ser\u00e1 o verbo de a\u00e7\u00e3o deste setor.<\/p>\n<p>Neste aspecto, podemos ver como \u00e9 importante o uso de solu\u00e7\u00f5es de insights de dados para estarmos mais inteirados em rela\u00e7\u00e3o aos h\u00e1bitos dos clientes. Em termos pr\u00e1ticos, j\u00e1 pensou o quanto as tecnologias anal\u00edticas poder\u00e3o apoiar com informa\u00e7\u00f5es que refletem \u00e0s seguradoras a probabilidade de um CPF estar no grupo com chance de ruptura do contrato? Ou na aplica\u00e7\u00e3o de regras e pol\u00edticas que ajudam na identifica\u00e7\u00e3o do risco de rescis\u00e3o antecipada, por exemplo?<\/p>\n<p>Isso me fez lembrar de uma grande seguradora que, j\u00e1 prevendo cen\u00e1rios futuros, buscava automatizar seu processo de contrata\u00e7\u00e3o de segurados para ter uma experi\u00eancia mais flu\u00edda e mais precisa na an\u00e1lise do proponente. A organiza\u00e7\u00e3o necessitava tomar decis\u00f5es r\u00e1pidas e assertivas para encontrar pre\u00e7os, parcelas e subscri\u00e7\u00e3o de contratos adequados, pois assim poderia gerenciar os riscos de transa\u00e7\u00f5es que n\u00e3o seriam cumpridas.<\/p>\n<p>Ap\u00f3s a ado\u00e7\u00e3o de uma tecnologia anal\u00edtica, baseada em pontua\u00e7\u00e3o de score, esta seguradora gerou fric\u00e7\u00e3o na medida certa nos canais digitais de onboarding, o que garantiu a ela uma imagem mais inovadora. E, aos segurados, uma melhor experi\u00eancia de usu\u00e1rio. O estudo de caso serve para ilustrar o grande potencial que a oferta personalizada de conte\u00fado ter\u00e1 em um futuro n\u00e3o t\u00e3o distante, ainda neste ano.<\/p>\n<h3>A atual demanda<\/h3>\n<p>H\u00e1 uma demanda no mercado por servi\u00e7os que entendem a probabilidade de rompimento de contrato com a empresa e, desta maneira, permitem que a companhia apresente a precifica\u00e7\u00e3o apropriada de cada produto. A TransUnion, por exemplo, lan\u00e7ou o\u00a0<strong><a href=\"https:\/\/www.transunion.com.br\/product\/lifetime-value-score?utm_source=Press-Release&amp;utm_medium=Public-Relations&amp;utm_campaign=Lifetime-Value-Score&amp;utm_content=Product-Page&amp;utmsource=Press-Release\" target=\"_blank\" rel=\"noopener noreferrer\">Lifetime Value Score<\/a>,\u00a0<\/strong>que faz exatamente isso, garante que as empresas ofere\u00e7am o produto certo e da forma mais adequada para as pessoas que necessitam dele.<\/p>\n<p>Al\u00e9m do mercado de Vida, a capacidade da solu\u00e7\u00e3o de calcular a probabilidade de rompimento de contratos tamb\u00e9m pode beneficiar o mercado de Seguro Sa\u00fade e Consignados.<\/p>\n<p>Para o futuro, aumentar as chances de conhecimento dos clientes, apoiar o amadurecimento de consumidores e do pr\u00f3prio mercado ser\u00e3o quest\u00f5es cruciais para se estabelecer em um mundo repleto de prop\u00f3sitos.<\/p>\n<p><strong>LEIA TAMB\u00c9M<\/strong><\/p>\n<p><a href=\"https:\/\/redenoticiaz.com.br\/blog\/2022\/02\/26\/vai-comprar-um-imovel-e-bom-seguir-algumas-dicas\">Vai comprar um im\u00f3vel? \u00c9 bom seguir algumas dicas<\/a><\/p>\n","protected":false},"excerpt":{"rendered":"<p>Por Lu\u00edsa Cherobim Empatia e personaliza\u00e7\u00e3o ser\u00e3o duas palavras presentes nos neg\u00f3cios da nova economia. Estes termos, t\u00e3o poderosos na vida social, tamb\u00e9m ter\u00e3o importantes pap\u00e9is no \u00e2mbito corporativo no que diz respeito \u00e0 constru\u00e7\u00e3o de novos neg\u00f3cios e de novos ecossistemas daqui para frente. \u00c9 o que vale para o seguro de vida. No &hellip;<\/p>\n","protected":false},"author":6,"featured_media":3930,"comment_status":"open","ping_status":"closed","sticky":false,"template":"","format":"standard","meta":{"footnotes":""},"categories":[101],"tags":[3732,177,7939,3743,2280,15810],"class_list":["post-3929","post","type-post","status-publish","format-standard","has-post-thumbnail","hentry","category-economia","tag-bem-estar","tag-dicas","tag-mercado","tag-negocios","tag-novidades","tag-seguro-de-vida"],"yoast_head":"<!-- This site is optimized with the Yoast SEO plugin v27.4 - https:\/\/yoast.com\/product\/yoast-seo-wordpress\/ -->\n<title>Artigo - Seguro de vida: principais tend\u00eancias para mudar o setor - Ribeir\u00e3o Preto e Regi\u00e3o<\/title>\n<meta name=\"description\" content=\"no que diz respeito \u00e0 constru\u00e7\u00e3o de novos neg\u00f3cios e de novos ecossistemas daqui para frente. \u00c9 o que vale para o seguro de vida.\" \/>\n<meta name=\"robots\" content=\"index, follow, max-snippet:-1, max-image-preview:large, max-video-preview:-1\" \/>\n<link rel=\"canonical\" href=\"https:\/\/redenoticiaz.com.br\/ribeiraopreto-regiao\/sp\/2022\/05\/15\/artigo-seguro-de-vida-principais-tendencias-para-mudar-o-setor\" \/>\n<meta property=\"og:locale\" content=\"pt_BR\" \/>\n<meta property=\"og:type\" content=\"article\" \/>\n<meta property=\"og:title\" content=\"Artigo - Seguro de vida: principais tend\u00eancias para mudar o setor - Ribeir\u00e3o Preto e Regi\u00e3o\" \/>\n<meta property=\"og:description\" content=\"no que diz respeito \u00e0 constru\u00e7\u00e3o de novos neg\u00f3cios e de novos ecossistemas daqui para frente. \u00c9 o que vale para o seguro de vida.\" \/>\n<meta property=\"og:url\" content=\"https:\/\/redenoticiaz.com.br\/ribeiraopreto-regiao\/sp\/2022\/05\/15\/artigo-seguro-de-vida-principais-tendencias-para-mudar-o-setor\" \/>\n<meta property=\"og:site_name\" content=\"Ribeir\u00e3o Preto e Regi\u00e3o\" \/>\n<meta property=\"article:publisher\" content=\"https:\/\/m.facebook.com\/redenoticiaz.barretos\" \/>\n<meta property=\"article:published_time\" content=\"2022-05-15T11:00:01+00:00\" \/>\n<meta property=\"og:image\" content=\"https:\/\/redenoticiaz.com.br\/ribeiraopreto-regiao\/wp-content\/uploads\/sites\/4\/2022\/02\/logo.jpg\" \/>\n\t<meta property=\"og:image:width\" content=\"400\" \/>\n\t<meta property=\"og:image:height\" content=\"250\" \/>\n\t<meta property=\"og:image:type\" content=\"image\/jpeg\" \/>\n<meta name=\"author\" content=\"Leonardo Francisco\" \/>\n<meta name=\"twitter:card\" content=\"summary_large_image\" \/>\n<meta name=\"twitter:creator\" content=\"@RN_barretos\" \/>\n<meta name=\"twitter:site\" content=\"@RN_barretos\" \/>\n<meta name=\"twitter:label1\" content=\"Escrito por\" \/>\n\t<meta name=\"twitter:data1\" content=\"Leonardo Francisco\" \/>\n\t<meta name=\"twitter:label2\" content=\"Est. tempo de leitura\" \/>\n\t<meta name=\"twitter:data2\" content=\"4 minutos\" \/>\n<script type=\"application\/ld+json\" class=\"yoast-schema-graph\">{\"@context\":\"https:\\\/\\\/schema.org\",\"@graph\":[{\"@type\":\"Article\",\"@id\":\"https:\\\/\\\/redenoticiaz.com.br\\\/ribeiraopreto-regiao\\\/sp\\\/2022\\\/05\\\/15\\\/artigo-seguro-de-vida-principais-tendencias-para-mudar-o-setor#article\",\"isPartOf\":{\"@id\":\"https:\\\/\\\/redenoticiaz.com.br\\\/ribeiraopreto-regiao\\\/sp\\\/2022\\\/05\\\/15\\\/artigo-seguro-de-vida-principais-tendencias-para-mudar-o-setor\"},\"author\":{\"name\":\"Leonardo Francisco\",\"@id\":\"https:\\\/\\\/redenoticiaz.com.br\\\/ribeiraopreto-regiao\\\/#\\\/schema\\\/person\\\/0f0b8a5bdafefe82841e07ae8d81ecb3\"},\"headline\":\"Artigo &#8211; Seguro de vida: principais tend\u00eancias para mudar o setor\",\"datePublished\":\"2022-05-15T11:00:01+00:00\",\"mainEntityOfPage\":{\"@id\":\"https:\\\/\\\/redenoticiaz.com.br\\\/ribeiraopreto-regiao\\\/sp\\\/2022\\\/05\\\/15\\\/artigo-seguro-de-vida-principais-tendencias-para-mudar-o-setor\"},\"wordCount\":754,\"commentCount\":0,\"publisher\":{\"@id\":\"https:\\\/\\\/redenoticiaz.com.br\\\/ribeiraopreto-regiao\\\/#organization\"},\"image\":{\"@id\":\"https:\\\/\\\/redenoticiaz.com.br\\\/ribeiraopreto-regiao\\\/sp\\\/2022\\\/05\\\/15\\\/artigo-seguro-de-vida-principais-tendencias-para-mudar-o-setor#primaryimage\"},\"thumbnailUrl\":\"https:\\\/\\\/redenoticiaz.com.br\\\/ribeiraopreto-regiao\\\/wp-content\\\/uploads\\\/sites\\\/4\\\/2022\\\/05\\\/rhg.jpg?v=1652362092\",\"keywords\":[\"BEM ESTAR\",\"DICAS\",\"Mercado\",\"NEG\u00d3CIOS\",\"NOVIDADES\",\"SEGURO DE VIDA\"],\"articleSection\":[\"Economia\"],\"inLanguage\":\"pt-BR\",\"potentialAction\":[{\"@type\":\"CommentAction\",\"name\":\"Comment\",\"target\":[\"https:\\\/\\\/redenoticiaz.com.br\\\/ribeiraopreto-regiao\\\/sp\\\/2022\\\/05\\\/15\\\/artigo-seguro-de-vida-principais-tendencias-para-mudar-o-setor#respond\"]}]},{\"@type\":\"WebPage\",\"@id\":\"https:\\\/\\\/redenoticiaz.com.br\\\/ribeiraopreto-regiao\\\/sp\\\/2022\\\/05\\\/15\\\/artigo-seguro-de-vida-principais-tendencias-para-mudar-o-setor\",\"url\":\"https:\\\/\\\/redenoticiaz.com.br\\\/ribeiraopreto-regiao\\\/sp\\\/2022\\\/05\\\/15\\\/artigo-seguro-de-vida-principais-tendencias-para-mudar-o-setor\",\"name\":\"Artigo - Seguro de vida: principais tend\u00eancias para mudar o setor - Ribeir\u00e3o Preto e Regi\u00e3o\",\"isPartOf\":{\"@id\":\"https:\\\/\\\/redenoticiaz.com.br\\\/ribeiraopreto-regiao\\\/#website\"},\"primaryImageOfPage\":{\"@id\":\"https:\\\/\\\/redenoticiaz.com.br\\\/ribeiraopreto-regiao\\\/sp\\\/2022\\\/05\\\/15\\\/artigo-seguro-de-vida-principais-tendencias-para-mudar-o-setor#primaryimage\"},\"image\":{\"@id\":\"https:\\\/\\\/redenoticiaz.com.br\\\/ribeiraopreto-regiao\\\/sp\\\/2022\\\/05\\\/15\\\/artigo-seguro-de-vida-principais-tendencias-para-mudar-o-setor#primaryimage\"},\"thumbnailUrl\":\"https:\\\/\\\/redenoticiaz.com.br\\\/ribeiraopreto-regiao\\\/wp-content\\\/uploads\\\/sites\\\/4\\\/2022\\\/05\\\/rhg.jpg?v=1652362092\",\"datePublished\":\"2022-05-15T11:00:01+00:00\",\"description\":\"no que diz respeito \u00e0 constru\u00e7\u00e3o de novos neg\u00f3cios e de novos ecossistemas daqui para frente. \u00c9 o que vale para o seguro de vida.\",\"inLanguage\":\"pt-BR\",\"potentialAction\":[{\"@type\":\"ReadAction\",\"target\":[\"https:\\\/\\\/redenoticiaz.com.br\\\/ribeiraopreto-regiao\\\/sp\\\/2022\\\/05\\\/15\\\/artigo-seguro-de-vida-principais-tendencias-para-mudar-o-setor\"]}]},{\"@type\":\"ImageObject\",\"inLanguage\":\"pt-BR\",\"@id\":\"https:\\\/\\\/redenoticiaz.com.br\\\/ribeiraopreto-regiao\\\/sp\\\/2022\\\/05\\\/15\\\/artigo-seguro-de-vida-principais-tendencias-para-mudar-o-setor#primaryimage\",\"url\":\"https:\\\/\\\/redenoticiaz.com.br\\\/ribeiraopreto-regiao\\\/wp-content\\\/uploads\\\/sites\\\/4\\\/2022\\\/05\\\/rhg.jpg?v=1652362092\",\"contentUrl\":\"https:\\\/\\\/redenoticiaz.com.br\\\/ribeiraopreto-regiao\\\/wp-content\\\/uploads\\\/sites\\\/4\\\/2022\\\/05\\\/rhg.jpg?v=1652362092\",\"width\":1211,\"height\":844,\"caption\":\"Cr\u00e9ditos: Reprodu\u00e7\u00e3o\"},{\"@type\":\"WebSite\",\"@id\":\"https:\\\/\\\/redenoticiaz.com.br\\\/ribeiraopreto-regiao\\\/#website\",\"url\":\"https:\\\/\\\/redenoticiaz.com.br\\\/ribeiraopreto-regiao\\\/\",\"name\":\"Ribeir\u00e3o Preto e Regi\u00e3o\",\"description\":\"Rede NoticiaZ - Ribeir\u00e3o Preto e regi\u00e3o\",\"publisher\":{\"@id\":\"https:\\\/\\\/redenoticiaz.com.br\\\/ribeiraopreto-regiao\\\/#organization\"},\"potentialAction\":[{\"@type\":\"SearchAction\",\"target\":{\"@type\":\"EntryPoint\",\"urlTemplate\":\"https:\\\/\\\/redenoticiaz.com.br\\\/ribeiraopreto-regiao\\\/?s={search_term_string}\"},\"query-input\":{\"@type\":\"PropertyValueSpecification\",\"valueRequired\":true,\"valueName\":\"search_term_string\"}}],\"inLanguage\":\"pt-BR\"},{\"@type\":\"Organization\",\"@id\":\"https:\\\/\\\/redenoticiaz.com.br\\\/ribeiraopreto-regiao\\\/#organization\",\"name\":\"Ribeir\u00e3o Preto e Regi\u00e3o\",\"url\":\"https:\\\/\\\/redenoticiaz.com.br\\\/ribeiraopreto-regiao\\\/\",\"logo\":{\"@type\":\"ImageObject\",\"inLanguage\":\"pt-BR\",\"@id\":\"https:\\\/\\\/redenoticiaz.com.br\\\/ribeiraopreto-regiao\\\/#\\\/schema\\\/logo\\\/image\\\/\",\"url\":\"https:\\\/\\\/redenoticiaz.com.br\\\/barretos-regiao\\\/wp-content\\\/uploads\\\/sites\\\/4\\\/2022\\\/02\\\/logo.jpg\",\"contentUrl\":\"https:\\\/\\\/redenoticiaz.com.br\\\/barretos-regiao\\\/wp-content\\\/uploads\\\/sites\\\/4\\\/2022\\\/02\\\/logo.jpg\",\"width\":400,\"height\":250,\"caption\":\"Ribeir\u00e3o Preto e Regi\u00e3o\"},\"image\":{\"@id\":\"https:\\\/\\\/redenoticiaz.com.br\\\/ribeiraopreto-regiao\\\/#\\\/schema\\\/logo\\\/image\\\/\"},\"sameAs\":[\"https:\\\/\\\/m.facebook.com\\\/redenoticiaz.barretos\",\"https:\\\/\\\/x.com\\\/RN_barretos\",\"https:\\\/\\\/www.instagram.com\\\/redenoticiaz.barretos\\\/?igshid=YmMyMTA2M2Y\",\"https:\\\/\\\/www.linkedin.com\\\/company\\\/rede-noticiaz-barretos-e-regio\\\/\"]},{\"@type\":\"Person\",\"@id\":\"https:\\\/\\\/redenoticiaz.com.br\\\/ribeiraopreto-regiao\\\/#\\\/schema\\\/person\\\/0f0b8a5bdafefe82841e07ae8d81ecb3\",\"name\":\"Leonardo Francisco\",\"image\":{\"@type\":\"ImageObject\",\"inLanguage\":\"pt-BR\",\"@id\":\"https:\\\/\\\/secure.gravatar.com\\\/avatar\\\/a7358cb406a99b682ec6df1e77e31ae82e63601f6784e8a3df411d72b37864da?s=96&d=mm&r=g\",\"url\":\"https:\\\/\\\/secure.gravatar.com\\\/avatar\\\/a7358cb406a99b682ec6df1e77e31ae82e63601f6784e8a3df411d72b37864da?s=96&d=mm&r=g\",\"contentUrl\":\"https:\\\/\\\/secure.gravatar.com\\\/avatar\\\/a7358cb406a99b682ec6df1e77e31ae82e63601f6784e8a3df411d72b37864da?s=96&d=mm&r=g\",\"caption\":\"Leonardo Francisco\"},\"url\":\"https:\\\/\\\/redenoticiaz.com.br\\\/ribeiraopreto-regiao\\\/sp\\\/author\\\/leonardo-francisco\"}]}<\/script>\n<!-- \/ Yoast SEO plugin. -->","yoast_head_json":{"title":"Artigo - Seguro de vida: principais tend\u00eancias para mudar o setor - Ribeir\u00e3o Preto e Regi\u00e3o","description":"no que diz respeito \u00e0 constru\u00e7\u00e3o de novos neg\u00f3cios e de novos ecossistemas daqui para frente. \u00c9 o que vale para o seguro de vida.","robots":{"index":"index","follow":"follow","max-snippet":"max-snippet:-1","max-image-preview":"max-image-preview:large","max-video-preview":"max-video-preview:-1"},"canonical":"https:\/\/redenoticiaz.com.br\/ribeiraopreto-regiao\/sp\/2022\/05\/15\/artigo-seguro-de-vida-principais-tendencias-para-mudar-o-setor","og_locale":"pt_BR","og_type":"article","og_title":"Artigo - Seguro de vida: principais tend\u00eancias para mudar o setor - Ribeir\u00e3o Preto e Regi\u00e3o","og_description":"no que diz respeito \u00e0 constru\u00e7\u00e3o de novos neg\u00f3cios e de novos ecossistemas daqui para frente. \u00c9 o que vale para o seguro de vida.","og_url":"https:\/\/redenoticiaz.com.br\/ribeiraopreto-regiao\/sp\/2022\/05\/15\/artigo-seguro-de-vida-principais-tendencias-para-mudar-o-setor","og_site_name":"Ribeir\u00e3o Preto e Regi\u00e3o","article_publisher":"https:\/\/m.facebook.com\/redenoticiaz.barretos","article_published_time":"2022-05-15T11:00:01+00:00","og_image":[{"width":400,"height":250,"url":"https:\/\/redenoticiaz.com.br\/ribeiraopreto-regiao\/wp-content\/uploads\/sites\/4\/2022\/02\/logo.jpg","type":"image\/jpeg"}],"author":"Leonardo Francisco","twitter_card":"summary_large_image","twitter_creator":"@RN_barretos","twitter_site":"@RN_barretos","twitter_misc":{"Escrito por":"Leonardo Francisco","Est. tempo de leitura":"4 minutos"},"schema":{"@context":"https:\/\/schema.org","@graph":[{"@type":"Article","@id":"https:\/\/redenoticiaz.com.br\/ribeiraopreto-regiao\/sp\/2022\/05\/15\/artigo-seguro-de-vida-principais-tendencias-para-mudar-o-setor#article","isPartOf":{"@id":"https:\/\/redenoticiaz.com.br\/ribeiraopreto-regiao\/sp\/2022\/05\/15\/artigo-seguro-de-vida-principais-tendencias-para-mudar-o-setor"},"author":{"name":"Leonardo Francisco","@id":"https:\/\/redenoticiaz.com.br\/ribeiraopreto-regiao\/#\/schema\/person\/0f0b8a5bdafefe82841e07ae8d81ecb3"},"headline":"Artigo &#8211; Seguro de vida: principais tend\u00eancias para mudar o setor","datePublished":"2022-05-15T11:00:01+00:00","mainEntityOfPage":{"@id":"https:\/\/redenoticiaz.com.br\/ribeiraopreto-regiao\/sp\/2022\/05\/15\/artigo-seguro-de-vida-principais-tendencias-para-mudar-o-setor"},"wordCount":754,"commentCount":0,"publisher":{"@id":"https:\/\/redenoticiaz.com.br\/ribeiraopreto-regiao\/#organization"},"image":{"@id":"https:\/\/redenoticiaz.com.br\/ribeiraopreto-regiao\/sp\/2022\/05\/15\/artigo-seguro-de-vida-principais-tendencias-para-mudar-o-setor#primaryimage"},"thumbnailUrl":"https:\/\/redenoticiaz.com.br\/ribeiraopreto-regiao\/wp-content\/uploads\/sites\/4\/2022\/05\/rhg.jpg?v=1652362092","keywords":["BEM ESTAR","DICAS","Mercado","NEG\u00d3CIOS","NOVIDADES","SEGURO DE VIDA"],"articleSection":["Economia"],"inLanguage":"pt-BR","potentialAction":[{"@type":"CommentAction","name":"Comment","target":["https:\/\/redenoticiaz.com.br\/ribeiraopreto-regiao\/sp\/2022\/05\/15\/artigo-seguro-de-vida-principais-tendencias-para-mudar-o-setor#respond"]}]},{"@type":"WebPage","@id":"https:\/\/redenoticiaz.com.br\/ribeiraopreto-regiao\/sp\/2022\/05\/15\/artigo-seguro-de-vida-principais-tendencias-para-mudar-o-setor","url":"https:\/\/redenoticiaz.com.br\/ribeiraopreto-regiao\/sp\/2022\/05\/15\/artigo-seguro-de-vida-principais-tendencias-para-mudar-o-setor","name":"Artigo - Seguro de vida: principais tend\u00eancias para mudar o setor - Ribeir\u00e3o Preto e Regi\u00e3o","isPartOf":{"@id":"https:\/\/redenoticiaz.com.br\/ribeiraopreto-regiao\/#website"},"primaryImageOfPage":{"@id":"https:\/\/redenoticiaz.com.br\/ribeiraopreto-regiao\/sp\/2022\/05\/15\/artigo-seguro-de-vida-principais-tendencias-para-mudar-o-setor#primaryimage"},"image":{"@id":"https:\/\/redenoticiaz.com.br\/ribeiraopreto-regiao\/sp\/2022\/05\/15\/artigo-seguro-de-vida-principais-tendencias-para-mudar-o-setor#primaryimage"},"thumbnailUrl":"https:\/\/redenoticiaz.com.br\/ribeiraopreto-regiao\/wp-content\/uploads\/sites\/4\/2022\/05\/rhg.jpg?v=1652362092","datePublished":"2022-05-15T11:00:01+00:00","description":"no que diz respeito \u00e0 constru\u00e7\u00e3o de novos neg\u00f3cios e de novos ecossistemas daqui para frente. \u00c9 o que vale para o seguro de vida.","inLanguage":"pt-BR","potentialAction":[{"@type":"ReadAction","target":["https:\/\/redenoticiaz.com.br\/ribeiraopreto-regiao\/sp\/2022\/05\/15\/artigo-seguro-de-vida-principais-tendencias-para-mudar-o-setor"]}]},{"@type":"ImageObject","inLanguage":"pt-BR","@id":"https:\/\/redenoticiaz.com.br\/ribeiraopreto-regiao\/sp\/2022\/05\/15\/artigo-seguro-de-vida-principais-tendencias-para-mudar-o-setor#primaryimage","url":"https:\/\/redenoticiaz.com.br\/ribeiraopreto-regiao\/wp-content\/uploads\/sites\/4\/2022\/05\/rhg.jpg?v=1652362092","contentUrl":"https:\/\/redenoticiaz.com.br\/ribeiraopreto-regiao\/wp-content\/uploads\/sites\/4\/2022\/05\/rhg.jpg?v=1652362092","width":1211,"height":844,"caption":"Cr\u00e9ditos: Reprodu\u00e7\u00e3o"},{"@type":"WebSite","@id":"https:\/\/redenoticiaz.com.br\/ribeiraopreto-regiao\/#website","url":"https:\/\/redenoticiaz.com.br\/ribeiraopreto-regiao\/","name":"Ribeir\u00e3o Preto e Regi\u00e3o","description":"Rede NoticiaZ - Ribeir\u00e3o Preto e regi\u00e3o","publisher":{"@id":"https:\/\/redenoticiaz.com.br\/ribeiraopreto-regiao\/#organization"},"potentialAction":[{"@type":"SearchAction","target":{"@type":"EntryPoint","urlTemplate":"https:\/\/redenoticiaz.com.br\/ribeiraopreto-regiao\/?s={search_term_string}"},"query-input":{"@type":"PropertyValueSpecification","valueRequired":true,"valueName":"search_term_string"}}],"inLanguage":"pt-BR"},{"@type":"Organization","@id":"https:\/\/redenoticiaz.com.br\/ribeiraopreto-regiao\/#organization","name":"Ribeir\u00e3o Preto e Regi\u00e3o","url":"https:\/\/redenoticiaz.com.br\/ribeiraopreto-regiao\/","logo":{"@type":"ImageObject","inLanguage":"pt-BR","@id":"https:\/\/redenoticiaz.com.br\/ribeiraopreto-regiao\/#\/schema\/logo\/image\/","url":"https:\/\/redenoticiaz.com.br\/barretos-regiao\/wp-content\/uploads\/sites\/4\/2022\/02\/logo.jpg","contentUrl":"https:\/\/redenoticiaz.com.br\/barretos-regiao\/wp-content\/uploads\/sites\/4\/2022\/02\/logo.jpg","width":400,"height":250,"caption":"Ribeir\u00e3o Preto e Regi\u00e3o"},"image":{"@id":"https:\/\/redenoticiaz.com.br\/ribeiraopreto-regiao\/#\/schema\/logo\/image\/"},"sameAs":["https:\/\/m.facebook.com\/redenoticiaz.barretos","https:\/\/x.com\/RN_barretos","https:\/\/www.instagram.com\/redenoticiaz.barretos\/?igshid=YmMyMTA2M2Y","https:\/\/www.linkedin.com\/company\/rede-noticiaz-barretos-e-regio\/"]},{"@type":"Person","@id":"https:\/\/redenoticiaz.com.br\/ribeiraopreto-regiao\/#\/schema\/person\/0f0b8a5bdafefe82841e07ae8d81ecb3","name":"Leonardo Francisco","image":{"@type":"ImageObject","inLanguage":"pt-BR","@id":"https:\/\/secure.gravatar.com\/avatar\/a7358cb406a99b682ec6df1e77e31ae82e63601f6784e8a3df411d72b37864da?s=96&d=mm&r=g","url":"https:\/\/secure.gravatar.com\/avatar\/a7358cb406a99b682ec6df1e77e31ae82e63601f6784e8a3df411d72b37864da?s=96&d=mm&r=g","contentUrl":"https:\/\/secure.gravatar.com\/avatar\/a7358cb406a99b682ec6df1e77e31ae82e63601f6784e8a3df411d72b37864da?s=96&d=mm&r=g","caption":"Leonardo Francisco"},"url":"https:\/\/redenoticiaz.com.br\/ribeiraopreto-regiao\/sp\/author\/leonardo-francisco"}]}},"_links":{"self":[{"href":"https:\/\/redenoticiaz.com.br\/ribeiraopreto-regiao\/wp-json\/wp\/v2\/posts\/3929","targetHints":{"allow":["GET"]}}],"collection":[{"href":"https:\/\/redenoticiaz.com.br\/ribeiraopreto-regiao\/wp-json\/wp\/v2\/posts"}],"about":[{"href":"https:\/\/redenoticiaz.com.br\/ribeiraopreto-regiao\/wp-json\/wp\/v2\/types\/post"}],"author":[{"embeddable":true,"href":"https:\/\/redenoticiaz.com.br\/ribeiraopreto-regiao\/wp-json\/wp\/v2\/users\/6"}],"replies":[{"embeddable":true,"href":"https:\/\/redenoticiaz.com.br\/ribeiraopreto-regiao\/wp-json\/wp\/v2\/comments?post=3929"}],"version-history":[{"count":1,"href":"https:\/\/redenoticiaz.com.br\/ribeiraopreto-regiao\/wp-json\/wp\/v2\/posts\/3929\/revisions"}],"predecessor-version":[{"id":3931,"href":"https:\/\/redenoticiaz.com.br\/ribeiraopreto-regiao\/wp-json\/wp\/v2\/posts\/3929\/revisions\/3931"}],"wp:featuredmedia":[{"embeddable":true,"href":"https:\/\/redenoticiaz.com.br\/ribeiraopreto-regiao\/wp-json\/wp\/v2\/media\/3930"}],"wp:attachment":[{"href":"https:\/\/redenoticiaz.com.br\/ribeiraopreto-regiao\/wp-json\/wp\/v2\/media?parent=3929"}],"wp:term":[{"taxonomy":"category","embeddable":true,"href":"https:\/\/redenoticiaz.com.br\/ribeiraopreto-regiao\/wp-json\/wp\/v2\/categories?post=3929"},{"taxonomy":"post_tag","embeddable":true,"href":"https:\/\/redenoticiaz.com.br\/ribeiraopreto-regiao\/wp-json\/wp\/v2\/tags?post=3929"}],"curies":[{"name":"wp","href":"https:\/\/api.w.org\/{rel}","templated":true}]}}