{"id":4017,"date":"2022-05-14T15:24:29","date_gmt":"2022-05-14T18:24:29","guid":{"rendered":"https:\/\/redenoticiaz.com.br\/barretos-regiao\/?p=4017"},"modified":"2022-05-17T21:53:40","modified_gmt":"2022-05-18T00:53:40","slug":"policiais-prendem-quatro-pessoas-por-trafico-de-drogas","status":"publish","type":"post","link":"https:\/\/redenoticiaz.com.br\/ribeiraopreto-regiao\/sp\/2022\/05\/14\/policiais-prendem-quatro-pessoas-por-trafico-de-drogas","title":{"rendered":"Policiais prendem quatro pessoas por tr\u00e1fico de drogas"},"content":{"rendered":"<p>Policias, prenderam quatro pessoas pelo crime de tr\u00e1fico de drogas, sendo ainda apreendidos dinheiro e pinos com coca\u00edna. A apreens\u00e3o foi feita atrav\u00e9s de uma den\u00fancia.<\/p>\n<p>Segundo consta, os policiais receberam informa\u00e7\u00f5es que em uma casa da Rua Nemer Assad Mockdeci, em frente a \u201cMatinha do Barretos 2\u201d, estariam guardando drogas.<\/p>\n<p>Em seguida os policiais foram ao local denunciado. Em quest\u00e3o havia uma casa sem muro e sem port\u00e3o, sendo foi poss\u00edvel observar tr\u00eas pessoas sentadas na varanda repartindo pinos. Os tr\u00eas foram abordados e identificados como M.M.M.C., mulher, 29 anos, A.P.S., 47 anos e J.L.F.N.P., 33 anos. No entanto, foi encontrado no ch\u00e3o, 68 pinos cheios de coca\u00edna.<\/p>\n<p>Em revista pessoal junto ao J.L.F.N.P., os policiais encontraram mais 15 pinos de coca\u00edna, R$210,00 e um aparelho celular. Com o A.P.S., nada foi encontrado, contudo, com a M.M.M.C., havia a quantia de R$ 286,00 e um, aparelho celular, dada voz de pris\u00e3o aos tr\u00eas.<\/p>\n<h4>O Menor<\/h4>\n<p>A equipe se deslocou at\u00e9 a casa do J.L.F.N.P., se deparou com o adolescente de 16 anos, j\u00e1 conhecido nos meios policiais pelo envolvimento com o tr\u00e1fico, o rapaz estava na frendo do port\u00e3o da casa. Quando a equipe se aproximou\u00a0 do port\u00e3o na Rua Agostinho Pereira, o menor\u00a0 correu para o interior da casa, mas foi abordado no quintal.<\/p>\n<p>O menor passou por revista sendo encontrados 18 pinos cheios de coca\u00edna, 2 por\u00e7\u00f5es de maconha e R$31,00, que segundo ele confessou ser do tr\u00e1fico. Bem como alegou que seu padrasto dava drogas para ele vender. Al\u00e9m disso, guardava certa quantidade embaixo de um sof\u00e1, no fundo do quintal, onde foram encontrados mais 105 pinos com coca\u00edna em uma lata de alum\u00ednio.<\/p>\n<p>Na delegacia os tr\u00eas maiores tiveram suas pris\u00f5es ratificadas, sendo a mulher levada para a cadeia da cidade de Bebedouro, os homens para a cadeia da cidade de Colina, e o adolescente para o <a href=\"https:\/\/fundacaocasa.sp.gov.br\/index.php\/canal-da-familia\/\">CAIP<\/a> da cidade de Araraquara.<\/p>\n<p>VEJA TAMB\u00c9M:<a href=\"https:\/\/redenoticiaz.com.br\/barretos-regiao\/sp\/2022\/04\/27\/menor-e-detido-traficando-na-rodovia-faria-lima\">Menor \u00e9 detido traficando na rodovia Faria Lima<\/a><\/p>\n","protected":false},"excerpt":{"rendered":"<p>Policias, prenderam quatro pessoas pelo crime de tr\u00e1fico de drogas, sendo ainda apreendidos dinheiro e pinos com coca\u00edna. A apreens\u00e3o foi feita atrav\u00e9s de uma den\u00fancia. Segundo consta, os policiais receberam informa\u00e7\u00f5es que em uma casa da Rua Nemer Assad Mockdeci, em frente a \u201cMatinha do Barretos 2\u201d, estariam guardando drogas. Em seguida os policiais &hellip;<\/p>\n","protected":false},"author":15,"featured_media":4018,"comment_status":"open","ping_status":"closed","sticky":false,"template":"","format":"standard","meta":{"footnotes":""},"categories":[186],"tags":[1328,4965,12718,9610,6674,16248],"class_list":["post-4017","post","type-post","status-publish","format-standard","has-post-thumbnail","hentry","category-politica","tag-apreensao-de-drogas","tag-cocaina","tag-menor","tag-policia","tag-trafico-de-drogas","tag-voz-de-prisao"],"yoast_head":"<!-- This site is optimized with the Yoast SEO plugin v27.4 - https:\/\/yoast.com\/product\/yoast-seo-wordpress\/ -->\n<title>Policiais prendem quatro pessoas por tr\u00e1fico de drogas - Ribeir\u00e3o Preto e Regi\u00e3o<\/title>\n<meta name=\"description\" content=\"Policiais, prenderam quatro pessoas pelo crime de tr\u00e1fico de drogas, sendo ainda apreendidos dinheiro e pinos com coca\u00edna.\" \/>\n<meta name=\"robots\" content=\"index, follow, max-snippet:-1, max-image-preview:large, max-video-preview:-1\" \/>\n<link rel=\"canonical\" href=\"https:\/\/redenoticiaz.com.br\/ribeiraopreto-regiao\/sp\/2022\/05\/14\/policiais-prendem-quatro-pessoas-por-trafico-de-drogas\" \/>\n<meta property=\"og:locale\" content=\"pt_BR\" \/>\n<meta property=\"og:type\" content=\"article\" \/>\n<meta property=\"og:title\" content=\"Policiais prendem quatro pessoas por tr\u00e1fico de drogas - Ribeir\u00e3o Preto e Regi\u00e3o\" \/>\n<meta property=\"og:description\" content=\"Policiais, prenderam quatro pessoas pelo crime de tr\u00e1fico de drogas, sendo ainda apreendidos dinheiro e pinos com coca\u00edna.\" \/>\n<meta property=\"og:url\" content=\"https:\/\/redenoticiaz.com.br\/ribeiraopreto-regiao\/sp\/2022\/05\/14\/policiais-prendem-quatro-pessoas-por-trafico-de-drogas\" \/>\n<meta property=\"og:site_name\" content=\"Ribeir\u00e3o Preto e Regi\u00e3o\" \/>\n<meta property=\"article:publisher\" content=\"https:\/\/m.facebook.com\/redenoticiaz.barretos\" \/>\n<meta property=\"article:published_time\" content=\"2022-05-14T18:24:29+00:00\" \/>\n<meta property=\"article:modified_time\" content=\"2022-05-18T00:53:40+00:00\" \/>\n<meta property=\"og:image\" content=\"https:\/\/redenoticiaz.com.br\/ribeiraopreto-regiao\/wp-content\/uploads\/sites\/4\/2022\/05\/police-dui-checkpoint-2021-08-26-23-04-23-utc-2.jpg\" \/>\n\t<meta property=\"og:image:width\" content=\"1620\" \/>\n\t<meta property=\"og:image:height\" content=\"1080\" \/>\n\t<meta property=\"og:image:type\" content=\"image\/jpeg\" \/>\n<meta name=\"twitter:card\" content=\"summary_large_image\" \/>\n<meta name=\"twitter:creator\" content=\"@RN_barretos\" \/>\n<meta name=\"twitter:site\" content=\"@RN_barretos\" \/>\n<meta name=\"twitter:label1\" content=\"Escrito por\" \/>\n\t<meta name=\"twitter:data1\" content=\"\" \/>\n\t<meta name=\"twitter:label2\" content=\"Est. tempo de leitura\" \/>\n\t<meta name=\"twitter:data2\" content=\"2 minutos\" \/>\n<script type=\"application\/ld+json\" class=\"yoast-schema-graph\">{\"@context\":\"https:\\\/\\\/schema.org\",\"@graph\":[{\"@type\":\"Article\",\"@id\":\"https:\\\/\\\/redenoticiaz.com.br\\\/ribeiraopreto-regiao\\\/sp\\\/2022\\\/05\\\/14\\\/policiais-prendem-quatro-pessoas-por-trafico-de-drogas#article\",\"isPartOf\":{\"@id\":\"https:\\\/\\\/redenoticiaz.com.br\\\/ribeiraopreto-regiao\\\/sp\\\/2022\\\/05\\\/14\\\/policiais-prendem-quatro-pessoas-por-trafico-de-drogas\"},\"author\":{\"name\":\"\",\"@id\":\"\"},\"headline\":\"Policiais prendem quatro pessoas por tr\u00e1fico de drogas\",\"datePublished\":\"2022-05-14T18:24:29+00:00\",\"dateModified\":\"2022-05-18T00:53:40+00:00\",\"mainEntityOfPage\":{\"@id\":\"https:\\\/\\\/redenoticiaz.com.br\\\/ribeiraopreto-regiao\\\/sp\\\/2022\\\/05\\\/14\\\/policiais-prendem-quatro-pessoas-por-trafico-de-drogas\"},\"wordCount\":374,\"commentCount\":0,\"publisher\":{\"@id\":\"https:\\\/\\\/redenoticiaz.com.br\\\/ribeiraopreto-regiao\\\/#organization\"},\"image\":{\"@id\":\"https:\\\/\\\/redenoticiaz.com.br\\\/ribeiraopreto-regiao\\\/sp\\\/2022\\\/05\\\/14\\\/policiais-prendem-quatro-pessoas-por-trafico-de-drogas#primaryimage\"},\"thumbnailUrl\":\"https:\\\/\\\/redenoticiaz.com.br\\\/ribeiraopreto-regiao\\\/wp-content\\\/uploads\\\/sites\\\/4\\\/2022\\\/05\\\/police-dui-checkpoint-2021-08-26-23-04-23-utc-2.jpg\",\"keywords\":[\"APREENS\u00c3O DE DROGAS\",\"COCA\u00cdNA\",\"MENOR\",\"Pol\u00edcia\",\"TR\u00c1FICO DE DROGAS\",\"VOZ DE PRIS\u00c3O\"],\"articleSection\":[\"Pol\u00edtica\"],\"inLanguage\":\"pt-BR\",\"potentialAction\":[{\"@type\":\"CommentAction\",\"name\":\"Comment\",\"target\":[\"https:\\\/\\\/redenoticiaz.com.br\\\/ribeiraopreto-regiao\\\/sp\\\/2022\\\/05\\\/14\\\/policiais-prendem-quatro-pessoas-por-trafico-de-drogas#respond\"]}]},{\"@type\":\"WebPage\",\"@id\":\"https:\\\/\\\/redenoticiaz.com.br\\\/ribeiraopreto-regiao\\\/sp\\\/2022\\\/05\\\/14\\\/policiais-prendem-quatro-pessoas-por-trafico-de-drogas\",\"url\":\"https:\\\/\\\/redenoticiaz.com.br\\\/ribeiraopreto-regiao\\\/sp\\\/2022\\\/05\\\/14\\\/policiais-prendem-quatro-pessoas-por-trafico-de-drogas\",\"name\":\"Policiais prendem quatro pessoas por tr\u00e1fico de drogas - Ribeir\u00e3o Preto e Regi\u00e3o\",\"isPartOf\":{\"@id\":\"https:\\\/\\\/redenoticiaz.com.br\\\/ribeiraopreto-regiao\\\/#website\"},\"primaryImageOfPage\":{\"@id\":\"https:\\\/\\\/redenoticiaz.com.br\\\/ribeiraopreto-regiao\\\/sp\\\/2022\\\/05\\\/14\\\/policiais-prendem-quatro-pessoas-por-trafico-de-drogas#primaryimage\"},\"image\":{\"@id\":\"https:\\\/\\\/redenoticiaz.com.br\\\/ribeiraopreto-regiao\\\/sp\\\/2022\\\/05\\\/14\\\/policiais-prendem-quatro-pessoas-por-trafico-de-drogas#primaryimage\"},\"thumbnailUrl\":\"https:\\\/\\\/redenoticiaz.com.br\\\/ribeiraopreto-regiao\\\/wp-content\\\/uploads\\\/sites\\\/4\\\/2022\\\/05\\\/police-dui-checkpoint-2021-08-26-23-04-23-utc-2.jpg\",\"datePublished\":\"2022-05-14T18:24:29+00:00\",\"dateModified\":\"2022-05-18T00:53:40+00:00\",\"description\":\"Policiais, prenderam quatro pessoas pelo crime de tr\u00e1fico de drogas, sendo ainda apreendidos dinheiro e pinos com coca\u00edna.\",\"inLanguage\":\"pt-BR\",\"potentialAction\":[{\"@type\":\"ReadAction\",\"target\":[\"https:\\\/\\\/redenoticiaz.com.br\\\/ribeiraopreto-regiao\\\/sp\\\/2022\\\/05\\\/14\\\/policiais-prendem-quatro-pessoas-por-trafico-de-drogas\"]}]},{\"@type\":\"ImageObject\",\"inLanguage\":\"pt-BR\",\"@id\":\"https:\\\/\\\/redenoticiaz.com.br\\\/ribeiraopreto-regiao\\\/sp\\\/2022\\\/05\\\/14\\\/policiais-prendem-quatro-pessoas-por-trafico-de-drogas#primaryimage\",\"url\":\"https:\\\/\\\/redenoticiaz.com.br\\\/ribeiraopreto-regiao\\\/wp-content\\\/uploads\\\/sites\\\/4\\\/2022\\\/05\\\/police-dui-checkpoint-2021-08-26-23-04-23-utc-2.jpg\",\"contentUrl\":\"https:\\\/\\\/redenoticiaz.com.br\\\/ribeiraopreto-regiao\\\/wp-content\\\/uploads\\\/sites\\\/4\\\/2022\\\/05\\\/police-dui-checkpoint-2021-08-26-23-04-23-utc-2.jpg\",\"width\":1620,\"height\":1080,\"caption\":\"Tr\u00e1fico de drogas. Cr\u00e9dito: Reprodu\u00e7\u00e3o\"},{\"@type\":\"WebSite\",\"@id\":\"https:\\\/\\\/redenoticiaz.com.br\\\/ribeiraopreto-regiao\\\/#website\",\"url\":\"https:\\\/\\\/redenoticiaz.com.br\\\/ribeiraopreto-regiao\\\/\",\"name\":\"Ribeir\u00e3o Preto e Regi\u00e3o\",\"description\":\"Rede NoticiaZ - Ribeir\u00e3o Preto e regi\u00e3o\",\"publisher\":{\"@id\":\"https:\\\/\\\/redenoticiaz.com.br\\\/ribeiraopreto-regiao\\\/#organization\"},\"potentialAction\":[{\"@type\":\"SearchAction\",\"target\":{\"@type\":\"EntryPoint\",\"urlTemplate\":\"https:\\\/\\\/redenoticiaz.com.br\\\/ribeiraopreto-regiao\\\/?s={search_term_string}\"},\"query-input\":{\"@type\":\"PropertyValueSpecification\",\"valueRequired\":true,\"valueName\":\"search_term_string\"}}],\"inLanguage\":\"pt-BR\"},{\"@type\":\"Organization\",\"@id\":\"https:\\\/\\\/redenoticiaz.com.br\\\/ribeiraopreto-regiao\\\/#organization\",\"name\":\"Ribeir\u00e3o Preto e Regi\u00e3o\",\"url\":\"https:\\\/\\\/redenoticiaz.com.br\\\/ribeiraopreto-regiao\\\/\",\"logo\":{\"@type\":\"ImageObject\",\"inLanguage\":\"pt-BR\",\"@id\":\"https:\\\/\\\/redenoticiaz.com.br\\\/ribeiraopreto-regiao\\\/#\\\/schema\\\/logo\\\/image\\\/\",\"url\":\"https:\\\/\\\/redenoticiaz.com.br\\\/barretos-regiao\\\/wp-content\\\/uploads\\\/sites\\\/4\\\/2022\\\/02\\\/logo.jpg\",\"contentUrl\":\"https:\\\/\\\/redenoticiaz.com.br\\\/barretos-regiao\\\/wp-content\\\/uploads\\\/sites\\\/4\\\/2022\\\/02\\\/logo.jpg\",\"width\":400,\"height\":250,\"caption\":\"Ribeir\u00e3o Preto e Regi\u00e3o\"},\"image\":{\"@id\":\"https:\\\/\\\/redenoticiaz.com.br\\\/ribeiraopreto-regiao\\\/#\\\/schema\\\/logo\\\/image\\\/\"},\"sameAs\":[\"https:\\\/\\\/m.facebook.com\\\/redenoticiaz.barretos\",\"https:\\\/\\\/x.com\\\/RN_barretos\",\"https:\\\/\\\/www.instagram.com\\\/redenoticiaz.barretos\\\/?igshid=YmMyMTA2M2Y\",\"https:\\\/\\\/www.linkedin.com\\\/company\\\/rede-noticiaz-barretos-e-regio\\\/\"]},{\"@type\":\"Person\",\"@id\":\"\",\"url\":\"https:\\\/\\\/redenoticiaz.com.br\\\/ribeiraopreto-regiao\\\/sp\\\/author\"}]}<\/script>\n<!-- \/ Yoast SEO plugin. -->","yoast_head_json":{"title":"Policiais prendem quatro pessoas por tr\u00e1fico de drogas - Ribeir\u00e3o Preto e Regi\u00e3o","description":"Policiais, prenderam quatro pessoas pelo crime de tr\u00e1fico de drogas, sendo ainda apreendidos dinheiro e pinos com coca\u00edna.","robots":{"index":"index","follow":"follow","max-snippet":"max-snippet:-1","max-image-preview":"max-image-preview:large","max-video-preview":"max-video-preview:-1"},"canonical":"https:\/\/redenoticiaz.com.br\/ribeiraopreto-regiao\/sp\/2022\/05\/14\/policiais-prendem-quatro-pessoas-por-trafico-de-drogas","og_locale":"pt_BR","og_type":"article","og_title":"Policiais prendem quatro pessoas por tr\u00e1fico de drogas - Ribeir\u00e3o Preto e Regi\u00e3o","og_description":"Policiais, prenderam quatro pessoas pelo crime de tr\u00e1fico de drogas, sendo ainda apreendidos dinheiro e pinos com coca\u00edna.","og_url":"https:\/\/redenoticiaz.com.br\/ribeiraopreto-regiao\/sp\/2022\/05\/14\/policiais-prendem-quatro-pessoas-por-trafico-de-drogas","og_site_name":"Ribeir\u00e3o Preto e Regi\u00e3o","article_publisher":"https:\/\/m.facebook.com\/redenoticiaz.barretos","article_published_time":"2022-05-14T18:24:29+00:00","article_modified_time":"2022-05-18T00:53:40+00:00","og_image":[{"width":1620,"height":1080,"url":"https:\/\/redenoticiaz.com.br\/ribeiraopreto-regiao\/wp-content\/uploads\/sites\/4\/2022\/05\/police-dui-checkpoint-2021-08-26-23-04-23-utc-2.jpg","type":"image\/jpeg"}],"twitter_card":"summary_large_image","twitter_creator":"@RN_barretos","twitter_site":"@RN_barretos","twitter_misc":{"Escrito por":"","Est. tempo de leitura":"2 minutos"},"schema":{"@context":"https:\/\/schema.org","@graph":[{"@type":"Article","@id":"https:\/\/redenoticiaz.com.br\/ribeiraopreto-regiao\/sp\/2022\/05\/14\/policiais-prendem-quatro-pessoas-por-trafico-de-drogas#article","isPartOf":{"@id":"https:\/\/redenoticiaz.com.br\/ribeiraopreto-regiao\/sp\/2022\/05\/14\/policiais-prendem-quatro-pessoas-por-trafico-de-drogas"},"author":{"name":"","@id":""},"headline":"Policiais prendem quatro pessoas por tr\u00e1fico de drogas","datePublished":"2022-05-14T18:24:29+00:00","dateModified":"2022-05-18T00:53:40+00:00","mainEntityOfPage":{"@id":"https:\/\/redenoticiaz.com.br\/ribeiraopreto-regiao\/sp\/2022\/05\/14\/policiais-prendem-quatro-pessoas-por-trafico-de-drogas"},"wordCount":374,"commentCount":0,"publisher":{"@id":"https:\/\/redenoticiaz.com.br\/ribeiraopreto-regiao\/#organization"},"image":{"@id":"https:\/\/redenoticiaz.com.br\/ribeiraopreto-regiao\/sp\/2022\/05\/14\/policiais-prendem-quatro-pessoas-por-trafico-de-drogas#primaryimage"},"thumbnailUrl":"https:\/\/redenoticiaz.com.br\/ribeiraopreto-regiao\/wp-content\/uploads\/sites\/4\/2022\/05\/police-dui-checkpoint-2021-08-26-23-04-23-utc-2.jpg","keywords":["APREENS\u00c3O DE DROGAS","COCA\u00cdNA","MENOR","Pol\u00edcia","TR\u00c1FICO DE DROGAS","VOZ DE PRIS\u00c3O"],"articleSection":["Pol\u00edtica"],"inLanguage":"pt-BR","potentialAction":[{"@type":"CommentAction","name":"Comment","target":["https:\/\/redenoticiaz.com.br\/ribeiraopreto-regiao\/sp\/2022\/05\/14\/policiais-prendem-quatro-pessoas-por-trafico-de-drogas#respond"]}]},{"@type":"WebPage","@id":"https:\/\/redenoticiaz.com.br\/ribeiraopreto-regiao\/sp\/2022\/05\/14\/policiais-prendem-quatro-pessoas-por-trafico-de-drogas","url":"https:\/\/redenoticiaz.com.br\/ribeiraopreto-regiao\/sp\/2022\/05\/14\/policiais-prendem-quatro-pessoas-por-trafico-de-drogas","name":"Policiais prendem quatro pessoas por tr\u00e1fico de drogas - Ribeir\u00e3o Preto e Regi\u00e3o","isPartOf":{"@id":"https:\/\/redenoticiaz.com.br\/ribeiraopreto-regiao\/#website"},"primaryImageOfPage":{"@id":"https:\/\/redenoticiaz.com.br\/ribeiraopreto-regiao\/sp\/2022\/05\/14\/policiais-prendem-quatro-pessoas-por-trafico-de-drogas#primaryimage"},"image":{"@id":"https:\/\/redenoticiaz.com.br\/ribeiraopreto-regiao\/sp\/2022\/05\/14\/policiais-prendem-quatro-pessoas-por-trafico-de-drogas#primaryimage"},"thumbnailUrl":"https:\/\/redenoticiaz.com.br\/ribeiraopreto-regiao\/wp-content\/uploads\/sites\/4\/2022\/05\/police-dui-checkpoint-2021-08-26-23-04-23-utc-2.jpg","datePublished":"2022-05-14T18:24:29+00:00","dateModified":"2022-05-18T00:53:40+00:00","description":"Policiais, prenderam quatro pessoas pelo crime de tr\u00e1fico de drogas, sendo ainda apreendidos dinheiro e pinos com coca\u00edna.","inLanguage":"pt-BR","potentialAction":[{"@type":"ReadAction","target":["https:\/\/redenoticiaz.com.br\/ribeiraopreto-regiao\/sp\/2022\/05\/14\/policiais-prendem-quatro-pessoas-por-trafico-de-drogas"]}]},{"@type":"ImageObject","inLanguage":"pt-BR","@id":"https:\/\/redenoticiaz.com.br\/ribeiraopreto-regiao\/sp\/2022\/05\/14\/policiais-prendem-quatro-pessoas-por-trafico-de-drogas#primaryimage","url":"https:\/\/redenoticiaz.com.br\/ribeiraopreto-regiao\/wp-content\/uploads\/sites\/4\/2022\/05\/police-dui-checkpoint-2021-08-26-23-04-23-utc-2.jpg","contentUrl":"https:\/\/redenoticiaz.com.br\/ribeiraopreto-regiao\/wp-content\/uploads\/sites\/4\/2022\/05\/police-dui-checkpoint-2021-08-26-23-04-23-utc-2.jpg","width":1620,"height":1080,"caption":"Tr\u00e1fico de drogas. Cr\u00e9dito: Reprodu\u00e7\u00e3o"},{"@type":"WebSite","@id":"https:\/\/redenoticiaz.com.br\/ribeiraopreto-regiao\/#website","url":"https:\/\/redenoticiaz.com.br\/ribeiraopreto-regiao\/","name":"Ribeir\u00e3o Preto e Regi\u00e3o","description":"Rede NoticiaZ - Ribeir\u00e3o Preto e regi\u00e3o","publisher":{"@id":"https:\/\/redenoticiaz.com.br\/ribeiraopreto-regiao\/#organization"},"potentialAction":[{"@type":"SearchAction","target":{"@type":"EntryPoint","urlTemplate":"https:\/\/redenoticiaz.com.br\/ribeiraopreto-regiao\/?s={search_term_string}"},"query-input":{"@type":"PropertyValueSpecification","valueRequired":true,"valueName":"search_term_string"}}],"inLanguage":"pt-BR"},{"@type":"Organization","@id":"https:\/\/redenoticiaz.com.br\/ribeiraopreto-regiao\/#organization","name":"Ribeir\u00e3o Preto e Regi\u00e3o","url":"https:\/\/redenoticiaz.com.br\/ribeiraopreto-regiao\/","logo":{"@type":"ImageObject","inLanguage":"pt-BR","@id":"https:\/\/redenoticiaz.com.br\/ribeiraopreto-regiao\/#\/schema\/logo\/image\/","url":"https:\/\/redenoticiaz.com.br\/barretos-regiao\/wp-content\/uploads\/sites\/4\/2022\/02\/logo.jpg","contentUrl":"https:\/\/redenoticiaz.com.br\/barretos-regiao\/wp-content\/uploads\/sites\/4\/2022\/02\/logo.jpg","width":400,"height":250,"caption":"Ribeir\u00e3o Preto e Regi\u00e3o"},"image":{"@id":"https:\/\/redenoticiaz.com.br\/ribeiraopreto-regiao\/#\/schema\/logo\/image\/"},"sameAs":["https:\/\/m.facebook.com\/redenoticiaz.barretos","https:\/\/x.com\/RN_barretos","https:\/\/www.instagram.com\/redenoticiaz.barretos\/?igshid=YmMyMTA2M2Y","https:\/\/www.linkedin.com\/company\/rede-noticiaz-barretos-e-regio\/"]},{"@type":"Person","@id":"","url":"https:\/\/redenoticiaz.com.br\/ribeiraopreto-regiao\/sp\/author"}]}},"_links":{"self":[{"href":"https:\/\/redenoticiaz.com.br\/ribeiraopreto-regiao\/wp-json\/wp\/v2\/posts\/4017","targetHints":{"allow":["GET"]}}],"collection":[{"href":"https:\/\/redenoticiaz.com.br\/ribeiraopreto-regiao\/wp-json\/wp\/v2\/posts"}],"about":[{"href":"https:\/\/redenoticiaz.com.br\/ribeiraopreto-regiao\/wp-json\/wp\/v2\/types\/post"}],"author":[{"embeddable":true,"href":"https:\/\/redenoticiaz.com.br\/ribeiraopreto-regiao\/wp-json\/wp\/v2\/users\/15"}],"replies":[{"embeddable":true,"href":"https:\/\/redenoticiaz.com.br\/ribeiraopreto-regiao\/wp-json\/wp\/v2\/comments?post=4017"}],"version-history":[{"count":2,"href":"https:\/\/redenoticiaz.com.br\/ribeiraopreto-regiao\/wp-json\/wp\/v2\/posts\/4017\/revisions"}],"predecessor-version":[{"id":4203,"href":"https:\/\/redenoticiaz.com.br\/ribeiraopreto-regiao\/wp-json\/wp\/v2\/posts\/4017\/revisions\/4203"}],"wp:featuredmedia":[{"embeddable":true,"href":"https:\/\/redenoticiaz.com.br\/ribeiraopreto-regiao\/wp-json\/wp\/v2\/media\/4018"}],"wp:attachment":[{"href":"https:\/\/redenoticiaz.com.br\/ribeiraopreto-regiao\/wp-json\/wp\/v2\/media?parent=4017"}],"wp:term":[{"taxonomy":"category","embeddable":true,"href":"https:\/\/redenoticiaz.com.br\/ribeiraopreto-regiao\/wp-json\/wp\/v2\/categories?post=4017"},{"taxonomy":"post_tag","embeddable":true,"href":"https:\/\/redenoticiaz.com.br\/ribeiraopreto-regiao\/wp-json\/wp\/v2\/tags?post=4017"}],"curies":[{"name":"wp","href":"https:\/\/api.w.org\/{rel}","templated":true}]}}