{"id":4076,"date":"2022-05-16T09:07:10","date_gmt":"2022-05-16T12:07:10","guid":{"rendered":"https:\/\/redenoticiaz.com.br\/barretos-regiao\/sp\/2022\/05\/16\/em-jogo-marcado-por-episodio-de-racismo-corinthians-empata-com-o-inter-e-segue-lider-do-brasileirao"},"modified":"2022-05-16T09:07:10","modified_gmt":"2022-05-16T12:07:10","slug":"em-jogo-marcado-por-episodio-de-racismo-corinthians-empata-com-o-inter-e-segue-lider-do-brasileirao","status":"publish","type":"post","link":"https:\/\/redenoticiaz.com.br\/ribeiraopreto-regiao\/sp\/2022\/05\/16\/em-jogo-marcado-por-episodio-de-racismo-corinthians-empata-com-o-inter-e-segue-lider-do-brasileirao","title":{"rendered":"Em jogo marcado por epis\u00f3dio de racismo, Corinthians empata com o Inter e segue l\u00edder do Brasileir\u00e3o"},"content":{"rendered":"<p>Se tem um duelo no futebol brasileiro que tem uma das maiores rivalidades interestaduais \u00e9 sem d\u00favida <strong>Corinthians e Internacional<\/strong>. No s\u00e1bado (14), as duas equipes se enfrentaram no Beira Rio, em Porto Alegre, pela sexta rodada do <a href=\"https:\/\/www.cbf.com.br\/\">Campeonato Brasileiro<\/a>. As duas equipes ficaram no empate, que garantiu a lideran\u00e7a do Tim\u00e3o, mas o que mais marcou o jogo foi a den\u00fancia feita por Edenilson, do Inter contra o lateral portugu\u00eas corintiano, Rafael Ramos, que alegou ter sofrido <strong>racismo<\/strong>.<\/p>\n<p>O jogo foi bem agitado e o Colorado abriu o placar aos 24 minutos com Alan Patrick, que recebeu bom cruzamento com De Pena. N\u00e3o demorou muito para o Corinthians reagir e chegar ao empate. Aos 29, ap\u00f3s disputa na \u00e1rea, Mantuan levou a melhor sobre o goleiro Daniel, e Ra\u00fal Gustavo marcou. Os jogadores do Inter reclamaram muito com a arbitragem pedindo falta, mas o \u00e1rbitro e o VAR validaram o gol.<\/p>\n<p>Tamb\u00e9m houve press\u00e3o no homem do apito aos 33, num pedido de p\u00eanalti para os donos da casa, que n\u00e3o foi marcado. Aos 43, os donos da casa voltaram a ficar na frente. C\u00e1ssio fez boa defesa em cabeceio de Alan Patrick, mas deu rebote, e Wanderson n\u00e3o perdoou.<\/p>\n<p>A equipe comandada por V\u00edtor Pereira voltou melhor para a etapa final, com J\u00f4 no lugar de R\u00f3ger Guedes. E foi justamente dos p\u00e9s do camisa 77 que o Tim\u00e3o conseguiu o empate, aos 19 minutos. Na entrada da \u00e1rea, Mantuan deu uma linda cavadinha para o centroavante, que driblou o goleiro e mandou para o fundo das redes. A partir de ent\u00e3o e da acusa\u00e7\u00e3o de que Rafael Ramos teria cometido inj\u00faria racial contra Eden\u00edlson, a partida caiu de intensidade e come\u00e7ou a ficar mais \u201cpicada\u201d, com muitas faltas e discuss\u00f5es.<\/p>\n<h3>Ocorr\u00eancia de racismo<\/h3>\n<p>Aos 30 minutos do segundo tempo, ap\u00f3s uma disputa de bola, o volante do Internacional, Eden\u00edlson acusou o lateral corintiano Rafael Ramos de chama-lo de \u201cmacaco\u201d. De pronto, o portugu\u00eas negou ter cometido tal ato. O meio-campista prestou queixa na pol\u00edcia e, nas redes sociais, escreveu &#8220;eu sei o que ouvi&#8221;.<\/p>\n<p>Por meio de um texto, Edenilson se pronunciou sobre o caso. &#8220;Boa noite, pessoal, passando aqui apenas para me pronunciar. Eu sei o que ouvi, realmente eu n\u00e3o reagi provavelmente da forma que deveria, pois foi a primeira vez que isso aconteceu comigo e me incomoda o fato de ficar chamando aten\u00e7\u00e3o de outra forma que n\u00e3o seja jogando futebol&#8221;.<\/p>\n<p>O jogador garantiu que procurou Rafael Ramos ap\u00f3s a partida na expectativa de receber um pedido de desculpas. &#8220;Eu procurei o atleta para que ele assumisse e me pedisse desculpas, afinal todos erramos e temos direito de admitir, no meu modo de ver as coisas. Mas o mesmo continuou a dizer que eu havia entendido errado. Eu n\u00e3o entendi errado, o procurei pelo respeito que tenho por alguns integrantes do Corinthians e para que ele pudesse ter uma chance de se redimir<\/p>\n<h3>Defesa<\/h3>\n<p>J\u00e1 o lateral portugu\u00eas pagou fian\u00e7a de R$ 10 mil e foi liberado. Em comunicado na sa\u00edda do Beira-Rio, Ramos disse que houve um mal entendido.<\/p>\n<p>&#8220;Eu estou aqui com a consci\u00eancia e cabe\u00e7a limpas para explicar o que aconteceu. Foi puramente um mal entendido entre mim e o Edenilson. No fim do jogo estive com ele e tivemos uma conversa tranquila, onde expliquei o que tinha acontecido. Ele explicou o que realmente entendeu, que n\u00e3o \u00e9 verdade. Eu expliquei a verdade daquilo que eu tinha dito. Foi isso que aconteceu. Tivemos uma conversa tranquila. Ele mostrou um receio de se passar por mentiroso, e a\u00ed eu falei que ele n\u00e3o \u00e9 um mentiroso, apenas entendeu as palavras erradas. Apertamos a m\u00e3o e desejei ele boa sorte&#8221;.<\/p>\n<p>Agora a Pol\u00edcia Civil do Rio Grande Sul vai utilizar as imagens para fazer a leitura labial para atestar se houve realmente ou n\u00e3o uma ofensa racial.<\/p>\n<p><strong>LEIA TAMB\u00c9M<\/strong><\/p>\n<p><a href=\"https:\/\/redenoticiaz.com.br\/blog\/2022\/05\/15\/sao-paulo-vence-cuiaba-em-jogo-polemico-no-morumbi\">S\u00e3o Paulo vence Cuiab\u00e1 em jogo pol\u00eamico no Morumbi<\/a><\/p>\n","protected":false},"excerpt":{"rendered":"<p>Se tem um duelo no futebol brasileiro que tem uma das maiores rivalidades interestaduais \u00e9 sem d\u00favida Corinthians e Internacional. No s\u00e1bado (14), as duas equipes se enfrentaram no Beira Rio, em Porto Alegre, pela sexta rodada do Campeonato Brasileiro. As duas equipes ficaram no empate, que garantiu a lideran\u00e7a do Tim\u00e3o, mas o que &hellip;<\/p>\n","protected":false},"author":6,"featured_media":4077,"comment_status":"open","ping_status":"closed","sticky":false,"template":"","format":"standard","meta":{"footnotes":""},"categories":[87],"tags":[16516,9428,3655,378,16517,5952,16518,16519,14144],"class_list":["post-4076","post","type-post","status-publish","format-standard","has-post-thumbnail","hentry","category-esporte","tag-beira-rio","tag-brasileirao-2022","tag-campeonato-brasileiro","tag-corinthians","tag-edenilson","tag-internacional","tag-racismo","tag-rafael-ramos","tag-timao-lider"],"yoast_head":"<!-- This site is optimized with the Yoast SEO plugin v27.4 - https:\/\/yoast.com\/product\/yoast-seo-wordpress\/ -->\n<title>Em jogo marcado por epis\u00f3dio de racismo, Corinthians empata com o Inter e segue l\u00edder do Brasileir\u00e3o - Ribeir\u00e3o Preto e Regi\u00e3o<\/title>\n<meta name=\"description\" content=\"Se tem um duelo no futebol brasileiro que tem uma das maiores rivalidades interestaduais \u00e9 sem d\u00favida Corinthians e Internacional. No s\u00e1bado\" \/>\n<meta name=\"robots\" content=\"index, follow, max-snippet:-1, max-image-preview:large, max-video-preview:-1\" \/>\n<link rel=\"canonical\" href=\"https:\/\/redenoticiaz.com.br\/ribeiraopreto-regiao\/sp\/2022\/05\/16\/em-jogo-marcado-por-episodio-de-racismo-corinthians-empata-com-o-inter-e-segue-lider-do-brasileirao\" \/>\n<meta property=\"og:locale\" content=\"pt_BR\" \/>\n<meta property=\"og:type\" content=\"article\" \/>\n<meta property=\"og:title\" content=\"Em jogo marcado por epis\u00f3dio de racismo, Corinthians empata com o Inter e segue l\u00edder do Brasileir\u00e3o - Ribeir\u00e3o Preto e Regi\u00e3o\" \/>\n<meta property=\"og:description\" content=\"Se tem um duelo no futebol brasileiro que tem uma das maiores rivalidades interestaduais \u00e9 sem d\u00favida Corinthians e Internacional. No s\u00e1bado\" \/>\n<meta property=\"og:url\" content=\"https:\/\/redenoticiaz.com.br\/ribeiraopreto-regiao\/sp\/2022\/05\/16\/em-jogo-marcado-por-episodio-de-racismo-corinthians-empata-com-o-inter-e-segue-lider-do-brasileirao\" \/>\n<meta property=\"og:site_name\" content=\"Ribeir\u00e3o Preto e Regi\u00e3o\" \/>\n<meta property=\"article:publisher\" content=\"https:\/\/m.facebook.com\/redenoticiaz.barretos\" \/>\n<meta property=\"article:published_time\" content=\"2022-05-16T12:07:10+00:00\" \/>\n<meta property=\"og:image\" content=\"https:\/\/redenoticiaz.com.br\/ribeiraopreto-regiao\/wp-content\/uploads\/sites\/4\/2022\/02\/logo.jpg\" \/>\n\t<meta property=\"og:image:width\" content=\"400\" \/>\n\t<meta property=\"og:image:height\" content=\"250\" \/>\n\t<meta property=\"og:image:type\" content=\"image\/jpeg\" \/>\n<meta name=\"author\" content=\"Leonardo Francisco\" \/>\n<meta name=\"twitter:card\" content=\"summary_large_image\" \/>\n<meta name=\"twitter:creator\" content=\"@RN_barretos\" \/>\n<meta name=\"twitter:site\" content=\"@RN_barretos\" \/>\n<meta name=\"twitter:label1\" content=\"Escrito por\" \/>\n\t<meta name=\"twitter:data1\" content=\"Leonardo Francisco\" \/>\n\t<meta name=\"twitter:label2\" content=\"Est. tempo de leitura\" \/>\n\t<meta name=\"twitter:data2\" content=\"3 minutos\" \/>\n<script type=\"application\/ld+json\" class=\"yoast-schema-graph\">{\"@context\":\"https:\\\/\\\/schema.org\",\"@graph\":[{\"@type\":\"Article\",\"@id\":\"https:\\\/\\\/redenoticiaz.com.br\\\/ribeiraopreto-regiao\\\/sp\\\/2022\\\/05\\\/16\\\/em-jogo-marcado-por-episodio-de-racismo-corinthians-empata-com-o-inter-e-segue-lider-do-brasileirao#article\",\"isPartOf\":{\"@id\":\"https:\\\/\\\/redenoticiaz.com.br\\\/ribeiraopreto-regiao\\\/sp\\\/2022\\\/05\\\/16\\\/em-jogo-marcado-por-episodio-de-racismo-corinthians-empata-com-o-inter-e-segue-lider-do-brasileirao\"},\"author\":{\"name\":\"Leonardo Francisco\",\"@id\":\"https:\\\/\\\/redenoticiaz.com.br\\\/ribeiraopreto-regiao\\\/#\\\/schema\\\/person\\\/0f0b8a5bdafefe82841e07ae8d81ecb3\"},\"headline\":\"Em jogo marcado por epis\u00f3dio de racismo, Corinthians empata com o Inter e segue l\u00edder do Brasileir\u00e3o\",\"datePublished\":\"2022-05-16T12:07:10+00:00\",\"mainEntityOfPage\":{\"@id\":\"https:\\\/\\\/redenoticiaz.com.br\\\/ribeiraopreto-regiao\\\/sp\\\/2022\\\/05\\\/16\\\/em-jogo-marcado-por-episodio-de-racismo-corinthians-empata-com-o-inter-e-segue-lider-do-brasileirao\"},\"wordCount\":711,\"commentCount\":0,\"publisher\":{\"@id\":\"https:\\\/\\\/redenoticiaz.com.br\\\/ribeiraopreto-regiao\\\/#organization\"},\"image\":{\"@id\":\"https:\\\/\\\/redenoticiaz.com.br\\\/ribeiraopreto-regiao\\\/sp\\\/2022\\\/05\\\/16\\\/em-jogo-marcado-por-episodio-de-racismo-corinthians-empata-com-o-inter-e-segue-lider-do-brasileirao#primaryimage\"},\"thumbnailUrl\":\"https:\\\/\\\/redenoticiaz.com.br\\\/ribeiraopreto-regiao\\\/wp-content\\\/uploads\\\/sites\\\/4\\\/2022\\\/05\\\/inter.jpeg?v=1652702733\",\"keywords\":[\"BEIRA RIO\",\"BRASILEIR\u00c3O 2022\",\"CAMPEONATO BRASILEIRO\",\"Corinthians\",\"EDEN\u00cdLSON\",\"INTERNACIONAL\",\"RACISMO\",\"RAFAEL RAMOS\",\"TIM\u00c3O L\u00cdDER\"],\"articleSection\":[\"Esporte\"],\"inLanguage\":\"pt-BR\",\"potentialAction\":[{\"@type\":\"CommentAction\",\"name\":\"Comment\",\"target\":[\"https:\\\/\\\/redenoticiaz.com.br\\\/ribeiraopreto-regiao\\\/sp\\\/2022\\\/05\\\/16\\\/em-jogo-marcado-por-episodio-de-racismo-corinthians-empata-com-o-inter-e-segue-lider-do-brasileirao#respond\"]}]},{\"@type\":\"WebPage\",\"@id\":\"https:\\\/\\\/redenoticiaz.com.br\\\/ribeiraopreto-regiao\\\/sp\\\/2022\\\/05\\\/16\\\/em-jogo-marcado-por-episodio-de-racismo-corinthians-empata-com-o-inter-e-segue-lider-do-brasileirao\",\"url\":\"https:\\\/\\\/redenoticiaz.com.br\\\/ribeiraopreto-regiao\\\/sp\\\/2022\\\/05\\\/16\\\/em-jogo-marcado-por-episodio-de-racismo-corinthians-empata-com-o-inter-e-segue-lider-do-brasileirao\",\"name\":\"Em jogo marcado por epis\u00f3dio de racismo, Corinthians empata com o Inter e segue l\u00edder do Brasileir\u00e3o - Ribeir\u00e3o Preto e Regi\u00e3o\",\"isPartOf\":{\"@id\":\"https:\\\/\\\/redenoticiaz.com.br\\\/ribeiraopreto-regiao\\\/#website\"},\"primaryImageOfPage\":{\"@id\":\"https:\\\/\\\/redenoticiaz.com.br\\\/ribeiraopreto-regiao\\\/sp\\\/2022\\\/05\\\/16\\\/em-jogo-marcado-por-episodio-de-racismo-corinthians-empata-com-o-inter-e-segue-lider-do-brasileirao#primaryimage\"},\"image\":{\"@id\":\"https:\\\/\\\/redenoticiaz.com.br\\\/ribeiraopreto-regiao\\\/sp\\\/2022\\\/05\\\/16\\\/em-jogo-marcado-por-episodio-de-racismo-corinthians-empata-com-o-inter-e-segue-lider-do-brasileirao#primaryimage\"},\"thumbnailUrl\":\"https:\\\/\\\/redenoticiaz.com.br\\\/ribeiraopreto-regiao\\\/wp-content\\\/uploads\\\/sites\\\/4\\\/2022\\\/05\\\/inter.jpeg?v=1652702733\",\"datePublished\":\"2022-05-16T12:07:10+00:00\",\"description\":\"Se tem um duelo no futebol brasileiro que tem uma das maiores rivalidades interestaduais \u00e9 sem d\u00favida Corinthians e Internacional. No s\u00e1bado\",\"inLanguage\":\"pt-BR\",\"potentialAction\":[{\"@type\":\"ReadAction\",\"target\":[\"https:\\\/\\\/redenoticiaz.com.br\\\/ribeiraopreto-regiao\\\/sp\\\/2022\\\/05\\\/16\\\/em-jogo-marcado-por-episodio-de-racismo-corinthians-empata-com-o-inter-e-segue-lider-do-brasileirao\"]}]},{\"@type\":\"ImageObject\",\"inLanguage\":\"pt-BR\",\"@id\":\"https:\\\/\\\/redenoticiaz.com.br\\\/ribeiraopreto-regiao\\\/sp\\\/2022\\\/05\\\/16\\\/em-jogo-marcado-por-episodio-de-racismo-corinthians-empata-com-o-inter-e-segue-lider-do-brasileirao#primaryimage\",\"url\":\"https:\\\/\\\/redenoticiaz.com.br\\\/ribeiraopreto-regiao\\\/wp-content\\\/uploads\\\/sites\\\/4\\\/2022\\\/05\\\/inter.jpeg?v=1652702733\",\"contentUrl\":\"https:\\\/\\\/redenoticiaz.com.br\\\/ribeiraopreto-regiao\\\/wp-content\\\/uploads\\\/sites\\\/4\\\/2022\\\/05\\\/inter.jpeg?v=1652702733\",\"width\":910,\"height\":683,\"caption\":\"Cr\u00e9ditos: Divulga\u00e7\u00e3o\\\/AGIF\"},{\"@type\":\"WebSite\",\"@id\":\"https:\\\/\\\/redenoticiaz.com.br\\\/ribeiraopreto-regiao\\\/#website\",\"url\":\"https:\\\/\\\/redenoticiaz.com.br\\\/ribeiraopreto-regiao\\\/\",\"name\":\"Ribeir\u00e3o Preto e Regi\u00e3o\",\"description\":\"Rede NoticiaZ - Ribeir\u00e3o Preto e regi\u00e3o\",\"publisher\":{\"@id\":\"https:\\\/\\\/redenoticiaz.com.br\\\/ribeiraopreto-regiao\\\/#organization\"},\"potentialAction\":[{\"@type\":\"SearchAction\",\"target\":{\"@type\":\"EntryPoint\",\"urlTemplate\":\"https:\\\/\\\/redenoticiaz.com.br\\\/ribeiraopreto-regiao\\\/?s={search_term_string}\"},\"query-input\":{\"@type\":\"PropertyValueSpecification\",\"valueRequired\":true,\"valueName\":\"search_term_string\"}}],\"inLanguage\":\"pt-BR\"},{\"@type\":\"Organization\",\"@id\":\"https:\\\/\\\/redenoticiaz.com.br\\\/ribeiraopreto-regiao\\\/#organization\",\"name\":\"Ribeir\u00e3o Preto e Regi\u00e3o\",\"url\":\"https:\\\/\\\/redenoticiaz.com.br\\\/ribeiraopreto-regiao\\\/\",\"logo\":{\"@type\":\"ImageObject\",\"inLanguage\":\"pt-BR\",\"@id\":\"https:\\\/\\\/redenoticiaz.com.br\\\/ribeiraopreto-regiao\\\/#\\\/schema\\\/logo\\\/image\\\/\",\"url\":\"https:\\\/\\\/redenoticiaz.com.br\\\/barretos-regiao\\\/wp-content\\\/uploads\\\/sites\\\/4\\\/2022\\\/02\\\/logo.jpg\",\"contentUrl\":\"https:\\\/\\\/redenoticiaz.com.br\\\/barretos-regiao\\\/wp-content\\\/uploads\\\/sites\\\/4\\\/2022\\\/02\\\/logo.jpg\",\"width\":400,\"height\":250,\"caption\":\"Ribeir\u00e3o Preto e Regi\u00e3o\"},\"image\":{\"@id\":\"https:\\\/\\\/redenoticiaz.com.br\\\/ribeiraopreto-regiao\\\/#\\\/schema\\\/logo\\\/image\\\/\"},\"sameAs\":[\"https:\\\/\\\/m.facebook.com\\\/redenoticiaz.barretos\",\"https:\\\/\\\/x.com\\\/RN_barretos\",\"https:\\\/\\\/www.instagram.com\\\/redenoticiaz.barretos\\\/?igshid=YmMyMTA2M2Y\",\"https:\\\/\\\/www.linkedin.com\\\/company\\\/rede-noticiaz-barretos-e-regio\\\/\"]},{\"@type\":\"Person\",\"@id\":\"https:\\\/\\\/redenoticiaz.com.br\\\/ribeiraopreto-regiao\\\/#\\\/schema\\\/person\\\/0f0b8a5bdafefe82841e07ae8d81ecb3\",\"name\":\"Leonardo Francisco\",\"image\":{\"@type\":\"ImageObject\",\"inLanguage\":\"pt-BR\",\"@id\":\"https:\\\/\\\/secure.gravatar.com\\\/avatar\\\/a7358cb406a99b682ec6df1e77e31ae82e63601f6784e8a3df411d72b37864da?s=96&d=mm&r=g\",\"url\":\"https:\\\/\\\/secure.gravatar.com\\\/avatar\\\/a7358cb406a99b682ec6df1e77e31ae82e63601f6784e8a3df411d72b37864da?s=96&d=mm&r=g\",\"contentUrl\":\"https:\\\/\\\/secure.gravatar.com\\\/avatar\\\/a7358cb406a99b682ec6df1e77e31ae82e63601f6784e8a3df411d72b37864da?s=96&d=mm&r=g\",\"caption\":\"Leonardo Francisco\"},\"url\":\"https:\\\/\\\/redenoticiaz.com.br\\\/ribeiraopreto-regiao\\\/sp\\\/author\\\/leonardo-francisco\"}]}<\/script>\n<!-- \/ Yoast SEO plugin. -->","yoast_head_json":{"title":"Em jogo marcado por epis\u00f3dio de racismo, Corinthians empata com o Inter e segue l\u00edder do Brasileir\u00e3o - Ribeir\u00e3o Preto e Regi\u00e3o","description":"Se tem um duelo no futebol brasileiro que tem uma das maiores rivalidades interestaduais \u00e9 sem d\u00favida Corinthians e Internacional. No s\u00e1bado","robots":{"index":"index","follow":"follow","max-snippet":"max-snippet:-1","max-image-preview":"max-image-preview:large","max-video-preview":"max-video-preview:-1"},"canonical":"https:\/\/redenoticiaz.com.br\/ribeiraopreto-regiao\/sp\/2022\/05\/16\/em-jogo-marcado-por-episodio-de-racismo-corinthians-empata-com-o-inter-e-segue-lider-do-brasileirao","og_locale":"pt_BR","og_type":"article","og_title":"Em jogo marcado por epis\u00f3dio de racismo, Corinthians empata com o Inter e segue l\u00edder do Brasileir\u00e3o - Ribeir\u00e3o Preto e Regi\u00e3o","og_description":"Se tem um duelo no futebol brasileiro que tem uma das maiores rivalidades interestaduais \u00e9 sem d\u00favida Corinthians e Internacional. No s\u00e1bado","og_url":"https:\/\/redenoticiaz.com.br\/ribeiraopreto-regiao\/sp\/2022\/05\/16\/em-jogo-marcado-por-episodio-de-racismo-corinthians-empata-com-o-inter-e-segue-lider-do-brasileirao","og_site_name":"Ribeir\u00e3o Preto e Regi\u00e3o","article_publisher":"https:\/\/m.facebook.com\/redenoticiaz.barretos","article_published_time":"2022-05-16T12:07:10+00:00","og_image":[{"width":400,"height":250,"url":"https:\/\/redenoticiaz.com.br\/ribeiraopreto-regiao\/wp-content\/uploads\/sites\/4\/2022\/02\/logo.jpg","type":"image\/jpeg"}],"author":"Leonardo Francisco","twitter_card":"summary_large_image","twitter_creator":"@RN_barretos","twitter_site":"@RN_barretos","twitter_misc":{"Escrito por":"Leonardo Francisco","Est. tempo de leitura":"3 minutos"},"schema":{"@context":"https:\/\/schema.org","@graph":[{"@type":"Article","@id":"https:\/\/redenoticiaz.com.br\/ribeiraopreto-regiao\/sp\/2022\/05\/16\/em-jogo-marcado-por-episodio-de-racismo-corinthians-empata-com-o-inter-e-segue-lider-do-brasileirao#article","isPartOf":{"@id":"https:\/\/redenoticiaz.com.br\/ribeiraopreto-regiao\/sp\/2022\/05\/16\/em-jogo-marcado-por-episodio-de-racismo-corinthians-empata-com-o-inter-e-segue-lider-do-brasileirao"},"author":{"name":"Leonardo Francisco","@id":"https:\/\/redenoticiaz.com.br\/ribeiraopreto-regiao\/#\/schema\/person\/0f0b8a5bdafefe82841e07ae8d81ecb3"},"headline":"Em jogo marcado por epis\u00f3dio de racismo, Corinthians empata com o Inter e segue l\u00edder do Brasileir\u00e3o","datePublished":"2022-05-16T12:07:10+00:00","mainEntityOfPage":{"@id":"https:\/\/redenoticiaz.com.br\/ribeiraopreto-regiao\/sp\/2022\/05\/16\/em-jogo-marcado-por-episodio-de-racismo-corinthians-empata-com-o-inter-e-segue-lider-do-brasileirao"},"wordCount":711,"commentCount":0,"publisher":{"@id":"https:\/\/redenoticiaz.com.br\/ribeiraopreto-regiao\/#organization"},"image":{"@id":"https:\/\/redenoticiaz.com.br\/ribeiraopreto-regiao\/sp\/2022\/05\/16\/em-jogo-marcado-por-episodio-de-racismo-corinthians-empata-com-o-inter-e-segue-lider-do-brasileirao#primaryimage"},"thumbnailUrl":"https:\/\/redenoticiaz.com.br\/ribeiraopreto-regiao\/wp-content\/uploads\/sites\/4\/2022\/05\/inter.jpeg?v=1652702733","keywords":["BEIRA RIO","BRASILEIR\u00c3O 2022","CAMPEONATO BRASILEIRO","Corinthians","EDEN\u00cdLSON","INTERNACIONAL","RACISMO","RAFAEL RAMOS","TIM\u00c3O L\u00cdDER"],"articleSection":["Esporte"],"inLanguage":"pt-BR","potentialAction":[{"@type":"CommentAction","name":"Comment","target":["https:\/\/redenoticiaz.com.br\/ribeiraopreto-regiao\/sp\/2022\/05\/16\/em-jogo-marcado-por-episodio-de-racismo-corinthians-empata-com-o-inter-e-segue-lider-do-brasileirao#respond"]}]},{"@type":"WebPage","@id":"https:\/\/redenoticiaz.com.br\/ribeiraopreto-regiao\/sp\/2022\/05\/16\/em-jogo-marcado-por-episodio-de-racismo-corinthians-empata-com-o-inter-e-segue-lider-do-brasileirao","url":"https:\/\/redenoticiaz.com.br\/ribeiraopreto-regiao\/sp\/2022\/05\/16\/em-jogo-marcado-por-episodio-de-racismo-corinthians-empata-com-o-inter-e-segue-lider-do-brasileirao","name":"Em jogo marcado por epis\u00f3dio de racismo, Corinthians empata com o Inter e segue l\u00edder do Brasileir\u00e3o - Ribeir\u00e3o Preto e Regi\u00e3o","isPartOf":{"@id":"https:\/\/redenoticiaz.com.br\/ribeiraopreto-regiao\/#website"},"primaryImageOfPage":{"@id":"https:\/\/redenoticiaz.com.br\/ribeiraopreto-regiao\/sp\/2022\/05\/16\/em-jogo-marcado-por-episodio-de-racismo-corinthians-empata-com-o-inter-e-segue-lider-do-brasileirao#primaryimage"},"image":{"@id":"https:\/\/redenoticiaz.com.br\/ribeiraopreto-regiao\/sp\/2022\/05\/16\/em-jogo-marcado-por-episodio-de-racismo-corinthians-empata-com-o-inter-e-segue-lider-do-brasileirao#primaryimage"},"thumbnailUrl":"https:\/\/redenoticiaz.com.br\/ribeiraopreto-regiao\/wp-content\/uploads\/sites\/4\/2022\/05\/inter.jpeg?v=1652702733","datePublished":"2022-05-16T12:07:10+00:00","description":"Se tem um duelo no futebol brasileiro que tem uma das maiores rivalidades interestaduais \u00e9 sem d\u00favida Corinthians e Internacional. No s\u00e1bado","inLanguage":"pt-BR","potentialAction":[{"@type":"ReadAction","target":["https:\/\/redenoticiaz.com.br\/ribeiraopreto-regiao\/sp\/2022\/05\/16\/em-jogo-marcado-por-episodio-de-racismo-corinthians-empata-com-o-inter-e-segue-lider-do-brasileirao"]}]},{"@type":"ImageObject","inLanguage":"pt-BR","@id":"https:\/\/redenoticiaz.com.br\/ribeiraopreto-regiao\/sp\/2022\/05\/16\/em-jogo-marcado-por-episodio-de-racismo-corinthians-empata-com-o-inter-e-segue-lider-do-brasileirao#primaryimage","url":"https:\/\/redenoticiaz.com.br\/ribeiraopreto-regiao\/wp-content\/uploads\/sites\/4\/2022\/05\/inter.jpeg?v=1652702733","contentUrl":"https:\/\/redenoticiaz.com.br\/ribeiraopreto-regiao\/wp-content\/uploads\/sites\/4\/2022\/05\/inter.jpeg?v=1652702733","width":910,"height":683,"caption":"Cr\u00e9ditos: Divulga\u00e7\u00e3o\/AGIF"},{"@type":"WebSite","@id":"https:\/\/redenoticiaz.com.br\/ribeiraopreto-regiao\/#website","url":"https:\/\/redenoticiaz.com.br\/ribeiraopreto-regiao\/","name":"Ribeir\u00e3o Preto e Regi\u00e3o","description":"Rede NoticiaZ - Ribeir\u00e3o Preto e regi\u00e3o","publisher":{"@id":"https:\/\/redenoticiaz.com.br\/ribeiraopreto-regiao\/#organization"},"potentialAction":[{"@type":"SearchAction","target":{"@type":"EntryPoint","urlTemplate":"https:\/\/redenoticiaz.com.br\/ribeiraopreto-regiao\/?s={search_term_string}"},"query-input":{"@type":"PropertyValueSpecification","valueRequired":true,"valueName":"search_term_string"}}],"inLanguage":"pt-BR"},{"@type":"Organization","@id":"https:\/\/redenoticiaz.com.br\/ribeiraopreto-regiao\/#organization","name":"Ribeir\u00e3o Preto e Regi\u00e3o","url":"https:\/\/redenoticiaz.com.br\/ribeiraopreto-regiao\/","logo":{"@type":"ImageObject","inLanguage":"pt-BR","@id":"https:\/\/redenoticiaz.com.br\/ribeiraopreto-regiao\/#\/schema\/logo\/image\/","url":"https:\/\/redenoticiaz.com.br\/barretos-regiao\/wp-content\/uploads\/sites\/4\/2022\/02\/logo.jpg","contentUrl":"https:\/\/redenoticiaz.com.br\/barretos-regiao\/wp-content\/uploads\/sites\/4\/2022\/02\/logo.jpg","width":400,"height":250,"caption":"Ribeir\u00e3o Preto e Regi\u00e3o"},"image":{"@id":"https:\/\/redenoticiaz.com.br\/ribeiraopreto-regiao\/#\/schema\/logo\/image\/"},"sameAs":["https:\/\/m.facebook.com\/redenoticiaz.barretos","https:\/\/x.com\/RN_barretos","https:\/\/www.instagram.com\/redenoticiaz.barretos\/?igshid=YmMyMTA2M2Y","https:\/\/www.linkedin.com\/company\/rede-noticiaz-barretos-e-regio\/"]},{"@type":"Person","@id":"https:\/\/redenoticiaz.com.br\/ribeiraopreto-regiao\/#\/schema\/person\/0f0b8a5bdafefe82841e07ae8d81ecb3","name":"Leonardo Francisco","image":{"@type":"ImageObject","inLanguage":"pt-BR","@id":"https:\/\/secure.gravatar.com\/avatar\/a7358cb406a99b682ec6df1e77e31ae82e63601f6784e8a3df411d72b37864da?s=96&d=mm&r=g","url":"https:\/\/secure.gravatar.com\/avatar\/a7358cb406a99b682ec6df1e77e31ae82e63601f6784e8a3df411d72b37864da?s=96&d=mm&r=g","contentUrl":"https:\/\/secure.gravatar.com\/avatar\/a7358cb406a99b682ec6df1e77e31ae82e63601f6784e8a3df411d72b37864da?s=96&d=mm&r=g","caption":"Leonardo Francisco"},"url":"https:\/\/redenoticiaz.com.br\/ribeiraopreto-regiao\/sp\/author\/leonardo-francisco"}]}},"_links":{"self":[{"href":"https:\/\/redenoticiaz.com.br\/ribeiraopreto-regiao\/wp-json\/wp\/v2\/posts\/4076","targetHints":{"allow":["GET"]}}],"collection":[{"href":"https:\/\/redenoticiaz.com.br\/ribeiraopreto-regiao\/wp-json\/wp\/v2\/posts"}],"about":[{"href":"https:\/\/redenoticiaz.com.br\/ribeiraopreto-regiao\/wp-json\/wp\/v2\/types\/post"}],"author":[{"embeddable":true,"href":"https:\/\/redenoticiaz.com.br\/ribeiraopreto-regiao\/wp-json\/wp\/v2\/users\/6"}],"replies":[{"embeddable":true,"href":"https:\/\/redenoticiaz.com.br\/ribeiraopreto-regiao\/wp-json\/wp\/v2\/comments?post=4076"}],"version-history":[{"count":0,"href":"https:\/\/redenoticiaz.com.br\/ribeiraopreto-regiao\/wp-json\/wp\/v2\/posts\/4076\/revisions"}],"wp:featuredmedia":[{"embeddable":true,"href":"https:\/\/redenoticiaz.com.br\/ribeiraopreto-regiao\/wp-json\/wp\/v2\/media\/4077"}],"wp:attachment":[{"href":"https:\/\/redenoticiaz.com.br\/ribeiraopreto-regiao\/wp-json\/wp\/v2\/media?parent=4076"}],"wp:term":[{"taxonomy":"category","embeddable":true,"href":"https:\/\/redenoticiaz.com.br\/ribeiraopreto-regiao\/wp-json\/wp\/v2\/categories?post=4076"},{"taxonomy":"post_tag","embeddable":true,"href":"https:\/\/redenoticiaz.com.br\/ribeiraopreto-regiao\/wp-json\/wp\/v2\/tags?post=4076"}],"curies":[{"name":"wp","href":"https:\/\/api.w.org\/{rel}","templated":true}]}}